{"id":51388,"date":"2023-06-29T05:05:29","date_gmt":"2023-06-29T12:05:29","guid":{"rendered":"https:\/\/fuentesfidedignas.com.mx\/?p=51388"},"modified":"2023-06-29T05:11:01","modified_gmt":"2023-06-29T12:11:01","slug":"enfrentamiento-armado-en-guachochi-deja-ocho-muertos7655","status":"publish","type":"post","link":"https:\/\/fuentesfidedignas.com.mx\/index.php\/2023\/06\/29\/enfrentamiento-armado-en-guachochi-deja-ocho-muertos7655\/","title":{"rendered":"Enfrentamiento armado en Guachochi deja ocho muertos"},"content":{"rendered":"\n<p><strong><em>Reportes no confirmados indicaron que en el sitio habr\u00eda muerto \u201cEl Chapo Cal\u00edn\u201d, sin que se haya corroborado dicha informaci\u00f3n<\/em><\/strong><\/p>\n\n\n\n<p>Chihuahua. En Chihuahua sucedi\u00f3 un enfrentamiento armado que dej\u00f3, seg\u00fan los reportes oficiales una saldo de\u00a0<strong>ocho muertos\u00a0<\/strong>y\u00a0<strong>dos veh\u00edculos calcinados<\/strong>, los hechos violentos sucedieron a las afueras de Guachochi, sitio al que llegaron efectivos de la Secretar\u00eda de la Defensa Nacional (Sedena), la Guardia Nacional y miembros de la Agencia Estatal de Investigaci\u00f3n (AEI).<\/p>\n\n\n\n<p>Los hechos sucedieron por la tarde del mi\u00e9rcoles 28 de junio, de manera espec\u00edfica en el camino de Piedra Agujerada y el Relleno Sanitario Municipal. Los veh\u00edculos que resultaron\u00a0<strong>calcinados\u00a0<\/strong>fueron una\u00a0<strong>Silverado<\/strong>\u00a0y una\u00a0<strong>Frontier\u00a0<\/strong>y cabe destacar que tres de los cuerpos fueron hallados calcinados.<\/p>\n\n\n\n<p>Es importante se\u00f1alar que diversos reportes extraoficiales indicaron que uno de los fallecidos ser\u00eda\u00a0<strong>Melquiades D. M.<\/strong>, tambi\u00e9n conocido con el alias<em><strong>\u00a0El Chapo Cal\u00edn<\/strong><\/em>\u00a0e identificado como presunto l\u00edder vinculado al\u00a0<strong>C\u00e1rtel de Sinaloa<\/strong>. Sin embargo, la muerte del presunto jefe criminal no ha sido confirmada.<\/p>\n\n\n\n<p><img decoding=\"async\" src=\"https:\/\/www-infobae-com.cdn.ampproject.org\/ii\/AW\/s\/www.infobae.com\/new-resizer\/141P7pZVZ1-qo_Ms-0HIuEj5TOk=\/800x600\/filters:format(webp):quality(85)\/cloudfront-us-east-1.images.arcpublishing.com\/infobae\/BKEES47HLBCIBGJRWFEHU2CBKY.jpg\" alt=\"Al lugar llegaron las autoridades e implementaron un despliegue \n(Foto: Twitter\/@Eco1_LVM)\">Al lugar llegaron las autoridades e implementaron un despliegue (Foto: Twitter\/@Eco1_LVM)<\/p>\n\n\n\n<p>Sobre los datos preliminares,&nbsp;<em>Infobae M\u00e9xico&nbsp;<\/em>trat\u00f3 de contactar tanto con&nbsp;<strong>autoridades&nbsp;<\/strong>de&nbsp;<strong>Chihuahua&nbsp;<\/strong>como con la Secretar\u00eda de la Defensa Nacional (<strong>Sedena<\/strong>), sin que hasta el momento se haya confirmado el fallecimiento de&nbsp;<em>El Chapo Cal\u00edn<\/em>, informaci\u00f3n que tambi\u00e9n a trascendido en diversos medios locales.<\/p>\n\n\n\n<p>Respecto al ataque armado, la Fiscal\u00eda de Chihuahua fue la instituci\u00f3n que inform\u00f3 los hechos a trav\u00e9s de un comunicado en el cual indic\u00f3 que adem\u00e1s de las unidades calcinadas: \u201cse tom\u00f3 nota adem\u00e1s de<strong>&nbsp;08 personas sin vida<\/strong>, tres de ellas calcinadas, as\u00ed como de una&nbsp;<strong>persona&nbsp;<\/strong>del sexo masculino&nbsp;<strong>lesionada<\/strong>, la cual fue trasladada para su atenci\u00f3n m\u00e9dica\u201d.<\/p>\n\n\n\n<p>Debido a lo anterior se realiz\u00f3 un\u00a0<strong>despliegue de oficiales<\/strong>\u00a0para mantener al seguridad en la zona. Mientras que los cuerpos fueron trasladados al Servicio M\u00e9dico Forense (Semefo).<\/p>\n\n\n\n<h2 class=\"wp-block-heading\">Qui\u00e9n es hombre que habr\u00eda muerto en Guachochi<\/h2>\n\n\n\n<p><img decoding=\"async\" src=\"\"><img decoding=\"async\" alt=\"El hombre es vinculado con el C\u00e1rtel de Sinaloa \n(Foto: Especial)\" src=\"https:\/\/www-infobae-com.cdn.ampproject.org\/ii\/AW\/s\/www.infobae.com\/new-resizer\/l6NqDfbPcUF0QbFNcAk-0IjrH_4=\/1920x1080\/filters:format(webp):quality(85)\/cloudfront-us-east-1.images.arcpublishing.com\/infobae\/BWBXQCQGCJDR7C37ZT2AJHHNCI.jpg\">El hombre es vinculado con el C\u00e1rtel de Sinaloa (Foto: Especial)<\/p>\n\n\n\n<p>Trascendi\u00f3 que uno de los hombres fallecidos ser\u00eda Melquiades D. M., alias&nbsp;<em>El Chapo Cal\u00edn<\/em>, quien es identificado como presunto<strong>&nbsp;l\u00edder del C\u00e1rtel de Sinaloa<\/strong>. Incluso, seg\u00fan reportes del medio&nbsp;<em>Milenio<\/em>, el enfrentamiento armado habr\u00eda sido entre c\u00e9lulas del grupo criminal mencionado.<\/p>\n\n\n\n<p>Fue en agosto de 2021 que se inform\u00f3 sobre el arresto de dicha persona, quien fue capturado por miembros del&nbsp;<strong>Ej\u00e9rcito&nbsp;<\/strong>luego de un cateo en&nbsp;<strong>Guachochi<\/strong>. En dicha ocasi\u00f3n se le identific\u00f3 como&nbsp;<a href=\"https:\/\/www.infobae.com\/america\/mexico\/2021\/08\/10\/detuvieron-al-chapo-calin-supuesto-cabecilla-del-cartel-de-sinaloa-en-chihuahua\/\" target=\"_blank\" rel=\"noreferrer noopener\"><strong>lugarteniente&nbsp;<\/strong><\/a>del tambi\u00e9n llamado&nbsp;<em>C\u00e1rtel del Pac\u00edfico<\/em>. Mientras que, seg\u00fan reportes de inteligencia,&nbsp;<em>El Chapo Cal\u00edn<\/em>&nbsp;sali\u00f3 de prisi\u00f3n en el a\u00f1o 2022.<\/p>\n\n\n\n<p>Otro de los alias con los que se le conoce es&nbsp;<em>El 13<\/em>&nbsp;y era buscado por la Fiscal\u00eda General de la Rep\u00fablica (<strong>FGR<\/strong>) por delitos de&nbsp;<strong>delincuencia organizada<\/strong>. De acuerdo con reportes de medios, el hombre naci\u00f3 el 14 de abril de 1974, en Ciudad Ju\u00e1rez y habr\u00eda establecido contacto con el crimen organizado a trav\u00e9s de la familia Salgueiro.<img decoding=\"async\" src=\"\"><img decoding=\"async\" alt=\"En otras acciones violentas, una iglesia qued\u00f3 con diversos impactos de bala \n(Foto: Twitter\/@LupitaJuarezH)\" srcset=\"https:\/\/www-infobae-com.cdn.ampproject.org\/ii\/w680\/s\/www.infobae.com\/new-resizer\/f8Ag17l3lU6IdK60eiUHwEGERJ4=\/680x453\/filters:format(webp):quality(85)\/cloudfront-us-east-1.images.arcpublishing.com\/infobae\/QZ7PNTOYTZBNRIKD2BEZFIQVTI.jpg 680w, https:\/\/www-infobae-com.cdn.ampproject.org\/ii\/w820\/s\/www.infobae.com\/new-resizer\/f8Ag17l3lU6IdK60eiUHwEGERJ4=\/680x453\/filters:format(webp):quality(85)\/cloudfront-us-east-1.images.arcpublishing.com\/infobae\/QZ7PNTOYTZBNRIKD2BEZFIQVTI.jpg 820w\" src=\"https:\/\/www-infobae-com.cdn.ampproject.org\/ii\/AW\/s\/www.infobae.com\/new-resizer\/f8Ag17l3lU6IdK60eiUHwEGERJ4=\/680x453\/filters:format(webp):quality(85)\/cloudfront-us-east-1.images.arcpublishing.com\/infobae\/QZ7PNTOYTZBNRIKD2BEZFIQVTI.jpg\">En otras acciones violentas, una iglesia qued\u00f3 con diversos impactos de bala (Foto: Twitter\/@LupitaJuarezH)<\/p>\n\n\n\n<p>Cabe destacar que el pasado 5 de junio fueron hallados dos cuerpos en Santa Anita, Guachochi, luego de que se registr\u00f3 una&nbsp;<strong>balacera<\/strong>&nbsp;a las afueras de una iglesia. En dicha ocasi\u00f3n, reportes de medios locales indicaron que se sospecha que&nbsp;<a href=\"https:\/\/www.infobae.com\/mexico\/2023\/06\/08\/que-grupo-criminal-estaria-detras-de-la-balacera-en-iglesia-de-guachochi-tendria-vinculos-con-el-cartel-de-sinaloa\/\" target=\"_blank\" rel=\"noreferrer noopener\"><strong>Los Salgueiro<\/strong><\/a>&nbsp;estar\u00edan presuntamente relacionados con los hechos violentos.<\/p>\n\n\n\n<p>Tras el ataque algunas familias habr\u00edan abandonado sus hogares debido al temor de que se desataran m\u00e1s acciones violentas. Ante esta situaci\u00f3n el fiscal general de la entidad,&nbsp;<strong>C\u00e9sar Gustavo J\u00e1uregui<\/strong>, dijo que no fueron muchas las familias que s\u00ed se fueron luego del ataque en la iglesia.<\/p>\n\n\n\n<p>Por su parte, el pasado 8 de junio, un&nbsp;<a href=\"https:\/\/www.infobae.com\/mexico\/2023\/06\/09\/obispo-pidio-a-miembros-de-grupos-criminales-que-rectifiquen-su-camino-tras-ataque-a-iglesia\/\" target=\"_blank\" rel=\"noreferrer noopener\"><strong>Obispo&nbsp;<\/strong><\/a>de Chihuahua pidi\u00f3 a las personas involucradas con los grupos delictivos que \u201crectifiquen su camino\u201d. Fue el&nbsp;<strong>obispo<\/strong>&nbsp;<strong>Juan Manuel Gonz\u00e1lez Sandoval<\/strong>&nbsp;el que firm\u00f3 un documento en el que record\u00f3 la muerte de dos sacerdotes y expres\u00f3 la indignaci\u00f3n derivada de los hechos violentos.<\/p>\n","protected":false},"excerpt":{"rendered":"<p>Reportes no confirmados indicaron que en el sitio habr\u00eda muerto \u201cEl Chapo Cal\u00edn\u201d, sin que se haya corroborado dicha informaci\u00f3n Chihuahua. En Chihuahua sucedi\u00f3 un enfrentamiento armado que dej\u00f3, seg\u00fan los reportes oficiales una saldo de\u00a0ocho muertos\u00a0y\u00a0dos veh\u00edculos calcinados, los hechos violentos sucedieron a las afueras de Guachochi, sitio al que llegaron efectivos de la [&hellip;]<\/p>\n","protected":false},"author":41,"featured_media":51390,"comment_status":"open","ping_status":"open","sticky":false,"template":"","format":"standard","meta":{"tdm_status":"","tdm_grid_status":"","footnotes":""},"categories":[39,1],"tags":[],"class_list":{"0":"post-51388","1":"post","2":"type-post","3":"status-publish","4":"format-standard","5":"has-post-thumbnail","7":"category-noticias-nacionales","8":"category-sin-categoria"},"yoast_head":"<!-- This site is optimized with the Yoast SEO plugin v27.4 - https:\/\/yoast.com\/product\/yoast-seo-wordpress\/ -->\n<title>Enfrentamiento armado en Guachochi deja ocho muertos - Fuentes Fidedignas<\/title>\n<meta name=\"robots\" content=\"index, follow, max-snippet:-1, max-image-preview:large, max-video-preview:-1\" \/>\n<link rel=\"canonical\" href=\"https:\/\/fuentesfidedignas.com.mx\/index.php\/2023\/06\/29\/enfrentamiento-armado-en-guachochi-deja-ocho-muertos7655\/\" \/>\n<meta property=\"og:locale\" content=\"es_MX\" \/>\n<meta property=\"og:type\" content=\"article\" \/>\n<meta property=\"og:title\" content=\"Enfrentamiento armado en Guachochi deja ocho muertos - Fuentes Fidedignas\" \/>\n<meta property=\"og:description\" content=\"Reportes no confirmados indicaron que en el sitio habr\u00eda muerto \u201cEl Chapo Cal\u00edn\u201d, sin que se haya corroborado dicha informaci\u00f3n Chihuahua. En Chihuahua sucedi\u00f3 un enfrentamiento armado que dej\u00f3, seg\u00fan los reportes oficiales una saldo de\u00a0ocho muertos\u00a0y\u00a0dos veh\u00edculos calcinados, los hechos violentos sucedieron a las afueras de Guachochi, sitio al que llegaron efectivos de la [&hellip;]\" \/>\n<meta property=\"og:url\" content=\"https:\/\/fuentesfidedignas.com.mx\/index.php\/2023\/06\/29\/enfrentamiento-armado-en-guachochi-deja-ocho-muertos7655\/\" \/>\n<meta property=\"og:site_name\" content=\"Fuentes Fidedignas\" \/>\n<meta property=\"article:publisher\" content=\"https:\/\/www.facebook.com\/Fuentes-Fidedignas-368234489921644\" \/>\n<meta property=\"article:published_time\" content=\"2023-06-29T12:05:29+00:00\" \/>\n<meta property=\"article:modified_time\" content=\"2023-06-29T12:11:01+00:00\" \/>\n<meta property=\"og:image\" content=\"https:\/\/fuentesfidedignas.com.mx\/wp-content\/uploads\/2023\/06\/NGWSQ2UA4RFXVLKSLRMNEFIFBU.jpg\" \/>\n\t<meta property=\"og:image:width\" content=\"1920\" \/>\n\t<meta property=\"og:image:height\" content=\"1440\" \/>\n\t<meta property=\"og:image:type\" content=\"image\/jpeg\" \/>\n<meta name=\"author\" content=\"Infobae\" \/>\n<meta name=\"twitter:card\" content=\"summary_large_image\" \/>\n<meta name=\"twitter:creator\" content=\"@fidedignas\" \/>\n<meta name=\"twitter:site\" content=\"@fidedignas\" \/>\n<meta name=\"twitter:label1\" content=\"Escrito por\" \/>\n\t<meta name=\"twitter:data1\" content=\"Infobae\" \/>\n\t<meta name=\"twitter:label2\" content=\"Tiempo de lectura\" \/>\n\t<meta name=\"twitter:data2\" content=\"5 minutos\" \/>\n<script type=\"application\/ld+json\" class=\"yoast-schema-graph\">{\"@context\":\"https:\\\/\\\/schema.org\",\"@graph\":[{\"@type\":\"Article\",\"@id\":\"https:\\\/\\\/fuentesfidedignas.com.mx\\\/index.php\\\/2023\\\/06\\\/29\\\/enfrentamiento-armado-en-guachochi-deja-ocho-muertos7655\\\/#article\",\"isPartOf\":{\"@id\":\"https:\\\/\\\/fuentesfidedignas.com.mx\\\/index.php\\\/2023\\\/06\\\/29\\\/enfrentamiento-armado-en-guachochi-deja-ocho-muertos7655\\\/\"},\"author\":{\"name\":\"Infobae\",\"@id\":\"https:\\\/\\\/fuentesfidedignas.com.mx\\\/#\\\/schema\\\/person\\\/8575896a7c1067d352f6c1cd6582c389\"},\"headline\":\"Enfrentamiento armado en Guachochi deja ocho muertos\",\"datePublished\":\"2023-06-29T12:05:29+00:00\",\"dateModified\":\"2023-06-29T12:11:01+00:00\",\"mainEntityOfPage\":{\"@id\":\"https:\\\/\\\/fuentesfidedignas.com.mx\\\/index.php\\\/2023\\\/06\\\/29\\\/enfrentamiento-armado-en-guachochi-deja-ocho-muertos7655\\\/\"},\"wordCount\":759,\"commentCount\":0,\"publisher\":{\"@id\":\"https:\\\/\\\/fuentesfidedignas.com.mx\\\/#organization\"},\"image\":{\"@id\":\"https:\\\/\\\/fuentesfidedignas.com.mx\\\/index.php\\\/2023\\\/06\\\/29\\\/enfrentamiento-armado-en-guachochi-deja-ocho-muertos7655\\\/#primaryimage\"},\"thumbnailUrl\":\"https:\\\/\\\/fuentesfidedignas.com.mx\\\/wp-content\\\/uploads\\\/2023\\\/06\\\/NGWSQ2UA4RFXVLKSLRMNEFIFBU.jpg\",\"articleSection\":[\"NOTICIAS NACIONALES\"],\"inLanguage\":\"es\",\"potentialAction\":[{\"@type\":\"CommentAction\",\"name\":\"Comment\",\"target\":[\"https:\\\/\\\/fuentesfidedignas.com.mx\\\/index.php\\\/2023\\\/06\\\/29\\\/enfrentamiento-armado-en-guachochi-deja-ocho-muertos7655\\\/#respond\"]}]},{\"@type\":\"WebPage\",\"@id\":\"https:\\\/\\\/fuentesfidedignas.com.mx\\\/index.php\\\/2023\\\/06\\\/29\\\/enfrentamiento-armado-en-guachochi-deja-ocho-muertos7655\\\/\",\"url\":\"https:\\\/\\\/fuentesfidedignas.com.mx\\\/index.php\\\/2023\\\/06\\\/29\\\/enfrentamiento-armado-en-guachochi-deja-ocho-muertos7655\\\/\",\"name\":\"Enfrentamiento armado en Guachochi deja ocho muertos - Fuentes Fidedignas\",\"isPartOf\":{\"@id\":\"https:\\\/\\\/fuentesfidedignas.com.mx\\\/#website\"},\"primaryImageOfPage\":{\"@id\":\"https:\\\/\\\/fuentesfidedignas.com.mx\\\/index.php\\\/2023\\\/06\\\/29\\\/enfrentamiento-armado-en-guachochi-deja-ocho-muertos7655\\\/#primaryimage\"},\"image\":{\"@id\":\"https:\\\/\\\/fuentesfidedignas.com.mx\\\/index.php\\\/2023\\\/06\\\/29\\\/enfrentamiento-armado-en-guachochi-deja-ocho-muertos7655\\\/#primaryimage\"},\"thumbnailUrl\":\"https:\\\/\\\/fuentesfidedignas.com.mx\\\/wp-content\\\/uploads\\\/2023\\\/06\\\/NGWSQ2UA4RFXVLKSLRMNEFIFBU.jpg\",\"datePublished\":\"2023-06-29T12:05:29+00:00\",\"dateModified\":\"2023-06-29T12:11:01+00:00\",\"breadcrumb\":{\"@id\":\"https:\\\/\\\/fuentesfidedignas.com.mx\\\/index.php\\\/2023\\\/06\\\/29\\\/enfrentamiento-armado-en-guachochi-deja-ocho-muertos7655\\\/#breadcrumb\"},\"inLanguage\":\"es\",\"potentialAction\":[{\"@type\":\"ReadAction\",\"target\":[\"https:\\\/\\\/fuentesfidedignas.com.mx\\\/index.php\\\/2023\\\/06\\\/29\\\/enfrentamiento-armado-en-guachochi-deja-ocho-muertos7655\\\/\"]}]},{\"@type\":\"ImageObject\",\"inLanguage\":\"es\",\"@id\":\"https:\\\/\\\/fuentesfidedignas.com.mx\\\/index.php\\\/2023\\\/06\\\/29\\\/enfrentamiento-armado-en-guachochi-deja-ocho-muertos7655\\\/#primaryimage\",\"url\":\"https:\\\/\\\/fuentesfidedignas.com.mx\\\/wp-content\\\/uploads\\\/2023\\\/06\\\/NGWSQ2UA4RFXVLKSLRMNEFIFBU.jpg\",\"contentUrl\":\"https:\\\/\\\/fuentesfidedignas.com.mx\\\/wp-content\\\/uploads\\\/2023\\\/06\\\/NGWSQ2UA4RFXVLKSLRMNEFIFBU.jpg\",\"width\":1920,\"height\":1440},{\"@type\":\"BreadcrumbList\",\"@id\":\"https:\\\/\\\/fuentesfidedignas.com.mx\\\/index.php\\\/2023\\\/06\\\/29\\\/enfrentamiento-armado-en-guachochi-deja-ocho-muertos7655\\\/#breadcrumb\",\"itemListElement\":[{\"@type\":\"ListItem\",\"position\":1,\"name\":\"Inicio\",\"item\":\"https:\\\/\\\/fuentesfidedignas.com.mx\\\/\"},{\"@type\":\"ListItem\",\"position\":2,\"name\":\"Enfrentamiento armado en Guachochi deja ocho muertos\"}]},{\"@type\":\"WebSite\",\"@id\":\"https:\\\/\\\/fuentesfidedignas.com.mx\\\/#website\",\"url\":\"https:\\\/\\\/fuentesfidedignas.com.mx\\\/\",\"name\":\"Fuentes Fidedignas\",\"description\":\"Otro sitio realizado con WordPress\",\"publisher\":{\"@id\":\"https:\\\/\\\/fuentesfidedignas.com.mx\\\/#organization\"},\"potentialAction\":[{\"@type\":\"SearchAction\",\"target\":{\"@type\":\"EntryPoint\",\"urlTemplate\":\"https:\\\/\\\/fuentesfidedignas.com.mx\\\/?s={search_term_string}\"},\"query-input\":{\"@type\":\"PropertyValueSpecification\",\"valueRequired\":true,\"valueName\":\"search_term_string\"}}],\"inLanguage\":\"es\"},{\"@type\":\"Organization\",\"@id\":\"https:\\\/\\\/fuentesfidedignas.com.mx\\\/#organization\",\"name\":\"Fuentes Fidedignas\",\"url\":\"https:\\\/\\\/fuentesfidedignas.com.mx\\\/\",\"logo\":{\"@type\":\"ImageObject\",\"inLanguage\":\"es\",\"@id\":\"https:\\\/\\\/fuentesfidedignas.com.mx\\\/#\\\/schema\\\/logo\\\/image\\\/\",\"url\":\"https:\\\/\\\/fuentesfidedignas.com.mx\\\/wp-content\\\/uploads\\\/2021\\\/04\\\/logo-retina.png\",\"contentUrl\":\"https:\\\/\\\/fuentesfidedignas.com.mx\\\/wp-content\\\/uploads\\\/2021\\\/04\\\/logo-retina.png\",\"width\":280,\"height\":51,\"caption\":\"Fuentes Fidedignas\"},\"image\":{\"@id\":\"https:\\\/\\\/fuentesfidedignas.com.mx\\\/#\\\/schema\\\/logo\\\/image\\\/\"},\"sameAs\":[\"https:\\\/\\\/www.facebook.com\\\/Fuentes-Fidedignas-368234489921644\",\"https:\\\/\\\/x.com\\\/fidedignas\"]},{\"@type\":\"Person\",\"@id\":\"https:\\\/\\\/fuentesfidedignas.com.mx\\\/#\\\/schema\\\/person\\\/8575896a7c1067d352f6c1cd6582c389\",\"name\":\"Infobae\",\"image\":{\"@type\":\"ImageObject\",\"inLanguage\":\"es\",\"@id\":\"https:\\\/\\\/secure.gravatar.com\\\/avatar\\\/e4ec95706f8d1670343f6526fdcec45474bab17475a851434a64ca12b5acba1c?s=96&d=mm&r=g\",\"url\":\"https:\\\/\\\/secure.gravatar.com\\\/avatar\\\/e4ec95706f8d1670343f6526fdcec45474bab17475a851434a64ca12b5acba1c?s=96&d=mm&r=g\",\"contentUrl\":\"https:\\\/\\\/secure.gravatar.com\\\/avatar\\\/e4ec95706f8d1670343f6526fdcec45474bab17475a851434a64ca12b5acba1c?s=96&d=mm&r=g\",\"caption\":\"Infobae\"},\"url\":\"https:\\\/\\\/fuentesfidedignas.com.mx\\\/index.php\\\/author\\\/infobae\\\/\"}]}<\/script>\n<!-- \/ Yoast SEO plugin. -->","yoast_head_json":{"title":"Enfrentamiento armado en Guachochi deja ocho muertos - Fuentes Fidedignas","robots":{"index":"index","follow":"follow","max-snippet":"max-snippet:-1","max-image-preview":"max-image-preview:large","max-video-preview":"max-video-preview:-1"},"canonical":"https:\/\/fuentesfidedignas.com.mx\/index.php\/2023\/06\/29\/enfrentamiento-armado-en-guachochi-deja-ocho-muertos7655\/","og_locale":"es_MX","og_type":"article","og_title":"Enfrentamiento armado en Guachochi deja ocho muertos - Fuentes Fidedignas","og_description":"Reportes no confirmados indicaron que en el sitio habr\u00eda muerto \u201cEl Chapo Cal\u00edn\u201d, sin que se haya corroborado dicha informaci\u00f3n Chihuahua. En Chihuahua sucedi\u00f3 un enfrentamiento armado que dej\u00f3, seg\u00fan los reportes oficiales una saldo de\u00a0ocho muertos\u00a0y\u00a0dos veh\u00edculos calcinados, los hechos violentos sucedieron a las afueras de Guachochi, sitio al que llegaron efectivos de la [&hellip;]","og_url":"https:\/\/fuentesfidedignas.com.mx\/index.php\/2023\/06\/29\/enfrentamiento-armado-en-guachochi-deja-ocho-muertos7655\/","og_site_name":"Fuentes Fidedignas","article_publisher":"https:\/\/www.facebook.com\/Fuentes-Fidedignas-368234489921644","article_published_time":"2023-06-29T12:05:29+00:00","article_modified_time":"2023-06-29T12:11:01+00:00","og_image":[{"width":1920,"height":1440,"url":"https:\/\/fuentesfidedignas.com.mx\/wp-content\/uploads\/2023\/06\/NGWSQ2UA4RFXVLKSLRMNEFIFBU.jpg","type":"image\/jpeg"}],"author":"Infobae","twitter_card":"summary_large_image","twitter_creator":"@fidedignas","twitter_site":"@fidedignas","twitter_misc":{"Escrito por":"Infobae","Tiempo de lectura":"5 minutos"},"schema":{"@context":"https:\/\/schema.org","@graph":[{"@type":"Article","@id":"https:\/\/fuentesfidedignas.com.mx\/index.php\/2023\/06\/29\/enfrentamiento-armado-en-guachochi-deja-ocho-muertos7655\/#article","isPartOf":{"@id":"https:\/\/fuentesfidedignas.com.mx\/index.php\/2023\/06\/29\/enfrentamiento-armado-en-guachochi-deja-ocho-muertos7655\/"},"author":{"name":"Infobae","@id":"https:\/\/fuentesfidedignas.com.mx\/#\/schema\/person\/8575896a7c1067d352f6c1cd6582c389"},"headline":"Enfrentamiento armado en Guachochi deja ocho muertos","datePublished":"2023-06-29T12:05:29+00:00","dateModified":"2023-06-29T12:11:01+00:00","mainEntityOfPage":{"@id":"https:\/\/fuentesfidedignas.com.mx\/index.php\/2023\/06\/29\/enfrentamiento-armado-en-guachochi-deja-ocho-muertos7655\/"},"wordCount":759,"commentCount":0,"publisher":{"@id":"https:\/\/fuentesfidedignas.com.mx\/#organization"},"image":{"@id":"https:\/\/fuentesfidedignas.com.mx\/index.php\/2023\/06\/29\/enfrentamiento-armado-en-guachochi-deja-ocho-muertos7655\/#primaryimage"},"thumbnailUrl":"https:\/\/fuentesfidedignas.com.mx\/wp-content\/uploads\/2023\/06\/NGWSQ2UA4RFXVLKSLRMNEFIFBU.jpg","articleSection":["NOTICIAS NACIONALES"],"inLanguage":"es","potentialAction":[{"@type":"CommentAction","name":"Comment","target":["https:\/\/fuentesfidedignas.com.mx\/index.php\/2023\/06\/29\/enfrentamiento-armado-en-guachochi-deja-ocho-muertos7655\/#respond"]}]},{"@type":"WebPage","@id":"https:\/\/fuentesfidedignas.com.mx\/index.php\/2023\/06\/29\/enfrentamiento-armado-en-guachochi-deja-ocho-muertos7655\/","url":"https:\/\/fuentesfidedignas.com.mx\/index.php\/2023\/06\/29\/enfrentamiento-armado-en-guachochi-deja-ocho-muertos7655\/","name":"Enfrentamiento armado en Guachochi deja ocho muertos - Fuentes Fidedignas","isPartOf":{"@id":"https:\/\/fuentesfidedignas.com.mx\/#website"},"primaryImageOfPage":{"@id":"https:\/\/fuentesfidedignas.com.mx\/index.php\/2023\/06\/29\/enfrentamiento-armado-en-guachochi-deja-ocho-muertos7655\/#primaryimage"},"image":{"@id":"https:\/\/fuentesfidedignas.com.mx\/index.php\/2023\/06\/29\/enfrentamiento-armado-en-guachochi-deja-ocho-muertos7655\/#primaryimage"},"thumbnailUrl":"https:\/\/fuentesfidedignas.com.mx\/wp-content\/uploads\/2023\/06\/NGWSQ2UA4RFXVLKSLRMNEFIFBU.jpg","datePublished":"2023-06-29T12:05:29+00:00","dateModified":"2023-06-29T12:11:01+00:00","breadcrumb":{"@id":"https:\/\/fuentesfidedignas.com.mx\/index.php\/2023\/06\/29\/enfrentamiento-armado-en-guachochi-deja-ocho-muertos7655\/#breadcrumb"},"inLanguage":"es","potentialAction":[{"@type":"ReadAction","target":["https:\/\/fuentesfidedignas.com.mx\/index.php\/2023\/06\/29\/enfrentamiento-armado-en-guachochi-deja-ocho-muertos7655\/"]}]},{"@type":"ImageObject","inLanguage":"es","@id":"https:\/\/fuentesfidedignas.com.mx\/index.php\/2023\/06\/29\/enfrentamiento-armado-en-guachochi-deja-ocho-muertos7655\/#primaryimage","url":"https:\/\/fuentesfidedignas.com.mx\/wp-content\/uploads\/2023\/06\/NGWSQ2UA4RFXVLKSLRMNEFIFBU.jpg","contentUrl":"https:\/\/fuentesfidedignas.com.mx\/wp-content\/uploads\/2023\/06\/NGWSQ2UA4RFXVLKSLRMNEFIFBU.jpg","width":1920,"height":1440},{"@type":"BreadcrumbList","@id":"https:\/\/fuentesfidedignas.com.mx\/index.php\/2023\/06\/29\/enfrentamiento-armado-en-guachochi-deja-ocho-muertos7655\/#breadcrumb","itemListElement":[{"@type":"ListItem","position":1,"name":"Inicio","item":"https:\/\/fuentesfidedignas.com.mx\/"},{"@type":"ListItem","position":2,"name":"Enfrentamiento armado en Guachochi deja ocho muertos"}]},{"@type":"WebSite","@id":"https:\/\/fuentesfidedignas.com.mx\/#website","url":"https:\/\/fuentesfidedignas.com.mx\/","name":"Fuentes Fidedignas","description":"Otro sitio realizado con WordPress","publisher":{"@id":"https:\/\/fuentesfidedignas.com.mx\/#organization"},"potentialAction":[{"@type":"SearchAction","target":{"@type":"EntryPoint","urlTemplate":"https:\/\/fuentesfidedignas.com.mx\/?s={search_term_string}"},"query-input":{"@type":"PropertyValueSpecification","valueRequired":true,"valueName":"search_term_string"}}],"inLanguage":"es"},{"@type":"Organization","@id":"https:\/\/fuentesfidedignas.com.mx\/#organization","name":"Fuentes Fidedignas","url":"https:\/\/fuentesfidedignas.com.mx\/","logo":{"@type":"ImageObject","inLanguage":"es","@id":"https:\/\/fuentesfidedignas.com.mx\/#\/schema\/logo\/image\/","url":"https:\/\/fuentesfidedignas.com.mx\/wp-content\/uploads\/2021\/04\/logo-retina.png","contentUrl":"https:\/\/fuentesfidedignas.com.mx\/wp-content\/uploads\/2021\/04\/logo-retina.png","width":280,"height":51,"caption":"Fuentes Fidedignas"},"image":{"@id":"https:\/\/fuentesfidedignas.com.mx\/#\/schema\/logo\/image\/"},"sameAs":["https:\/\/www.facebook.com\/Fuentes-Fidedignas-368234489921644","https:\/\/x.com\/fidedignas"]},{"@type":"Person","@id":"https:\/\/fuentesfidedignas.com.mx\/#\/schema\/person\/8575896a7c1067d352f6c1cd6582c389","name":"Infobae","image":{"@type":"ImageObject","inLanguage":"es","@id":"https:\/\/secure.gravatar.com\/avatar\/e4ec95706f8d1670343f6526fdcec45474bab17475a851434a64ca12b5acba1c?s=96&d=mm&r=g","url":"https:\/\/secure.gravatar.com\/avatar\/e4ec95706f8d1670343f6526fdcec45474bab17475a851434a64ca12b5acba1c?s=96&d=mm&r=g","contentUrl":"https:\/\/secure.gravatar.com\/avatar\/e4ec95706f8d1670343f6526fdcec45474bab17475a851434a64ca12b5acba1c?s=96&d=mm&r=g","caption":"Infobae"},"url":"https:\/\/fuentesfidedignas.com.mx\/index.php\/author\/infobae\/"}]}},"_links":{"self":[{"href":"https:\/\/fuentesfidedignas.com.mx\/index.php\/wp-json\/wp\/v2\/posts\/51388","targetHints":{"allow":["GET"]}}],"collection":[{"href":"https:\/\/fuentesfidedignas.com.mx\/index.php\/wp-json\/wp\/v2\/posts"}],"about":[{"href":"https:\/\/fuentesfidedignas.com.mx\/index.php\/wp-json\/wp\/v2\/types\/post"}],"author":[{"embeddable":true,"href":"https:\/\/fuentesfidedignas.com.mx\/index.php\/wp-json\/wp\/v2\/users\/41"}],"replies":[{"embeddable":true,"href":"https:\/\/fuentesfidedignas.com.mx\/index.php\/wp-json\/wp\/v2\/comments?post=51388"}],"version-history":[{"count":1,"href":"https:\/\/fuentesfidedignas.com.mx\/index.php\/wp-json\/wp\/v2\/posts\/51388\/revisions"}],"predecessor-version":[{"id":51389,"href":"https:\/\/fuentesfidedignas.com.mx\/index.php\/wp-json\/wp\/v2\/posts\/51388\/revisions\/51389"}],"wp:featuredmedia":[{"embeddable":true,"href":"https:\/\/fuentesfidedignas.com.mx\/index.php\/wp-json\/wp\/v2\/media\/51390"}],"wp:attachment":[{"href":"https:\/\/fuentesfidedignas.com.mx\/index.php\/wp-json\/wp\/v2\/media?parent=51388"}],"wp:term":[{"taxonomy":"category","embeddable":true,"href":"https:\/\/fuentesfidedignas.com.mx\/index.php\/wp-json\/wp\/v2\/categories?post=51388"},{"taxonomy":"post_tag","embeddable":true,"href":"https:\/\/fuentesfidedignas.com.mx\/index.php\/wp-json\/wp\/v2\/tags?post=51388"}],"curies":[{"name":"wp","href":"https:\/\/api.w.org\/{rel}","templated":true}]}}