{"id":51347,"date":"2023-06-28T13:26:56","date_gmt":"2023-06-28T20:26:56","guid":{"rendered":"https:\/\/fuentesfidedignas.com.mx\/?p=51347"},"modified":"2023-06-28T14:27:24","modified_gmt":"2023-06-28T21:27:24","slug":"amlo-queria-que-tocara-para-el-y-hasta-pregunto-cuanto-cobraba-natanael-cano","status":"publish","type":"post","link":"https:\/\/fuentesfidedignas.com.mx\/index.php\/2023\/06\/28\/amlo-queria-que-tocara-para-el-y-hasta-pregunto-cuanto-cobraba-natanael-cano\/","title":{"rendered":"AMLO quer\u00eda que tocara para \u00e9l y hasta pregunt\u00f3 cu\u00e1nto cobraba: Natanael Cano"},"content":{"rendered":"\n<p><strong><em>Natanael Cano revel\u00f3 que hace tiempo L\u00f3pez Obrador lo busc\u00f3 para preguntarle el precio de sus conciertos.<\/em><\/strong><\/p>\n\n\n\n<p>Ciudad de M\u00e9xico.- El cantante de corridos tumbados, Natanael Cano, respondi\u00f3 a las cr\u00edticas que lanz\u00f3 el presidente Andr\u00e9s Manuel L\u00f3pez Obrador respecto al contenido de su m\u00fasica al acusar que enaltecen al crimen organizado y el consumo de drogas.<\/p>\n\n\n\n<p>En entrevista con el peri\u00f3dico El Universal, el cantante neg\u00f3 que la intenci\u00f3n de sus letras sean enaltecer a los capos de la droga e incluso el consumo de esta sustancias, no obstante, justific\u00f3 que es la \u00e9poca en la que le toc\u00f3 vivir y no tiene problema en plasmarlos en sus canciones.<\/p>\n\n\n\n<p>Incluso, Natanael Cano revel\u00f3 que hace tiempo el mandatario federal lo busc\u00f3 para preguntarle el precio de sus conciertos a lo que \u00e9l respondi\u00f3 que por ser para \u00e9l, lo har\u00eda gratis.<\/p>\n\n\n\n<p>\u201cTuve una oferta del presidente, quer\u00eda que le cantara, que cu\u00e1nto cobraba; le dije que yo lo hac\u00eda gratis para \u00e9l, y ah\u00ed se qued\u00f3 la pl\u00e1tica.<\/p>\n\n\n\n<p>\u201cAhora que hablo de los tumbados, precisamente en este disco \u2014Nata Montana, que reci\u00e9n estrenar\u00e1\u2014, viene un tema medio sensible, espero que de ese tambi\u00e9n hable, a ver\u201d, apunt\u00f3.<\/p>\n\n\n\n<p>Hace unos d\u00edas, L\u00f3pez Obrador carg\u00f3 contra los representantes de los corridos tumbados, como Peso Pluma y Natanael Cano, al se\u00f1alar que no se puede enaltecer la figura de los narcotraficantes y mucho menos alentar el consumo de drogas por lo que pidi\u00f3 a los j\u00f3venes razonar qui\u00e9n financia estas canciones\u201d.<\/p>\n\n\n\n<p>Aunque aclar\u00f3 que su gobierno no est\u00e1 a favor de la censura, manifest\u00f3 que la postura de su administraci\u00f3n ser\u00e1 intensificar la campa\u00f1a preventiva contra el consumo de fentanilo, sobre todo en algunas regiones del pa\u00eds donde hay consumo como en la frontera con Estados Unidos y Guanajuato.<\/p>\n\n\n\n<p>\u201cY que tienen un arma calibre 50, y que son sus \u00eddolos los narcos m\u00e1s famosos, y ese tipo de corridos, con esas letras. Yo soy muy precavido y siempre pregunto \u2018y de parte de qui\u00e9n\u2019, \u00bfqui\u00e9nes promueven eso? Porque tambi\u00e9n nosotros estamos haciendo una campa\u00f1a para orientar a los j\u00f3venes de que ese camino conduce al sufrimiento\u201d, cuestion\u00f3 entonces.<\/p>\n","protected":false},"excerpt":{"rendered":"<p>Natanael Cano revel\u00f3 que hace tiempo L\u00f3pez Obrador lo busc\u00f3 para preguntarle el precio de sus conciertos. Ciudad de M\u00e9xico.- El cantante de corridos tumbados, Natanael Cano, respondi\u00f3 a las cr\u00edticas que lanz\u00f3 el presidente Andr\u00e9s Manuel L\u00f3pez Obrador respecto al contenido de su m\u00fasica al acusar que enaltecen al crimen organizado y el consumo [&hellip;]<\/p>\n","protected":false},"author":5,"featured_media":51348,"comment_status":"open","ping_status":"open","sticky":false,"template":"","format":"standard","meta":{"tdm_status":"","tdm_grid_status":"","footnotes":""},"categories":[39],"tags":[],"class_list":{"0":"post-51347","1":"post","2":"type-post","3":"status-publish","4":"format-standard","5":"has-post-thumbnail","7":"category-noticias-nacionales"},"yoast_head":"<!-- This site is optimized with the Yoast SEO plugin v27.4 - https:\/\/yoast.com\/product\/yoast-seo-wordpress\/ -->\n<title>AMLO quer\u00eda que tocara para \u00e9l y hasta pregunt\u00f3 cu\u00e1nto cobraba: Natanael Cano - Fuentes Fidedignas<\/title>\n<meta name=\"robots\" content=\"index, follow, max-snippet:-1, max-image-preview:large, max-video-preview:-1\" \/>\n<link rel=\"canonical\" href=\"https:\/\/fuentesfidedignas.com.mx\/index.php\/2023\/06\/28\/amlo-queria-que-tocara-para-el-y-hasta-pregunto-cuanto-cobraba-natanael-cano\/\" \/>\n<meta property=\"og:locale\" content=\"es_MX\" \/>\n<meta property=\"og:type\" content=\"article\" \/>\n<meta property=\"og:title\" content=\"AMLO quer\u00eda que tocara para \u00e9l y hasta pregunt\u00f3 cu\u00e1nto cobraba: Natanael Cano - Fuentes Fidedignas\" \/>\n<meta property=\"og:description\" content=\"Natanael Cano revel\u00f3 que hace tiempo L\u00f3pez Obrador lo busc\u00f3 para preguntarle el precio de sus conciertos. Ciudad de M\u00e9xico.- El cantante de corridos tumbados, Natanael Cano, respondi\u00f3 a las cr\u00edticas que lanz\u00f3 el presidente Andr\u00e9s Manuel L\u00f3pez Obrador respecto al contenido de su m\u00fasica al acusar que enaltecen al crimen organizado y el consumo [&hellip;]\" \/>\n<meta property=\"og:url\" content=\"https:\/\/fuentesfidedignas.com.mx\/index.php\/2023\/06\/28\/amlo-queria-que-tocara-para-el-y-hasta-pregunto-cuanto-cobraba-natanael-cano\/\" \/>\n<meta property=\"og:site_name\" content=\"Fuentes Fidedignas\" \/>\n<meta property=\"article:publisher\" content=\"https:\/\/www.facebook.com\/Fuentes-Fidedignas-368234489921644\" \/>\n<meta property=\"article:published_time\" content=\"2023-06-28T20:26:56+00:00\" \/>\n<meta property=\"article:modified_time\" content=\"2023-06-28T21:27:24+00:00\" \/>\n<meta property=\"og:image\" content=\"https:\/\/fuentesfidedignas.com.mx\/wp-content\/uploads\/2023\/06\/NATANAEL_CANO.jpg\" \/>\n\t<meta property=\"og:image:width\" content=\"850\" \/>\n\t<meta property=\"og:image:height\" content=\"476\" \/>\n\t<meta property=\"og:image:type\" content=\"image\/jpeg\" \/>\n<meta name=\"author\" content=\"Forbes\" \/>\n<meta name=\"twitter:card\" content=\"summary_large_image\" \/>\n<meta name=\"twitter:creator\" content=\"@fidedignas\" \/>\n<meta name=\"twitter:site\" content=\"@fidedignas\" \/>\n<meta name=\"twitter:label1\" content=\"Escrito por\" \/>\n\t<meta name=\"twitter:data1\" content=\"Forbes\" \/>\n\t<meta name=\"twitter:label2\" content=\"Tiempo de lectura\" \/>\n\t<meta name=\"twitter:data2\" content=\"2 minutos\" \/>\n<script type=\"application\/ld+json\" class=\"yoast-schema-graph\">{\"@context\":\"https:\\\/\\\/schema.org\",\"@graph\":[{\"@type\":\"Article\",\"@id\":\"https:\\\/\\\/fuentesfidedignas.com.mx\\\/index.php\\\/2023\\\/06\\\/28\\\/amlo-queria-que-tocara-para-el-y-hasta-pregunto-cuanto-cobraba-natanael-cano\\\/#article\",\"isPartOf\":{\"@id\":\"https:\\\/\\\/fuentesfidedignas.com.mx\\\/index.php\\\/2023\\\/06\\\/28\\\/amlo-queria-que-tocara-para-el-y-hasta-pregunto-cuanto-cobraba-natanael-cano\\\/\"},\"author\":{\"name\":\"Forbes\",\"@id\":\"https:\\\/\\\/fuentesfidedignas.com.mx\\\/#\\\/schema\\\/person\\\/5623d53fe2e579d825b1679734abcc44\"},\"headline\":\"AMLO quer\u00eda que tocara para \u00e9l y hasta pregunt\u00f3 cu\u00e1nto cobraba: Natanael Cano\",\"datePublished\":\"2023-06-28T20:26:56+00:00\",\"dateModified\":\"2023-06-28T21:27:24+00:00\",\"mainEntityOfPage\":{\"@id\":\"https:\\\/\\\/fuentesfidedignas.com.mx\\\/index.php\\\/2023\\\/06\\\/28\\\/amlo-queria-que-tocara-para-el-y-hasta-pregunto-cuanto-cobraba-natanael-cano\\\/\"},\"wordCount\":401,\"commentCount\":0,\"publisher\":{\"@id\":\"https:\\\/\\\/fuentesfidedignas.com.mx\\\/#organization\"},\"image\":{\"@id\":\"https:\\\/\\\/fuentesfidedignas.com.mx\\\/index.php\\\/2023\\\/06\\\/28\\\/amlo-queria-que-tocara-para-el-y-hasta-pregunto-cuanto-cobraba-natanael-cano\\\/#primaryimage\"},\"thumbnailUrl\":\"https:\\\/\\\/fuentesfidedignas.com.mx\\\/wp-content\\\/uploads\\\/2023\\\/06\\\/NATANAEL_CANO.jpg\",\"articleSection\":[\"NOTICIAS NACIONALES\"],\"inLanguage\":\"es\",\"potentialAction\":[{\"@type\":\"CommentAction\",\"name\":\"Comment\",\"target\":[\"https:\\\/\\\/fuentesfidedignas.com.mx\\\/index.php\\\/2023\\\/06\\\/28\\\/amlo-queria-que-tocara-para-el-y-hasta-pregunto-cuanto-cobraba-natanael-cano\\\/#respond\"]}]},{\"@type\":\"WebPage\",\"@id\":\"https:\\\/\\\/fuentesfidedignas.com.mx\\\/index.php\\\/2023\\\/06\\\/28\\\/amlo-queria-que-tocara-para-el-y-hasta-pregunto-cuanto-cobraba-natanael-cano\\\/\",\"url\":\"https:\\\/\\\/fuentesfidedignas.com.mx\\\/index.php\\\/2023\\\/06\\\/28\\\/amlo-queria-que-tocara-para-el-y-hasta-pregunto-cuanto-cobraba-natanael-cano\\\/\",\"name\":\"AMLO quer\u00eda que tocara para \u00e9l y hasta pregunt\u00f3 cu\u00e1nto cobraba: Natanael Cano - Fuentes Fidedignas\",\"isPartOf\":{\"@id\":\"https:\\\/\\\/fuentesfidedignas.com.mx\\\/#website\"},\"primaryImageOfPage\":{\"@id\":\"https:\\\/\\\/fuentesfidedignas.com.mx\\\/index.php\\\/2023\\\/06\\\/28\\\/amlo-queria-que-tocara-para-el-y-hasta-pregunto-cuanto-cobraba-natanael-cano\\\/#primaryimage\"},\"image\":{\"@id\":\"https:\\\/\\\/fuentesfidedignas.com.mx\\\/index.php\\\/2023\\\/06\\\/28\\\/amlo-queria-que-tocara-para-el-y-hasta-pregunto-cuanto-cobraba-natanael-cano\\\/#primaryimage\"},\"thumbnailUrl\":\"https:\\\/\\\/fuentesfidedignas.com.mx\\\/wp-content\\\/uploads\\\/2023\\\/06\\\/NATANAEL_CANO.jpg\",\"datePublished\":\"2023-06-28T20:26:56+00:00\",\"dateModified\":\"2023-06-28T21:27:24+00:00\",\"breadcrumb\":{\"@id\":\"https:\\\/\\\/fuentesfidedignas.com.mx\\\/index.php\\\/2023\\\/06\\\/28\\\/amlo-queria-que-tocara-para-el-y-hasta-pregunto-cuanto-cobraba-natanael-cano\\\/#breadcrumb\"},\"inLanguage\":\"es\",\"potentialAction\":[{\"@type\":\"ReadAction\",\"target\":[\"https:\\\/\\\/fuentesfidedignas.com.mx\\\/index.php\\\/2023\\\/06\\\/28\\\/amlo-queria-que-tocara-para-el-y-hasta-pregunto-cuanto-cobraba-natanael-cano\\\/\"]}]},{\"@type\":\"ImageObject\",\"inLanguage\":\"es\",\"@id\":\"https:\\\/\\\/fuentesfidedignas.com.mx\\\/index.php\\\/2023\\\/06\\\/28\\\/amlo-queria-que-tocara-para-el-y-hasta-pregunto-cuanto-cobraba-natanael-cano\\\/#primaryimage\",\"url\":\"https:\\\/\\\/fuentesfidedignas.com.mx\\\/wp-content\\\/uploads\\\/2023\\\/06\\\/NATANAEL_CANO.jpg\",\"contentUrl\":\"https:\\\/\\\/fuentesfidedignas.com.mx\\\/wp-content\\\/uploads\\\/2023\\\/06\\\/NATANAEL_CANO.jpg\",\"width\":850,\"height\":476},{\"@type\":\"BreadcrumbList\",\"@id\":\"https:\\\/\\\/fuentesfidedignas.com.mx\\\/index.php\\\/2023\\\/06\\\/28\\\/amlo-queria-que-tocara-para-el-y-hasta-pregunto-cuanto-cobraba-natanael-cano\\\/#breadcrumb\",\"itemListElement\":[{\"@type\":\"ListItem\",\"position\":1,\"name\":\"Inicio\",\"item\":\"https:\\\/\\\/fuentesfidedignas.com.mx\\\/\"},{\"@type\":\"ListItem\",\"position\":2,\"name\":\"AMLO quer\u00eda que tocara para \u00e9l y hasta pregunt\u00f3 cu\u00e1nto cobraba: Natanael Cano\"}]},{\"@type\":\"WebSite\",\"@id\":\"https:\\\/\\\/fuentesfidedignas.com.mx\\\/#website\",\"url\":\"https:\\\/\\\/fuentesfidedignas.com.mx\\\/\",\"name\":\"Fuentes Fidedignas\",\"description\":\"Otro sitio realizado con WordPress\",\"publisher\":{\"@id\":\"https:\\\/\\\/fuentesfidedignas.com.mx\\\/#organization\"},\"potentialAction\":[{\"@type\":\"SearchAction\",\"target\":{\"@type\":\"EntryPoint\",\"urlTemplate\":\"https:\\\/\\\/fuentesfidedignas.com.mx\\\/?s={search_term_string}\"},\"query-input\":{\"@type\":\"PropertyValueSpecification\",\"valueRequired\":true,\"valueName\":\"search_term_string\"}}],\"inLanguage\":\"es\"},{\"@type\":\"Organization\",\"@id\":\"https:\\\/\\\/fuentesfidedignas.com.mx\\\/#organization\",\"name\":\"Fuentes Fidedignas\",\"url\":\"https:\\\/\\\/fuentesfidedignas.com.mx\\\/\",\"logo\":{\"@type\":\"ImageObject\",\"inLanguage\":\"es\",\"@id\":\"https:\\\/\\\/fuentesfidedignas.com.mx\\\/#\\\/schema\\\/logo\\\/image\\\/\",\"url\":\"https:\\\/\\\/fuentesfidedignas.com.mx\\\/wp-content\\\/uploads\\\/2021\\\/04\\\/logo-retina.png\",\"contentUrl\":\"https:\\\/\\\/fuentesfidedignas.com.mx\\\/wp-content\\\/uploads\\\/2021\\\/04\\\/logo-retina.png\",\"width\":280,\"height\":51,\"caption\":\"Fuentes Fidedignas\"},\"image\":{\"@id\":\"https:\\\/\\\/fuentesfidedignas.com.mx\\\/#\\\/schema\\\/logo\\\/image\\\/\"},\"sameAs\":[\"https:\\\/\\\/www.facebook.com\\\/Fuentes-Fidedignas-368234489921644\",\"https:\\\/\\\/x.com\\\/fidedignas\"]},{\"@type\":\"Person\",\"@id\":\"https:\\\/\\\/fuentesfidedignas.com.mx\\\/#\\\/schema\\\/person\\\/5623d53fe2e579d825b1679734abcc44\",\"name\":\"Forbes\",\"image\":{\"@type\":\"ImageObject\",\"inLanguage\":\"es\",\"@id\":\"https:\\\/\\\/secure.gravatar.com\\\/avatar\\\/87ce3dd4e41e60c22a79c758614f01a6bc2469255fc936ec7b15efb9bb5cb66f?s=96&d=mm&r=g\",\"url\":\"https:\\\/\\\/secure.gravatar.com\\\/avatar\\\/87ce3dd4e41e60c22a79c758614f01a6bc2469255fc936ec7b15efb9bb5cb66f?s=96&d=mm&r=g\",\"contentUrl\":\"https:\\\/\\\/secure.gravatar.com\\\/avatar\\\/87ce3dd4e41e60c22a79c758614f01a6bc2469255fc936ec7b15efb9bb5cb66f?s=96&d=mm&r=g\",\"caption\":\"Forbes\"},\"url\":\"https:\\\/\\\/fuentesfidedignas.com.mx\\\/index.php\\\/author\\\/forbes\\\/\"}]}<\/script>\n<!-- \/ Yoast SEO plugin. -->","yoast_head_json":{"title":"AMLO quer\u00eda que tocara para \u00e9l y hasta pregunt\u00f3 cu\u00e1nto cobraba: Natanael Cano - Fuentes Fidedignas","robots":{"index":"index","follow":"follow","max-snippet":"max-snippet:-1","max-image-preview":"max-image-preview:large","max-video-preview":"max-video-preview:-1"},"canonical":"https:\/\/fuentesfidedignas.com.mx\/index.php\/2023\/06\/28\/amlo-queria-que-tocara-para-el-y-hasta-pregunto-cuanto-cobraba-natanael-cano\/","og_locale":"es_MX","og_type":"article","og_title":"AMLO quer\u00eda que tocara para \u00e9l y hasta pregunt\u00f3 cu\u00e1nto cobraba: Natanael Cano - Fuentes Fidedignas","og_description":"Natanael Cano revel\u00f3 que hace tiempo L\u00f3pez Obrador lo busc\u00f3 para preguntarle el precio de sus conciertos. Ciudad de M\u00e9xico.- El cantante de corridos tumbados, Natanael Cano, respondi\u00f3 a las cr\u00edticas que lanz\u00f3 el presidente Andr\u00e9s Manuel L\u00f3pez Obrador respecto al contenido de su m\u00fasica al acusar que enaltecen al crimen organizado y el consumo [&hellip;]","og_url":"https:\/\/fuentesfidedignas.com.mx\/index.php\/2023\/06\/28\/amlo-queria-que-tocara-para-el-y-hasta-pregunto-cuanto-cobraba-natanael-cano\/","og_site_name":"Fuentes Fidedignas","article_publisher":"https:\/\/www.facebook.com\/Fuentes-Fidedignas-368234489921644","article_published_time":"2023-06-28T20:26:56+00:00","article_modified_time":"2023-06-28T21:27:24+00:00","og_image":[{"width":850,"height":476,"url":"https:\/\/fuentesfidedignas.com.mx\/wp-content\/uploads\/2023\/06\/NATANAEL_CANO.jpg","type":"image\/jpeg"}],"author":"Forbes","twitter_card":"summary_large_image","twitter_creator":"@fidedignas","twitter_site":"@fidedignas","twitter_misc":{"Escrito por":"Forbes","Tiempo de lectura":"2 minutos"},"schema":{"@context":"https:\/\/schema.org","@graph":[{"@type":"Article","@id":"https:\/\/fuentesfidedignas.com.mx\/index.php\/2023\/06\/28\/amlo-queria-que-tocara-para-el-y-hasta-pregunto-cuanto-cobraba-natanael-cano\/#article","isPartOf":{"@id":"https:\/\/fuentesfidedignas.com.mx\/index.php\/2023\/06\/28\/amlo-queria-que-tocara-para-el-y-hasta-pregunto-cuanto-cobraba-natanael-cano\/"},"author":{"name":"Forbes","@id":"https:\/\/fuentesfidedignas.com.mx\/#\/schema\/person\/5623d53fe2e579d825b1679734abcc44"},"headline":"AMLO quer\u00eda que tocara para \u00e9l y hasta pregunt\u00f3 cu\u00e1nto cobraba: Natanael Cano","datePublished":"2023-06-28T20:26:56+00:00","dateModified":"2023-06-28T21:27:24+00:00","mainEntityOfPage":{"@id":"https:\/\/fuentesfidedignas.com.mx\/index.php\/2023\/06\/28\/amlo-queria-que-tocara-para-el-y-hasta-pregunto-cuanto-cobraba-natanael-cano\/"},"wordCount":401,"commentCount":0,"publisher":{"@id":"https:\/\/fuentesfidedignas.com.mx\/#organization"},"image":{"@id":"https:\/\/fuentesfidedignas.com.mx\/index.php\/2023\/06\/28\/amlo-queria-que-tocara-para-el-y-hasta-pregunto-cuanto-cobraba-natanael-cano\/#primaryimage"},"thumbnailUrl":"https:\/\/fuentesfidedignas.com.mx\/wp-content\/uploads\/2023\/06\/NATANAEL_CANO.jpg","articleSection":["NOTICIAS NACIONALES"],"inLanguage":"es","potentialAction":[{"@type":"CommentAction","name":"Comment","target":["https:\/\/fuentesfidedignas.com.mx\/index.php\/2023\/06\/28\/amlo-queria-que-tocara-para-el-y-hasta-pregunto-cuanto-cobraba-natanael-cano\/#respond"]}]},{"@type":"WebPage","@id":"https:\/\/fuentesfidedignas.com.mx\/index.php\/2023\/06\/28\/amlo-queria-que-tocara-para-el-y-hasta-pregunto-cuanto-cobraba-natanael-cano\/","url":"https:\/\/fuentesfidedignas.com.mx\/index.php\/2023\/06\/28\/amlo-queria-que-tocara-para-el-y-hasta-pregunto-cuanto-cobraba-natanael-cano\/","name":"AMLO quer\u00eda que tocara para \u00e9l y hasta pregunt\u00f3 cu\u00e1nto cobraba: Natanael Cano - Fuentes Fidedignas","isPartOf":{"@id":"https:\/\/fuentesfidedignas.com.mx\/#website"},"primaryImageOfPage":{"@id":"https:\/\/fuentesfidedignas.com.mx\/index.php\/2023\/06\/28\/amlo-queria-que-tocara-para-el-y-hasta-pregunto-cuanto-cobraba-natanael-cano\/#primaryimage"},"image":{"@id":"https:\/\/fuentesfidedignas.com.mx\/index.php\/2023\/06\/28\/amlo-queria-que-tocara-para-el-y-hasta-pregunto-cuanto-cobraba-natanael-cano\/#primaryimage"},"thumbnailUrl":"https:\/\/fuentesfidedignas.com.mx\/wp-content\/uploads\/2023\/06\/NATANAEL_CANO.jpg","datePublished":"2023-06-28T20:26:56+00:00","dateModified":"2023-06-28T21:27:24+00:00","breadcrumb":{"@id":"https:\/\/fuentesfidedignas.com.mx\/index.php\/2023\/06\/28\/amlo-queria-que-tocara-para-el-y-hasta-pregunto-cuanto-cobraba-natanael-cano\/#breadcrumb"},"inLanguage":"es","potentialAction":[{"@type":"ReadAction","target":["https:\/\/fuentesfidedignas.com.mx\/index.php\/2023\/06\/28\/amlo-queria-que-tocara-para-el-y-hasta-pregunto-cuanto-cobraba-natanael-cano\/"]}]},{"@type":"ImageObject","inLanguage":"es","@id":"https:\/\/fuentesfidedignas.com.mx\/index.php\/2023\/06\/28\/amlo-queria-que-tocara-para-el-y-hasta-pregunto-cuanto-cobraba-natanael-cano\/#primaryimage","url":"https:\/\/fuentesfidedignas.com.mx\/wp-content\/uploads\/2023\/06\/NATANAEL_CANO.jpg","contentUrl":"https:\/\/fuentesfidedignas.com.mx\/wp-content\/uploads\/2023\/06\/NATANAEL_CANO.jpg","width":850,"height":476},{"@type":"BreadcrumbList","@id":"https:\/\/fuentesfidedignas.com.mx\/index.php\/2023\/06\/28\/amlo-queria-que-tocara-para-el-y-hasta-pregunto-cuanto-cobraba-natanael-cano\/#breadcrumb","itemListElement":[{"@type":"ListItem","position":1,"name":"Inicio","item":"https:\/\/fuentesfidedignas.com.mx\/"},{"@type":"ListItem","position":2,"name":"AMLO quer\u00eda que tocara para \u00e9l y hasta pregunt\u00f3 cu\u00e1nto cobraba: Natanael Cano"}]},{"@type":"WebSite","@id":"https:\/\/fuentesfidedignas.com.mx\/#website","url":"https:\/\/fuentesfidedignas.com.mx\/","name":"Fuentes Fidedignas","description":"Otro sitio realizado con WordPress","publisher":{"@id":"https:\/\/fuentesfidedignas.com.mx\/#organization"},"potentialAction":[{"@type":"SearchAction","target":{"@type":"EntryPoint","urlTemplate":"https:\/\/fuentesfidedignas.com.mx\/?s={search_term_string}"},"query-input":{"@type":"PropertyValueSpecification","valueRequired":true,"valueName":"search_term_string"}}],"inLanguage":"es"},{"@type":"Organization","@id":"https:\/\/fuentesfidedignas.com.mx\/#organization","name":"Fuentes Fidedignas","url":"https:\/\/fuentesfidedignas.com.mx\/","logo":{"@type":"ImageObject","inLanguage":"es","@id":"https:\/\/fuentesfidedignas.com.mx\/#\/schema\/logo\/image\/","url":"https:\/\/fuentesfidedignas.com.mx\/wp-content\/uploads\/2021\/04\/logo-retina.png","contentUrl":"https:\/\/fuentesfidedignas.com.mx\/wp-content\/uploads\/2021\/04\/logo-retina.png","width":280,"height":51,"caption":"Fuentes Fidedignas"},"image":{"@id":"https:\/\/fuentesfidedignas.com.mx\/#\/schema\/logo\/image\/"},"sameAs":["https:\/\/www.facebook.com\/Fuentes-Fidedignas-368234489921644","https:\/\/x.com\/fidedignas"]},{"@type":"Person","@id":"https:\/\/fuentesfidedignas.com.mx\/#\/schema\/person\/5623d53fe2e579d825b1679734abcc44","name":"Forbes","image":{"@type":"ImageObject","inLanguage":"es","@id":"https:\/\/secure.gravatar.com\/avatar\/87ce3dd4e41e60c22a79c758614f01a6bc2469255fc936ec7b15efb9bb5cb66f?s=96&d=mm&r=g","url":"https:\/\/secure.gravatar.com\/avatar\/87ce3dd4e41e60c22a79c758614f01a6bc2469255fc936ec7b15efb9bb5cb66f?s=96&d=mm&r=g","contentUrl":"https:\/\/secure.gravatar.com\/avatar\/87ce3dd4e41e60c22a79c758614f01a6bc2469255fc936ec7b15efb9bb5cb66f?s=96&d=mm&r=g","caption":"Forbes"},"url":"https:\/\/fuentesfidedignas.com.mx\/index.php\/author\/forbes\/"}]}},"_links":{"self":[{"href":"https:\/\/fuentesfidedignas.com.mx\/index.php\/wp-json\/wp\/v2\/posts\/51347","targetHints":{"allow":["GET"]}}],"collection":[{"href":"https:\/\/fuentesfidedignas.com.mx\/index.php\/wp-json\/wp\/v2\/posts"}],"about":[{"href":"https:\/\/fuentesfidedignas.com.mx\/index.php\/wp-json\/wp\/v2\/types\/post"}],"author":[{"embeddable":true,"href":"https:\/\/fuentesfidedignas.com.mx\/index.php\/wp-json\/wp\/v2\/users\/5"}],"replies":[{"embeddable":true,"href":"https:\/\/fuentesfidedignas.com.mx\/index.php\/wp-json\/wp\/v2\/comments?post=51347"}],"version-history":[{"count":1,"href":"https:\/\/fuentesfidedignas.com.mx\/index.php\/wp-json\/wp\/v2\/posts\/51347\/revisions"}],"predecessor-version":[{"id":51349,"href":"https:\/\/fuentesfidedignas.com.mx\/index.php\/wp-json\/wp\/v2\/posts\/51347\/revisions\/51349"}],"wp:featuredmedia":[{"embeddable":true,"href":"https:\/\/fuentesfidedignas.com.mx\/index.php\/wp-json\/wp\/v2\/media\/51348"}],"wp:attachment":[{"href":"https:\/\/fuentesfidedignas.com.mx\/index.php\/wp-json\/wp\/v2\/media?parent=51347"}],"wp:term":[{"taxonomy":"category","embeddable":true,"href":"https:\/\/fuentesfidedignas.com.mx\/index.php\/wp-json\/wp\/v2\/categories?post=51347"},{"taxonomy":"post_tag","embeddable":true,"href":"https:\/\/fuentesfidedignas.com.mx\/index.php\/wp-json\/wp\/v2\/tags?post=51347"}],"curies":[{"name":"wp","href":"https:\/\/api.w.org\/{rel}","templated":true}]}}