{"id":51335,"date":"2023-06-28T13:33:19","date_gmt":"2023-06-28T20:33:19","guid":{"rendered":"https:\/\/fuentesfidedignas.com.mx\/?p=51335"},"modified":"2023-06-28T13:34:41","modified_gmt":"2023-06-28T20:34:41","slug":"maria-luisa-iba-a-ser-internada-por-problemas-psiquiatricos-semujeres","status":"publish","type":"post","link":"https:\/\/fuentesfidedignas.com.mx\/index.php\/2023\/06\/28\/maria-luisa-iba-a-ser-internada-por-problemas-psiquiatricos-semujeres\/","title":{"rendered":"Mar\u00eda Luisa iba a ser internada por problemas psiqui\u00e1tricos: SEMujeres"},"content":{"rendered":"\n<p><strong>&#8220;Buscamos que haya familia que se responsabilice con el respaldo econ\u00f3mico de nuestra \u00e1rea, que lo gestionamos y en ese sentido pueden contar con eso&#8221;<\/strong>,<strong><em> se\u00f1al\u00f3 Teresa Guerra<\/em><\/strong><\/p>\n\n\n\n<p>Culiac\u00e1n, Sin.- Mar\u00eda Luisa estaba a la espera de una valoraci\u00f3n psiqui\u00e1trica para poder ser internada. Sin embargo la autorizaci\u00f3n de periciales lleva un proceso y no se concret\u00f3 su traslado antes de que atentara contra su vida mientras estaba encarcelada, confirm\u00f3 la titular de SEMujeres, Mar\u00eda Teresa Guerra Ochoa. <\/p>\n\n\n\n<p>Al respecto, asever\u00f3 que ya se contaba con la documentaci\u00f3n por parte del sector Salud para ser trasladada al Hospital Psiqui\u00e1trico el mismo d\u00eda que se quit\u00f3 la vida.<\/p>\n\n\n\n<p>&#8220;<strong>Est\u00e1bamos avanzando en el tema de las periciales, lamentablemente el desenlace tr\u00e1gico se nos adelant\u00f3 pero s\u00ed estuvimos d\u00e1ndole seguimiento<\/strong>&#8220;, detall\u00f3 Guerra Ochoa.<\/p>\n\n\n\n<p>Asimismo, la encargada de la Secretar\u00eda de las Mujeres a\u00f1adi\u00f3 que no ha aparecido la familia de Mar\u00eda Luisa, mujer que se quit\u00f3 la vida dentro del Cereso de Guasave tras ser acusada de asesinar a su hija de cuatro a\u00f1os en Juan Jos\u00e9 R\u00edos.<\/p>\n\n\n\n<p><strong>&#8220;Buscamos que haya familia que se responsabilice con el respaldo econ\u00f3mico de nuestra \u00e1rea, que lo gestionamos y en ese sentido pueden contar con eso&#8221;<\/strong>, se\u00f1al\u00f3.<\/p>\n\n\n\n<p>Guerra Ochoa descart\u00f3, por su parte, que se tratara de un homicidio dentro del penal, ya que Mar\u00eda Luis ya hab\u00eda dado se\u00f1ales previas de autoda\u00f1o.<\/p>\n","protected":false},"excerpt":{"rendered":"<p>&#8220;Buscamos que haya familia que se responsabilice con el respaldo econ\u00f3mico de nuestra \u00e1rea, que lo gestionamos y en ese sentido pueden contar con eso&#8221;, se\u00f1al\u00f3 Teresa Guerra Culiac\u00e1n, Sin.- Mar\u00eda Luisa estaba a la espera de una valoraci\u00f3n psiqui\u00e1trica para poder ser internada. Sin embargo la autorizaci\u00f3n de periciales lleva un proceso y no [&hellip;]<\/p>\n","protected":false},"author":11,"featured_media":51336,"comment_status":"open","ping_status":"open","sticky":false,"template":"","format":"standard","meta":{"tdm_status":"","tdm_grid_status":"","footnotes":""},"categories":[38],"tags":[],"class_list":{"0":"post-51335","1":"post","2":"type-post","3":"status-publish","4":"format-standard","5":"has-post-thumbnail","7":"category-noticias-locales"},"yoast_head":"<!-- This site is optimized with the Yoast SEO plugin v27.4 - https:\/\/yoast.com\/product\/yoast-seo-wordpress\/ -->\n<title>Mar\u00eda Luisa iba a ser internada por problemas psiqui\u00e1tricos: SEMujeres - Fuentes Fidedignas<\/title>\n<meta name=\"robots\" content=\"index, follow, max-snippet:-1, max-image-preview:large, max-video-preview:-1\" \/>\n<link rel=\"canonical\" href=\"https:\/\/fuentesfidedignas.com.mx\/index.php\/2023\/06\/28\/maria-luisa-iba-a-ser-internada-por-problemas-psiquiatricos-semujeres\/\" \/>\n<meta property=\"og:locale\" content=\"es_MX\" \/>\n<meta property=\"og:type\" content=\"article\" \/>\n<meta property=\"og:title\" content=\"Mar\u00eda Luisa iba a ser internada por problemas psiqui\u00e1tricos: SEMujeres - Fuentes Fidedignas\" \/>\n<meta property=\"og:description\" content=\"&#8220;Buscamos que haya familia que se responsabilice con el respaldo econ\u00f3mico de nuestra \u00e1rea, que lo gestionamos y en ese sentido pueden contar con eso&#8221;, se\u00f1al\u00f3 Teresa Guerra Culiac\u00e1n, Sin.- Mar\u00eda Luisa estaba a la espera de una valoraci\u00f3n psiqui\u00e1trica para poder ser internada. Sin embargo la autorizaci\u00f3n de periciales lleva un proceso y no [&hellip;]\" \/>\n<meta property=\"og:url\" content=\"https:\/\/fuentesfidedignas.com.mx\/index.php\/2023\/06\/28\/maria-luisa-iba-a-ser-internada-por-problemas-psiquiatricos-semujeres\/\" \/>\n<meta property=\"og:site_name\" content=\"Fuentes Fidedignas\" \/>\n<meta property=\"article:publisher\" content=\"https:\/\/www.facebook.com\/Fuentes-Fidedignas-368234489921644\" \/>\n<meta property=\"article:published_time\" content=\"2023-06-28T20:33:19+00:00\" \/>\n<meta property=\"article:modified_time\" content=\"2023-06-28T20:34:41+00:00\" \/>\n<meta property=\"og:image\" content=\"https:\/\/fuentesfidedignas.com.mx\/wp-content\/uploads\/2023\/06\/semujeres-e1687984383189.jpg\" \/>\n\t<meta property=\"og:image:width\" content=\"600\" \/>\n\t<meta property=\"og:image:height\" content=\"450\" \/>\n\t<meta property=\"og:image:type\" content=\"image\/jpeg\" \/>\n<meta name=\"author\" content=\"Marissa Palafox\" \/>\n<meta name=\"twitter:card\" content=\"summary_large_image\" \/>\n<meta name=\"twitter:creator\" content=\"@fidedignas\" \/>\n<meta name=\"twitter:site\" content=\"@fidedignas\" \/>\n<meta name=\"twitter:label1\" content=\"Escrito por\" \/>\n\t<meta name=\"twitter:data1\" content=\"Marissa Palafox\" \/>\n\t<meta name=\"twitter:label2\" content=\"Tiempo de lectura\" \/>\n\t<meta name=\"twitter:data2\" content=\"2 minutos\" \/>\n<script type=\"application\/ld+json\" class=\"yoast-schema-graph\">{\"@context\":\"https:\\\/\\\/schema.org\",\"@graph\":[{\"@type\":\"Article\",\"@id\":\"https:\\\/\\\/fuentesfidedignas.com.mx\\\/index.php\\\/2023\\\/06\\\/28\\\/maria-luisa-iba-a-ser-internada-por-problemas-psiquiatricos-semujeres\\\/#article\",\"isPartOf\":{\"@id\":\"https:\\\/\\\/fuentesfidedignas.com.mx\\\/index.php\\\/2023\\\/06\\\/28\\\/maria-luisa-iba-a-ser-internada-por-problemas-psiquiatricos-semujeres\\\/\"},\"author\":{\"name\":\"Marissa Palafox\",\"@id\":\"https:\\\/\\\/fuentesfidedignas.com.mx\\\/#\\\/schema\\\/person\\\/2c10028b4a30078c05a056a215342ab9\"},\"headline\":\"Mar\u00eda Luisa iba a ser internada por problemas psiqui\u00e1tricos: SEMujeres\",\"datePublished\":\"2023-06-28T20:33:19+00:00\",\"dateModified\":\"2023-06-28T20:34:41+00:00\",\"mainEntityOfPage\":{\"@id\":\"https:\\\/\\\/fuentesfidedignas.com.mx\\\/index.php\\\/2023\\\/06\\\/28\\\/maria-luisa-iba-a-ser-internada-por-problemas-psiquiatricos-semujeres\\\/\"},\"wordCount\":265,\"commentCount\":0,\"publisher\":{\"@id\":\"https:\\\/\\\/fuentesfidedignas.com.mx\\\/#organization\"},\"image\":{\"@id\":\"https:\\\/\\\/fuentesfidedignas.com.mx\\\/index.php\\\/2023\\\/06\\\/28\\\/maria-luisa-iba-a-ser-internada-por-problemas-psiquiatricos-semujeres\\\/#primaryimage\"},\"thumbnailUrl\":\"https:\\\/\\\/fuentesfidedignas.com.mx\\\/wp-content\\\/uploads\\\/2023\\\/06\\\/semujeres-e1687984383189.jpg\",\"articleSection\":[\"NOTICIAS LOCALES\"],\"inLanguage\":\"es\",\"potentialAction\":[{\"@type\":\"CommentAction\",\"name\":\"Comment\",\"target\":[\"https:\\\/\\\/fuentesfidedignas.com.mx\\\/index.php\\\/2023\\\/06\\\/28\\\/maria-luisa-iba-a-ser-internada-por-problemas-psiquiatricos-semujeres\\\/#respond\"]}]},{\"@type\":\"WebPage\",\"@id\":\"https:\\\/\\\/fuentesfidedignas.com.mx\\\/index.php\\\/2023\\\/06\\\/28\\\/maria-luisa-iba-a-ser-internada-por-problemas-psiquiatricos-semujeres\\\/\",\"url\":\"https:\\\/\\\/fuentesfidedignas.com.mx\\\/index.php\\\/2023\\\/06\\\/28\\\/maria-luisa-iba-a-ser-internada-por-problemas-psiquiatricos-semujeres\\\/\",\"name\":\"Mar\u00eda Luisa iba a ser internada por problemas psiqui\u00e1tricos: SEMujeres - Fuentes Fidedignas\",\"isPartOf\":{\"@id\":\"https:\\\/\\\/fuentesfidedignas.com.mx\\\/#website\"},\"primaryImageOfPage\":{\"@id\":\"https:\\\/\\\/fuentesfidedignas.com.mx\\\/index.php\\\/2023\\\/06\\\/28\\\/maria-luisa-iba-a-ser-internada-por-problemas-psiquiatricos-semujeres\\\/#primaryimage\"},\"image\":{\"@id\":\"https:\\\/\\\/fuentesfidedignas.com.mx\\\/index.php\\\/2023\\\/06\\\/28\\\/maria-luisa-iba-a-ser-internada-por-problemas-psiquiatricos-semujeres\\\/#primaryimage\"},\"thumbnailUrl\":\"https:\\\/\\\/fuentesfidedignas.com.mx\\\/wp-content\\\/uploads\\\/2023\\\/06\\\/semujeres-e1687984383189.jpg\",\"datePublished\":\"2023-06-28T20:33:19+00:00\",\"dateModified\":\"2023-06-28T20:34:41+00:00\",\"breadcrumb\":{\"@id\":\"https:\\\/\\\/fuentesfidedignas.com.mx\\\/index.php\\\/2023\\\/06\\\/28\\\/maria-luisa-iba-a-ser-internada-por-problemas-psiquiatricos-semujeres\\\/#breadcrumb\"},\"inLanguage\":\"es\",\"potentialAction\":[{\"@type\":\"ReadAction\",\"target\":[\"https:\\\/\\\/fuentesfidedignas.com.mx\\\/index.php\\\/2023\\\/06\\\/28\\\/maria-luisa-iba-a-ser-internada-por-problemas-psiquiatricos-semujeres\\\/\"]}]},{\"@type\":\"ImageObject\",\"inLanguage\":\"es\",\"@id\":\"https:\\\/\\\/fuentesfidedignas.com.mx\\\/index.php\\\/2023\\\/06\\\/28\\\/maria-luisa-iba-a-ser-internada-por-problemas-psiquiatricos-semujeres\\\/#primaryimage\",\"url\":\"https:\\\/\\\/fuentesfidedignas.com.mx\\\/wp-content\\\/uploads\\\/2023\\\/06\\\/semujeres-e1687984383189.jpg\",\"contentUrl\":\"https:\\\/\\\/fuentesfidedignas.com.mx\\\/wp-content\\\/uploads\\\/2023\\\/06\\\/semujeres-e1687984383189.jpg\",\"width\":600,\"height\":450},{\"@type\":\"BreadcrumbList\",\"@id\":\"https:\\\/\\\/fuentesfidedignas.com.mx\\\/index.php\\\/2023\\\/06\\\/28\\\/maria-luisa-iba-a-ser-internada-por-problemas-psiquiatricos-semujeres\\\/#breadcrumb\",\"itemListElement\":[{\"@type\":\"ListItem\",\"position\":1,\"name\":\"Inicio\",\"item\":\"https:\\\/\\\/fuentesfidedignas.com.mx\\\/\"},{\"@type\":\"ListItem\",\"position\":2,\"name\":\"Mar\u00eda Luisa iba a ser internada por problemas psiqui\u00e1tricos: SEMujeres\"}]},{\"@type\":\"WebSite\",\"@id\":\"https:\\\/\\\/fuentesfidedignas.com.mx\\\/#website\",\"url\":\"https:\\\/\\\/fuentesfidedignas.com.mx\\\/\",\"name\":\"Fuentes Fidedignas\",\"description\":\"Otro sitio realizado con WordPress\",\"publisher\":{\"@id\":\"https:\\\/\\\/fuentesfidedignas.com.mx\\\/#organization\"},\"potentialAction\":[{\"@type\":\"SearchAction\",\"target\":{\"@type\":\"EntryPoint\",\"urlTemplate\":\"https:\\\/\\\/fuentesfidedignas.com.mx\\\/?s={search_term_string}\"},\"query-input\":{\"@type\":\"PropertyValueSpecification\",\"valueRequired\":true,\"valueName\":\"search_term_string\"}}],\"inLanguage\":\"es\"},{\"@type\":\"Organization\",\"@id\":\"https:\\\/\\\/fuentesfidedignas.com.mx\\\/#organization\",\"name\":\"Fuentes Fidedignas\",\"url\":\"https:\\\/\\\/fuentesfidedignas.com.mx\\\/\",\"logo\":{\"@type\":\"ImageObject\",\"inLanguage\":\"es\",\"@id\":\"https:\\\/\\\/fuentesfidedignas.com.mx\\\/#\\\/schema\\\/logo\\\/image\\\/\",\"url\":\"https:\\\/\\\/fuentesfidedignas.com.mx\\\/wp-content\\\/uploads\\\/2021\\\/04\\\/logo-retina.png\",\"contentUrl\":\"https:\\\/\\\/fuentesfidedignas.com.mx\\\/wp-content\\\/uploads\\\/2021\\\/04\\\/logo-retina.png\",\"width\":280,\"height\":51,\"caption\":\"Fuentes Fidedignas\"},\"image\":{\"@id\":\"https:\\\/\\\/fuentesfidedignas.com.mx\\\/#\\\/schema\\\/logo\\\/image\\\/\"},\"sameAs\":[\"https:\\\/\\\/www.facebook.com\\\/Fuentes-Fidedignas-368234489921644\",\"https:\\\/\\\/x.com\\\/fidedignas\"]},{\"@type\":\"Person\",\"@id\":\"https:\\\/\\\/fuentesfidedignas.com.mx\\\/#\\\/schema\\\/person\\\/2c10028b4a30078c05a056a215342ab9\",\"name\":\"Marissa Palafox\",\"image\":{\"@type\":\"ImageObject\",\"inLanguage\":\"es\",\"@id\":\"https:\\\/\\\/secure.gravatar.com\\\/avatar\\\/20a43bdb2f2db10f20b22d4e98b96eb027faf98f7f76d29854dc5fab46d1cf71?s=96&d=mm&r=g\",\"url\":\"https:\\\/\\\/secure.gravatar.com\\\/avatar\\\/20a43bdb2f2db10f20b22d4e98b96eb027faf98f7f76d29854dc5fab46d1cf71?s=96&d=mm&r=g\",\"contentUrl\":\"https:\\\/\\\/secure.gravatar.com\\\/avatar\\\/20a43bdb2f2db10f20b22d4e98b96eb027faf98f7f76d29854dc5fab46d1cf71?s=96&d=mm&r=g\",\"caption\":\"Marissa Palafox\"},\"url\":\"https:\\\/\\\/fuentesfidedignas.com.mx\\\/index.php\\\/author\\\/marissa\\\/\"}]}<\/script>\n<!-- \/ Yoast SEO plugin. -->","yoast_head_json":{"title":"Mar\u00eda Luisa iba a ser internada por problemas psiqui\u00e1tricos: SEMujeres - Fuentes Fidedignas","robots":{"index":"index","follow":"follow","max-snippet":"max-snippet:-1","max-image-preview":"max-image-preview:large","max-video-preview":"max-video-preview:-1"},"canonical":"https:\/\/fuentesfidedignas.com.mx\/index.php\/2023\/06\/28\/maria-luisa-iba-a-ser-internada-por-problemas-psiquiatricos-semujeres\/","og_locale":"es_MX","og_type":"article","og_title":"Mar\u00eda Luisa iba a ser internada por problemas psiqui\u00e1tricos: SEMujeres - Fuentes Fidedignas","og_description":"&#8220;Buscamos que haya familia que se responsabilice con el respaldo econ\u00f3mico de nuestra \u00e1rea, que lo gestionamos y en ese sentido pueden contar con eso&#8221;, se\u00f1al\u00f3 Teresa Guerra Culiac\u00e1n, Sin.- Mar\u00eda Luisa estaba a la espera de una valoraci\u00f3n psiqui\u00e1trica para poder ser internada. Sin embargo la autorizaci\u00f3n de periciales lleva un proceso y no [&hellip;]","og_url":"https:\/\/fuentesfidedignas.com.mx\/index.php\/2023\/06\/28\/maria-luisa-iba-a-ser-internada-por-problemas-psiquiatricos-semujeres\/","og_site_name":"Fuentes Fidedignas","article_publisher":"https:\/\/www.facebook.com\/Fuentes-Fidedignas-368234489921644","article_published_time":"2023-06-28T20:33:19+00:00","article_modified_time":"2023-06-28T20:34:41+00:00","og_image":[{"width":600,"height":450,"url":"https:\/\/fuentesfidedignas.com.mx\/wp-content\/uploads\/2023\/06\/semujeres-e1687984383189.jpg","type":"image\/jpeg"}],"author":"Marissa Palafox","twitter_card":"summary_large_image","twitter_creator":"@fidedignas","twitter_site":"@fidedignas","twitter_misc":{"Escrito por":"Marissa Palafox","Tiempo de lectura":"2 minutos"},"schema":{"@context":"https:\/\/schema.org","@graph":[{"@type":"Article","@id":"https:\/\/fuentesfidedignas.com.mx\/index.php\/2023\/06\/28\/maria-luisa-iba-a-ser-internada-por-problemas-psiquiatricos-semujeres\/#article","isPartOf":{"@id":"https:\/\/fuentesfidedignas.com.mx\/index.php\/2023\/06\/28\/maria-luisa-iba-a-ser-internada-por-problemas-psiquiatricos-semujeres\/"},"author":{"name":"Marissa Palafox","@id":"https:\/\/fuentesfidedignas.com.mx\/#\/schema\/person\/2c10028b4a30078c05a056a215342ab9"},"headline":"Mar\u00eda Luisa iba a ser internada por problemas psiqui\u00e1tricos: SEMujeres","datePublished":"2023-06-28T20:33:19+00:00","dateModified":"2023-06-28T20:34:41+00:00","mainEntityOfPage":{"@id":"https:\/\/fuentesfidedignas.com.mx\/index.php\/2023\/06\/28\/maria-luisa-iba-a-ser-internada-por-problemas-psiquiatricos-semujeres\/"},"wordCount":265,"commentCount":0,"publisher":{"@id":"https:\/\/fuentesfidedignas.com.mx\/#organization"},"image":{"@id":"https:\/\/fuentesfidedignas.com.mx\/index.php\/2023\/06\/28\/maria-luisa-iba-a-ser-internada-por-problemas-psiquiatricos-semujeres\/#primaryimage"},"thumbnailUrl":"https:\/\/fuentesfidedignas.com.mx\/wp-content\/uploads\/2023\/06\/semujeres-e1687984383189.jpg","articleSection":["NOTICIAS LOCALES"],"inLanguage":"es","potentialAction":[{"@type":"CommentAction","name":"Comment","target":["https:\/\/fuentesfidedignas.com.mx\/index.php\/2023\/06\/28\/maria-luisa-iba-a-ser-internada-por-problemas-psiquiatricos-semujeres\/#respond"]}]},{"@type":"WebPage","@id":"https:\/\/fuentesfidedignas.com.mx\/index.php\/2023\/06\/28\/maria-luisa-iba-a-ser-internada-por-problemas-psiquiatricos-semujeres\/","url":"https:\/\/fuentesfidedignas.com.mx\/index.php\/2023\/06\/28\/maria-luisa-iba-a-ser-internada-por-problemas-psiquiatricos-semujeres\/","name":"Mar\u00eda Luisa iba a ser internada por problemas psiqui\u00e1tricos: SEMujeres - Fuentes Fidedignas","isPartOf":{"@id":"https:\/\/fuentesfidedignas.com.mx\/#website"},"primaryImageOfPage":{"@id":"https:\/\/fuentesfidedignas.com.mx\/index.php\/2023\/06\/28\/maria-luisa-iba-a-ser-internada-por-problemas-psiquiatricos-semujeres\/#primaryimage"},"image":{"@id":"https:\/\/fuentesfidedignas.com.mx\/index.php\/2023\/06\/28\/maria-luisa-iba-a-ser-internada-por-problemas-psiquiatricos-semujeres\/#primaryimage"},"thumbnailUrl":"https:\/\/fuentesfidedignas.com.mx\/wp-content\/uploads\/2023\/06\/semujeres-e1687984383189.jpg","datePublished":"2023-06-28T20:33:19+00:00","dateModified":"2023-06-28T20:34:41+00:00","breadcrumb":{"@id":"https:\/\/fuentesfidedignas.com.mx\/index.php\/2023\/06\/28\/maria-luisa-iba-a-ser-internada-por-problemas-psiquiatricos-semujeres\/#breadcrumb"},"inLanguage":"es","potentialAction":[{"@type":"ReadAction","target":["https:\/\/fuentesfidedignas.com.mx\/index.php\/2023\/06\/28\/maria-luisa-iba-a-ser-internada-por-problemas-psiquiatricos-semujeres\/"]}]},{"@type":"ImageObject","inLanguage":"es","@id":"https:\/\/fuentesfidedignas.com.mx\/index.php\/2023\/06\/28\/maria-luisa-iba-a-ser-internada-por-problemas-psiquiatricos-semujeres\/#primaryimage","url":"https:\/\/fuentesfidedignas.com.mx\/wp-content\/uploads\/2023\/06\/semujeres-e1687984383189.jpg","contentUrl":"https:\/\/fuentesfidedignas.com.mx\/wp-content\/uploads\/2023\/06\/semujeres-e1687984383189.jpg","width":600,"height":450},{"@type":"BreadcrumbList","@id":"https:\/\/fuentesfidedignas.com.mx\/index.php\/2023\/06\/28\/maria-luisa-iba-a-ser-internada-por-problemas-psiquiatricos-semujeres\/#breadcrumb","itemListElement":[{"@type":"ListItem","position":1,"name":"Inicio","item":"https:\/\/fuentesfidedignas.com.mx\/"},{"@type":"ListItem","position":2,"name":"Mar\u00eda Luisa iba a ser internada por problemas psiqui\u00e1tricos: SEMujeres"}]},{"@type":"WebSite","@id":"https:\/\/fuentesfidedignas.com.mx\/#website","url":"https:\/\/fuentesfidedignas.com.mx\/","name":"Fuentes Fidedignas","description":"Otro sitio realizado con WordPress","publisher":{"@id":"https:\/\/fuentesfidedignas.com.mx\/#organization"},"potentialAction":[{"@type":"SearchAction","target":{"@type":"EntryPoint","urlTemplate":"https:\/\/fuentesfidedignas.com.mx\/?s={search_term_string}"},"query-input":{"@type":"PropertyValueSpecification","valueRequired":true,"valueName":"search_term_string"}}],"inLanguage":"es"},{"@type":"Organization","@id":"https:\/\/fuentesfidedignas.com.mx\/#organization","name":"Fuentes Fidedignas","url":"https:\/\/fuentesfidedignas.com.mx\/","logo":{"@type":"ImageObject","inLanguage":"es","@id":"https:\/\/fuentesfidedignas.com.mx\/#\/schema\/logo\/image\/","url":"https:\/\/fuentesfidedignas.com.mx\/wp-content\/uploads\/2021\/04\/logo-retina.png","contentUrl":"https:\/\/fuentesfidedignas.com.mx\/wp-content\/uploads\/2021\/04\/logo-retina.png","width":280,"height":51,"caption":"Fuentes Fidedignas"},"image":{"@id":"https:\/\/fuentesfidedignas.com.mx\/#\/schema\/logo\/image\/"},"sameAs":["https:\/\/www.facebook.com\/Fuentes-Fidedignas-368234489921644","https:\/\/x.com\/fidedignas"]},{"@type":"Person","@id":"https:\/\/fuentesfidedignas.com.mx\/#\/schema\/person\/2c10028b4a30078c05a056a215342ab9","name":"Marissa Palafox","image":{"@type":"ImageObject","inLanguage":"es","@id":"https:\/\/secure.gravatar.com\/avatar\/20a43bdb2f2db10f20b22d4e98b96eb027faf98f7f76d29854dc5fab46d1cf71?s=96&d=mm&r=g","url":"https:\/\/secure.gravatar.com\/avatar\/20a43bdb2f2db10f20b22d4e98b96eb027faf98f7f76d29854dc5fab46d1cf71?s=96&d=mm&r=g","contentUrl":"https:\/\/secure.gravatar.com\/avatar\/20a43bdb2f2db10f20b22d4e98b96eb027faf98f7f76d29854dc5fab46d1cf71?s=96&d=mm&r=g","caption":"Marissa Palafox"},"url":"https:\/\/fuentesfidedignas.com.mx\/index.php\/author\/marissa\/"}]}},"_links":{"self":[{"href":"https:\/\/fuentesfidedignas.com.mx\/index.php\/wp-json\/wp\/v2\/posts\/51335","targetHints":{"allow":["GET"]}}],"collection":[{"href":"https:\/\/fuentesfidedignas.com.mx\/index.php\/wp-json\/wp\/v2\/posts"}],"about":[{"href":"https:\/\/fuentesfidedignas.com.mx\/index.php\/wp-json\/wp\/v2\/types\/post"}],"author":[{"embeddable":true,"href":"https:\/\/fuentesfidedignas.com.mx\/index.php\/wp-json\/wp\/v2\/users\/11"}],"replies":[{"embeddable":true,"href":"https:\/\/fuentesfidedignas.com.mx\/index.php\/wp-json\/wp\/v2\/comments?post=51335"}],"version-history":[{"count":2,"href":"https:\/\/fuentesfidedignas.com.mx\/index.php\/wp-json\/wp\/v2\/posts\/51335\/revisions"}],"predecessor-version":[{"id":51338,"href":"https:\/\/fuentesfidedignas.com.mx\/index.php\/wp-json\/wp\/v2\/posts\/51335\/revisions\/51338"}],"wp:featuredmedia":[{"embeddable":true,"href":"https:\/\/fuentesfidedignas.com.mx\/index.php\/wp-json\/wp\/v2\/media\/51336"}],"wp:attachment":[{"href":"https:\/\/fuentesfidedignas.com.mx\/index.php\/wp-json\/wp\/v2\/media?parent=51335"}],"wp:term":[{"taxonomy":"category","embeddable":true,"href":"https:\/\/fuentesfidedignas.com.mx\/index.php\/wp-json\/wp\/v2\/categories?post=51335"},{"taxonomy":"post_tag","embeddable":true,"href":"https:\/\/fuentesfidedignas.com.mx\/index.php\/wp-json\/wp\/v2\/tags?post=51335"}],"curies":[{"name":"wp","href":"https:\/\/api.w.org\/{rel}","templated":true}]}}