{"id":51299,"date":"2023-06-29T01:23:52","date_gmt":"2023-06-29T08:23:52","guid":{"rendered":"https:\/\/fuentesfidedignas.com.mx\/?p=51299"},"modified":"2023-06-28T07:25:01","modified_gmt":"2023-06-28T14:25:01","slug":"corea-del-sur-se-hace-mas-joven-cambian-la-forma-de-contar-su-edad","status":"publish","type":"post","link":"https:\/\/fuentesfidedignas.com.mx\/index.php\/2023\/06\/29\/corea-del-sur-se-hace-mas-joven-cambian-la-forma-de-contar-su-edad\/","title":{"rendered":"Corea del Sur se hace &#8216;m\u00e1s joven&#8217;; cambian la forma de contar su edad"},"content":{"rendered":"\n<p><strong><em>Seg\u00fan el sistema de edad m\u00e1s utilizado en la vida cotidiana de los surcoreanos, la &#8216;edad coreana&#8217;, se considera que las personas tienen un a\u00f1o al nacer y se agrega un a\u00f1o cada 1 de enero.<\/em><\/strong><\/p>\n\n\n\n<p>Ciudad de M\u00e9xico.- Lee Jung-hee iba a cumplir los 60 el pr\u00f3ximo a\u00f1o, pero con el abandono del sistema tradicional de recuento de la edad en Corea del Sur, esta ama de casa de Se\u00fal ha rejuvenecido un a\u00f1o. Y ella est\u00e1 encantada.<\/p>\n\n\n\n<p>&#8220;Es una buena sensaci\u00f3n&#8221;, dice. &#8220;Para la gente como yo, que ten\u00edamos que cumplir 60 el pr\u00f3ximo a\u00f1o, te hace sentir que todav\u00eda eres joven&#8221;, bromea.<\/p>\n\n\n\n<p>Corea del Sur es el \u00faltimo pa\u00eds de Asia oriental que todav\u00eda usa un m\u00e9todo de c\u00e1lculo de la edad que determina que los ni\u00f1os al nacer tienen un a\u00f1o, contando la gestaci\u00f3n como parte de su vida. En diciembre, Corea del Sur aprob\u00f3 leyes para desechar el m\u00e9todo tradicional y adoptar por completo el est\u00e1ndar internacional. Con el sistema anterior, todo el mundo se vuelve mayor en el cambio de a\u00f1o en vez de en el cumplea\u00f1os, con lo que un beb\u00e9 nacido el 31 de diciembre ya tiene dos a\u00f1os el 1 de enero.<\/p>\n\n\n\n<p>Pero desde el mi\u00e9rcoles, el pa\u00eds adoptar\u00e1 oficialmente el sistema internacional que calcula la edad de las personas conforme a la fecha de nacimiento, con lo que todos los surcoreanos se volver\u00e1n uno o dos a\u00f1os m\u00e1s j\u00f3venes.<\/p>\n\n\n\n<p>&#8220;Es confuso cuando un extranjero me pregunta cu\u00e1ntos a\u00f1os tengo porque s\u00e9 que se refieren a la edad internacional, as\u00ed que tengo que hacer algunos c\u00e1lculos&#8221;, explica el oficinista Hong Suk-min.<\/p>\n\n\n\n<p>Despu\u00e9s de una pausa para pensar, Hong lo aclara: tiene 45 a\u00f1os seg\u00fan el sistema internacional y 47 seg\u00fan el m\u00e9todo tradicional coreano. El pa\u00eds ha utilizado desde principios de la d\u00e9cada de 1960 la norma internacional de calcular desde cero al nacer y agregar un a\u00f1o en cada cumplea\u00f1os para documentos m\u00e9dicos y legales. Pero muchos surcoreanos continuaron usando el m\u00e9todo tradicional para todo lo dem\u00e1s.<\/p>\n\n\n\n<p>El cambio oficial tendr\u00e1 un impacto limitado en la pr\u00e1ctica ya que en numerosos aspectos administrativos, como la edad en el pasaporte, la edad m\u00ednima de persecuci\u00f3n penal o la edad jubilaci\u00f3n ya se empleaba el sistema internacional. Pero el gobierno conf\u00eda en que sirva para disipar confusiones como la que sufren ancianos convencidos de que ya pueden recibir la pensi\u00f3n de jubilaci\u00f3n en base a su edad coreana.<\/p>\n\n\n\n<blockquote class=\"twitter-tweet\"><p lang=\"en\" dir=\"ltr\">VIDEO: \ud83c\uddf0\ud83c\uddf7 South Koreans get younger as traditional age system dropped<br><br>From Wednesday, South Korea will use the international system that calculates age according to a person&#39;s actual date of birth, meaning everyone will officially become a year or two younger <a href=\"https:\/\/t.co\/0u5vB0uBAD\">pic.twitter.com\/0u5vB0uBAD<\/a><\/p>&mdash; AFP News Agency (@AFP) <a href=\"https:\/\/twitter.com\/AFP\/status\/1674043722579988480?ref_src=twsrc%5Etfw\">June 28, 2023<\/a><\/blockquote> <script async src=\"https:\/\/platform.twitter.com\/widgets.js\" charset=\"utf-8\"><\/script>\n\n\n\n<p>&#8220;Hay diferencia entre la edad que los coreanos usan en su vida diaria y su edad legal y, debido a ello, pueden surgir varias disputas legales&#8221;, dice el ministro de la Legislaci\u00f3n Gubernamental, Lee Wan-kyu.<\/p>\n\n\n\n<p>Este ministro encargado de controlar el cambio abri\u00f3 una sesi\u00f3n informativa el lunes intentando explicar a los periodistas c\u00f3mo pod\u00edan saber su edad.<\/p>\n\n\n\n<p>&#8220;Resta el a\u00f1o de tu nacimiento al a\u00f1o actual. Si tu cumplea\u00f1os ya ha pasado, esta es tu edad. Si tu cumplea\u00f1os no ha pasado, le restas uno para saber tu edad&#8221;, explic\u00f3.<\/p>\n\n\n\n<p>Otras cuestiones, como el a\u00f1o escolar, el inicio del servicio militar obligatorio o la edad m\u00ednima para consumir alcohol seguir\u00e1n rigi\u00e9ndose por otro sistema, conocido como &#8220;edad-a\u00f1o&#8221;, que seguir\u00e1 vigente por ahora, se\u00f1al\u00f3 Lee. Esto implica que cualquier persona nacida en 2004, da igual si en enero o en diciembre, puede ser reclutada para el servicio militar a partir del 1 de enero de 2023, el a\u00f1o en que celebrar\u00e1n su 19\u00ba cumplea\u00f1os.<\/p>\n\n\n\n<p>Aun as\u00ed, el gobierno est\u00e1 abierto a revisar este sistema en funci\u00f3n de c\u00f3mo avancen los cambios actuales, dijo el ministro. Seg\u00fan una encuesta del gobierno realizada en septiembre de 2022, el 86 % de los surcoreanos dijeron que utilizar\u00edan la era internacional en su vida cotidiana cuando las nuevas leyes entraran en vigor.<\/p>\n\n\n\n<p>&#8220;La edad realmente importa&#8221; en la cultura surcoreana, explica la antrop\u00f3loga Mo Hyun-joo, porque afecta el estatus social y dicta qu\u00e9 t\u00edtulos y honores debe usar con los dem\u00e1s. &#8220;Es dif\u00edcil comunicarse con otra gente sin saber su edad&#8221;, afirma.<\/p>\n\n\n\n<p>Los coreanos normalmente usan palabras como &#8220;unni&#8221; y &#8220;oppa&#8221;, que significan hermana o hermano mayor respectivamente, en vez de los nombres en una conversaci\u00f3n, explica. Por ello, en las escuelas se emplea el sistema de &#8220;edad-a\u00f1o&#8221;, para que todos los alumnos de una clase tengan oficialmente la misma edad y no se tenga que emplear estas distinciones entre ellos.<\/p>\n\n\n\n<p>De todos modos, esta cultura jer\u00e1rquica seg\u00fan la edad &#8220;se ha neutralizado un poco&#8221; y en las escuelas cada vez es m\u00e1s com\u00fan el sistema de recuento internacional, dice esta antrop\u00f3loga. Por ahora, la mayor\u00eda de surcoreanos celebran el hecho de sentirse un poco m\u00e1s j\u00f3venes con la nueva legislaci\u00f3n.<\/p>\n\n\n\n<p>&#8220;Mi edad se ha reducido&#8221;, afirma el colegial Yoon Jae-ha, de la ciudad portuaria de Busan. &#8220;Me gusta ser m\u00e1s joven porque entonces mi madre cuidar\u00e1 de m\u00ed durante m\u00e1s tiempo&#8221;.<\/p>\n","protected":false},"excerpt":{"rendered":"<p>Seg\u00fan el sistema de edad m\u00e1s utilizado en la vida cotidiana de los surcoreanos, la &#8216;edad coreana&#8217;, se considera que las personas tienen un a\u00f1o al nacer y se agrega un a\u00f1o cada 1 de enero. Ciudad de M\u00e9xico.- Lee Jung-hee iba a cumplir los 60 el pr\u00f3ximo a\u00f1o, pero con el abandono del sistema [&hellip;]<\/p>\n","protected":false},"author":12,"featured_media":51300,"comment_status":"open","ping_status":"open","sticky":false,"template":"","format":"standard","meta":{"tdm_status":"","tdm_grid_status":"","footnotes":""},"categories":[40],"tags":[],"class_list":{"0":"post-51299","1":"post","2":"type-post","3":"status-publish","4":"format-standard","5":"has-post-thumbnail","7":"category-las-asombrosas"},"yoast_head":"<!-- This site is optimized with the Yoast SEO plugin v27.5 - https:\/\/yoast.com\/product\/yoast-seo-wordpress\/ -->\n<title>Corea del Sur se hace &#039;m\u00e1s joven&#039;; cambian la forma de contar su edad - Fuentes Fidedignas<\/title>\n<meta name=\"robots\" content=\"index, follow, max-snippet:-1, max-image-preview:large, max-video-preview:-1\" \/>\n<link rel=\"canonical\" href=\"https:\/\/fuentesfidedignas.com.mx\/index.php\/2023\/06\/29\/corea-del-sur-se-hace-mas-joven-cambian-la-forma-de-contar-su-edad\/\" \/>\n<meta property=\"og:locale\" content=\"es_MX\" \/>\n<meta property=\"og:type\" content=\"article\" \/>\n<meta property=\"og:title\" content=\"Corea del Sur se hace &#039;m\u00e1s joven&#039;; cambian la forma de contar su edad - Fuentes Fidedignas\" \/>\n<meta property=\"og:description\" content=\"Seg\u00fan el sistema de edad m\u00e1s utilizado en la vida cotidiana de los surcoreanos, la &#8216;edad coreana&#8217;, se considera que las personas tienen un a\u00f1o al nacer y se agrega un a\u00f1o cada 1 de enero. Ciudad de M\u00e9xico.- Lee Jung-hee iba a cumplir los 60 el pr\u00f3ximo a\u00f1o, pero con el abandono del sistema [&hellip;]\" \/>\n<meta property=\"og:url\" content=\"https:\/\/fuentesfidedignas.com.mx\/index.php\/2023\/06\/29\/corea-del-sur-se-hace-mas-joven-cambian-la-forma-de-contar-su-edad\/\" \/>\n<meta property=\"og:site_name\" content=\"Fuentes Fidedignas\" \/>\n<meta property=\"article:publisher\" content=\"https:\/\/www.facebook.com\/Fuentes-Fidedignas-368234489921644\" \/>\n<meta property=\"article:published_time\" content=\"2023-06-29T08:23:52+00:00\" \/>\n<meta property=\"og:image\" content=\"https:\/\/fuentesfidedignas.com.mx\/wp-content\/uploads\/2023\/06\/JOVENES_COREANOS.jpg\" \/>\n\t<meta property=\"og:image:width\" content=\"800\" \/>\n\t<meta property=\"og:image:height\" content=\"600\" \/>\n\t<meta property=\"og:image:type\" content=\"image\/jpeg\" \/>\n<meta name=\"author\" content=\"AFP\" \/>\n<meta name=\"twitter:card\" content=\"summary_large_image\" \/>\n<meta name=\"twitter:creator\" content=\"@fidedignas\" \/>\n<meta name=\"twitter:site\" content=\"@fidedignas\" \/>\n<meta name=\"twitter:label1\" content=\"Escrito por\" \/>\n\t<meta name=\"twitter:data1\" content=\"AFP\" \/>\n\t<meta name=\"twitter:label2\" content=\"Tiempo de lectura\" \/>\n\t<meta name=\"twitter:data2\" content=\"4 minutos\" \/>\n<script type=\"application\/ld+json\" class=\"yoast-schema-graph\">{\"@context\":\"https:\\\/\\\/schema.org\",\"@graph\":[{\"@type\":\"Article\",\"@id\":\"https:\\\/\\\/fuentesfidedignas.com.mx\\\/index.php\\\/2023\\\/06\\\/29\\\/corea-del-sur-se-hace-mas-joven-cambian-la-forma-de-contar-su-edad\\\/#article\",\"isPartOf\":{\"@id\":\"https:\\\/\\\/fuentesfidedignas.com.mx\\\/index.php\\\/2023\\\/06\\\/29\\\/corea-del-sur-se-hace-mas-joven-cambian-la-forma-de-contar-su-edad\\\/\"},\"author\":{\"name\":\"AFP\",\"@id\":\"https:\\\/\\\/fuentesfidedignas.com.mx\\\/#\\\/schema\\\/person\\\/1827b38c6cf89e1d6cc7d78ca3fae732\"},\"headline\":\"Corea del Sur se hace &#8216;m\u00e1s joven&#8217;; cambian la forma de contar su edad\",\"datePublished\":\"2023-06-29T08:23:52+00:00\",\"mainEntityOfPage\":{\"@id\":\"https:\\\/\\\/fuentesfidedignas.com.mx\\\/index.php\\\/2023\\\/06\\\/29\\\/corea-del-sur-se-hace-mas-joven-cambian-la-forma-de-contar-su-edad\\\/\"},\"wordCount\":950,\"commentCount\":0,\"publisher\":{\"@id\":\"https:\\\/\\\/fuentesfidedignas.com.mx\\\/#organization\"},\"image\":{\"@id\":\"https:\\\/\\\/fuentesfidedignas.com.mx\\\/index.php\\\/2023\\\/06\\\/29\\\/corea-del-sur-se-hace-mas-joven-cambian-la-forma-de-contar-su-edad\\\/#primaryimage\"},\"thumbnailUrl\":\"https:\\\/\\\/fuentesfidedignas.com.mx\\\/wp-content\\\/uploads\\\/2023\\\/06\\\/JOVENES_COREANOS.jpg\",\"articleSection\":[\"LAS ASOMBROSAS\"],\"inLanguage\":\"es\",\"potentialAction\":[{\"@type\":\"CommentAction\",\"name\":\"Comment\",\"target\":[\"https:\\\/\\\/fuentesfidedignas.com.mx\\\/index.php\\\/2023\\\/06\\\/29\\\/corea-del-sur-se-hace-mas-joven-cambian-la-forma-de-contar-su-edad\\\/#respond\"]}]},{\"@type\":\"WebPage\",\"@id\":\"https:\\\/\\\/fuentesfidedignas.com.mx\\\/index.php\\\/2023\\\/06\\\/29\\\/corea-del-sur-se-hace-mas-joven-cambian-la-forma-de-contar-su-edad\\\/\",\"url\":\"https:\\\/\\\/fuentesfidedignas.com.mx\\\/index.php\\\/2023\\\/06\\\/29\\\/corea-del-sur-se-hace-mas-joven-cambian-la-forma-de-contar-su-edad\\\/\",\"name\":\"Corea del Sur se hace 'm\u00e1s joven'; cambian la forma de contar su edad - Fuentes Fidedignas\",\"isPartOf\":{\"@id\":\"https:\\\/\\\/fuentesfidedignas.com.mx\\\/#website\"},\"primaryImageOfPage\":{\"@id\":\"https:\\\/\\\/fuentesfidedignas.com.mx\\\/index.php\\\/2023\\\/06\\\/29\\\/corea-del-sur-se-hace-mas-joven-cambian-la-forma-de-contar-su-edad\\\/#primaryimage\"},\"image\":{\"@id\":\"https:\\\/\\\/fuentesfidedignas.com.mx\\\/index.php\\\/2023\\\/06\\\/29\\\/corea-del-sur-se-hace-mas-joven-cambian-la-forma-de-contar-su-edad\\\/#primaryimage\"},\"thumbnailUrl\":\"https:\\\/\\\/fuentesfidedignas.com.mx\\\/wp-content\\\/uploads\\\/2023\\\/06\\\/JOVENES_COREANOS.jpg\",\"datePublished\":\"2023-06-29T08:23:52+00:00\",\"breadcrumb\":{\"@id\":\"https:\\\/\\\/fuentesfidedignas.com.mx\\\/index.php\\\/2023\\\/06\\\/29\\\/corea-del-sur-se-hace-mas-joven-cambian-la-forma-de-contar-su-edad\\\/#breadcrumb\"},\"inLanguage\":\"es\",\"potentialAction\":[{\"@type\":\"ReadAction\",\"target\":[\"https:\\\/\\\/fuentesfidedignas.com.mx\\\/index.php\\\/2023\\\/06\\\/29\\\/corea-del-sur-se-hace-mas-joven-cambian-la-forma-de-contar-su-edad\\\/\"]}]},{\"@type\":\"ImageObject\",\"inLanguage\":\"es\",\"@id\":\"https:\\\/\\\/fuentesfidedignas.com.mx\\\/index.php\\\/2023\\\/06\\\/29\\\/corea-del-sur-se-hace-mas-joven-cambian-la-forma-de-contar-su-edad\\\/#primaryimage\",\"url\":\"https:\\\/\\\/fuentesfidedignas.com.mx\\\/wp-content\\\/uploads\\\/2023\\\/06\\\/JOVENES_COREANOS.jpg\",\"contentUrl\":\"https:\\\/\\\/fuentesfidedignas.com.mx\\\/wp-content\\\/uploads\\\/2023\\\/06\\\/JOVENES_COREANOS.jpg\",\"width\":800,\"height\":600},{\"@type\":\"BreadcrumbList\",\"@id\":\"https:\\\/\\\/fuentesfidedignas.com.mx\\\/index.php\\\/2023\\\/06\\\/29\\\/corea-del-sur-se-hace-mas-joven-cambian-la-forma-de-contar-su-edad\\\/#breadcrumb\",\"itemListElement\":[{\"@type\":\"ListItem\",\"position\":1,\"name\":\"Inicio\",\"item\":\"https:\\\/\\\/fuentesfidedignas.com.mx\\\/\"},{\"@type\":\"ListItem\",\"position\":2,\"name\":\"Corea del Sur se hace &#8216;m\u00e1s joven&#8217;; cambian la forma de contar su edad\"}]},{\"@type\":\"WebSite\",\"@id\":\"https:\\\/\\\/fuentesfidedignas.com.mx\\\/#website\",\"url\":\"https:\\\/\\\/fuentesfidedignas.com.mx\\\/\",\"name\":\"Fuentes Fidedignas\",\"description\":\"Otro sitio realizado con WordPress\",\"publisher\":{\"@id\":\"https:\\\/\\\/fuentesfidedignas.com.mx\\\/#organization\"},\"potentialAction\":[{\"@type\":\"SearchAction\",\"target\":{\"@type\":\"EntryPoint\",\"urlTemplate\":\"https:\\\/\\\/fuentesfidedignas.com.mx\\\/?s={search_term_string}\"},\"query-input\":{\"@type\":\"PropertyValueSpecification\",\"valueRequired\":true,\"valueName\":\"search_term_string\"}}],\"inLanguage\":\"es\"},{\"@type\":\"Organization\",\"@id\":\"https:\\\/\\\/fuentesfidedignas.com.mx\\\/#organization\",\"name\":\"Fuentes Fidedignas\",\"url\":\"https:\\\/\\\/fuentesfidedignas.com.mx\\\/\",\"logo\":{\"@type\":\"ImageObject\",\"inLanguage\":\"es\",\"@id\":\"https:\\\/\\\/fuentesfidedignas.com.mx\\\/#\\\/schema\\\/logo\\\/image\\\/\",\"url\":\"https:\\\/\\\/fuentesfidedignas.com.mx\\\/wp-content\\\/uploads\\\/2021\\\/04\\\/logo-retina.png\",\"contentUrl\":\"https:\\\/\\\/fuentesfidedignas.com.mx\\\/wp-content\\\/uploads\\\/2021\\\/04\\\/logo-retina.png\",\"width\":280,\"height\":51,\"caption\":\"Fuentes Fidedignas\"},\"image\":{\"@id\":\"https:\\\/\\\/fuentesfidedignas.com.mx\\\/#\\\/schema\\\/logo\\\/image\\\/\"},\"sameAs\":[\"https:\\\/\\\/www.facebook.com\\\/Fuentes-Fidedignas-368234489921644\",\"https:\\\/\\\/x.com\\\/fidedignas\"]},{\"@type\":\"Person\",\"@id\":\"https:\\\/\\\/fuentesfidedignas.com.mx\\\/#\\\/schema\\\/person\\\/1827b38c6cf89e1d6cc7d78ca3fae732\",\"name\":\"AFP\",\"image\":{\"@type\":\"ImageObject\",\"inLanguage\":\"es\",\"@id\":\"https:\\\/\\\/secure.gravatar.com\\\/avatar\\\/236827d2ee9bf15e1ea99e0c1cd1b467cffa55e324d177638d0f8de7950cbae6?s=96&d=mm&r=g\",\"url\":\"https:\\\/\\\/secure.gravatar.com\\\/avatar\\\/236827d2ee9bf15e1ea99e0c1cd1b467cffa55e324d177638d0f8de7950cbae6?s=96&d=mm&r=g\",\"contentUrl\":\"https:\\\/\\\/secure.gravatar.com\\\/avatar\\\/236827d2ee9bf15e1ea99e0c1cd1b467cffa55e324d177638d0f8de7950cbae6?s=96&d=mm&r=g\",\"caption\":\"AFP\"},\"url\":\"https:\\\/\\\/fuentesfidedignas.com.mx\\\/index.php\\\/author\\\/afp\\\/\"}]}<\/script>\n<!-- \/ Yoast SEO plugin. -->","yoast_head_json":{"title":"Corea del Sur se hace 'm\u00e1s joven'; cambian la forma de contar su edad - Fuentes Fidedignas","robots":{"index":"index","follow":"follow","max-snippet":"max-snippet:-1","max-image-preview":"max-image-preview:large","max-video-preview":"max-video-preview:-1"},"canonical":"https:\/\/fuentesfidedignas.com.mx\/index.php\/2023\/06\/29\/corea-del-sur-se-hace-mas-joven-cambian-la-forma-de-contar-su-edad\/","og_locale":"es_MX","og_type":"article","og_title":"Corea del Sur se hace 'm\u00e1s joven'; cambian la forma de contar su edad - Fuentes Fidedignas","og_description":"Seg\u00fan el sistema de edad m\u00e1s utilizado en la vida cotidiana de los surcoreanos, la &#8216;edad coreana&#8217;, se considera que las personas tienen un a\u00f1o al nacer y se agrega un a\u00f1o cada 1 de enero. Ciudad de M\u00e9xico.- Lee Jung-hee iba a cumplir los 60 el pr\u00f3ximo a\u00f1o, pero con el abandono del sistema [&hellip;]","og_url":"https:\/\/fuentesfidedignas.com.mx\/index.php\/2023\/06\/29\/corea-del-sur-se-hace-mas-joven-cambian-la-forma-de-contar-su-edad\/","og_site_name":"Fuentes Fidedignas","article_publisher":"https:\/\/www.facebook.com\/Fuentes-Fidedignas-368234489921644","article_published_time":"2023-06-29T08:23:52+00:00","og_image":[{"width":800,"height":600,"url":"https:\/\/fuentesfidedignas.com.mx\/wp-content\/uploads\/2023\/06\/JOVENES_COREANOS.jpg","type":"image\/jpeg"}],"author":"AFP","twitter_card":"summary_large_image","twitter_creator":"@fidedignas","twitter_site":"@fidedignas","twitter_misc":{"Escrito por":"AFP","Tiempo de lectura":"4 minutos"},"schema":{"@context":"https:\/\/schema.org","@graph":[{"@type":"Article","@id":"https:\/\/fuentesfidedignas.com.mx\/index.php\/2023\/06\/29\/corea-del-sur-se-hace-mas-joven-cambian-la-forma-de-contar-su-edad\/#article","isPartOf":{"@id":"https:\/\/fuentesfidedignas.com.mx\/index.php\/2023\/06\/29\/corea-del-sur-se-hace-mas-joven-cambian-la-forma-de-contar-su-edad\/"},"author":{"name":"AFP","@id":"https:\/\/fuentesfidedignas.com.mx\/#\/schema\/person\/1827b38c6cf89e1d6cc7d78ca3fae732"},"headline":"Corea del Sur se hace &#8216;m\u00e1s joven&#8217;; cambian la forma de contar su edad","datePublished":"2023-06-29T08:23:52+00:00","mainEntityOfPage":{"@id":"https:\/\/fuentesfidedignas.com.mx\/index.php\/2023\/06\/29\/corea-del-sur-se-hace-mas-joven-cambian-la-forma-de-contar-su-edad\/"},"wordCount":950,"commentCount":0,"publisher":{"@id":"https:\/\/fuentesfidedignas.com.mx\/#organization"},"image":{"@id":"https:\/\/fuentesfidedignas.com.mx\/index.php\/2023\/06\/29\/corea-del-sur-se-hace-mas-joven-cambian-la-forma-de-contar-su-edad\/#primaryimage"},"thumbnailUrl":"https:\/\/fuentesfidedignas.com.mx\/wp-content\/uploads\/2023\/06\/JOVENES_COREANOS.jpg","articleSection":["LAS ASOMBROSAS"],"inLanguage":"es","potentialAction":[{"@type":"CommentAction","name":"Comment","target":["https:\/\/fuentesfidedignas.com.mx\/index.php\/2023\/06\/29\/corea-del-sur-se-hace-mas-joven-cambian-la-forma-de-contar-su-edad\/#respond"]}]},{"@type":"WebPage","@id":"https:\/\/fuentesfidedignas.com.mx\/index.php\/2023\/06\/29\/corea-del-sur-se-hace-mas-joven-cambian-la-forma-de-contar-su-edad\/","url":"https:\/\/fuentesfidedignas.com.mx\/index.php\/2023\/06\/29\/corea-del-sur-se-hace-mas-joven-cambian-la-forma-de-contar-su-edad\/","name":"Corea del Sur se hace 'm\u00e1s joven'; cambian la forma de contar su edad - Fuentes Fidedignas","isPartOf":{"@id":"https:\/\/fuentesfidedignas.com.mx\/#website"},"primaryImageOfPage":{"@id":"https:\/\/fuentesfidedignas.com.mx\/index.php\/2023\/06\/29\/corea-del-sur-se-hace-mas-joven-cambian-la-forma-de-contar-su-edad\/#primaryimage"},"image":{"@id":"https:\/\/fuentesfidedignas.com.mx\/index.php\/2023\/06\/29\/corea-del-sur-se-hace-mas-joven-cambian-la-forma-de-contar-su-edad\/#primaryimage"},"thumbnailUrl":"https:\/\/fuentesfidedignas.com.mx\/wp-content\/uploads\/2023\/06\/JOVENES_COREANOS.jpg","datePublished":"2023-06-29T08:23:52+00:00","breadcrumb":{"@id":"https:\/\/fuentesfidedignas.com.mx\/index.php\/2023\/06\/29\/corea-del-sur-se-hace-mas-joven-cambian-la-forma-de-contar-su-edad\/#breadcrumb"},"inLanguage":"es","potentialAction":[{"@type":"ReadAction","target":["https:\/\/fuentesfidedignas.com.mx\/index.php\/2023\/06\/29\/corea-del-sur-se-hace-mas-joven-cambian-la-forma-de-contar-su-edad\/"]}]},{"@type":"ImageObject","inLanguage":"es","@id":"https:\/\/fuentesfidedignas.com.mx\/index.php\/2023\/06\/29\/corea-del-sur-se-hace-mas-joven-cambian-la-forma-de-contar-su-edad\/#primaryimage","url":"https:\/\/fuentesfidedignas.com.mx\/wp-content\/uploads\/2023\/06\/JOVENES_COREANOS.jpg","contentUrl":"https:\/\/fuentesfidedignas.com.mx\/wp-content\/uploads\/2023\/06\/JOVENES_COREANOS.jpg","width":800,"height":600},{"@type":"BreadcrumbList","@id":"https:\/\/fuentesfidedignas.com.mx\/index.php\/2023\/06\/29\/corea-del-sur-se-hace-mas-joven-cambian-la-forma-de-contar-su-edad\/#breadcrumb","itemListElement":[{"@type":"ListItem","position":1,"name":"Inicio","item":"https:\/\/fuentesfidedignas.com.mx\/"},{"@type":"ListItem","position":2,"name":"Corea del Sur se hace &#8216;m\u00e1s joven&#8217;; cambian la forma de contar su edad"}]},{"@type":"WebSite","@id":"https:\/\/fuentesfidedignas.com.mx\/#website","url":"https:\/\/fuentesfidedignas.com.mx\/","name":"Fuentes Fidedignas","description":"Otro sitio realizado con WordPress","publisher":{"@id":"https:\/\/fuentesfidedignas.com.mx\/#organization"},"potentialAction":[{"@type":"SearchAction","target":{"@type":"EntryPoint","urlTemplate":"https:\/\/fuentesfidedignas.com.mx\/?s={search_term_string}"},"query-input":{"@type":"PropertyValueSpecification","valueRequired":true,"valueName":"search_term_string"}}],"inLanguage":"es"},{"@type":"Organization","@id":"https:\/\/fuentesfidedignas.com.mx\/#organization","name":"Fuentes Fidedignas","url":"https:\/\/fuentesfidedignas.com.mx\/","logo":{"@type":"ImageObject","inLanguage":"es","@id":"https:\/\/fuentesfidedignas.com.mx\/#\/schema\/logo\/image\/","url":"https:\/\/fuentesfidedignas.com.mx\/wp-content\/uploads\/2021\/04\/logo-retina.png","contentUrl":"https:\/\/fuentesfidedignas.com.mx\/wp-content\/uploads\/2021\/04\/logo-retina.png","width":280,"height":51,"caption":"Fuentes Fidedignas"},"image":{"@id":"https:\/\/fuentesfidedignas.com.mx\/#\/schema\/logo\/image\/"},"sameAs":["https:\/\/www.facebook.com\/Fuentes-Fidedignas-368234489921644","https:\/\/x.com\/fidedignas"]},{"@type":"Person","@id":"https:\/\/fuentesfidedignas.com.mx\/#\/schema\/person\/1827b38c6cf89e1d6cc7d78ca3fae732","name":"AFP","image":{"@type":"ImageObject","inLanguage":"es","@id":"https:\/\/secure.gravatar.com\/avatar\/236827d2ee9bf15e1ea99e0c1cd1b467cffa55e324d177638d0f8de7950cbae6?s=96&d=mm&r=g","url":"https:\/\/secure.gravatar.com\/avatar\/236827d2ee9bf15e1ea99e0c1cd1b467cffa55e324d177638d0f8de7950cbae6?s=96&d=mm&r=g","contentUrl":"https:\/\/secure.gravatar.com\/avatar\/236827d2ee9bf15e1ea99e0c1cd1b467cffa55e324d177638d0f8de7950cbae6?s=96&d=mm&r=g","caption":"AFP"},"url":"https:\/\/fuentesfidedignas.com.mx\/index.php\/author\/afp\/"}]}},"_links":{"self":[{"href":"https:\/\/fuentesfidedignas.com.mx\/index.php\/wp-json\/wp\/v2\/posts\/51299","targetHints":{"allow":["GET"]}}],"collection":[{"href":"https:\/\/fuentesfidedignas.com.mx\/index.php\/wp-json\/wp\/v2\/posts"}],"about":[{"href":"https:\/\/fuentesfidedignas.com.mx\/index.php\/wp-json\/wp\/v2\/types\/post"}],"author":[{"embeddable":true,"href":"https:\/\/fuentesfidedignas.com.mx\/index.php\/wp-json\/wp\/v2\/users\/12"}],"replies":[{"embeddable":true,"href":"https:\/\/fuentesfidedignas.com.mx\/index.php\/wp-json\/wp\/v2\/comments?post=51299"}],"version-history":[{"count":1,"href":"https:\/\/fuentesfidedignas.com.mx\/index.php\/wp-json\/wp\/v2\/posts\/51299\/revisions"}],"predecessor-version":[{"id":51301,"href":"https:\/\/fuentesfidedignas.com.mx\/index.php\/wp-json\/wp\/v2\/posts\/51299\/revisions\/51301"}],"wp:featuredmedia":[{"embeddable":true,"href":"https:\/\/fuentesfidedignas.com.mx\/index.php\/wp-json\/wp\/v2\/media\/51300"}],"wp:attachment":[{"href":"https:\/\/fuentesfidedignas.com.mx\/index.php\/wp-json\/wp\/v2\/media?parent=51299"}],"wp:term":[{"taxonomy":"category","embeddable":true,"href":"https:\/\/fuentesfidedignas.com.mx\/index.php\/wp-json\/wp\/v2\/categories?post=51299"},{"taxonomy":"post_tag","embeddable":true,"href":"https:\/\/fuentesfidedignas.com.mx\/index.php\/wp-json\/wp\/v2\/tags?post=51299"}],"curies":[{"name":"wp","href":"https:\/\/api.w.org\/{rel}","templated":true}]}}