{"id":51193,"date":"2023-06-27T09:01:51","date_gmt":"2023-06-27T16:01:51","guid":{"rendered":"https:\/\/fuentesfidedignas.com.mx\/?p=51193"},"modified":"2023-06-27T09:09:38","modified_gmt":"2023-06-27T16:09:38","slug":"lilly-tellez-confirma-candidatura-pero-pide-que-va-por-mexico-no-viole-la-ley","status":"publish","type":"post","link":"https:\/\/fuentesfidedignas.com.mx\/index.php\/2023\/06\/27\/lilly-tellez-confirma-candidatura-pero-pide-que-va-por-mexico-no-viole-la-ley\/","title":{"rendered":"Lilly T\u00e9llez confirma candidatura\u2026 pero pide que Va por M\u00e9xico no viole la ley"},"content":{"rendered":"\n<p><strong><em>Dio a conocer un documento con 50 preguntas que cuestionan el m\u00e9todo de la alianza Va por M\u00e9xico<\/em><\/strong><\/p>\n\n\n\n<p>Ciudad de M\u00e9xico. Lilly T\u00e9llez reafirma que competir\u00e1 por la candidatura presidencial para las elecciones 2024, pero pide legalidad y blindar el m\u00e9todo de Va por M\u00e9xico.<\/p>\n\n\n\n<p>En entrevista con Ciro G\u00f3mez Leyva explic\u00f3: \u201cS\u00ed, voy a participar en la b\u00fasqueda de la candidatura, lo que todav\u00eda no s\u00e9 es si ser\u00e1 a trav\u00e9s de este m\u00e9todo porque yo me quiero asegurar que no se viole la ley\u201d.<\/p>\n\n\n\n<p>La senadora dio a conocer un documento con 50 preguntas que cuestionan el m\u00e9todo de la alianza Va por M\u00e9xico para elegir al candidato que enfrentar\u00e1 a Morena.<\/p>\n\n\n\n<p>Algunas de las cuestiones de Lilly T\u00e9llez son: \u00bfEn qu\u00e9 actividades est\u00e1 permitido gastar?, \u00bfCu\u00e1ntas casas encuestadoras participar\u00e1n en el m\u00e9todo?, \u00bfHabr\u00e1 programa de resultados preliminares y\/o encuestas de salida?<\/p>\n\n\n\n<figure class=\"wp-block-embed is-type-rich is-provider-twitter wp-block-embed-twitter\"><div class=\"wp-block-embed__wrapper\">\n<blockquote class=\"twitter-tweet\" data-width=\"550\" data-dnt=\"true\"><p lang=\"es\" dir=\"ltr\">Comparto 50 preguntas que debemos considerar para el m\u00e9todo de selecci\u00f3n del Frente Amplio por M\u00e9xico. <a href=\"https:\/\/t.co\/pMMa8gN9lm\">pic.twitter.com\/pMMa8gN9lm<\/a><\/p>&mdash; Lilly T\u00e9llez (@LillyTellez) <a href=\"https:\/\/twitter.com\/LillyTellez\/status\/1673474900487553024?ref_src=twsrc%5Etfw\">June 26, 2023<\/a><\/blockquote><script async src=\"https:\/\/platform.twitter.com\/widgets.js\" charset=\"utf-8\"><\/script>\n<\/div><\/figure>\n\n\n\n<p><strong>Lilly T\u00e9llez pide transparentar recursos de los candidatos<\/strong><\/p>\n\n\n\n<p>En su mayor\u00eda, las preguntas se centran en c\u00f3mo ser\u00e1 la financiaci\u00f3n de recursos y si todo esto es legal o avalado por el Instituto Nacional Electoral (INE).<\/p>\n\n\n\n<p>Durante la entrevista, Lilly T\u00e9llez hizo un llamado al comit\u00e9 organizador a tomar en cuenta sus preguntas para \u2018blindar\u2019 a quien sea el candidato de Va por M\u00e9xico debido a que ser\u00e1 una forma de enfrentar acusaciones del presidente L\u00f3pez Obrador y los candidatos de Morena, explic\u00f3 la legisladora.<\/p>\n\n\n\n<p>\u201cMe preocupa que haya alg\u00fan resquicio por el que se pueda meter dinero ilegal o sucio por parte de empresarios o de Morena, tenemos que asegurarnos que no se rompa la ley\u201d, agreg\u00f3 la senadora.<\/p>\n\n\n\n<p>Seg\u00fan considera que si se viola la ley se inhabilitar\u00e1 no solo al candidato sino a toda la coalici\u00f3n por parte del presidente.<\/p>\n\n\n\n<p>\u201cEso es lo fundamental porque entonces L\u00f3pez Obrador va a echar a la Unidad de Inteligencia Financiera (UIF) con Pablo G\u00f3mez para perseguir y eso nos invalidar\u00eda para toda la oposici\u00f3n\u201d, dijo.<\/p>\n\n\n\n<p>Lilly T\u00e9llez agreg\u00f3 que est\u00e1 de acuerdo con el m\u00e9todo de selecci\u00f3n de Va por M\u00e9xico, solo que busca \u2018afinarlo\u2019 en estos d\u00edas para que no haya ning\u00fan cuestionamiento al respecto.<\/p>\n","protected":false},"excerpt":{"rendered":"<p>Dio a conocer un documento con 50 preguntas que cuestionan el m\u00e9todo de la alianza Va por M\u00e9xico Ciudad de M\u00e9xico. Lilly T\u00e9llez reafirma que competir\u00e1 por la candidatura presidencial para las elecciones 2024, pero pide legalidad y blindar el m\u00e9todo de Va por M\u00e9xico. En entrevista con Ciro G\u00f3mez Leyva explic\u00f3: \u201cS\u00ed, voy a [&hellip;]<\/p>\n","protected":false},"author":21,"featured_media":51195,"comment_status":"open","ping_status":"open","sticky":false,"template":"","format":"standard","meta":{"tdm_status":"","tdm_grid_status":"","footnotes":""},"categories":[39,1],"tags":[],"class_list":{"0":"post-51193","1":"post","2":"type-post","3":"status-publish","4":"format-standard","5":"has-post-thumbnail","7":"category-noticias-nacionales","8":"category-sin-categoria"},"yoast_head":"<!-- This site is optimized with the Yoast SEO plugin v27.4 - https:\/\/yoast.com\/product\/yoast-seo-wordpress\/ -->\n<title>Lilly T\u00e9llez confirma candidatura\u2026 pero pide que Va por M\u00e9xico no viole la ley - Fuentes Fidedignas<\/title>\n<meta name=\"robots\" content=\"index, follow, max-snippet:-1, max-image-preview:large, max-video-preview:-1\" \/>\n<link rel=\"canonical\" href=\"https:\/\/fuentesfidedignas.com.mx\/index.php\/2023\/06\/27\/lilly-tellez-confirma-candidatura-pero-pide-que-va-por-mexico-no-viole-la-ley\/\" \/>\n<meta property=\"og:locale\" content=\"es_MX\" \/>\n<meta property=\"og:type\" content=\"article\" \/>\n<meta property=\"og:title\" content=\"Lilly T\u00e9llez confirma candidatura\u2026 pero pide que Va por M\u00e9xico no viole la ley - Fuentes Fidedignas\" \/>\n<meta property=\"og:description\" content=\"Dio a conocer un documento con 50 preguntas que cuestionan el m\u00e9todo de la alianza Va por M\u00e9xico Ciudad de M\u00e9xico. Lilly T\u00e9llez reafirma que competir\u00e1 por la candidatura presidencial para las elecciones 2024, pero pide legalidad y blindar el m\u00e9todo de Va por M\u00e9xico. En entrevista con Ciro G\u00f3mez Leyva explic\u00f3: \u201cS\u00ed, voy a [&hellip;]\" \/>\n<meta property=\"og:url\" content=\"https:\/\/fuentesfidedignas.com.mx\/index.php\/2023\/06\/27\/lilly-tellez-confirma-candidatura-pero-pide-que-va-por-mexico-no-viole-la-ley\/\" \/>\n<meta property=\"og:site_name\" content=\"Fuentes Fidedignas\" \/>\n<meta property=\"article:publisher\" content=\"https:\/\/www.facebook.com\/Fuentes-Fidedignas-368234489921644\" \/>\n<meta property=\"article:published_time\" content=\"2023-06-27T16:01:51+00:00\" \/>\n<meta property=\"article:modified_time\" content=\"2023-06-27T16:09:38+00:00\" \/>\n<meta property=\"og:image\" content=\"https:\/\/fuentesfidedignas.com.mx\/wp-content\/uploads\/2021\/04\/logo-retina.png\" \/>\n\t<meta property=\"og:image:width\" content=\"280\" \/>\n\t<meta property=\"og:image:height\" content=\"51\" \/>\n\t<meta property=\"og:image:type\" content=\"image\/png\" \/>\n<meta name=\"author\" content=\"El Financiero\" \/>\n<meta name=\"twitter:card\" content=\"summary_large_image\" \/>\n<meta name=\"twitter:creator\" content=\"@fidedignas\" \/>\n<meta name=\"twitter:site\" content=\"@fidedignas\" \/>\n<meta name=\"twitter:label1\" content=\"Escrito por\" \/>\n\t<meta name=\"twitter:data1\" content=\"El Financiero\" \/>\n\t<meta name=\"twitter:label2\" content=\"Tiempo de lectura\" \/>\n\t<meta name=\"twitter:data2\" content=\"2 minutos\" \/>\n<script type=\"application\/ld+json\" class=\"yoast-schema-graph\">{\"@context\":\"https:\\\/\\\/schema.org\",\"@graph\":[{\"@type\":\"Article\",\"@id\":\"https:\\\/\\\/fuentesfidedignas.com.mx\\\/index.php\\\/2023\\\/06\\\/27\\\/lilly-tellez-confirma-candidatura-pero-pide-que-va-por-mexico-no-viole-la-ley\\\/#article\",\"isPartOf\":{\"@id\":\"https:\\\/\\\/fuentesfidedignas.com.mx\\\/index.php\\\/2023\\\/06\\\/27\\\/lilly-tellez-confirma-candidatura-pero-pide-que-va-por-mexico-no-viole-la-ley\\\/\"},\"author\":{\"name\":\"El Financiero\",\"@id\":\"https:\\\/\\\/fuentesfidedignas.com.mx\\\/#\\\/schema\\\/person\\\/494f7e0dce8dfaaec5b64f16615b78e9\"},\"headline\":\"Lilly T\u00e9llez confirma candidatura\u2026 pero pide que Va por M\u00e9xico no viole la ley\",\"datePublished\":\"2023-06-27T16:01:51+00:00\",\"dateModified\":\"2023-06-27T16:09:38+00:00\",\"mainEntityOfPage\":{\"@id\":\"https:\\\/\\\/fuentesfidedignas.com.mx\\\/index.php\\\/2023\\\/06\\\/27\\\/lilly-tellez-confirma-candidatura-pero-pide-que-va-por-mexico-no-viole-la-ley\\\/\"},\"wordCount\":412,\"commentCount\":0,\"publisher\":{\"@id\":\"https:\\\/\\\/fuentesfidedignas.com.mx\\\/#organization\"},\"image\":{\"@id\":\"https:\\\/\\\/fuentesfidedignas.com.mx\\\/index.php\\\/2023\\\/06\\\/27\\\/lilly-tellez-confirma-candidatura-pero-pide-que-va-por-mexico-no-viole-la-ley\\\/#primaryimage\"},\"thumbnailUrl\":\"https:\\\/\\\/fuentesfidedignas.com.mx\\\/wp-content\\\/uploads\\\/2023\\\/06\\\/U6WUSGQHIJBALF26WOQNSZPDDI.jpg\",\"articleSection\":[\"NOTICIAS NACIONALES\"],\"inLanguage\":\"es\",\"potentialAction\":[{\"@type\":\"CommentAction\",\"name\":\"Comment\",\"target\":[\"https:\\\/\\\/fuentesfidedignas.com.mx\\\/index.php\\\/2023\\\/06\\\/27\\\/lilly-tellez-confirma-candidatura-pero-pide-que-va-por-mexico-no-viole-la-ley\\\/#respond\"]}]},{\"@type\":\"WebPage\",\"@id\":\"https:\\\/\\\/fuentesfidedignas.com.mx\\\/index.php\\\/2023\\\/06\\\/27\\\/lilly-tellez-confirma-candidatura-pero-pide-que-va-por-mexico-no-viole-la-ley\\\/\",\"url\":\"https:\\\/\\\/fuentesfidedignas.com.mx\\\/index.php\\\/2023\\\/06\\\/27\\\/lilly-tellez-confirma-candidatura-pero-pide-que-va-por-mexico-no-viole-la-ley\\\/\",\"name\":\"Lilly T\u00e9llez confirma candidatura\u2026 pero pide que Va por M\u00e9xico no viole la ley - Fuentes Fidedignas\",\"isPartOf\":{\"@id\":\"https:\\\/\\\/fuentesfidedignas.com.mx\\\/#website\"},\"primaryImageOfPage\":{\"@id\":\"https:\\\/\\\/fuentesfidedignas.com.mx\\\/index.php\\\/2023\\\/06\\\/27\\\/lilly-tellez-confirma-candidatura-pero-pide-que-va-por-mexico-no-viole-la-ley\\\/#primaryimage\"},\"image\":{\"@id\":\"https:\\\/\\\/fuentesfidedignas.com.mx\\\/index.php\\\/2023\\\/06\\\/27\\\/lilly-tellez-confirma-candidatura-pero-pide-que-va-por-mexico-no-viole-la-ley\\\/#primaryimage\"},\"thumbnailUrl\":\"https:\\\/\\\/fuentesfidedignas.com.mx\\\/wp-content\\\/uploads\\\/2023\\\/06\\\/U6WUSGQHIJBALF26WOQNSZPDDI.jpg\",\"datePublished\":\"2023-06-27T16:01:51+00:00\",\"dateModified\":\"2023-06-27T16:09:38+00:00\",\"breadcrumb\":{\"@id\":\"https:\\\/\\\/fuentesfidedignas.com.mx\\\/index.php\\\/2023\\\/06\\\/27\\\/lilly-tellez-confirma-candidatura-pero-pide-que-va-por-mexico-no-viole-la-ley\\\/#breadcrumb\"},\"inLanguage\":\"es\",\"potentialAction\":[{\"@type\":\"ReadAction\",\"target\":[\"https:\\\/\\\/fuentesfidedignas.com.mx\\\/index.php\\\/2023\\\/06\\\/27\\\/lilly-tellez-confirma-candidatura-pero-pide-que-va-por-mexico-no-viole-la-ley\\\/\"]}]},{\"@type\":\"ImageObject\",\"inLanguage\":\"es\",\"@id\":\"https:\\\/\\\/fuentesfidedignas.com.mx\\\/index.php\\\/2023\\\/06\\\/27\\\/lilly-tellez-confirma-candidatura-pero-pide-que-va-por-mexico-no-viole-la-ley\\\/#primaryimage\",\"url\":\"https:\\\/\\\/fuentesfidedignas.com.mx\\\/wp-content\\\/uploads\\\/2023\\\/06\\\/U6WUSGQHIJBALF26WOQNSZPDDI.jpg\",\"contentUrl\":\"https:\\\/\\\/fuentesfidedignas.com.mx\\\/wp-content\\\/uploads\\\/2023\\\/06\\\/U6WUSGQHIJBALF26WOQNSZPDDI.jpg\",\"width\":1600,\"height\":900},{\"@type\":\"BreadcrumbList\",\"@id\":\"https:\\\/\\\/fuentesfidedignas.com.mx\\\/index.php\\\/2023\\\/06\\\/27\\\/lilly-tellez-confirma-candidatura-pero-pide-que-va-por-mexico-no-viole-la-ley\\\/#breadcrumb\",\"itemListElement\":[{\"@type\":\"ListItem\",\"position\":1,\"name\":\"Inicio\",\"item\":\"https:\\\/\\\/fuentesfidedignas.com.mx\\\/\"},{\"@type\":\"ListItem\",\"position\":2,\"name\":\"Lilly T\u00e9llez confirma candidatura\u2026 pero pide que Va por M\u00e9xico no viole la ley\"}]},{\"@type\":\"WebSite\",\"@id\":\"https:\\\/\\\/fuentesfidedignas.com.mx\\\/#website\",\"url\":\"https:\\\/\\\/fuentesfidedignas.com.mx\\\/\",\"name\":\"Fuentes Fidedignas\",\"description\":\"Otro sitio realizado con WordPress\",\"publisher\":{\"@id\":\"https:\\\/\\\/fuentesfidedignas.com.mx\\\/#organization\"},\"potentialAction\":[{\"@type\":\"SearchAction\",\"target\":{\"@type\":\"EntryPoint\",\"urlTemplate\":\"https:\\\/\\\/fuentesfidedignas.com.mx\\\/?s={search_term_string}\"},\"query-input\":{\"@type\":\"PropertyValueSpecification\",\"valueRequired\":true,\"valueName\":\"search_term_string\"}}],\"inLanguage\":\"es\"},{\"@type\":\"Organization\",\"@id\":\"https:\\\/\\\/fuentesfidedignas.com.mx\\\/#organization\",\"name\":\"Fuentes Fidedignas\",\"url\":\"https:\\\/\\\/fuentesfidedignas.com.mx\\\/\",\"logo\":{\"@type\":\"ImageObject\",\"inLanguage\":\"es\",\"@id\":\"https:\\\/\\\/fuentesfidedignas.com.mx\\\/#\\\/schema\\\/logo\\\/image\\\/\",\"url\":\"https:\\\/\\\/fuentesfidedignas.com.mx\\\/wp-content\\\/uploads\\\/2021\\\/04\\\/logo-retina.png\",\"contentUrl\":\"https:\\\/\\\/fuentesfidedignas.com.mx\\\/wp-content\\\/uploads\\\/2021\\\/04\\\/logo-retina.png\",\"width\":280,\"height\":51,\"caption\":\"Fuentes Fidedignas\"},\"image\":{\"@id\":\"https:\\\/\\\/fuentesfidedignas.com.mx\\\/#\\\/schema\\\/logo\\\/image\\\/\"},\"sameAs\":[\"https:\\\/\\\/www.facebook.com\\\/Fuentes-Fidedignas-368234489921644\",\"https:\\\/\\\/x.com\\\/fidedignas\"]},{\"@type\":\"Person\",\"@id\":\"https:\\\/\\\/fuentesfidedignas.com.mx\\\/#\\\/schema\\\/person\\\/494f7e0dce8dfaaec5b64f16615b78e9\",\"name\":\"El Financiero\",\"image\":{\"@type\":\"ImageObject\",\"inLanguage\":\"es\",\"@id\":\"https:\\\/\\\/secure.gravatar.com\\\/avatar\\\/88c0f3f2079389318ef8dd35c22cb997212aa89646e357ba59b318db26ed91a9?s=96&d=mm&r=g\",\"url\":\"https:\\\/\\\/secure.gravatar.com\\\/avatar\\\/88c0f3f2079389318ef8dd35c22cb997212aa89646e357ba59b318db26ed91a9?s=96&d=mm&r=g\",\"contentUrl\":\"https:\\\/\\\/secure.gravatar.com\\\/avatar\\\/88c0f3f2079389318ef8dd35c22cb997212aa89646e357ba59b318db26ed91a9?s=96&d=mm&r=g\",\"caption\":\"El Financiero\"},\"url\":\"https:\\\/\\\/fuentesfidedignas.com.mx\\\/index.php\\\/author\\\/financiero\\\/\"}]}<\/script>\n<!-- \/ Yoast SEO plugin. -->","yoast_head_json":{"title":"Lilly T\u00e9llez confirma candidatura\u2026 pero pide que Va por M\u00e9xico no viole la ley - Fuentes Fidedignas","robots":{"index":"index","follow":"follow","max-snippet":"max-snippet:-1","max-image-preview":"max-image-preview:large","max-video-preview":"max-video-preview:-1"},"canonical":"https:\/\/fuentesfidedignas.com.mx\/index.php\/2023\/06\/27\/lilly-tellez-confirma-candidatura-pero-pide-que-va-por-mexico-no-viole-la-ley\/","og_locale":"es_MX","og_type":"article","og_title":"Lilly T\u00e9llez confirma candidatura\u2026 pero pide que Va por M\u00e9xico no viole la ley - Fuentes Fidedignas","og_description":"Dio a conocer un documento con 50 preguntas que cuestionan el m\u00e9todo de la alianza Va por M\u00e9xico Ciudad de M\u00e9xico. Lilly T\u00e9llez reafirma que competir\u00e1 por la candidatura presidencial para las elecciones 2024, pero pide legalidad y blindar el m\u00e9todo de Va por M\u00e9xico. En entrevista con Ciro G\u00f3mez Leyva explic\u00f3: \u201cS\u00ed, voy a [&hellip;]","og_url":"https:\/\/fuentesfidedignas.com.mx\/index.php\/2023\/06\/27\/lilly-tellez-confirma-candidatura-pero-pide-que-va-por-mexico-no-viole-la-ley\/","og_site_name":"Fuentes Fidedignas","article_publisher":"https:\/\/www.facebook.com\/Fuentes-Fidedignas-368234489921644","article_published_time":"2023-06-27T16:01:51+00:00","article_modified_time":"2023-06-27T16:09:38+00:00","og_image":[{"width":280,"height":51,"url":"https:\/\/fuentesfidedignas.com.mx\/wp-content\/uploads\/2021\/04\/logo-retina.png","type":"image\/png"}],"author":"El Financiero","twitter_card":"summary_large_image","twitter_creator":"@fidedignas","twitter_site":"@fidedignas","twitter_misc":{"Escrito por":"El Financiero","Tiempo de lectura":"2 minutos"},"schema":{"@context":"https:\/\/schema.org","@graph":[{"@type":"Article","@id":"https:\/\/fuentesfidedignas.com.mx\/index.php\/2023\/06\/27\/lilly-tellez-confirma-candidatura-pero-pide-que-va-por-mexico-no-viole-la-ley\/#article","isPartOf":{"@id":"https:\/\/fuentesfidedignas.com.mx\/index.php\/2023\/06\/27\/lilly-tellez-confirma-candidatura-pero-pide-que-va-por-mexico-no-viole-la-ley\/"},"author":{"name":"El Financiero","@id":"https:\/\/fuentesfidedignas.com.mx\/#\/schema\/person\/494f7e0dce8dfaaec5b64f16615b78e9"},"headline":"Lilly T\u00e9llez confirma candidatura\u2026 pero pide que Va por M\u00e9xico no viole la ley","datePublished":"2023-06-27T16:01:51+00:00","dateModified":"2023-06-27T16:09:38+00:00","mainEntityOfPage":{"@id":"https:\/\/fuentesfidedignas.com.mx\/index.php\/2023\/06\/27\/lilly-tellez-confirma-candidatura-pero-pide-que-va-por-mexico-no-viole-la-ley\/"},"wordCount":412,"commentCount":0,"publisher":{"@id":"https:\/\/fuentesfidedignas.com.mx\/#organization"},"image":{"@id":"https:\/\/fuentesfidedignas.com.mx\/index.php\/2023\/06\/27\/lilly-tellez-confirma-candidatura-pero-pide-que-va-por-mexico-no-viole-la-ley\/#primaryimage"},"thumbnailUrl":"https:\/\/fuentesfidedignas.com.mx\/wp-content\/uploads\/2023\/06\/U6WUSGQHIJBALF26WOQNSZPDDI.jpg","articleSection":["NOTICIAS NACIONALES"],"inLanguage":"es","potentialAction":[{"@type":"CommentAction","name":"Comment","target":["https:\/\/fuentesfidedignas.com.mx\/index.php\/2023\/06\/27\/lilly-tellez-confirma-candidatura-pero-pide-que-va-por-mexico-no-viole-la-ley\/#respond"]}]},{"@type":"WebPage","@id":"https:\/\/fuentesfidedignas.com.mx\/index.php\/2023\/06\/27\/lilly-tellez-confirma-candidatura-pero-pide-que-va-por-mexico-no-viole-la-ley\/","url":"https:\/\/fuentesfidedignas.com.mx\/index.php\/2023\/06\/27\/lilly-tellez-confirma-candidatura-pero-pide-que-va-por-mexico-no-viole-la-ley\/","name":"Lilly T\u00e9llez confirma candidatura\u2026 pero pide que Va por M\u00e9xico no viole la ley - Fuentes Fidedignas","isPartOf":{"@id":"https:\/\/fuentesfidedignas.com.mx\/#website"},"primaryImageOfPage":{"@id":"https:\/\/fuentesfidedignas.com.mx\/index.php\/2023\/06\/27\/lilly-tellez-confirma-candidatura-pero-pide-que-va-por-mexico-no-viole-la-ley\/#primaryimage"},"image":{"@id":"https:\/\/fuentesfidedignas.com.mx\/index.php\/2023\/06\/27\/lilly-tellez-confirma-candidatura-pero-pide-que-va-por-mexico-no-viole-la-ley\/#primaryimage"},"thumbnailUrl":"https:\/\/fuentesfidedignas.com.mx\/wp-content\/uploads\/2023\/06\/U6WUSGQHIJBALF26WOQNSZPDDI.jpg","datePublished":"2023-06-27T16:01:51+00:00","dateModified":"2023-06-27T16:09:38+00:00","breadcrumb":{"@id":"https:\/\/fuentesfidedignas.com.mx\/index.php\/2023\/06\/27\/lilly-tellez-confirma-candidatura-pero-pide-que-va-por-mexico-no-viole-la-ley\/#breadcrumb"},"inLanguage":"es","potentialAction":[{"@type":"ReadAction","target":["https:\/\/fuentesfidedignas.com.mx\/index.php\/2023\/06\/27\/lilly-tellez-confirma-candidatura-pero-pide-que-va-por-mexico-no-viole-la-ley\/"]}]},{"@type":"ImageObject","inLanguage":"es","@id":"https:\/\/fuentesfidedignas.com.mx\/index.php\/2023\/06\/27\/lilly-tellez-confirma-candidatura-pero-pide-que-va-por-mexico-no-viole-la-ley\/#primaryimage","url":"https:\/\/fuentesfidedignas.com.mx\/wp-content\/uploads\/2023\/06\/U6WUSGQHIJBALF26WOQNSZPDDI.jpg","contentUrl":"https:\/\/fuentesfidedignas.com.mx\/wp-content\/uploads\/2023\/06\/U6WUSGQHIJBALF26WOQNSZPDDI.jpg","width":1600,"height":900},{"@type":"BreadcrumbList","@id":"https:\/\/fuentesfidedignas.com.mx\/index.php\/2023\/06\/27\/lilly-tellez-confirma-candidatura-pero-pide-que-va-por-mexico-no-viole-la-ley\/#breadcrumb","itemListElement":[{"@type":"ListItem","position":1,"name":"Inicio","item":"https:\/\/fuentesfidedignas.com.mx\/"},{"@type":"ListItem","position":2,"name":"Lilly T\u00e9llez confirma candidatura\u2026 pero pide que Va por M\u00e9xico no viole la ley"}]},{"@type":"WebSite","@id":"https:\/\/fuentesfidedignas.com.mx\/#website","url":"https:\/\/fuentesfidedignas.com.mx\/","name":"Fuentes Fidedignas","description":"Otro sitio realizado con WordPress","publisher":{"@id":"https:\/\/fuentesfidedignas.com.mx\/#organization"},"potentialAction":[{"@type":"SearchAction","target":{"@type":"EntryPoint","urlTemplate":"https:\/\/fuentesfidedignas.com.mx\/?s={search_term_string}"},"query-input":{"@type":"PropertyValueSpecification","valueRequired":true,"valueName":"search_term_string"}}],"inLanguage":"es"},{"@type":"Organization","@id":"https:\/\/fuentesfidedignas.com.mx\/#organization","name":"Fuentes Fidedignas","url":"https:\/\/fuentesfidedignas.com.mx\/","logo":{"@type":"ImageObject","inLanguage":"es","@id":"https:\/\/fuentesfidedignas.com.mx\/#\/schema\/logo\/image\/","url":"https:\/\/fuentesfidedignas.com.mx\/wp-content\/uploads\/2021\/04\/logo-retina.png","contentUrl":"https:\/\/fuentesfidedignas.com.mx\/wp-content\/uploads\/2021\/04\/logo-retina.png","width":280,"height":51,"caption":"Fuentes Fidedignas"},"image":{"@id":"https:\/\/fuentesfidedignas.com.mx\/#\/schema\/logo\/image\/"},"sameAs":["https:\/\/www.facebook.com\/Fuentes-Fidedignas-368234489921644","https:\/\/x.com\/fidedignas"]},{"@type":"Person","@id":"https:\/\/fuentesfidedignas.com.mx\/#\/schema\/person\/494f7e0dce8dfaaec5b64f16615b78e9","name":"El Financiero","image":{"@type":"ImageObject","inLanguage":"es","@id":"https:\/\/secure.gravatar.com\/avatar\/88c0f3f2079389318ef8dd35c22cb997212aa89646e357ba59b318db26ed91a9?s=96&d=mm&r=g","url":"https:\/\/secure.gravatar.com\/avatar\/88c0f3f2079389318ef8dd35c22cb997212aa89646e357ba59b318db26ed91a9?s=96&d=mm&r=g","contentUrl":"https:\/\/secure.gravatar.com\/avatar\/88c0f3f2079389318ef8dd35c22cb997212aa89646e357ba59b318db26ed91a9?s=96&d=mm&r=g","caption":"El Financiero"},"url":"https:\/\/fuentesfidedignas.com.mx\/index.php\/author\/financiero\/"}]}},"_links":{"self":[{"href":"https:\/\/fuentesfidedignas.com.mx\/index.php\/wp-json\/wp\/v2\/posts\/51193","targetHints":{"allow":["GET"]}}],"collection":[{"href":"https:\/\/fuentesfidedignas.com.mx\/index.php\/wp-json\/wp\/v2\/posts"}],"about":[{"href":"https:\/\/fuentesfidedignas.com.mx\/index.php\/wp-json\/wp\/v2\/types\/post"}],"author":[{"embeddable":true,"href":"https:\/\/fuentesfidedignas.com.mx\/index.php\/wp-json\/wp\/v2\/users\/21"}],"replies":[{"embeddable":true,"href":"https:\/\/fuentesfidedignas.com.mx\/index.php\/wp-json\/wp\/v2\/comments?post=51193"}],"version-history":[{"count":1,"href":"https:\/\/fuentesfidedignas.com.mx\/index.php\/wp-json\/wp\/v2\/posts\/51193\/revisions"}],"predecessor-version":[{"id":51194,"href":"https:\/\/fuentesfidedignas.com.mx\/index.php\/wp-json\/wp\/v2\/posts\/51193\/revisions\/51194"}],"wp:featuredmedia":[{"embeddable":true,"href":"https:\/\/fuentesfidedignas.com.mx\/index.php\/wp-json\/wp\/v2\/media\/51195"}],"wp:attachment":[{"href":"https:\/\/fuentesfidedignas.com.mx\/index.php\/wp-json\/wp\/v2\/media?parent=51193"}],"wp:term":[{"taxonomy":"category","embeddable":true,"href":"https:\/\/fuentesfidedignas.com.mx\/index.php\/wp-json\/wp\/v2\/categories?post=51193"},{"taxonomy":"post_tag","embeddable":true,"href":"https:\/\/fuentesfidedignas.com.mx\/index.php\/wp-json\/wp\/v2\/tags?post=51193"}],"curies":[{"name":"wp","href":"https:\/\/api.w.org\/{rel}","templated":true}]}}