{"id":51093,"date":"2023-06-26T13:34:32","date_gmt":"2023-06-26T20:34:32","guid":{"rendered":"https:\/\/fuentesfidedignas.com.mx\/?p=51093"},"modified":"2023-06-26T13:37:55","modified_gmt":"2023-06-26T20:37:55","slug":"calendario-escolar-2023-2024-estos-seran-los-puentes-y-dias-festivos","status":"publish","type":"post","link":"https:\/\/fuentesfidedignas.com.mx\/index.php\/2023\/06\/26\/calendario-escolar-2023-2024-estos-seran-los-puentes-y-dias-festivos\/","title":{"rendered":"Calendario escolar 2023-2024: estos ser\u00e1n los puentes y d\u00edas festivos"},"content":{"rendered":"\n<p><br><strong><em>La SEP marc\u00f3 tres puentes oficiales para los alumnos de educaci\u00f3n b\u00e1sica, sin embargo, con las juntas de Consejo T\u00e9cnico y las descargas administrativas suman m\u00e1s de 10 mega puentes<\/em><\/strong><\/p>\n\n\n\n<p>Ciudad de M\u00e9xico. \u00a1Ya puedes planear tus pr\u00f3ximas vacaciones! Aunque a\u00fan no termina el ciclo escolar 2022-2023, ya puedes conocer cu\u00e1ndo ser\u00e1n los d\u00edas de descanso del siguiente curso, el cu\u00e1l, estar\u00e1 acompa\u00f1ado de m\u00e1s de 10 puentes para los estudiantes de M\u00e9xico.<\/p>\n\n\n\n<p>La Secretar\u00eda de Educaci\u00f3n P\u00fablica (SEP) marca tres puentes oficiales para los alumnos de educaci\u00f3n b\u00e1sica, pero con las juntas de Consejo T\u00e9cnico y las descargas administrativas, suman 14 el n\u00famero de fines de semana largos que los j\u00f3venes podr\u00e1n disfrutar en el pr\u00f3ximo ciclo escolar.<\/p>\n\n\n\n<p>A trav\u00e9s del Diario Oficial de la Federaci\u00f3n, la SEP public\u00f3 este lunes 26 de junio el calendario de las fechas oficiales.<\/p>\n\n\n\n<figure class=\"wp-block-image size-large\"><img decoding=\"async\" width=\"1024\" height=\"686\" src=\"https:\/\/fuentesfidedignas.com.mx\/wp-content\/uploads\/2023\/06\/1000082497-1024x686.jpg\" alt=\"\" class=\"wp-image-51094\" srcset=\"https:\/\/fuentesfidedignas.com.mx\/wp-content\/uploads\/2023\/06\/1000082497-1024x686.jpg 1024w, https:\/\/fuentesfidedignas.com.mx\/wp-content\/uploads\/2023\/06\/1000082497-300x201.jpg 300w, https:\/\/fuentesfidedignas.com.mx\/wp-content\/uploads\/2023\/06\/1000082497-768x515.jpg 768w, https:\/\/fuentesfidedignas.com.mx\/wp-content\/uploads\/2023\/06\/1000082497.jpg 1080w\" sizes=\"(max-width: 1024px) 100vw, 1024px\" \/><\/figure>\n\n\n\n<h2 class=\"wp-block-heading\"><strong>\u00bfCu\u00e1ndo ser\u00e1n los puentes de ciclo escolar 2023-2024?<\/strong><\/h2>\n\n\n\n<p>Los alumnos de la SEP gozar\u00e1n con los siguientes d\u00edas de descanso:<\/p>\n\n\n\n<ul class=\"wp-block-list\">\n<li>Viernes 29 de septiembre: Consejo T\u00e9cnico Escolar<\/li>\n\n\n\n<li>Viernes 27 de octubre: Consejo T\u00e9cnico Escolar<\/li>\n\n\n\n<li>Lunes 20 de noviembre: Conmemoraci\u00f3n de la Revoluci\u00f3n Mexicana.<\/li>\n\n\n\n<li>Viernes 17 de noviembre: Descarga Administrativa<\/li>\n\n\n\n<li>Viernes 24 de noviembre: Consejo T\u00e9cnico Escolar<\/li>\n\n\n\n<li>Viernes 26 de enero: Consejo T\u00e9cnico Escolar<\/li>\n\n\n\n<li>Lunes 5 de febrero: Celebraci\u00f3n del D\u00eda de la Constituci\u00f3n.<\/li>\n\n\n\n<li>Viernes 23 de febrero: Consejo T\u00e9cnico Escolar<\/li>\n\n\n\n<li>Viernes 15 de marzo: Descarga Administrativa<\/li>\n\n\n\n<li>Lunes 18 de marzo: Aunque el Natalicio de Benito Ju\u00e1rez es el 20 de marzo, la SEP decidi\u00f3 recorrerlo al lunes 18.<\/li>\n\n\n\n<li>Viernes 26 de abril: Consejo T\u00e9cnico Escolar<\/li>\n\n\n\n<li>Viernes 31 de mayo: Consejo T\u00e9cnico Escolar<\/li>\n\n\n\n<li>Viernes 28 de junio: Consejo T\u00e9cnico Escolar<\/li>\n\n\n\n<li>Viernes 12 de julio: Descarga Administrativa<\/li>\n<\/ul>\n\n\n\n<p>Lo que significa que el primer puente llegar\u00e1 el viernes 29 de septiembre por la reuni\u00f3n del Consejo T\u00e9cnico Escolar y el \u00faltimo del ciclo ser\u00e1 el viernes 12 de julio,\u00a0<strong>con el objetivo de realizar la descarga administrativa<\/strong>\u00a0que se realiza en las escuelas de nivel b\u00e1sico.<\/p>\n\n\n\n<p>Adem\u00e1s, en marzo los docentes podr\u00e1n disfrutar de un \u2018mega puente\u2019, ya que el viernes 15 de marzo habr\u00e1 descarga administrativa en los planteles y<strong>&nbsp;el lunes 18 de marzo se recorre el descanso por el Natalicio de Benito Ju\u00e1rez<\/strong>&nbsp;y la entrada de la primavera.<\/p>\n\n\n\n<h2 class=\"wp-block-heading\"><strong>\u00bfCu\u00e1ndo terminan las clases de ciclo escolar 2022-2023?<\/strong><\/h2>\n\n\n\n<p>De acuerdo con el calendario escolar de la SEP, el \u00faltimo d\u00eda de clases se dar\u00e1 el siguiente 19 de julio, por lo que&nbsp;<strong>los estudiantes dejar\u00e1n de asistir a las aulas en dicha fecha.<\/strong><\/p>\n\n\n\n<p>Sin embargo, como ya lo mencionamos, los docentes asistir\u00e1n, al menos, una semana m\u00e1s a sus respectivas instituciones ya que, en el calendario escolar,&nbsp;<strong>se tienen programadas las entregas de boletas<\/strong>&nbsp;as\u00ed como el taller intensivo de formaci\u00f3n continua.<\/p>\n\n\n\n<h2 class=\"wp-block-heading\"><strong>\u00bfCu\u00e1ndo\u00a0ser\u00e1 el regreso a clases?<\/strong><\/h2>\n\n\n\n<p>El pr\u00f3ximo periodo escolar 2023-2024&nbsp;<strong>iniciar\u00e1<\/strong><strong>&nbsp;el lunes 28 de agosto,<\/strong>&nbsp;seg\u00fan el calendario de la Secretar\u00eda de Educaci\u00f3n.<\/p>\n\n\n\n<p>Esta medida busca proporcionar a los docentes la oportunidad de participar en el taller de formaci\u00f3n continua al final del ciclo escolar, permiti\u00e9ndoles revisar y planificar la aplicaci\u00f3n del plan de estudios. Adem\u00e1s,<strong>&nbsp;brinda a los estudiantes un adelanto en el inicio de sus vacaciones de verano.<\/strong><\/p>\n","protected":false},"excerpt":{"rendered":"<p>La SEP marc\u00f3 tres puentes oficiales para los alumnos de educaci\u00f3n b\u00e1sica, sin embargo, con las juntas de Consejo T\u00e9cnico y las descargas administrativas suman m\u00e1s de 10 mega puentes Ciudad de M\u00e9xico. \u00a1Ya puedes planear tus pr\u00f3ximas vacaciones! Aunque a\u00fan no termina el ciclo escolar 2022-2023, ya puedes conocer cu\u00e1ndo ser\u00e1n los d\u00edas de [&hellip;]<\/p>\n","protected":false},"author":9,"featured_media":51096,"comment_status":"open","ping_status":"open","sticky":false,"template":"","format":"standard","meta":{"tdm_status":"","tdm_grid_status":"","footnotes":""},"categories":[37,1],"tags":[],"class_list":{"0":"post-51093","1":"post","2":"type-post","3":"status-publish","4":"format-standard","5":"has-post-thumbnail","7":"category-nota-principal","8":"category-sin-categoria"},"yoast_head":"<!-- This site is optimized with the Yoast SEO plugin v27.4 - https:\/\/yoast.com\/product\/yoast-seo-wordpress\/ -->\n<title>Calendario escolar 2023-2024: estos ser\u00e1n los puentes y d\u00edas festivos - Fuentes Fidedignas<\/title>\n<meta name=\"robots\" content=\"index, follow, max-snippet:-1, max-image-preview:large, max-video-preview:-1\" \/>\n<link rel=\"canonical\" href=\"https:\/\/fuentesfidedignas.com.mx\/index.php\/2023\/06\/26\/calendario-escolar-2023-2024-estos-seran-los-puentes-y-dias-festivos\/\" \/>\n<meta property=\"og:locale\" content=\"es_MX\" \/>\n<meta property=\"og:type\" content=\"article\" \/>\n<meta property=\"og:title\" content=\"Calendario escolar 2023-2024: estos ser\u00e1n los puentes y d\u00edas festivos - Fuentes Fidedignas\" \/>\n<meta property=\"og:description\" content=\"La SEP marc\u00f3 tres puentes oficiales para los alumnos de educaci\u00f3n b\u00e1sica, sin embargo, con las juntas de Consejo T\u00e9cnico y las descargas administrativas suman m\u00e1s de 10 mega puentes Ciudad de M\u00e9xico. \u00a1Ya puedes planear tus pr\u00f3ximas vacaciones! Aunque a\u00fan no termina el ciclo escolar 2022-2023, ya puedes conocer cu\u00e1ndo ser\u00e1n los d\u00edas de [&hellip;]\" \/>\n<meta property=\"og:url\" content=\"https:\/\/fuentesfidedignas.com.mx\/index.php\/2023\/06\/26\/calendario-escolar-2023-2024-estos-seran-los-puentes-y-dias-festivos\/\" \/>\n<meta property=\"og:site_name\" content=\"Fuentes Fidedignas\" \/>\n<meta property=\"article:publisher\" content=\"https:\/\/www.facebook.com\/Fuentes-Fidedignas-368234489921644\" \/>\n<meta property=\"article:published_time\" content=\"2023-06-26T20:34:32+00:00\" \/>\n<meta property=\"article:modified_time\" content=\"2023-06-26T20:37:55+00:00\" \/>\n<meta property=\"og:image\" content=\"https:\/\/fuentesfidedignas.com.mx\/wp-content\/uploads\/2023\/06\/images-10.jpeg\" \/>\n\t<meta property=\"og:image:width\" content=\"600\" \/>\n\t<meta property=\"og:image:height\" content=\"370\" \/>\n\t<meta property=\"og:image:type\" content=\"image\/jpeg\" \/>\n<meta name=\"author\" content=\"Milenio\" \/>\n<meta name=\"twitter:card\" content=\"summary_large_image\" \/>\n<meta name=\"twitter:creator\" content=\"@fidedignas\" \/>\n<meta name=\"twitter:site\" content=\"@fidedignas\" \/>\n<meta name=\"twitter:label1\" content=\"Escrito por\" \/>\n\t<meta name=\"twitter:data1\" content=\"Milenio\" \/>\n\t<meta name=\"twitter:label2\" content=\"Tiempo de lectura\" \/>\n\t<meta name=\"twitter:data2\" content=\"3 minutos\" \/>\n<script type=\"application\/ld+json\" class=\"yoast-schema-graph\">{\"@context\":\"https:\\\/\\\/schema.org\",\"@graph\":[{\"@type\":\"Article\",\"@id\":\"https:\\\/\\\/fuentesfidedignas.com.mx\\\/index.php\\\/2023\\\/06\\\/26\\\/calendario-escolar-2023-2024-estos-seran-los-puentes-y-dias-festivos\\\/#article\",\"isPartOf\":{\"@id\":\"https:\\\/\\\/fuentesfidedignas.com.mx\\\/index.php\\\/2023\\\/06\\\/26\\\/calendario-escolar-2023-2024-estos-seran-los-puentes-y-dias-festivos\\\/\"},\"author\":{\"name\":\"Milenio\",\"@id\":\"https:\\\/\\\/fuentesfidedignas.com.mx\\\/#\\\/schema\\\/person\\\/47ec0135738f4b0c7495f06a77a2c976\"},\"headline\":\"Calendario escolar 2023-2024: estos ser\u00e1n los puentes y d\u00edas festivos\",\"datePublished\":\"2023-06-26T20:34:32+00:00\",\"dateModified\":\"2023-06-26T20:37:55+00:00\",\"mainEntityOfPage\":{\"@id\":\"https:\\\/\\\/fuentesfidedignas.com.mx\\\/index.php\\\/2023\\\/06\\\/26\\\/calendario-escolar-2023-2024-estos-seran-los-puentes-y-dias-festivos\\\/\"},\"wordCount\":584,\"commentCount\":0,\"publisher\":{\"@id\":\"https:\\\/\\\/fuentesfidedignas.com.mx\\\/#organization\"},\"image\":{\"@id\":\"https:\\\/\\\/fuentesfidedignas.com.mx\\\/index.php\\\/2023\\\/06\\\/26\\\/calendario-escolar-2023-2024-estos-seran-los-puentes-y-dias-festivos\\\/#primaryimage\"},\"thumbnailUrl\":\"https:\\\/\\\/fuentesfidedignas.com.mx\\\/wp-content\\\/uploads\\\/2023\\\/06\\\/images-10.jpeg\",\"articleSection\":[\"NOTA PRINCIPAL\"],\"inLanguage\":\"es\",\"potentialAction\":[{\"@type\":\"CommentAction\",\"name\":\"Comment\",\"target\":[\"https:\\\/\\\/fuentesfidedignas.com.mx\\\/index.php\\\/2023\\\/06\\\/26\\\/calendario-escolar-2023-2024-estos-seran-los-puentes-y-dias-festivos\\\/#respond\"]}]},{\"@type\":\"WebPage\",\"@id\":\"https:\\\/\\\/fuentesfidedignas.com.mx\\\/index.php\\\/2023\\\/06\\\/26\\\/calendario-escolar-2023-2024-estos-seran-los-puentes-y-dias-festivos\\\/\",\"url\":\"https:\\\/\\\/fuentesfidedignas.com.mx\\\/index.php\\\/2023\\\/06\\\/26\\\/calendario-escolar-2023-2024-estos-seran-los-puentes-y-dias-festivos\\\/\",\"name\":\"Calendario escolar 2023-2024: estos ser\u00e1n los puentes y d\u00edas festivos - Fuentes Fidedignas\",\"isPartOf\":{\"@id\":\"https:\\\/\\\/fuentesfidedignas.com.mx\\\/#website\"},\"primaryImageOfPage\":{\"@id\":\"https:\\\/\\\/fuentesfidedignas.com.mx\\\/index.php\\\/2023\\\/06\\\/26\\\/calendario-escolar-2023-2024-estos-seran-los-puentes-y-dias-festivos\\\/#primaryimage\"},\"image\":{\"@id\":\"https:\\\/\\\/fuentesfidedignas.com.mx\\\/index.php\\\/2023\\\/06\\\/26\\\/calendario-escolar-2023-2024-estos-seran-los-puentes-y-dias-festivos\\\/#primaryimage\"},\"thumbnailUrl\":\"https:\\\/\\\/fuentesfidedignas.com.mx\\\/wp-content\\\/uploads\\\/2023\\\/06\\\/images-10.jpeg\",\"datePublished\":\"2023-06-26T20:34:32+00:00\",\"dateModified\":\"2023-06-26T20:37:55+00:00\",\"breadcrumb\":{\"@id\":\"https:\\\/\\\/fuentesfidedignas.com.mx\\\/index.php\\\/2023\\\/06\\\/26\\\/calendario-escolar-2023-2024-estos-seran-los-puentes-y-dias-festivos\\\/#breadcrumb\"},\"inLanguage\":\"es\",\"potentialAction\":[{\"@type\":\"ReadAction\",\"target\":[\"https:\\\/\\\/fuentesfidedignas.com.mx\\\/index.php\\\/2023\\\/06\\\/26\\\/calendario-escolar-2023-2024-estos-seran-los-puentes-y-dias-festivos\\\/\"]}]},{\"@type\":\"ImageObject\",\"inLanguage\":\"es\",\"@id\":\"https:\\\/\\\/fuentesfidedignas.com.mx\\\/index.php\\\/2023\\\/06\\\/26\\\/calendario-escolar-2023-2024-estos-seran-los-puentes-y-dias-festivos\\\/#primaryimage\",\"url\":\"https:\\\/\\\/fuentesfidedignas.com.mx\\\/wp-content\\\/uploads\\\/2023\\\/06\\\/images-10.jpeg\",\"contentUrl\":\"https:\\\/\\\/fuentesfidedignas.com.mx\\\/wp-content\\\/uploads\\\/2023\\\/06\\\/images-10.jpeg\",\"width\":600,\"height\":370},{\"@type\":\"BreadcrumbList\",\"@id\":\"https:\\\/\\\/fuentesfidedignas.com.mx\\\/index.php\\\/2023\\\/06\\\/26\\\/calendario-escolar-2023-2024-estos-seran-los-puentes-y-dias-festivos\\\/#breadcrumb\",\"itemListElement\":[{\"@type\":\"ListItem\",\"position\":1,\"name\":\"Inicio\",\"item\":\"https:\\\/\\\/fuentesfidedignas.com.mx\\\/\"},{\"@type\":\"ListItem\",\"position\":2,\"name\":\"Calendario escolar 2023-2024: estos ser\u00e1n los puentes y d\u00edas festivos\"}]},{\"@type\":\"WebSite\",\"@id\":\"https:\\\/\\\/fuentesfidedignas.com.mx\\\/#website\",\"url\":\"https:\\\/\\\/fuentesfidedignas.com.mx\\\/\",\"name\":\"Fuentes Fidedignas\",\"description\":\"Otro sitio realizado con WordPress\",\"publisher\":{\"@id\":\"https:\\\/\\\/fuentesfidedignas.com.mx\\\/#organization\"},\"potentialAction\":[{\"@type\":\"SearchAction\",\"target\":{\"@type\":\"EntryPoint\",\"urlTemplate\":\"https:\\\/\\\/fuentesfidedignas.com.mx\\\/?s={search_term_string}\"},\"query-input\":{\"@type\":\"PropertyValueSpecification\",\"valueRequired\":true,\"valueName\":\"search_term_string\"}}],\"inLanguage\":\"es\"},{\"@type\":\"Organization\",\"@id\":\"https:\\\/\\\/fuentesfidedignas.com.mx\\\/#organization\",\"name\":\"Fuentes Fidedignas\",\"url\":\"https:\\\/\\\/fuentesfidedignas.com.mx\\\/\",\"logo\":{\"@type\":\"ImageObject\",\"inLanguage\":\"es\",\"@id\":\"https:\\\/\\\/fuentesfidedignas.com.mx\\\/#\\\/schema\\\/logo\\\/image\\\/\",\"url\":\"https:\\\/\\\/fuentesfidedignas.com.mx\\\/wp-content\\\/uploads\\\/2021\\\/04\\\/logo-retina.png\",\"contentUrl\":\"https:\\\/\\\/fuentesfidedignas.com.mx\\\/wp-content\\\/uploads\\\/2021\\\/04\\\/logo-retina.png\",\"width\":280,\"height\":51,\"caption\":\"Fuentes Fidedignas\"},\"image\":{\"@id\":\"https:\\\/\\\/fuentesfidedignas.com.mx\\\/#\\\/schema\\\/logo\\\/image\\\/\"},\"sameAs\":[\"https:\\\/\\\/www.facebook.com\\\/Fuentes-Fidedignas-368234489921644\",\"https:\\\/\\\/x.com\\\/fidedignas\"]},{\"@type\":\"Person\",\"@id\":\"https:\\\/\\\/fuentesfidedignas.com.mx\\\/#\\\/schema\\\/person\\\/47ec0135738f4b0c7495f06a77a2c976\",\"name\":\"Milenio\",\"image\":{\"@type\":\"ImageObject\",\"inLanguage\":\"es\",\"@id\":\"https:\\\/\\\/secure.gravatar.com\\\/avatar\\\/acabf7b54753e51c2c76457954577c236b3b764789b19879565769739d1e4a75?s=96&d=mm&r=g\",\"url\":\"https:\\\/\\\/secure.gravatar.com\\\/avatar\\\/acabf7b54753e51c2c76457954577c236b3b764789b19879565769739d1e4a75?s=96&d=mm&r=g\",\"contentUrl\":\"https:\\\/\\\/secure.gravatar.com\\\/avatar\\\/acabf7b54753e51c2c76457954577c236b3b764789b19879565769739d1e4a75?s=96&d=mm&r=g\",\"caption\":\"Milenio\"},\"url\":\"https:\\\/\\\/fuentesfidedignas.com.mx\\\/index.php\\\/author\\\/milenio\\\/\"}]}<\/script>\n<!-- \/ Yoast SEO plugin. -->","yoast_head_json":{"title":"Calendario escolar 2023-2024: estos ser\u00e1n los puentes y d\u00edas festivos - Fuentes Fidedignas","robots":{"index":"index","follow":"follow","max-snippet":"max-snippet:-1","max-image-preview":"max-image-preview:large","max-video-preview":"max-video-preview:-1"},"canonical":"https:\/\/fuentesfidedignas.com.mx\/index.php\/2023\/06\/26\/calendario-escolar-2023-2024-estos-seran-los-puentes-y-dias-festivos\/","og_locale":"es_MX","og_type":"article","og_title":"Calendario escolar 2023-2024: estos ser\u00e1n los puentes y d\u00edas festivos - Fuentes Fidedignas","og_description":"La SEP marc\u00f3 tres puentes oficiales para los alumnos de educaci\u00f3n b\u00e1sica, sin embargo, con las juntas de Consejo T\u00e9cnico y las descargas administrativas suman m\u00e1s de 10 mega puentes Ciudad de M\u00e9xico. \u00a1Ya puedes planear tus pr\u00f3ximas vacaciones! Aunque a\u00fan no termina el ciclo escolar 2022-2023, ya puedes conocer cu\u00e1ndo ser\u00e1n los d\u00edas de [&hellip;]","og_url":"https:\/\/fuentesfidedignas.com.mx\/index.php\/2023\/06\/26\/calendario-escolar-2023-2024-estos-seran-los-puentes-y-dias-festivos\/","og_site_name":"Fuentes Fidedignas","article_publisher":"https:\/\/www.facebook.com\/Fuentes-Fidedignas-368234489921644","article_published_time":"2023-06-26T20:34:32+00:00","article_modified_time":"2023-06-26T20:37:55+00:00","og_image":[{"width":600,"height":370,"url":"https:\/\/fuentesfidedignas.com.mx\/wp-content\/uploads\/2023\/06\/images-10.jpeg","type":"image\/jpeg"}],"author":"Milenio","twitter_card":"summary_large_image","twitter_creator":"@fidedignas","twitter_site":"@fidedignas","twitter_misc":{"Escrito por":"Milenio","Tiempo de lectura":"3 minutos"},"schema":{"@context":"https:\/\/schema.org","@graph":[{"@type":"Article","@id":"https:\/\/fuentesfidedignas.com.mx\/index.php\/2023\/06\/26\/calendario-escolar-2023-2024-estos-seran-los-puentes-y-dias-festivos\/#article","isPartOf":{"@id":"https:\/\/fuentesfidedignas.com.mx\/index.php\/2023\/06\/26\/calendario-escolar-2023-2024-estos-seran-los-puentes-y-dias-festivos\/"},"author":{"name":"Milenio","@id":"https:\/\/fuentesfidedignas.com.mx\/#\/schema\/person\/47ec0135738f4b0c7495f06a77a2c976"},"headline":"Calendario escolar 2023-2024: estos ser\u00e1n los puentes y d\u00edas festivos","datePublished":"2023-06-26T20:34:32+00:00","dateModified":"2023-06-26T20:37:55+00:00","mainEntityOfPage":{"@id":"https:\/\/fuentesfidedignas.com.mx\/index.php\/2023\/06\/26\/calendario-escolar-2023-2024-estos-seran-los-puentes-y-dias-festivos\/"},"wordCount":584,"commentCount":0,"publisher":{"@id":"https:\/\/fuentesfidedignas.com.mx\/#organization"},"image":{"@id":"https:\/\/fuentesfidedignas.com.mx\/index.php\/2023\/06\/26\/calendario-escolar-2023-2024-estos-seran-los-puentes-y-dias-festivos\/#primaryimage"},"thumbnailUrl":"https:\/\/fuentesfidedignas.com.mx\/wp-content\/uploads\/2023\/06\/images-10.jpeg","articleSection":["NOTA PRINCIPAL"],"inLanguage":"es","potentialAction":[{"@type":"CommentAction","name":"Comment","target":["https:\/\/fuentesfidedignas.com.mx\/index.php\/2023\/06\/26\/calendario-escolar-2023-2024-estos-seran-los-puentes-y-dias-festivos\/#respond"]}]},{"@type":"WebPage","@id":"https:\/\/fuentesfidedignas.com.mx\/index.php\/2023\/06\/26\/calendario-escolar-2023-2024-estos-seran-los-puentes-y-dias-festivos\/","url":"https:\/\/fuentesfidedignas.com.mx\/index.php\/2023\/06\/26\/calendario-escolar-2023-2024-estos-seran-los-puentes-y-dias-festivos\/","name":"Calendario escolar 2023-2024: estos ser\u00e1n los puentes y d\u00edas festivos - Fuentes Fidedignas","isPartOf":{"@id":"https:\/\/fuentesfidedignas.com.mx\/#website"},"primaryImageOfPage":{"@id":"https:\/\/fuentesfidedignas.com.mx\/index.php\/2023\/06\/26\/calendario-escolar-2023-2024-estos-seran-los-puentes-y-dias-festivos\/#primaryimage"},"image":{"@id":"https:\/\/fuentesfidedignas.com.mx\/index.php\/2023\/06\/26\/calendario-escolar-2023-2024-estos-seran-los-puentes-y-dias-festivos\/#primaryimage"},"thumbnailUrl":"https:\/\/fuentesfidedignas.com.mx\/wp-content\/uploads\/2023\/06\/images-10.jpeg","datePublished":"2023-06-26T20:34:32+00:00","dateModified":"2023-06-26T20:37:55+00:00","breadcrumb":{"@id":"https:\/\/fuentesfidedignas.com.mx\/index.php\/2023\/06\/26\/calendario-escolar-2023-2024-estos-seran-los-puentes-y-dias-festivos\/#breadcrumb"},"inLanguage":"es","potentialAction":[{"@type":"ReadAction","target":["https:\/\/fuentesfidedignas.com.mx\/index.php\/2023\/06\/26\/calendario-escolar-2023-2024-estos-seran-los-puentes-y-dias-festivos\/"]}]},{"@type":"ImageObject","inLanguage":"es","@id":"https:\/\/fuentesfidedignas.com.mx\/index.php\/2023\/06\/26\/calendario-escolar-2023-2024-estos-seran-los-puentes-y-dias-festivos\/#primaryimage","url":"https:\/\/fuentesfidedignas.com.mx\/wp-content\/uploads\/2023\/06\/images-10.jpeg","contentUrl":"https:\/\/fuentesfidedignas.com.mx\/wp-content\/uploads\/2023\/06\/images-10.jpeg","width":600,"height":370},{"@type":"BreadcrumbList","@id":"https:\/\/fuentesfidedignas.com.mx\/index.php\/2023\/06\/26\/calendario-escolar-2023-2024-estos-seran-los-puentes-y-dias-festivos\/#breadcrumb","itemListElement":[{"@type":"ListItem","position":1,"name":"Inicio","item":"https:\/\/fuentesfidedignas.com.mx\/"},{"@type":"ListItem","position":2,"name":"Calendario escolar 2023-2024: estos ser\u00e1n los puentes y d\u00edas festivos"}]},{"@type":"WebSite","@id":"https:\/\/fuentesfidedignas.com.mx\/#website","url":"https:\/\/fuentesfidedignas.com.mx\/","name":"Fuentes Fidedignas","description":"Otro sitio realizado con WordPress","publisher":{"@id":"https:\/\/fuentesfidedignas.com.mx\/#organization"},"potentialAction":[{"@type":"SearchAction","target":{"@type":"EntryPoint","urlTemplate":"https:\/\/fuentesfidedignas.com.mx\/?s={search_term_string}"},"query-input":{"@type":"PropertyValueSpecification","valueRequired":true,"valueName":"search_term_string"}}],"inLanguage":"es"},{"@type":"Organization","@id":"https:\/\/fuentesfidedignas.com.mx\/#organization","name":"Fuentes Fidedignas","url":"https:\/\/fuentesfidedignas.com.mx\/","logo":{"@type":"ImageObject","inLanguage":"es","@id":"https:\/\/fuentesfidedignas.com.mx\/#\/schema\/logo\/image\/","url":"https:\/\/fuentesfidedignas.com.mx\/wp-content\/uploads\/2021\/04\/logo-retina.png","contentUrl":"https:\/\/fuentesfidedignas.com.mx\/wp-content\/uploads\/2021\/04\/logo-retina.png","width":280,"height":51,"caption":"Fuentes Fidedignas"},"image":{"@id":"https:\/\/fuentesfidedignas.com.mx\/#\/schema\/logo\/image\/"},"sameAs":["https:\/\/www.facebook.com\/Fuentes-Fidedignas-368234489921644","https:\/\/x.com\/fidedignas"]},{"@type":"Person","@id":"https:\/\/fuentesfidedignas.com.mx\/#\/schema\/person\/47ec0135738f4b0c7495f06a77a2c976","name":"Milenio","image":{"@type":"ImageObject","inLanguage":"es","@id":"https:\/\/secure.gravatar.com\/avatar\/acabf7b54753e51c2c76457954577c236b3b764789b19879565769739d1e4a75?s=96&d=mm&r=g","url":"https:\/\/secure.gravatar.com\/avatar\/acabf7b54753e51c2c76457954577c236b3b764789b19879565769739d1e4a75?s=96&d=mm&r=g","contentUrl":"https:\/\/secure.gravatar.com\/avatar\/acabf7b54753e51c2c76457954577c236b3b764789b19879565769739d1e4a75?s=96&d=mm&r=g","caption":"Milenio"},"url":"https:\/\/fuentesfidedignas.com.mx\/index.php\/author\/milenio\/"}]}},"_links":{"self":[{"href":"https:\/\/fuentesfidedignas.com.mx\/index.php\/wp-json\/wp\/v2\/posts\/51093","targetHints":{"allow":["GET"]}}],"collection":[{"href":"https:\/\/fuentesfidedignas.com.mx\/index.php\/wp-json\/wp\/v2\/posts"}],"about":[{"href":"https:\/\/fuentesfidedignas.com.mx\/index.php\/wp-json\/wp\/v2\/types\/post"}],"author":[{"embeddable":true,"href":"https:\/\/fuentesfidedignas.com.mx\/index.php\/wp-json\/wp\/v2\/users\/9"}],"replies":[{"embeddable":true,"href":"https:\/\/fuentesfidedignas.com.mx\/index.php\/wp-json\/wp\/v2\/comments?post=51093"}],"version-history":[{"count":1,"href":"https:\/\/fuentesfidedignas.com.mx\/index.php\/wp-json\/wp\/v2\/posts\/51093\/revisions"}],"predecessor-version":[{"id":51095,"href":"https:\/\/fuentesfidedignas.com.mx\/index.php\/wp-json\/wp\/v2\/posts\/51093\/revisions\/51095"}],"wp:featuredmedia":[{"embeddable":true,"href":"https:\/\/fuentesfidedignas.com.mx\/index.php\/wp-json\/wp\/v2\/media\/51096"}],"wp:attachment":[{"href":"https:\/\/fuentesfidedignas.com.mx\/index.php\/wp-json\/wp\/v2\/media?parent=51093"}],"wp:term":[{"taxonomy":"category","embeddable":true,"href":"https:\/\/fuentesfidedignas.com.mx\/index.php\/wp-json\/wp\/v2\/categories?post=51093"},{"taxonomy":"post_tag","embeddable":true,"href":"https:\/\/fuentesfidedignas.com.mx\/index.php\/wp-json\/wp\/v2\/tags?post=51093"}],"curies":[{"name":"wp","href":"https:\/\/api.w.org\/{rel}","templated":true}]}}