{"id":51051,"date":"2023-06-26T10:23:14","date_gmt":"2023-06-26T17:23:14","guid":{"rendered":"https:\/\/fuentesfidedignas.com.mx\/?p=51051"},"modified":"2023-06-26T11:01:47","modified_gmt":"2023-06-26T18:01:47","slug":"el-pas-trabaja-los-365-dias-del-ano-no-solo-en-tiempos-electorales-se-reflejara-en-el-2024-cuen","status":"publish","type":"post","link":"https:\/\/fuentesfidedignas.com.mx\/index.php\/2023\/06\/26\/el-pas-trabaja-los-365-dias-del-ano-no-solo-en-tiempos-electorales-se-reflejara-en-el-2024-cuen\/","title":{"rendered":"EL PAS trabaja los 365 d\u00edas del a\u00f1o, no solo en tiempos electorales; se reflejar\u00e1 en el 2024: Cu\u00e9n"},"content":{"rendered":"\n<p><strong><em>Rumbo al 2024, el PAS se encuentra m\u00e1s fuerte que nunca y cualquier alianza que se genere siempre ser\u00e1 en favor de los ciudadanos<\/em><\/strong><\/p>\n\n\n\n<p>Culiac\u00e1n, Sinaloa.- En entrevista el dirigente estatal del Partido Sinaloense, H\u00e9ctor Melesio Cu\u00e9n Ojeda, habl\u00f3 sobre las posibles alianzas que se pueden dar a nivel nacional para las pr\u00f3ximas elecciones del 2024, ya que viene una mega elecci\u00f3n, donde dijo, como Partido Sinaloense se le dar\u00e1 seguimiento al candidato que el PAS ha venido apoyando de hace ya m\u00e1s de 10 meses, que es Ad\u00e1n Augusto L\u00f3pez Hern\u00e1ndez, sin embargo, no descart\u00f3 otras posibles coaliciones.<\/p>\n\n\n\n<p><em>\u201d<strong>Claro que seguimos apoyando a Ad\u00e1n Augusto, somos gente de palabra, y lo apoyamos desde Julio del a\u00f1o pasado, y a ellos les consta que no hay simulaci\u00f3n. En las encuestas se ha demostrado nuestro apoyo. Nosotros como partido local lo apoyamos de facto, porque no podemos tener candidatos a nivel federal<\/strong>\u201d,<\/em> dijo el pasista.<\/p>\n\n\n\n<p>As\u00ed mismo, Cu\u00e9n Ojeda, asegur\u00f3, que trabajar para la ciudadan\u00eda es una prioridad para el Partido Sinaloense, y un ejemplo de ello, son las iniciativas que se han presentado en el Congreso de la Uni\u00f3nsin embargo lament\u00f3 que los legisladores han hecho caso omiso, pues dijo, ellos solo se acercan a la gente cuando quieren pedir el voto pero a la hora de trabajar se esconden.<\/p>\n\n\n\n<p><em>\u201dYo me acuerdo que en la \u00faltima iniciativa ciudadana que nosotros presentamos, fueron m\u00e1s de 284 mil firmas que tiene que ver, para que un partido pol\u00edtico mantenga su registro transite del 3 al 5%, esa es la propuesta que nosotros hicimos y est\u00e1 en el Congreso de la Uni\u00f3n y les ha valido un comino, no les importan los ciudadanos\u201d,<\/em> dijo el dirigente.<\/p>\n\n\n\n<p>El dirigente estatal a provecho adem\u00e1s, para agradecer a la gente las atenciones que recibe en sus recorridos diarios por todo el estado, en donde se ha logrado llevar informaci\u00f3n de importancia, como lo es, el no tirar basura en las calles para evitar los estancamientos de agua a la hora de las lluvias y de este modo evitar los problemas de inundaciones que se vienen con la temporada de lluvias.<\/p>\n\n\n\n<p>En otro tema, hizo un llamado a la administraci\u00f3n estatal a voltear a ver el tema de la infraestructura escolar, ya que es una burla el estado en que se encuentran algunas aulas, poniendo como claro ejemplo, el suceso de la semana pasada, donde un techo colapso en una primaria, por lo que es urgente atender esta problem\u00e1tica.<\/p>\n","protected":false},"excerpt":{"rendered":"<p>Rumbo al 2024, el PAS se encuentra m\u00e1s fuerte que nunca y cualquier alianza que se genere siempre ser\u00e1 en favor de los ciudadanos Culiac\u00e1n, Sinaloa.- En entrevista el dirigente estatal del Partido Sinaloense, H\u00e9ctor Melesio Cu\u00e9n Ojeda, habl\u00f3 sobre las posibles alianzas que se pueden dar a nivel nacional para las pr\u00f3ximas elecciones del [&hellip;]<\/p>\n","protected":false},"author":4,"featured_media":51053,"comment_status":"open","ping_status":"open","sticky":false,"template":"","format":"standard","meta":{"tdm_status":"","tdm_grid_status":"","footnotes":""},"categories":[37,1],"tags":[],"class_list":{"0":"post-51051","1":"post","2":"type-post","3":"status-publish","4":"format-standard","5":"has-post-thumbnail","7":"category-nota-principal","8":"category-sin-categoria"},"yoast_head":"<!-- This site is optimized with the Yoast SEO plugin v27.4 - https:\/\/yoast.com\/product\/yoast-seo-wordpress\/ -->\n<title>EL PAS trabaja los 365 d\u00edas del a\u00f1o, no solo en tiempos electorales; se reflejar\u00e1 en el 2024: Cu\u00e9n - Fuentes Fidedignas<\/title>\n<meta name=\"robots\" content=\"index, follow, max-snippet:-1, max-image-preview:large, max-video-preview:-1\" \/>\n<link rel=\"canonical\" href=\"https:\/\/fuentesfidedignas.com.mx\/index.php\/2023\/06\/26\/el-pas-trabaja-los-365-dias-del-ano-no-solo-en-tiempos-electorales-se-reflejara-en-el-2024-cuen\/\" \/>\n<meta property=\"og:locale\" content=\"es_MX\" \/>\n<meta property=\"og:type\" content=\"article\" \/>\n<meta property=\"og:title\" content=\"EL PAS trabaja los 365 d\u00edas del a\u00f1o, no solo en tiempos electorales; se reflejar\u00e1 en el 2024: Cu\u00e9n - Fuentes Fidedignas\" \/>\n<meta property=\"og:description\" content=\"Rumbo al 2024, el PAS se encuentra m\u00e1s fuerte que nunca y cualquier alianza que se genere siempre ser\u00e1 en favor de los ciudadanos Culiac\u00e1n, Sinaloa.- En entrevista el dirigente estatal del Partido Sinaloense, H\u00e9ctor Melesio Cu\u00e9n Ojeda, habl\u00f3 sobre las posibles alianzas que se pueden dar a nivel nacional para las pr\u00f3ximas elecciones del [&hellip;]\" \/>\n<meta property=\"og:url\" content=\"https:\/\/fuentesfidedignas.com.mx\/index.php\/2023\/06\/26\/el-pas-trabaja-los-365-dias-del-ano-no-solo-en-tiempos-electorales-se-reflejara-en-el-2024-cuen\/\" \/>\n<meta property=\"og:site_name\" content=\"Fuentes Fidedignas\" \/>\n<meta property=\"article:publisher\" content=\"https:\/\/www.facebook.com\/Fuentes-Fidedignas-368234489921644\" \/>\n<meta property=\"article:published_time\" content=\"2023-06-26T17:23:14+00:00\" \/>\n<meta property=\"article:modified_time\" content=\"2023-06-26T18:01:47+00:00\" \/>\n<meta property=\"og:image\" content=\"https:\/\/fuentesfidedignas.com.mx\/wp-content\/uploads\/2023\/06\/IMG-20230626-WA0011.jpg\" \/>\n\t<meta property=\"og:image:width\" content=\"624\" \/>\n\t<meta property=\"og:image:height\" content=\"416\" \/>\n\t<meta property=\"og:image:type\" content=\"image\/jpeg\" \/>\n<meta name=\"author\" content=\"Redacci\u00f3n\" \/>\n<meta name=\"twitter:card\" content=\"summary_large_image\" \/>\n<meta name=\"twitter:creator\" content=\"@fidedignas\" \/>\n<meta name=\"twitter:site\" content=\"@fidedignas\" \/>\n<meta name=\"twitter:label1\" content=\"Escrito por\" \/>\n\t<meta name=\"twitter:data1\" content=\"Redacci\u00f3n\" \/>\n\t<meta name=\"twitter:label2\" content=\"Tiempo de lectura\" \/>\n\t<meta name=\"twitter:data2\" content=\"2 minutos\" \/>\n<script type=\"application\/ld+json\" class=\"yoast-schema-graph\">{\"@context\":\"https:\\\/\\\/schema.org\",\"@graph\":[{\"@type\":\"Article\",\"@id\":\"https:\\\/\\\/fuentesfidedignas.com.mx\\\/index.php\\\/2023\\\/06\\\/26\\\/el-pas-trabaja-los-365-dias-del-ano-no-solo-en-tiempos-electorales-se-reflejara-en-el-2024-cuen\\\/#article\",\"isPartOf\":{\"@id\":\"https:\\\/\\\/fuentesfidedignas.com.mx\\\/index.php\\\/2023\\\/06\\\/26\\\/el-pas-trabaja-los-365-dias-del-ano-no-solo-en-tiempos-electorales-se-reflejara-en-el-2024-cuen\\\/\"},\"author\":{\"name\":\"Redacci\u00f3n\",\"@id\":\"https:\\\/\\\/fuentesfidedignas.com.mx\\\/#\\\/schema\\\/person\\\/331be9283d37198e2acd5750279085b0\"},\"headline\":\"EL PAS trabaja los 365 d\u00edas del a\u00f1o, no solo en tiempos electorales; se reflejar\u00e1 en el 2024: Cu\u00e9n\",\"datePublished\":\"2023-06-26T17:23:14+00:00\",\"dateModified\":\"2023-06-26T18:01:47+00:00\",\"mainEntityOfPage\":{\"@id\":\"https:\\\/\\\/fuentesfidedignas.com.mx\\\/index.php\\\/2023\\\/06\\\/26\\\/el-pas-trabaja-los-365-dias-del-ano-no-solo-en-tiempos-electorales-se-reflejara-en-el-2024-cuen\\\/\"},\"wordCount\":451,\"commentCount\":0,\"publisher\":{\"@id\":\"https:\\\/\\\/fuentesfidedignas.com.mx\\\/#organization\"},\"image\":{\"@id\":\"https:\\\/\\\/fuentesfidedignas.com.mx\\\/index.php\\\/2023\\\/06\\\/26\\\/el-pas-trabaja-los-365-dias-del-ano-no-solo-en-tiempos-electorales-se-reflejara-en-el-2024-cuen\\\/#primaryimage\"},\"thumbnailUrl\":\"https:\\\/\\\/fuentesfidedignas.com.mx\\\/wp-content\\\/uploads\\\/2023\\\/06\\\/IMG-20230626-WA0011.jpg\",\"articleSection\":[\"NOTA PRINCIPAL\"],\"inLanguage\":\"es\",\"potentialAction\":[{\"@type\":\"CommentAction\",\"name\":\"Comment\",\"target\":[\"https:\\\/\\\/fuentesfidedignas.com.mx\\\/index.php\\\/2023\\\/06\\\/26\\\/el-pas-trabaja-los-365-dias-del-ano-no-solo-en-tiempos-electorales-se-reflejara-en-el-2024-cuen\\\/#respond\"]}]},{\"@type\":\"WebPage\",\"@id\":\"https:\\\/\\\/fuentesfidedignas.com.mx\\\/index.php\\\/2023\\\/06\\\/26\\\/el-pas-trabaja-los-365-dias-del-ano-no-solo-en-tiempos-electorales-se-reflejara-en-el-2024-cuen\\\/\",\"url\":\"https:\\\/\\\/fuentesfidedignas.com.mx\\\/index.php\\\/2023\\\/06\\\/26\\\/el-pas-trabaja-los-365-dias-del-ano-no-solo-en-tiempos-electorales-se-reflejara-en-el-2024-cuen\\\/\",\"name\":\"EL PAS trabaja los 365 d\u00edas del a\u00f1o, no solo en tiempos electorales; se reflejar\u00e1 en el 2024: Cu\u00e9n - Fuentes Fidedignas\",\"isPartOf\":{\"@id\":\"https:\\\/\\\/fuentesfidedignas.com.mx\\\/#website\"},\"primaryImageOfPage\":{\"@id\":\"https:\\\/\\\/fuentesfidedignas.com.mx\\\/index.php\\\/2023\\\/06\\\/26\\\/el-pas-trabaja-los-365-dias-del-ano-no-solo-en-tiempos-electorales-se-reflejara-en-el-2024-cuen\\\/#primaryimage\"},\"image\":{\"@id\":\"https:\\\/\\\/fuentesfidedignas.com.mx\\\/index.php\\\/2023\\\/06\\\/26\\\/el-pas-trabaja-los-365-dias-del-ano-no-solo-en-tiempos-electorales-se-reflejara-en-el-2024-cuen\\\/#primaryimage\"},\"thumbnailUrl\":\"https:\\\/\\\/fuentesfidedignas.com.mx\\\/wp-content\\\/uploads\\\/2023\\\/06\\\/IMG-20230626-WA0011.jpg\",\"datePublished\":\"2023-06-26T17:23:14+00:00\",\"dateModified\":\"2023-06-26T18:01:47+00:00\",\"breadcrumb\":{\"@id\":\"https:\\\/\\\/fuentesfidedignas.com.mx\\\/index.php\\\/2023\\\/06\\\/26\\\/el-pas-trabaja-los-365-dias-del-ano-no-solo-en-tiempos-electorales-se-reflejara-en-el-2024-cuen\\\/#breadcrumb\"},\"inLanguage\":\"es\",\"potentialAction\":[{\"@type\":\"ReadAction\",\"target\":[\"https:\\\/\\\/fuentesfidedignas.com.mx\\\/index.php\\\/2023\\\/06\\\/26\\\/el-pas-trabaja-los-365-dias-del-ano-no-solo-en-tiempos-electorales-se-reflejara-en-el-2024-cuen\\\/\"]}]},{\"@type\":\"ImageObject\",\"inLanguage\":\"es\",\"@id\":\"https:\\\/\\\/fuentesfidedignas.com.mx\\\/index.php\\\/2023\\\/06\\\/26\\\/el-pas-trabaja-los-365-dias-del-ano-no-solo-en-tiempos-electorales-se-reflejara-en-el-2024-cuen\\\/#primaryimage\",\"url\":\"https:\\\/\\\/fuentesfidedignas.com.mx\\\/wp-content\\\/uploads\\\/2023\\\/06\\\/IMG-20230626-WA0011.jpg\",\"contentUrl\":\"https:\\\/\\\/fuentesfidedignas.com.mx\\\/wp-content\\\/uploads\\\/2023\\\/06\\\/IMG-20230626-WA0011.jpg\",\"width\":624,\"height\":416},{\"@type\":\"BreadcrumbList\",\"@id\":\"https:\\\/\\\/fuentesfidedignas.com.mx\\\/index.php\\\/2023\\\/06\\\/26\\\/el-pas-trabaja-los-365-dias-del-ano-no-solo-en-tiempos-electorales-se-reflejara-en-el-2024-cuen\\\/#breadcrumb\",\"itemListElement\":[{\"@type\":\"ListItem\",\"position\":1,\"name\":\"Inicio\",\"item\":\"https:\\\/\\\/fuentesfidedignas.com.mx\\\/\"},{\"@type\":\"ListItem\",\"position\":2,\"name\":\"EL PAS trabaja los 365 d\u00edas del a\u00f1o, no solo en tiempos electorales y se reflejar\u00e1 en el 2024: Cu\u00e9n\"}]},{\"@type\":\"WebSite\",\"@id\":\"https:\\\/\\\/fuentesfidedignas.com.mx\\\/#website\",\"url\":\"https:\\\/\\\/fuentesfidedignas.com.mx\\\/\",\"name\":\"Fuentes Fidedignas\",\"description\":\"Otro sitio realizado con WordPress\",\"publisher\":{\"@id\":\"https:\\\/\\\/fuentesfidedignas.com.mx\\\/#organization\"},\"potentialAction\":[{\"@type\":\"SearchAction\",\"target\":{\"@type\":\"EntryPoint\",\"urlTemplate\":\"https:\\\/\\\/fuentesfidedignas.com.mx\\\/?s={search_term_string}\"},\"query-input\":{\"@type\":\"PropertyValueSpecification\",\"valueRequired\":true,\"valueName\":\"search_term_string\"}}],\"inLanguage\":\"es\"},{\"@type\":\"Organization\",\"@id\":\"https:\\\/\\\/fuentesfidedignas.com.mx\\\/#organization\",\"name\":\"Fuentes Fidedignas\",\"url\":\"https:\\\/\\\/fuentesfidedignas.com.mx\\\/\",\"logo\":{\"@type\":\"ImageObject\",\"inLanguage\":\"es\",\"@id\":\"https:\\\/\\\/fuentesfidedignas.com.mx\\\/#\\\/schema\\\/logo\\\/image\\\/\",\"url\":\"https:\\\/\\\/fuentesfidedignas.com.mx\\\/wp-content\\\/uploads\\\/2021\\\/04\\\/logo-retina.png\",\"contentUrl\":\"https:\\\/\\\/fuentesfidedignas.com.mx\\\/wp-content\\\/uploads\\\/2021\\\/04\\\/logo-retina.png\",\"width\":280,\"height\":51,\"caption\":\"Fuentes Fidedignas\"},\"image\":{\"@id\":\"https:\\\/\\\/fuentesfidedignas.com.mx\\\/#\\\/schema\\\/logo\\\/image\\\/\"},\"sameAs\":[\"https:\\\/\\\/www.facebook.com\\\/Fuentes-Fidedignas-368234489921644\",\"https:\\\/\\\/x.com\\\/fidedignas\"]},{\"@type\":\"Person\",\"@id\":\"https:\\\/\\\/fuentesfidedignas.com.mx\\\/#\\\/schema\\\/person\\\/331be9283d37198e2acd5750279085b0\",\"name\":\"Redacci\u00f3n\",\"image\":{\"@type\":\"ImageObject\",\"inLanguage\":\"es\",\"@id\":\"https:\\\/\\\/secure.gravatar.com\\\/avatar\\\/f6d8782c11d12b2d4ad3fbb6931aeab5309937a4d6cd2fc9cfaa28a6396a5aec?s=96&d=mm&r=g\",\"url\":\"https:\\\/\\\/secure.gravatar.com\\\/avatar\\\/f6d8782c11d12b2d4ad3fbb6931aeab5309937a4d6cd2fc9cfaa28a6396a5aec?s=96&d=mm&r=g\",\"contentUrl\":\"https:\\\/\\\/secure.gravatar.com\\\/avatar\\\/f6d8782c11d12b2d4ad3fbb6931aeab5309937a4d6cd2fc9cfaa28a6396a5aec?s=96&d=mm&r=g\",\"caption\":\"Redacci\u00f3n\"},\"url\":\"https:\\\/\\\/fuentesfidedignas.com.mx\\\/index.php\\\/author\\\/redaccion\\\/\"}]}<\/script>\n<!-- \/ Yoast SEO plugin. -->","yoast_head_json":{"title":"EL PAS trabaja los 365 d\u00edas del a\u00f1o, no solo en tiempos electorales; se reflejar\u00e1 en el 2024: Cu\u00e9n - Fuentes Fidedignas","robots":{"index":"index","follow":"follow","max-snippet":"max-snippet:-1","max-image-preview":"max-image-preview:large","max-video-preview":"max-video-preview:-1"},"canonical":"https:\/\/fuentesfidedignas.com.mx\/index.php\/2023\/06\/26\/el-pas-trabaja-los-365-dias-del-ano-no-solo-en-tiempos-electorales-se-reflejara-en-el-2024-cuen\/","og_locale":"es_MX","og_type":"article","og_title":"EL PAS trabaja los 365 d\u00edas del a\u00f1o, no solo en tiempos electorales; se reflejar\u00e1 en el 2024: Cu\u00e9n - Fuentes Fidedignas","og_description":"Rumbo al 2024, el PAS se encuentra m\u00e1s fuerte que nunca y cualquier alianza que se genere siempre ser\u00e1 en favor de los ciudadanos Culiac\u00e1n, Sinaloa.- En entrevista el dirigente estatal del Partido Sinaloense, H\u00e9ctor Melesio Cu\u00e9n Ojeda, habl\u00f3 sobre las posibles alianzas que se pueden dar a nivel nacional para las pr\u00f3ximas elecciones del [&hellip;]","og_url":"https:\/\/fuentesfidedignas.com.mx\/index.php\/2023\/06\/26\/el-pas-trabaja-los-365-dias-del-ano-no-solo-en-tiempos-electorales-se-reflejara-en-el-2024-cuen\/","og_site_name":"Fuentes Fidedignas","article_publisher":"https:\/\/www.facebook.com\/Fuentes-Fidedignas-368234489921644","article_published_time":"2023-06-26T17:23:14+00:00","article_modified_time":"2023-06-26T18:01:47+00:00","og_image":[{"width":624,"height":416,"url":"https:\/\/fuentesfidedignas.com.mx\/wp-content\/uploads\/2023\/06\/IMG-20230626-WA0011.jpg","type":"image\/jpeg"}],"author":"Redacci\u00f3n","twitter_card":"summary_large_image","twitter_creator":"@fidedignas","twitter_site":"@fidedignas","twitter_misc":{"Escrito por":"Redacci\u00f3n","Tiempo de lectura":"2 minutos"},"schema":{"@context":"https:\/\/schema.org","@graph":[{"@type":"Article","@id":"https:\/\/fuentesfidedignas.com.mx\/index.php\/2023\/06\/26\/el-pas-trabaja-los-365-dias-del-ano-no-solo-en-tiempos-electorales-se-reflejara-en-el-2024-cuen\/#article","isPartOf":{"@id":"https:\/\/fuentesfidedignas.com.mx\/index.php\/2023\/06\/26\/el-pas-trabaja-los-365-dias-del-ano-no-solo-en-tiempos-electorales-se-reflejara-en-el-2024-cuen\/"},"author":{"name":"Redacci\u00f3n","@id":"https:\/\/fuentesfidedignas.com.mx\/#\/schema\/person\/331be9283d37198e2acd5750279085b0"},"headline":"EL PAS trabaja los 365 d\u00edas del a\u00f1o, no solo en tiempos electorales; se reflejar\u00e1 en el 2024: Cu\u00e9n","datePublished":"2023-06-26T17:23:14+00:00","dateModified":"2023-06-26T18:01:47+00:00","mainEntityOfPage":{"@id":"https:\/\/fuentesfidedignas.com.mx\/index.php\/2023\/06\/26\/el-pas-trabaja-los-365-dias-del-ano-no-solo-en-tiempos-electorales-se-reflejara-en-el-2024-cuen\/"},"wordCount":451,"commentCount":0,"publisher":{"@id":"https:\/\/fuentesfidedignas.com.mx\/#organization"},"image":{"@id":"https:\/\/fuentesfidedignas.com.mx\/index.php\/2023\/06\/26\/el-pas-trabaja-los-365-dias-del-ano-no-solo-en-tiempos-electorales-se-reflejara-en-el-2024-cuen\/#primaryimage"},"thumbnailUrl":"https:\/\/fuentesfidedignas.com.mx\/wp-content\/uploads\/2023\/06\/IMG-20230626-WA0011.jpg","articleSection":["NOTA PRINCIPAL"],"inLanguage":"es","potentialAction":[{"@type":"CommentAction","name":"Comment","target":["https:\/\/fuentesfidedignas.com.mx\/index.php\/2023\/06\/26\/el-pas-trabaja-los-365-dias-del-ano-no-solo-en-tiempos-electorales-se-reflejara-en-el-2024-cuen\/#respond"]}]},{"@type":"WebPage","@id":"https:\/\/fuentesfidedignas.com.mx\/index.php\/2023\/06\/26\/el-pas-trabaja-los-365-dias-del-ano-no-solo-en-tiempos-electorales-se-reflejara-en-el-2024-cuen\/","url":"https:\/\/fuentesfidedignas.com.mx\/index.php\/2023\/06\/26\/el-pas-trabaja-los-365-dias-del-ano-no-solo-en-tiempos-electorales-se-reflejara-en-el-2024-cuen\/","name":"EL PAS trabaja los 365 d\u00edas del a\u00f1o, no solo en tiempos electorales; se reflejar\u00e1 en el 2024: Cu\u00e9n - Fuentes Fidedignas","isPartOf":{"@id":"https:\/\/fuentesfidedignas.com.mx\/#website"},"primaryImageOfPage":{"@id":"https:\/\/fuentesfidedignas.com.mx\/index.php\/2023\/06\/26\/el-pas-trabaja-los-365-dias-del-ano-no-solo-en-tiempos-electorales-se-reflejara-en-el-2024-cuen\/#primaryimage"},"image":{"@id":"https:\/\/fuentesfidedignas.com.mx\/index.php\/2023\/06\/26\/el-pas-trabaja-los-365-dias-del-ano-no-solo-en-tiempos-electorales-se-reflejara-en-el-2024-cuen\/#primaryimage"},"thumbnailUrl":"https:\/\/fuentesfidedignas.com.mx\/wp-content\/uploads\/2023\/06\/IMG-20230626-WA0011.jpg","datePublished":"2023-06-26T17:23:14+00:00","dateModified":"2023-06-26T18:01:47+00:00","breadcrumb":{"@id":"https:\/\/fuentesfidedignas.com.mx\/index.php\/2023\/06\/26\/el-pas-trabaja-los-365-dias-del-ano-no-solo-en-tiempos-electorales-se-reflejara-en-el-2024-cuen\/#breadcrumb"},"inLanguage":"es","potentialAction":[{"@type":"ReadAction","target":["https:\/\/fuentesfidedignas.com.mx\/index.php\/2023\/06\/26\/el-pas-trabaja-los-365-dias-del-ano-no-solo-en-tiempos-electorales-se-reflejara-en-el-2024-cuen\/"]}]},{"@type":"ImageObject","inLanguage":"es","@id":"https:\/\/fuentesfidedignas.com.mx\/index.php\/2023\/06\/26\/el-pas-trabaja-los-365-dias-del-ano-no-solo-en-tiempos-electorales-se-reflejara-en-el-2024-cuen\/#primaryimage","url":"https:\/\/fuentesfidedignas.com.mx\/wp-content\/uploads\/2023\/06\/IMG-20230626-WA0011.jpg","contentUrl":"https:\/\/fuentesfidedignas.com.mx\/wp-content\/uploads\/2023\/06\/IMG-20230626-WA0011.jpg","width":624,"height":416},{"@type":"BreadcrumbList","@id":"https:\/\/fuentesfidedignas.com.mx\/index.php\/2023\/06\/26\/el-pas-trabaja-los-365-dias-del-ano-no-solo-en-tiempos-electorales-se-reflejara-en-el-2024-cuen\/#breadcrumb","itemListElement":[{"@type":"ListItem","position":1,"name":"Inicio","item":"https:\/\/fuentesfidedignas.com.mx\/"},{"@type":"ListItem","position":2,"name":"EL PAS trabaja los 365 d\u00edas del a\u00f1o, no solo en tiempos electorales y se reflejar\u00e1 en el 2024: Cu\u00e9n"}]},{"@type":"WebSite","@id":"https:\/\/fuentesfidedignas.com.mx\/#website","url":"https:\/\/fuentesfidedignas.com.mx\/","name":"Fuentes Fidedignas","description":"Otro sitio realizado con WordPress","publisher":{"@id":"https:\/\/fuentesfidedignas.com.mx\/#organization"},"potentialAction":[{"@type":"SearchAction","target":{"@type":"EntryPoint","urlTemplate":"https:\/\/fuentesfidedignas.com.mx\/?s={search_term_string}"},"query-input":{"@type":"PropertyValueSpecification","valueRequired":true,"valueName":"search_term_string"}}],"inLanguage":"es"},{"@type":"Organization","@id":"https:\/\/fuentesfidedignas.com.mx\/#organization","name":"Fuentes Fidedignas","url":"https:\/\/fuentesfidedignas.com.mx\/","logo":{"@type":"ImageObject","inLanguage":"es","@id":"https:\/\/fuentesfidedignas.com.mx\/#\/schema\/logo\/image\/","url":"https:\/\/fuentesfidedignas.com.mx\/wp-content\/uploads\/2021\/04\/logo-retina.png","contentUrl":"https:\/\/fuentesfidedignas.com.mx\/wp-content\/uploads\/2021\/04\/logo-retina.png","width":280,"height":51,"caption":"Fuentes Fidedignas"},"image":{"@id":"https:\/\/fuentesfidedignas.com.mx\/#\/schema\/logo\/image\/"},"sameAs":["https:\/\/www.facebook.com\/Fuentes-Fidedignas-368234489921644","https:\/\/x.com\/fidedignas"]},{"@type":"Person","@id":"https:\/\/fuentesfidedignas.com.mx\/#\/schema\/person\/331be9283d37198e2acd5750279085b0","name":"Redacci\u00f3n","image":{"@type":"ImageObject","inLanguage":"es","@id":"https:\/\/secure.gravatar.com\/avatar\/f6d8782c11d12b2d4ad3fbb6931aeab5309937a4d6cd2fc9cfaa28a6396a5aec?s=96&d=mm&r=g","url":"https:\/\/secure.gravatar.com\/avatar\/f6d8782c11d12b2d4ad3fbb6931aeab5309937a4d6cd2fc9cfaa28a6396a5aec?s=96&d=mm&r=g","contentUrl":"https:\/\/secure.gravatar.com\/avatar\/f6d8782c11d12b2d4ad3fbb6931aeab5309937a4d6cd2fc9cfaa28a6396a5aec?s=96&d=mm&r=g","caption":"Redacci\u00f3n"},"url":"https:\/\/fuentesfidedignas.com.mx\/index.php\/author\/redaccion\/"}]}},"_links":{"self":[{"href":"https:\/\/fuentesfidedignas.com.mx\/index.php\/wp-json\/wp\/v2\/posts\/51051","targetHints":{"allow":["GET"]}}],"collection":[{"href":"https:\/\/fuentesfidedignas.com.mx\/index.php\/wp-json\/wp\/v2\/posts"}],"about":[{"href":"https:\/\/fuentesfidedignas.com.mx\/index.php\/wp-json\/wp\/v2\/types\/post"}],"author":[{"embeddable":true,"href":"https:\/\/fuentesfidedignas.com.mx\/index.php\/wp-json\/wp\/v2\/users\/4"}],"replies":[{"embeddable":true,"href":"https:\/\/fuentesfidedignas.com.mx\/index.php\/wp-json\/wp\/v2\/comments?post=51051"}],"version-history":[{"count":3,"href":"https:\/\/fuentesfidedignas.com.mx\/index.php\/wp-json\/wp\/v2\/posts\/51051\/revisions"}],"predecessor-version":[{"id":51064,"href":"https:\/\/fuentesfidedignas.com.mx\/index.php\/wp-json\/wp\/v2\/posts\/51051\/revisions\/51064"}],"wp:featuredmedia":[{"embeddable":true,"href":"https:\/\/fuentesfidedignas.com.mx\/index.php\/wp-json\/wp\/v2\/media\/51053"}],"wp:attachment":[{"href":"https:\/\/fuentesfidedignas.com.mx\/index.php\/wp-json\/wp\/v2\/media?parent=51051"}],"wp:term":[{"taxonomy":"category","embeddable":true,"href":"https:\/\/fuentesfidedignas.com.mx\/index.php\/wp-json\/wp\/v2\/categories?post=51051"},{"taxonomy":"post_tag","embeddable":true,"href":"https:\/\/fuentesfidedignas.com.mx\/index.php\/wp-json\/wp\/v2\/tags?post=51051"}],"curies":[{"name":"wp","href":"https:\/\/api.w.org\/{rel}","templated":true}]}}