{"id":51048,"date":"2023-06-26T09:57:48","date_gmt":"2023-06-26T16:57:48","guid":{"rendered":"https:\/\/fuentesfidedignas.com.mx\/?p=51048"},"modified":"2023-06-26T10:26:31","modified_gmt":"2023-06-26T17:26:31","slug":"amlo-critica-a-los-corridos-tumbados-pide-mejor-escuchar-a-grupo-firme","status":"publish","type":"post","link":"https:\/\/fuentesfidedignas.com.mx\/index.php\/2023\/06\/26\/amlo-critica-a-los-corridos-tumbados-pide-mejor-escuchar-a-grupo-firme\/","title":{"rendered":"AMLO critica a los corridos tumbados; pide mejor escuchar a Grupo Firme"},"content":{"rendered":"\n<p><strong><em>AMLO se lanz\u00f3 contra los corridos tumbados por enaltecer a narcos y las drogas y pidi\u00f3 escuchar a bandas como Grupo Firme<\/em><\/strong><\/p>\n\n\n\n<p>Ciudad de M\u00e9xico. El presidente Andr\u00e9s Manuel L\u00f3pez Obrador volvi\u00f3 a cargar contra los representantes de los corridos tumbados, como Peso Pluma y Natanael Cano, al se\u00f1alar que no se puede enaltecer la figura de los narcotraficantes y mucho menos alentar el consumo de drogas por lo que pidi\u00f3 a los j\u00f3venes razonar qui\u00e9n financia estas canciones.<\/p>\n\n\n\n<p>En ese tenor, el mandatario federal pidi\u00f3 que se enaltezca la cultura mexicana y a los artistas que no hacen apolog\u00eda del crimen, como Grupo Firme, cuya canci\u00f3n \u201cYa sup\u00e9rame\u201d fue reproducida en la conferencia matutina en la versi\u00f3n del concierto que dio la agrupaci\u00f3n en el Z\u00f3calo.<\/p>\n\n\n\n<p>Aunque aclar\u00f3 que su gobierno no est\u00e1 a favor de la censura, manifest\u00f3 que la postura de su administraci\u00f3n ser\u00e1 intensificar la campa\u00f1a preventiva contra el consumo de fentanilo, sobre todo en algunas regiones del pa\u00eds donde hay consumo como en la frontera con Estados Unidos y Guanajuato.<\/p>\n\n\n\n<p>\u201cLas canciones que se ponen de moda, y a lo mejor no les va gustar a los j\u00f3venes, nosotros nunca vamos a censurar, son libres, pueden cantar lo que quieran, pero no nos vamos a quedar callados cuando dicen de que son buenas las tachas.<\/p>\n\n\n\n<p>\u201cY que tienen un arma calibre 50, y que son sus \u00eddolos los narcos m\u00e1s famosos, y ese tipo de corridos, con esas letras. Yo soy muy precavido y siempre pregunto \u2018y de parte de qui\u00e9n\u2019, \u00bfqui\u00e9nes promueven eso? Porque tambi\u00e9n nosotros estamos haciendo una campa\u00f1a para orientar a los j\u00f3venes de que ese camino conduce al sufrimiento\u201d, apunt\u00f3.<\/p>\n\n\n\n<p>Hasta el 8 de junio, artistas exponentes de los corridos tumbados como Hassan Laija, o mejor conocido como Peso Pluma, aparece en el quinto lugar a nivel mundial de los artistas con m\u00e1s reproducciones de Spotify.<\/p>\n\n\n\n<p>Peso Pluma tiene dos canciones con otros exponentes del g\u00e9nero como Natanael Cano y Junior H, AMG y PRC, donde hablan sobre el consumo de drogas y su trasiego a Estados Unidos que ha estado en los charts m\u00e1s importantes en el primer semestre del a\u00f1o.<\/p>\n\n\n\n<p>Por ejemplo, la canci\u00f3n \u201cAMG\u201d de Natanael Cano, Peso Pluma y Gabito Ballesteros alcanz\u00f3, desde hace 7 meses, las 230 millones de reproducciones en el canal de Youtube de Cano. En tanto, la canci\u00f3n \u201cPRC\u201d alojada en el canal de videos de la \u201cDoble P\u201d, acumula 109 millones de reproducciones desde hace 4 meses y est\u00e1 ubicada en el quinceavo lugar del top de videos de Youtube.<\/p>\n","protected":false},"excerpt":{"rendered":"<p>AMLO se lanz\u00f3 contra los corridos tumbados por enaltecer a narcos y las drogas y pidi\u00f3 escuchar a bandas como Grupo Firme Ciudad de M\u00e9xico. El presidente Andr\u00e9s Manuel L\u00f3pez Obrador volvi\u00f3 a cargar contra los representantes de los corridos tumbados, como Peso Pluma y Natanael Cano, al se\u00f1alar que no se puede enaltecer la [&hellip;]<\/p>\n","protected":false},"author":5,"featured_media":51050,"comment_status":"open","ping_status":"open","sticky":false,"template":"","format":"standard","meta":{"tdm_status":"","tdm_grid_status":"","footnotes":""},"categories":[39,1],"tags":[],"class_list":{"0":"post-51048","1":"post","2":"type-post","3":"status-publish","4":"format-standard","5":"has-post-thumbnail","7":"category-noticias-nacionales","8":"category-sin-categoria"},"yoast_head":"<!-- This site is optimized with the Yoast SEO plugin v27.4 - https:\/\/yoast.com\/product\/yoast-seo-wordpress\/ -->\n<title>AMLO critica a los corridos tumbados; pide mejor escuchar a Grupo Firme - Fuentes Fidedignas<\/title>\n<meta name=\"robots\" content=\"index, follow, max-snippet:-1, max-image-preview:large, max-video-preview:-1\" \/>\n<link rel=\"canonical\" href=\"https:\/\/fuentesfidedignas.com.mx\/index.php\/2023\/06\/26\/amlo-critica-a-los-corridos-tumbados-pide-mejor-escuchar-a-grupo-firme\/\" \/>\n<meta property=\"og:locale\" content=\"es_MX\" \/>\n<meta property=\"og:type\" content=\"article\" \/>\n<meta property=\"og:title\" content=\"AMLO critica a los corridos tumbados; pide mejor escuchar a Grupo Firme - Fuentes Fidedignas\" \/>\n<meta property=\"og:description\" content=\"AMLO se lanz\u00f3 contra los corridos tumbados por enaltecer a narcos y las drogas y pidi\u00f3 escuchar a bandas como Grupo Firme Ciudad de M\u00e9xico. El presidente Andr\u00e9s Manuel L\u00f3pez Obrador volvi\u00f3 a cargar contra los representantes de los corridos tumbados, como Peso Pluma y Natanael Cano, al se\u00f1alar que no se puede enaltecer la [&hellip;]\" \/>\n<meta property=\"og:url\" content=\"https:\/\/fuentesfidedignas.com.mx\/index.php\/2023\/06\/26\/amlo-critica-a-los-corridos-tumbados-pide-mejor-escuchar-a-grupo-firme\/\" \/>\n<meta property=\"og:site_name\" content=\"Fuentes Fidedignas\" \/>\n<meta property=\"article:publisher\" content=\"https:\/\/www.facebook.com\/Fuentes-Fidedignas-368234489921644\" \/>\n<meta property=\"article:published_time\" content=\"2023-06-26T16:57:48+00:00\" \/>\n<meta property=\"article:modified_time\" content=\"2023-06-26T17:26:31+00:00\" \/>\n<meta property=\"og:image\" content=\"https:\/\/fuentesfidedignas.com.mx\/wp-content\/uploads\/2023\/06\/mexicanos-musica-peso-pluma-1024x576-1.webp\" \/>\n\t<meta property=\"og:image:width\" content=\"1024\" \/>\n\t<meta property=\"og:image:height\" content=\"576\" \/>\n\t<meta property=\"og:image:type\" content=\"image\/webp\" \/>\n<meta name=\"author\" content=\"Forbes\" \/>\n<meta name=\"twitter:card\" content=\"summary_large_image\" \/>\n<meta name=\"twitter:creator\" content=\"@fidedignas\" \/>\n<meta name=\"twitter:site\" content=\"@fidedignas\" \/>\n<meta name=\"twitter:label1\" content=\"Escrito por\" \/>\n\t<meta name=\"twitter:data1\" content=\"Forbes\" \/>\n\t<meta name=\"twitter:label2\" content=\"Tiempo de lectura\" \/>\n\t<meta name=\"twitter:data2\" content=\"2 minutos\" \/>\n<script type=\"application\/ld+json\" class=\"yoast-schema-graph\">{\"@context\":\"https:\\\/\\\/schema.org\",\"@graph\":[{\"@type\":\"Article\",\"@id\":\"https:\\\/\\\/fuentesfidedignas.com.mx\\\/index.php\\\/2023\\\/06\\\/26\\\/amlo-critica-a-los-corridos-tumbados-pide-mejor-escuchar-a-grupo-firme\\\/#article\",\"isPartOf\":{\"@id\":\"https:\\\/\\\/fuentesfidedignas.com.mx\\\/index.php\\\/2023\\\/06\\\/26\\\/amlo-critica-a-los-corridos-tumbados-pide-mejor-escuchar-a-grupo-firme\\\/\"},\"author\":{\"name\":\"Forbes\",\"@id\":\"https:\\\/\\\/fuentesfidedignas.com.mx\\\/#\\\/schema\\\/person\\\/5623d53fe2e579d825b1679734abcc44\"},\"headline\":\"AMLO critica a los corridos tumbados; pide mejor escuchar a Grupo Firme\",\"datePublished\":\"2023-06-26T16:57:48+00:00\",\"dateModified\":\"2023-06-26T17:26:31+00:00\",\"mainEntityOfPage\":{\"@id\":\"https:\\\/\\\/fuentesfidedignas.com.mx\\\/index.php\\\/2023\\\/06\\\/26\\\/amlo-critica-a-los-corridos-tumbados-pide-mejor-escuchar-a-grupo-firme\\\/\"},\"wordCount\":462,\"commentCount\":0,\"publisher\":{\"@id\":\"https:\\\/\\\/fuentesfidedignas.com.mx\\\/#organization\"},\"image\":{\"@id\":\"https:\\\/\\\/fuentesfidedignas.com.mx\\\/index.php\\\/2023\\\/06\\\/26\\\/amlo-critica-a-los-corridos-tumbados-pide-mejor-escuchar-a-grupo-firme\\\/#primaryimage\"},\"thumbnailUrl\":\"https:\\\/\\\/fuentesfidedignas.com.mx\\\/wp-content\\\/uploads\\\/2023\\\/06\\\/mexicanos-musica-peso-pluma-1024x576-1-e1687803863548.webp\",\"articleSection\":[\"NOTICIAS NACIONALES\"],\"inLanguage\":\"es\",\"potentialAction\":[{\"@type\":\"CommentAction\",\"name\":\"Comment\",\"target\":[\"https:\\\/\\\/fuentesfidedignas.com.mx\\\/index.php\\\/2023\\\/06\\\/26\\\/amlo-critica-a-los-corridos-tumbados-pide-mejor-escuchar-a-grupo-firme\\\/#respond\"]}]},{\"@type\":\"WebPage\",\"@id\":\"https:\\\/\\\/fuentesfidedignas.com.mx\\\/index.php\\\/2023\\\/06\\\/26\\\/amlo-critica-a-los-corridos-tumbados-pide-mejor-escuchar-a-grupo-firme\\\/\",\"url\":\"https:\\\/\\\/fuentesfidedignas.com.mx\\\/index.php\\\/2023\\\/06\\\/26\\\/amlo-critica-a-los-corridos-tumbados-pide-mejor-escuchar-a-grupo-firme\\\/\",\"name\":\"AMLO critica a los corridos tumbados; pide mejor escuchar a Grupo Firme - Fuentes Fidedignas\",\"isPartOf\":{\"@id\":\"https:\\\/\\\/fuentesfidedignas.com.mx\\\/#website\"},\"primaryImageOfPage\":{\"@id\":\"https:\\\/\\\/fuentesfidedignas.com.mx\\\/index.php\\\/2023\\\/06\\\/26\\\/amlo-critica-a-los-corridos-tumbados-pide-mejor-escuchar-a-grupo-firme\\\/#primaryimage\"},\"image\":{\"@id\":\"https:\\\/\\\/fuentesfidedignas.com.mx\\\/index.php\\\/2023\\\/06\\\/26\\\/amlo-critica-a-los-corridos-tumbados-pide-mejor-escuchar-a-grupo-firme\\\/#primaryimage\"},\"thumbnailUrl\":\"https:\\\/\\\/fuentesfidedignas.com.mx\\\/wp-content\\\/uploads\\\/2023\\\/06\\\/mexicanos-musica-peso-pluma-1024x576-1-e1687803863548.webp\",\"datePublished\":\"2023-06-26T16:57:48+00:00\",\"dateModified\":\"2023-06-26T17:26:31+00:00\",\"breadcrumb\":{\"@id\":\"https:\\\/\\\/fuentesfidedignas.com.mx\\\/index.php\\\/2023\\\/06\\\/26\\\/amlo-critica-a-los-corridos-tumbados-pide-mejor-escuchar-a-grupo-firme\\\/#breadcrumb\"},\"inLanguage\":\"es\",\"potentialAction\":[{\"@type\":\"ReadAction\",\"target\":[\"https:\\\/\\\/fuentesfidedignas.com.mx\\\/index.php\\\/2023\\\/06\\\/26\\\/amlo-critica-a-los-corridos-tumbados-pide-mejor-escuchar-a-grupo-firme\\\/\"]}]},{\"@type\":\"ImageObject\",\"inLanguage\":\"es\",\"@id\":\"https:\\\/\\\/fuentesfidedignas.com.mx\\\/index.php\\\/2023\\\/06\\\/26\\\/amlo-critica-a-los-corridos-tumbados-pide-mejor-escuchar-a-grupo-firme\\\/#primaryimage\",\"url\":\"https:\\\/\\\/fuentesfidedignas.com.mx\\\/wp-content\\\/uploads\\\/2023\\\/06\\\/mexicanos-musica-peso-pluma-1024x576-1-e1687803863548.webp\",\"contentUrl\":\"https:\\\/\\\/fuentesfidedignas.com.mx\\\/wp-content\\\/uploads\\\/2023\\\/06\\\/mexicanos-musica-peso-pluma-1024x576-1-e1687803863548.webp\",\"width\":600,\"height\":338},{\"@type\":\"BreadcrumbList\",\"@id\":\"https:\\\/\\\/fuentesfidedignas.com.mx\\\/index.php\\\/2023\\\/06\\\/26\\\/amlo-critica-a-los-corridos-tumbados-pide-mejor-escuchar-a-grupo-firme\\\/#breadcrumb\",\"itemListElement\":[{\"@type\":\"ListItem\",\"position\":1,\"name\":\"Inicio\",\"item\":\"https:\\\/\\\/fuentesfidedignas.com.mx\\\/\"},{\"@type\":\"ListItem\",\"position\":2,\"name\":\"AMLO critica a los corridos tumbados; pide mejor escuchar a Grupo Firme\"}]},{\"@type\":\"WebSite\",\"@id\":\"https:\\\/\\\/fuentesfidedignas.com.mx\\\/#website\",\"url\":\"https:\\\/\\\/fuentesfidedignas.com.mx\\\/\",\"name\":\"Fuentes Fidedignas\",\"description\":\"Otro sitio realizado con WordPress\",\"publisher\":{\"@id\":\"https:\\\/\\\/fuentesfidedignas.com.mx\\\/#organization\"},\"potentialAction\":[{\"@type\":\"SearchAction\",\"target\":{\"@type\":\"EntryPoint\",\"urlTemplate\":\"https:\\\/\\\/fuentesfidedignas.com.mx\\\/?s={search_term_string}\"},\"query-input\":{\"@type\":\"PropertyValueSpecification\",\"valueRequired\":true,\"valueName\":\"search_term_string\"}}],\"inLanguage\":\"es\"},{\"@type\":\"Organization\",\"@id\":\"https:\\\/\\\/fuentesfidedignas.com.mx\\\/#organization\",\"name\":\"Fuentes Fidedignas\",\"url\":\"https:\\\/\\\/fuentesfidedignas.com.mx\\\/\",\"logo\":{\"@type\":\"ImageObject\",\"inLanguage\":\"es\",\"@id\":\"https:\\\/\\\/fuentesfidedignas.com.mx\\\/#\\\/schema\\\/logo\\\/image\\\/\",\"url\":\"https:\\\/\\\/fuentesfidedignas.com.mx\\\/wp-content\\\/uploads\\\/2021\\\/04\\\/logo-retina.png\",\"contentUrl\":\"https:\\\/\\\/fuentesfidedignas.com.mx\\\/wp-content\\\/uploads\\\/2021\\\/04\\\/logo-retina.png\",\"width\":280,\"height\":51,\"caption\":\"Fuentes Fidedignas\"},\"image\":{\"@id\":\"https:\\\/\\\/fuentesfidedignas.com.mx\\\/#\\\/schema\\\/logo\\\/image\\\/\"},\"sameAs\":[\"https:\\\/\\\/www.facebook.com\\\/Fuentes-Fidedignas-368234489921644\",\"https:\\\/\\\/x.com\\\/fidedignas\"]},{\"@type\":\"Person\",\"@id\":\"https:\\\/\\\/fuentesfidedignas.com.mx\\\/#\\\/schema\\\/person\\\/5623d53fe2e579d825b1679734abcc44\",\"name\":\"Forbes\",\"image\":{\"@type\":\"ImageObject\",\"inLanguage\":\"es\",\"@id\":\"https:\\\/\\\/secure.gravatar.com\\\/avatar\\\/87ce3dd4e41e60c22a79c758614f01a6bc2469255fc936ec7b15efb9bb5cb66f?s=96&d=mm&r=g\",\"url\":\"https:\\\/\\\/secure.gravatar.com\\\/avatar\\\/87ce3dd4e41e60c22a79c758614f01a6bc2469255fc936ec7b15efb9bb5cb66f?s=96&d=mm&r=g\",\"contentUrl\":\"https:\\\/\\\/secure.gravatar.com\\\/avatar\\\/87ce3dd4e41e60c22a79c758614f01a6bc2469255fc936ec7b15efb9bb5cb66f?s=96&d=mm&r=g\",\"caption\":\"Forbes\"},\"url\":\"https:\\\/\\\/fuentesfidedignas.com.mx\\\/index.php\\\/author\\\/forbes\\\/\"}]}<\/script>\n<!-- \/ Yoast SEO plugin. -->","yoast_head_json":{"title":"AMLO critica a los corridos tumbados; pide mejor escuchar a Grupo Firme - Fuentes Fidedignas","robots":{"index":"index","follow":"follow","max-snippet":"max-snippet:-1","max-image-preview":"max-image-preview:large","max-video-preview":"max-video-preview:-1"},"canonical":"https:\/\/fuentesfidedignas.com.mx\/index.php\/2023\/06\/26\/amlo-critica-a-los-corridos-tumbados-pide-mejor-escuchar-a-grupo-firme\/","og_locale":"es_MX","og_type":"article","og_title":"AMLO critica a los corridos tumbados; pide mejor escuchar a Grupo Firme - Fuentes Fidedignas","og_description":"AMLO se lanz\u00f3 contra los corridos tumbados por enaltecer a narcos y las drogas y pidi\u00f3 escuchar a bandas como Grupo Firme Ciudad de M\u00e9xico. El presidente Andr\u00e9s Manuel L\u00f3pez Obrador volvi\u00f3 a cargar contra los representantes de los corridos tumbados, como Peso Pluma y Natanael Cano, al se\u00f1alar que no se puede enaltecer la [&hellip;]","og_url":"https:\/\/fuentesfidedignas.com.mx\/index.php\/2023\/06\/26\/amlo-critica-a-los-corridos-tumbados-pide-mejor-escuchar-a-grupo-firme\/","og_site_name":"Fuentes Fidedignas","article_publisher":"https:\/\/www.facebook.com\/Fuentes-Fidedignas-368234489921644","article_published_time":"2023-06-26T16:57:48+00:00","article_modified_time":"2023-06-26T17:26:31+00:00","og_image":[{"width":1024,"height":576,"url":"https:\/\/fuentesfidedignas.com.mx\/wp-content\/uploads\/2023\/06\/mexicanos-musica-peso-pluma-1024x576-1.webp","type":"image\/webp"}],"author":"Forbes","twitter_card":"summary_large_image","twitter_creator":"@fidedignas","twitter_site":"@fidedignas","twitter_misc":{"Escrito por":"Forbes","Tiempo de lectura":"2 minutos"},"schema":{"@context":"https:\/\/schema.org","@graph":[{"@type":"Article","@id":"https:\/\/fuentesfidedignas.com.mx\/index.php\/2023\/06\/26\/amlo-critica-a-los-corridos-tumbados-pide-mejor-escuchar-a-grupo-firme\/#article","isPartOf":{"@id":"https:\/\/fuentesfidedignas.com.mx\/index.php\/2023\/06\/26\/amlo-critica-a-los-corridos-tumbados-pide-mejor-escuchar-a-grupo-firme\/"},"author":{"name":"Forbes","@id":"https:\/\/fuentesfidedignas.com.mx\/#\/schema\/person\/5623d53fe2e579d825b1679734abcc44"},"headline":"AMLO critica a los corridos tumbados; pide mejor escuchar a Grupo Firme","datePublished":"2023-06-26T16:57:48+00:00","dateModified":"2023-06-26T17:26:31+00:00","mainEntityOfPage":{"@id":"https:\/\/fuentesfidedignas.com.mx\/index.php\/2023\/06\/26\/amlo-critica-a-los-corridos-tumbados-pide-mejor-escuchar-a-grupo-firme\/"},"wordCount":462,"commentCount":0,"publisher":{"@id":"https:\/\/fuentesfidedignas.com.mx\/#organization"},"image":{"@id":"https:\/\/fuentesfidedignas.com.mx\/index.php\/2023\/06\/26\/amlo-critica-a-los-corridos-tumbados-pide-mejor-escuchar-a-grupo-firme\/#primaryimage"},"thumbnailUrl":"https:\/\/fuentesfidedignas.com.mx\/wp-content\/uploads\/2023\/06\/mexicanos-musica-peso-pluma-1024x576-1-e1687803863548.webp","articleSection":["NOTICIAS NACIONALES"],"inLanguage":"es","potentialAction":[{"@type":"CommentAction","name":"Comment","target":["https:\/\/fuentesfidedignas.com.mx\/index.php\/2023\/06\/26\/amlo-critica-a-los-corridos-tumbados-pide-mejor-escuchar-a-grupo-firme\/#respond"]}]},{"@type":"WebPage","@id":"https:\/\/fuentesfidedignas.com.mx\/index.php\/2023\/06\/26\/amlo-critica-a-los-corridos-tumbados-pide-mejor-escuchar-a-grupo-firme\/","url":"https:\/\/fuentesfidedignas.com.mx\/index.php\/2023\/06\/26\/amlo-critica-a-los-corridos-tumbados-pide-mejor-escuchar-a-grupo-firme\/","name":"AMLO critica a los corridos tumbados; pide mejor escuchar a Grupo Firme - Fuentes Fidedignas","isPartOf":{"@id":"https:\/\/fuentesfidedignas.com.mx\/#website"},"primaryImageOfPage":{"@id":"https:\/\/fuentesfidedignas.com.mx\/index.php\/2023\/06\/26\/amlo-critica-a-los-corridos-tumbados-pide-mejor-escuchar-a-grupo-firme\/#primaryimage"},"image":{"@id":"https:\/\/fuentesfidedignas.com.mx\/index.php\/2023\/06\/26\/amlo-critica-a-los-corridos-tumbados-pide-mejor-escuchar-a-grupo-firme\/#primaryimage"},"thumbnailUrl":"https:\/\/fuentesfidedignas.com.mx\/wp-content\/uploads\/2023\/06\/mexicanos-musica-peso-pluma-1024x576-1-e1687803863548.webp","datePublished":"2023-06-26T16:57:48+00:00","dateModified":"2023-06-26T17:26:31+00:00","breadcrumb":{"@id":"https:\/\/fuentesfidedignas.com.mx\/index.php\/2023\/06\/26\/amlo-critica-a-los-corridos-tumbados-pide-mejor-escuchar-a-grupo-firme\/#breadcrumb"},"inLanguage":"es","potentialAction":[{"@type":"ReadAction","target":["https:\/\/fuentesfidedignas.com.mx\/index.php\/2023\/06\/26\/amlo-critica-a-los-corridos-tumbados-pide-mejor-escuchar-a-grupo-firme\/"]}]},{"@type":"ImageObject","inLanguage":"es","@id":"https:\/\/fuentesfidedignas.com.mx\/index.php\/2023\/06\/26\/amlo-critica-a-los-corridos-tumbados-pide-mejor-escuchar-a-grupo-firme\/#primaryimage","url":"https:\/\/fuentesfidedignas.com.mx\/wp-content\/uploads\/2023\/06\/mexicanos-musica-peso-pluma-1024x576-1-e1687803863548.webp","contentUrl":"https:\/\/fuentesfidedignas.com.mx\/wp-content\/uploads\/2023\/06\/mexicanos-musica-peso-pluma-1024x576-1-e1687803863548.webp","width":600,"height":338},{"@type":"BreadcrumbList","@id":"https:\/\/fuentesfidedignas.com.mx\/index.php\/2023\/06\/26\/amlo-critica-a-los-corridos-tumbados-pide-mejor-escuchar-a-grupo-firme\/#breadcrumb","itemListElement":[{"@type":"ListItem","position":1,"name":"Inicio","item":"https:\/\/fuentesfidedignas.com.mx\/"},{"@type":"ListItem","position":2,"name":"AMLO critica a los corridos tumbados; pide mejor escuchar a Grupo Firme"}]},{"@type":"WebSite","@id":"https:\/\/fuentesfidedignas.com.mx\/#website","url":"https:\/\/fuentesfidedignas.com.mx\/","name":"Fuentes Fidedignas","description":"Otro sitio realizado con WordPress","publisher":{"@id":"https:\/\/fuentesfidedignas.com.mx\/#organization"},"potentialAction":[{"@type":"SearchAction","target":{"@type":"EntryPoint","urlTemplate":"https:\/\/fuentesfidedignas.com.mx\/?s={search_term_string}"},"query-input":{"@type":"PropertyValueSpecification","valueRequired":true,"valueName":"search_term_string"}}],"inLanguage":"es"},{"@type":"Organization","@id":"https:\/\/fuentesfidedignas.com.mx\/#organization","name":"Fuentes Fidedignas","url":"https:\/\/fuentesfidedignas.com.mx\/","logo":{"@type":"ImageObject","inLanguage":"es","@id":"https:\/\/fuentesfidedignas.com.mx\/#\/schema\/logo\/image\/","url":"https:\/\/fuentesfidedignas.com.mx\/wp-content\/uploads\/2021\/04\/logo-retina.png","contentUrl":"https:\/\/fuentesfidedignas.com.mx\/wp-content\/uploads\/2021\/04\/logo-retina.png","width":280,"height":51,"caption":"Fuentes Fidedignas"},"image":{"@id":"https:\/\/fuentesfidedignas.com.mx\/#\/schema\/logo\/image\/"},"sameAs":["https:\/\/www.facebook.com\/Fuentes-Fidedignas-368234489921644","https:\/\/x.com\/fidedignas"]},{"@type":"Person","@id":"https:\/\/fuentesfidedignas.com.mx\/#\/schema\/person\/5623d53fe2e579d825b1679734abcc44","name":"Forbes","image":{"@type":"ImageObject","inLanguage":"es","@id":"https:\/\/secure.gravatar.com\/avatar\/87ce3dd4e41e60c22a79c758614f01a6bc2469255fc936ec7b15efb9bb5cb66f?s=96&d=mm&r=g","url":"https:\/\/secure.gravatar.com\/avatar\/87ce3dd4e41e60c22a79c758614f01a6bc2469255fc936ec7b15efb9bb5cb66f?s=96&d=mm&r=g","contentUrl":"https:\/\/secure.gravatar.com\/avatar\/87ce3dd4e41e60c22a79c758614f01a6bc2469255fc936ec7b15efb9bb5cb66f?s=96&d=mm&r=g","caption":"Forbes"},"url":"https:\/\/fuentesfidedignas.com.mx\/index.php\/author\/forbes\/"}]}},"_links":{"self":[{"href":"https:\/\/fuentesfidedignas.com.mx\/index.php\/wp-json\/wp\/v2\/posts\/51048","targetHints":{"allow":["GET"]}}],"collection":[{"href":"https:\/\/fuentesfidedignas.com.mx\/index.php\/wp-json\/wp\/v2\/posts"}],"about":[{"href":"https:\/\/fuentesfidedignas.com.mx\/index.php\/wp-json\/wp\/v2\/types\/post"}],"author":[{"embeddable":true,"href":"https:\/\/fuentesfidedignas.com.mx\/index.php\/wp-json\/wp\/v2\/users\/5"}],"replies":[{"embeddable":true,"href":"https:\/\/fuentesfidedignas.com.mx\/index.php\/wp-json\/wp\/v2\/comments?post=51048"}],"version-history":[{"count":1,"href":"https:\/\/fuentesfidedignas.com.mx\/index.php\/wp-json\/wp\/v2\/posts\/51048\/revisions"}],"predecessor-version":[{"id":51049,"href":"https:\/\/fuentesfidedignas.com.mx\/index.php\/wp-json\/wp\/v2\/posts\/51048\/revisions\/51049"}],"wp:featuredmedia":[{"embeddable":true,"href":"https:\/\/fuentesfidedignas.com.mx\/index.php\/wp-json\/wp\/v2\/media\/51050"}],"wp:attachment":[{"href":"https:\/\/fuentesfidedignas.com.mx\/index.php\/wp-json\/wp\/v2\/media?parent=51048"}],"wp:term":[{"taxonomy":"category","embeddable":true,"href":"https:\/\/fuentesfidedignas.com.mx\/index.php\/wp-json\/wp\/v2\/categories?post=51048"},{"taxonomy":"post_tag","embeddable":true,"href":"https:\/\/fuentesfidedignas.com.mx\/index.php\/wp-json\/wp\/v2\/tags?post=51048"}],"curies":[{"name":"wp","href":"https:\/\/api.w.org\/{rel}","templated":true}]}}