{"id":51040,"date":"2023-06-26T09:36:11","date_gmt":"2023-06-26T16:36:11","guid":{"rendered":"https:\/\/fuentesfidedignas.com.mx\/?p=51040"},"modified":"2023-06-26T10:03:51","modified_gmt":"2023-06-26T17:03:51","slug":"arranca-dan-banderazo-para-aquaton-2023-un-litro-de-agua-hace-la-diferencia","status":"publish","type":"post","link":"https:\/\/fuentesfidedignas.com.mx\/index.php\/2023\/06\/26\/arranca-dan-banderazo-para-aquaton-2023-un-litro-de-agua-hace-la-diferencia\/","title":{"rendered":"\u00a1Arranca! Dan banderazo para Aquat\u00f3n 2023 \u201cUn litro de agua hace la diferencia\u201d"},"content":{"rendered":"\n<p><em><strong>El horario en el que se estar\u00e1 recibiendo el agua ser\u00e1 de 7:00 AM a 7:00 PM en la explanada de Palacio de Gobierno y en los 18 ayuntamientos<\/strong><\/em><\/p>\n\n\n\n<p>Culiac\u00e1n, Sin.- El gobernador Rub\u00e9n Rocha Moya acompa\u00f1ado de la presidenta del Sistema DIF Estatal Eneyda Rocha Ruiz, dieron el banderazo de arranque a la segunda edici\u00f3n del Aquat\u00f3n en Sinaloa ubicado en la explanada de Palacio de Gobierno, un evento organizado para ayudar a 15 de los 18 municipios que se encuentran padeciendo una sequ\u00eda moderada y cuyo objetivo es la recolecci\u00f3n de agua para el consumo humano.<\/p>\n\n\n\n<p>En su discurso, el gobernador Rocha mencion\u00f3 que este es un d\u00eda muy importante, ya que esta es la segunda edici\u00f3n del Aquat\u00f3n e inform\u00f3 que buscar\u00e1n rebasar la cifra de los 500 mil litros que se donaron el a\u00f1o pasado.<\/p>\n\n\n\n<figure class=\"wp-block-gallery has-nested-images columns-default is-cropped wp-block-gallery-1 is-layout-flex wp-block-gallery-is-layout-flex\">\n<figure class=\"wp-block-image size-large\"><img decoding=\"async\" width=\"614\" height=\"409\" data-id=\"51042\" src=\"https:\/\/fuentesfidedignas.com.mx\/wp-content\/uploads\/2023\/06\/1000082331.jpg\" alt=\"\" class=\"wp-image-51042\" srcset=\"https:\/\/fuentesfidedignas.com.mx\/wp-content\/uploads\/2023\/06\/1000082331.jpg 614w, https:\/\/fuentesfidedignas.com.mx\/wp-content\/uploads\/2023\/06\/1000082331-300x200.jpg 300w\" sizes=\"(max-width: 614px) 100vw, 614px\" \/><\/figure>\n\n\n\n<figure class=\"wp-block-image size-large\"><img decoding=\"async\" width=\"614\" height=\"409\" data-id=\"51041\" src=\"https:\/\/fuentesfidedignas.com.mx\/wp-content\/uploads\/2023\/06\/1000082335.jpg\" alt=\"\" class=\"wp-image-51041\" srcset=\"https:\/\/fuentesfidedignas.com.mx\/wp-content\/uploads\/2023\/06\/1000082335.jpg 614w, https:\/\/fuentesfidedignas.com.mx\/wp-content\/uploads\/2023\/06\/1000082335-300x200.jpg 300w\" sizes=\"(max-width: 614px) 100vw, 614px\" \/><\/figure>\n\n\n\n<figure class=\"wp-block-image size-large\"><img decoding=\"async\" width=\"614\" height=\"409\" data-id=\"51043\" src=\"https:\/\/fuentesfidedignas.com.mx\/wp-content\/uploads\/2023\/06\/1000082333.jpg\" alt=\"\" class=\"wp-image-51043\" srcset=\"https:\/\/fuentesfidedignas.com.mx\/wp-content\/uploads\/2023\/06\/1000082333.jpg 614w, https:\/\/fuentesfidedignas.com.mx\/wp-content\/uploads\/2023\/06\/1000082333-300x200.jpg 300w\" sizes=\"(max-width: 614px) 100vw, 614px\" \/><\/figure>\n\n\n\n<figure class=\"wp-block-image size-large\"><img decoding=\"async\" width=\"614\" height=\"409\" data-id=\"51044\" src=\"https:\/\/fuentesfidedignas.com.mx\/wp-content\/uploads\/2023\/06\/1000082325.jpg\" alt=\"\" class=\"wp-image-51044\" srcset=\"https:\/\/fuentesfidedignas.com.mx\/wp-content\/uploads\/2023\/06\/1000082325.jpg 614w, https:\/\/fuentesfidedignas.com.mx\/wp-content\/uploads\/2023\/06\/1000082325-300x200.jpg 300w\" sizes=\"(max-width: 614px) 100vw, 614px\" \/><\/figure>\n\n\n\n<figure class=\"wp-block-image size-large\"><img decoding=\"async\" width=\"614\" height=\"399\" data-id=\"51045\" src=\"https:\/\/fuentesfidedignas.com.mx\/wp-content\/uploads\/2023\/06\/1000082329.jpg\" alt=\"\" class=\"wp-image-51045\" srcset=\"https:\/\/fuentesfidedignas.com.mx\/wp-content\/uploads\/2023\/06\/1000082329.jpg 614w, https:\/\/fuentesfidedignas.com.mx\/wp-content\/uploads\/2023\/06\/1000082329-300x195.jpg 300w\" sizes=\"(max-width: 614px) 100vw, 614px\" \/><\/figure>\n<\/figure>\n\n\n\n<p>El ejecutivo estatal tambi\u00e9n pidi\u00f3 que se cuide el agua en estas \u00e9pocas de sequ\u00edas y tambi\u00e9n a\u00f1adi\u00f3 que para los municipios donde hay escasez de agua se est\u00e1 atendiendo el abasto con pipas y la licitaci\u00f3n de represas que vendr\u00e1n a ayudar en las pr\u00f3ximas temporadas de carencia del l\u00edquido vital.<\/p>\n\n\n\n<p>\u201c<strong>Hay que cuidar el agua, acu\u00e9rdense que nos hace crisis en esta \u00e9poca, estamos atendiendo por lo menos 15 los m\u00e1s complicados, ya tenemos en cada municipio, un n\u00famero determinado de pipas, se est\u00e1 licitando para efecto de las represas, aunque estas tienen el prop\u00f3sito de juntar para el a\u00f1o que sigue, pues ya que llueva, nos resuelve el problema y es cuando van a juntar agua las represas<\/strong>\u201d, dijo.<\/p>\n\n\n\n<p>Los lugares indicados por el gobernador Rocha para las represas son Chinobampo en El Fuerte, Baymena en Choix, Nacaveba en Sinaloa, Potrero de los Gast\u00e9lum en Mocorito, San Javier de Abajo, el Portezuelo y San Jos\u00e9 del Llano en Badiraguato, Santa Ana en Cosal\u00e1, Sataya en Navolato, El Portezuelo de Arriba en Elota, El Platanar en San Ignacio, La Petaca en Concordia y Tabl\u00f3n Viejo en Rosario.<\/p>\n\n\n\n<p>Los 15 municipios que actualmente cuentan con problemas de sequ\u00eda son Angostura, Badiraguato, Choix, Cosal\u00e1, Concordia, Elota, El Fuerte, Escuinapa, Mocorito, Rosario, Salvador Alvarado, San Ignacio, Sinaloa, Mazatl\u00e1n y Guasave.<\/p>\n\n\n\n<p>En este evento estuvieron presentes el alcalde de Culiac\u00e1n Juan de Dios G\u00e1mez Mend\u00edvil, el secretario General de Gobierno Enrique Inzunza C\u00e1zarez, el secretario de Administraci\u00f3n y Finanzas Enrique D\u00edaz Vega, el secretario de Obras P\u00fablicas Jos\u00e9 Luis Zavala Cabanillas, el secretario de Econom\u00eda Javier Gaxiola Coppel, el secretario de Seguridad P\u00fablica Crist\u00f3bal Casta\u00f1eda Camarillo, el secretario de Salud Cuitl\u00e1huac Gonz\u00e1lez Galindo, el secretario de Agricultura y Ganader\u00eda Jos\u00e9 Jaime Montes Salas, la secretaria de Educaci\u00f3n P\u00fablica y Cultura Graciela Dom\u00ednguez Nava, la secretaria de Bienestar y Desarrollo Sustentable Mar\u00eda In\u00e9s P\u00e9rez Corral, la secretaria de las Mujeres Mar\u00eda Teresa Guerra Ochoa, la secretaria de Pesca y Acuacultura Flor Emilia Guerra Mena, la secretaria de Transparencia y Rendici\u00f3n de Cuentas Mar\u00eda Guadalupe Ram\u00edrez Zepeda, el secretario particular del gobernador Alejandro Higuera Osuna y la coordinadora de Comunicaci\u00f3n Social del Gobierno del Estado Adriana Ochoa del Toro.<\/p>\n\n\n\n<p>Tambi\u00e9n se encontraron presentes la jefa de la oficina del gobernador del Estado Cynthia Guti\u00e9rrez L\u00f3pez, el coordinador de Asesores Jos\u00e9 Isabel Ibarra Valdivia, la presidenta del DIF Culiac\u00e1n Irma Nydia Gazca Aldama, el director general de COBAES Santiago Inzunza C\u00e1zarez, la directora general del DIF Sinaloa Alejandra Miranda F\u00e9lix y el director de SATES Ismael Bello Esquivel.<\/p>\n","protected":false},"excerpt":{"rendered":"<p>El horario en el que se estar\u00e1 recibiendo el agua ser\u00e1 de 7:00 AM a 7:00 PM en la explanada de Palacio de Gobierno y en los 18 ayuntamientos Culiac\u00e1n, Sin.- El gobernador Rub\u00e9n Rocha Moya acompa\u00f1ado de la presidenta del Sistema DIF Estatal Eneyda Rocha Ruiz, dieron el banderazo de arranque a la segunda [&hellip;]<\/p>\n","protected":false},"author":4,"featured_media":51047,"comment_status":"open","ping_status":"open","sticky":false,"template":"","format":"standard","meta":{"tdm_status":"","tdm_grid_status":"","footnotes":""},"categories":[37,1],"tags":[],"class_list":{"0":"post-51040","1":"post","2":"type-post","3":"status-publish","4":"format-standard","5":"has-post-thumbnail","7":"category-nota-principal","8":"category-sin-categoria"},"yoast_head":"<!-- This site is optimized with the Yoast SEO plugin v27.4 - https:\/\/yoast.com\/product\/yoast-seo-wordpress\/ -->\n<title>\u00a1Arranca! Dan banderazo para Aquat\u00f3n 2023 \u201cUn litro de agua hace la diferencia\u201d - Fuentes Fidedignas<\/title>\n<meta name=\"robots\" content=\"index, follow, max-snippet:-1, max-image-preview:large, max-video-preview:-1\" \/>\n<link rel=\"canonical\" href=\"https:\/\/fuentesfidedignas.com.mx\/index.php\/2023\/06\/26\/arranca-dan-banderazo-para-aquaton-2023-un-litro-de-agua-hace-la-diferencia\/\" \/>\n<meta property=\"og:locale\" content=\"es_MX\" \/>\n<meta property=\"og:type\" content=\"article\" \/>\n<meta property=\"og:title\" content=\"\u00a1Arranca! Dan banderazo para Aquat\u00f3n 2023 \u201cUn litro de agua hace la diferencia\u201d - Fuentes Fidedignas\" \/>\n<meta property=\"og:description\" content=\"El horario en el que se estar\u00e1 recibiendo el agua ser\u00e1 de 7:00 AM a 7:00 PM en la explanada de Palacio de Gobierno y en los 18 ayuntamientos Culiac\u00e1n, Sin.- El gobernador Rub\u00e9n Rocha Moya acompa\u00f1ado de la presidenta del Sistema DIF Estatal Eneyda Rocha Ruiz, dieron el banderazo de arranque a la segunda [&hellip;]\" \/>\n<meta property=\"og:url\" content=\"https:\/\/fuentesfidedignas.com.mx\/index.php\/2023\/06\/26\/arranca-dan-banderazo-para-aquaton-2023-un-litro-de-agua-hace-la-diferencia\/\" \/>\n<meta property=\"og:site_name\" content=\"Fuentes Fidedignas\" \/>\n<meta property=\"article:publisher\" content=\"https:\/\/www.facebook.com\/Fuentes-Fidedignas-368234489921644\" \/>\n<meta property=\"article:published_time\" content=\"2023-06-26T16:36:11+00:00\" \/>\n<meta property=\"article:modified_time\" content=\"2023-06-26T17:03:51+00:00\" \/>\n<meta property=\"og:image\" content=\"https:\/\/fuentesfidedignas.com.mx\/wp-content\/uploads\/2023\/06\/IMG-20230626-WA0005.jpg\" \/>\n\t<meta property=\"og:image:width\" content=\"614\" \/>\n\t<meta property=\"og:image:height\" content=\"423\" \/>\n\t<meta property=\"og:image:type\" content=\"image\/jpeg\" \/>\n<meta name=\"author\" content=\"Redacci\u00f3n\" \/>\n<meta name=\"twitter:card\" content=\"summary_large_image\" \/>\n<meta name=\"twitter:creator\" content=\"@fidedignas\" \/>\n<meta name=\"twitter:site\" content=\"@fidedignas\" \/>\n<meta name=\"twitter:label1\" content=\"Escrito por\" \/>\n\t<meta name=\"twitter:data1\" content=\"Redacci\u00f3n\" \/>\n\t<meta name=\"twitter:label2\" content=\"Tiempo de lectura\" \/>\n\t<meta name=\"twitter:data2\" content=\"4 minutos\" \/>\n<script type=\"application\/ld+json\" class=\"yoast-schema-graph\">{\"@context\":\"https:\\\/\\\/schema.org\",\"@graph\":[{\"@type\":\"Article\",\"@id\":\"https:\\\/\\\/fuentesfidedignas.com.mx\\\/index.php\\\/2023\\\/06\\\/26\\\/arranca-dan-banderazo-para-aquaton-2023-un-litro-de-agua-hace-la-diferencia\\\/#article\",\"isPartOf\":{\"@id\":\"https:\\\/\\\/fuentesfidedignas.com.mx\\\/index.php\\\/2023\\\/06\\\/26\\\/arranca-dan-banderazo-para-aquaton-2023-un-litro-de-agua-hace-la-diferencia\\\/\"},\"author\":{\"name\":\"Redacci\u00f3n\",\"@id\":\"https:\\\/\\\/fuentesfidedignas.com.mx\\\/#\\\/schema\\\/person\\\/331be9283d37198e2acd5750279085b0\"},\"headline\":\"\u00a1Arranca! Dan banderazo para Aquat\u00f3n 2023 \u201cUn litro de agua hace la diferencia\u201d\",\"datePublished\":\"2023-06-26T16:36:11+00:00\",\"dateModified\":\"2023-06-26T17:03:51+00:00\",\"mainEntityOfPage\":{\"@id\":\"https:\\\/\\\/fuentesfidedignas.com.mx\\\/index.php\\\/2023\\\/06\\\/26\\\/arranca-dan-banderazo-para-aquaton-2023-un-litro-de-agua-hace-la-diferencia\\\/\"},\"wordCount\":628,\"commentCount\":0,\"publisher\":{\"@id\":\"https:\\\/\\\/fuentesfidedignas.com.mx\\\/#organization\"},\"image\":{\"@id\":\"https:\\\/\\\/fuentesfidedignas.com.mx\\\/index.php\\\/2023\\\/06\\\/26\\\/arranca-dan-banderazo-para-aquaton-2023-un-litro-de-agua-hace-la-diferencia\\\/#primaryimage\"},\"thumbnailUrl\":\"https:\\\/\\\/fuentesfidedignas.com.mx\\\/wp-content\\\/uploads\\\/2023\\\/06\\\/IMG-20230626-WA0005.jpg\",\"articleSection\":[\"NOTA PRINCIPAL\"],\"inLanguage\":\"es\",\"potentialAction\":[{\"@type\":\"CommentAction\",\"name\":\"Comment\",\"target\":[\"https:\\\/\\\/fuentesfidedignas.com.mx\\\/index.php\\\/2023\\\/06\\\/26\\\/arranca-dan-banderazo-para-aquaton-2023-un-litro-de-agua-hace-la-diferencia\\\/#respond\"]}]},{\"@type\":\"WebPage\",\"@id\":\"https:\\\/\\\/fuentesfidedignas.com.mx\\\/index.php\\\/2023\\\/06\\\/26\\\/arranca-dan-banderazo-para-aquaton-2023-un-litro-de-agua-hace-la-diferencia\\\/\",\"url\":\"https:\\\/\\\/fuentesfidedignas.com.mx\\\/index.php\\\/2023\\\/06\\\/26\\\/arranca-dan-banderazo-para-aquaton-2023-un-litro-de-agua-hace-la-diferencia\\\/\",\"name\":\"\u00a1Arranca! Dan banderazo para Aquat\u00f3n 2023 \u201cUn litro de agua hace la diferencia\u201d - Fuentes Fidedignas\",\"isPartOf\":{\"@id\":\"https:\\\/\\\/fuentesfidedignas.com.mx\\\/#website\"},\"primaryImageOfPage\":{\"@id\":\"https:\\\/\\\/fuentesfidedignas.com.mx\\\/index.php\\\/2023\\\/06\\\/26\\\/arranca-dan-banderazo-para-aquaton-2023-un-litro-de-agua-hace-la-diferencia\\\/#primaryimage\"},\"image\":{\"@id\":\"https:\\\/\\\/fuentesfidedignas.com.mx\\\/index.php\\\/2023\\\/06\\\/26\\\/arranca-dan-banderazo-para-aquaton-2023-un-litro-de-agua-hace-la-diferencia\\\/#primaryimage\"},\"thumbnailUrl\":\"https:\\\/\\\/fuentesfidedignas.com.mx\\\/wp-content\\\/uploads\\\/2023\\\/06\\\/IMG-20230626-WA0005.jpg\",\"datePublished\":\"2023-06-26T16:36:11+00:00\",\"dateModified\":\"2023-06-26T17:03:51+00:00\",\"breadcrumb\":{\"@id\":\"https:\\\/\\\/fuentesfidedignas.com.mx\\\/index.php\\\/2023\\\/06\\\/26\\\/arranca-dan-banderazo-para-aquaton-2023-un-litro-de-agua-hace-la-diferencia\\\/#breadcrumb\"},\"inLanguage\":\"es\",\"potentialAction\":[{\"@type\":\"ReadAction\",\"target\":[\"https:\\\/\\\/fuentesfidedignas.com.mx\\\/index.php\\\/2023\\\/06\\\/26\\\/arranca-dan-banderazo-para-aquaton-2023-un-litro-de-agua-hace-la-diferencia\\\/\"]}]},{\"@type\":\"ImageObject\",\"inLanguage\":\"es\",\"@id\":\"https:\\\/\\\/fuentesfidedignas.com.mx\\\/index.php\\\/2023\\\/06\\\/26\\\/arranca-dan-banderazo-para-aquaton-2023-un-litro-de-agua-hace-la-diferencia\\\/#primaryimage\",\"url\":\"https:\\\/\\\/fuentesfidedignas.com.mx\\\/wp-content\\\/uploads\\\/2023\\\/06\\\/IMG-20230626-WA0005.jpg\",\"contentUrl\":\"https:\\\/\\\/fuentesfidedignas.com.mx\\\/wp-content\\\/uploads\\\/2023\\\/06\\\/IMG-20230626-WA0005.jpg\",\"width\":614,\"height\":423},{\"@type\":\"BreadcrumbList\",\"@id\":\"https:\\\/\\\/fuentesfidedignas.com.mx\\\/index.php\\\/2023\\\/06\\\/26\\\/arranca-dan-banderazo-para-aquaton-2023-un-litro-de-agua-hace-la-diferencia\\\/#breadcrumb\",\"itemListElement\":[{\"@type\":\"ListItem\",\"position\":1,\"name\":\"Inicio\",\"item\":\"https:\\\/\\\/fuentesfidedignas.com.mx\\\/\"},{\"@type\":\"ListItem\",\"position\":2,\"name\":\"\u00a1Arranca! Dan banderazo para Aquat\u00f3n 2023 \u201cUn litro de agua hace la diferencia\u201d\"}]},{\"@type\":\"WebSite\",\"@id\":\"https:\\\/\\\/fuentesfidedignas.com.mx\\\/#website\",\"url\":\"https:\\\/\\\/fuentesfidedignas.com.mx\\\/\",\"name\":\"Fuentes Fidedignas\",\"description\":\"Otro sitio realizado con WordPress\",\"publisher\":{\"@id\":\"https:\\\/\\\/fuentesfidedignas.com.mx\\\/#organization\"},\"potentialAction\":[{\"@type\":\"SearchAction\",\"target\":{\"@type\":\"EntryPoint\",\"urlTemplate\":\"https:\\\/\\\/fuentesfidedignas.com.mx\\\/?s={search_term_string}\"},\"query-input\":{\"@type\":\"PropertyValueSpecification\",\"valueRequired\":true,\"valueName\":\"search_term_string\"}}],\"inLanguage\":\"es\"},{\"@type\":\"Organization\",\"@id\":\"https:\\\/\\\/fuentesfidedignas.com.mx\\\/#organization\",\"name\":\"Fuentes Fidedignas\",\"url\":\"https:\\\/\\\/fuentesfidedignas.com.mx\\\/\",\"logo\":{\"@type\":\"ImageObject\",\"inLanguage\":\"es\",\"@id\":\"https:\\\/\\\/fuentesfidedignas.com.mx\\\/#\\\/schema\\\/logo\\\/image\\\/\",\"url\":\"https:\\\/\\\/fuentesfidedignas.com.mx\\\/wp-content\\\/uploads\\\/2021\\\/04\\\/logo-retina.png\",\"contentUrl\":\"https:\\\/\\\/fuentesfidedignas.com.mx\\\/wp-content\\\/uploads\\\/2021\\\/04\\\/logo-retina.png\",\"width\":280,\"height\":51,\"caption\":\"Fuentes Fidedignas\"},\"image\":{\"@id\":\"https:\\\/\\\/fuentesfidedignas.com.mx\\\/#\\\/schema\\\/logo\\\/image\\\/\"},\"sameAs\":[\"https:\\\/\\\/www.facebook.com\\\/Fuentes-Fidedignas-368234489921644\",\"https:\\\/\\\/x.com\\\/fidedignas\"]},{\"@type\":\"Person\",\"@id\":\"https:\\\/\\\/fuentesfidedignas.com.mx\\\/#\\\/schema\\\/person\\\/331be9283d37198e2acd5750279085b0\",\"name\":\"Redacci\u00f3n\",\"image\":{\"@type\":\"ImageObject\",\"inLanguage\":\"es\",\"@id\":\"https:\\\/\\\/secure.gravatar.com\\\/avatar\\\/f6d8782c11d12b2d4ad3fbb6931aeab5309937a4d6cd2fc9cfaa28a6396a5aec?s=96&d=mm&r=g\",\"url\":\"https:\\\/\\\/secure.gravatar.com\\\/avatar\\\/f6d8782c11d12b2d4ad3fbb6931aeab5309937a4d6cd2fc9cfaa28a6396a5aec?s=96&d=mm&r=g\",\"contentUrl\":\"https:\\\/\\\/secure.gravatar.com\\\/avatar\\\/f6d8782c11d12b2d4ad3fbb6931aeab5309937a4d6cd2fc9cfaa28a6396a5aec?s=96&d=mm&r=g\",\"caption\":\"Redacci\u00f3n\"},\"url\":\"https:\\\/\\\/fuentesfidedignas.com.mx\\\/index.php\\\/author\\\/redaccion\\\/\"}]}<\/script>\n<!-- \/ Yoast SEO plugin. -->","yoast_head_json":{"title":"\u00a1Arranca! Dan banderazo para Aquat\u00f3n 2023 \u201cUn litro de agua hace la diferencia\u201d - Fuentes Fidedignas","robots":{"index":"index","follow":"follow","max-snippet":"max-snippet:-1","max-image-preview":"max-image-preview:large","max-video-preview":"max-video-preview:-1"},"canonical":"https:\/\/fuentesfidedignas.com.mx\/index.php\/2023\/06\/26\/arranca-dan-banderazo-para-aquaton-2023-un-litro-de-agua-hace-la-diferencia\/","og_locale":"es_MX","og_type":"article","og_title":"\u00a1Arranca! Dan banderazo para Aquat\u00f3n 2023 \u201cUn litro de agua hace la diferencia\u201d - Fuentes Fidedignas","og_description":"El horario en el que se estar\u00e1 recibiendo el agua ser\u00e1 de 7:00 AM a 7:00 PM en la explanada de Palacio de Gobierno y en los 18 ayuntamientos Culiac\u00e1n, Sin.- El gobernador Rub\u00e9n Rocha Moya acompa\u00f1ado de la presidenta del Sistema DIF Estatal Eneyda Rocha Ruiz, dieron el banderazo de arranque a la segunda [&hellip;]","og_url":"https:\/\/fuentesfidedignas.com.mx\/index.php\/2023\/06\/26\/arranca-dan-banderazo-para-aquaton-2023-un-litro-de-agua-hace-la-diferencia\/","og_site_name":"Fuentes Fidedignas","article_publisher":"https:\/\/www.facebook.com\/Fuentes-Fidedignas-368234489921644","article_published_time":"2023-06-26T16:36:11+00:00","article_modified_time":"2023-06-26T17:03:51+00:00","og_image":[{"width":614,"height":423,"url":"https:\/\/fuentesfidedignas.com.mx\/wp-content\/uploads\/2023\/06\/IMG-20230626-WA0005.jpg","type":"image\/jpeg"}],"author":"Redacci\u00f3n","twitter_card":"summary_large_image","twitter_creator":"@fidedignas","twitter_site":"@fidedignas","twitter_misc":{"Escrito por":"Redacci\u00f3n","Tiempo de lectura":"4 minutos"},"schema":{"@context":"https:\/\/schema.org","@graph":[{"@type":"Article","@id":"https:\/\/fuentesfidedignas.com.mx\/index.php\/2023\/06\/26\/arranca-dan-banderazo-para-aquaton-2023-un-litro-de-agua-hace-la-diferencia\/#article","isPartOf":{"@id":"https:\/\/fuentesfidedignas.com.mx\/index.php\/2023\/06\/26\/arranca-dan-banderazo-para-aquaton-2023-un-litro-de-agua-hace-la-diferencia\/"},"author":{"name":"Redacci\u00f3n","@id":"https:\/\/fuentesfidedignas.com.mx\/#\/schema\/person\/331be9283d37198e2acd5750279085b0"},"headline":"\u00a1Arranca! Dan banderazo para Aquat\u00f3n 2023 \u201cUn litro de agua hace la diferencia\u201d","datePublished":"2023-06-26T16:36:11+00:00","dateModified":"2023-06-26T17:03:51+00:00","mainEntityOfPage":{"@id":"https:\/\/fuentesfidedignas.com.mx\/index.php\/2023\/06\/26\/arranca-dan-banderazo-para-aquaton-2023-un-litro-de-agua-hace-la-diferencia\/"},"wordCount":628,"commentCount":0,"publisher":{"@id":"https:\/\/fuentesfidedignas.com.mx\/#organization"},"image":{"@id":"https:\/\/fuentesfidedignas.com.mx\/index.php\/2023\/06\/26\/arranca-dan-banderazo-para-aquaton-2023-un-litro-de-agua-hace-la-diferencia\/#primaryimage"},"thumbnailUrl":"https:\/\/fuentesfidedignas.com.mx\/wp-content\/uploads\/2023\/06\/IMG-20230626-WA0005.jpg","articleSection":["NOTA PRINCIPAL"],"inLanguage":"es","potentialAction":[{"@type":"CommentAction","name":"Comment","target":["https:\/\/fuentesfidedignas.com.mx\/index.php\/2023\/06\/26\/arranca-dan-banderazo-para-aquaton-2023-un-litro-de-agua-hace-la-diferencia\/#respond"]}]},{"@type":"WebPage","@id":"https:\/\/fuentesfidedignas.com.mx\/index.php\/2023\/06\/26\/arranca-dan-banderazo-para-aquaton-2023-un-litro-de-agua-hace-la-diferencia\/","url":"https:\/\/fuentesfidedignas.com.mx\/index.php\/2023\/06\/26\/arranca-dan-banderazo-para-aquaton-2023-un-litro-de-agua-hace-la-diferencia\/","name":"\u00a1Arranca! Dan banderazo para Aquat\u00f3n 2023 \u201cUn litro de agua hace la diferencia\u201d - Fuentes Fidedignas","isPartOf":{"@id":"https:\/\/fuentesfidedignas.com.mx\/#website"},"primaryImageOfPage":{"@id":"https:\/\/fuentesfidedignas.com.mx\/index.php\/2023\/06\/26\/arranca-dan-banderazo-para-aquaton-2023-un-litro-de-agua-hace-la-diferencia\/#primaryimage"},"image":{"@id":"https:\/\/fuentesfidedignas.com.mx\/index.php\/2023\/06\/26\/arranca-dan-banderazo-para-aquaton-2023-un-litro-de-agua-hace-la-diferencia\/#primaryimage"},"thumbnailUrl":"https:\/\/fuentesfidedignas.com.mx\/wp-content\/uploads\/2023\/06\/IMG-20230626-WA0005.jpg","datePublished":"2023-06-26T16:36:11+00:00","dateModified":"2023-06-26T17:03:51+00:00","breadcrumb":{"@id":"https:\/\/fuentesfidedignas.com.mx\/index.php\/2023\/06\/26\/arranca-dan-banderazo-para-aquaton-2023-un-litro-de-agua-hace-la-diferencia\/#breadcrumb"},"inLanguage":"es","potentialAction":[{"@type":"ReadAction","target":["https:\/\/fuentesfidedignas.com.mx\/index.php\/2023\/06\/26\/arranca-dan-banderazo-para-aquaton-2023-un-litro-de-agua-hace-la-diferencia\/"]}]},{"@type":"ImageObject","inLanguage":"es","@id":"https:\/\/fuentesfidedignas.com.mx\/index.php\/2023\/06\/26\/arranca-dan-banderazo-para-aquaton-2023-un-litro-de-agua-hace-la-diferencia\/#primaryimage","url":"https:\/\/fuentesfidedignas.com.mx\/wp-content\/uploads\/2023\/06\/IMG-20230626-WA0005.jpg","contentUrl":"https:\/\/fuentesfidedignas.com.mx\/wp-content\/uploads\/2023\/06\/IMG-20230626-WA0005.jpg","width":614,"height":423},{"@type":"BreadcrumbList","@id":"https:\/\/fuentesfidedignas.com.mx\/index.php\/2023\/06\/26\/arranca-dan-banderazo-para-aquaton-2023-un-litro-de-agua-hace-la-diferencia\/#breadcrumb","itemListElement":[{"@type":"ListItem","position":1,"name":"Inicio","item":"https:\/\/fuentesfidedignas.com.mx\/"},{"@type":"ListItem","position":2,"name":"\u00a1Arranca! Dan banderazo para Aquat\u00f3n 2023 \u201cUn litro de agua hace la diferencia\u201d"}]},{"@type":"WebSite","@id":"https:\/\/fuentesfidedignas.com.mx\/#website","url":"https:\/\/fuentesfidedignas.com.mx\/","name":"Fuentes Fidedignas","description":"Otro sitio realizado con WordPress","publisher":{"@id":"https:\/\/fuentesfidedignas.com.mx\/#organization"},"potentialAction":[{"@type":"SearchAction","target":{"@type":"EntryPoint","urlTemplate":"https:\/\/fuentesfidedignas.com.mx\/?s={search_term_string}"},"query-input":{"@type":"PropertyValueSpecification","valueRequired":true,"valueName":"search_term_string"}}],"inLanguage":"es"},{"@type":"Organization","@id":"https:\/\/fuentesfidedignas.com.mx\/#organization","name":"Fuentes Fidedignas","url":"https:\/\/fuentesfidedignas.com.mx\/","logo":{"@type":"ImageObject","inLanguage":"es","@id":"https:\/\/fuentesfidedignas.com.mx\/#\/schema\/logo\/image\/","url":"https:\/\/fuentesfidedignas.com.mx\/wp-content\/uploads\/2021\/04\/logo-retina.png","contentUrl":"https:\/\/fuentesfidedignas.com.mx\/wp-content\/uploads\/2021\/04\/logo-retina.png","width":280,"height":51,"caption":"Fuentes Fidedignas"},"image":{"@id":"https:\/\/fuentesfidedignas.com.mx\/#\/schema\/logo\/image\/"},"sameAs":["https:\/\/www.facebook.com\/Fuentes-Fidedignas-368234489921644","https:\/\/x.com\/fidedignas"]},{"@type":"Person","@id":"https:\/\/fuentesfidedignas.com.mx\/#\/schema\/person\/331be9283d37198e2acd5750279085b0","name":"Redacci\u00f3n","image":{"@type":"ImageObject","inLanguage":"es","@id":"https:\/\/secure.gravatar.com\/avatar\/f6d8782c11d12b2d4ad3fbb6931aeab5309937a4d6cd2fc9cfaa28a6396a5aec?s=96&d=mm&r=g","url":"https:\/\/secure.gravatar.com\/avatar\/f6d8782c11d12b2d4ad3fbb6931aeab5309937a4d6cd2fc9cfaa28a6396a5aec?s=96&d=mm&r=g","contentUrl":"https:\/\/secure.gravatar.com\/avatar\/f6d8782c11d12b2d4ad3fbb6931aeab5309937a4d6cd2fc9cfaa28a6396a5aec?s=96&d=mm&r=g","caption":"Redacci\u00f3n"},"url":"https:\/\/fuentesfidedignas.com.mx\/index.php\/author\/redaccion\/"}]}},"_links":{"self":[{"href":"https:\/\/fuentesfidedignas.com.mx\/index.php\/wp-json\/wp\/v2\/posts\/51040","targetHints":{"allow":["GET"]}}],"collection":[{"href":"https:\/\/fuentesfidedignas.com.mx\/index.php\/wp-json\/wp\/v2\/posts"}],"about":[{"href":"https:\/\/fuentesfidedignas.com.mx\/index.php\/wp-json\/wp\/v2\/types\/post"}],"author":[{"embeddable":true,"href":"https:\/\/fuentesfidedignas.com.mx\/index.php\/wp-json\/wp\/v2\/users\/4"}],"replies":[{"embeddable":true,"href":"https:\/\/fuentesfidedignas.com.mx\/index.php\/wp-json\/wp\/v2\/comments?post=51040"}],"version-history":[{"count":1,"href":"https:\/\/fuentesfidedignas.com.mx\/index.php\/wp-json\/wp\/v2\/posts\/51040\/revisions"}],"predecessor-version":[{"id":51046,"href":"https:\/\/fuentesfidedignas.com.mx\/index.php\/wp-json\/wp\/v2\/posts\/51040\/revisions\/51046"}],"wp:featuredmedia":[{"embeddable":true,"href":"https:\/\/fuentesfidedignas.com.mx\/index.php\/wp-json\/wp\/v2\/media\/51047"}],"wp:attachment":[{"href":"https:\/\/fuentesfidedignas.com.mx\/index.php\/wp-json\/wp\/v2\/media?parent=51040"}],"wp:term":[{"taxonomy":"category","embeddable":true,"href":"https:\/\/fuentesfidedignas.com.mx\/index.php\/wp-json\/wp\/v2\/categories?post=51040"},{"taxonomy":"post_tag","embeddable":true,"href":"https:\/\/fuentesfidedignas.com.mx\/index.php\/wp-json\/wp\/v2\/tags?post=51040"}],"curies":[{"name":"wp","href":"https:\/\/api.w.org\/{rel}","templated":true}]}}