{"id":51031,"date":"2023-06-26T08:24:20","date_gmt":"2023-06-26T15:24:20","guid":{"rendered":"https:\/\/fuentesfidedignas.com.mx\/?p=51031"},"modified":"2023-06-26T07:25:48","modified_gmt":"2023-06-26T14:25:48","slug":"victimas-de-desplazamiento-forzado-en-sinaloa-quedan-a-la-deriva","status":"publish","type":"post","link":"https:\/\/fuentesfidedignas.com.mx\/index.php\/2023\/06\/26\/victimas-de-desplazamiento-forzado-en-sinaloa-quedan-a-la-deriva\/","title":{"rendered":"V\u00edctimas de desplazamiento forzado en Sinaloa quedan a la deriva"},"content":{"rendered":"\n<p><strong><em>Sinaloa cuenta con una Ley para Prevenir, Atender y Reparar integralmente el Desplazamiento Forzado Interno desde el 21 de agosto de 2020, sin embargo, las autoridades locales pocas veces la acatan<\/em><\/strong><\/p>\n\n\n\n<p>Ciudad de M\u00e9xico.- Desde finales del a\u00f1o 2022, la Comisi\u00f3n Estatal de los Derechos Humanos de Sinaloa, emiti\u00f3 una Recomendaci\u00f3n General para que las autoridades de esa entidad implementen cuanto antes acciones que atiendan las necesidades de las v\u00edctimas de desplazamiento forzado interno, una problem\u00e1tica que ha tenido como su principal causa la violencia criminal.<\/p>\n\n\n\n<p>En Sinaloa, el fen\u00f3meno del desplazamiento forzado interno se ha presentado de forma particularmente intensa debido a lo extendido del crimen organizado en la regi\u00f3n, por lo que las estimaciones existentes indican que hay miles de familias que han tenido que salir de sus hogares para salvaguardar sus vidas.<\/p>\n\n\n\n<p>En el documento, la Comisi\u00f3n Estatal advierte que, aunque el desplazamiento forzado puede tener diversas causas \u201cen Sinaloa, la principal, ha sido la violencia, misma que desencadena m\u00faltiples violaciones de derechos humanos a las personas que se ven forzadas a abandonar sus comunidades a fin de proteger su vida y su integridad personal. Esta situaci\u00f3n de violencia en el territorio sinaloense no es reciente, es el resultado de las disputas entre distintos grupos de delincuencia\u201d.<\/p>\n\n\n\n<blockquote class=\"twitter-tweet\"><p lang=\"es\" dir=\"ltr\">156 Cartas de Asignaci\u00f3n de Lotes para familias v\u00edctimas de desplazamiento forzado interno en Cubiri de la M\u00e1quina en Sinaloa municipio.<br>Contentos y llenos de esperanza, recibieron despu\u00e9s de varios a\u00f1os, un documento que les adjudica un terreno, donde podr\u00e1n empezar de nuevo. <a href=\"https:\/\/t.co\/vRoitUOiAw\">pic.twitter.com\/vRoitUOiAw<\/a><\/p>&mdash; Mar\u00eda In\u00e9s P\u00e9rez Corral (@mariainesmx) <a href=\"https:\/\/twitter.com\/mariainesmx\/status\/1602878433171836929?ref_src=twsrc%5Etfw\">December 14, 2022<\/a><\/blockquote> <script async src=\"https:\/\/platform.twitter.com\/widgets.js\" charset=\"utf-8\"><\/script>\n\n\n\n<p>Con respecto a las dimensiones que ha alcanzado este problema en el estado, el Gobierno de Sinaloa incluy\u00f3 una estimaci\u00f3n en el \u201cPrograma para la Atenci\u00f3n y Protecci\u00f3n de Personas Desplazadas\u201d, publicado en el a\u00f1o 2021<\/p>\n\n\n\n<p>\u201cEl censo de poblaci\u00f3n desplazada, realizado en coordinaci\u00f3n entre la Secretar\u00eda de Desarrollo Social y la Universidad Aut\u00f3noma de Occidente, nos muestra un registro a la fecha de 2 mil 635 familias desplazadas con asentamiento actual clasificadas como comunidades receptoras en los municipios de: Choix, Guasave, Culiac\u00e1n, Salvador Alvarado, Mazatl\u00e1n, Concordia\u201d.<\/p>\n\n\n\n<p>Si se toma en consideraci\u00f3n que en M\u00e9xico las estad\u00edsticas poblaciones se\u00f1alan que, en promedio, las familias est\u00e1n compuestas por 3.6 integrantes, el censo de poblaci\u00f3n desplazada que se refiere en dicho Programa estar\u00eda indicando que m\u00e1s de 9 mil sinaloenses se han visto afectados por esta situaci\u00f3n.<\/p>\n\n\n\n<p>Seg\u00fan la investigaci\u00f3n, en el estado que gobierna Rub\u00e9n Rocha Moya, se tienen identificadas un total de 234 comunidades expulsoras, es decir, que son origen de este fen\u00f3meno de desplazamiento forzado interno, las cuales forman parte de 10 municipios.<\/p>\n\n\n\n<blockquote class=\"twitter-tweet\"><p lang=\"es\" dir=\"ltr\">La <a href=\"https:\/\/twitter.com\/sntgobabierto?ref_src=twsrc%5Etfw\">@sntgobabierto<\/a>, extiende un reconocimiento a la <a href=\"https:\/\/twitter.com\/ceaip_sinaloa?ref_src=twsrc%5Etfw\">@ceaip_sinaloa<\/a>, por la publicaci\u00f3n de los micrositios: <br><br>\ud83d\udfe3 Monitoreo Anticorrupci\u00f3n: <a href=\"https:\/\/t.co\/QfFc3dQ1u8\">https:\/\/t.co\/QfFc3dQ1u8<\/a><br>\ud83d\udfe3 Desplazamiento Forzado: <a href=\"https:\/\/t.co\/bBTy9j9G8K\">https:\/\/t.co\/bBTy9j9G8K<\/a><br>\ud83d\udfe3 Monitoreo Plaguicidas: <a href=\"https:\/\/t.co\/KUbVhCkd5S\">https:\/\/t.co\/KUbVhCkd5S<\/a><br><br>\u00a1Enhorabuena! <a href=\"https:\/\/t.co\/utp3r8FbO3\">pic.twitter.com\/utp3r8FbO3<\/a><\/p>&mdash; Comisi\u00f3n de Gobierno Abierto SNT (@sntgobabierto) <a href=\"https:\/\/twitter.com\/sntgobabierto\/status\/1466519811144368129?ref_src=twsrc%5Etfw\">December 2, 2021<\/a><\/blockquote> <script async src=\"https:\/\/platform.twitter.com\/widgets.js\" charset=\"utf-8\"><\/script>\n\n\n\n<p>El municipio con m\u00e1s comunidades expulsoras es Sinaloa con 60, en el segundo sitio est\u00e1 Badiraguato con fama internacional por ser la cuna del exl\u00edder del C\u00e1rtel de Sinaloa, Joaqu\u00edn \u201cEl Chapo\u201d Guzm\u00e1n, con 51 comunidades expulsoras; el tercer puesto lo tiene Choix con 29, el cuarto Concordia con 24 y el quinto Culiac\u00e1n con 23.<\/p>\n\n\n\n<p>Los otros municipios que tambi\u00e9n presentan esta problem\u00e1tica son: Mazatl\u00e1n, Salvador Alvarado, Mocorito, Ahome y Guasave.<\/p>\n\n\n\n<h2 class=\"wp-block-heading\">Ley ignorada<\/h2>\n\n\n\n<p>Sinaloa cuenta con una Ley para Prevenir, Atender y Reparar integralmente el Desplazamiento Forzado Interno desde el 21 de agosto de 2020, sin embargo, la Comisi\u00f3n Estatal de DDHH ha documentado que existen m\u00faltiples incumplimientos por las autoridades locales a las disposiciones de esa legislaci\u00f3n.<\/p>\n\n\n\n<p>Por ejemplo, en la Recomendaci\u00f3n General 2\/2022, del 28 de noviembre de 2022, se advierte que, aunque la Ley establece que debe realizarse un \u201cRegistro Estatal de Personas Desplazadas\u201d para \u201cproporcionar la asistencia humanitaria a cada una de las v\u00edctimas\u201d, el Gobierno de Rocha Moya no lo ha concretado.<\/p>\n\n\n\n<p>\u201cDel informe rendido por la Secretar\u00eda de Bienestar y Desarrollo Sustentable (\u2026) se aduce que, a pesar de ser la instituci\u00f3n encargada de la elaboraci\u00f3n de dicho registro por mandato normativo, no existe ning\u00fan registro oficial de personas desplazadas en Sinaloa\u201d.<\/p>\n\n\n\n<p>El organismo destaca la gravedad de esta omisi\u00f3n, pues el Registro es una condici\u00f3n necesaria para que cada v\u00edctima \u201cpueda gozar de sus derechos de asistencia y obtener una reparaci\u00f3n integral por el da\u00f1o sufrido\u201d.<\/p>\n\n\n\n<p>\u201cSu importancia consiste en tener los \u00edndices exactos de las v\u00edctimas de desplazamiento en cada uno de los municipios de nuestra entidad y brindarles un trato digno a cada uno de ellos. (\u2026) La inexistencia de registros contables fidedignos de las v\u00edctimas impide que se reconozca su situaci\u00f3n de extrema vulnerabilidad y se minimizan los efectos que este tema conlleva\u201d.<\/p>\n\n\n\n<h2 class=\"wp-block-heading\">Las omisiones<\/h2>\n\n\n\n<p>Otra omisi\u00f3n que encontr\u00f3 el organismo en el Gobierno de Rocha Moya es que el \u201cPrograma para la Atenci\u00f3n y Protecci\u00f3n de Personas Desplazadas\u201d que se emiti\u00f3 en 2021 y que deber\u00eda de ser la piedra angular de la pol\u00edtica para responder a esta problem\u00e1tica, se suspendi\u00f3.<\/p>\n\n\n\n<p>Al referirse a este \u201cPrograma para la Atenci\u00f3n y Protecci\u00f3n de Personas Desplazadas\u201d que tambi\u00e9n exige la Ley, el organismo se\u00f1ala que \u201cesta Comisi\u00f3n Estatal (\u2026) solicit\u00f3 informaci\u00f3n a la Secretar\u00eda de Bienestar y Desarrollo Sustentable (SEBIDES) con relaci\u00f3n a la existencia del mencionado Programa, obteniendo como respuesta que no se encontraba operando actualmente.<\/p>\n\n\n\n<blockquote class=\"twitter-tweet\"><p lang=\"es\" dir=\"ltr\">Siguiendo las indicaciones del Gobernador del Estado, autoridades de SEBIDES y <a href=\"https:\/\/twitter.com\/AcnurMexico?ref_src=twsrc%5Etfw\">@AcnurMexico<\/a>, mantuvieron diversas reuniones con v\u00edctimas de desplazamiento forzado interno en las zonas norte, centro y sur de Sinaloa. <a href=\"https:\/\/t.co\/YAvK5C4Npp\">pic.twitter.com\/YAvK5C4Npp<\/a><\/p>&mdash; SEBIDES Sinaloa (@sebidesinaloa) <a href=\"https:\/\/twitter.com\/sebidesinaloa\/status\/1495210513998958597?ref_src=twsrc%5Etfw\">February 20, 2022<\/a><\/blockquote> <script async src=\"https:\/\/platform.twitter.com\/widgets.js\" charset=\"utf-8\"><\/script>\n\n\n\n<p>\u201cEl hecho de no contar con el mencionado programa, entra\u00f1a una postura de retroceso en relaci\u00f3n a los desplazados, lo que conlleva a su revictimizaci\u00f3n debido a que no existen acciones que visibilicen su situaci\u00f3n y, por ende, se complica el hecho de recibir asistencia humanitaria\u201d.<\/p>\n\n\n\n<p>Por todo ello, la Comisi\u00f3n concluye que el Gobierno estatal y los ayuntamientos est\u00e1n fallando en la atenci\u00f3n de esta problem\u00e1tica, y en la protecci\u00f3n y restituci\u00f3n de los derechos de las v\u00edctimas, como vivienda, salud, seguridad, trabajo y educaci\u00f3n.<\/p>\n\n\n\n<p>\u201cSe advierten violaciones a los derechos de las personas v\u00edctimas de desplazamiento forzado interno por omisi\u00f3n de las autoridades de los dos \u00f3rdenes de gobierno. Al no realizar las acciones de prevenci\u00f3n y control de las causas que generan este fen\u00f3meno, en este caso violencia. Aunado a ello, una vez que se genera el desplazamiento, no se realizan acciones de manera integral para la atenci\u00f3n de las necesidades de las v\u00edctimas, exponi\u00e9ndolos a un estado de vulnerabilidad donde permanentemente se les siguen violando sus derechos humanos\u201d.<\/p>\n\n\n\n<p><\/p>\n","protected":false},"excerpt":{"rendered":"<p>Sinaloa cuenta con una Ley para Prevenir, Atender y Reparar integralmente el Desplazamiento Forzado Interno desde el 21 de agosto de 2020, sin embargo, las autoridades locales pocas veces la acatan Ciudad de M\u00e9xico.- Desde finales del a\u00f1o 2022, la Comisi\u00f3n Estatal de los Derechos Humanos de Sinaloa, emiti\u00f3 una Recomendaci\u00f3n General para que las [&hellip;]<\/p>\n","protected":false},"author":58,"featured_media":25042,"comment_status":"open","ping_status":"open","sticky":false,"template":"","format":"standard","meta":{"tdm_status":"","tdm_grid_status":"","footnotes":""},"categories":[37],"tags":[],"class_list":{"0":"post-51031","1":"post","2":"type-post","3":"status-publish","4":"format-standard","5":"has-post-thumbnail","7":"category-nota-principal"},"yoast_head":"<!-- This site is optimized with the Yoast SEO plugin v27.4 - https:\/\/yoast.com\/product\/yoast-seo-wordpress\/ -->\n<title>V\u00edctimas de desplazamiento forzado en Sinaloa quedan a la deriva - Fuentes Fidedignas<\/title>\n<meta name=\"robots\" content=\"index, follow, max-snippet:-1, max-image-preview:large, max-video-preview:-1\" \/>\n<link rel=\"canonical\" href=\"https:\/\/fuentesfidedignas.com.mx\/index.php\/2023\/06\/26\/victimas-de-desplazamiento-forzado-en-sinaloa-quedan-a-la-deriva\/\" \/>\n<meta property=\"og:locale\" content=\"es_MX\" \/>\n<meta property=\"og:type\" content=\"article\" \/>\n<meta property=\"og:title\" content=\"V\u00edctimas de desplazamiento forzado en Sinaloa quedan a la deriva - Fuentes Fidedignas\" \/>\n<meta property=\"og:description\" content=\"Sinaloa cuenta con una Ley para Prevenir, Atender y Reparar integralmente el Desplazamiento Forzado Interno desde el 21 de agosto de 2020, sin embargo, las autoridades locales pocas veces la acatan Ciudad de M\u00e9xico.- Desde finales del a\u00f1o 2022, la Comisi\u00f3n Estatal de los Derechos Humanos de Sinaloa, emiti\u00f3 una Recomendaci\u00f3n General para que las [&hellip;]\" \/>\n<meta property=\"og:url\" content=\"https:\/\/fuentesfidedignas.com.mx\/index.php\/2023\/06\/26\/victimas-de-desplazamiento-forzado-en-sinaloa-quedan-a-la-deriva\/\" \/>\n<meta property=\"og:site_name\" content=\"Fuentes Fidedignas\" \/>\n<meta property=\"article:publisher\" content=\"https:\/\/www.facebook.com\/Fuentes-Fidedignas-368234489921644\" \/>\n<meta property=\"article:published_time\" content=\"2023-06-26T15:24:20+00:00\" \/>\n<meta property=\"og:image\" content=\"https:\/\/fuentesfidedignas.com.mx\/wp-content\/uploads\/2022\/02\/desplazados_guerrero_especial.jpeg\" \/>\n\t<meta property=\"og:image:width\" content=\"997\" \/>\n\t<meta property=\"og:image:height\" content=\"623\" \/>\n\t<meta property=\"og:image:type\" content=\"image\/jpeg\" \/>\n<meta name=\"author\" content=\"Reporte \u00cdndigo\" \/>\n<meta name=\"twitter:card\" content=\"summary_large_image\" \/>\n<meta name=\"twitter:creator\" content=\"@fidedignas\" \/>\n<meta name=\"twitter:site\" content=\"@fidedignas\" \/>\n<meta name=\"twitter:label1\" content=\"Escrito por\" \/>\n\t<meta name=\"twitter:data1\" content=\"Reporte \u00cdndigo\" \/>\n\t<meta name=\"twitter:label2\" content=\"Tiempo de lectura\" \/>\n\t<meta name=\"twitter:data2\" content=\"5 minutos\" \/>\n<script type=\"application\/ld+json\" class=\"yoast-schema-graph\">{\"@context\":\"https:\\\/\\\/schema.org\",\"@graph\":[{\"@type\":\"Article\",\"@id\":\"https:\\\/\\\/fuentesfidedignas.com.mx\\\/index.php\\\/2023\\\/06\\\/26\\\/victimas-de-desplazamiento-forzado-en-sinaloa-quedan-a-la-deriva\\\/#article\",\"isPartOf\":{\"@id\":\"https:\\\/\\\/fuentesfidedignas.com.mx\\\/index.php\\\/2023\\\/06\\\/26\\\/victimas-de-desplazamiento-forzado-en-sinaloa-quedan-a-la-deriva\\\/\"},\"author\":{\"name\":\"Reporte \u00cdndigo\",\"@id\":\"https:\\\/\\\/fuentesfidedignas.com.mx\\\/#\\\/schema\\\/person\\\/e2b569f461972f4dc692e8a57def3fa1\"},\"headline\":\"V\u00edctimas de desplazamiento forzado en Sinaloa quedan a la deriva\",\"datePublished\":\"2023-06-26T15:24:20+00:00\",\"mainEntityOfPage\":{\"@id\":\"https:\\\/\\\/fuentesfidedignas.com.mx\\\/index.php\\\/2023\\\/06\\\/26\\\/victimas-de-desplazamiento-forzado-en-sinaloa-quedan-a-la-deriva\\\/\"},\"wordCount\":1205,\"commentCount\":0,\"publisher\":{\"@id\":\"https:\\\/\\\/fuentesfidedignas.com.mx\\\/#organization\"},\"image\":{\"@id\":\"https:\\\/\\\/fuentesfidedignas.com.mx\\\/index.php\\\/2023\\\/06\\\/26\\\/victimas-de-desplazamiento-forzado-en-sinaloa-quedan-a-la-deriva\\\/#primaryimage\"},\"thumbnailUrl\":\"https:\\\/\\\/fuentesfidedignas.com.mx\\\/wp-content\\\/uploads\\\/2022\\\/02\\\/desplazados_guerrero_especial.jpeg\",\"articleSection\":[\"NOTA PRINCIPAL\"],\"inLanguage\":\"es\",\"potentialAction\":[{\"@type\":\"CommentAction\",\"name\":\"Comment\",\"target\":[\"https:\\\/\\\/fuentesfidedignas.com.mx\\\/index.php\\\/2023\\\/06\\\/26\\\/victimas-de-desplazamiento-forzado-en-sinaloa-quedan-a-la-deriva\\\/#respond\"]}]},{\"@type\":\"WebPage\",\"@id\":\"https:\\\/\\\/fuentesfidedignas.com.mx\\\/index.php\\\/2023\\\/06\\\/26\\\/victimas-de-desplazamiento-forzado-en-sinaloa-quedan-a-la-deriva\\\/\",\"url\":\"https:\\\/\\\/fuentesfidedignas.com.mx\\\/index.php\\\/2023\\\/06\\\/26\\\/victimas-de-desplazamiento-forzado-en-sinaloa-quedan-a-la-deriva\\\/\",\"name\":\"V\u00edctimas de desplazamiento forzado en Sinaloa quedan a la deriva - Fuentes Fidedignas\",\"isPartOf\":{\"@id\":\"https:\\\/\\\/fuentesfidedignas.com.mx\\\/#website\"},\"primaryImageOfPage\":{\"@id\":\"https:\\\/\\\/fuentesfidedignas.com.mx\\\/index.php\\\/2023\\\/06\\\/26\\\/victimas-de-desplazamiento-forzado-en-sinaloa-quedan-a-la-deriva\\\/#primaryimage\"},\"image\":{\"@id\":\"https:\\\/\\\/fuentesfidedignas.com.mx\\\/index.php\\\/2023\\\/06\\\/26\\\/victimas-de-desplazamiento-forzado-en-sinaloa-quedan-a-la-deriva\\\/#primaryimage\"},\"thumbnailUrl\":\"https:\\\/\\\/fuentesfidedignas.com.mx\\\/wp-content\\\/uploads\\\/2022\\\/02\\\/desplazados_guerrero_especial.jpeg\",\"datePublished\":\"2023-06-26T15:24:20+00:00\",\"breadcrumb\":{\"@id\":\"https:\\\/\\\/fuentesfidedignas.com.mx\\\/index.php\\\/2023\\\/06\\\/26\\\/victimas-de-desplazamiento-forzado-en-sinaloa-quedan-a-la-deriva\\\/#breadcrumb\"},\"inLanguage\":\"es\",\"potentialAction\":[{\"@type\":\"ReadAction\",\"target\":[\"https:\\\/\\\/fuentesfidedignas.com.mx\\\/index.php\\\/2023\\\/06\\\/26\\\/victimas-de-desplazamiento-forzado-en-sinaloa-quedan-a-la-deriva\\\/\"]}]},{\"@type\":\"ImageObject\",\"inLanguage\":\"es\",\"@id\":\"https:\\\/\\\/fuentesfidedignas.com.mx\\\/index.php\\\/2023\\\/06\\\/26\\\/victimas-de-desplazamiento-forzado-en-sinaloa-quedan-a-la-deriva\\\/#primaryimage\",\"url\":\"https:\\\/\\\/fuentesfidedignas.com.mx\\\/wp-content\\\/uploads\\\/2022\\\/02\\\/desplazados_guerrero_especial.jpeg\",\"contentUrl\":\"https:\\\/\\\/fuentesfidedignas.com.mx\\\/wp-content\\\/uploads\\\/2022\\\/02\\\/desplazados_guerrero_especial.jpeg\",\"width\":997,\"height\":623},{\"@type\":\"BreadcrumbList\",\"@id\":\"https:\\\/\\\/fuentesfidedignas.com.mx\\\/index.php\\\/2023\\\/06\\\/26\\\/victimas-de-desplazamiento-forzado-en-sinaloa-quedan-a-la-deriva\\\/#breadcrumb\",\"itemListElement\":[{\"@type\":\"ListItem\",\"position\":1,\"name\":\"Inicio\",\"item\":\"https:\\\/\\\/fuentesfidedignas.com.mx\\\/\"},{\"@type\":\"ListItem\",\"position\":2,\"name\":\"V\u00edctimas de desplazamiento forzado en Sinaloa quedan a la deriva\"}]},{\"@type\":\"WebSite\",\"@id\":\"https:\\\/\\\/fuentesfidedignas.com.mx\\\/#website\",\"url\":\"https:\\\/\\\/fuentesfidedignas.com.mx\\\/\",\"name\":\"Fuentes Fidedignas\",\"description\":\"Otro sitio realizado con WordPress\",\"publisher\":{\"@id\":\"https:\\\/\\\/fuentesfidedignas.com.mx\\\/#organization\"},\"potentialAction\":[{\"@type\":\"SearchAction\",\"target\":{\"@type\":\"EntryPoint\",\"urlTemplate\":\"https:\\\/\\\/fuentesfidedignas.com.mx\\\/?s={search_term_string}\"},\"query-input\":{\"@type\":\"PropertyValueSpecification\",\"valueRequired\":true,\"valueName\":\"search_term_string\"}}],\"inLanguage\":\"es\"},{\"@type\":\"Organization\",\"@id\":\"https:\\\/\\\/fuentesfidedignas.com.mx\\\/#organization\",\"name\":\"Fuentes Fidedignas\",\"url\":\"https:\\\/\\\/fuentesfidedignas.com.mx\\\/\",\"logo\":{\"@type\":\"ImageObject\",\"inLanguage\":\"es\",\"@id\":\"https:\\\/\\\/fuentesfidedignas.com.mx\\\/#\\\/schema\\\/logo\\\/image\\\/\",\"url\":\"https:\\\/\\\/fuentesfidedignas.com.mx\\\/wp-content\\\/uploads\\\/2021\\\/04\\\/logo-retina.png\",\"contentUrl\":\"https:\\\/\\\/fuentesfidedignas.com.mx\\\/wp-content\\\/uploads\\\/2021\\\/04\\\/logo-retina.png\",\"width\":280,\"height\":51,\"caption\":\"Fuentes Fidedignas\"},\"image\":{\"@id\":\"https:\\\/\\\/fuentesfidedignas.com.mx\\\/#\\\/schema\\\/logo\\\/image\\\/\"},\"sameAs\":[\"https:\\\/\\\/www.facebook.com\\\/Fuentes-Fidedignas-368234489921644\",\"https:\\\/\\\/x.com\\\/fidedignas\"]},{\"@type\":\"Person\",\"@id\":\"https:\\\/\\\/fuentesfidedignas.com.mx\\\/#\\\/schema\\\/person\\\/e2b569f461972f4dc692e8a57def3fa1\",\"name\":\"Reporte \u00cdndigo\",\"image\":{\"@type\":\"ImageObject\",\"inLanguage\":\"es\",\"@id\":\"https:\\\/\\\/secure.gravatar.com\\\/avatar\\\/d0231ec752df7587e8d58cf5337090d30f7b0e109e5ee25039125ea0fff8a941?s=96&d=mm&r=g\",\"url\":\"https:\\\/\\\/secure.gravatar.com\\\/avatar\\\/d0231ec752df7587e8d58cf5337090d30f7b0e109e5ee25039125ea0fff8a941?s=96&d=mm&r=g\",\"contentUrl\":\"https:\\\/\\\/secure.gravatar.com\\\/avatar\\\/d0231ec752df7587e8d58cf5337090d30f7b0e109e5ee25039125ea0fff8a941?s=96&d=mm&r=g\",\"caption\":\"Reporte \u00cdndigo\"},\"url\":\"https:\\\/\\\/fuentesfidedignas.com.mx\\\/index.php\\\/author\\\/reporte-indigo\\\/\"}]}<\/script>\n<!-- \/ Yoast SEO plugin. -->","yoast_head_json":{"title":"V\u00edctimas de desplazamiento forzado en Sinaloa quedan a la deriva - Fuentes Fidedignas","robots":{"index":"index","follow":"follow","max-snippet":"max-snippet:-1","max-image-preview":"max-image-preview:large","max-video-preview":"max-video-preview:-1"},"canonical":"https:\/\/fuentesfidedignas.com.mx\/index.php\/2023\/06\/26\/victimas-de-desplazamiento-forzado-en-sinaloa-quedan-a-la-deriva\/","og_locale":"es_MX","og_type":"article","og_title":"V\u00edctimas de desplazamiento forzado en Sinaloa quedan a la deriva - Fuentes Fidedignas","og_description":"Sinaloa cuenta con una Ley para Prevenir, Atender y Reparar integralmente el Desplazamiento Forzado Interno desde el 21 de agosto de 2020, sin embargo, las autoridades locales pocas veces la acatan Ciudad de M\u00e9xico.- Desde finales del a\u00f1o 2022, la Comisi\u00f3n Estatal de los Derechos Humanos de Sinaloa, emiti\u00f3 una Recomendaci\u00f3n General para que las [&hellip;]","og_url":"https:\/\/fuentesfidedignas.com.mx\/index.php\/2023\/06\/26\/victimas-de-desplazamiento-forzado-en-sinaloa-quedan-a-la-deriva\/","og_site_name":"Fuentes Fidedignas","article_publisher":"https:\/\/www.facebook.com\/Fuentes-Fidedignas-368234489921644","article_published_time":"2023-06-26T15:24:20+00:00","og_image":[{"width":997,"height":623,"url":"https:\/\/fuentesfidedignas.com.mx\/wp-content\/uploads\/2022\/02\/desplazados_guerrero_especial.jpeg","type":"image\/jpeg"}],"author":"Reporte \u00cdndigo","twitter_card":"summary_large_image","twitter_creator":"@fidedignas","twitter_site":"@fidedignas","twitter_misc":{"Escrito por":"Reporte \u00cdndigo","Tiempo de lectura":"5 minutos"},"schema":{"@context":"https:\/\/schema.org","@graph":[{"@type":"Article","@id":"https:\/\/fuentesfidedignas.com.mx\/index.php\/2023\/06\/26\/victimas-de-desplazamiento-forzado-en-sinaloa-quedan-a-la-deriva\/#article","isPartOf":{"@id":"https:\/\/fuentesfidedignas.com.mx\/index.php\/2023\/06\/26\/victimas-de-desplazamiento-forzado-en-sinaloa-quedan-a-la-deriva\/"},"author":{"name":"Reporte \u00cdndigo","@id":"https:\/\/fuentesfidedignas.com.mx\/#\/schema\/person\/e2b569f461972f4dc692e8a57def3fa1"},"headline":"V\u00edctimas de desplazamiento forzado en Sinaloa quedan a la deriva","datePublished":"2023-06-26T15:24:20+00:00","mainEntityOfPage":{"@id":"https:\/\/fuentesfidedignas.com.mx\/index.php\/2023\/06\/26\/victimas-de-desplazamiento-forzado-en-sinaloa-quedan-a-la-deriva\/"},"wordCount":1205,"commentCount":0,"publisher":{"@id":"https:\/\/fuentesfidedignas.com.mx\/#organization"},"image":{"@id":"https:\/\/fuentesfidedignas.com.mx\/index.php\/2023\/06\/26\/victimas-de-desplazamiento-forzado-en-sinaloa-quedan-a-la-deriva\/#primaryimage"},"thumbnailUrl":"https:\/\/fuentesfidedignas.com.mx\/wp-content\/uploads\/2022\/02\/desplazados_guerrero_especial.jpeg","articleSection":["NOTA PRINCIPAL"],"inLanguage":"es","potentialAction":[{"@type":"CommentAction","name":"Comment","target":["https:\/\/fuentesfidedignas.com.mx\/index.php\/2023\/06\/26\/victimas-de-desplazamiento-forzado-en-sinaloa-quedan-a-la-deriva\/#respond"]}]},{"@type":"WebPage","@id":"https:\/\/fuentesfidedignas.com.mx\/index.php\/2023\/06\/26\/victimas-de-desplazamiento-forzado-en-sinaloa-quedan-a-la-deriva\/","url":"https:\/\/fuentesfidedignas.com.mx\/index.php\/2023\/06\/26\/victimas-de-desplazamiento-forzado-en-sinaloa-quedan-a-la-deriva\/","name":"V\u00edctimas de desplazamiento forzado en Sinaloa quedan a la deriva - Fuentes Fidedignas","isPartOf":{"@id":"https:\/\/fuentesfidedignas.com.mx\/#website"},"primaryImageOfPage":{"@id":"https:\/\/fuentesfidedignas.com.mx\/index.php\/2023\/06\/26\/victimas-de-desplazamiento-forzado-en-sinaloa-quedan-a-la-deriva\/#primaryimage"},"image":{"@id":"https:\/\/fuentesfidedignas.com.mx\/index.php\/2023\/06\/26\/victimas-de-desplazamiento-forzado-en-sinaloa-quedan-a-la-deriva\/#primaryimage"},"thumbnailUrl":"https:\/\/fuentesfidedignas.com.mx\/wp-content\/uploads\/2022\/02\/desplazados_guerrero_especial.jpeg","datePublished":"2023-06-26T15:24:20+00:00","breadcrumb":{"@id":"https:\/\/fuentesfidedignas.com.mx\/index.php\/2023\/06\/26\/victimas-de-desplazamiento-forzado-en-sinaloa-quedan-a-la-deriva\/#breadcrumb"},"inLanguage":"es","potentialAction":[{"@type":"ReadAction","target":["https:\/\/fuentesfidedignas.com.mx\/index.php\/2023\/06\/26\/victimas-de-desplazamiento-forzado-en-sinaloa-quedan-a-la-deriva\/"]}]},{"@type":"ImageObject","inLanguage":"es","@id":"https:\/\/fuentesfidedignas.com.mx\/index.php\/2023\/06\/26\/victimas-de-desplazamiento-forzado-en-sinaloa-quedan-a-la-deriva\/#primaryimage","url":"https:\/\/fuentesfidedignas.com.mx\/wp-content\/uploads\/2022\/02\/desplazados_guerrero_especial.jpeg","contentUrl":"https:\/\/fuentesfidedignas.com.mx\/wp-content\/uploads\/2022\/02\/desplazados_guerrero_especial.jpeg","width":997,"height":623},{"@type":"BreadcrumbList","@id":"https:\/\/fuentesfidedignas.com.mx\/index.php\/2023\/06\/26\/victimas-de-desplazamiento-forzado-en-sinaloa-quedan-a-la-deriva\/#breadcrumb","itemListElement":[{"@type":"ListItem","position":1,"name":"Inicio","item":"https:\/\/fuentesfidedignas.com.mx\/"},{"@type":"ListItem","position":2,"name":"V\u00edctimas de desplazamiento forzado en Sinaloa quedan a la deriva"}]},{"@type":"WebSite","@id":"https:\/\/fuentesfidedignas.com.mx\/#website","url":"https:\/\/fuentesfidedignas.com.mx\/","name":"Fuentes Fidedignas","description":"Otro sitio realizado con WordPress","publisher":{"@id":"https:\/\/fuentesfidedignas.com.mx\/#organization"},"potentialAction":[{"@type":"SearchAction","target":{"@type":"EntryPoint","urlTemplate":"https:\/\/fuentesfidedignas.com.mx\/?s={search_term_string}"},"query-input":{"@type":"PropertyValueSpecification","valueRequired":true,"valueName":"search_term_string"}}],"inLanguage":"es"},{"@type":"Organization","@id":"https:\/\/fuentesfidedignas.com.mx\/#organization","name":"Fuentes Fidedignas","url":"https:\/\/fuentesfidedignas.com.mx\/","logo":{"@type":"ImageObject","inLanguage":"es","@id":"https:\/\/fuentesfidedignas.com.mx\/#\/schema\/logo\/image\/","url":"https:\/\/fuentesfidedignas.com.mx\/wp-content\/uploads\/2021\/04\/logo-retina.png","contentUrl":"https:\/\/fuentesfidedignas.com.mx\/wp-content\/uploads\/2021\/04\/logo-retina.png","width":280,"height":51,"caption":"Fuentes Fidedignas"},"image":{"@id":"https:\/\/fuentesfidedignas.com.mx\/#\/schema\/logo\/image\/"},"sameAs":["https:\/\/www.facebook.com\/Fuentes-Fidedignas-368234489921644","https:\/\/x.com\/fidedignas"]},{"@type":"Person","@id":"https:\/\/fuentesfidedignas.com.mx\/#\/schema\/person\/e2b569f461972f4dc692e8a57def3fa1","name":"Reporte \u00cdndigo","image":{"@type":"ImageObject","inLanguage":"es","@id":"https:\/\/secure.gravatar.com\/avatar\/d0231ec752df7587e8d58cf5337090d30f7b0e109e5ee25039125ea0fff8a941?s=96&d=mm&r=g","url":"https:\/\/secure.gravatar.com\/avatar\/d0231ec752df7587e8d58cf5337090d30f7b0e109e5ee25039125ea0fff8a941?s=96&d=mm&r=g","contentUrl":"https:\/\/secure.gravatar.com\/avatar\/d0231ec752df7587e8d58cf5337090d30f7b0e109e5ee25039125ea0fff8a941?s=96&d=mm&r=g","caption":"Reporte \u00cdndigo"},"url":"https:\/\/fuentesfidedignas.com.mx\/index.php\/author\/reporte-indigo\/"}]}},"_links":{"self":[{"href":"https:\/\/fuentesfidedignas.com.mx\/index.php\/wp-json\/wp\/v2\/posts\/51031","targetHints":{"allow":["GET"]}}],"collection":[{"href":"https:\/\/fuentesfidedignas.com.mx\/index.php\/wp-json\/wp\/v2\/posts"}],"about":[{"href":"https:\/\/fuentesfidedignas.com.mx\/index.php\/wp-json\/wp\/v2\/types\/post"}],"author":[{"embeddable":true,"href":"https:\/\/fuentesfidedignas.com.mx\/index.php\/wp-json\/wp\/v2\/users\/58"}],"replies":[{"embeddable":true,"href":"https:\/\/fuentesfidedignas.com.mx\/index.php\/wp-json\/wp\/v2\/comments?post=51031"}],"version-history":[{"count":1,"href":"https:\/\/fuentesfidedignas.com.mx\/index.php\/wp-json\/wp\/v2\/posts\/51031\/revisions"}],"predecessor-version":[{"id":51032,"href":"https:\/\/fuentesfidedignas.com.mx\/index.php\/wp-json\/wp\/v2\/posts\/51031\/revisions\/51032"}],"wp:featuredmedia":[{"embeddable":true,"href":"https:\/\/fuentesfidedignas.com.mx\/index.php\/wp-json\/wp\/v2\/media\/25042"}],"wp:attachment":[{"href":"https:\/\/fuentesfidedignas.com.mx\/index.php\/wp-json\/wp\/v2\/media?parent=51031"}],"wp:term":[{"taxonomy":"category","embeddable":true,"href":"https:\/\/fuentesfidedignas.com.mx\/index.php\/wp-json\/wp\/v2\/categories?post=51031"},{"taxonomy":"post_tag","embeddable":true,"href":"https:\/\/fuentesfidedignas.com.mx\/index.php\/wp-json\/wp\/v2\/tags?post=51031"}],"curies":[{"name":"wp","href":"https:\/\/api.w.org\/{rel}","templated":true}]}}