{"id":50923,"date":"2023-06-24T11:56:08","date_gmt":"2023-06-24T18:56:08","guid":{"rendered":"https:\/\/fuentesfidedignas.com.mx\/?p=50923"},"modified":"2023-06-24T12:43:07","modified_gmt":"2023-06-24T19:43:07","slug":"el-pas-retira-cerca-de-30-toneladas-de-basura-durante-la-jornada-de-limpieza-de-arroyos","status":"publish","type":"post","link":"https:\/\/fuentesfidedignas.com.mx\/index.php\/2023\/06\/24\/el-pas-retira-cerca-de-30-toneladas-de-basura-durante-la-jornada-de-limpieza-de-arroyos\/","title":{"rendered":"El PAS retira cerca de 30 toneladas de basura durante la jornada de limpieza de arroyos"},"content":{"rendered":"\n<ul class=\"wp-block-list\">\n<li><em><strong>El Presidente del PAS, H\u00e9ctor Melesio Cu\u00e9n Ojeda da el banderazo de inicio en los arroyos Nova y El Piojo en Culiac\u00e1n<\/strong><\/em><\/li>\n<\/ul>\n\n\n\n<p>Culiac\u00e1n, Sinaloa.- El cuidado al medio ambiente encuadra los ejes principales del Partido Sinaloense y como tal se trabaja para su cuidado, se\u00f1al\u00f3 el presidente del PAS, H\u00e9ctor Melesio Cu\u00e9n Ojeda, durante el arranque de limpieza de arroyos, que simult\u00e1neamente se llev\u00f3 a cabo en los 20 Comit\u00e9s Directivos Municipales y en donde se retiraron cerca de 30 toneladas de basura, actividad organizada por la Secretar\u00eda de Activismo Social que dirige Ang\u00e9lica D\u00edaz Qui\u00f1\u00f3nez.<\/p>\n\n\n\n<p>Cu\u00e9n Ojeda anunci\u00f3 que estas actividades son en beneficio a la gente, para que ante el inicio de la temporada de lluvias evitar que haya inundaciones pues con el arrastre de basura en los arroyos se crean taponamientos en las alcantarillas.<\/p>\n\n\n\n<p>&#8220;<strong>Nosotros nos reunimos frecuentemente con los integrantes de toda la estructura PASista para conocer y organizar actividades que directamente beneficien a la gente, porque eso es lo que hacemos en el PAS; trabajar, trabajar y trabajar, por eso la gente nos quiere, porque llevamos programas hasta para sus mascotas; esos animales de compa\u00f1\u00eda que queremos como a nuestra familia y aunque ellos no votan, sus due\u00f1os s<\/strong>\u00ed&#8221;.<\/p>\n\n\n\n<figure class=\"wp-block-image size-full\"><img decoding=\"async\" width=\"640\" height=\"426\" src=\"https:\/\/fuentesfidedignas.com.mx\/wp-content\/uploads\/2023\/06\/1000081309.jpg\" alt=\"\" class=\"wp-image-50924\" srcset=\"https:\/\/fuentesfidedignas.com.mx\/wp-content\/uploads\/2023\/06\/1000081309.jpg 640w, https:\/\/fuentesfidedignas.com.mx\/wp-content\/uploads\/2023\/06\/1000081309-300x200.jpg 300w\" sizes=\"(max-width: 640px) 100vw, 640px\" \/><\/figure>\n\n\n\n<p>A\u00f1adi\u00f3 que estas acciones son las que est\u00e1n atrayendo m\u00e1s gente al Partido Sinaloense, prueba a de ello son los 167 mil militantes\u00a0 validados recientemente por el INE, pero que desde hace 5 a\u00f1os, la media oscilaba entre los 140 y 150 mil.<\/p>\n\n\n\n<p>&#8220;<strong>Las palabras convencen, pero los hechos arrastran. En los \u00faltimos 5 o 6 a\u00f1os, nosotros fuimos el partido con m\u00e1s militancia, ten\u00edamos el 60% y el resto, el 40% se lo repart\u00edan entre los partidos nacionales y la prueba del \u00e1cido fue en la reciente reafilaci\u00f3n y para sorpresa de muchos superamos el n\u00famero, gracias al cari\u00f1o que nos tiene mucha gente<\/strong>&#8220;.<\/p>\n\n\n\n<p>Por su parte, la secretaria de Activismo Social, Ang\u00e9lica D\u00edaz Qui\u00f1\u00f3nez, agradeci\u00f3 a todos los PASistas que participaron en esta brigada de limpieza est\u00e1 encaminada en uno de los ejes del PAS, que es el cuidado al medio ambiente: acci\u00f3n que promueve el respeto y el cuidado al medio ambiente.<\/p>\n","protected":false},"excerpt":{"rendered":"<p>Culiac\u00e1n, Sinaloa.- El cuidado al medio ambiente encuadra los ejes principales del Partido Sinaloense y como tal se trabaja para su cuidado, se\u00f1al\u00f3 el presidente del PAS, H\u00e9ctor Melesio Cu\u00e9n Ojeda, durante el arranque de limpieza de arroyos, que simult\u00e1neamente se llev\u00f3 a cabo en los 20 Comit\u00e9s Directivos Municipales y en donde se retiraron [&hellip;]<\/p>\n","protected":false},"author":4,"featured_media":50926,"comment_status":"open","ping_status":"open","sticky":false,"template":"","format":"standard","meta":{"tdm_status":"","tdm_grid_status":"","footnotes":""},"categories":[38,1],"tags":[],"class_list":{"0":"post-50923","1":"post","2":"type-post","3":"status-publish","4":"format-standard","5":"has-post-thumbnail","7":"category-noticias-locales","8":"category-sin-categoria"},"yoast_head":"<!-- This site is optimized with the Yoast SEO plugin v27.4 - https:\/\/yoast.com\/product\/yoast-seo-wordpress\/ -->\n<title>El PAS retira cerca de 30 toneladas de basura durante la jornada de limpieza de arroyos - Fuentes Fidedignas<\/title>\n<meta name=\"robots\" content=\"index, follow, max-snippet:-1, max-image-preview:large, max-video-preview:-1\" \/>\n<link rel=\"canonical\" href=\"https:\/\/fuentesfidedignas.com.mx\/index.php\/2023\/06\/24\/el-pas-retira-cerca-de-30-toneladas-de-basura-durante-la-jornada-de-limpieza-de-arroyos\/\" \/>\n<meta property=\"og:locale\" content=\"es_MX\" \/>\n<meta property=\"og:type\" content=\"article\" \/>\n<meta property=\"og:title\" content=\"El PAS retira cerca de 30 toneladas de basura durante la jornada de limpieza de arroyos - Fuentes Fidedignas\" \/>\n<meta property=\"og:description\" content=\"Culiac\u00e1n, Sinaloa.- El cuidado al medio ambiente encuadra los ejes principales del Partido Sinaloense y como tal se trabaja para su cuidado, se\u00f1al\u00f3 el presidente del PAS, H\u00e9ctor Melesio Cu\u00e9n Ojeda, durante el arranque de limpieza de arroyos, que simult\u00e1neamente se llev\u00f3 a cabo en los 20 Comit\u00e9s Directivos Municipales y en donde se retiraron [&hellip;]\" \/>\n<meta property=\"og:url\" content=\"https:\/\/fuentesfidedignas.com.mx\/index.php\/2023\/06\/24\/el-pas-retira-cerca-de-30-toneladas-de-basura-durante-la-jornada-de-limpieza-de-arroyos\/\" \/>\n<meta property=\"og:site_name\" content=\"Fuentes Fidedignas\" \/>\n<meta property=\"article:publisher\" content=\"https:\/\/www.facebook.com\/Fuentes-Fidedignas-368234489921644\" \/>\n<meta property=\"article:published_time\" content=\"2023-06-24T18:56:08+00:00\" \/>\n<meta property=\"article:modified_time\" content=\"2023-06-24T19:43:07+00:00\" \/>\n<meta property=\"og:image\" content=\"https:\/\/fuentesfidedignas.com.mx\/wp-content\/uploads\/2023\/06\/1000081309.jpg\" \/>\n<meta name=\"author\" content=\"Redacci\u00f3n\" \/>\n<meta name=\"twitter:card\" content=\"summary_large_image\" \/>\n<meta name=\"twitter:creator\" content=\"@fidedignas\" \/>\n<meta name=\"twitter:site\" content=\"@fidedignas\" \/>\n<meta name=\"twitter:label1\" content=\"Escrito por\" \/>\n\t<meta name=\"twitter:data1\" content=\"Redacci\u00f3n\" \/>\n\t<meta name=\"twitter:label2\" content=\"Tiempo de lectura\" \/>\n\t<meta name=\"twitter:data2\" content=\"2 minutos\" \/>\n<script type=\"application\/ld+json\" class=\"yoast-schema-graph\">{\"@context\":\"https:\\\/\\\/schema.org\",\"@graph\":[{\"@type\":\"Article\",\"@id\":\"https:\\\/\\\/fuentesfidedignas.com.mx\\\/index.php\\\/2023\\\/06\\\/24\\\/el-pas-retira-cerca-de-30-toneladas-de-basura-durante-la-jornada-de-limpieza-de-arroyos\\\/#article\",\"isPartOf\":{\"@id\":\"https:\\\/\\\/fuentesfidedignas.com.mx\\\/index.php\\\/2023\\\/06\\\/24\\\/el-pas-retira-cerca-de-30-toneladas-de-basura-durante-la-jornada-de-limpieza-de-arroyos\\\/\"},\"author\":{\"name\":\"Redacci\u00f3n\",\"@id\":\"https:\\\/\\\/fuentesfidedignas.com.mx\\\/#\\\/schema\\\/person\\\/331be9283d37198e2acd5750279085b0\"},\"headline\":\"El PAS retira cerca de 30 toneladas de basura durante la jornada de limpieza de arroyos\",\"datePublished\":\"2023-06-24T18:56:08+00:00\",\"dateModified\":\"2023-06-24T19:43:07+00:00\",\"mainEntityOfPage\":{\"@id\":\"https:\\\/\\\/fuentesfidedignas.com.mx\\\/index.php\\\/2023\\\/06\\\/24\\\/el-pas-retira-cerca-de-30-toneladas-de-basura-durante-la-jornada-de-limpieza-de-arroyos\\\/\"},\"wordCount\":396,\"commentCount\":0,\"publisher\":{\"@id\":\"https:\\\/\\\/fuentesfidedignas.com.mx\\\/#organization\"},\"image\":{\"@id\":\"https:\\\/\\\/fuentesfidedignas.com.mx\\\/index.php\\\/2023\\\/06\\\/24\\\/el-pas-retira-cerca-de-30-toneladas-de-basura-durante-la-jornada-de-limpieza-de-arroyos\\\/#primaryimage\"},\"thumbnailUrl\":\"https:\\\/\\\/fuentesfidedignas.com.mx\\\/wp-content\\\/uploads\\\/2023\\\/06\\\/IMG-20230624-WA0016.jpg\",\"articleSection\":[\"NOTICIAS LOCALES\"],\"inLanguage\":\"es\",\"potentialAction\":[{\"@type\":\"CommentAction\",\"name\":\"Comment\",\"target\":[\"https:\\\/\\\/fuentesfidedignas.com.mx\\\/index.php\\\/2023\\\/06\\\/24\\\/el-pas-retira-cerca-de-30-toneladas-de-basura-durante-la-jornada-de-limpieza-de-arroyos\\\/#respond\"]}]},{\"@type\":\"WebPage\",\"@id\":\"https:\\\/\\\/fuentesfidedignas.com.mx\\\/index.php\\\/2023\\\/06\\\/24\\\/el-pas-retira-cerca-de-30-toneladas-de-basura-durante-la-jornada-de-limpieza-de-arroyos\\\/\",\"url\":\"https:\\\/\\\/fuentesfidedignas.com.mx\\\/index.php\\\/2023\\\/06\\\/24\\\/el-pas-retira-cerca-de-30-toneladas-de-basura-durante-la-jornada-de-limpieza-de-arroyos\\\/\",\"name\":\"El PAS retira cerca de 30 toneladas de basura durante la jornada de limpieza de arroyos - Fuentes Fidedignas\",\"isPartOf\":{\"@id\":\"https:\\\/\\\/fuentesfidedignas.com.mx\\\/#website\"},\"primaryImageOfPage\":{\"@id\":\"https:\\\/\\\/fuentesfidedignas.com.mx\\\/index.php\\\/2023\\\/06\\\/24\\\/el-pas-retira-cerca-de-30-toneladas-de-basura-durante-la-jornada-de-limpieza-de-arroyos\\\/#primaryimage\"},\"image\":{\"@id\":\"https:\\\/\\\/fuentesfidedignas.com.mx\\\/index.php\\\/2023\\\/06\\\/24\\\/el-pas-retira-cerca-de-30-toneladas-de-basura-durante-la-jornada-de-limpieza-de-arroyos\\\/#primaryimage\"},\"thumbnailUrl\":\"https:\\\/\\\/fuentesfidedignas.com.mx\\\/wp-content\\\/uploads\\\/2023\\\/06\\\/IMG-20230624-WA0016.jpg\",\"datePublished\":\"2023-06-24T18:56:08+00:00\",\"dateModified\":\"2023-06-24T19:43:07+00:00\",\"breadcrumb\":{\"@id\":\"https:\\\/\\\/fuentesfidedignas.com.mx\\\/index.php\\\/2023\\\/06\\\/24\\\/el-pas-retira-cerca-de-30-toneladas-de-basura-durante-la-jornada-de-limpieza-de-arroyos\\\/#breadcrumb\"},\"inLanguage\":\"es\",\"potentialAction\":[{\"@type\":\"ReadAction\",\"target\":[\"https:\\\/\\\/fuentesfidedignas.com.mx\\\/index.php\\\/2023\\\/06\\\/24\\\/el-pas-retira-cerca-de-30-toneladas-de-basura-durante-la-jornada-de-limpieza-de-arroyos\\\/\"]}]},{\"@type\":\"ImageObject\",\"inLanguage\":\"es\",\"@id\":\"https:\\\/\\\/fuentesfidedignas.com.mx\\\/index.php\\\/2023\\\/06\\\/24\\\/el-pas-retira-cerca-de-30-toneladas-de-basura-durante-la-jornada-de-limpieza-de-arroyos\\\/#primaryimage\",\"url\":\"https:\\\/\\\/fuentesfidedignas.com.mx\\\/wp-content\\\/uploads\\\/2023\\\/06\\\/IMG-20230624-WA0016.jpg\",\"contentUrl\":\"https:\\\/\\\/fuentesfidedignas.com.mx\\\/wp-content\\\/uploads\\\/2023\\\/06\\\/IMG-20230624-WA0016.jpg\",\"width\":640,\"height\":426},{\"@type\":\"BreadcrumbList\",\"@id\":\"https:\\\/\\\/fuentesfidedignas.com.mx\\\/index.php\\\/2023\\\/06\\\/24\\\/el-pas-retira-cerca-de-30-toneladas-de-basura-durante-la-jornada-de-limpieza-de-arroyos\\\/#breadcrumb\",\"itemListElement\":[{\"@type\":\"ListItem\",\"position\":1,\"name\":\"Inicio\",\"item\":\"https:\\\/\\\/fuentesfidedignas.com.mx\\\/\"},{\"@type\":\"ListItem\",\"position\":2,\"name\":\"El PAS retira cerca de 30 toneladas de basura durante la jornada de limpieza de arroyos\"}]},{\"@type\":\"WebSite\",\"@id\":\"https:\\\/\\\/fuentesfidedignas.com.mx\\\/#website\",\"url\":\"https:\\\/\\\/fuentesfidedignas.com.mx\\\/\",\"name\":\"Fuentes Fidedignas\",\"description\":\"Otro sitio realizado con WordPress\",\"publisher\":{\"@id\":\"https:\\\/\\\/fuentesfidedignas.com.mx\\\/#organization\"},\"potentialAction\":[{\"@type\":\"SearchAction\",\"target\":{\"@type\":\"EntryPoint\",\"urlTemplate\":\"https:\\\/\\\/fuentesfidedignas.com.mx\\\/?s={search_term_string}\"},\"query-input\":{\"@type\":\"PropertyValueSpecification\",\"valueRequired\":true,\"valueName\":\"search_term_string\"}}],\"inLanguage\":\"es\"},{\"@type\":\"Organization\",\"@id\":\"https:\\\/\\\/fuentesfidedignas.com.mx\\\/#organization\",\"name\":\"Fuentes Fidedignas\",\"url\":\"https:\\\/\\\/fuentesfidedignas.com.mx\\\/\",\"logo\":{\"@type\":\"ImageObject\",\"inLanguage\":\"es\",\"@id\":\"https:\\\/\\\/fuentesfidedignas.com.mx\\\/#\\\/schema\\\/logo\\\/image\\\/\",\"url\":\"https:\\\/\\\/fuentesfidedignas.com.mx\\\/wp-content\\\/uploads\\\/2021\\\/04\\\/logo-retina.png\",\"contentUrl\":\"https:\\\/\\\/fuentesfidedignas.com.mx\\\/wp-content\\\/uploads\\\/2021\\\/04\\\/logo-retina.png\",\"width\":280,\"height\":51,\"caption\":\"Fuentes Fidedignas\"},\"image\":{\"@id\":\"https:\\\/\\\/fuentesfidedignas.com.mx\\\/#\\\/schema\\\/logo\\\/image\\\/\"},\"sameAs\":[\"https:\\\/\\\/www.facebook.com\\\/Fuentes-Fidedignas-368234489921644\",\"https:\\\/\\\/x.com\\\/fidedignas\"]},{\"@type\":\"Person\",\"@id\":\"https:\\\/\\\/fuentesfidedignas.com.mx\\\/#\\\/schema\\\/person\\\/331be9283d37198e2acd5750279085b0\",\"name\":\"Redacci\u00f3n\",\"image\":{\"@type\":\"ImageObject\",\"inLanguage\":\"es\",\"@id\":\"https:\\\/\\\/secure.gravatar.com\\\/avatar\\\/f6d8782c11d12b2d4ad3fbb6931aeab5309937a4d6cd2fc9cfaa28a6396a5aec?s=96&d=mm&r=g\",\"url\":\"https:\\\/\\\/secure.gravatar.com\\\/avatar\\\/f6d8782c11d12b2d4ad3fbb6931aeab5309937a4d6cd2fc9cfaa28a6396a5aec?s=96&d=mm&r=g\",\"contentUrl\":\"https:\\\/\\\/secure.gravatar.com\\\/avatar\\\/f6d8782c11d12b2d4ad3fbb6931aeab5309937a4d6cd2fc9cfaa28a6396a5aec?s=96&d=mm&r=g\",\"caption\":\"Redacci\u00f3n\"},\"url\":\"https:\\\/\\\/fuentesfidedignas.com.mx\\\/index.php\\\/author\\\/redaccion\\\/\"}]}<\/script>\n<!-- \/ Yoast SEO plugin. -->","yoast_head_json":{"title":"El PAS retira cerca de 30 toneladas de basura durante la jornada de limpieza de arroyos - Fuentes Fidedignas","robots":{"index":"index","follow":"follow","max-snippet":"max-snippet:-1","max-image-preview":"max-image-preview:large","max-video-preview":"max-video-preview:-1"},"canonical":"https:\/\/fuentesfidedignas.com.mx\/index.php\/2023\/06\/24\/el-pas-retira-cerca-de-30-toneladas-de-basura-durante-la-jornada-de-limpieza-de-arroyos\/","og_locale":"es_MX","og_type":"article","og_title":"El PAS retira cerca de 30 toneladas de basura durante la jornada de limpieza de arroyos - Fuentes Fidedignas","og_description":"Culiac\u00e1n, Sinaloa.- El cuidado al medio ambiente encuadra los ejes principales del Partido Sinaloense y como tal se trabaja para su cuidado, se\u00f1al\u00f3 el presidente del PAS, H\u00e9ctor Melesio Cu\u00e9n Ojeda, durante el arranque de limpieza de arroyos, que simult\u00e1neamente se llev\u00f3 a cabo en los 20 Comit\u00e9s Directivos Municipales y en donde se retiraron [&hellip;]","og_url":"https:\/\/fuentesfidedignas.com.mx\/index.php\/2023\/06\/24\/el-pas-retira-cerca-de-30-toneladas-de-basura-durante-la-jornada-de-limpieza-de-arroyos\/","og_site_name":"Fuentes Fidedignas","article_publisher":"https:\/\/www.facebook.com\/Fuentes-Fidedignas-368234489921644","article_published_time":"2023-06-24T18:56:08+00:00","article_modified_time":"2023-06-24T19:43:07+00:00","og_image":[{"url":"https:\/\/fuentesfidedignas.com.mx\/wp-content\/uploads\/2023\/06\/1000081309.jpg","type":"","width":"","height":""}],"author":"Redacci\u00f3n","twitter_card":"summary_large_image","twitter_creator":"@fidedignas","twitter_site":"@fidedignas","twitter_misc":{"Escrito por":"Redacci\u00f3n","Tiempo de lectura":"2 minutos"},"schema":{"@context":"https:\/\/schema.org","@graph":[{"@type":"Article","@id":"https:\/\/fuentesfidedignas.com.mx\/index.php\/2023\/06\/24\/el-pas-retira-cerca-de-30-toneladas-de-basura-durante-la-jornada-de-limpieza-de-arroyos\/#article","isPartOf":{"@id":"https:\/\/fuentesfidedignas.com.mx\/index.php\/2023\/06\/24\/el-pas-retira-cerca-de-30-toneladas-de-basura-durante-la-jornada-de-limpieza-de-arroyos\/"},"author":{"name":"Redacci\u00f3n","@id":"https:\/\/fuentesfidedignas.com.mx\/#\/schema\/person\/331be9283d37198e2acd5750279085b0"},"headline":"El PAS retira cerca de 30 toneladas de basura durante la jornada de limpieza de arroyos","datePublished":"2023-06-24T18:56:08+00:00","dateModified":"2023-06-24T19:43:07+00:00","mainEntityOfPage":{"@id":"https:\/\/fuentesfidedignas.com.mx\/index.php\/2023\/06\/24\/el-pas-retira-cerca-de-30-toneladas-de-basura-durante-la-jornada-de-limpieza-de-arroyos\/"},"wordCount":396,"commentCount":0,"publisher":{"@id":"https:\/\/fuentesfidedignas.com.mx\/#organization"},"image":{"@id":"https:\/\/fuentesfidedignas.com.mx\/index.php\/2023\/06\/24\/el-pas-retira-cerca-de-30-toneladas-de-basura-durante-la-jornada-de-limpieza-de-arroyos\/#primaryimage"},"thumbnailUrl":"https:\/\/fuentesfidedignas.com.mx\/wp-content\/uploads\/2023\/06\/IMG-20230624-WA0016.jpg","articleSection":["NOTICIAS LOCALES"],"inLanguage":"es","potentialAction":[{"@type":"CommentAction","name":"Comment","target":["https:\/\/fuentesfidedignas.com.mx\/index.php\/2023\/06\/24\/el-pas-retira-cerca-de-30-toneladas-de-basura-durante-la-jornada-de-limpieza-de-arroyos\/#respond"]}]},{"@type":"WebPage","@id":"https:\/\/fuentesfidedignas.com.mx\/index.php\/2023\/06\/24\/el-pas-retira-cerca-de-30-toneladas-de-basura-durante-la-jornada-de-limpieza-de-arroyos\/","url":"https:\/\/fuentesfidedignas.com.mx\/index.php\/2023\/06\/24\/el-pas-retira-cerca-de-30-toneladas-de-basura-durante-la-jornada-de-limpieza-de-arroyos\/","name":"El PAS retira cerca de 30 toneladas de basura durante la jornada de limpieza de arroyos - Fuentes Fidedignas","isPartOf":{"@id":"https:\/\/fuentesfidedignas.com.mx\/#website"},"primaryImageOfPage":{"@id":"https:\/\/fuentesfidedignas.com.mx\/index.php\/2023\/06\/24\/el-pas-retira-cerca-de-30-toneladas-de-basura-durante-la-jornada-de-limpieza-de-arroyos\/#primaryimage"},"image":{"@id":"https:\/\/fuentesfidedignas.com.mx\/index.php\/2023\/06\/24\/el-pas-retira-cerca-de-30-toneladas-de-basura-durante-la-jornada-de-limpieza-de-arroyos\/#primaryimage"},"thumbnailUrl":"https:\/\/fuentesfidedignas.com.mx\/wp-content\/uploads\/2023\/06\/IMG-20230624-WA0016.jpg","datePublished":"2023-06-24T18:56:08+00:00","dateModified":"2023-06-24T19:43:07+00:00","breadcrumb":{"@id":"https:\/\/fuentesfidedignas.com.mx\/index.php\/2023\/06\/24\/el-pas-retira-cerca-de-30-toneladas-de-basura-durante-la-jornada-de-limpieza-de-arroyos\/#breadcrumb"},"inLanguage":"es","potentialAction":[{"@type":"ReadAction","target":["https:\/\/fuentesfidedignas.com.mx\/index.php\/2023\/06\/24\/el-pas-retira-cerca-de-30-toneladas-de-basura-durante-la-jornada-de-limpieza-de-arroyos\/"]}]},{"@type":"ImageObject","inLanguage":"es","@id":"https:\/\/fuentesfidedignas.com.mx\/index.php\/2023\/06\/24\/el-pas-retira-cerca-de-30-toneladas-de-basura-durante-la-jornada-de-limpieza-de-arroyos\/#primaryimage","url":"https:\/\/fuentesfidedignas.com.mx\/wp-content\/uploads\/2023\/06\/IMG-20230624-WA0016.jpg","contentUrl":"https:\/\/fuentesfidedignas.com.mx\/wp-content\/uploads\/2023\/06\/IMG-20230624-WA0016.jpg","width":640,"height":426},{"@type":"BreadcrumbList","@id":"https:\/\/fuentesfidedignas.com.mx\/index.php\/2023\/06\/24\/el-pas-retira-cerca-de-30-toneladas-de-basura-durante-la-jornada-de-limpieza-de-arroyos\/#breadcrumb","itemListElement":[{"@type":"ListItem","position":1,"name":"Inicio","item":"https:\/\/fuentesfidedignas.com.mx\/"},{"@type":"ListItem","position":2,"name":"El PAS retira cerca de 30 toneladas de basura durante la jornada de limpieza de arroyos"}]},{"@type":"WebSite","@id":"https:\/\/fuentesfidedignas.com.mx\/#website","url":"https:\/\/fuentesfidedignas.com.mx\/","name":"Fuentes Fidedignas","description":"Otro sitio realizado con WordPress","publisher":{"@id":"https:\/\/fuentesfidedignas.com.mx\/#organization"},"potentialAction":[{"@type":"SearchAction","target":{"@type":"EntryPoint","urlTemplate":"https:\/\/fuentesfidedignas.com.mx\/?s={search_term_string}"},"query-input":{"@type":"PropertyValueSpecification","valueRequired":true,"valueName":"search_term_string"}}],"inLanguage":"es"},{"@type":"Organization","@id":"https:\/\/fuentesfidedignas.com.mx\/#organization","name":"Fuentes Fidedignas","url":"https:\/\/fuentesfidedignas.com.mx\/","logo":{"@type":"ImageObject","inLanguage":"es","@id":"https:\/\/fuentesfidedignas.com.mx\/#\/schema\/logo\/image\/","url":"https:\/\/fuentesfidedignas.com.mx\/wp-content\/uploads\/2021\/04\/logo-retina.png","contentUrl":"https:\/\/fuentesfidedignas.com.mx\/wp-content\/uploads\/2021\/04\/logo-retina.png","width":280,"height":51,"caption":"Fuentes Fidedignas"},"image":{"@id":"https:\/\/fuentesfidedignas.com.mx\/#\/schema\/logo\/image\/"},"sameAs":["https:\/\/www.facebook.com\/Fuentes-Fidedignas-368234489921644","https:\/\/x.com\/fidedignas"]},{"@type":"Person","@id":"https:\/\/fuentesfidedignas.com.mx\/#\/schema\/person\/331be9283d37198e2acd5750279085b0","name":"Redacci\u00f3n","image":{"@type":"ImageObject","inLanguage":"es","@id":"https:\/\/secure.gravatar.com\/avatar\/f6d8782c11d12b2d4ad3fbb6931aeab5309937a4d6cd2fc9cfaa28a6396a5aec?s=96&d=mm&r=g","url":"https:\/\/secure.gravatar.com\/avatar\/f6d8782c11d12b2d4ad3fbb6931aeab5309937a4d6cd2fc9cfaa28a6396a5aec?s=96&d=mm&r=g","contentUrl":"https:\/\/secure.gravatar.com\/avatar\/f6d8782c11d12b2d4ad3fbb6931aeab5309937a4d6cd2fc9cfaa28a6396a5aec?s=96&d=mm&r=g","caption":"Redacci\u00f3n"},"url":"https:\/\/fuentesfidedignas.com.mx\/index.php\/author\/redaccion\/"}]}},"_links":{"self":[{"href":"https:\/\/fuentesfidedignas.com.mx\/index.php\/wp-json\/wp\/v2\/posts\/50923","targetHints":{"allow":["GET"]}}],"collection":[{"href":"https:\/\/fuentesfidedignas.com.mx\/index.php\/wp-json\/wp\/v2\/posts"}],"about":[{"href":"https:\/\/fuentesfidedignas.com.mx\/index.php\/wp-json\/wp\/v2\/types\/post"}],"author":[{"embeddable":true,"href":"https:\/\/fuentesfidedignas.com.mx\/index.php\/wp-json\/wp\/v2\/users\/4"}],"replies":[{"embeddable":true,"href":"https:\/\/fuentesfidedignas.com.mx\/index.php\/wp-json\/wp\/v2\/comments?post=50923"}],"version-history":[{"count":1,"href":"https:\/\/fuentesfidedignas.com.mx\/index.php\/wp-json\/wp\/v2\/posts\/50923\/revisions"}],"predecessor-version":[{"id":50925,"href":"https:\/\/fuentesfidedignas.com.mx\/index.php\/wp-json\/wp\/v2\/posts\/50923\/revisions\/50925"}],"wp:featuredmedia":[{"embeddable":true,"href":"https:\/\/fuentesfidedignas.com.mx\/index.php\/wp-json\/wp\/v2\/media\/50926"}],"wp:attachment":[{"href":"https:\/\/fuentesfidedignas.com.mx\/index.php\/wp-json\/wp\/v2\/media?parent=50923"}],"wp:term":[{"taxonomy":"category","embeddable":true,"href":"https:\/\/fuentesfidedignas.com.mx\/index.php\/wp-json\/wp\/v2\/categories?post=50923"},{"taxonomy":"post_tag","embeddable":true,"href":"https:\/\/fuentesfidedignas.com.mx\/index.php\/wp-json\/wp\/v2\/tags?post=50923"}],"curies":[{"name":"wp","href":"https:\/\/api.w.org\/{rel}","templated":true}]}}