{"id":50919,"date":"2023-06-24T11:45:42","date_gmt":"2023-06-24T18:45:42","guid":{"rendered":"https:\/\/fuentesfidedignas.com.mx\/?p=50919"},"modified":"2023-06-24T11:58:06","modified_gmt":"2023-06-24T18:58:06","slug":"inaugura-jose-manuel-luque-concurso-juguemos-a-emprender-de-proeduca","status":"publish","type":"post","link":"https:\/\/fuentesfidedignas.com.mx\/index.php\/2023\/06\/24\/inaugura-jose-manuel-luque-concurso-juguemos-a-emprender-de-proeduca\/","title":{"rendered":"Inaugura Jos\u00e9 Manuel Luque concurso \u201cJuguemos a Emprender\u201d de ProEduca"},"content":{"rendered":"\n<p><\/p>\n\n\n\n<p>Culiac\u00e1n, Sin.- Todas las ni\u00f1as y ni\u00f1os tienen fortalezas, y pueden encontrarlas jugando, como lo hace <strong>ProEduca<\/strong>, para que estas fortalezas les ayuden a encontrar su lugar en la vida, expres\u00f3 el diputado <strong>Jos\u00e9 Manuel Luque Rojas<\/strong>.<\/p>\n\n\n\n<p>En su mensaje de inauguraci\u00f3n de la edici\u00f3n 16 del concurso \u201c<strong>Juguemos a emprender<\/strong>\u201d, que organiza ProEduca y que se llev\u00f3 a cabo en el Sal\u00f3n Constituyentes de 1917, el presidente de la Comisi\u00f3n de Educaci\u00f3n P\u00fablica y Cultura invit\u00f3 a las ni\u00f1as y ni\u00f1os asistentes a leer el libro \u201c<em>El Mago de Oz<\/em>\u201d.<\/p>\n\n\n\n<p>En este cuento, les dijo, como en este concurso, los ni\u00f1os y ni\u00f1as pueden aprender al mismo tiempo que juegan, y adem\u00e1s ello les permite encontrar habilidades que les podr\u00e1n ayudar en el futuro.<\/p>\n\n\n\n<p>&#8220;<strong>En el Congreso del Estado estamos felices de recibirles y de que las ni\u00f1as y ni\u00f1os se encaminen a cosas positivas, a un futuro que les prometa algo bueno, que les permita crecer como personas y tambi\u00e9n le aporten a su familia y a la sociedad<\/strong>\u201d, les dijo el diputado Luque Rojas a ni\u00f1as, ni\u00f1os y padres y madres de familia.<\/p>\n\n\n\n<figure class=\"wp-block-image size-full\"><img decoding=\"async\" width=\"640\" height=\"426\" src=\"https:\/\/fuentesfidedignas.com.mx\/wp-content\/uploads\/2023\/06\/1000081301.jpg\" alt=\"\" class=\"wp-image-50920\" srcset=\"https:\/\/fuentesfidedignas.com.mx\/wp-content\/uploads\/2023\/06\/1000081301.jpg 640w, https:\/\/fuentesfidedignas.com.mx\/wp-content\/uploads\/2023\/06\/1000081301-300x200.jpg 300w\" sizes=\"(max-width: 640px) 100vw, 640px\" \/><\/figure>\n\n\n\n<p>La d\u00e9cimo sexta edici\u00f3n del concurso \u201cJuguemos a Emprender\u201d registra la participaci\u00f3n de 18 equipos de alumnos de quinto grado, quienes fueron electos de alrededor de 6 mil 500 ni\u00f1os y ni\u00f1as de m\u00e1s de 100 escuelas, distribuidas entre los municipios de Culiac\u00e1n, Mazatl\u00e1n, Navolato, Angostura y Rosario.<\/p>\n\n\n\n<p>Por parte de la instituci\u00f3n de asistencia privada ProEduca particip\u00f3 su coordinadora operativa, Marisol Rodr\u00edguez P\u00e9rez, quien llev\u00f3 la representaci\u00f3n de la directora Gabriela Espinoza Valenzuela.<\/p>\n\n\n\n<p>De igual manera participaron Mar\u00eda Fernanda Escobosa Castro, consejera del Patronato ProEduca, y Mar\u00eda Engracia Unzueta, directora de Primarias Federales de la Secretar\u00eda de Educaci\u00f3n P\u00fablica, entre otras personalidades.<\/p>\n\n\n\n<p>Mediante el programa \u201cJuguemos a Emprender\u201d, ProEduca ense\u00f1a a los alumnos y alumnas de quinto grado de primaria sobre lo que se necesita para formar una empresa, las funciones de la persona encargada de la direcci\u00f3n de una empresa, las formas de producci\u00f3n y la importancia de calidad de los productos o servicios, sus costos y utilidades, as\u00ed como las estrategias de publicidad para atraer clientela.<\/p>\n","protected":false},"excerpt":{"rendered":"<p>Culiac\u00e1n, Sin.- Todas las ni\u00f1as y ni\u00f1os tienen fortalezas, y pueden encontrarlas jugando, como lo hace ProEduca, para que estas fortalezas les ayuden a encontrar su lugar en la vida, expres\u00f3 el diputado Jos\u00e9 Manuel Luque Rojas. En su mensaje de inauguraci\u00f3n de la edici\u00f3n 16 del concurso \u201cJuguemos a emprender\u201d, que organiza ProEduca y [&hellip;]<\/p>\n","protected":false},"author":4,"featured_media":50922,"comment_status":"open","ping_status":"open","sticky":false,"template":"","format":"standard","meta":{"tdm_status":"","tdm_grid_status":"","footnotes":""},"categories":[38,1],"tags":[],"class_list":{"0":"post-50919","1":"post","2":"type-post","3":"status-publish","4":"format-standard","5":"has-post-thumbnail","7":"category-noticias-locales","8":"category-sin-categoria"},"yoast_head":"<!-- This site is optimized with the Yoast SEO plugin v27.4 - https:\/\/yoast.com\/product\/yoast-seo-wordpress\/ -->\n<title>Inaugura Jos\u00e9 Manuel Luque concurso \u201cJuguemos a Emprender\u201d de ProEduca - Fuentes Fidedignas<\/title>\n<meta name=\"robots\" content=\"index, follow, max-snippet:-1, max-image-preview:large, max-video-preview:-1\" \/>\n<link rel=\"canonical\" href=\"https:\/\/fuentesfidedignas.com.mx\/index.php\/2023\/06\/24\/inaugura-jose-manuel-luque-concurso-juguemos-emprender-de-proeduca\/\" \/>\n<meta property=\"og:locale\" content=\"es_MX\" \/>\n<meta property=\"og:type\" content=\"article\" \/>\n<meta property=\"og:title\" content=\"Inaugura Jos\u00e9 Manuel Luque concurso \u201cJuguemos a Emprender\u201d de ProEduca - Fuentes Fidedignas\" \/>\n<meta property=\"og:description\" content=\"Culiac\u00e1n, Sin.- Todas las ni\u00f1as y ni\u00f1os tienen fortalezas, y pueden encontrarlas jugando, como lo hace ProEduca, para que estas fortalezas les ayuden a encontrar su lugar en la vida, expres\u00f3 el diputado Jos\u00e9 Manuel Luque Rojas. En su mensaje de inauguraci\u00f3n de la edici\u00f3n 16 del concurso \u201cJuguemos a emprender\u201d, que organiza ProEduca y [&hellip;]\" \/>\n<meta property=\"og:url\" content=\"https:\/\/fuentesfidedignas.com.mx\/index.php\/2023\/06\/24\/inaugura-jose-manuel-luque-concurso-juguemos-emprender-de-proeduca\/\" \/>\n<meta property=\"og:site_name\" content=\"Fuentes Fidedignas\" \/>\n<meta property=\"article:publisher\" content=\"https:\/\/www.facebook.com\/Fuentes-Fidedignas-368234489921644\" \/>\n<meta property=\"article:published_time\" content=\"2023-06-24T18:45:42+00:00\" \/>\n<meta property=\"article:modified_time\" content=\"2023-06-24T18:58:06+00:00\" \/>\n<meta property=\"og:image\" content=\"https:\/\/fuentesfidedignas.com.mx\/wp-content\/uploads\/2023\/06\/IMG-20230624-WA0014.jpg\" \/>\n\t<meta property=\"og:image:width\" content=\"640\" \/>\n\t<meta property=\"og:image:height\" content=\"426\" \/>\n\t<meta property=\"og:image:type\" content=\"image\/jpeg\" \/>\n<meta name=\"author\" content=\"Redacci\u00f3n\" \/>\n<meta name=\"twitter:card\" content=\"summary_large_image\" \/>\n<meta name=\"twitter:creator\" content=\"@fidedignas\" \/>\n<meta name=\"twitter:site\" content=\"@fidedignas\" \/>\n<meta name=\"twitter:label1\" content=\"Escrito por\" \/>\n\t<meta name=\"twitter:data1\" content=\"Redacci\u00f3n\" \/>\n\t<meta name=\"twitter:label2\" content=\"Tiempo de lectura\" \/>\n\t<meta name=\"twitter:data2\" content=\"2 minutos\" \/>\n<script type=\"application\/ld+json\" class=\"yoast-schema-graph\">{\"@context\":\"https:\\\/\\\/schema.org\",\"@graph\":[{\"@type\":\"Article\",\"@id\":\"https:\\\/\\\/fuentesfidedignas.com.mx\\\/index.php\\\/2023\\\/06\\\/24\\\/inaugura-jose-manuel-luque-concurso-juguemos-emprender-de-proeduca\\\/#article\",\"isPartOf\":{\"@id\":\"https:\\\/\\\/fuentesfidedignas.com.mx\\\/index.php\\\/2023\\\/06\\\/24\\\/inaugura-jose-manuel-luque-concurso-juguemos-emprender-de-proeduca\\\/\"},\"author\":{\"name\":\"Redacci\u00f3n\",\"@id\":\"https:\\\/\\\/fuentesfidedignas.com.mx\\\/#\\\/schema\\\/person\\\/331be9283d37198e2acd5750279085b0\"},\"headline\":\"Inaugura Jos\u00e9 Manuel Luque concurso \u201cJuguemos a Emprender\u201d de ProEduca\",\"datePublished\":\"2023-06-24T18:45:42+00:00\",\"dateModified\":\"2023-06-24T18:58:06+00:00\",\"mainEntityOfPage\":{\"@id\":\"https:\\\/\\\/fuentesfidedignas.com.mx\\\/index.php\\\/2023\\\/06\\\/24\\\/inaugura-jose-manuel-luque-concurso-juguemos-emprender-de-proeduca\\\/\"},\"wordCount\":400,\"commentCount\":0,\"publisher\":{\"@id\":\"https:\\\/\\\/fuentesfidedignas.com.mx\\\/#organization\"},\"image\":{\"@id\":\"https:\\\/\\\/fuentesfidedignas.com.mx\\\/index.php\\\/2023\\\/06\\\/24\\\/inaugura-jose-manuel-luque-concurso-juguemos-emprender-de-proeduca\\\/#primaryimage\"},\"thumbnailUrl\":\"https:\\\/\\\/fuentesfidedignas.com.mx\\\/wp-content\\\/uploads\\\/2023\\\/06\\\/IMG-20230624-WA0014.jpg\",\"articleSection\":[\"NOTICIAS LOCALES\"],\"inLanguage\":\"es\",\"potentialAction\":[{\"@type\":\"CommentAction\",\"name\":\"Comment\",\"target\":[\"https:\\\/\\\/fuentesfidedignas.com.mx\\\/index.php\\\/2023\\\/06\\\/24\\\/inaugura-jose-manuel-luque-concurso-juguemos-emprender-de-proeduca\\\/#respond\"]}]},{\"@type\":\"WebPage\",\"@id\":\"https:\\\/\\\/fuentesfidedignas.com.mx\\\/index.php\\\/2023\\\/06\\\/24\\\/inaugura-jose-manuel-luque-concurso-juguemos-emprender-de-proeduca\\\/\",\"url\":\"https:\\\/\\\/fuentesfidedignas.com.mx\\\/index.php\\\/2023\\\/06\\\/24\\\/inaugura-jose-manuel-luque-concurso-juguemos-emprender-de-proeduca\\\/\",\"name\":\"Inaugura Jos\u00e9 Manuel Luque concurso \u201cJuguemos a Emprender\u201d de ProEduca - Fuentes Fidedignas\",\"isPartOf\":{\"@id\":\"https:\\\/\\\/fuentesfidedignas.com.mx\\\/#website\"},\"primaryImageOfPage\":{\"@id\":\"https:\\\/\\\/fuentesfidedignas.com.mx\\\/index.php\\\/2023\\\/06\\\/24\\\/inaugura-jose-manuel-luque-concurso-juguemos-emprender-de-proeduca\\\/#primaryimage\"},\"image\":{\"@id\":\"https:\\\/\\\/fuentesfidedignas.com.mx\\\/index.php\\\/2023\\\/06\\\/24\\\/inaugura-jose-manuel-luque-concurso-juguemos-emprender-de-proeduca\\\/#primaryimage\"},\"thumbnailUrl\":\"https:\\\/\\\/fuentesfidedignas.com.mx\\\/wp-content\\\/uploads\\\/2023\\\/06\\\/IMG-20230624-WA0014.jpg\",\"datePublished\":\"2023-06-24T18:45:42+00:00\",\"dateModified\":\"2023-06-24T18:58:06+00:00\",\"breadcrumb\":{\"@id\":\"https:\\\/\\\/fuentesfidedignas.com.mx\\\/index.php\\\/2023\\\/06\\\/24\\\/inaugura-jose-manuel-luque-concurso-juguemos-emprender-de-proeduca\\\/#breadcrumb\"},\"inLanguage\":\"es\",\"potentialAction\":[{\"@type\":\"ReadAction\",\"target\":[\"https:\\\/\\\/fuentesfidedignas.com.mx\\\/index.php\\\/2023\\\/06\\\/24\\\/inaugura-jose-manuel-luque-concurso-juguemos-emprender-de-proeduca\\\/\"]}]},{\"@type\":\"ImageObject\",\"inLanguage\":\"es\",\"@id\":\"https:\\\/\\\/fuentesfidedignas.com.mx\\\/index.php\\\/2023\\\/06\\\/24\\\/inaugura-jose-manuel-luque-concurso-juguemos-emprender-de-proeduca\\\/#primaryimage\",\"url\":\"https:\\\/\\\/fuentesfidedignas.com.mx\\\/wp-content\\\/uploads\\\/2023\\\/06\\\/IMG-20230624-WA0014.jpg\",\"contentUrl\":\"https:\\\/\\\/fuentesfidedignas.com.mx\\\/wp-content\\\/uploads\\\/2023\\\/06\\\/IMG-20230624-WA0014.jpg\",\"width\":640,\"height\":426},{\"@type\":\"BreadcrumbList\",\"@id\":\"https:\\\/\\\/fuentesfidedignas.com.mx\\\/index.php\\\/2023\\\/06\\\/24\\\/inaugura-jose-manuel-luque-concurso-juguemos-emprender-de-proeduca\\\/#breadcrumb\",\"itemListElement\":[{\"@type\":\"ListItem\",\"position\":1,\"name\":\"Inicio\",\"item\":\"https:\\\/\\\/fuentesfidedignas.com.mx\\\/\"},{\"@type\":\"ListItem\",\"position\":2,\"name\":\"Inaugura Jos\u00e9 Manuel Luque concurso \u201cJuguemos a Emprender\u201d de ProEduca\"}]},{\"@type\":\"WebSite\",\"@id\":\"https:\\\/\\\/fuentesfidedignas.com.mx\\\/#website\",\"url\":\"https:\\\/\\\/fuentesfidedignas.com.mx\\\/\",\"name\":\"Fuentes Fidedignas\",\"description\":\"Otro sitio realizado con WordPress\",\"publisher\":{\"@id\":\"https:\\\/\\\/fuentesfidedignas.com.mx\\\/#organization\"},\"potentialAction\":[{\"@type\":\"SearchAction\",\"target\":{\"@type\":\"EntryPoint\",\"urlTemplate\":\"https:\\\/\\\/fuentesfidedignas.com.mx\\\/?s={search_term_string}\"},\"query-input\":{\"@type\":\"PropertyValueSpecification\",\"valueRequired\":true,\"valueName\":\"search_term_string\"}}],\"inLanguage\":\"es\"},{\"@type\":\"Organization\",\"@id\":\"https:\\\/\\\/fuentesfidedignas.com.mx\\\/#organization\",\"name\":\"Fuentes Fidedignas\",\"url\":\"https:\\\/\\\/fuentesfidedignas.com.mx\\\/\",\"logo\":{\"@type\":\"ImageObject\",\"inLanguage\":\"es\",\"@id\":\"https:\\\/\\\/fuentesfidedignas.com.mx\\\/#\\\/schema\\\/logo\\\/image\\\/\",\"url\":\"https:\\\/\\\/fuentesfidedignas.com.mx\\\/wp-content\\\/uploads\\\/2021\\\/04\\\/logo-retina.png\",\"contentUrl\":\"https:\\\/\\\/fuentesfidedignas.com.mx\\\/wp-content\\\/uploads\\\/2021\\\/04\\\/logo-retina.png\",\"width\":280,\"height\":51,\"caption\":\"Fuentes Fidedignas\"},\"image\":{\"@id\":\"https:\\\/\\\/fuentesfidedignas.com.mx\\\/#\\\/schema\\\/logo\\\/image\\\/\"},\"sameAs\":[\"https:\\\/\\\/www.facebook.com\\\/Fuentes-Fidedignas-368234489921644\",\"https:\\\/\\\/x.com\\\/fidedignas\"]},{\"@type\":\"Person\",\"@id\":\"https:\\\/\\\/fuentesfidedignas.com.mx\\\/#\\\/schema\\\/person\\\/331be9283d37198e2acd5750279085b0\",\"name\":\"Redacci\u00f3n\",\"image\":{\"@type\":\"ImageObject\",\"inLanguage\":\"es\",\"@id\":\"https:\\\/\\\/secure.gravatar.com\\\/avatar\\\/f6d8782c11d12b2d4ad3fbb6931aeab5309937a4d6cd2fc9cfaa28a6396a5aec?s=96&d=mm&r=g\",\"url\":\"https:\\\/\\\/secure.gravatar.com\\\/avatar\\\/f6d8782c11d12b2d4ad3fbb6931aeab5309937a4d6cd2fc9cfaa28a6396a5aec?s=96&d=mm&r=g\",\"contentUrl\":\"https:\\\/\\\/secure.gravatar.com\\\/avatar\\\/f6d8782c11d12b2d4ad3fbb6931aeab5309937a4d6cd2fc9cfaa28a6396a5aec?s=96&d=mm&r=g\",\"caption\":\"Redacci\u00f3n\"},\"url\":\"https:\\\/\\\/fuentesfidedignas.com.mx\\\/index.php\\\/author\\\/redaccion\\\/\"}]}<\/script>\n<!-- \/ Yoast SEO plugin. -->","yoast_head_json":{"title":"Inaugura Jos\u00e9 Manuel Luque concurso \u201cJuguemos a Emprender\u201d de ProEduca - Fuentes Fidedignas","robots":{"index":"index","follow":"follow","max-snippet":"max-snippet:-1","max-image-preview":"max-image-preview:large","max-video-preview":"max-video-preview:-1"},"canonical":"https:\/\/fuentesfidedignas.com.mx\/index.php\/2023\/06\/24\/inaugura-jose-manuel-luque-concurso-juguemos-emprender-de-proeduca\/","og_locale":"es_MX","og_type":"article","og_title":"Inaugura Jos\u00e9 Manuel Luque concurso \u201cJuguemos a Emprender\u201d de ProEduca - Fuentes Fidedignas","og_description":"Culiac\u00e1n, Sin.- Todas las ni\u00f1as y ni\u00f1os tienen fortalezas, y pueden encontrarlas jugando, como lo hace ProEduca, para que estas fortalezas les ayuden a encontrar su lugar en la vida, expres\u00f3 el diputado Jos\u00e9 Manuel Luque Rojas. En su mensaje de inauguraci\u00f3n de la edici\u00f3n 16 del concurso \u201cJuguemos a emprender\u201d, que organiza ProEduca y [&hellip;]","og_url":"https:\/\/fuentesfidedignas.com.mx\/index.php\/2023\/06\/24\/inaugura-jose-manuel-luque-concurso-juguemos-emprender-de-proeduca\/","og_site_name":"Fuentes Fidedignas","article_publisher":"https:\/\/www.facebook.com\/Fuentes-Fidedignas-368234489921644","article_published_time":"2023-06-24T18:45:42+00:00","article_modified_time":"2023-06-24T18:58:06+00:00","og_image":[{"width":640,"height":426,"url":"https:\/\/fuentesfidedignas.com.mx\/wp-content\/uploads\/2023\/06\/IMG-20230624-WA0014.jpg","type":"image\/jpeg"}],"author":"Redacci\u00f3n","twitter_card":"summary_large_image","twitter_creator":"@fidedignas","twitter_site":"@fidedignas","twitter_misc":{"Escrito por":"Redacci\u00f3n","Tiempo de lectura":"2 minutos"},"schema":{"@context":"https:\/\/schema.org","@graph":[{"@type":"Article","@id":"https:\/\/fuentesfidedignas.com.mx\/index.php\/2023\/06\/24\/inaugura-jose-manuel-luque-concurso-juguemos-emprender-de-proeduca\/#article","isPartOf":{"@id":"https:\/\/fuentesfidedignas.com.mx\/index.php\/2023\/06\/24\/inaugura-jose-manuel-luque-concurso-juguemos-emprender-de-proeduca\/"},"author":{"name":"Redacci\u00f3n","@id":"https:\/\/fuentesfidedignas.com.mx\/#\/schema\/person\/331be9283d37198e2acd5750279085b0"},"headline":"Inaugura Jos\u00e9 Manuel Luque concurso \u201cJuguemos a Emprender\u201d de ProEduca","datePublished":"2023-06-24T18:45:42+00:00","dateModified":"2023-06-24T18:58:06+00:00","mainEntityOfPage":{"@id":"https:\/\/fuentesfidedignas.com.mx\/index.php\/2023\/06\/24\/inaugura-jose-manuel-luque-concurso-juguemos-emprender-de-proeduca\/"},"wordCount":400,"commentCount":0,"publisher":{"@id":"https:\/\/fuentesfidedignas.com.mx\/#organization"},"image":{"@id":"https:\/\/fuentesfidedignas.com.mx\/index.php\/2023\/06\/24\/inaugura-jose-manuel-luque-concurso-juguemos-emprender-de-proeduca\/#primaryimage"},"thumbnailUrl":"https:\/\/fuentesfidedignas.com.mx\/wp-content\/uploads\/2023\/06\/IMG-20230624-WA0014.jpg","articleSection":["NOTICIAS LOCALES"],"inLanguage":"es","potentialAction":[{"@type":"CommentAction","name":"Comment","target":["https:\/\/fuentesfidedignas.com.mx\/index.php\/2023\/06\/24\/inaugura-jose-manuel-luque-concurso-juguemos-emprender-de-proeduca\/#respond"]}]},{"@type":"WebPage","@id":"https:\/\/fuentesfidedignas.com.mx\/index.php\/2023\/06\/24\/inaugura-jose-manuel-luque-concurso-juguemos-emprender-de-proeduca\/","url":"https:\/\/fuentesfidedignas.com.mx\/index.php\/2023\/06\/24\/inaugura-jose-manuel-luque-concurso-juguemos-emprender-de-proeduca\/","name":"Inaugura Jos\u00e9 Manuel Luque concurso \u201cJuguemos a Emprender\u201d de ProEduca - Fuentes Fidedignas","isPartOf":{"@id":"https:\/\/fuentesfidedignas.com.mx\/#website"},"primaryImageOfPage":{"@id":"https:\/\/fuentesfidedignas.com.mx\/index.php\/2023\/06\/24\/inaugura-jose-manuel-luque-concurso-juguemos-emprender-de-proeduca\/#primaryimage"},"image":{"@id":"https:\/\/fuentesfidedignas.com.mx\/index.php\/2023\/06\/24\/inaugura-jose-manuel-luque-concurso-juguemos-emprender-de-proeduca\/#primaryimage"},"thumbnailUrl":"https:\/\/fuentesfidedignas.com.mx\/wp-content\/uploads\/2023\/06\/IMG-20230624-WA0014.jpg","datePublished":"2023-06-24T18:45:42+00:00","dateModified":"2023-06-24T18:58:06+00:00","breadcrumb":{"@id":"https:\/\/fuentesfidedignas.com.mx\/index.php\/2023\/06\/24\/inaugura-jose-manuel-luque-concurso-juguemos-emprender-de-proeduca\/#breadcrumb"},"inLanguage":"es","potentialAction":[{"@type":"ReadAction","target":["https:\/\/fuentesfidedignas.com.mx\/index.php\/2023\/06\/24\/inaugura-jose-manuel-luque-concurso-juguemos-emprender-de-proeduca\/"]}]},{"@type":"ImageObject","inLanguage":"es","@id":"https:\/\/fuentesfidedignas.com.mx\/index.php\/2023\/06\/24\/inaugura-jose-manuel-luque-concurso-juguemos-emprender-de-proeduca\/#primaryimage","url":"https:\/\/fuentesfidedignas.com.mx\/wp-content\/uploads\/2023\/06\/IMG-20230624-WA0014.jpg","contentUrl":"https:\/\/fuentesfidedignas.com.mx\/wp-content\/uploads\/2023\/06\/IMG-20230624-WA0014.jpg","width":640,"height":426},{"@type":"BreadcrumbList","@id":"https:\/\/fuentesfidedignas.com.mx\/index.php\/2023\/06\/24\/inaugura-jose-manuel-luque-concurso-juguemos-emprender-de-proeduca\/#breadcrumb","itemListElement":[{"@type":"ListItem","position":1,"name":"Inicio","item":"https:\/\/fuentesfidedignas.com.mx\/"},{"@type":"ListItem","position":2,"name":"Inaugura Jos\u00e9 Manuel Luque concurso \u201cJuguemos a Emprender\u201d de ProEduca"}]},{"@type":"WebSite","@id":"https:\/\/fuentesfidedignas.com.mx\/#website","url":"https:\/\/fuentesfidedignas.com.mx\/","name":"Fuentes Fidedignas","description":"Otro sitio realizado con WordPress","publisher":{"@id":"https:\/\/fuentesfidedignas.com.mx\/#organization"},"potentialAction":[{"@type":"SearchAction","target":{"@type":"EntryPoint","urlTemplate":"https:\/\/fuentesfidedignas.com.mx\/?s={search_term_string}"},"query-input":{"@type":"PropertyValueSpecification","valueRequired":true,"valueName":"search_term_string"}}],"inLanguage":"es"},{"@type":"Organization","@id":"https:\/\/fuentesfidedignas.com.mx\/#organization","name":"Fuentes Fidedignas","url":"https:\/\/fuentesfidedignas.com.mx\/","logo":{"@type":"ImageObject","inLanguage":"es","@id":"https:\/\/fuentesfidedignas.com.mx\/#\/schema\/logo\/image\/","url":"https:\/\/fuentesfidedignas.com.mx\/wp-content\/uploads\/2021\/04\/logo-retina.png","contentUrl":"https:\/\/fuentesfidedignas.com.mx\/wp-content\/uploads\/2021\/04\/logo-retina.png","width":280,"height":51,"caption":"Fuentes Fidedignas"},"image":{"@id":"https:\/\/fuentesfidedignas.com.mx\/#\/schema\/logo\/image\/"},"sameAs":["https:\/\/www.facebook.com\/Fuentes-Fidedignas-368234489921644","https:\/\/x.com\/fidedignas"]},{"@type":"Person","@id":"https:\/\/fuentesfidedignas.com.mx\/#\/schema\/person\/331be9283d37198e2acd5750279085b0","name":"Redacci\u00f3n","image":{"@type":"ImageObject","inLanguage":"es","@id":"https:\/\/secure.gravatar.com\/avatar\/f6d8782c11d12b2d4ad3fbb6931aeab5309937a4d6cd2fc9cfaa28a6396a5aec?s=96&d=mm&r=g","url":"https:\/\/secure.gravatar.com\/avatar\/f6d8782c11d12b2d4ad3fbb6931aeab5309937a4d6cd2fc9cfaa28a6396a5aec?s=96&d=mm&r=g","contentUrl":"https:\/\/secure.gravatar.com\/avatar\/f6d8782c11d12b2d4ad3fbb6931aeab5309937a4d6cd2fc9cfaa28a6396a5aec?s=96&d=mm&r=g","caption":"Redacci\u00f3n"},"url":"https:\/\/fuentesfidedignas.com.mx\/index.php\/author\/redaccion\/"}]}},"_links":{"self":[{"href":"https:\/\/fuentesfidedignas.com.mx\/index.php\/wp-json\/wp\/v2\/posts\/50919","targetHints":{"allow":["GET"]}}],"collection":[{"href":"https:\/\/fuentesfidedignas.com.mx\/index.php\/wp-json\/wp\/v2\/posts"}],"about":[{"href":"https:\/\/fuentesfidedignas.com.mx\/index.php\/wp-json\/wp\/v2\/types\/post"}],"author":[{"embeddable":true,"href":"https:\/\/fuentesfidedignas.com.mx\/index.php\/wp-json\/wp\/v2\/users\/4"}],"replies":[{"embeddable":true,"href":"https:\/\/fuentesfidedignas.com.mx\/index.php\/wp-json\/wp\/v2\/comments?post=50919"}],"version-history":[{"count":1,"href":"https:\/\/fuentesfidedignas.com.mx\/index.php\/wp-json\/wp\/v2\/posts\/50919\/revisions"}],"predecessor-version":[{"id":50921,"href":"https:\/\/fuentesfidedignas.com.mx\/index.php\/wp-json\/wp\/v2\/posts\/50919\/revisions\/50921"}],"wp:featuredmedia":[{"embeddable":true,"href":"https:\/\/fuentesfidedignas.com.mx\/index.php\/wp-json\/wp\/v2\/media\/50922"}],"wp:attachment":[{"href":"https:\/\/fuentesfidedignas.com.mx\/index.php\/wp-json\/wp\/v2\/media?parent=50919"}],"wp:term":[{"taxonomy":"category","embeddable":true,"href":"https:\/\/fuentesfidedignas.com.mx\/index.php\/wp-json\/wp\/v2\/categories?post=50919"},{"taxonomy":"post_tag","embeddable":true,"href":"https:\/\/fuentesfidedignas.com.mx\/index.php\/wp-json\/wp\/v2\/tags?post=50919"}],"curies":[{"name":"wp","href":"https:\/\/api.w.org\/{rel}","templated":true}]}}