{"id":50915,"date":"2023-06-24T11:27:51","date_gmt":"2023-06-24T18:27:51","guid":{"rendered":"https:\/\/fuentesfidedignas.com.mx\/?p=50915"},"modified":"2023-06-24T11:38:24","modified_gmt":"2023-06-24T18:38:24","slug":"detienen-a-dos-hombres-con-un-fusil-223-en-bacurimi82828","status":"publish","type":"post","link":"https:\/\/fuentesfidedignas.com.mx\/index.php\/2023\/06\/24\/detienen-a-dos-hombres-con-un-fusil-223-en-bacurimi82828\/","title":{"rendered":"Detienen a dos hombres con un fusil .223 en Bacurim\u00ed"},"content":{"rendered":"\n<p><strong>Los polic\u00edas municipales localizan el arma de fuego dentro de un auto<\/strong><\/p>\n\n\n\n<p>Culiac\u00e1n  Sin. Elementos de la Polic\u00eda Municipal Unidad Preventiva detuvieron a dos hombres cuando fueron interceptados por un camino de terracer\u00eda que conduce al poblado Bacurim\u00ed, y al ser registrada la unidad motriz en que viajaban, localizaron un fusil calibre .223 abastecido con tres cartuchos \u00fatiles.<\/p>\n\n\n\n<p>La Secretar\u00eda de Seguridad P\u00fablica y Tr\u00e1nsito Municipal dio a conocer que las personas aseguradas se llaman Juan Antonio \u201cN\u201d, de 48 a\u00f1os y Diego \u201cN\u201d, 43 a\u00f1os, mismos que fueron puestos a disposici\u00f3n de la Fiscal\u00eda General de la Rep\u00fablica por el delito de portaci\u00f3n ilegal de arma de fuego.<\/p>\n\n\n\n<p>Fue anoche, cuando polic\u00edas municipales realizaban labores de vigilancia, y al circular por un camino de terracer\u00eda que conduce a Bacurim\u00ed, observaron un autom\u00f3vil Volkswagen Jetta, gris, de modelo reciente estacionado, y junto a \u00e9ste, se encontraba un hombre realizando sus necesidades fisiol\u00f3gicas.<\/p>\n\n\n\n<p>Los elementos preventivos detuvieron la marcha de la patrulla para acercarse al veh\u00edculo, y se percataron que dentro del mismo se encontraba otro hombre sentado al lado del copiloto, pero adem\u00e1s observaron un fusil calibre .223, en la parte donde se encuentra la palanca de los cambios, el cual estaba abastecido con tres cartuchos \u00fatiles.<\/p>\n\n\n\n<p>De inmediato los agentes de la SSPyTM solicitaron a la persona que se encontraba en el interior del auto, que descendiera con las manos en alto, acatando a dicho ordenamiento, para luego ser sometidos a una inspecci\u00f3n corporal, previa autorizaci\u00f3n.<\/p>\n\n\n\n<p>El fusil calibre .223 fue asegurado, y junto con los detenidos y el veh\u00edculo, quedaron a cargo de las autoridades federales correspondientes, quienes se encargar\u00e1n de resolverles su situaci\u00f3n legal.<\/p>\n","protected":false},"excerpt":{"rendered":"<p>Los polic\u00edas municipales localizan el arma de fuego dentro de un auto Culiac\u00e1n Sin. Elementos de la Polic\u00eda Municipal Unidad Preventiva detuvieron a dos hombres cuando fueron interceptados por un camino de terracer\u00eda que conduce al poblado Bacurim\u00ed, y al ser registrada la unidad motriz en que viajaban, localizaron un fusil calibre .223 abastecido con [&hellip;]<\/p>\n","protected":false},"author":4,"featured_media":50918,"comment_status":"open","ping_status":"open","sticky":false,"template":"","format":"standard","meta":{"tdm_status":"","tdm_grid_status":"","footnotes":""},"categories":[38,1],"tags":[],"class_list":{"0":"post-50915","1":"post","2":"type-post","3":"status-publish","4":"format-standard","5":"has-post-thumbnail","7":"category-noticias-locales","8":"category-sin-categoria"},"yoast_head":"<!-- This site is optimized with the Yoast SEO plugin v27.4 - https:\/\/yoast.com\/product\/yoast-seo-wordpress\/ -->\n<title>Detienen a dos hombres con un fusil .223 en Bacurim\u00ed - Fuentes Fidedignas<\/title>\n<meta name=\"robots\" content=\"index, follow, max-snippet:-1, max-image-preview:large, max-video-preview:-1\" \/>\n<link rel=\"canonical\" href=\"https:\/\/fuentesfidedignas.com.mx\/index.php\/2023\/06\/24\/detienen-a-dos-hombres-con-un-fusil-223-en-bacurimi82828\/\" \/>\n<meta property=\"og:locale\" content=\"es_MX\" \/>\n<meta property=\"og:type\" content=\"article\" \/>\n<meta property=\"og:title\" content=\"Detienen a dos hombres con un fusil .223 en Bacurim\u00ed - Fuentes Fidedignas\" \/>\n<meta property=\"og:description\" content=\"Los polic\u00edas municipales localizan el arma de fuego dentro de un auto Culiac\u00e1n Sin. Elementos de la Polic\u00eda Municipal Unidad Preventiva detuvieron a dos hombres cuando fueron interceptados por un camino de terracer\u00eda que conduce al poblado Bacurim\u00ed, y al ser registrada la unidad motriz en que viajaban, localizaron un fusil calibre .223 abastecido con [&hellip;]\" \/>\n<meta property=\"og:url\" content=\"https:\/\/fuentesfidedignas.com.mx\/index.php\/2023\/06\/24\/detienen-a-dos-hombres-con-un-fusil-223-en-bacurimi82828\/\" \/>\n<meta property=\"og:site_name\" content=\"Fuentes Fidedignas\" \/>\n<meta property=\"article:publisher\" content=\"https:\/\/www.facebook.com\/Fuentes-Fidedignas-368234489921644\" \/>\n<meta property=\"article:published_time\" content=\"2023-06-24T18:27:51+00:00\" \/>\n<meta property=\"article:modified_time\" content=\"2023-06-24T18:38:24+00:00\" \/>\n<meta property=\"og:image\" content=\"https:\/\/fuentesfidedignas.com.mx\/wp-content\/uploads\/2023\/06\/FB_IMG_1687630977393.jpg\" \/>\n\t<meta property=\"og:image:width\" content=\"1024\" \/>\n\t<meta property=\"og:image:height\" content=\"452\" \/>\n\t<meta property=\"og:image:type\" content=\"image\/jpeg\" \/>\n<meta name=\"author\" content=\"Redacci\u00f3n\" \/>\n<meta name=\"twitter:card\" content=\"summary_large_image\" \/>\n<meta name=\"twitter:creator\" content=\"@fidedignas\" \/>\n<meta name=\"twitter:site\" content=\"@fidedignas\" \/>\n<meta name=\"twitter:label1\" content=\"Escrito por\" \/>\n\t<meta name=\"twitter:data1\" content=\"Redacci\u00f3n\" \/>\n\t<meta name=\"twitter:label2\" content=\"Tiempo de lectura\" \/>\n\t<meta name=\"twitter:data2\" content=\"2 minutos\" \/>\n<script type=\"application\/ld+json\" class=\"yoast-schema-graph\">{\"@context\":\"https:\\\/\\\/schema.org\",\"@graph\":[{\"@type\":\"Article\",\"@id\":\"https:\\\/\\\/fuentesfidedignas.com.mx\\\/index.php\\\/2023\\\/06\\\/24\\\/detienen-a-dos-hombres-con-un-fusil-223-en-bacurimi82828\\\/#article\",\"isPartOf\":{\"@id\":\"https:\\\/\\\/fuentesfidedignas.com.mx\\\/index.php\\\/2023\\\/06\\\/24\\\/detienen-a-dos-hombres-con-un-fusil-223-en-bacurimi82828\\\/\"},\"author\":{\"name\":\"Redacci\u00f3n\",\"@id\":\"https:\\\/\\\/fuentesfidedignas.com.mx\\\/#\\\/schema\\\/person\\\/331be9283d37198e2acd5750279085b0\"},\"headline\":\"Detienen a dos hombres con un fusil .223 en Bacurim\u00ed\",\"datePublished\":\"2023-06-24T18:27:51+00:00\",\"dateModified\":\"2023-06-24T18:38:24+00:00\",\"mainEntityOfPage\":{\"@id\":\"https:\\\/\\\/fuentesfidedignas.com.mx\\\/index.php\\\/2023\\\/06\\\/24\\\/detienen-a-dos-hombres-con-un-fusil-223-en-bacurimi82828\\\/\"},\"wordCount\":305,\"commentCount\":0,\"publisher\":{\"@id\":\"https:\\\/\\\/fuentesfidedignas.com.mx\\\/#organization\"},\"image\":{\"@id\":\"https:\\\/\\\/fuentesfidedignas.com.mx\\\/index.php\\\/2023\\\/06\\\/24\\\/detienen-a-dos-hombres-con-un-fusil-223-en-bacurimi82828\\\/#primaryimage\"},\"thumbnailUrl\":\"https:\\\/\\\/fuentesfidedignas.com.mx\\\/wp-content\\\/uploads\\\/2023\\\/06\\\/FB_IMG_1687630977393.jpg\",\"articleSection\":[\"NOTICIAS LOCALES\"],\"inLanguage\":\"es\",\"potentialAction\":[{\"@type\":\"CommentAction\",\"name\":\"Comment\",\"target\":[\"https:\\\/\\\/fuentesfidedignas.com.mx\\\/index.php\\\/2023\\\/06\\\/24\\\/detienen-a-dos-hombres-con-un-fusil-223-en-bacurimi82828\\\/#respond\"]}]},{\"@type\":\"WebPage\",\"@id\":\"https:\\\/\\\/fuentesfidedignas.com.mx\\\/index.php\\\/2023\\\/06\\\/24\\\/detienen-a-dos-hombres-con-un-fusil-223-en-bacurimi82828\\\/\",\"url\":\"https:\\\/\\\/fuentesfidedignas.com.mx\\\/index.php\\\/2023\\\/06\\\/24\\\/detienen-a-dos-hombres-con-un-fusil-223-en-bacurimi82828\\\/\",\"name\":\"Detienen a dos hombres con un fusil .223 en Bacurim\u00ed - Fuentes Fidedignas\",\"isPartOf\":{\"@id\":\"https:\\\/\\\/fuentesfidedignas.com.mx\\\/#website\"},\"primaryImageOfPage\":{\"@id\":\"https:\\\/\\\/fuentesfidedignas.com.mx\\\/index.php\\\/2023\\\/06\\\/24\\\/detienen-a-dos-hombres-con-un-fusil-223-en-bacurimi82828\\\/#primaryimage\"},\"image\":{\"@id\":\"https:\\\/\\\/fuentesfidedignas.com.mx\\\/index.php\\\/2023\\\/06\\\/24\\\/detienen-a-dos-hombres-con-un-fusil-223-en-bacurimi82828\\\/#primaryimage\"},\"thumbnailUrl\":\"https:\\\/\\\/fuentesfidedignas.com.mx\\\/wp-content\\\/uploads\\\/2023\\\/06\\\/FB_IMG_1687630977393.jpg\",\"datePublished\":\"2023-06-24T18:27:51+00:00\",\"dateModified\":\"2023-06-24T18:38:24+00:00\",\"breadcrumb\":{\"@id\":\"https:\\\/\\\/fuentesfidedignas.com.mx\\\/index.php\\\/2023\\\/06\\\/24\\\/detienen-a-dos-hombres-con-un-fusil-223-en-bacurimi82828\\\/#breadcrumb\"},\"inLanguage\":\"es\",\"potentialAction\":[{\"@type\":\"ReadAction\",\"target\":[\"https:\\\/\\\/fuentesfidedignas.com.mx\\\/index.php\\\/2023\\\/06\\\/24\\\/detienen-a-dos-hombres-con-un-fusil-223-en-bacurimi82828\\\/\"]}]},{\"@type\":\"ImageObject\",\"inLanguage\":\"es\",\"@id\":\"https:\\\/\\\/fuentesfidedignas.com.mx\\\/index.php\\\/2023\\\/06\\\/24\\\/detienen-a-dos-hombres-con-un-fusil-223-en-bacurimi82828\\\/#primaryimage\",\"url\":\"https:\\\/\\\/fuentesfidedignas.com.mx\\\/wp-content\\\/uploads\\\/2023\\\/06\\\/FB_IMG_1687630977393.jpg\",\"contentUrl\":\"https:\\\/\\\/fuentesfidedignas.com.mx\\\/wp-content\\\/uploads\\\/2023\\\/06\\\/FB_IMG_1687630977393.jpg\",\"width\":1024,\"height\":452},{\"@type\":\"BreadcrumbList\",\"@id\":\"https:\\\/\\\/fuentesfidedignas.com.mx\\\/index.php\\\/2023\\\/06\\\/24\\\/detienen-a-dos-hombres-con-un-fusil-223-en-bacurimi82828\\\/#breadcrumb\",\"itemListElement\":[{\"@type\":\"ListItem\",\"position\":1,\"name\":\"Inicio\",\"item\":\"https:\\\/\\\/fuentesfidedignas.com.mx\\\/\"},{\"@type\":\"ListItem\",\"position\":2,\"name\":\"Detienen a dos hombres con un fusil .223 en Bacurim\u00ed\"}]},{\"@type\":\"WebSite\",\"@id\":\"https:\\\/\\\/fuentesfidedignas.com.mx\\\/#website\",\"url\":\"https:\\\/\\\/fuentesfidedignas.com.mx\\\/\",\"name\":\"Fuentes Fidedignas\",\"description\":\"Otro sitio realizado con WordPress\",\"publisher\":{\"@id\":\"https:\\\/\\\/fuentesfidedignas.com.mx\\\/#organization\"},\"potentialAction\":[{\"@type\":\"SearchAction\",\"target\":{\"@type\":\"EntryPoint\",\"urlTemplate\":\"https:\\\/\\\/fuentesfidedignas.com.mx\\\/?s={search_term_string}\"},\"query-input\":{\"@type\":\"PropertyValueSpecification\",\"valueRequired\":true,\"valueName\":\"search_term_string\"}}],\"inLanguage\":\"es\"},{\"@type\":\"Organization\",\"@id\":\"https:\\\/\\\/fuentesfidedignas.com.mx\\\/#organization\",\"name\":\"Fuentes Fidedignas\",\"url\":\"https:\\\/\\\/fuentesfidedignas.com.mx\\\/\",\"logo\":{\"@type\":\"ImageObject\",\"inLanguage\":\"es\",\"@id\":\"https:\\\/\\\/fuentesfidedignas.com.mx\\\/#\\\/schema\\\/logo\\\/image\\\/\",\"url\":\"https:\\\/\\\/fuentesfidedignas.com.mx\\\/wp-content\\\/uploads\\\/2021\\\/04\\\/logo-retina.png\",\"contentUrl\":\"https:\\\/\\\/fuentesfidedignas.com.mx\\\/wp-content\\\/uploads\\\/2021\\\/04\\\/logo-retina.png\",\"width\":280,\"height\":51,\"caption\":\"Fuentes Fidedignas\"},\"image\":{\"@id\":\"https:\\\/\\\/fuentesfidedignas.com.mx\\\/#\\\/schema\\\/logo\\\/image\\\/\"},\"sameAs\":[\"https:\\\/\\\/www.facebook.com\\\/Fuentes-Fidedignas-368234489921644\",\"https:\\\/\\\/x.com\\\/fidedignas\"]},{\"@type\":\"Person\",\"@id\":\"https:\\\/\\\/fuentesfidedignas.com.mx\\\/#\\\/schema\\\/person\\\/331be9283d37198e2acd5750279085b0\",\"name\":\"Redacci\u00f3n\",\"image\":{\"@type\":\"ImageObject\",\"inLanguage\":\"es\",\"@id\":\"https:\\\/\\\/secure.gravatar.com\\\/avatar\\\/f6d8782c11d12b2d4ad3fbb6931aeab5309937a4d6cd2fc9cfaa28a6396a5aec?s=96&d=mm&r=g\",\"url\":\"https:\\\/\\\/secure.gravatar.com\\\/avatar\\\/f6d8782c11d12b2d4ad3fbb6931aeab5309937a4d6cd2fc9cfaa28a6396a5aec?s=96&d=mm&r=g\",\"contentUrl\":\"https:\\\/\\\/secure.gravatar.com\\\/avatar\\\/f6d8782c11d12b2d4ad3fbb6931aeab5309937a4d6cd2fc9cfaa28a6396a5aec?s=96&d=mm&r=g\",\"caption\":\"Redacci\u00f3n\"},\"url\":\"https:\\\/\\\/fuentesfidedignas.com.mx\\\/index.php\\\/author\\\/redaccion\\\/\"}]}<\/script>\n<!-- \/ Yoast SEO plugin. -->","yoast_head_json":{"title":"Detienen a dos hombres con un fusil .223 en Bacurim\u00ed - Fuentes Fidedignas","robots":{"index":"index","follow":"follow","max-snippet":"max-snippet:-1","max-image-preview":"max-image-preview:large","max-video-preview":"max-video-preview:-1"},"canonical":"https:\/\/fuentesfidedignas.com.mx\/index.php\/2023\/06\/24\/detienen-a-dos-hombres-con-un-fusil-223-en-bacurimi82828\/","og_locale":"es_MX","og_type":"article","og_title":"Detienen a dos hombres con un fusil .223 en Bacurim\u00ed - Fuentes Fidedignas","og_description":"Los polic\u00edas municipales localizan el arma de fuego dentro de un auto Culiac\u00e1n Sin. Elementos de la Polic\u00eda Municipal Unidad Preventiva detuvieron a dos hombres cuando fueron interceptados por un camino de terracer\u00eda que conduce al poblado Bacurim\u00ed, y al ser registrada la unidad motriz en que viajaban, localizaron un fusil calibre .223 abastecido con [&hellip;]","og_url":"https:\/\/fuentesfidedignas.com.mx\/index.php\/2023\/06\/24\/detienen-a-dos-hombres-con-un-fusil-223-en-bacurimi82828\/","og_site_name":"Fuentes Fidedignas","article_publisher":"https:\/\/www.facebook.com\/Fuentes-Fidedignas-368234489921644","article_published_time":"2023-06-24T18:27:51+00:00","article_modified_time":"2023-06-24T18:38:24+00:00","og_image":[{"width":1024,"height":452,"url":"https:\/\/fuentesfidedignas.com.mx\/wp-content\/uploads\/2023\/06\/FB_IMG_1687630977393.jpg","type":"image\/jpeg"}],"author":"Redacci\u00f3n","twitter_card":"summary_large_image","twitter_creator":"@fidedignas","twitter_site":"@fidedignas","twitter_misc":{"Escrito por":"Redacci\u00f3n","Tiempo de lectura":"2 minutos"},"schema":{"@context":"https:\/\/schema.org","@graph":[{"@type":"Article","@id":"https:\/\/fuentesfidedignas.com.mx\/index.php\/2023\/06\/24\/detienen-a-dos-hombres-con-un-fusil-223-en-bacurimi82828\/#article","isPartOf":{"@id":"https:\/\/fuentesfidedignas.com.mx\/index.php\/2023\/06\/24\/detienen-a-dos-hombres-con-un-fusil-223-en-bacurimi82828\/"},"author":{"name":"Redacci\u00f3n","@id":"https:\/\/fuentesfidedignas.com.mx\/#\/schema\/person\/331be9283d37198e2acd5750279085b0"},"headline":"Detienen a dos hombres con un fusil .223 en Bacurim\u00ed","datePublished":"2023-06-24T18:27:51+00:00","dateModified":"2023-06-24T18:38:24+00:00","mainEntityOfPage":{"@id":"https:\/\/fuentesfidedignas.com.mx\/index.php\/2023\/06\/24\/detienen-a-dos-hombres-con-un-fusil-223-en-bacurimi82828\/"},"wordCount":305,"commentCount":0,"publisher":{"@id":"https:\/\/fuentesfidedignas.com.mx\/#organization"},"image":{"@id":"https:\/\/fuentesfidedignas.com.mx\/index.php\/2023\/06\/24\/detienen-a-dos-hombres-con-un-fusil-223-en-bacurimi82828\/#primaryimage"},"thumbnailUrl":"https:\/\/fuentesfidedignas.com.mx\/wp-content\/uploads\/2023\/06\/FB_IMG_1687630977393.jpg","articleSection":["NOTICIAS LOCALES"],"inLanguage":"es","potentialAction":[{"@type":"CommentAction","name":"Comment","target":["https:\/\/fuentesfidedignas.com.mx\/index.php\/2023\/06\/24\/detienen-a-dos-hombres-con-un-fusil-223-en-bacurimi82828\/#respond"]}]},{"@type":"WebPage","@id":"https:\/\/fuentesfidedignas.com.mx\/index.php\/2023\/06\/24\/detienen-a-dos-hombres-con-un-fusil-223-en-bacurimi82828\/","url":"https:\/\/fuentesfidedignas.com.mx\/index.php\/2023\/06\/24\/detienen-a-dos-hombres-con-un-fusil-223-en-bacurimi82828\/","name":"Detienen a dos hombres con un fusil .223 en Bacurim\u00ed - Fuentes Fidedignas","isPartOf":{"@id":"https:\/\/fuentesfidedignas.com.mx\/#website"},"primaryImageOfPage":{"@id":"https:\/\/fuentesfidedignas.com.mx\/index.php\/2023\/06\/24\/detienen-a-dos-hombres-con-un-fusil-223-en-bacurimi82828\/#primaryimage"},"image":{"@id":"https:\/\/fuentesfidedignas.com.mx\/index.php\/2023\/06\/24\/detienen-a-dos-hombres-con-un-fusil-223-en-bacurimi82828\/#primaryimage"},"thumbnailUrl":"https:\/\/fuentesfidedignas.com.mx\/wp-content\/uploads\/2023\/06\/FB_IMG_1687630977393.jpg","datePublished":"2023-06-24T18:27:51+00:00","dateModified":"2023-06-24T18:38:24+00:00","breadcrumb":{"@id":"https:\/\/fuentesfidedignas.com.mx\/index.php\/2023\/06\/24\/detienen-a-dos-hombres-con-un-fusil-223-en-bacurimi82828\/#breadcrumb"},"inLanguage":"es","potentialAction":[{"@type":"ReadAction","target":["https:\/\/fuentesfidedignas.com.mx\/index.php\/2023\/06\/24\/detienen-a-dos-hombres-con-un-fusil-223-en-bacurimi82828\/"]}]},{"@type":"ImageObject","inLanguage":"es","@id":"https:\/\/fuentesfidedignas.com.mx\/index.php\/2023\/06\/24\/detienen-a-dos-hombres-con-un-fusil-223-en-bacurimi82828\/#primaryimage","url":"https:\/\/fuentesfidedignas.com.mx\/wp-content\/uploads\/2023\/06\/FB_IMG_1687630977393.jpg","contentUrl":"https:\/\/fuentesfidedignas.com.mx\/wp-content\/uploads\/2023\/06\/FB_IMG_1687630977393.jpg","width":1024,"height":452},{"@type":"BreadcrumbList","@id":"https:\/\/fuentesfidedignas.com.mx\/index.php\/2023\/06\/24\/detienen-a-dos-hombres-con-un-fusil-223-en-bacurimi82828\/#breadcrumb","itemListElement":[{"@type":"ListItem","position":1,"name":"Inicio","item":"https:\/\/fuentesfidedignas.com.mx\/"},{"@type":"ListItem","position":2,"name":"Detienen a dos hombres con un fusil .223 en Bacurim\u00ed"}]},{"@type":"WebSite","@id":"https:\/\/fuentesfidedignas.com.mx\/#website","url":"https:\/\/fuentesfidedignas.com.mx\/","name":"Fuentes Fidedignas","description":"Otro sitio realizado con WordPress","publisher":{"@id":"https:\/\/fuentesfidedignas.com.mx\/#organization"},"potentialAction":[{"@type":"SearchAction","target":{"@type":"EntryPoint","urlTemplate":"https:\/\/fuentesfidedignas.com.mx\/?s={search_term_string}"},"query-input":{"@type":"PropertyValueSpecification","valueRequired":true,"valueName":"search_term_string"}}],"inLanguage":"es"},{"@type":"Organization","@id":"https:\/\/fuentesfidedignas.com.mx\/#organization","name":"Fuentes Fidedignas","url":"https:\/\/fuentesfidedignas.com.mx\/","logo":{"@type":"ImageObject","inLanguage":"es","@id":"https:\/\/fuentesfidedignas.com.mx\/#\/schema\/logo\/image\/","url":"https:\/\/fuentesfidedignas.com.mx\/wp-content\/uploads\/2021\/04\/logo-retina.png","contentUrl":"https:\/\/fuentesfidedignas.com.mx\/wp-content\/uploads\/2021\/04\/logo-retina.png","width":280,"height":51,"caption":"Fuentes Fidedignas"},"image":{"@id":"https:\/\/fuentesfidedignas.com.mx\/#\/schema\/logo\/image\/"},"sameAs":["https:\/\/www.facebook.com\/Fuentes-Fidedignas-368234489921644","https:\/\/x.com\/fidedignas"]},{"@type":"Person","@id":"https:\/\/fuentesfidedignas.com.mx\/#\/schema\/person\/331be9283d37198e2acd5750279085b0","name":"Redacci\u00f3n","image":{"@type":"ImageObject","inLanguage":"es","@id":"https:\/\/secure.gravatar.com\/avatar\/f6d8782c11d12b2d4ad3fbb6931aeab5309937a4d6cd2fc9cfaa28a6396a5aec?s=96&d=mm&r=g","url":"https:\/\/secure.gravatar.com\/avatar\/f6d8782c11d12b2d4ad3fbb6931aeab5309937a4d6cd2fc9cfaa28a6396a5aec?s=96&d=mm&r=g","contentUrl":"https:\/\/secure.gravatar.com\/avatar\/f6d8782c11d12b2d4ad3fbb6931aeab5309937a4d6cd2fc9cfaa28a6396a5aec?s=96&d=mm&r=g","caption":"Redacci\u00f3n"},"url":"https:\/\/fuentesfidedignas.com.mx\/index.php\/author\/redaccion\/"}]}},"_links":{"self":[{"href":"https:\/\/fuentesfidedignas.com.mx\/index.php\/wp-json\/wp\/v2\/posts\/50915","targetHints":{"allow":["GET"]}}],"collection":[{"href":"https:\/\/fuentesfidedignas.com.mx\/index.php\/wp-json\/wp\/v2\/posts"}],"about":[{"href":"https:\/\/fuentesfidedignas.com.mx\/index.php\/wp-json\/wp\/v2\/types\/post"}],"author":[{"embeddable":true,"href":"https:\/\/fuentesfidedignas.com.mx\/index.php\/wp-json\/wp\/v2\/users\/4"}],"replies":[{"embeddable":true,"href":"https:\/\/fuentesfidedignas.com.mx\/index.php\/wp-json\/wp\/v2\/comments?post=50915"}],"version-history":[{"count":1,"href":"https:\/\/fuentesfidedignas.com.mx\/index.php\/wp-json\/wp\/v2\/posts\/50915\/revisions"}],"predecessor-version":[{"id":50916,"href":"https:\/\/fuentesfidedignas.com.mx\/index.php\/wp-json\/wp\/v2\/posts\/50915\/revisions\/50916"}],"wp:featuredmedia":[{"embeddable":true,"href":"https:\/\/fuentesfidedignas.com.mx\/index.php\/wp-json\/wp\/v2\/media\/50918"}],"wp:attachment":[{"href":"https:\/\/fuentesfidedignas.com.mx\/index.php\/wp-json\/wp\/v2\/media?parent=50915"}],"wp:term":[{"taxonomy":"category","embeddable":true,"href":"https:\/\/fuentesfidedignas.com.mx\/index.php\/wp-json\/wp\/v2\/categories?post=50915"},{"taxonomy":"post_tag","embeddable":true,"href":"https:\/\/fuentesfidedignas.com.mx\/index.php\/wp-json\/wp\/v2\/tags?post=50915"}],"curies":[{"name":"wp","href":"https:\/\/api.w.org\/{rel}","templated":true}]}}