{"id":50910,"date":"2023-06-24T11:05:21","date_gmt":"2023-06-24T18:05:21","guid":{"rendered":"https:\/\/fuentesfidedignas.com.mx\/?p=50910"},"modified":"2023-06-24T11:32:20","modified_gmt":"2023-06-24T18:32:20","slug":"mexico-impone-arancel-de-50-a-la-importacion-de-maiz-blanco","status":"publish","type":"post","link":"https:\/\/fuentesfidedignas.com.mx\/index.php\/2023\/06\/24\/mexico-impone-arancel-de-50-a-la-importacion-de-maiz-blanco\/","title":{"rendered":"M\u00e9xico impone arancel de 50% a la importaci\u00f3n de ma\u00edz blanco"},"content":{"rendered":"\n<p><strong><em>Dicho decreto busca impulsar y fortalecer \u201cla producci\u00f3n nacional, el mercado interno y el encadenamiento productivo de dicho grano<\/em><\/strong><\/p>\n\n\n\n<p>Ciudad de M\u00e9xico. El presidente de M\u00e9xico,<strong>\u00a0Andr\u00e9s Manuel L\u00f3pez Obrador<\/strong>, firm\u00f3 un decreto que se public\u00f3 en el Diario Oficial de la Federaci\u00f3n (<strong>DOF<\/strong>) del viernes por la tarde en el que se establece un arancel del 50% para la importaci\u00f3n y exportaci\u00f3n de\u00a0<strong>ma\u00edz blanco<\/strong>\u00a0(<strong>harinero<\/strong>)\u00a0hasta el 31 de diciembre de este a\u00f1o.<\/p>\n\n\n\n<figure class=\"wp-block-embed is-type-rich is-provider-twitter wp-block-embed-twitter\"><div class=\"wp-block-embed__wrapper\">\n<blockquote class=\"twitter-tweet\" data-width=\"550\" data-dnt=\"true\"><p lang=\"es\" dir=\"ltr\">A las y los productores de ma\u00edz en Sinaloa, les informo que el presidente <a href=\"https:\/\/twitter.com\/lopezobrador_?ref_src=twsrc%5Etfw\">@lopezobrador_<\/a> ha decretado, en el <a href=\"https:\/\/twitter.com\/DOF_SEGOB?ref_src=twsrc%5Etfw\">@DOF_SEGOB<\/a>, la aplicaci\u00f3n del 50% de arancel, para la importaci\u00f3n y exportaci\u00f3n de ma\u00edz blanco. Agradezco la atenci\u00f3n de nuestro Presidente al pueblo de Sinaloa, y el\u2026 <a href=\"https:\/\/t.co\/ytHinynUHj\">pic.twitter.com\/ytHinynUHj<\/a><\/p>&mdash; Rub\u00e9n Rocha Moya (@rochamoya_) <a href=\"https:\/\/twitter.com\/rochamoya_\/status\/1672626364703440902?ref_src=twsrc%5Etfw\">June 24, 2023<\/a><\/blockquote><script async src=\"https:\/\/platform.twitter.com\/widgets.js\" charset=\"utf-8\"><\/script>\n<\/div><\/figure>\n\n\n\n<p>El\u00a0<strong>gobierno federal<\/strong>\u00a0explic\u00f3 que uno de los motivos por el cual se tom\u00f3 esta medida es porque la\u00a0exenci\u00f3n del arancel a la importaci\u00f3n del\u00a0<strong>ma\u00edz blanco harinero<\/strong>, vigente desde enero pasado, no gener\u00f3 un impacto significativo en la disminuci\u00f3n de precios en el mercado del pa\u00eds, por lo que se consider\u00f3 pertinente eliminarla.<\/p>\n\n\n\n<p>Asimismo, afirm\u00f3 que dicho decreto busca impulsar y fortalecer \u201cla producci\u00f3n nacional, el mercado interno y el encadenamiento productivo de dicho grano, as\u00ed como asegurar condiciones de mercado que permitan estabilizar su precio\u201d.<\/p>\n\n\n\n<p>El gobierno de&nbsp;<strong>L\u00f3pez Obrador<\/strong>&nbsp;tambi\u00e9n indic\u00f3 que este arancel impuesto es considerado de acuerdo al&nbsp;<strong>\u201cPanorama Agroalimentario 2022\u201d<\/strong>&nbsp;donde se destac\u00f3 que el ma\u00edz blanco es de suma importancia en la dieta de los mexicanos, con un consumo anual per c\u00e1pita de 346 kilos y es el grano de mayor producci\u00f3n en el pa\u00eds con un 88.2% de participaci\u00f3n en la producci\u00f3n de granos a nivel nacional.<\/p>\n\n\n\n<p>El lunes, el presidente&nbsp;<strong>L\u00f3pez Obrador<\/strong>, afirm\u00f3 que&nbsp;firmar\u00eda&nbsp;un acuerdo para que en las tortiller\u00edas del pa\u00eds no se use ma\u00edz transg\u00e9nico, y con el que se impondr\u00e1n aranceles a las importaciones de ma\u00edz blanco.<\/p>\n\n\n\n<p>\u201cUn acuerdo que estoy por firmar en esta semana para que en las\u00a0<strong>tortiller\u00edas<\/strong>\u00a0s\u00f3lo se use ma\u00edz blanco y no transg\u00e9nico, y va a ir acompa\u00f1ado del establecimiento de aranceles para que no se importe ma\u00edz blanco y se compre a los productores nacionales\u201c.<\/p>\n\n\n\n<p>&#8220;Porque tambi\u00e9n se dice se importa el\u00a0<strong>ma\u00edz blanco<\/strong>\u00a0m\u00e1s barato, pero resulta que ese ma\u00edz blanco tambi\u00e9n es transg\u00e9nico y tenemos las pruebas\u201d, asegur\u00f3 durante su conferencia matutina en Palacio Nacional.<\/p>\n\n\n\n<p>El anuncio lo dio&nbsp;a pesar de que M\u00e9xico recibi\u00f3 el 2 de junio una solicitud de la Oficina de la Representante Comercial de Estados Unidos (<strong>USTR<\/strong>, por sus siglas en ingl\u00e9s) para iniciar consultas al amparo del Cap\u00edtulo 31 del&nbsp;<strong>T-MEC<\/strong>&nbsp;contra la prohibici\u00f3n de ma\u00edz transg\u00e9nico.<\/p>\n\n\n\n<p>Canad\u00e1 se sum\u00f3 el 9 de junio a las consultas al compartir \u201cla preocupaci\u00f3n de&nbsp;<strong>Estados Unidos<\/strong>&nbsp;de que las medidas de M\u00e9xico no est\u00e1n respaldadas cient\u00edficamente y pueden perturbar innecesariamente el comercio en el mercado norteamericano\u201d.<\/p>\n\n\n\n<p><strong>L\u00f3pez Obrador<\/strong>&nbsp;mantuvo la postura de su gobierno sobre las consultas solicitadas por ambos pa\u00edses y dijo que no se debe tener miedo a las controversias<\/p>\n\n\n\n<p>&#8220;Estamos poniendo orden y no hay que tenerle miedo a las controversias, porque s\u00ed queremos fortalecer nuestras relaciones econ\u00f3micas, comerciales.\u00a0<strong>M\u00e9xico<\/strong>\u00a0es el principal socio econ\u00f3mico comercial de Estados Unidos\u201d, manifest\u00f3<a href=\"https:\/\/twitter.com\/latinus_us\" target=\"_blank\" rel=\"noreferrer noopener\">.<\/a><\/p>\n","protected":false},"excerpt":{"rendered":"<p>Dicho decreto busca impulsar y fortalecer \u201cla producci\u00f3n nacional, el mercado interno y el encadenamiento productivo de dicho grano Ciudad de M\u00e9xico. El presidente de M\u00e9xico,\u00a0Andr\u00e9s Manuel L\u00f3pez Obrador, firm\u00f3 un decreto que se public\u00f3 en el Diario Oficial de la Federaci\u00f3n (DOF) del viernes por la tarde en el que se establece un arancel [&hellip;]<\/p>\n","protected":false},"author":85,"featured_media":50912,"comment_status":"open","ping_status":"open","sticky":false,"template":"","format":"standard","meta":{"tdm_status":"","tdm_grid_status":"","footnotes":""},"categories":[37,1],"tags":[],"class_list":{"0":"post-50910","1":"post","2":"type-post","3":"status-publish","4":"format-standard","5":"has-post-thumbnail","7":"category-nota-principal","8":"category-sin-categoria"},"yoast_head":"<!-- This site is optimized with the Yoast SEO plugin v27.4 - https:\/\/yoast.com\/product\/yoast-seo-wordpress\/ -->\n<title>M\u00e9xico impone arancel de 50% a la importaci\u00f3n de ma\u00edz blanco - Fuentes Fidedignas<\/title>\n<meta name=\"robots\" content=\"index, follow, max-snippet:-1, max-image-preview:large, max-video-preview:-1\" \/>\n<link rel=\"canonical\" href=\"https:\/\/fuentesfidedignas.com.mx\/index.php\/2023\/06\/24\/mexico-impone-arancel-de-50-a-la-importacion-de-maiz-blanco\/\" \/>\n<meta property=\"og:locale\" content=\"es_MX\" \/>\n<meta property=\"og:type\" content=\"article\" \/>\n<meta property=\"og:title\" content=\"M\u00e9xico impone arancel de 50% a la importaci\u00f3n de ma\u00edz blanco - Fuentes Fidedignas\" \/>\n<meta property=\"og:description\" content=\"Dicho decreto busca impulsar y fortalecer \u201cla producci\u00f3n nacional, el mercado interno y el encadenamiento productivo de dicho grano Ciudad de M\u00e9xico. El presidente de M\u00e9xico,\u00a0Andr\u00e9s Manuel L\u00f3pez Obrador, firm\u00f3 un decreto que se public\u00f3 en el Diario Oficial de la Federaci\u00f3n (DOF) del viernes por la tarde en el que se establece un arancel [&hellip;]\" \/>\n<meta property=\"og:url\" content=\"https:\/\/fuentesfidedignas.com.mx\/index.php\/2023\/06\/24\/mexico-impone-arancel-de-50-a-la-importacion-de-maiz-blanco\/\" \/>\n<meta property=\"og:site_name\" content=\"Fuentes Fidedignas\" \/>\n<meta property=\"article:publisher\" content=\"https:\/\/www.facebook.com\/Fuentes-Fidedignas-368234489921644\" \/>\n<meta property=\"article:published_time\" content=\"2023-06-24T18:05:21+00:00\" \/>\n<meta property=\"article:modified_time\" content=\"2023-06-24T18:32:20+00:00\" \/>\n<meta property=\"og:image\" content=\"https:\/\/fuentesfidedignas.com.mx\/wp-content\/uploads\/2023\/06\/gobierno-de-mexico-aplica-arancel-a-maiz-blanco.jpg\" \/>\n\t<meta property=\"og:image:width\" content=\"1200\" \/>\n\t<meta property=\"og:image:height\" content=\"620\" \/>\n\t<meta property=\"og:image:type\" content=\"image\/jpeg\" \/>\n<meta name=\"author\" content=\"Latinus\" \/>\n<meta name=\"twitter:card\" content=\"summary_large_image\" \/>\n<meta name=\"twitter:creator\" content=\"@fidedignas\" \/>\n<meta name=\"twitter:site\" content=\"@fidedignas\" \/>\n<meta name=\"twitter:label1\" content=\"Escrito por\" \/>\n\t<meta name=\"twitter:data1\" content=\"Latinus\" \/>\n\t<meta name=\"twitter:label2\" content=\"Tiempo de lectura\" \/>\n\t<meta name=\"twitter:data2\" content=\"3 minutos\" \/>\n<script type=\"application\/ld+json\" class=\"yoast-schema-graph\">{\"@context\":\"https:\\\/\\\/schema.org\",\"@graph\":[{\"@type\":\"Article\",\"@id\":\"https:\\\/\\\/fuentesfidedignas.com.mx\\\/index.php\\\/2023\\\/06\\\/24\\\/mexico-impone-arancel-de-50-a-la-importacion-de-maiz-blanco\\\/#article\",\"isPartOf\":{\"@id\":\"https:\\\/\\\/fuentesfidedignas.com.mx\\\/index.php\\\/2023\\\/06\\\/24\\\/mexico-impone-arancel-de-50-a-la-importacion-de-maiz-blanco\\\/\"},\"author\":{\"name\":\"Latinus\",\"@id\":\"https:\\\/\\\/fuentesfidedignas.com.mx\\\/#\\\/schema\\\/person\\\/2bf81f85e8b5d89dbb825a184aa39dde\"},\"headline\":\"M\u00e9xico impone arancel de 50% a la importaci\u00f3n de ma\u00edz blanco\",\"datePublished\":\"2023-06-24T18:05:21+00:00\",\"dateModified\":\"2023-06-24T18:32:20+00:00\",\"mainEntityOfPage\":{\"@id\":\"https:\\\/\\\/fuentesfidedignas.com.mx\\\/index.php\\\/2023\\\/06\\\/24\\\/mexico-impone-arancel-de-50-a-la-importacion-de-maiz-blanco\\\/\"},\"wordCount\":577,\"commentCount\":0,\"publisher\":{\"@id\":\"https:\\\/\\\/fuentesfidedignas.com.mx\\\/#organization\"},\"image\":{\"@id\":\"https:\\\/\\\/fuentesfidedignas.com.mx\\\/index.php\\\/2023\\\/06\\\/24\\\/mexico-impone-arancel-de-50-a-la-importacion-de-maiz-blanco\\\/#primaryimage\"},\"thumbnailUrl\":\"https:\\\/\\\/fuentesfidedignas.com.mx\\\/wp-content\\\/uploads\\\/2023\\\/06\\\/gobierno-de-mexico-aplica-arancel-a-maiz-blanco.jpg\",\"articleSection\":[\"NOTA PRINCIPAL\"],\"inLanguage\":\"es\",\"potentialAction\":[{\"@type\":\"CommentAction\",\"name\":\"Comment\",\"target\":[\"https:\\\/\\\/fuentesfidedignas.com.mx\\\/index.php\\\/2023\\\/06\\\/24\\\/mexico-impone-arancel-de-50-a-la-importacion-de-maiz-blanco\\\/#respond\"]}]},{\"@type\":\"WebPage\",\"@id\":\"https:\\\/\\\/fuentesfidedignas.com.mx\\\/index.php\\\/2023\\\/06\\\/24\\\/mexico-impone-arancel-de-50-a-la-importacion-de-maiz-blanco\\\/\",\"url\":\"https:\\\/\\\/fuentesfidedignas.com.mx\\\/index.php\\\/2023\\\/06\\\/24\\\/mexico-impone-arancel-de-50-a-la-importacion-de-maiz-blanco\\\/\",\"name\":\"M\u00e9xico impone arancel de 50% a la importaci\u00f3n de ma\u00edz blanco - Fuentes Fidedignas\",\"isPartOf\":{\"@id\":\"https:\\\/\\\/fuentesfidedignas.com.mx\\\/#website\"},\"primaryImageOfPage\":{\"@id\":\"https:\\\/\\\/fuentesfidedignas.com.mx\\\/index.php\\\/2023\\\/06\\\/24\\\/mexico-impone-arancel-de-50-a-la-importacion-de-maiz-blanco\\\/#primaryimage\"},\"image\":{\"@id\":\"https:\\\/\\\/fuentesfidedignas.com.mx\\\/index.php\\\/2023\\\/06\\\/24\\\/mexico-impone-arancel-de-50-a-la-importacion-de-maiz-blanco\\\/#primaryimage\"},\"thumbnailUrl\":\"https:\\\/\\\/fuentesfidedignas.com.mx\\\/wp-content\\\/uploads\\\/2023\\\/06\\\/gobierno-de-mexico-aplica-arancel-a-maiz-blanco.jpg\",\"datePublished\":\"2023-06-24T18:05:21+00:00\",\"dateModified\":\"2023-06-24T18:32:20+00:00\",\"breadcrumb\":{\"@id\":\"https:\\\/\\\/fuentesfidedignas.com.mx\\\/index.php\\\/2023\\\/06\\\/24\\\/mexico-impone-arancel-de-50-a-la-importacion-de-maiz-blanco\\\/#breadcrumb\"},\"inLanguage\":\"es\",\"potentialAction\":[{\"@type\":\"ReadAction\",\"target\":[\"https:\\\/\\\/fuentesfidedignas.com.mx\\\/index.php\\\/2023\\\/06\\\/24\\\/mexico-impone-arancel-de-50-a-la-importacion-de-maiz-blanco\\\/\"]}]},{\"@type\":\"ImageObject\",\"inLanguage\":\"es\",\"@id\":\"https:\\\/\\\/fuentesfidedignas.com.mx\\\/index.php\\\/2023\\\/06\\\/24\\\/mexico-impone-arancel-de-50-a-la-importacion-de-maiz-blanco\\\/#primaryimage\",\"url\":\"https:\\\/\\\/fuentesfidedignas.com.mx\\\/wp-content\\\/uploads\\\/2023\\\/06\\\/gobierno-de-mexico-aplica-arancel-a-maiz-blanco.jpg\",\"contentUrl\":\"https:\\\/\\\/fuentesfidedignas.com.mx\\\/wp-content\\\/uploads\\\/2023\\\/06\\\/gobierno-de-mexico-aplica-arancel-a-maiz-blanco.jpg\",\"width\":1200,\"height\":620},{\"@type\":\"BreadcrumbList\",\"@id\":\"https:\\\/\\\/fuentesfidedignas.com.mx\\\/index.php\\\/2023\\\/06\\\/24\\\/mexico-impone-arancel-de-50-a-la-importacion-de-maiz-blanco\\\/#breadcrumb\",\"itemListElement\":[{\"@type\":\"ListItem\",\"position\":1,\"name\":\"Inicio\",\"item\":\"https:\\\/\\\/fuentesfidedignas.com.mx\\\/\"},{\"@type\":\"ListItem\",\"position\":2,\"name\":\"M\u00e9xico impone arancel de 50% a la importaci\u00f3n de ma\u00edz blanco\"}]},{\"@type\":\"WebSite\",\"@id\":\"https:\\\/\\\/fuentesfidedignas.com.mx\\\/#website\",\"url\":\"https:\\\/\\\/fuentesfidedignas.com.mx\\\/\",\"name\":\"Fuentes Fidedignas\",\"description\":\"Otro sitio realizado con WordPress\",\"publisher\":{\"@id\":\"https:\\\/\\\/fuentesfidedignas.com.mx\\\/#organization\"},\"potentialAction\":[{\"@type\":\"SearchAction\",\"target\":{\"@type\":\"EntryPoint\",\"urlTemplate\":\"https:\\\/\\\/fuentesfidedignas.com.mx\\\/?s={search_term_string}\"},\"query-input\":{\"@type\":\"PropertyValueSpecification\",\"valueRequired\":true,\"valueName\":\"search_term_string\"}}],\"inLanguage\":\"es\"},{\"@type\":\"Organization\",\"@id\":\"https:\\\/\\\/fuentesfidedignas.com.mx\\\/#organization\",\"name\":\"Fuentes Fidedignas\",\"url\":\"https:\\\/\\\/fuentesfidedignas.com.mx\\\/\",\"logo\":{\"@type\":\"ImageObject\",\"inLanguage\":\"es\",\"@id\":\"https:\\\/\\\/fuentesfidedignas.com.mx\\\/#\\\/schema\\\/logo\\\/image\\\/\",\"url\":\"https:\\\/\\\/fuentesfidedignas.com.mx\\\/wp-content\\\/uploads\\\/2021\\\/04\\\/logo-retina.png\",\"contentUrl\":\"https:\\\/\\\/fuentesfidedignas.com.mx\\\/wp-content\\\/uploads\\\/2021\\\/04\\\/logo-retina.png\",\"width\":280,\"height\":51,\"caption\":\"Fuentes Fidedignas\"},\"image\":{\"@id\":\"https:\\\/\\\/fuentesfidedignas.com.mx\\\/#\\\/schema\\\/logo\\\/image\\\/\"},\"sameAs\":[\"https:\\\/\\\/www.facebook.com\\\/Fuentes-Fidedignas-368234489921644\",\"https:\\\/\\\/x.com\\\/fidedignas\"]},{\"@type\":\"Person\",\"@id\":\"https:\\\/\\\/fuentesfidedignas.com.mx\\\/#\\\/schema\\\/person\\\/2bf81f85e8b5d89dbb825a184aa39dde\",\"name\":\"Latinus\",\"image\":{\"@type\":\"ImageObject\",\"inLanguage\":\"es\",\"@id\":\"https:\\\/\\\/secure.gravatar.com\\\/avatar\\\/333f6d932ce645348bb256f0b554d58398c56212134ea658df4ac492d6eba412?s=96&d=mm&r=g\",\"url\":\"https:\\\/\\\/secure.gravatar.com\\\/avatar\\\/333f6d932ce645348bb256f0b554d58398c56212134ea658df4ac492d6eba412?s=96&d=mm&r=g\",\"contentUrl\":\"https:\\\/\\\/secure.gravatar.com\\\/avatar\\\/333f6d932ce645348bb256f0b554d58398c56212134ea658df4ac492d6eba412?s=96&d=mm&r=g\",\"caption\":\"Latinus\"},\"url\":\"https:\\\/\\\/fuentesfidedignas.com.mx\\\/index.php\\\/author\\\/latinus\\\/\"}]}<\/script>\n<!-- \/ Yoast SEO plugin. -->","yoast_head_json":{"title":"M\u00e9xico impone arancel de 50% a la importaci\u00f3n de ma\u00edz blanco - Fuentes Fidedignas","robots":{"index":"index","follow":"follow","max-snippet":"max-snippet:-1","max-image-preview":"max-image-preview:large","max-video-preview":"max-video-preview:-1"},"canonical":"https:\/\/fuentesfidedignas.com.mx\/index.php\/2023\/06\/24\/mexico-impone-arancel-de-50-a-la-importacion-de-maiz-blanco\/","og_locale":"es_MX","og_type":"article","og_title":"M\u00e9xico impone arancel de 50% a la importaci\u00f3n de ma\u00edz blanco - Fuentes Fidedignas","og_description":"Dicho decreto busca impulsar y fortalecer \u201cla producci\u00f3n nacional, el mercado interno y el encadenamiento productivo de dicho grano Ciudad de M\u00e9xico. El presidente de M\u00e9xico,\u00a0Andr\u00e9s Manuel L\u00f3pez Obrador, firm\u00f3 un decreto que se public\u00f3 en el Diario Oficial de la Federaci\u00f3n (DOF) del viernes por la tarde en el que se establece un arancel [&hellip;]","og_url":"https:\/\/fuentesfidedignas.com.mx\/index.php\/2023\/06\/24\/mexico-impone-arancel-de-50-a-la-importacion-de-maiz-blanco\/","og_site_name":"Fuentes Fidedignas","article_publisher":"https:\/\/www.facebook.com\/Fuentes-Fidedignas-368234489921644","article_published_time":"2023-06-24T18:05:21+00:00","article_modified_time":"2023-06-24T18:32:20+00:00","og_image":[{"width":1200,"height":620,"url":"https:\/\/fuentesfidedignas.com.mx\/wp-content\/uploads\/2023\/06\/gobierno-de-mexico-aplica-arancel-a-maiz-blanco.jpg","type":"image\/jpeg"}],"author":"Latinus","twitter_card":"summary_large_image","twitter_creator":"@fidedignas","twitter_site":"@fidedignas","twitter_misc":{"Escrito por":"Latinus","Tiempo de lectura":"3 minutos"},"schema":{"@context":"https:\/\/schema.org","@graph":[{"@type":"Article","@id":"https:\/\/fuentesfidedignas.com.mx\/index.php\/2023\/06\/24\/mexico-impone-arancel-de-50-a-la-importacion-de-maiz-blanco\/#article","isPartOf":{"@id":"https:\/\/fuentesfidedignas.com.mx\/index.php\/2023\/06\/24\/mexico-impone-arancel-de-50-a-la-importacion-de-maiz-blanco\/"},"author":{"name":"Latinus","@id":"https:\/\/fuentesfidedignas.com.mx\/#\/schema\/person\/2bf81f85e8b5d89dbb825a184aa39dde"},"headline":"M\u00e9xico impone arancel de 50% a la importaci\u00f3n de ma\u00edz blanco","datePublished":"2023-06-24T18:05:21+00:00","dateModified":"2023-06-24T18:32:20+00:00","mainEntityOfPage":{"@id":"https:\/\/fuentesfidedignas.com.mx\/index.php\/2023\/06\/24\/mexico-impone-arancel-de-50-a-la-importacion-de-maiz-blanco\/"},"wordCount":577,"commentCount":0,"publisher":{"@id":"https:\/\/fuentesfidedignas.com.mx\/#organization"},"image":{"@id":"https:\/\/fuentesfidedignas.com.mx\/index.php\/2023\/06\/24\/mexico-impone-arancel-de-50-a-la-importacion-de-maiz-blanco\/#primaryimage"},"thumbnailUrl":"https:\/\/fuentesfidedignas.com.mx\/wp-content\/uploads\/2023\/06\/gobierno-de-mexico-aplica-arancel-a-maiz-blanco.jpg","articleSection":["NOTA PRINCIPAL"],"inLanguage":"es","potentialAction":[{"@type":"CommentAction","name":"Comment","target":["https:\/\/fuentesfidedignas.com.mx\/index.php\/2023\/06\/24\/mexico-impone-arancel-de-50-a-la-importacion-de-maiz-blanco\/#respond"]}]},{"@type":"WebPage","@id":"https:\/\/fuentesfidedignas.com.mx\/index.php\/2023\/06\/24\/mexico-impone-arancel-de-50-a-la-importacion-de-maiz-blanco\/","url":"https:\/\/fuentesfidedignas.com.mx\/index.php\/2023\/06\/24\/mexico-impone-arancel-de-50-a-la-importacion-de-maiz-blanco\/","name":"M\u00e9xico impone arancel de 50% a la importaci\u00f3n de ma\u00edz blanco - Fuentes Fidedignas","isPartOf":{"@id":"https:\/\/fuentesfidedignas.com.mx\/#website"},"primaryImageOfPage":{"@id":"https:\/\/fuentesfidedignas.com.mx\/index.php\/2023\/06\/24\/mexico-impone-arancel-de-50-a-la-importacion-de-maiz-blanco\/#primaryimage"},"image":{"@id":"https:\/\/fuentesfidedignas.com.mx\/index.php\/2023\/06\/24\/mexico-impone-arancel-de-50-a-la-importacion-de-maiz-blanco\/#primaryimage"},"thumbnailUrl":"https:\/\/fuentesfidedignas.com.mx\/wp-content\/uploads\/2023\/06\/gobierno-de-mexico-aplica-arancel-a-maiz-blanco.jpg","datePublished":"2023-06-24T18:05:21+00:00","dateModified":"2023-06-24T18:32:20+00:00","breadcrumb":{"@id":"https:\/\/fuentesfidedignas.com.mx\/index.php\/2023\/06\/24\/mexico-impone-arancel-de-50-a-la-importacion-de-maiz-blanco\/#breadcrumb"},"inLanguage":"es","potentialAction":[{"@type":"ReadAction","target":["https:\/\/fuentesfidedignas.com.mx\/index.php\/2023\/06\/24\/mexico-impone-arancel-de-50-a-la-importacion-de-maiz-blanco\/"]}]},{"@type":"ImageObject","inLanguage":"es","@id":"https:\/\/fuentesfidedignas.com.mx\/index.php\/2023\/06\/24\/mexico-impone-arancel-de-50-a-la-importacion-de-maiz-blanco\/#primaryimage","url":"https:\/\/fuentesfidedignas.com.mx\/wp-content\/uploads\/2023\/06\/gobierno-de-mexico-aplica-arancel-a-maiz-blanco.jpg","contentUrl":"https:\/\/fuentesfidedignas.com.mx\/wp-content\/uploads\/2023\/06\/gobierno-de-mexico-aplica-arancel-a-maiz-blanco.jpg","width":1200,"height":620},{"@type":"BreadcrumbList","@id":"https:\/\/fuentesfidedignas.com.mx\/index.php\/2023\/06\/24\/mexico-impone-arancel-de-50-a-la-importacion-de-maiz-blanco\/#breadcrumb","itemListElement":[{"@type":"ListItem","position":1,"name":"Inicio","item":"https:\/\/fuentesfidedignas.com.mx\/"},{"@type":"ListItem","position":2,"name":"M\u00e9xico impone arancel de 50% a la importaci\u00f3n de ma\u00edz blanco"}]},{"@type":"WebSite","@id":"https:\/\/fuentesfidedignas.com.mx\/#website","url":"https:\/\/fuentesfidedignas.com.mx\/","name":"Fuentes Fidedignas","description":"Otro sitio realizado con WordPress","publisher":{"@id":"https:\/\/fuentesfidedignas.com.mx\/#organization"},"potentialAction":[{"@type":"SearchAction","target":{"@type":"EntryPoint","urlTemplate":"https:\/\/fuentesfidedignas.com.mx\/?s={search_term_string}"},"query-input":{"@type":"PropertyValueSpecification","valueRequired":true,"valueName":"search_term_string"}}],"inLanguage":"es"},{"@type":"Organization","@id":"https:\/\/fuentesfidedignas.com.mx\/#organization","name":"Fuentes Fidedignas","url":"https:\/\/fuentesfidedignas.com.mx\/","logo":{"@type":"ImageObject","inLanguage":"es","@id":"https:\/\/fuentesfidedignas.com.mx\/#\/schema\/logo\/image\/","url":"https:\/\/fuentesfidedignas.com.mx\/wp-content\/uploads\/2021\/04\/logo-retina.png","contentUrl":"https:\/\/fuentesfidedignas.com.mx\/wp-content\/uploads\/2021\/04\/logo-retina.png","width":280,"height":51,"caption":"Fuentes Fidedignas"},"image":{"@id":"https:\/\/fuentesfidedignas.com.mx\/#\/schema\/logo\/image\/"},"sameAs":["https:\/\/www.facebook.com\/Fuentes-Fidedignas-368234489921644","https:\/\/x.com\/fidedignas"]},{"@type":"Person","@id":"https:\/\/fuentesfidedignas.com.mx\/#\/schema\/person\/2bf81f85e8b5d89dbb825a184aa39dde","name":"Latinus","image":{"@type":"ImageObject","inLanguage":"es","@id":"https:\/\/secure.gravatar.com\/avatar\/333f6d932ce645348bb256f0b554d58398c56212134ea658df4ac492d6eba412?s=96&d=mm&r=g","url":"https:\/\/secure.gravatar.com\/avatar\/333f6d932ce645348bb256f0b554d58398c56212134ea658df4ac492d6eba412?s=96&d=mm&r=g","contentUrl":"https:\/\/secure.gravatar.com\/avatar\/333f6d932ce645348bb256f0b554d58398c56212134ea658df4ac492d6eba412?s=96&d=mm&r=g","caption":"Latinus"},"url":"https:\/\/fuentesfidedignas.com.mx\/index.php\/author\/latinus\/"}]}},"_links":{"self":[{"href":"https:\/\/fuentesfidedignas.com.mx\/index.php\/wp-json\/wp\/v2\/posts\/50910","targetHints":{"allow":["GET"]}}],"collection":[{"href":"https:\/\/fuentesfidedignas.com.mx\/index.php\/wp-json\/wp\/v2\/posts"}],"about":[{"href":"https:\/\/fuentesfidedignas.com.mx\/index.php\/wp-json\/wp\/v2\/types\/post"}],"author":[{"embeddable":true,"href":"https:\/\/fuentesfidedignas.com.mx\/index.php\/wp-json\/wp\/v2\/users\/85"}],"replies":[{"embeddable":true,"href":"https:\/\/fuentesfidedignas.com.mx\/index.php\/wp-json\/wp\/v2\/comments?post=50910"}],"version-history":[{"count":4,"href":"https:\/\/fuentesfidedignas.com.mx\/index.php\/wp-json\/wp\/v2\/posts\/50910\/revisions"}],"predecessor-version":[{"id":50917,"href":"https:\/\/fuentesfidedignas.com.mx\/index.php\/wp-json\/wp\/v2\/posts\/50910\/revisions\/50917"}],"wp:featuredmedia":[{"embeddable":true,"href":"https:\/\/fuentesfidedignas.com.mx\/index.php\/wp-json\/wp\/v2\/media\/50912"}],"wp:attachment":[{"href":"https:\/\/fuentesfidedignas.com.mx\/index.php\/wp-json\/wp\/v2\/media?parent=50910"}],"wp:term":[{"taxonomy":"category","embeddable":true,"href":"https:\/\/fuentesfidedignas.com.mx\/index.php\/wp-json\/wp\/v2\/categories?post=50910"},{"taxonomy":"post_tag","embeddable":true,"href":"https:\/\/fuentesfidedignas.com.mx\/index.php\/wp-json\/wp\/v2\/tags?post=50910"}],"curies":[{"name":"wp","href":"https:\/\/api.w.org\/{rel}","templated":true}]}}