{"id":50894,"date":"2023-06-24T09:18:08","date_gmt":"2023-06-24T16:18:08","guid":{"rendered":"https:\/\/fuentesfidedignas.com.mx\/?p=50894"},"modified":"2023-06-24T09:30:19","modified_gmt":"2023-06-24T16:30:19","slug":"arrestan-a-naim-darrechi-iba-con-yeri-mua-y-ataco-a-reporteros-en-aicm","status":"publish","type":"post","link":"https:\/\/fuentesfidedignas.com.mx\/index.php\/2023\/06\/24\/arrestan-a-naim-darrechi-iba-con-yeri-mua-y-ataco-a-reporteros-en-aicm\/","title":{"rendered":"Arrestan a Naim Darrechi, iba con Yeri Mua y atac\u00f3 a reporteros en AICM"},"content":{"rendered":"\n<p><br><strong><em>El influencer espa\u00f1ol lanz\u00f3 manotazos y golpes a los representantes de los medios de comunicaci\u00f3n que se acercaron a entrevistar a la veracruzana<\/em><\/strong><\/p>\n\n\n\n<p>Ciudad de M\u00e9xico. El influencer de origen espa\u00f1ol Naim Darrechi y Yeri Mua fueron captados por representantes de diversos medios de comunicaci\u00f3n cuando arribaron al Aeropuerto Internacional de la Ciudad de M\u00e9xico (AICM), de inmediato fueron rodeados y le pidieron a Yeri algunas declaraciones, lo que desat\u00f3 la ira de Naim.<\/p>\n\n\n\n<p>A pesar de que Yeri Mua trat\u00f3 de responder a los medios, \u00e9l se colocaba constantemente frente a ellos y comenz\u00f3 a molestarse por la insistencia.<\/p>\n\n\n\n<figure class=\"wp-block-embed is-type-rich is-provider-twitter wp-block-embed-twitter\"><div class=\"wp-block-embed__wrapper\">\n<blockquote class=\"twitter-tweet\" data-width=\"550\" data-dnt=\"true\"><p lang=\"es\" dir=\"ltr\">Detienen a Naim Darrechi (novio de Yeri Mua) por agredir  a la prensa <a href=\"https:\/\/t.co\/ahQAmCp2HN\">pic.twitter.com\/ahQAmCp2HN<\/a><\/p>&mdash; La Comadrita (@lacomadritaof_) <a href=\"https:\/\/twitter.com\/lacomadritaof_\/status\/1672365150974754818?ref_src=twsrc%5Etfw\">June 23, 2023<\/a><\/blockquote><script async src=\"https:\/\/platform.twitter.com\/widgets.js\" charset=\"utf-8\"><\/script>\n<\/div><\/figure>\n\n\n\n<p>&nbsp; &nbsp;&#8211; No puedes tocar las c\u00e1maras, eso es un delito en M\u00e9xico\u2026 dec\u00eda un reportero<\/p>\n\n\n\n<blockquote class=\"wp-block-quote is-layout-flow wp-block-quote-is-layout-flow\">\n<p>A tomar por cul@&#8230; Te voy a escupir ehh\u2026 hijo de put@&#8230; dijo el influencer<\/p>\n\n\n\n<figure class=\"wp-block-embed is-type-rich is-provider-twitter wp-block-embed-twitter\"><div class=\"wp-block-embed__wrapper\">\n<blockquote class=\"twitter-tweet\" data-width=\"550\" data-dnt=\"true\"><p lang=\"es\" dir=\"ltr\">Wey soy la unica que nota que el naim la somete siempre le pone la mano en el cuello como controlandola y la yeri que ahi sigue de pendeja aunque todo el mundo le diga que es mala persona ya hasta le pego y sigue con el ya ni me da coraje ya solo me da lastima la situacion <a href=\"https:\/\/t.co\/LQBM8wvUpJ\">pic.twitter.com\/LQBM8wvUpJ<\/a><\/p>&mdash; Alison Roberta (@Tn83146823) <a href=\"https:\/\/twitter.com\/Tn83146823\/status\/1672347377301348352?ref_src=twsrc%5Etfw\">June 23, 2023<\/a><\/blockquote><script async src=\"https:\/\/platform.twitter.com\/widgets.js\" charset=\"utf-8\"><\/script>\n<\/div><\/figure>\n<\/blockquote>\n\n\n\n<h2 class=\"wp-block-heading\"><strong>M\u00e1s tarde Yeri se disculp\u00f3 en sus redes.&nbsp;<\/strong><\/h2>\n\n\n\n<blockquote class=\"wp-block-quote is-layout-flow wp-block-quote-is-layout-flow\">\n<p>Amigos de la prensa. Lamento mucho lo sucedido hoy (ayer) en el aeropuerto, estoy muy sorprendida y apenada. &nbsp;&nbsp;<\/p>\n\n\n\n<p>Quiero disculparme con ustedes y espero que pronto podamos vernos en personas y platicar de manera tranquila.<\/p>\n\n\n\n<p>Los quiero, y estoy agradecida con ustedes por siempre tratarme bonito y cuidarme, s\u00e9 que estaban haciendo su trabajo y les agradezco su amabilidad.<\/p>\n\n\n\n<p>De verdad una disculpa, gracias y para ustedes siempre todo mi respeto.<\/p>\n<\/blockquote>\n\n\n\n<figure class=\"wp-block-image\"><img decoding=\"async\" src=\"https:\/\/cdn2.excelsior.com.mx\/media\/inside-the-note\/pictures\/2023\/06\/24\/yerihistoria_0.jpg\" alt=\"la disculpa\" title=\"\"\/><\/figure>\n\n\n\n<p>Naim grit\u00f3 que ella estaba embarazada.&nbsp;<\/p>\n\n\n\n<blockquote class=\"wp-block-quote is-layout-flow wp-block-quote-is-layout-flow\">\n<p>&#8220;Que no quiere hacer nada, que la dej\u00e9is, que est\u00e1 embarazada&#8221;, dijo entre aspavientos. Os vais a tomar por cul@, ya, ya te estoy diciendo y lanz\u00f3 un golpe a la c\u00e1mara que lo grababa.<\/p>\n<\/blockquote>\n\n\n\n<p>La polic\u00eda lo arrest\u00f3.&nbsp;<\/p>\n\n\n\n<figure class=\"wp-block-image\"><img decoding=\"async\" src=\"https:\/\/cdn2.excelsior.com.mx\/media\/inside-the-note\/pictures\/2023\/06\/24\/yerimuanaim-inter.jpg\" alt=\"arresto\" title=\"\"\/><\/figure>\n\n\n\n<h2 class=\"wp-block-heading\"><strong>\u00bfYeri y Naim regresaron a su noviazgo?<\/strong><\/h2>\n\n\n\n<p>Yeri no emiti\u00f3 ning\u00fan comentario a su relaci\u00f3n con Naim, lo m\u00e1s reciente que se supo es que hab\u00edan terminado su noviazgo y que era de forma definitiva. Tampoco hizo menci\u00f3n del beb\u00e9. &nbsp;<\/p>\n\n\n\n<p>Hace unos d\u00edas Yeri asegur\u00f3 entre l\u00e1grimas que no quer\u00eda tener al beb\u00e9 y denunci\u00f3 que fue v\u00edctima de violencia pues&nbsp;<strong>fue golpeada por el influencer mientras manten\u00edan su relaci\u00f3n amorosa.<\/strong><\/p>\n\n\n\n<figure class=\"wp-block-image\"><img decoding=\"async\" src=\"https:\/\/cdn2.excelsior.com.mx\/media\/inside-the-note\/pictures\/2023\/06\/24\/yerimua-inter000.jpg\" alt=\"yeri\" title=\"\"\/><\/figure>\n","protected":false},"excerpt":{"rendered":"<p>El influencer espa\u00f1ol lanz\u00f3 manotazos y golpes a los representantes de los medios de comunicaci\u00f3n que se acercaron a entrevistar a la veracruzana Ciudad de M\u00e9xico. El influencer de origen espa\u00f1ol Naim Darrechi y Yeri Mua fueron captados por representantes de diversos medios de comunicaci\u00f3n cuando arribaron al Aeropuerto Internacional de la Ciudad de M\u00e9xico [&hellip;]<\/p>\n","protected":false},"author":7,"featured_media":50897,"comment_status":"open","ping_status":"open","sticky":false,"template":"","format":"standard","meta":{"tdm_status":"","tdm_grid_status":"","footnotes":""},"categories":[39,1],"tags":[],"class_list":{"0":"post-50894","1":"post","2":"type-post","3":"status-publish","4":"format-standard","5":"has-post-thumbnail","7":"category-noticias-nacionales","8":"category-sin-categoria"},"yoast_head":"<!-- This site is optimized with the Yoast SEO plugin v27.4 - https:\/\/yoast.com\/product\/yoast-seo-wordpress\/ -->\n<title>Arrestan a Naim Darrechi, iba con Yeri Mua y atac\u00f3 a reporteros en AICM - Fuentes Fidedignas<\/title>\n<meta name=\"robots\" content=\"index, follow, max-snippet:-1, max-image-preview:large, max-video-preview:-1\" \/>\n<link rel=\"canonical\" href=\"https:\/\/fuentesfidedignas.com.mx\/index.php\/2023\/06\/24\/arrestan-a-naimi-iba-con-yeri-mua-y-ataco-a-reporteros-en-aicm\/\" \/>\n<meta property=\"og:locale\" content=\"es_MX\" \/>\n<meta property=\"og:type\" content=\"article\" \/>\n<meta property=\"og:title\" content=\"Arrestan a Naim Darrechi, iba con Yeri Mua y atac\u00f3 a reporteros en AICM - Fuentes Fidedignas\" \/>\n<meta property=\"og:description\" content=\"El influencer espa\u00f1ol lanz\u00f3 manotazos y golpes a los representantes de los medios de comunicaci\u00f3n que se acercaron a entrevistar a la veracruzana Ciudad de M\u00e9xico. El influencer de origen espa\u00f1ol Naim Darrechi y Yeri Mua fueron captados por representantes de diversos medios de comunicaci\u00f3n cuando arribaron al Aeropuerto Internacional de la Ciudad de M\u00e9xico [&hellip;]\" \/>\n<meta property=\"og:url\" content=\"https:\/\/fuentesfidedignas.com.mx\/index.php\/2023\/06\/24\/arrestan-a-naimi-iba-con-yeri-mua-y-ataco-a-reporteros-en-aicm\/\" \/>\n<meta property=\"og:site_name\" content=\"Fuentes Fidedignas\" \/>\n<meta property=\"article:publisher\" content=\"https:\/\/www.facebook.com\/Fuentes-Fidedignas-368234489921644\" \/>\n<meta property=\"article:published_time\" content=\"2023-06-24T16:18:08+00:00\" \/>\n<meta property=\"article:modified_time\" content=\"2023-06-24T16:30:19+00:00\" \/>\n<meta property=\"og:image\" content=\"https:\/\/fuentesfidedignas.com.mx\/wp-content\/uploads\/2023\/06\/2968382.jpg\" \/>\n\t<meta property=\"og:image:width\" content=\"800\" \/>\n\t<meta property=\"og:image:height\" content=\"600\" \/>\n\t<meta property=\"og:image:type\" content=\"image\/jpeg\" \/>\n<meta name=\"author\" content=\"Exc\u00e9lsior\" \/>\n<meta name=\"twitter:card\" content=\"summary_large_image\" \/>\n<meta name=\"twitter:creator\" content=\"@fidedignas\" \/>\n<meta name=\"twitter:site\" content=\"@fidedignas\" \/>\n<meta name=\"twitter:label1\" content=\"Escrito por\" \/>\n\t<meta name=\"twitter:data1\" content=\"Exc\u00e9lsior\" \/>\n\t<meta name=\"twitter:label2\" content=\"Tiempo de lectura\" \/>\n\t<meta name=\"twitter:data2\" content=\"3 minutos\" \/>\n<script type=\"application\/ld+json\" class=\"yoast-schema-graph\">{\"@context\":\"https:\\\/\\\/schema.org\",\"@graph\":[{\"@type\":\"Article\",\"@id\":\"https:\\\/\\\/fuentesfidedignas.com.mx\\\/index.php\\\/2023\\\/06\\\/24\\\/arrestan-a-naimi-iba-con-yeri-mua-y-ataco-a-reporteros-en-aicm\\\/#article\",\"isPartOf\":{\"@id\":\"https:\\\/\\\/fuentesfidedignas.com.mx\\\/index.php\\\/2023\\\/06\\\/24\\\/arrestan-a-naimi-iba-con-yeri-mua-y-ataco-a-reporteros-en-aicm\\\/\"},\"author\":{\"name\":\"Exc\u00e9lsior\",\"@id\":\"https:\\\/\\\/fuentesfidedignas.com.mx\\\/#\\\/schema\\\/person\\\/ec4edd1fbf5efa3e44fce34fe2787780\"},\"headline\":\"Arrestan a Naim Darrechi, iba con Yeri Mua y atac\u00f3 a reporteros en AICM\",\"datePublished\":\"2023-06-24T16:18:08+00:00\",\"dateModified\":\"2023-06-24T16:30:19+00:00\",\"mainEntityOfPage\":{\"@id\":\"https:\\\/\\\/fuentesfidedignas.com.mx\\\/index.php\\\/2023\\\/06\\\/24\\\/arrestan-a-naimi-iba-con-yeri-mua-y-ataco-a-reporteros-en-aicm\\\/\"},\"wordCount\":398,\"commentCount\":0,\"publisher\":{\"@id\":\"https:\\\/\\\/fuentesfidedignas.com.mx\\\/#organization\"},\"image\":{\"@id\":\"https:\\\/\\\/fuentesfidedignas.com.mx\\\/index.php\\\/2023\\\/06\\\/24\\\/arrestan-a-naimi-iba-con-yeri-mua-y-ataco-a-reporteros-en-aicm\\\/#primaryimage\"},\"thumbnailUrl\":\"https:\\\/\\\/fuentesfidedignas.com.mx\\\/wp-content\\\/uploads\\\/2023\\\/06\\\/2968382.jpg\",\"articleSection\":[\"NOTICIAS NACIONALES\"],\"inLanguage\":\"es\",\"potentialAction\":[{\"@type\":\"CommentAction\",\"name\":\"Comment\",\"target\":[\"https:\\\/\\\/fuentesfidedignas.com.mx\\\/index.php\\\/2023\\\/06\\\/24\\\/arrestan-a-naimi-iba-con-yeri-mua-y-ataco-a-reporteros-en-aicm\\\/#respond\"]}]},{\"@type\":\"WebPage\",\"@id\":\"https:\\\/\\\/fuentesfidedignas.com.mx\\\/index.php\\\/2023\\\/06\\\/24\\\/arrestan-a-naimi-iba-con-yeri-mua-y-ataco-a-reporteros-en-aicm\\\/\",\"url\":\"https:\\\/\\\/fuentesfidedignas.com.mx\\\/index.php\\\/2023\\\/06\\\/24\\\/arrestan-a-naimi-iba-con-yeri-mua-y-ataco-a-reporteros-en-aicm\\\/\",\"name\":\"Arrestan a Naim Darrechi, iba con Yeri Mua y atac\u00f3 a reporteros en AICM - Fuentes Fidedignas\",\"isPartOf\":{\"@id\":\"https:\\\/\\\/fuentesfidedignas.com.mx\\\/#website\"},\"primaryImageOfPage\":{\"@id\":\"https:\\\/\\\/fuentesfidedignas.com.mx\\\/index.php\\\/2023\\\/06\\\/24\\\/arrestan-a-naimi-iba-con-yeri-mua-y-ataco-a-reporteros-en-aicm\\\/#primaryimage\"},\"image\":{\"@id\":\"https:\\\/\\\/fuentesfidedignas.com.mx\\\/index.php\\\/2023\\\/06\\\/24\\\/arrestan-a-naimi-iba-con-yeri-mua-y-ataco-a-reporteros-en-aicm\\\/#primaryimage\"},\"thumbnailUrl\":\"https:\\\/\\\/fuentesfidedignas.com.mx\\\/wp-content\\\/uploads\\\/2023\\\/06\\\/2968382.jpg\",\"datePublished\":\"2023-06-24T16:18:08+00:00\",\"dateModified\":\"2023-06-24T16:30:19+00:00\",\"breadcrumb\":{\"@id\":\"https:\\\/\\\/fuentesfidedignas.com.mx\\\/index.php\\\/2023\\\/06\\\/24\\\/arrestan-a-naimi-iba-con-yeri-mua-y-ataco-a-reporteros-en-aicm\\\/#breadcrumb\"},\"inLanguage\":\"es\",\"potentialAction\":[{\"@type\":\"ReadAction\",\"target\":[\"https:\\\/\\\/fuentesfidedignas.com.mx\\\/index.php\\\/2023\\\/06\\\/24\\\/arrestan-a-naimi-iba-con-yeri-mua-y-ataco-a-reporteros-en-aicm\\\/\"]}]},{\"@type\":\"ImageObject\",\"inLanguage\":\"es\",\"@id\":\"https:\\\/\\\/fuentesfidedignas.com.mx\\\/index.php\\\/2023\\\/06\\\/24\\\/arrestan-a-naimi-iba-con-yeri-mua-y-ataco-a-reporteros-en-aicm\\\/#primaryimage\",\"url\":\"https:\\\/\\\/fuentesfidedignas.com.mx\\\/wp-content\\\/uploads\\\/2023\\\/06\\\/2968382.jpg\",\"contentUrl\":\"https:\\\/\\\/fuentesfidedignas.com.mx\\\/wp-content\\\/uploads\\\/2023\\\/06\\\/2968382.jpg\",\"width\":800,\"height\":600},{\"@type\":\"BreadcrumbList\",\"@id\":\"https:\\\/\\\/fuentesfidedignas.com.mx\\\/index.php\\\/2023\\\/06\\\/24\\\/arrestan-a-naimi-iba-con-yeri-mua-y-ataco-a-reporteros-en-aicm\\\/#breadcrumb\",\"itemListElement\":[{\"@type\":\"ListItem\",\"position\":1,\"name\":\"Inicio\",\"item\":\"https:\\\/\\\/fuentesfidedignas.com.mx\\\/\"},{\"@type\":\"ListItem\",\"position\":2,\"name\":\"Arrestan a Naim Darrechi, iba con Yeri Mua y atac\u00f3 a reporteros en AICM\"}]},{\"@type\":\"WebSite\",\"@id\":\"https:\\\/\\\/fuentesfidedignas.com.mx\\\/#website\",\"url\":\"https:\\\/\\\/fuentesfidedignas.com.mx\\\/\",\"name\":\"Fuentes Fidedignas\",\"description\":\"Otro sitio realizado con WordPress\",\"publisher\":{\"@id\":\"https:\\\/\\\/fuentesfidedignas.com.mx\\\/#organization\"},\"potentialAction\":[{\"@type\":\"SearchAction\",\"target\":{\"@type\":\"EntryPoint\",\"urlTemplate\":\"https:\\\/\\\/fuentesfidedignas.com.mx\\\/?s={search_term_string}\"},\"query-input\":{\"@type\":\"PropertyValueSpecification\",\"valueRequired\":true,\"valueName\":\"search_term_string\"}}],\"inLanguage\":\"es\"},{\"@type\":\"Organization\",\"@id\":\"https:\\\/\\\/fuentesfidedignas.com.mx\\\/#organization\",\"name\":\"Fuentes Fidedignas\",\"url\":\"https:\\\/\\\/fuentesfidedignas.com.mx\\\/\",\"logo\":{\"@type\":\"ImageObject\",\"inLanguage\":\"es\",\"@id\":\"https:\\\/\\\/fuentesfidedignas.com.mx\\\/#\\\/schema\\\/logo\\\/image\\\/\",\"url\":\"https:\\\/\\\/fuentesfidedignas.com.mx\\\/wp-content\\\/uploads\\\/2021\\\/04\\\/logo-retina.png\",\"contentUrl\":\"https:\\\/\\\/fuentesfidedignas.com.mx\\\/wp-content\\\/uploads\\\/2021\\\/04\\\/logo-retina.png\",\"width\":280,\"height\":51,\"caption\":\"Fuentes Fidedignas\"},\"image\":{\"@id\":\"https:\\\/\\\/fuentesfidedignas.com.mx\\\/#\\\/schema\\\/logo\\\/image\\\/\"},\"sameAs\":[\"https:\\\/\\\/www.facebook.com\\\/Fuentes-Fidedignas-368234489921644\",\"https:\\\/\\\/x.com\\\/fidedignas\"]},{\"@type\":\"Person\",\"@id\":\"https:\\\/\\\/fuentesfidedignas.com.mx\\\/#\\\/schema\\\/person\\\/ec4edd1fbf5efa3e44fce34fe2787780\",\"name\":\"Exc\u00e9lsior\",\"image\":{\"@type\":\"ImageObject\",\"inLanguage\":\"es\",\"@id\":\"https:\\\/\\\/secure.gravatar.com\\\/avatar\\\/4b7ee9206b48be08447852b3f0814dbc7c0f3b51541b164f1464a2725614020b?s=96&d=mm&r=g\",\"url\":\"https:\\\/\\\/secure.gravatar.com\\\/avatar\\\/4b7ee9206b48be08447852b3f0814dbc7c0f3b51541b164f1464a2725614020b?s=96&d=mm&r=g\",\"contentUrl\":\"https:\\\/\\\/secure.gravatar.com\\\/avatar\\\/4b7ee9206b48be08447852b3f0814dbc7c0f3b51541b164f1464a2725614020b?s=96&d=mm&r=g\",\"caption\":\"Exc\u00e9lsior\"},\"url\":\"https:\\\/\\\/fuentesfidedignas.com.mx\\\/index.php\\\/author\\\/excelsior\\\/\"}]}<\/script>\n<!-- \/ Yoast SEO plugin. -->","yoast_head_json":{"title":"Arrestan a Naim Darrechi, iba con Yeri Mua y atac\u00f3 a reporteros en AICM - Fuentes Fidedignas","robots":{"index":"index","follow":"follow","max-snippet":"max-snippet:-1","max-image-preview":"max-image-preview:large","max-video-preview":"max-video-preview:-1"},"canonical":"https:\/\/fuentesfidedignas.com.mx\/index.php\/2023\/06\/24\/arrestan-a-naimi-iba-con-yeri-mua-y-ataco-a-reporteros-en-aicm\/","og_locale":"es_MX","og_type":"article","og_title":"Arrestan a Naim Darrechi, iba con Yeri Mua y atac\u00f3 a reporteros en AICM - Fuentes Fidedignas","og_description":"El influencer espa\u00f1ol lanz\u00f3 manotazos y golpes a los representantes de los medios de comunicaci\u00f3n que se acercaron a entrevistar a la veracruzana Ciudad de M\u00e9xico. El influencer de origen espa\u00f1ol Naim Darrechi y Yeri Mua fueron captados por representantes de diversos medios de comunicaci\u00f3n cuando arribaron al Aeropuerto Internacional de la Ciudad de M\u00e9xico [&hellip;]","og_url":"https:\/\/fuentesfidedignas.com.mx\/index.php\/2023\/06\/24\/arrestan-a-naimi-iba-con-yeri-mua-y-ataco-a-reporteros-en-aicm\/","og_site_name":"Fuentes Fidedignas","article_publisher":"https:\/\/www.facebook.com\/Fuentes-Fidedignas-368234489921644","article_published_time":"2023-06-24T16:18:08+00:00","article_modified_time":"2023-06-24T16:30:19+00:00","og_image":[{"width":800,"height":600,"url":"https:\/\/fuentesfidedignas.com.mx\/wp-content\/uploads\/2023\/06\/2968382.jpg","type":"image\/jpeg"}],"author":"Exc\u00e9lsior","twitter_card":"summary_large_image","twitter_creator":"@fidedignas","twitter_site":"@fidedignas","twitter_misc":{"Escrito por":"Exc\u00e9lsior","Tiempo de lectura":"3 minutos"},"schema":{"@context":"https:\/\/schema.org","@graph":[{"@type":"Article","@id":"https:\/\/fuentesfidedignas.com.mx\/index.php\/2023\/06\/24\/arrestan-a-naimi-iba-con-yeri-mua-y-ataco-a-reporteros-en-aicm\/#article","isPartOf":{"@id":"https:\/\/fuentesfidedignas.com.mx\/index.php\/2023\/06\/24\/arrestan-a-naimi-iba-con-yeri-mua-y-ataco-a-reporteros-en-aicm\/"},"author":{"name":"Exc\u00e9lsior","@id":"https:\/\/fuentesfidedignas.com.mx\/#\/schema\/person\/ec4edd1fbf5efa3e44fce34fe2787780"},"headline":"Arrestan a Naim Darrechi, iba con Yeri Mua y atac\u00f3 a reporteros en AICM","datePublished":"2023-06-24T16:18:08+00:00","dateModified":"2023-06-24T16:30:19+00:00","mainEntityOfPage":{"@id":"https:\/\/fuentesfidedignas.com.mx\/index.php\/2023\/06\/24\/arrestan-a-naimi-iba-con-yeri-mua-y-ataco-a-reporteros-en-aicm\/"},"wordCount":398,"commentCount":0,"publisher":{"@id":"https:\/\/fuentesfidedignas.com.mx\/#organization"},"image":{"@id":"https:\/\/fuentesfidedignas.com.mx\/index.php\/2023\/06\/24\/arrestan-a-naimi-iba-con-yeri-mua-y-ataco-a-reporteros-en-aicm\/#primaryimage"},"thumbnailUrl":"https:\/\/fuentesfidedignas.com.mx\/wp-content\/uploads\/2023\/06\/2968382.jpg","articleSection":["NOTICIAS NACIONALES"],"inLanguage":"es","potentialAction":[{"@type":"CommentAction","name":"Comment","target":["https:\/\/fuentesfidedignas.com.mx\/index.php\/2023\/06\/24\/arrestan-a-naimi-iba-con-yeri-mua-y-ataco-a-reporteros-en-aicm\/#respond"]}]},{"@type":"WebPage","@id":"https:\/\/fuentesfidedignas.com.mx\/index.php\/2023\/06\/24\/arrestan-a-naimi-iba-con-yeri-mua-y-ataco-a-reporteros-en-aicm\/","url":"https:\/\/fuentesfidedignas.com.mx\/index.php\/2023\/06\/24\/arrestan-a-naimi-iba-con-yeri-mua-y-ataco-a-reporteros-en-aicm\/","name":"Arrestan a Naim Darrechi, iba con Yeri Mua y atac\u00f3 a reporteros en AICM - Fuentes Fidedignas","isPartOf":{"@id":"https:\/\/fuentesfidedignas.com.mx\/#website"},"primaryImageOfPage":{"@id":"https:\/\/fuentesfidedignas.com.mx\/index.php\/2023\/06\/24\/arrestan-a-naimi-iba-con-yeri-mua-y-ataco-a-reporteros-en-aicm\/#primaryimage"},"image":{"@id":"https:\/\/fuentesfidedignas.com.mx\/index.php\/2023\/06\/24\/arrestan-a-naimi-iba-con-yeri-mua-y-ataco-a-reporteros-en-aicm\/#primaryimage"},"thumbnailUrl":"https:\/\/fuentesfidedignas.com.mx\/wp-content\/uploads\/2023\/06\/2968382.jpg","datePublished":"2023-06-24T16:18:08+00:00","dateModified":"2023-06-24T16:30:19+00:00","breadcrumb":{"@id":"https:\/\/fuentesfidedignas.com.mx\/index.php\/2023\/06\/24\/arrestan-a-naimi-iba-con-yeri-mua-y-ataco-a-reporteros-en-aicm\/#breadcrumb"},"inLanguage":"es","potentialAction":[{"@type":"ReadAction","target":["https:\/\/fuentesfidedignas.com.mx\/index.php\/2023\/06\/24\/arrestan-a-naimi-iba-con-yeri-mua-y-ataco-a-reporteros-en-aicm\/"]}]},{"@type":"ImageObject","inLanguage":"es","@id":"https:\/\/fuentesfidedignas.com.mx\/index.php\/2023\/06\/24\/arrestan-a-naimi-iba-con-yeri-mua-y-ataco-a-reporteros-en-aicm\/#primaryimage","url":"https:\/\/fuentesfidedignas.com.mx\/wp-content\/uploads\/2023\/06\/2968382.jpg","contentUrl":"https:\/\/fuentesfidedignas.com.mx\/wp-content\/uploads\/2023\/06\/2968382.jpg","width":800,"height":600},{"@type":"BreadcrumbList","@id":"https:\/\/fuentesfidedignas.com.mx\/index.php\/2023\/06\/24\/arrestan-a-naimi-iba-con-yeri-mua-y-ataco-a-reporteros-en-aicm\/#breadcrumb","itemListElement":[{"@type":"ListItem","position":1,"name":"Inicio","item":"https:\/\/fuentesfidedignas.com.mx\/"},{"@type":"ListItem","position":2,"name":"Arrestan a Naim Darrechi, iba con Yeri Mua y atac\u00f3 a reporteros en AICM"}]},{"@type":"WebSite","@id":"https:\/\/fuentesfidedignas.com.mx\/#website","url":"https:\/\/fuentesfidedignas.com.mx\/","name":"Fuentes Fidedignas","description":"Otro sitio realizado con WordPress","publisher":{"@id":"https:\/\/fuentesfidedignas.com.mx\/#organization"},"potentialAction":[{"@type":"SearchAction","target":{"@type":"EntryPoint","urlTemplate":"https:\/\/fuentesfidedignas.com.mx\/?s={search_term_string}"},"query-input":{"@type":"PropertyValueSpecification","valueRequired":true,"valueName":"search_term_string"}}],"inLanguage":"es"},{"@type":"Organization","@id":"https:\/\/fuentesfidedignas.com.mx\/#organization","name":"Fuentes Fidedignas","url":"https:\/\/fuentesfidedignas.com.mx\/","logo":{"@type":"ImageObject","inLanguage":"es","@id":"https:\/\/fuentesfidedignas.com.mx\/#\/schema\/logo\/image\/","url":"https:\/\/fuentesfidedignas.com.mx\/wp-content\/uploads\/2021\/04\/logo-retina.png","contentUrl":"https:\/\/fuentesfidedignas.com.mx\/wp-content\/uploads\/2021\/04\/logo-retina.png","width":280,"height":51,"caption":"Fuentes Fidedignas"},"image":{"@id":"https:\/\/fuentesfidedignas.com.mx\/#\/schema\/logo\/image\/"},"sameAs":["https:\/\/www.facebook.com\/Fuentes-Fidedignas-368234489921644","https:\/\/x.com\/fidedignas"]},{"@type":"Person","@id":"https:\/\/fuentesfidedignas.com.mx\/#\/schema\/person\/ec4edd1fbf5efa3e44fce34fe2787780","name":"Exc\u00e9lsior","image":{"@type":"ImageObject","inLanguage":"es","@id":"https:\/\/secure.gravatar.com\/avatar\/4b7ee9206b48be08447852b3f0814dbc7c0f3b51541b164f1464a2725614020b?s=96&d=mm&r=g","url":"https:\/\/secure.gravatar.com\/avatar\/4b7ee9206b48be08447852b3f0814dbc7c0f3b51541b164f1464a2725614020b?s=96&d=mm&r=g","contentUrl":"https:\/\/secure.gravatar.com\/avatar\/4b7ee9206b48be08447852b3f0814dbc7c0f3b51541b164f1464a2725614020b?s=96&d=mm&r=g","caption":"Exc\u00e9lsior"},"url":"https:\/\/fuentesfidedignas.com.mx\/index.php\/author\/excelsior\/"}]}},"_links":{"self":[{"href":"https:\/\/fuentesfidedignas.com.mx\/index.php\/wp-json\/wp\/v2\/posts\/50894","targetHints":{"allow":["GET"]}}],"collection":[{"href":"https:\/\/fuentesfidedignas.com.mx\/index.php\/wp-json\/wp\/v2\/posts"}],"about":[{"href":"https:\/\/fuentesfidedignas.com.mx\/index.php\/wp-json\/wp\/v2\/types\/post"}],"author":[{"embeddable":true,"href":"https:\/\/fuentesfidedignas.com.mx\/index.php\/wp-json\/wp\/v2\/users\/7"}],"replies":[{"embeddable":true,"href":"https:\/\/fuentesfidedignas.com.mx\/index.php\/wp-json\/wp\/v2\/comments?post=50894"}],"version-history":[{"count":1,"href":"https:\/\/fuentesfidedignas.com.mx\/index.php\/wp-json\/wp\/v2\/posts\/50894\/revisions"}],"predecessor-version":[{"id":50895,"href":"https:\/\/fuentesfidedignas.com.mx\/index.php\/wp-json\/wp\/v2\/posts\/50894\/revisions\/50895"}],"wp:featuredmedia":[{"embeddable":true,"href":"https:\/\/fuentesfidedignas.com.mx\/index.php\/wp-json\/wp\/v2\/media\/50897"}],"wp:attachment":[{"href":"https:\/\/fuentesfidedignas.com.mx\/index.php\/wp-json\/wp\/v2\/media?parent=50894"}],"wp:term":[{"taxonomy":"category","embeddable":true,"href":"https:\/\/fuentesfidedignas.com.mx\/index.php\/wp-json\/wp\/v2\/categories?post=50894"},{"taxonomy":"post_tag","embeddable":true,"href":"https:\/\/fuentesfidedignas.com.mx\/index.php\/wp-json\/wp\/v2\/tags?post=50894"}],"curies":[{"name":"wp","href":"https:\/\/api.w.org\/{rel}","templated":true}]}}