{"id":5089,"date":"2021-06-15T11:05:47","date_gmt":"2021-06-15T18:05:47","guid":{"rendered":"https:\/\/fuentesfidedignas.com.mx\/?p=5089"},"modified":"2021-06-15T11:05:49","modified_gmt":"2021-06-15T18:05:49","slug":"amlo-ya-tiene-esquema-completo-de-vacunacion-contra-covid-19","status":"publish","type":"post","link":"https:\/\/fuentesfidedignas.com.mx\/index.php\/2021\/06\/15\/amlo-ya-tiene-esquema-completo-de-vacunacion-contra-covid-19\/","title":{"rendered":"AMLO ya tiene esquema completo de vacunaci\u00f3n contra Covid-19"},"content":{"rendered":"\n<p><strong><em>Hizo un llamado a no confiarse a pesar de que est\u00e9 \u201cla pandemia a la baja\u201d y dijo que \u201cafortunadamente son muy pocos\u201d los que no se quieren vacunar en M\u00e9xico<\/em><\/strong><\/p>\n\n\n\n<p>Ciudad de M\u00e9xico.- Andr\u00e9s Manuel L\u00f3pez Obrador, presidente de M\u00e9xico, complet\u00f3 este martes su esquema completo de vacunaci\u00f3n contra el COVID-19.<\/p>\n\n\n\n<p>Al terminar la conferencia matutina en Palacio Nacional, el jefe del Ejecutivo federal recibi\u00f3 este martes su segunda dosis de la vacuna de la farmac\u00e9utica AstraZeneca contra el COVID-19.<\/p>\n\n\n\n<p>El mandatario se quit\u00f3 el abrigo y se sent\u00f3 en una silla al lado del atril presidencial, donde la teniente Melina Vega, enfermera del Ej\u00e9rcito, le mostr\u00f3 la jeringa, le levant\u00f3 la manga derecha de la camisa, le inyect\u00f3 la vacuna y le entreg\u00f3 el registro conforme complet\u00f3 su esquema de vacunaci\u00f3n.<\/p>\n\n\n\n<p>Acto seguido, L\u00f3pez Obrador se retir\u00f3 de la sala de prensa para permanecer en observaci\u00f3n durante 30 minutos por posibles efectos adversos como dolor en la zona de la inyecci\u00f3n.<\/p>\n\n\n\n<p>Hay que seguirnos vacunando. Yo voy por mi segunda dosis aqu\u00ed para que no nos dejemos de vacunarnos\u201d, expres\u00f3 el mandatario minutos antes de su inyecci\u00f3n.<\/p>\n\n\n\n<p>El presidente hizo un llamado a no confiarse a pesar de que est\u00e9 \u201cla pandemia a la baja\u201d y dijo que \u201cafortunadamente son muy pocos\u201d los que no se quieren vacunar en M\u00e9xico.<\/p>\n\n\n\n<p>L\u00f3pez Obrador, hipertenso y reacio a llevar cubrebocas en p\u00fablico, recibi\u00f3 la primera dosis el 20 de abril tambi\u00e9n durante una rueda de prensa.<\/p>\n\n\n\n<p>Al mandatario le correspond\u00eda por edad haberse vacunado en marzo pero aplaz\u00f3 su inoculaci\u00f3n porque sus m\u00e9dicos consideraron que ten\u00eda suficientes anticuerpos despu\u00e9s de haber pasado la enfermedad.<\/p>\n\n\n\n<p>El mandatario mexicano tuvo COVID-19 en enero pasado con s\u00edntomas leves y estuvo confinado durante dos semanas en su domicilio particular en el Palacio Nacional.<\/p>\n\n\n\n<p>L\u00f3pez Obrador hizo este martes un llamado a acudir \u201ctemprano\u201d al hospital cuando se tengan s\u00edntomas y explic\u00f3 que en su caso, comenz\u00f3 a encontrarse mal un s\u00e1bado y el domingo \u201cya ten\u00eda manchitas en los pulmones\u201d.<\/p>\n\n\n\n<p>Con 230 mil 185 muertos oficiales y casi 2.5 millones de contagios confirmados, M\u00e9xico es el cuarto pa\u00eds del mundo con m\u00e1s muertos, detr\u00e1s de Estados Unidos, Brasil y la India.<\/p>\n","protected":false},"excerpt":{"rendered":"<p>Hizo un llamado a no confiarse a pesar de que est\u00e9 \u201cla pandemia a la baja\u201d y dijo que \u201cafortunadamente son muy pocos\u201d los que no se quieren vacunar en M\u00e9xico Ciudad de M\u00e9xico.- Andr\u00e9s Manuel L\u00f3pez Obrador, presidente de M\u00e9xico, complet\u00f3 este martes su esquema completo de vacunaci\u00f3n contra el COVID-19. Al terminar la [&hellip;]<\/p>\n","protected":false},"author":14,"featured_media":5090,"comment_status":"open","ping_status":"open","sticky":false,"template":"","format":"standard","meta":{"tdm_status":"","tdm_grid_status":"","footnotes":""},"categories":[39],"tags":[247,297,490,58,407],"class_list":{"0":"post-5089","1":"post","2":"type-post","3":"status-publish","4":"format-standard","5":"has-post-thumbnail","7":"category-noticias-nacionales","8":"tag-amlo","9":"tag-andres-manuel-lopez-obrador","10":"tag-astra-zeneca","11":"tag-pandemia","12":"tag-vacuna-anticovid"},"yoast_head":"<!-- This site is optimized with the Yoast SEO plugin v27.4 - https:\/\/yoast.com\/product\/yoast-seo-wordpress\/ -->\n<title>AMLO ya tiene esquema completo de vacunaci\u00f3n contra Covid-19 - Fuentes Fidedignas<\/title>\n<meta name=\"robots\" content=\"index, follow, max-snippet:-1, max-image-preview:large, max-video-preview:-1\" \/>\n<link rel=\"canonical\" href=\"https:\/\/fuentesfidedignas.com.mx\/index.php\/2021\/06\/15\/amlo-ya-tiene-esquema-completo-de-vacunacion-contra-covid-19\/\" \/>\n<meta property=\"og:locale\" content=\"es_MX\" \/>\n<meta property=\"og:type\" content=\"article\" \/>\n<meta property=\"og:title\" content=\"AMLO ya tiene esquema completo de vacunaci\u00f3n contra Covid-19 - Fuentes Fidedignas\" \/>\n<meta property=\"og:description\" content=\"Hizo un llamado a no confiarse a pesar de que est\u00e9 \u201cla pandemia a la baja\u201d y dijo que \u201cafortunadamente son muy pocos\u201d los que no se quieren vacunar en M\u00e9xico Ciudad de M\u00e9xico.- Andr\u00e9s Manuel L\u00f3pez Obrador, presidente de M\u00e9xico, complet\u00f3 este martes su esquema completo de vacunaci\u00f3n contra el COVID-19. Al terminar la [&hellip;]\" \/>\n<meta property=\"og:url\" content=\"https:\/\/fuentesfidedignas.com.mx\/index.php\/2021\/06\/15\/amlo-ya-tiene-esquema-completo-de-vacunacion-contra-covid-19\/\" \/>\n<meta property=\"og:site_name\" content=\"Fuentes Fidedignas\" \/>\n<meta property=\"article:publisher\" content=\"https:\/\/www.facebook.com\/Fuentes-Fidedignas-368234489921644\" \/>\n<meta property=\"article:published_time\" content=\"2021-06-15T18:05:47+00:00\" \/>\n<meta property=\"article:modified_time\" content=\"2021-06-15T18:05:49+00:00\" \/>\n<meta property=\"og:image\" content=\"https:\/\/fuentesfidedignas.com.mx\/wp-content\/uploads\/2021\/06\/amlo_15_de_junio_2021-_6.jpg\" \/>\n\t<meta property=\"og:image:width\" content=\"980\" \/>\n\t<meta property=\"og:image:height\" content=\"653\" \/>\n\t<meta property=\"og:image:type\" content=\"image\/jpeg\" \/>\n<meta name=\"author\" content=\"Vanguardia\" \/>\n<meta name=\"twitter:card\" content=\"summary_large_image\" \/>\n<meta name=\"twitter:creator\" content=\"@fidedignas\" \/>\n<meta name=\"twitter:site\" content=\"@fidedignas\" \/>\n<meta name=\"twitter:label1\" content=\"Escrito por\" \/>\n\t<meta name=\"twitter:data1\" content=\"Vanguardia\" \/>\n\t<meta name=\"twitter:label2\" content=\"Tiempo de lectura\" \/>\n\t<meta name=\"twitter:data2\" content=\"2 minutos\" \/>\n<script type=\"application\/ld+json\" class=\"yoast-schema-graph\">{\"@context\":\"https:\\\/\\\/schema.org\",\"@graph\":[{\"@type\":\"Article\",\"@id\":\"https:\\\/\\\/fuentesfidedignas.com.mx\\\/index.php\\\/2021\\\/06\\\/15\\\/amlo-ya-tiene-esquema-completo-de-vacunacion-contra-covid-19\\\/#article\",\"isPartOf\":{\"@id\":\"https:\\\/\\\/fuentesfidedignas.com.mx\\\/index.php\\\/2021\\\/06\\\/15\\\/amlo-ya-tiene-esquema-completo-de-vacunacion-contra-covid-19\\\/\"},\"author\":{\"name\":\"Vanguardia\",\"@id\":\"https:\\\/\\\/fuentesfidedignas.com.mx\\\/#\\\/schema\\\/person\\\/bce747fb6a0b0feefab1e3e7c4e84d2b\"},\"headline\":\"AMLO ya tiene esquema completo de vacunaci\u00f3n contra Covid-19\",\"datePublished\":\"2021-06-15T18:05:47+00:00\",\"dateModified\":\"2021-06-15T18:05:49+00:00\",\"mainEntityOfPage\":{\"@id\":\"https:\\\/\\\/fuentesfidedignas.com.mx\\\/index.php\\\/2021\\\/06\\\/15\\\/amlo-ya-tiene-esquema-completo-de-vacunacion-contra-covid-19\\\/\"},\"wordCount\":404,\"commentCount\":0,\"publisher\":{\"@id\":\"https:\\\/\\\/fuentesfidedignas.com.mx\\\/#organization\"},\"image\":{\"@id\":\"https:\\\/\\\/fuentesfidedignas.com.mx\\\/index.php\\\/2021\\\/06\\\/15\\\/amlo-ya-tiene-esquema-completo-de-vacunacion-contra-covid-19\\\/#primaryimage\"},\"thumbnailUrl\":\"https:\\\/\\\/fuentesfidedignas.com.mx\\\/wp-content\\\/uploads\\\/2021\\\/06\\\/amlo_15_de_junio_2021-_6.jpg\",\"keywords\":[\"AMLO\",\"Andr\u00e9s Manuel L\u00f3pez Obrador\",\"Astra Zeneca\",\"Pandemia\",\"Vacuna anticovid\"],\"articleSection\":[\"NOTICIAS NACIONALES\"],\"inLanguage\":\"es\",\"potentialAction\":[{\"@type\":\"CommentAction\",\"name\":\"Comment\",\"target\":[\"https:\\\/\\\/fuentesfidedignas.com.mx\\\/index.php\\\/2021\\\/06\\\/15\\\/amlo-ya-tiene-esquema-completo-de-vacunacion-contra-covid-19\\\/#respond\"]}]},{\"@type\":\"WebPage\",\"@id\":\"https:\\\/\\\/fuentesfidedignas.com.mx\\\/index.php\\\/2021\\\/06\\\/15\\\/amlo-ya-tiene-esquema-completo-de-vacunacion-contra-covid-19\\\/\",\"url\":\"https:\\\/\\\/fuentesfidedignas.com.mx\\\/index.php\\\/2021\\\/06\\\/15\\\/amlo-ya-tiene-esquema-completo-de-vacunacion-contra-covid-19\\\/\",\"name\":\"AMLO ya tiene esquema completo de vacunaci\u00f3n contra Covid-19 - Fuentes Fidedignas\",\"isPartOf\":{\"@id\":\"https:\\\/\\\/fuentesfidedignas.com.mx\\\/#website\"},\"primaryImageOfPage\":{\"@id\":\"https:\\\/\\\/fuentesfidedignas.com.mx\\\/index.php\\\/2021\\\/06\\\/15\\\/amlo-ya-tiene-esquema-completo-de-vacunacion-contra-covid-19\\\/#primaryimage\"},\"image\":{\"@id\":\"https:\\\/\\\/fuentesfidedignas.com.mx\\\/index.php\\\/2021\\\/06\\\/15\\\/amlo-ya-tiene-esquema-completo-de-vacunacion-contra-covid-19\\\/#primaryimage\"},\"thumbnailUrl\":\"https:\\\/\\\/fuentesfidedignas.com.mx\\\/wp-content\\\/uploads\\\/2021\\\/06\\\/amlo_15_de_junio_2021-_6.jpg\",\"datePublished\":\"2021-06-15T18:05:47+00:00\",\"dateModified\":\"2021-06-15T18:05:49+00:00\",\"breadcrumb\":{\"@id\":\"https:\\\/\\\/fuentesfidedignas.com.mx\\\/index.php\\\/2021\\\/06\\\/15\\\/amlo-ya-tiene-esquema-completo-de-vacunacion-contra-covid-19\\\/#breadcrumb\"},\"inLanguage\":\"es\",\"potentialAction\":[{\"@type\":\"ReadAction\",\"target\":[\"https:\\\/\\\/fuentesfidedignas.com.mx\\\/index.php\\\/2021\\\/06\\\/15\\\/amlo-ya-tiene-esquema-completo-de-vacunacion-contra-covid-19\\\/\"]}]},{\"@type\":\"ImageObject\",\"inLanguage\":\"es\",\"@id\":\"https:\\\/\\\/fuentesfidedignas.com.mx\\\/index.php\\\/2021\\\/06\\\/15\\\/amlo-ya-tiene-esquema-completo-de-vacunacion-contra-covid-19\\\/#primaryimage\",\"url\":\"https:\\\/\\\/fuentesfidedignas.com.mx\\\/wp-content\\\/uploads\\\/2021\\\/06\\\/amlo_15_de_junio_2021-_6.jpg\",\"contentUrl\":\"https:\\\/\\\/fuentesfidedignas.com.mx\\\/wp-content\\\/uploads\\\/2021\\\/06\\\/amlo_15_de_junio_2021-_6.jpg\",\"width\":980,\"height\":653},{\"@type\":\"BreadcrumbList\",\"@id\":\"https:\\\/\\\/fuentesfidedignas.com.mx\\\/index.php\\\/2021\\\/06\\\/15\\\/amlo-ya-tiene-esquema-completo-de-vacunacion-contra-covid-19\\\/#breadcrumb\",\"itemListElement\":[{\"@type\":\"ListItem\",\"position\":1,\"name\":\"Inicio\",\"item\":\"https:\\\/\\\/fuentesfidedignas.com.mx\\\/\"},{\"@type\":\"ListItem\",\"position\":2,\"name\":\"AMLO ya tiene esquema completo de vacunaci\u00f3n contra Covid-19\"}]},{\"@type\":\"WebSite\",\"@id\":\"https:\\\/\\\/fuentesfidedignas.com.mx\\\/#website\",\"url\":\"https:\\\/\\\/fuentesfidedignas.com.mx\\\/\",\"name\":\"Fuentes Fidedignas\",\"description\":\"Otro sitio realizado con WordPress\",\"publisher\":{\"@id\":\"https:\\\/\\\/fuentesfidedignas.com.mx\\\/#organization\"},\"potentialAction\":[{\"@type\":\"SearchAction\",\"target\":{\"@type\":\"EntryPoint\",\"urlTemplate\":\"https:\\\/\\\/fuentesfidedignas.com.mx\\\/?s={search_term_string}\"},\"query-input\":{\"@type\":\"PropertyValueSpecification\",\"valueRequired\":true,\"valueName\":\"search_term_string\"}}],\"inLanguage\":\"es\"},{\"@type\":\"Organization\",\"@id\":\"https:\\\/\\\/fuentesfidedignas.com.mx\\\/#organization\",\"name\":\"Fuentes Fidedignas\",\"url\":\"https:\\\/\\\/fuentesfidedignas.com.mx\\\/\",\"logo\":{\"@type\":\"ImageObject\",\"inLanguage\":\"es\",\"@id\":\"https:\\\/\\\/fuentesfidedignas.com.mx\\\/#\\\/schema\\\/logo\\\/image\\\/\",\"url\":\"https:\\\/\\\/fuentesfidedignas.com.mx\\\/wp-content\\\/uploads\\\/2021\\\/04\\\/logo-retina.png\",\"contentUrl\":\"https:\\\/\\\/fuentesfidedignas.com.mx\\\/wp-content\\\/uploads\\\/2021\\\/04\\\/logo-retina.png\",\"width\":280,\"height\":51,\"caption\":\"Fuentes Fidedignas\"},\"image\":{\"@id\":\"https:\\\/\\\/fuentesfidedignas.com.mx\\\/#\\\/schema\\\/logo\\\/image\\\/\"},\"sameAs\":[\"https:\\\/\\\/www.facebook.com\\\/Fuentes-Fidedignas-368234489921644\",\"https:\\\/\\\/x.com\\\/fidedignas\"]},{\"@type\":\"Person\",\"@id\":\"https:\\\/\\\/fuentesfidedignas.com.mx\\\/#\\\/schema\\\/person\\\/bce747fb6a0b0feefab1e3e7c4e84d2b\",\"name\":\"Vanguardia\",\"image\":{\"@type\":\"ImageObject\",\"inLanguage\":\"es\",\"@id\":\"https:\\\/\\\/secure.gravatar.com\\\/avatar\\\/6d7e1e0fdcdef594fdfc9206070adafb95cd5cd9b47c113cb987d91ee74e35df?s=96&d=mm&r=g\",\"url\":\"https:\\\/\\\/secure.gravatar.com\\\/avatar\\\/6d7e1e0fdcdef594fdfc9206070adafb95cd5cd9b47c113cb987d91ee74e35df?s=96&d=mm&r=g\",\"contentUrl\":\"https:\\\/\\\/secure.gravatar.com\\\/avatar\\\/6d7e1e0fdcdef594fdfc9206070adafb95cd5cd9b47c113cb987d91ee74e35df?s=96&d=mm&r=g\",\"caption\":\"Vanguardia\"},\"url\":\"https:\\\/\\\/fuentesfidedignas.com.mx\\\/index.php\\\/author\\\/vanguardia\\\/\"}]}<\/script>\n<!-- \/ Yoast SEO plugin. -->","yoast_head_json":{"title":"AMLO ya tiene esquema completo de vacunaci\u00f3n contra Covid-19 - Fuentes Fidedignas","robots":{"index":"index","follow":"follow","max-snippet":"max-snippet:-1","max-image-preview":"max-image-preview:large","max-video-preview":"max-video-preview:-1"},"canonical":"https:\/\/fuentesfidedignas.com.mx\/index.php\/2021\/06\/15\/amlo-ya-tiene-esquema-completo-de-vacunacion-contra-covid-19\/","og_locale":"es_MX","og_type":"article","og_title":"AMLO ya tiene esquema completo de vacunaci\u00f3n contra Covid-19 - Fuentes Fidedignas","og_description":"Hizo un llamado a no confiarse a pesar de que est\u00e9 \u201cla pandemia a la baja\u201d y dijo que \u201cafortunadamente son muy pocos\u201d los que no se quieren vacunar en M\u00e9xico Ciudad de M\u00e9xico.- Andr\u00e9s Manuel L\u00f3pez Obrador, presidente de M\u00e9xico, complet\u00f3 este martes su esquema completo de vacunaci\u00f3n contra el COVID-19. Al terminar la [&hellip;]","og_url":"https:\/\/fuentesfidedignas.com.mx\/index.php\/2021\/06\/15\/amlo-ya-tiene-esquema-completo-de-vacunacion-contra-covid-19\/","og_site_name":"Fuentes Fidedignas","article_publisher":"https:\/\/www.facebook.com\/Fuentes-Fidedignas-368234489921644","article_published_time":"2021-06-15T18:05:47+00:00","article_modified_time":"2021-06-15T18:05:49+00:00","og_image":[{"width":980,"height":653,"url":"https:\/\/fuentesfidedignas.com.mx\/wp-content\/uploads\/2021\/06\/amlo_15_de_junio_2021-_6.jpg","type":"image\/jpeg"}],"author":"Vanguardia","twitter_card":"summary_large_image","twitter_creator":"@fidedignas","twitter_site":"@fidedignas","twitter_misc":{"Escrito por":"Vanguardia","Tiempo de lectura":"2 minutos"},"schema":{"@context":"https:\/\/schema.org","@graph":[{"@type":"Article","@id":"https:\/\/fuentesfidedignas.com.mx\/index.php\/2021\/06\/15\/amlo-ya-tiene-esquema-completo-de-vacunacion-contra-covid-19\/#article","isPartOf":{"@id":"https:\/\/fuentesfidedignas.com.mx\/index.php\/2021\/06\/15\/amlo-ya-tiene-esquema-completo-de-vacunacion-contra-covid-19\/"},"author":{"name":"Vanguardia","@id":"https:\/\/fuentesfidedignas.com.mx\/#\/schema\/person\/bce747fb6a0b0feefab1e3e7c4e84d2b"},"headline":"AMLO ya tiene esquema completo de vacunaci\u00f3n contra Covid-19","datePublished":"2021-06-15T18:05:47+00:00","dateModified":"2021-06-15T18:05:49+00:00","mainEntityOfPage":{"@id":"https:\/\/fuentesfidedignas.com.mx\/index.php\/2021\/06\/15\/amlo-ya-tiene-esquema-completo-de-vacunacion-contra-covid-19\/"},"wordCount":404,"commentCount":0,"publisher":{"@id":"https:\/\/fuentesfidedignas.com.mx\/#organization"},"image":{"@id":"https:\/\/fuentesfidedignas.com.mx\/index.php\/2021\/06\/15\/amlo-ya-tiene-esquema-completo-de-vacunacion-contra-covid-19\/#primaryimage"},"thumbnailUrl":"https:\/\/fuentesfidedignas.com.mx\/wp-content\/uploads\/2021\/06\/amlo_15_de_junio_2021-_6.jpg","keywords":["AMLO","Andr\u00e9s Manuel L\u00f3pez Obrador","Astra Zeneca","Pandemia","Vacuna anticovid"],"articleSection":["NOTICIAS NACIONALES"],"inLanguage":"es","potentialAction":[{"@type":"CommentAction","name":"Comment","target":["https:\/\/fuentesfidedignas.com.mx\/index.php\/2021\/06\/15\/amlo-ya-tiene-esquema-completo-de-vacunacion-contra-covid-19\/#respond"]}]},{"@type":"WebPage","@id":"https:\/\/fuentesfidedignas.com.mx\/index.php\/2021\/06\/15\/amlo-ya-tiene-esquema-completo-de-vacunacion-contra-covid-19\/","url":"https:\/\/fuentesfidedignas.com.mx\/index.php\/2021\/06\/15\/amlo-ya-tiene-esquema-completo-de-vacunacion-contra-covid-19\/","name":"AMLO ya tiene esquema completo de vacunaci\u00f3n contra Covid-19 - Fuentes Fidedignas","isPartOf":{"@id":"https:\/\/fuentesfidedignas.com.mx\/#website"},"primaryImageOfPage":{"@id":"https:\/\/fuentesfidedignas.com.mx\/index.php\/2021\/06\/15\/amlo-ya-tiene-esquema-completo-de-vacunacion-contra-covid-19\/#primaryimage"},"image":{"@id":"https:\/\/fuentesfidedignas.com.mx\/index.php\/2021\/06\/15\/amlo-ya-tiene-esquema-completo-de-vacunacion-contra-covid-19\/#primaryimage"},"thumbnailUrl":"https:\/\/fuentesfidedignas.com.mx\/wp-content\/uploads\/2021\/06\/amlo_15_de_junio_2021-_6.jpg","datePublished":"2021-06-15T18:05:47+00:00","dateModified":"2021-06-15T18:05:49+00:00","breadcrumb":{"@id":"https:\/\/fuentesfidedignas.com.mx\/index.php\/2021\/06\/15\/amlo-ya-tiene-esquema-completo-de-vacunacion-contra-covid-19\/#breadcrumb"},"inLanguage":"es","potentialAction":[{"@type":"ReadAction","target":["https:\/\/fuentesfidedignas.com.mx\/index.php\/2021\/06\/15\/amlo-ya-tiene-esquema-completo-de-vacunacion-contra-covid-19\/"]}]},{"@type":"ImageObject","inLanguage":"es","@id":"https:\/\/fuentesfidedignas.com.mx\/index.php\/2021\/06\/15\/amlo-ya-tiene-esquema-completo-de-vacunacion-contra-covid-19\/#primaryimage","url":"https:\/\/fuentesfidedignas.com.mx\/wp-content\/uploads\/2021\/06\/amlo_15_de_junio_2021-_6.jpg","contentUrl":"https:\/\/fuentesfidedignas.com.mx\/wp-content\/uploads\/2021\/06\/amlo_15_de_junio_2021-_6.jpg","width":980,"height":653},{"@type":"BreadcrumbList","@id":"https:\/\/fuentesfidedignas.com.mx\/index.php\/2021\/06\/15\/amlo-ya-tiene-esquema-completo-de-vacunacion-contra-covid-19\/#breadcrumb","itemListElement":[{"@type":"ListItem","position":1,"name":"Inicio","item":"https:\/\/fuentesfidedignas.com.mx\/"},{"@type":"ListItem","position":2,"name":"AMLO ya tiene esquema completo de vacunaci\u00f3n contra Covid-19"}]},{"@type":"WebSite","@id":"https:\/\/fuentesfidedignas.com.mx\/#website","url":"https:\/\/fuentesfidedignas.com.mx\/","name":"Fuentes Fidedignas","description":"Otro sitio realizado con WordPress","publisher":{"@id":"https:\/\/fuentesfidedignas.com.mx\/#organization"},"potentialAction":[{"@type":"SearchAction","target":{"@type":"EntryPoint","urlTemplate":"https:\/\/fuentesfidedignas.com.mx\/?s={search_term_string}"},"query-input":{"@type":"PropertyValueSpecification","valueRequired":true,"valueName":"search_term_string"}}],"inLanguage":"es"},{"@type":"Organization","@id":"https:\/\/fuentesfidedignas.com.mx\/#organization","name":"Fuentes Fidedignas","url":"https:\/\/fuentesfidedignas.com.mx\/","logo":{"@type":"ImageObject","inLanguage":"es","@id":"https:\/\/fuentesfidedignas.com.mx\/#\/schema\/logo\/image\/","url":"https:\/\/fuentesfidedignas.com.mx\/wp-content\/uploads\/2021\/04\/logo-retina.png","contentUrl":"https:\/\/fuentesfidedignas.com.mx\/wp-content\/uploads\/2021\/04\/logo-retina.png","width":280,"height":51,"caption":"Fuentes Fidedignas"},"image":{"@id":"https:\/\/fuentesfidedignas.com.mx\/#\/schema\/logo\/image\/"},"sameAs":["https:\/\/www.facebook.com\/Fuentes-Fidedignas-368234489921644","https:\/\/x.com\/fidedignas"]},{"@type":"Person","@id":"https:\/\/fuentesfidedignas.com.mx\/#\/schema\/person\/bce747fb6a0b0feefab1e3e7c4e84d2b","name":"Vanguardia","image":{"@type":"ImageObject","inLanguage":"es","@id":"https:\/\/secure.gravatar.com\/avatar\/6d7e1e0fdcdef594fdfc9206070adafb95cd5cd9b47c113cb987d91ee74e35df?s=96&d=mm&r=g","url":"https:\/\/secure.gravatar.com\/avatar\/6d7e1e0fdcdef594fdfc9206070adafb95cd5cd9b47c113cb987d91ee74e35df?s=96&d=mm&r=g","contentUrl":"https:\/\/secure.gravatar.com\/avatar\/6d7e1e0fdcdef594fdfc9206070adafb95cd5cd9b47c113cb987d91ee74e35df?s=96&d=mm&r=g","caption":"Vanguardia"},"url":"https:\/\/fuentesfidedignas.com.mx\/index.php\/author\/vanguardia\/"}]}},"_links":{"self":[{"href":"https:\/\/fuentesfidedignas.com.mx\/index.php\/wp-json\/wp\/v2\/posts\/5089","targetHints":{"allow":["GET"]}}],"collection":[{"href":"https:\/\/fuentesfidedignas.com.mx\/index.php\/wp-json\/wp\/v2\/posts"}],"about":[{"href":"https:\/\/fuentesfidedignas.com.mx\/index.php\/wp-json\/wp\/v2\/types\/post"}],"author":[{"embeddable":true,"href":"https:\/\/fuentesfidedignas.com.mx\/index.php\/wp-json\/wp\/v2\/users\/14"}],"replies":[{"embeddable":true,"href":"https:\/\/fuentesfidedignas.com.mx\/index.php\/wp-json\/wp\/v2\/comments?post=5089"}],"version-history":[{"count":1,"href":"https:\/\/fuentesfidedignas.com.mx\/index.php\/wp-json\/wp\/v2\/posts\/5089\/revisions"}],"predecessor-version":[{"id":5091,"href":"https:\/\/fuentesfidedignas.com.mx\/index.php\/wp-json\/wp\/v2\/posts\/5089\/revisions\/5091"}],"wp:featuredmedia":[{"embeddable":true,"href":"https:\/\/fuentesfidedignas.com.mx\/index.php\/wp-json\/wp\/v2\/media\/5090"}],"wp:attachment":[{"href":"https:\/\/fuentesfidedignas.com.mx\/index.php\/wp-json\/wp\/v2\/media?parent=5089"}],"wp:term":[{"taxonomy":"category","embeddable":true,"href":"https:\/\/fuentesfidedignas.com.mx\/index.php\/wp-json\/wp\/v2\/categories?post=5089"},{"taxonomy":"post_tag","embeddable":true,"href":"https:\/\/fuentesfidedignas.com.mx\/index.php\/wp-json\/wp\/v2\/tags?post=5089"}],"curies":[{"name":"wp","href":"https:\/\/api.w.org\/{rel}","templated":true}]}}