{"id":50874,"date":"2023-06-23T14:32:02","date_gmt":"2023-06-23T21:32:02","guid":{"rendered":"https:\/\/fuentesfidedignas.com.mx\/?p=50874"},"modified":"2023-06-23T14:37:12","modified_gmt":"2023-06-23T21:37:12","slug":"implementa-congreso-de-sinaloa-programa-activacion-fisica-para-sus-trabajadores","status":"publish","type":"post","link":"https:\/\/fuentesfidedignas.com.mx\/index.php\/2023\/06\/23\/implementa-congreso-de-sinaloa-programa-activacion-fisica-para-sus-trabajadores\/","title":{"rendered":"Implementa Congreso de Sinaloa programa de activaci\u00f3n f\u00edsica para sus trabajadores"},"content":{"rendered":"\n<p><\/p>\n\n\n\n<p>Culiac\u00e1n, Sin.- Congreso del Estado de Sinaloa se convirti\u00f3 en uno de los pocos poderes p\u00fablicos locales en M\u00e9xico en implementar un programa de activaci\u00f3n f\u00edsica laboral para su personal al celebrar la primera pausa activa en el Sal\u00f3n Constituyentes de 1917.<\/p>\n\n\n\n<p>Las y los participantes realizaron una divertida rutina de ejercicios moderados con movimientos sencillos y totalmente seguros que generaron un ambiente de relajaci\u00f3n y alegr\u00eda, y despertaron sonrisas y buen humor.<\/p>\n\n\n\n<p>El diputado Feliciano Castro Mel\u00e9ndrez, presidente de la Junta de Coordinaci\u00f3n Pol\u00edtica, inform\u00f3 que el prop\u00f3sito de este programa es reactivar tanto f\u00edsica como espiritualmente a las y los trabajadores del Congreso de Sinaloa.<\/p>\n\n\n\n<p>Este es un programa para promover tanto la actividad f\u00edsica como la salud integral y el esp\u00edritu en los empleados del Poder Legislativo local.<\/p>\n\n\n\n<p>&#8220;<strong>Quienes aqu\u00ed laboramos somos seres humanos con derecho a la salud y no solo de trabajo vive la gente, necesitamos hacer una actividad que nos mueva porque estar sentados despu\u00e9s de cierta edad se traduce, entre otras cosas, en problemas de circulaci\u00f3n<\/strong>\u201d, coment\u00f3.<\/p>\n\n\n\n<p>El diputado Feliciano Castro enfatiz\u00f3 que la participaci\u00f3n en el programa de activaci\u00f3n f\u00edsica en el \u00e1mbito laboral es voluntaria y se tiene previsto realizar pausas activas por determinado tiempo en cada \u00e1rea para quienes quieran incorporarse para generar un h\u00e1bito saludable.<\/p>\n\n\n\n<p>Anticip\u00f3 que se tiene contemplado implementar tambi\u00e9n un programa de salud bucal y el fomento de c\u00edrculos de lectura para hacer diagn\u00f3sticos de salud y alimentar el alma a trav\u00e9s de la filosof\u00eda.<\/p>\n\n\n\n<p>Record\u00f3 que en Chametla se encontr\u00f3 una pieza arqueol\u00f3gica llamada \u201cEl Mitote\u201d que ha generado reflexiones, ya que en la lengua espa\u00f1ola, precis\u00f3, se le conoce como tertulia a la tradici\u00f3n del pueblo de platicar y a trav\u00e9s de los comentarios de las lecturas tambi\u00e9n se puede encontrar la plenitud espiritual.<\/p>\n\n\n\n<p>El mensaje de bienvenida a los presentes corri\u00f3 a cargo del Secretario General del Congreso, Ing. Jos\u00e9 Antonio R\u00edos Rojo, quien destac\u00f3, antes de la primera pausa activa, que el Congreso de Sinaloa se pronuncia a nivel local por impulsar programas de activaci\u00f3n f\u00edsica para los trabajadores.<\/p>\n\n\n\n<p>Al hacer un bosquejo general de la importancia de la activaci\u00f3n f\u00edsica en el \u00e1rea laboral, el maestro Jaime Trapero F\u00e9lix, licenciado en cultura f\u00edsica, apunt\u00f3 que la obesidad y el sobrepeso condiciona a la poblaci\u00f3n al riesgo de enfermedades que disminuyen su calidad de vida.<\/p>\n\n\n\n<p>\u201c<strong>Existe evidencia de que estas condiciones aumentan el riesgo de da\u00f1o en lesiones laborales debido a las dificultades de movilidad, falta de reflejos y baja capacidad f\u00edsica<\/strong>\u201d, mencion\u00f3 al abordar tambi\u00e9n los riesgos disergon\u00f3micos derivados de la ausencia de una correcta ergonom\u00eda laboral.<\/p>\n\n\n\n<p>Explic\u00f3 que existe un cronograma de pausas para la implementaci\u00f3n del programa de activaci\u00f3n f\u00edsica en el que participar\u00e1n los trabajadores de manera voluntaria, separados por \u00e1reas y en las primeras semanas se espera que los participantes ir\u00e1n adapt\u00e1ndose a esta din\u00e1mica.<\/p>\n","protected":false},"excerpt":{"rendered":"<p>Culiac\u00e1n, Sin.- Congreso del Estado de Sinaloa se convirti\u00f3 en uno de los pocos poderes p\u00fablicos locales en M\u00e9xico en implementar un programa de activaci\u00f3n f\u00edsica laboral para su personal al celebrar la primera pausa activa en el Sal\u00f3n Constituyentes de 1917. Las y los participantes realizaron una divertida rutina de ejercicios moderados con movimientos [&hellip;]<\/p>\n","protected":false},"author":4,"featured_media":50876,"comment_status":"open","ping_status":"open","sticky":false,"template":"","format":"standard","meta":{"tdm_status":"","tdm_grid_status":"","footnotes":""},"categories":[38,1],"tags":[],"class_list":{"0":"post-50874","1":"post","2":"type-post","3":"status-publish","4":"format-standard","5":"has-post-thumbnail","7":"category-noticias-locales","8":"category-sin-categoria"},"yoast_head":"<!-- This site is optimized with the Yoast SEO plugin v27.4 - https:\/\/yoast.com\/product\/yoast-seo-wordpress\/ -->\n<title>Implementa Congreso de Sinaloa programa de activaci\u00f3n f\u00edsica para sus trabajadores - Fuentes Fidedignas<\/title>\n<meta name=\"robots\" content=\"index, follow, max-snippet:-1, max-image-preview:large, max-video-preview:-1\" \/>\n<link rel=\"canonical\" href=\"https:\/\/fuentesfidedignas.com.mx\/index.php\/2023\/06\/23\/implementa-congreso-de-sinaloa-programa-activacion-fisica-para-sus-trabajadores\/\" \/>\n<meta property=\"og:locale\" content=\"es_MX\" \/>\n<meta property=\"og:type\" content=\"article\" \/>\n<meta property=\"og:title\" content=\"Implementa Congreso de Sinaloa programa de activaci\u00f3n f\u00edsica para sus trabajadores - Fuentes Fidedignas\" \/>\n<meta property=\"og:description\" content=\"Culiac\u00e1n, Sin.- Congreso del Estado de Sinaloa se convirti\u00f3 en uno de los pocos poderes p\u00fablicos locales en M\u00e9xico en implementar un programa de activaci\u00f3n f\u00edsica laboral para su personal al celebrar la primera pausa activa en el Sal\u00f3n Constituyentes de 1917. Las y los participantes realizaron una divertida rutina de ejercicios moderados con movimientos [&hellip;]\" \/>\n<meta property=\"og:url\" content=\"https:\/\/fuentesfidedignas.com.mx\/index.php\/2023\/06\/23\/implementa-congreso-de-sinaloa-programa-activacion-fisica-para-sus-trabajadores\/\" \/>\n<meta property=\"og:site_name\" content=\"Fuentes Fidedignas\" \/>\n<meta property=\"article:publisher\" content=\"https:\/\/www.facebook.com\/Fuentes-Fidedignas-368234489921644\" \/>\n<meta property=\"article:published_time\" content=\"2023-06-23T21:32:02+00:00\" \/>\n<meta property=\"article:modified_time\" content=\"2023-06-23T21:37:12+00:00\" \/>\n<meta property=\"og:image\" content=\"https:\/\/fuentesfidedignas.com.mx\/wp-content\/uploads\/2023\/06\/IMG-20230623-WA0064.jpg\" \/>\n\t<meta property=\"og:image:width\" content=\"1024\" \/>\n\t<meta property=\"og:image:height\" content=\"682\" \/>\n\t<meta property=\"og:image:type\" content=\"image\/jpeg\" \/>\n<meta name=\"author\" content=\"Redacci\u00f3n\" \/>\n<meta name=\"twitter:card\" content=\"summary_large_image\" \/>\n<meta name=\"twitter:creator\" content=\"@fidedignas\" \/>\n<meta name=\"twitter:site\" content=\"@fidedignas\" \/>\n<meta name=\"twitter:label1\" content=\"Escrito por\" \/>\n\t<meta name=\"twitter:data1\" content=\"Redacci\u00f3n\" \/>\n\t<meta name=\"twitter:label2\" content=\"Tiempo de lectura\" \/>\n\t<meta name=\"twitter:data2\" content=\"3 minutos\" \/>\n<script type=\"application\/ld+json\" class=\"yoast-schema-graph\">{\"@context\":\"https:\\\/\\\/schema.org\",\"@graph\":[{\"@type\":\"Article\",\"@id\":\"https:\\\/\\\/fuentesfidedignas.com.mx\\\/index.php\\\/2023\\\/06\\\/23\\\/implementa-congreso-de-sinaloa-programa-activacion-fisica-para-sus-trabajadores\\\/#article\",\"isPartOf\":{\"@id\":\"https:\\\/\\\/fuentesfidedignas.com.mx\\\/index.php\\\/2023\\\/06\\\/23\\\/implementa-congreso-de-sinaloa-programa-activacion-fisica-para-sus-trabajadores\\\/\"},\"author\":{\"name\":\"Redacci\u00f3n\",\"@id\":\"https:\\\/\\\/fuentesfidedignas.com.mx\\\/#\\\/schema\\\/person\\\/331be9283d37198e2acd5750279085b0\"},\"headline\":\"Implementa Congreso de Sinaloa programa de activaci\u00f3n f\u00edsica para sus trabajadores\",\"datePublished\":\"2023-06-23T21:32:02+00:00\",\"dateModified\":\"2023-06-23T21:37:12+00:00\",\"mainEntityOfPage\":{\"@id\":\"https:\\\/\\\/fuentesfidedignas.com.mx\\\/index.php\\\/2023\\\/06\\\/23\\\/implementa-congreso-de-sinaloa-programa-activacion-fisica-para-sus-trabajadores\\\/\"},\"wordCount\":542,\"commentCount\":0,\"publisher\":{\"@id\":\"https:\\\/\\\/fuentesfidedignas.com.mx\\\/#organization\"},\"image\":{\"@id\":\"https:\\\/\\\/fuentesfidedignas.com.mx\\\/index.php\\\/2023\\\/06\\\/23\\\/implementa-congreso-de-sinaloa-programa-activacion-fisica-para-sus-trabajadores\\\/#primaryimage\"},\"thumbnailUrl\":\"https:\\\/\\\/fuentesfidedignas.com.mx\\\/wp-content\\\/uploads\\\/2023\\\/06\\\/IMG-20230623-WA0064.jpg\",\"articleSection\":[\"NOTICIAS LOCALES\"],\"inLanguage\":\"es\",\"potentialAction\":[{\"@type\":\"CommentAction\",\"name\":\"Comment\",\"target\":[\"https:\\\/\\\/fuentesfidedignas.com.mx\\\/index.php\\\/2023\\\/06\\\/23\\\/implementa-congreso-de-sinaloa-programa-activacion-fisica-para-sus-trabajadores\\\/#respond\"]}]},{\"@type\":\"WebPage\",\"@id\":\"https:\\\/\\\/fuentesfidedignas.com.mx\\\/index.php\\\/2023\\\/06\\\/23\\\/implementa-congreso-de-sinaloa-programa-activacion-fisica-para-sus-trabajadores\\\/\",\"url\":\"https:\\\/\\\/fuentesfidedignas.com.mx\\\/index.php\\\/2023\\\/06\\\/23\\\/implementa-congreso-de-sinaloa-programa-activacion-fisica-para-sus-trabajadores\\\/\",\"name\":\"Implementa Congreso de Sinaloa programa de activaci\u00f3n f\u00edsica para sus trabajadores - Fuentes Fidedignas\",\"isPartOf\":{\"@id\":\"https:\\\/\\\/fuentesfidedignas.com.mx\\\/#website\"},\"primaryImageOfPage\":{\"@id\":\"https:\\\/\\\/fuentesfidedignas.com.mx\\\/index.php\\\/2023\\\/06\\\/23\\\/implementa-congreso-de-sinaloa-programa-activacion-fisica-para-sus-trabajadores\\\/#primaryimage\"},\"image\":{\"@id\":\"https:\\\/\\\/fuentesfidedignas.com.mx\\\/index.php\\\/2023\\\/06\\\/23\\\/implementa-congreso-de-sinaloa-programa-activacion-fisica-para-sus-trabajadores\\\/#primaryimage\"},\"thumbnailUrl\":\"https:\\\/\\\/fuentesfidedignas.com.mx\\\/wp-content\\\/uploads\\\/2023\\\/06\\\/IMG-20230623-WA0064.jpg\",\"datePublished\":\"2023-06-23T21:32:02+00:00\",\"dateModified\":\"2023-06-23T21:37:12+00:00\",\"breadcrumb\":{\"@id\":\"https:\\\/\\\/fuentesfidedignas.com.mx\\\/index.php\\\/2023\\\/06\\\/23\\\/implementa-congreso-de-sinaloa-programa-activacion-fisica-para-sus-trabajadores\\\/#breadcrumb\"},\"inLanguage\":\"es\",\"potentialAction\":[{\"@type\":\"ReadAction\",\"target\":[\"https:\\\/\\\/fuentesfidedignas.com.mx\\\/index.php\\\/2023\\\/06\\\/23\\\/implementa-congreso-de-sinaloa-programa-activacion-fisica-para-sus-trabajadores\\\/\"]}]},{\"@type\":\"ImageObject\",\"inLanguage\":\"es\",\"@id\":\"https:\\\/\\\/fuentesfidedignas.com.mx\\\/index.php\\\/2023\\\/06\\\/23\\\/implementa-congreso-de-sinaloa-programa-activacion-fisica-para-sus-trabajadores\\\/#primaryimage\",\"url\":\"https:\\\/\\\/fuentesfidedignas.com.mx\\\/wp-content\\\/uploads\\\/2023\\\/06\\\/IMG-20230623-WA0064.jpg\",\"contentUrl\":\"https:\\\/\\\/fuentesfidedignas.com.mx\\\/wp-content\\\/uploads\\\/2023\\\/06\\\/IMG-20230623-WA0064.jpg\",\"width\":1024,\"height\":682},{\"@type\":\"BreadcrumbList\",\"@id\":\"https:\\\/\\\/fuentesfidedignas.com.mx\\\/index.php\\\/2023\\\/06\\\/23\\\/implementa-congreso-de-sinaloa-programa-activacion-fisica-para-sus-trabajadores\\\/#breadcrumb\",\"itemListElement\":[{\"@type\":\"ListItem\",\"position\":1,\"name\":\"Inicio\",\"item\":\"https:\\\/\\\/fuentesfidedignas.com.mx\\\/\"},{\"@type\":\"ListItem\",\"position\":2,\"name\":\"Implementa Congreso de Sinaloa programa de activaci\u00f3n f\u00edsica para sus trabajadores\"}]},{\"@type\":\"WebSite\",\"@id\":\"https:\\\/\\\/fuentesfidedignas.com.mx\\\/#website\",\"url\":\"https:\\\/\\\/fuentesfidedignas.com.mx\\\/\",\"name\":\"Fuentes Fidedignas\",\"description\":\"Otro sitio realizado con WordPress\",\"publisher\":{\"@id\":\"https:\\\/\\\/fuentesfidedignas.com.mx\\\/#organization\"},\"potentialAction\":[{\"@type\":\"SearchAction\",\"target\":{\"@type\":\"EntryPoint\",\"urlTemplate\":\"https:\\\/\\\/fuentesfidedignas.com.mx\\\/?s={search_term_string}\"},\"query-input\":{\"@type\":\"PropertyValueSpecification\",\"valueRequired\":true,\"valueName\":\"search_term_string\"}}],\"inLanguage\":\"es\"},{\"@type\":\"Organization\",\"@id\":\"https:\\\/\\\/fuentesfidedignas.com.mx\\\/#organization\",\"name\":\"Fuentes Fidedignas\",\"url\":\"https:\\\/\\\/fuentesfidedignas.com.mx\\\/\",\"logo\":{\"@type\":\"ImageObject\",\"inLanguage\":\"es\",\"@id\":\"https:\\\/\\\/fuentesfidedignas.com.mx\\\/#\\\/schema\\\/logo\\\/image\\\/\",\"url\":\"https:\\\/\\\/fuentesfidedignas.com.mx\\\/wp-content\\\/uploads\\\/2021\\\/04\\\/logo-retina.png\",\"contentUrl\":\"https:\\\/\\\/fuentesfidedignas.com.mx\\\/wp-content\\\/uploads\\\/2021\\\/04\\\/logo-retina.png\",\"width\":280,\"height\":51,\"caption\":\"Fuentes Fidedignas\"},\"image\":{\"@id\":\"https:\\\/\\\/fuentesfidedignas.com.mx\\\/#\\\/schema\\\/logo\\\/image\\\/\"},\"sameAs\":[\"https:\\\/\\\/www.facebook.com\\\/Fuentes-Fidedignas-368234489921644\",\"https:\\\/\\\/x.com\\\/fidedignas\"]},{\"@type\":\"Person\",\"@id\":\"https:\\\/\\\/fuentesfidedignas.com.mx\\\/#\\\/schema\\\/person\\\/331be9283d37198e2acd5750279085b0\",\"name\":\"Redacci\u00f3n\",\"image\":{\"@type\":\"ImageObject\",\"inLanguage\":\"es\",\"@id\":\"https:\\\/\\\/secure.gravatar.com\\\/avatar\\\/f6d8782c11d12b2d4ad3fbb6931aeab5309937a4d6cd2fc9cfaa28a6396a5aec?s=96&d=mm&r=g\",\"url\":\"https:\\\/\\\/secure.gravatar.com\\\/avatar\\\/f6d8782c11d12b2d4ad3fbb6931aeab5309937a4d6cd2fc9cfaa28a6396a5aec?s=96&d=mm&r=g\",\"contentUrl\":\"https:\\\/\\\/secure.gravatar.com\\\/avatar\\\/f6d8782c11d12b2d4ad3fbb6931aeab5309937a4d6cd2fc9cfaa28a6396a5aec?s=96&d=mm&r=g\",\"caption\":\"Redacci\u00f3n\"},\"url\":\"https:\\\/\\\/fuentesfidedignas.com.mx\\\/index.php\\\/author\\\/redaccion\\\/\"}]}<\/script>\n<!-- \/ Yoast SEO plugin. -->","yoast_head_json":{"title":"Implementa Congreso de Sinaloa programa de activaci\u00f3n f\u00edsica para sus trabajadores - Fuentes Fidedignas","robots":{"index":"index","follow":"follow","max-snippet":"max-snippet:-1","max-image-preview":"max-image-preview:large","max-video-preview":"max-video-preview:-1"},"canonical":"https:\/\/fuentesfidedignas.com.mx\/index.php\/2023\/06\/23\/implementa-congreso-de-sinaloa-programa-activacion-fisica-para-sus-trabajadores\/","og_locale":"es_MX","og_type":"article","og_title":"Implementa Congreso de Sinaloa programa de activaci\u00f3n f\u00edsica para sus trabajadores - Fuentes Fidedignas","og_description":"Culiac\u00e1n, Sin.- Congreso del Estado de Sinaloa se convirti\u00f3 en uno de los pocos poderes p\u00fablicos locales en M\u00e9xico en implementar un programa de activaci\u00f3n f\u00edsica laboral para su personal al celebrar la primera pausa activa en el Sal\u00f3n Constituyentes de 1917. Las y los participantes realizaron una divertida rutina de ejercicios moderados con movimientos [&hellip;]","og_url":"https:\/\/fuentesfidedignas.com.mx\/index.php\/2023\/06\/23\/implementa-congreso-de-sinaloa-programa-activacion-fisica-para-sus-trabajadores\/","og_site_name":"Fuentes Fidedignas","article_publisher":"https:\/\/www.facebook.com\/Fuentes-Fidedignas-368234489921644","article_published_time":"2023-06-23T21:32:02+00:00","article_modified_time":"2023-06-23T21:37:12+00:00","og_image":[{"width":1024,"height":682,"url":"https:\/\/fuentesfidedignas.com.mx\/wp-content\/uploads\/2023\/06\/IMG-20230623-WA0064.jpg","type":"image\/jpeg"}],"author":"Redacci\u00f3n","twitter_card":"summary_large_image","twitter_creator":"@fidedignas","twitter_site":"@fidedignas","twitter_misc":{"Escrito por":"Redacci\u00f3n","Tiempo de lectura":"3 minutos"},"schema":{"@context":"https:\/\/schema.org","@graph":[{"@type":"Article","@id":"https:\/\/fuentesfidedignas.com.mx\/index.php\/2023\/06\/23\/implementa-congreso-de-sinaloa-programa-activacion-fisica-para-sus-trabajadores\/#article","isPartOf":{"@id":"https:\/\/fuentesfidedignas.com.mx\/index.php\/2023\/06\/23\/implementa-congreso-de-sinaloa-programa-activacion-fisica-para-sus-trabajadores\/"},"author":{"name":"Redacci\u00f3n","@id":"https:\/\/fuentesfidedignas.com.mx\/#\/schema\/person\/331be9283d37198e2acd5750279085b0"},"headline":"Implementa Congreso de Sinaloa programa de activaci\u00f3n f\u00edsica para sus trabajadores","datePublished":"2023-06-23T21:32:02+00:00","dateModified":"2023-06-23T21:37:12+00:00","mainEntityOfPage":{"@id":"https:\/\/fuentesfidedignas.com.mx\/index.php\/2023\/06\/23\/implementa-congreso-de-sinaloa-programa-activacion-fisica-para-sus-trabajadores\/"},"wordCount":542,"commentCount":0,"publisher":{"@id":"https:\/\/fuentesfidedignas.com.mx\/#organization"},"image":{"@id":"https:\/\/fuentesfidedignas.com.mx\/index.php\/2023\/06\/23\/implementa-congreso-de-sinaloa-programa-activacion-fisica-para-sus-trabajadores\/#primaryimage"},"thumbnailUrl":"https:\/\/fuentesfidedignas.com.mx\/wp-content\/uploads\/2023\/06\/IMG-20230623-WA0064.jpg","articleSection":["NOTICIAS LOCALES"],"inLanguage":"es","potentialAction":[{"@type":"CommentAction","name":"Comment","target":["https:\/\/fuentesfidedignas.com.mx\/index.php\/2023\/06\/23\/implementa-congreso-de-sinaloa-programa-activacion-fisica-para-sus-trabajadores\/#respond"]}]},{"@type":"WebPage","@id":"https:\/\/fuentesfidedignas.com.mx\/index.php\/2023\/06\/23\/implementa-congreso-de-sinaloa-programa-activacion-fisica-para-sus-trabajadores\/","url":"https:\/\/fuentesfidedignas.com.mx\/index.php\/2023\/06\/23\/implementa-congreso-de-sinaloa-programa-activacion-fisica-para-sus-trabajadores\/","name":"Implementa Congreso de Sinaloa programa de activaci\u00f3n f\u00edsica para sus trabajadores - Fuentes Fidedignas","isPartOf":{"@id":"https:\/\/fuentesfidedignas.com.mx\/#website"},"primaryImageOfPage":{"@id":"https:\/\/fuentesfidedignas.com.mx\/index.php\/2023\/06\/23\/implementa-congreso-de-sinaloa-programa-activacion-fisica-para-sus-trabajadores\/#primaryimage"},"image":{"@id":"https:\/\/fuentesfidedignas.com.mx\/index.php\/2023\/06\/23\/implementa-congreso-de-sinaloa-programa-activacion-fisica-para-sus-trabajadores\/#primaryimage"},"thumbnailUrl":"https:\/\/fuentesfidedignas.com.mx\/wp-content\/uploads\/2023\/06\/IMG-20230623-WA0064.jpg","datePublished":"2023-06-23T21:32:02+00:00","dateModified":"2023-06-23T21:37:12+00:00","breadcrumb":{"@id":"https:\/\/fuentesfidedignas.com.mx\/index.php\/2023\/06\/23\/implementa-congreso-de-sinaloa-programa-activacion-fisica-para-sus-trabajadores\/#breadcrumb"},"inLanguage":"es","potentialAction":[{"@type":"ReadAction","target":["https:\/\/fuentesfidedignas.com.mx\/index.php\/2023\/06\/23\/implementa-congreso-de-sinaloa-programa-activacion-fisica-para-sus-trabajadores\/"]}]},{"@type":"ImageObject","inLanguage":"es","@id":"https:\/\/fuentesfidedignas.com.mx\/index.php\/2023\/06\/23\/implementa-congreso-de-sinaloa-programa-activacion-fisica-para-sus-trabajadores\/#primaryimage","url":"https:\/\/fuentesfidedignas.com.mx\/wp-content\/uploads\/2023\/06\/IMG-20230623-WA0064.jpg","contentUrl":"https:\/\/fuentesfidedignas.com.mx\/wp-content\/uploads\/2023\/06\/IMG-20230623-WA0064.jpg","width":1024,"height":682},{"@type":"BreadcrumbList","@id":"https:\/\/fuentesfidedignas.com.mx\/index.php\/2023\/06\/23\/implementa-congreso-de-sinaloa-programa-activacion-fisica-para-sus-trabajadores\/#breadcrumb","itemListElement":[{"@type":"ListItem","position":1,"name":"Inicio","item":"https:\/\/fuentesfidedignas.com.mx\/"},{"@type":"ListItem","position":2,"name":"Implementa Congreso de Sinaloa programa de activaci\u00f3n f\u00edsica para sus trabajadores"}]},{"@type":"WebSite","@id":"https:\/\/fuentesfidedignas.com.mx\/#website","url":"https:\/\/fuentesfidedignas.com.mx\/","name":"Fuentes Fidedignas","description":"Otro sitio realizado con WordPress","publisher":{"@id":"https:\/\/fuentesfidedignas.com.mx\/#organization"},"potentialAction":[{"@type":"SearchAction","target":{"@type":"EntryPoint","urlTemplate":"https:\/\/fuentesfidedignas.com.mx\/?s={search_term_string}"},"query-input":{"@type":"PropertyValueSpecification","valueRequired":true,"valueName":"search_term_string"}}],"inLanguage":"es"},{"@type":"Organization","@id":"https:\/\/fuentesfidedignas.com.mx\/#organization","name":"Fuentes Fidedignas","url":"https:\/\/fuentesfidedignas.com.mx\/","logo":{"@type":"ImageObject","inLanguage":"es","@id":"https:\/\/fuentesfidedignas.com.mx\/#\/schema\/logo\/image\/","url":"https:\/\/fuentesfidedignas.com.mx\/wp-content\/uploads\/2021\/04\/logo-retina.png","contentUrl":"https:\/\/fuentesfidedignas.com.mx\/wp-content\/uploads\/2021\/04\/logo-retina.png","width":280,"height":51,"caption":"Fuentes Fidedignas"},"image":{"@id":"https:\/\/fuentesfidedignas.com.mx\/#\/schema\/logo\/image\/"},"sameAs":["https:\/\/www.facebook.com\/Fuentes-Fidedignas-368234489921644","https:\/\/x.com\/fidedignas"]},{"@type":"Person","@id":"https:\/\/fuentesfidedignas.com.mx\/#\/schema\/person\/331be9283d37198e2acd5750279085b0","name":"Redacci\u00f3n","image":{"@type":"ImageObject","inLanguage":"es","@id":"https:\/\/secure.gravatar.com\/avatar\/f6d8782c11d12b2d4ad3fbb6931aeab5309937a4d6cd2fc9cfaa28a6396a5aec?s=96&d=mm&r=g","url":"https:\/\/secure.gravatar.com\/avatar\/f6d8782c11d12b2d4ad3fbb6931aeab5309937a4d6cd2fc9cfaa28a6396a5aec?s=96&d=mm&r=g","contentUrl":"https:\/\/secure.gravatar.com\/avatar\/f6d8782c11d12b2d4ad3fbb6931aeab5309937a4d6cd2fc9cfaa28a6396a5aec?s=96&d=mm&r=g","caption":"Redacci\u00f3n"},"url":"https:\/\/fuentesfidedignas.com.mx\/index.php\/author\/redaccion\/"}]}},"_links":{"self":[{"href":"https:\/\/fuentesfidedignas.com.mx\/index.php\/wp-json\/wp\/v2\/posts\/50874","targetHints":{"allow":["GET"]}}],"collection":[{"href":"https:\/\/fuentesfidedignas.com.mx\/index.php\/wp-json\/wp\/v2\/posts"}],"about":[{"href":"https:\/\/fuentesfidedignas.com.mx\/index.php\/wp-json\/wp\/v2\/types\/post"}],"author":[{"embeddable":true,"href":"https:\/\/fuentesfidedignas.com.mx\/index.php\/wp-json\/wp\/v2\/users\/4"}],"replies":[{"embeddable":true,"href":"https:\/\/fuentesfidedignas.com.mx\/index.php\/wp-json\/wp\/v2\/comments?post=50874"}],"version-history":[{"count":1,"href":"https:\/\/fuentesfidedignas.com.mx\/index.php\/wp-json\/wp\/v2\/posts\/50874\/revisions"}],"predecessor-version":[{"id":50875,"href":"https:\/\/fuentesfidedignas.com.mx\/index.php\/wp-json\/wp\/v2\/posts\/50874\/revisions\/50875"}],"wp:featuredmedia":[{"embeddable":true,"href":"https:\/\/fuentesfidedignas.com.mx\/index.php\/wp-json\/wp\/v2\/media\/50876"}],"wp:attachment":[{"href":"https:\/\/fuentesfidedignas.com.mx\/index.php\/wp-json\/wp\/v2\/media?parent=50874"}],"wp:term":[{"taxonomy":"category","embeddable":true,"href":"https:\/\/fuentesfidedignas.com.mx\/index.php\/wp-json\/wp\/v2\/categories?post=50874"},{"taxonomy":"post_tag","embeddable":true,"href":"https:\/\/fuentesfidedignas.com.mx\/index.php\/wp-json\/wp\/v2\/tags?post=50874"}],"curies":[{"name":"wp","href":"https:\/\/api.w.org\/{rel}","templated":true}]}}