{"id":50807,"date":"2023-06-23T06:20:25","date_gmt":"2023-06-23T13:20:25","guid":{"rendered":"https:\/\/fuentesfidedignas.com.mx\/?p=50807"},"modified":"2023-06-23T06:20:47","modified_gmt":"2023-06-23T13:20:47","slug":"conflicto-entre-cartel-de-sinaloa-y-cjng-provoco-casi-5-mil-muertes-segun-estudio","status":"publish","type":"post","link":"https:\/\/fuentesfidedignas.com.mx\/index.php\/2023\/06\/23\/conflicto-entre-cartel-de-sinaloa-y-cjng-provoco-casi-5-mil-muertes-segun-estudio\/","title":{"rendered":"Conflicto entre C\u00e1rtel de Sinaloa y CJNG provoc\u00f3 casi 5 mil muertes, seg\u00fan estudio"},"content":{"rendered":"\n<p><strong><em>La extorsi\u00f3n, el narcomenudeo, la fabricaci\u00f3n y el tr\u00e1fico del fentanilo a los EEUU fueron las causantes de estos decesos, debido a que hay una mayor competencia entre estos grupos criminales<\/em><\/strong><\/p>\n\n\n\n<p>Ciudad de M\u00e9xico.- El Instituto para la Econom\u00eda y la Paz (IEP) asegur\u00f3 que el conflicto por el tr\u00e1fico de drogas a los Estados Unidos entre el C\u00e1rtel de Sinaloa y el C\u00e1rtel Jalisco Nueva Generaci\u00f3n (CJNG) caus\u00f3 casi cinco mil muertes en el 2021.<\/p>\n\n\n\n<p>De acuerdo con el estudio del \u00cdndice de Paz M\u00e9xico (IPM) del 2023, la extorsi\u00f3n, el narcomenudeo, la fabricaci\u00f3n y el tr\u00e1fico del fentanilo a la Uni\u00f3n Americana fueron las causantes de estas muertes, debido a que hay una mayor competencia en los \u00faltimos a\u00f1os entre los grupos de la delincuencia organizada.<\/p>\n\n\n\n<p>En especial, seg\u00fan el informe, en el caso de los dos c\u00e1rteles m\u00e1s poderosos del pa\u00eds, la organizaci\u00f3n de Nemesio Oseguera Cervantes, alias El Mencho, l\u00edder del CJNG, y el C\u00e1rtel de Sinaloa, quienes est\u00e1n en conflicto por las rutas cr\u00edticas de distribuci\u00f3n, as\u00ed como por el control de las organizaciones delictivas locales.<\/p>\n\n\n\n<p>El informe, que cita datos del Uppsala Conflict Data Program, se\u00f1ala que s\u00f3lo en 2021 se produjeron 4,890 muertes a causa de su conflicto.<\/p>\n\n\n\n<p>El estudio detall\u00f3 que la violencia en el pa\u00eds se debe a una d\u00e9cada de cambios en el panorama de la delincuencia organizada en el territorio nacional, esto al comparar los resultados del 2013 con los del 2021.<\/p>\n\n\n\n<p>En 2013, seg\u00fan los mismos datos de Uppsala Conflict Data Program, \u201chubo s\u00f3lo 160 incidentes registrados de enfrentamientos entre c\u00e1rteles que ocasionaron al menos una muerte. Sin embargo, para 2021, el n\u00famero de enfrentamientos de este tipo hab\u00eda aumentado a 3,722, lo que representa un aumento 23 veces superior\u201d.<\/p>\n\n\n\n<p>De acuerdo con el Instituto para la Econom\u00eda y la Paz, el aumento de estos conflictos se debe, en gran medida, a la fragmentaci\u00f3n de los c\u00e1rteles mexicanos tras el inicio de la guerra contra el narco y la implementaci\u00f3n de la estrategia en contra de los capos, misma que comenz\u00f3 en el sexenio, del expresidente panista Felipe Calder\u00f3n Hinojosa, de 2006 a 2012.<\/p>\n\n\n\n<p>\u201cSi bien las operaciones de narcotr\u00e1fico anteriormente estaban controladas por un pu\u00f1ado de organizaciones delictivas dominantes, en varios casos la estrategia de los capos contribuy\u00f3 a que dichas organizaciones se dividieran en grupos m\u00e1s peque\u00f1os, pero m\u00e1s violentos\u201d, detalla el informe.<\/p>\n\n\n\n<p>Agrega que \u201cpara 2021, la letalidad de las disputas hab\u00eda aumentado dr\u00e1sticamente. Ese a\u00f1o, los dos conflictos m\u00e1s letales estuvieron relacionados con el CJNG, donde la rivalidad entre el CJNG y el C\u00e1rtel de Sinaloa ocasion\u00f3 4,890 muertes registradas\u201d.<\/p>\n\n\n\n<p>Tambi\u00e9n se\u00f1al\u00f3 que la fuerte militarizaci\u00f3n de la organizaci\u00f3n del Mencho, \u201cconsiderado por el Departamento de Justicia de los Estados Unidos como una de las cinco organizaciones delictivas transnacionales m\u00e1s peligrosas del mundo\u201d contribuy\u00f3 a la violencia en el pa\u00eds, luego de que en la \u00faltima d\u00e9cada hiciera una \u201cviolenta campa\u00f1a de expansi\u00f3n y al satisfacer la gran demanda de fentanilo y metanfetamina en el mercado estadounidense\u201d.<\/p>\n\n\n\n<p>\u201cEl CJNG ahora tiene presencia en 28 de los 32 estados mexicanos, con operaciones que abarcan las regiones sur, oeste y noreste del pa\u00eds. La expansi\u00f3n del CJNG aument\u00f3 el conflicto de c\u00e1rteles en todo M\u00e9xico, y la organizaci\u00f3n est\u00e1 relacionada con el 81 % de todos los homicidios por enfrentamientos de c\u00e1rteles\u201d, menciona el estudio publicado en el mes de mayo.<\/p>\n\n\n\n<figure class=\"wp-block-image size-full\"><img decoding=\"async\" width=\"992\" height=\"558\" src=\"https:\/\/fuentesfidedignas.com.mx\/wp-content\/uploads\/2023\/06\/image-6.png\" alt=\"\" class=\"wp-image-50808\" srcset=\"https:\/\/fuentesfidedignas.com.mx\/wp-content\/uploads\/2023\/06\/image-6.png 992w, https:\/\/fuentesfidedignas.com.mx\/wp-content\/uploads\/2023\/06\/image-6-300x169.png 300w, https:\/\/fuentesfidedignas.com.mx\/wp-content\/uploads\/2023\/06\/image-6-768x432.png 768w, https:\/\/fuentesfidedignas.com.mx\/wp-content\/uploads\/2023\/06\/image-6-696x392.png 696w, https:\/\/fuentesfidedignas.com.mx\/wp-content\/uploads\/2023\/06\/image-6-747x420.png 747w\" sizes=\"(max-width: 992px) 100vw, 992px\" \/><\/figure>\n\n\n\n<p>Adem\u00e1s del C\u00e1rtel de Sinaloa y CJNG, los otros tres c\u00e1rteles del narcotr\u00e1fico que son se\u00f1alados por ser los principales generadores de violencia en el pa\u00eds del 2004 al 2021, seg\u00fan el informe, son el C\u00e1rtel de Ju\u00e1rez, C\u00e1rtel de Santa Rosa de Lima (CSRL) y Los Zetas.<\/p>\n\n\n\n<p>\u201cCada uno de los cinco c\u00e1rteles est\u00e1 relacionado con un total de m\u00e1s de 10,000 muertes por conflictos con otros grupos desde 2004. Sin embargo, m\u00e1s del 72% de todas las muertes registradas en conflictos con c\u00e1rteles han ocurrido desde 2017. El ascenso que inici\u00f3 en 2017 estuvo impulsado principalmente por la expansi\u00f3n geogr\u00e1fica del CJNG y el vac\u00edo de poder creado por la detenci\u00f3n y extradici\u00f3n de Joaqu\u00edn El Chapo Guzm\u00e1n, l\u00edder del C\u00e1rtel de Sinaloa\u201d, apunta el estudio.<\/p>\n","protected":false},"excerpt":{"rendered":"<p>La extorsi\u00f3n, el narcomenudeo, la fabricaci\u00f3n y el tr\u00e1fico del fentanilo a los EEUU fueron las causantes de estos decesos, debido a que hay una mayor competencia entre estos grupos criminales Ciudad de M\u00e9xico.- El Instituto para la Econom\u00eda y la Paz (IEP) asegur\u00f3 que el conflicto por el tr\u00e1fico de drogas a los Estados [&hellip;]<\/p>\n","protected":false},"author":41,"featured_media":50809,"comment_status":"open","ping_status":"open","sticky":false,"template":"","format":"standard","meta":{"tdm_status":"","tdm_grid_status":"","footnotes":""},"categories":[39],"tags":[],"class_list":{"0":"post-50807","1":"post","2":"type-post","3":"status-publish","4":"format-standard","5":"has-post-thumbnail","7":"category-noticias-nacionales"},"yoast_head":"<!-- This site is optimized with the Yoast SEO plugin v27.4 - https:\/\/yoast.com\/product\/yoast-seo-wordpress\/ -->\n<title>Conflicto entre C\u00e1rtel de Sinaloa y CJNG provoc\u00f3 casi 5 mil muertes, seg\u00fan estudio - Fuentes Fidedignas<\/title>\n<meta name=\"robots\" content=\"index, follow, max-snippet:-1, max-image-preview:large, max-video-preview:-1\" \/>\n<link rel=\"canonical\" href=\"https:\/\/fuentesfidedignas.com.mx\/index.php\/2023\/06\/23\/conflicto-entre-cartel-de-sinaloa-y-cjng-provoco-casi-5-mil-muertes-segun-estudio\/\" \/>\n<meta property=\"og:locale\" content=\"es_MX\" \/>\n<meta property=\"og:type\" content=\"article\" \/>\n<meta property=\"og:title\" content=\"Conflicto entre C\u00e1rtel de Sinaloa y CJNG provoc\u00f3 casi 5 mil muertes, seg\u00fan estudio - Fuentes Fidedignas\" \/>\n<meta property=\"og:description\" content=\"La extorsi\u00f3n, el narcomenudeo, la fabricaci\u00f3n y el tr\u00e1fico del fentanilo a los EEUU fueron las causantes de estos decesos, debido a que hay una mayor competencia entre estos grupos criminales Ciudad de M\u00e9xico.- El Instituto para la Econom\u00eda y la Paz (IEP) asegur\u00f3 que el conflicto por el tr\u00e1fico de drogas a los Estados [&hellip;]\" \/>\n<meta property=\"og:url\" content=\"https:\/\/fuentesfidedignas.com.mx\/index.php\/2023\/06\/23\/conflicto-entre-cartel-de-sinaloa-y-cjng-provoco-casi-5-mil-muertes-segun-estudio\/\" \/>\n<meta property=\"og:site_name\" content=\"Fuentes Fidedignas\" \/>\n<meta property=\"article:publisher\" content=\"https:\/\/www.facebook.com\/Fuentes-Fidedignas-368234489921644\" \/>\n<meta property=\"article:published_time\" content=\"2023-06-23T13:20:25+00:00\" \/>\n<meta property=\"article:modified_time\" content=\"2023-06-23T13:20:47+00:00\" \/>\n<meta property=\"og:image\" content=\"https:\/\/fuentesfidedignas.com.mx\/wp-content\/uploads\/2023\/06\/GUERRA_CARTELES.jpg\" \/>\n\t<meta property=\"og:image:width\" content=\"1051\" \/>\n\t<meta property=\"og:image:height\" content=\"595\" \/>\n\t<meta property=\"og:image:type\" content=\"image\/jpeg\" \/>\n<meta name=\"author\" content=\"Infobae\" \/>\n<meta name=\"twitter:card\" content=\"summary_large_image\" \/>\n<meta name=\"twitter:creator\" content=\"@fidedignas\" \/>\n<meta name=\"twitter:site\" content=\"@fidedignas\" \/>\n<meta name=\"twitter:label1\" content=\"Escrito por\" \/>\n\t<meta name=\"twitter:data1\" content=\"Infobae\" \/>\n\t<meta name=\"twitter:label2\" content=\"Tiempo de lectura\" \/>\n\t<meta name=\"twitter:data2\" content=\"4 minutos\" \/>\n<script type=\"application\/ld+json\" class=\"yoast-schema-graph\">{\"@context\":\"https:\\\/\\\/schema.org\",\"@graph\":[{\"@type\":\"Article\",\"@id\":\"https:\\\/\\\/fuentesfidedignas.com.mx\\\/index.php\\\/2023\\\/06\\\/23\\\/conflicto-entre-cartel-de-sinaloa-y-cjng-provoco-casi-5-mil-muertes-segun-estudio\\\/#article\",\"isPartOf\":{\"@id\":\"https:\\\/\\\/fuentesfidedignas.com.mx\\\/index.php\\\/2023\\\/06\\\/23\\\/conflicto-entre-cartel-de-sinaloa-y-cjng-provoco-casi-5-mil-muertes-segun-estudio\\\/\"},\"author\":{\"name\":\"Infobae\",\"@id\":\"https:\\\/\\\/fuentesfidedignas.com.mx\\\/#\\\/schema\\\/person\\\/8575896a7c1067d352f6c1cd6582c389\"},\"headline\":\"Conflicto entre C\u00e1rtel de Sinaloa y CJNG provoc\u00f3 casi 5 mil muertes, seg\u00fan estudio\",\"datePublished\":\"2023-06-23T13:20:25+00:00\",\"dateModified\":\"2023-06-23T13:20:47+00:00\",\"mainEntityOfPage\":{\"@id\":\"https:\\\/\\\/fuentesfidedignas.com.mx\\\/index.php\\\/2023\\\/06\\\/23\\\/conflicto-entre-cartel-de-sinaloa-y-cjng-provoco-casi-5-mil-muertes-segun-estudio\\\/\"},\"wordCount\":770,\"commentCount\":0,\"publisher\":{\"@id\":\"https:\\\/\\\/fuentesfidedignas.com.mx\\\/#organization\"},\"image\":{\"@id\":\"https:\\\/\\\/fuentesfidedignas.com.mx\\\/index.php\\\/2023\\\/06\\\/23\\\/conflicto-entre-cartel-de-sinaloa-y-cjng-provoco-casi-5-mil-muertes-segun-estudio\\\/#primaryimage\"},\"thumbnailUrl\":\"https:\\\/\\\/fuentesfidedignas.com.mx\\\/wp-content\\\/uploads\\\/2023\\\/06\\\/GUERRA_CARTELES.jpg\",\"articleSection\":[\"NOTICIAS NACIONALES\"],\"inLanguage\":\"es\",\"potentialAction\":[{\"@type\":\"CommentAction\",\"name\":\"Comment\",\"target\":[\"https:\\\/\\\/fuentesfidedignas.com.mx\\\/index.php\\\/2023\\\/06\\\/23\\\/conflicto-entre-cartel-de-sinaloa-y-cjng-provoco-casi-5-mil-muertes-segun-estudio\\\/#respond\"]}]},{\"@type\":\"WebPage\",\"@id\":\"https:\\\/\\\/fuentesfidedignas.com.mx\\\/index.php\\\/2023\\\/06\\\/23\\\/conflicto-entre-cartel-de-sinaloa-y-cjng-provoco-casi-5-mil-muertes-segun-estudio\\\/\",\"url\":\"https:\\\/\\\/fuentesfidedignas.com.mx\\\/index.php\\\/2023\\\/06\\\/23\\\/conflicto-entre-cartel-de-sinaloa-y-cjng-provoco-casi-5-mil-muertes-segun-estudio\\\/\",\"name\":\"Conflicto entre C\u00e1rtel de Sinaloa y CJNG provoc\u00f3 casi 5 mil muertes, seg\u00fan estudio - Fuentes Fidedignas\",\"isPartOf\":{\"@id\":\"https:\\\/\\\/fuentesfidedignas.com.mx\\\/#website\"},\"primaryImageOfPage\":{\"@id\":\"https:\\\/\\\/fuentesfidedignas.com.mx\\\/index.php\\\/2023\\\/06\\\/23\\\/conflicto-entre-cartel-de-sinaloa-y-cjng-provoco-casi-5-mil-muertes-segun-estudio\\\/#primaryimage\"},\"image\":{\"@id\":\"https:\\\/\\\/fuentesfidedignas.com.mx\\\/index.php\\\/2023\\\/06\\\/23\\\/conflicto-entre-cartel-de-sinaloa-y-cjng-provoco-casi-5-mil-muertes-segun-estudio\\\/#primaryimage\"},\"thumbnailUrl\":\"https:\\\/\\\/fuentesfidedignas.com.mx\\\/wp-content\\\/uploads\\\/2023\\\/06\\\/GUERRA_CARTELES.jpg\",\"datePublished\":\"2023-06-23T13:20:25+00:00\",\"dateModified\":\"2023-06-23T13:20:47+00:00\",\"breadcrumb\":{\"@id\":\"https:\\\/\\\/fuentesfidedignas.com.mx\\\/index.php\\\/2023\\\/06\\\/23\\\/conflicto-entre-cartel-de-sinaloa-y-cjng-provoco-casi-5-mil-muertes-segun-estudio\\\/#breadcrumb\"},\"inLanguage\":\"es\",\"potentialAction\":[{\"@type\":\"ReadAction\",\"target\":[\"https:\\\/\\\/fuentesfidedignas.com.mx\\\/index.php\\\/2023\\\/06\\\/23\\\/conflicto-entre-cartel-de-sinaloa-y-cjng-provoco-casi-5-mil-muertes-segun-estudio\\\/\"]}]},{\"@type\":\"ImageObject\",\"inLanguage\":\"es\",\"@id\":\"https:\\\/\\\/fuentesfidedignas.com.mx\\\/index.php\\\/2023\\\/06\\\/23\\\/conflicto-entre-cartel-de-sinaloa-y-cjng-provoco-casi-5-mil-muertes-segun-estudio\\\/#primaryimage\",\"url\":\"https:\\\/\\\/fuentesfidedignas.com.mx\\\/wp-content\\\/uploads\\\/2023\\\/06\\\/GUERRA_CARTELES.jpg\",\"contentUrl\":\"https:\\\/\\\/fuentesfidedignas.com.mx\\\/wp-content\\\/uploads\\\/2023\\\/06\\\/GUERRA_CARTELES.jpg\",\"width\":1051,\"height\":595},{\"@type\":\"BreadcrumbList\",\"@id\":\"https:\\\/\\\/fuentesfidedignas.com.mx\\\/index.php\\\/2023\\\/06\\\/23\\\/conflicto-entre-cartel-de-sinaloa-y-cjng-provoco-casi-5-mil-muertes-segun-estudio\\\/#breadcrumb\",\"itemListElement\":[{\"@type\":\"ListItem\",\"position\":1,\"name\":\"Inicio\",\"item\":\"https:\\\/\\\/fuentesfidedignas.com.mx\\\/\"},{\"@type\":\"ListItem\",\"position\":2,\"name\":\"Conflicto entre C\u00e1rtel de Sinaloa y CJNG provoc\u00f3 casi 5 mil muertes, seg\u00fan estudio\"}]},{\"@type\":\"WebSite\",\"@id\":\"https:\\\/\\\/fuentesfidedignas.com.mx\\\/#website\",\"url\":\"https:\\\/\\\/fuentesfidedignas.com.mx\\\/\",\"name\":\"Fuentes Fidedignas\",\"description\":\"Otro sitio realizado con WordPress\",\"publisher\":{\"@id\":\"https:\\\/\\\/fuentesfidedignas.com.mx\\\/#organization\"},\"potentialAction\":[{\"@type\":\"SearchAction\",\"target\":{\"@type\":\"EntryPoint\",\"urlTemplate\":\"https:\\\/\\\/fuentesfidedignas.com.mx\\\/?s={search_term_string}\"},\"query-input\":{\"@type\":\"PropertyValueSpecification\",\"valueRequired\":true,\"valueName\":\"search_term_string\"}}],\"inLanguage\":\"es\"},{\"@type\":\"Organization\",\"@id\":\"https:\\\/\\\/fuentesfidedignas.com.mx\\\/#organization\",\"name\":\"Fuentes Fidedignas\",\"url\":\"https:\\\/\\\/fuentesfidedignas.com.mx\\\/\",\"logo\":{\"@type\":\"ImageObject\",\"inLanguage\":\"es\",\"@id\":\"https:\\\/\\\/fuentesfidedignas.com.mx\\\/#\\\/schema\\\/logo\\\/image\\\/\",\"url\":\"https:\\\/\\\/fuentesfidedignas.com.mx\\\/wp-content\\\/uploads\\\/2021\\\/04\\\/logo-retina.png\",\"contentUrl\":\"https:\\\/\\\/fuentesfidedignas.com.mx\\\/wp-content\\\/uploads\\\/2021\\\/04\\\/logo-retina.png\",\"width\":280,\"height\":51,\"caption\":\"Fuentes Fidedignas\"},\"image\":{\"@id\":\"https:\\\/\\\/fuentesfidedignas.com.mx\\\/#\\\/schema\\\/logo\\\/image\\\/\"},\"sameAs\":[\"https:\\\/\\\/www.facebook.com\\\/Fuentes-Fidedignas-368234489921644\",\"https:\\\/\\\/x.com\\\/fidedignas\"]},{\"@type\":\"Person\",\"@id\":\"https:\\\/\\\/fuentesfidedignas.com.mx\\\/#\\\/schema\\\/person\\\/8575896a7c1067d352f6c1cd6582c389\",\"name\":\"Infobae\",\"image\":{\"@type\":\"ImageObject\",\"inLanguage\":\"es\",\"@id\":\"https:\\\/\\\/secure.gravatar.com\\\/avatar\\\/e4ec95706f8d1670343f6526fdcec45474bab17475a851434a64ca12b5acba1c?s=96&d=mm&r=g\",\"url\":\"https:\\\/\\\/secure.gravatar.com\\\/avatar\\\/e4ec95706f8d1670343f6526fdcec45474bab17475a851434a64ca12b5acba1c?s=96&d=mm&r=g\",\"contentUrl\":\"https:\\\/\\\/secure.gravatar.com\\\/avatar\\\/e4ec95706f8d1670343f6526fdcec45474bab17475a851434a64ca12b5acba1c?s=96&d=mm&r=g\",\"caption\":\"Infobae\"},\"url\":\"https:\\\/\\\/fuentesfidedignas.com.mx\\\/index.php\\\/author\\\/infobae\\\/\"}]}<\/script>\n<!-- \/ Yoast SEO plugin. -->","yoast_head_json":{"title":"Conflicto entre C\u00e1rtel de Sinaloa y CJNG provoc\u00f3 casi 5 mil muertes, seg\u00fan estudio - Fuentes Fidedignas","robots":{"index":"index","follow":"follow","max-snippet":"max-snippet:-1","max-image-preview":"max-image-preview:large","max-video-preview":"max-video-preview:-1"},"canonical":"https:\/\/fuentesfidedignas.com.mx\/index.php\/2023\/06\/23\/conflicto-entre-cartel-de-sinaloa-y-cjng-provoco-casi-5-mil-muertes-segun-estudio\/","og_locale":"es_MX","og_type":"article","og_title":"Conflicto entre C\u00e1rtel de Sinaloa y CJNG provoc\u00f3 casi 5 mil muertes, seg\u00fan estudio - Fuentes Fidedignas","og_description":"La extorsi\u00f3n, el narcomenudeo, la fabricaci\u00f3n y el tr\u00e1fico del fentanilo a los EEUU fueron las causantes de estos decesos, debido a que hay una mayor competencia entre estos grupos criminales Ciudad de M\u00e9xico.- El Instituto para la Econom\u00eda y la Paz (IEP) asegur\u00f3 que el conflicto por el tr\u00e1fico de drogas a los Estados [&hellip;]","og_url":"https:\/\/fuentesfidedignas.com.mx\/index.php\/2023\/06\/23\/conflicto-entre-cartel-de-sinaloa-y-cjng-provoco-casi-5-mil-muertes-segun-estudio\/","og_site_name":"Fuentes Fidedignas","article_publisher":"https:\/\/www.facebook.com\/Fuentes-Fidedignas-368234489921644","article_published_time":"2023-06-23T13:20:25+00:00","article_modified_time":"2023-06-23T13:20:47+00:00","og_image":[{"width":1051,"height":595,"url":"https:\/\/fuentesfidedignas.com.mx\/wp-content\/uploads\/2023\/06\/GUERRA_CARTELES.jpg","type":"image\/jpeg"}],"author":"Infobae","twitter_card":"summary_large_image","twitter_creator":"@fidedignas","twitter_site":"@fidedignas","twitter_misc":{"Escrito por":"Infobae","Tiempo de lectura":"4 minutos"},"schema":{"@context":"https:\/\/schema.org","@graph":[{"@type":"Article","@id":"https:\/\/fuentesfidedignas.com.mx\/index.php\/2023\/06\/23\/conflicto-entre-cartel-de-sinaloa-y-cjng-provoco-casi-5-mil-muertes-segun-estudio\/#article","isPartOf":{"@id":"https:\/\/fuentesfidedignas.com.mx\/index.php\/2023\/06\/23\/conflicto-entre-cartel-de-sinaloa-y-cjng-provoco-casi-5-mil-muertes-segun-estudio\/"},"author":{"name":"Infobae","@id":"https:\/\/fuentesfidedignas.com.mx\/#\/schema\/person\/8575896a7c1067d352f6c1cd6582c389"},"headline":"Conflicto entre C\u00e1rtel de Sinaloa y CJNG provoc\u00f3 casi 5 mil muertes, seg\u00fan estudio","datePublished":"2023-06-23T13:20:25+00:00","dateModified":"2023-06-23T13:20:47+00:00","mainEntityOfPage":{"@id":"https:\/\/fuentesfidedignas.com.mx\/index.php\/2023\/06\/23\/conflicto-entre-cartel-de-sinaloa-y-cjng-provoco-casi-5-mil-muertes-segun-estudio\/"},"wordCount":770,"commentCount":0,"publisher":{"@id":"https:\/\/fuentesfidedignas.com.mx\/#organization"},"image":{"@id":"https:\/\/fuentesfidedignas.com.mx\/index.php\/2023\/06\/23\/conflicto-entre-cartel-de-sinaloa-y-cjng-provoco-casi-5-mil-muertes-segun-estudio\/#primaryimage"},"thumbnailUrl":"https:\/\/fuentesfidedignas.com.mx\/wp-content\/uploads\/2023\/06\/GUERRA_CARTELES.jpg","articleSection":["NOTICIAS NACIONALES"],"inLanguage":"es","potentialAction":[{"@type":"CommentAction","name":"Comment","target":["https:\/\/fuentesfidedignas.com.mx\/index.php\/2023\/06\/23\/conflicto-entre-cartel-de-sinaloa-y-cjng-provoco-casi-5-mil-muertes-segun-estudio\/#respond"]}]},{"@type":"WebPage","@id":"https:\/\/fuentesfidedignas.com.mx\/index.php\/2023\/06\/23\/conflicto-entre-cartel-de-sinaloa-y-cjng-provoco-casi-5-mil-muertes-segun-estudio\/","url":"https:\/\/fuentesfidedignas.com.mx\/index.php\/2023\/06\/23\/conflicto-entre-cartel-de-sinaloa-y-cjng-provoco-casi-5-mil-muertes-segun-estudio\/","name":"Conflicto entre C\u00e1rtel de Sinaloa y CJNG provoc\u00f3 casi 5 mil muertes, seg\u00fan estudio - Fuentes Fidedignas","isPartOf":{"@id":"https:\/\/fuentesfidedignas.com.mx\/#website"},"primaryImageOfPage":{"@id":"https:\/\/fuentesfidedignas.com.mx\/index.php\/2023\/06\/23\/conflicto-entre-cartel-de-sinaloa-y-cjng-provoco-casi-5-mil-muertes-segun-estudio\/#primaryimage"},"image":{"@id":"https:\/\/fuentesfidedignas.com.mx\/index.php\/2023\/06\/23\/conflicto-entre-cartel-de-sinaloa-y-cjng-provoco-casi-5-mil-muertes-segun-estudio\/#primaryimage"},"thumbnailUrl":"https:\/\/fuentesfidedignas.com.mx\/wp-content\/uploads\/2023\/06\/GUERRA_CARTELES.jpg","datePublished":"2023-06-23T13:20:25+00:00","dateModified":"2023-06-23T13:20:47+00:00","breadcrumb":{"@id":"https:\/\/fuentesfidedignas.com.mx\/index.php\/2023\/06\/23\/conflicto-entre-cartel-de-sinaloa-y-cjng-provoco-casi-5-mil-muertes-segun-estudio\/#breadcrumb"},"inLanguage":"es","potentialAction":[{"@type":"ReadAction","target":["https:\/\/fuentesfidedignas.com.mx\/index.php\/2023\/06\/23\/conflicto-entre-cartel-de-sinaloa-y-cjng-provoco-casi-5-mil-muertes-segun-estudio\/"]}]},{"@type":"ImageObject","inLanguage":"es","@id":"https:\/\/fuentesfidedignas.com.mx\/index.php\/2023\/06\/23\/conflicto-entre-cartel-de-sinaloa-y-cjng-provoco-casi-5-mil-muertes-segun-estudio\/#primaryimage","url":"https:\/\/fuentesfidedignas.com.mx\/wp-content\/uploads\/2023\/06\/GUERRA_CARTELES.jpg","contentUrl":"https:\/\/fuentesfidedignas.com.mx\/wp-content\/uploads\/2023\/06\/GUERRA_CARTELES.jpg","width":1051,"height":595},{"@type":"BreadcrumbList","@id":"https:\/\/fuentesfidedignas.com.mx\/index.php\/2023\/06\/23\/conflicto-entre-cartel-de-sinaloa-y-cjng-provoco-casi-5-mil-muertes-segun-estudio\/#breadcrumb","itemListElement":[{"@type":"ListItem","position":1,"name":"Inicio","item":"https:\/\/fuentesfidedignas.com.mx\/"},{"@type":"ListItem","position":2,"name":"Conflicto entre C\u00e1rtel de Sinaloa y CJNG provoc\u00f3 casi 5 mil muertes, seg\u00fan estudio"}]},{"@type":"WebSite","@id":"https:\/\/fuentesfidedignas.com.mx\/#website","url":"https:\/\/fuentesfidedignas.com.mx\/","name":"Fuentes Fidedignas","description":"Otro sitio realizado con WordPress","publisher":{"@id":"https:\/\/fuentesfidedignas.com.mx\/#organization"},"potentialAction":[{"@type":"SearchAction","target":{"@type":"EntryPoint","urlTemplate":"https:\/\/fuentesfidedignas.com.mx\/?s={search_term_string}"},"query-input":{"@type":"PropertyValueSpecification","valueRequired":true,"valueName":"search_term_string"}}],"inLanguage":"es"},{"@type":"Organization","@id":"https:\/\/fuentesfidedignas.com.mx\/#organization","name":"Fuentes Fidedignas","url":"https:\/\/fuentesfidedignas.com.mx\/","logo":{"@type":"ImageObject","inLanguage":"es","@id":"https:\/\/fuentesfidedignas.com.mx\/#\/schema\/logo\/image\/","url":"https:\/\/fuentesfidedignas.com.mx\/wp-content\/uploads\/2021\/04\/logo-retina.png","contentUrl":"https:\/\/fuentesfidedignas.com.mx\/wp-content\/uploads\/2021\/04\/logo-retina.png","width":280,"height":51,"caption":"Fuentes Fidedignas"},"image":{"@id":"https:\/\/fuentesfidedignas.com.mx\/#\/schema\/logo\/image\/"},"sameAs":["https:\/\/www.facebook.com\/Fuentes-Fidedignas-368234489921644","https:\/\/x.com\/fidedignas"]},{"@type":"Person","@id":"https:\/\/fuentesfidedignas.com.mx\/#\/schema\/person\/8575896a7c1067d352f6c1cd6582c389","name":"Infobae","image":{"@type":"ImageObject","inLanguage":"es","@id":"https:\/\/secure.gravatar.com\/avatar\/e4ec95706f8d1670343f6526fdcec45474bab17475a851434a64ca12b5acba1c?s=96&d=mm&r=g","url":"https:\/\/secure.gravatar.com\/avatar\/e4ec95706f8d1670343f6526fdcec45474bab17475a851434a64ca12b5acba1c?s=96&d=mm&r=g","contentUrl":"https:\/\/secure.gravatar.com\/avatar\/e4ec95706f8d1670343f6526fdcec45474bab17475a851434a64ca12b5acba1c?s=96&d=mm&r=g","caption":"Infobae"},"url":"https:\/\/fuentesfidedignas.com.mx\/index.php\/author\/infobae\/"}]}},"_links":{"self":[{"href":"https:\/\/fuentesfidedignas.com.mx\/index.php\/wp-json\/wp\/v2\/posts\/50807","targetHints":{"allow":["GET"]}}],"collection":[{"href":"https:\/\/fuentesfidedignas.com.mx\/index.php\/wp-json\/wp\/v2\/posts"}],"about":[{"href":"https:\/\/fuentesfidedignas.com.mx\/index.php\/wp-json\/wp\/v2\/types\/post"}],"author":[{"embeddable":true,"href":"https:\/\/fuentesfidedignas.com.mx\/index.php\/wp-json\/wp\/v2\/users\/41"}],"replies":[{"embeddable":true,"href":"https:\/\/fuentesfidedignas.com.mx\/index.php\/wp-json\/wp\/v2\/comments?post=50807"}],"version-history":[{"count":1,"href":"https:\/\/fuentesfidedignas.com.mx\/index.php\/wp-json\/wp\/v2\/posts\/50807\/revisions"}],"predecessor-version":[{"id":50810,"href":"https:\/\/fuentesfidedignas.com.mx\/index.php\/wp-json\/wp\/v2\/posts\/50807\/revisions\/50810"}],"wp:featuredmedia":[{"embeddable":true,"href":"https:\/\/fuentesfidedignas.com.mx\/index.php\/wp-json\/wp\/v2\/media\/50809"}],"wp:attachment":[{"href":"https:\/\/fuentesfidedignas.com.mx\/index.php\/wp-json\/wp\/v2\/media?parent=50807"}],"wp:term":[{"taxonomy":"category","embeddable":true,"href":"https:\/\/fuentesfidedignas.com.mx\/index.php\/wp-json\/wp\/v2\/categories?post=50807"},{"taxonomy":"post_tag","embeddable":true,"href":"https:\/\/fuentesfidedignas.com.mx\/index.php\/wp-json\/wp\/v2\/tags?post=50807"}],"curies":[{"name":"wp","href":"https:\/\/api.w.org\/{rel}","templated":true}]}}