{"id":50768,"date":"2023-06-22T14:31:43","date_gmt":"2023-06-22T21:31:43","guid":{"rendered":"https:\/\/fuentesfidedignas.com.mx\/?p=50768"},"modified":"2023-06-22T14:31:56","modified_gmt":"2023-06-22T21:31:56","slug":"no-se-van-a-quedar-sin-luz-amlo-ante-ola-de-calor-en-mexico","status":"publish","type":"post","link":"https:\/\/fuentesfidedignas.com.mx\/index.php\/2023\/06\/22\/no-se-van-a-quedar-sin-luz-amlo-ante-ola-de-calor-en-mexico\/","title":{"rendered":"\u201cNo se van a quedar sin luz\u201d: AMLO ante ola de calor en M\u00e9xico"},"content":{"rendered":"\n<p><strong><em>El presidente L\u00f3pez Obrador inform\u00f3 a la poblaci\u00f3n mexicana que no habr\u00e1 falta de energ\u00eda el\u00e9ctrica por las altas temperaturas<\/em><\/strong><\/p>\n\n\n\n<p>Ciudad de M\u00e9xico.- El presidente Andr\u00e9s Manuel L\u00f3pez Obrador asegur\u00f3 a la poblaci\u00f3n mexicana que no habr\u00e1 falta de energ\u00eda el\u00e9ctrica por las altas temperaturas.<\/p>\n\n\n\n<blockquote class=\"wp-block-quote is-layout-flow wp-block-quote-is-layout-flow\">\n<p>&#8220;Decirle a la gente que no se van a quedar sin luz, estamos pendientes a\u00fan con el calor y m\u00e1s consumo de energ\u00eda el\u00e9ctrica se tienen reservas\u201d, afirm\u00f3.<\/p>\n<\/blockquote>\n\n\n\n<p>El presidente expuso que son situaciones que las alertas se dan de rutina, pero no representa que se tenga una \u201cdificultad en nada\u201d.<\/p>\n\n\n\n<p>Aprovech\u00f3 para decir que la informaci\u00f3n que surge en torno a apagones recientes \u201cse debe al cambio porque si hubiesen continuado los mismos el precio de la luz estar\u00eda por las nubes. Por eso es importante mantener las empresas p\u00fablicas. Quer\u00edan acabar con la CFE y Pemex\u201d.<\/p>\n","protected":false},"excerpt":{"rendered":"<p>El presidente L\u00f3pez Obrador inform\u00f3 a la poblaci\u00f3n mexicana que no habr\u00e1 falta de energ\u00eda el\u00e9ctrica por las altas temperaturas Ciudad de M\u00e9xico.- El presidente Andr\u00e9s Manuel L\u00f3pez Obrador asegur\u00f3 a la poblaci\u00f3n mexicana que no habr\u00e1 falta de energ\u00eda el\u00e9ctrica por las altas temperaturas. &#8220;Decirle a la gente que no se van a quedar [&hellip;]<\/p>\n","protected":false},"author":50,"featured_media":50770,"comment_status":"open","ping_status":"open","sticky":false,"template":"","format":"standard","meta":{"tdm_status":"","tdm_grid_status":"","footnotes":""},"categories":[39],"tags":[],"class_list":{"0":"post-50768","1":"post","2":"type-post","3":"status-publish","4":"format-standard","5":"has-post-thumbnail","7":"category-noticias-nacionales"},"yoast_head":"<!-- This site is optimized with the Yoast SEO plugin v27.4 - https:\/\/yoast.com\/product\/yoast-seo-wordpress\/ -->\n<title>\u201cNo se van a quedar sin luz\u201d: AMLO ante ola de calor en M\u00e9xico - Fuentes Fidedignas<\/title>\n<meta name=\"robots\" content=\"index, follow, max-snippet:-1, max-image-preview:large, max-video-preview:-1\" \/>\n<link rel=\"canonical\" href=\"https:\/\/fuentesfidedignas.com.mx\/index.php\/2023\/06\/22\/no-se-van-a-quedar-sin-luz-amlo-ante-ola-de-calor-en-mexico\/\" \/>\n<meta property=\"og:locale\" content=\"es_MX\" \/>\n<meta property=\"og:type\" content=\"article\" \/>\n<meta property=\"og:title\" content=\"\u201cNo se van a quedar sin luz\u201d: AMLO ante ola de calor en M\u00e9xico - Fuentes Fidedignas\" \/>\n<meta property=\"og:description\" content=\"El presidente L\u00f3pez Obrador inform\u00f3 a la poblaci\u00f3n mexicana que no habr\u00e1 falta de energ\u00eda el\u00e9ctrica por las altas temperaturas Ciudad de M\u00e9xico.- El presidente Andr\u00e9s Manuel L\u00f3pez Obrador asegur\u00f3 a la poblaci\u00f3n mexicana que no habr\u00e1 falta de energ\u00eda el\u00e9ctrica por las altas temperaturas. &#8220;Decirle a la gente que no se van a quedar [&hellip;]\" \/>\n<meta property=\"og:url\" content=\"https:\/\/fuentesfidedignas.com.mx\/index.php\/2023\/06\/22\/no-se-van-a-quedar-sin-luz-amlo-ante-ola-de-calor-en-mexico\/\" \/>\n<meta property=\"og:site_name\" content=\"Fuentes Fidedignas\" \/>\n<meta property=\"article:publisher\" content=\"https:\/\/www.facebook.com\/Fuentes-Fidedignas-368234489921644\" \/>\n<meta property=\"article:published_time\" content=\"2023-06-22T21:31:43+00:00\" \/>\n<meta property=\"article:modified_time\" content=\"2023-06-22T21:31:56+00:00\" \/>\n<meta property=\"og:image\" content=\"https:\/\/fuentesfidedignas.com.mx\/wp-content\/uploads\/2023\/06\/abanico-e1687469479574.jpeg\" \/>\n\t<meta property=\"og:image:width\" content=\"600\" \/>\n\t<meta property=\"og:image:height\" content=\"338\" \/>\n\t<meta property=\"og:image:type\" content=\"image\/jpeg\" \/>\n<meta name=\"author\" content=\"Proceso\" \/>\n<meta name=\"twitter:card\" content=\"summary_large_image\" \/>\n<meta name=\"twitter:creator\" content=\"@fidedignas\" \/>\n<meta name=\"twitter:site\" content=\"@fidedignas\" \/>\n<meta name=\"twitter:label1\" content=\"Escrito por\" \/>\n\t<meta name=\"twitter:data1\" content=\"Proceso\" \/>\n\t<meta name=\"twitter:label2\" content=\"Tiempo de lectura\" \/>\n\t<meta name=\"twitter:data2\" content=\"1 minuto\" \/>\n<script type=\"application\/ld+json\" class=\"yoast-schema-graph\">{\"@context\":\"https:\\\/\\\/schema.org\",\"@graph\":[{\"@type\":\"Article\",\"@id\":\"https:\\\/\\\/fuentesfidedignas.com.mx\\\/index.php\\\/2023\\\/06\\\/22\\\/no-se-van-a-quedar-sin-luz-amlo-ante-ola-de-calor-en-mexico\\\/#article\",\"isPartOf\":{\"@id\":\"https:\\\/\\\/fuentesfidedignas.com.mx\\\/index.php\\\/2023\\\/06\\\/22\\\/no-se-van-a-quedar-sin-luz-amlo-ante-ola-de-calor-en-mexico\\\/\"},\"author\":{\"name\":\"Proceso\",\"@id\":\"https:\\\/\\\/fuentesfidedignas.com.mx\\\/#\\\/schema\\\/person\\\/eb72247ff123b3ce5e4cadc7f50ae372\"},\"headline\":\"\u201cNo se van a quedar sin luz\u201d: AMLO ante ola de calor en M\u00e9xico\",\"datePublished\":\"2023-06-22T21:31:43+00:00\",\"dateModified\":\"2023-06-22T21:31:56+00:00\",\"mainEntityOfPage\":{\"@id\":\"https:\\\/\\\/fuentesfidedignas.com.mx\\\/index.php\\\/2023\\\/06\\\/22\\\/no-se-van-a-quedar-sin-luz-amlo-ante-ola-de-calor-en-mexico\\\/\"},\"wordCount\":177,\"commentCount\":0,\"publisher\":{\"@id\":\"https:\\\/\\\/fuentesfidedignas.com.mx\\\/#organization\"},\"image\":{\"@id\":\"https:\\\/\\\/fuentesfidedignas.com.mx\\\/index.php\\\/2023\\\/06\\\/22\\\/no-se-van-a-quedar-sin-luz-amlo-ante-ola-de-calor-en-mexico\\\/#primaryimage\"},\"thumbnailUrl\":\"https:\\\/\\\/fuentesfidedignas.com.mx\\\/wp-content\\\/uploads\\\/2023\\\/06\\\/abanico-e1687469479574.jpeg\",\"articleSection\":[\"NOTICIAS NACIONALES\"],\"inLanguage\":\"es\",\"potentialAction\":[{\"@type\":\"CommentAction\",\"name\":\"Comment\",\"target\":[\"https:\\\/\\\/fuentesfidedignas.com.mx\\\/index.php\\\/2023\\\/06\\\/22\\\/no-se-van-a-quedar-sin-luz-amlo-ante-ola-de-calor-en-mexico\\\/#respond\"]}]},{\"@type\":\"WebPage\",\"@id\":\"https:\\\/\\\/fuentesfidedignas.com.mx\\\/index.php\\\/2023\\\/06\\\/22\\\/no-se-van-a-quedar-sin-luz-amlo-ante-ola-de-calor-en-mexico\\\/\",\"url\":\"https:\\\/\\\/fuentesfidedignas.com.mx\\\/index.php\\\/2023\\\/06\\\/22\\\/no-se-van-a-quedar-sin-luz-amlo-ante-ola-de-calor-en-mexico\\\/\",\"name\":\"\u201cNo se van a quedar sin luz\u201d: AMLO ante ola de calor en M\u00e9xico - Fuentes Fidedignas\",\"isPartOf\":{\"@id\":\"https:\\\/\\\/fuentesfidedignas.com.mx\\\/#website\"},\"primaryImageOfPage\":{\"@id\":\"https:\\\/\\\/fuentesfidedignas.com.mx\\\/index.php\\\/2023\\\/06\\\/22\\\/no-se-van-a-quedar-sin-luz-amlo-ante-ola-de-calor-en-mexico\\\/#primaryimage\"},\"image\":{\"@id\":\"https:\\\/\\\/fuentesfidedignas.com.mx\\\/index.php\\\/2023\\\/06\\\/22\\\/no-se-van-a-quedar-sin-luz-amlo-ante-ola-de-calor-en-mexico\\\/#primaryimage\"},\"thumbnailUrl\":\"https:\\\/\\\/fuentesfidedignas.com.mx\\\/wp-content\\\/uploads\\\/2023\\\/06\\\/abanico-e1687469479574.jpeg\",\"datePublished\":\"2023-06-22T21:31:43+00:00\",\"dateModified\":\"2023-06-22T21:31:56+00:00\",\"breadcrumb\":{\"@id\":\"https:\\\/\\\/fuentesfidedignas.com.mx\\\/index.php\\\/2023\\\/06\\\/22\\\/no-se-van-a-quedar-sin-luz-amlo-ante-ola-de-calor-en-mexico\\\/#breadcrumb\"},\"inLanguage\":\"es\",\"potentialAction\":[{\"@type\":\"ReadAction\",\"target\":[\"https:\\\/\\\/fuentesfidedignas.com.mx\\\/index.php\\\/2023\\\/06\\\/22\\\/no-se-van-a-quedar-sin-luz-amlo-ante-ola-de-calor-en-mexico\\\/\"]}]},{\"@type\":\"ImageObject\",\"inLanguage\":\"es\",\"@id\":\"https:\\\/\\\/fuentesfidedignas.com.mx\\\/index.php\\\/2023\\\/06\\\/22\\\/no-se-van-a-quedar-sin-luz-amlo-ante-ola-de-calor-en-mexico\\\/#primaryimage\",\"url\":\"https:\\\/\\\/fuentesfidedignas.com.mx\\\/wp-content\\\/uploads\\\/2023\\\/06\\\/abanico-e1687469479574.jpeg\",\"contentUrl\":\"https:\\\/\\\/fuentesfidedignas.com.mx\\\/wp-content\\\/uploads\\\/2023\\\/06\\\/abanico-e1687469479574.jpeg\",\"width\":600,\"height\":338},{\"@type\":\"BreadcrumbList\",\"@id\":\"https:\\\/\\\/fuentesfidedignas.com.mx\\\/index.php\\\/2023\\\/06\\\/22\\\/no-se-van-a-quedar-sin-luz-amlo-ante-ola-de-calor-en-mexico\\\/#breadcrumb\",\"itemListElement\":[{\"@type\":\"ListItem\",\"position\":1,\"name\":\"Inicio\",\"item\":\"https:\\\/\\\/fuentesfidedignas.com.mx\\\/\"},{\"@type\":\"ListItem\",\"position\":2,\"name\":\"\u201cNo se van a quedar sin luz\u201d: AMLO ante ola de calor en M\u00e9xico\"}]},{\"@type\":\"WebSite\",\"@id\":\"https:\\\/\\\/fuentesfidedignas.com.mx\\\/#website\",\"url\":\"https:\\\/\\\/fuentesfidedignas.com.mx\\\/\",\"name\":\"Fuentes Fidedignas\",\"description\":\"Otro sitio realizado con WordPress\",\"publisher\":{\"@id\":\"https:\\\/\\\/fuentesfidedignas.com.mx\\\/#organization\"},\"potentialAction\":[{\"@type\":\"SearchAction\",\"target\":{\"@type\":\"EntryPoint\",\"urlTemplate\":\"https:\\\/\\\/fuentesfidedignas.com.mx\\\/?s={search_term_string}\"},\"query-input\":{\"@type\":\"PropertyValueSpecification\",\"valueRequired\":true,\"valueName\":\"search_term_string\"}}],\"inLanguage\":\"es\"},{\"@type\":\"Organization\",\"@id\":\"https:\\\/\\\/fuentesfidedignas.com.mx\\\/#organization\",\"name\":\"Fuentes Fidedignas\",\"url\":\"https:\\\/\\\/fuentesfidedignas.com.mx\\\/\",\"logo\":{\"@type\":\"ImageObject\",\"inLanguage\":\"es\",\"@id\":\"https:\\\/\\\/fuentesfidedignas.com.mx\\\/#\\\/schema\\\/logo\\\/image\\\/\",\"url\":\"https:\\\/\\\/fuentesfidedignas.com.mx\\\/wp-content\\\/uploads\\\/2021\\\/04\\\/logo-retina.png\",\"contentUrl\":\"https:\\\/\\\/fuentesfidedignas.com.mx\\\/wp-content\\\/uploads\\\/2021\\\/04\\\/logo-retina.png\",\"width\":280,\"height\":51,\"caption\":\"Fuentes Fidedignas\"},\"image\":{\"@id\":\"https:\\\/\\\/fuentesfidedignas.com.mx\\\/#\\\/schema\\\/logo\\\/image\\\/\"},\"sameAs\":[\"https:\\\/\\\/www.facebook.com\\\/Fuentes-Fidedignas-368234489921644\",\"https:\\\/\\\/x.com\\\/fidedignas\"]},{\"@type\":\"Person\",\"@id\":\"https:\\\/\\\/fuentesfidedignas.com.mx\\\/#\\\/schema\\\/person\\\/eb72247ff123b3ce5e4cadc7f50ae372\",\"name\":\"Proceso\",\"image\":{\"@type\":\"ImageObject\",\"inLanguage\":\"es\",\"@id\":\"https:\\\/\\\/secure.gravatar.com\\\/avatar\\\/0bb01ecb091d50a46122cbe5cc32ffea15a000f83628f1e40458e669d38ff2cd?s=96&d=mm&r=g\",\"url\":\"https:\\\/\\\/secure.gravatar.com\\\/avatar\\\/0bb01ecb091d50a46122cbe5cc32ffea15a000f83628f1e40458e669d38ff2cd?s=96&d=mm&r=g\",\"contentUrl\":\"https:\\\/\\\/secure.gravatar.com\\\/avatar\\\/0bb01ecb091d50a46122cbe5cc32ffea15a000f83628f1e40458e669d38ff2cd?s=96&d=mm&r=g\",\"caption\":\"Proceso\"},\"url\":\"https:\\\/\\\/fuentesfidedignas.com.mx\\\/index.php\\\/author\\\/proceso\\\/\"}]}<\/script>\n<!-- \/ Yoast SEO plugin. -->","yoast_head_json":{"title":"\u201cNo se van a quedar sin luz\u201d: AMLO ante ola de calor en M\u00e9xico - Fuentes Fidedignas","robots":{"index":"index","follow":"follow","max-snippet":"max-snippet:-1","max-image-preview":"max-image-preview:large","max-video-preview":"max-video-preview:-1"},"canonical":"https:\/\/fuentesfidedignas.com.mx\/index.php\/2023\/06\/22\/no-se-van-a-quedar-sin-luz-amlo-ante-ola-de-calor-en-mexico\/","og_locale":"es_MX","og_type":"article","og_title":"\u201cNo se van a quedar sin luz\u201d: AMLO ante ola de calor en M\u00e9xico - Fuentes Fidedignas","og_description":"El presidente L\u00f3pez Obrador inform\u00f3 a la poblaci\u00f3n mexicana que no habr\u00e1 falta de energ\u00eda el\u00e9ctrica por las altas temperaturas Ciudad de M\u00e9xico.- El presidente Andr\u00e9s Manuel L\u00f3pez Obrador asegur\u00f3 a la poblaci\u00f3n mexicana que no habr\u00e1 falta de energ\u00eda el\u00e9ctrica por las altas temperaturas. &#8220;Decirle a la gente que no se van a quedar [&hellip;]","og_url":"https:\/\/fuentesfidedignas.com.mx\/index.php\/2023\/06\/22\/no-se-van-a-quedar-sin-luz-amlo-ante-ola-de-calor-en-mexico\/","og_site_name":"Fuentes Fidedignas","article_publisher":"https:\/\/www.facebook.com\/Fuentes-Fidedignas-368234489921644","article_published_time":"2023-06-22T21:31:43+00:00","article_modified_time":"2023-06-22T21:31:56+00:00","og_image":[{"width":600,"height":338,"url":"https:\/\/fuentesfidedignas.com.mx\/wp-content\/uploads\/2023\/06\/abanico-e1687469479574.jpeg","type":"image\/jpeg"}],"author":"Proceso","twitter_card":"summary_large_image","twitter_creator":"@fidedignas","twitter_site":"@fidedignas","twitter_misc":{"Escrito por":"Proceso","Tiempo de lectura":"1 minuto"},"schema":{"@context":"https:\/\/schema.org","@graph":[{"@type":"Article","@id":"https:\/\/fuentesfidedignas.com.mx\/index.php\/2023\/06\/22\/no-se-van-a-quedar-sin-luz-amlo-ante-ola-de-calor-en-mexico\/#article","isPartOf":{"@id":"https:\/\/fuentesfidedignas.com.mx\/index.php\/2023\/06\/22\/no-se-van-a-quedar-sin-luz-amlo-ante-ola-de-calor-en-mexico\/"},"author":{"name":"Proceso","@id":"https:\/\/fuentesfidedignas.com.mx\/#\/schema\/person\/eb72247ff123b3ce5e4cadc7f50ae372"},"headline":"\u201cNo se van a quedar sin luz\u201d: AMLO ante ola de calor en M\u00e9xico","datePublished":"2023-06-22T21:31:43+00:00","dateModified":"2023-06-22T21:31:56+00:00","mainEntityOfPage":{"@id":"https:\/\/fuentesfidedignas.com.mx\/index.php\/2023\/06\/22\/no-se-van-a-quedar-sin-luz-amlo-ante-ola-de-calor-en-mexico\/"},"wordCount":177,"commentCount":0,"publisher":{"@id":"https:\/\/fuentesfidedignas.com.mx\/#organization"},"image":{"@id":"https:\/\/fuentesfidedignas.com.mx\/index.php\/2023\/06\/22\/no-se-van-a-quedar-sin-luz-amlo-ante-ola-de-calor-en-mexico\/#primaryimage"},"thumbnailUrl":"https:\/\/fuentesfidedignas.com.mx\/wp-content\/uploads\/2023\/06\/abanico-e1687469479574.jpeg","articleSection":["NOTICIAS NACIONALES"],"inLanguage":"es","potentialAction":[{"@type":"CommentAction","name":"Comment","target":["https:\/\/fuentesfidedignas.com.mx\/index.php\/2023\/06\/22\/no-se-van-a-quedar-sin-luz-amlo-ante-ola-de-calor-en-mexico\/#respond"]}]},{"@type":"WebPage","@id":"https:\/\/fuentesfidedignas.com.mx\/index.php\/2023\/06\/22\/no-se-van-a-quedar-sin-luz-amlo-ante-ola-de-calor-en-mexico\/","url":"https:\/\/fuentesfidedignas.com.mx\/index.php\/2023\/06\/22\/no-se-van-a-quedar-sin-luz-amlo-ante-ola-de-calor-en-mexico\/","name":"\u201cNo se van a quedar sin luz\u201d: AMLO ante ola de calor en M\u00e9xico - Fuentes Fidedignas","isPartOf":{"@id":"https:\/\/fuentesfidedignas.com.mx\/#website"},"primaryImageOfPage":{"@id":"https:\/\/fuentesfidedignas.com.mx\/index.php\/2023\/06\/22\/no-se-van-a-quedar-sin-luz-amlo-ante-ola-de-calor-en-mexico\/#primaryimage"},"image":{"@id":"https:\/\/fuentesfidedignas.com.mx\/index.php\/2023\/06\/22\/no-se-van-a-quedar-sin-luz-amlo-ante-ola-de-calor-en-mexico\/#primaryimage"},"thumbnailUrl":"https:\/\/fuentesfidedignas.com.mx\/wp-content\/uploads\/2023\/06\/abanico-e1687469479574.jpeg","datePublished":"2023-06-22T21:31:43+00:00","dateModified":"2023-06-22T21:31:56+00:00","breadcrumb":{"@id":"https:\/\/fuentesfidedignas.com.mx\/index.php\/2023\/06\/22\/no-se-van-a-quedar-sin-luz-amlo-ante-ola-de-calor-en-mexico\/#breadcrumb"},"inLanguage":"es","potentialAction":[{"@type":"ReadAction","target":["https:\/\/fuentesfidedignas.com.mx\/index.php\/2023\/06\/22\/no-se-van-a-quedar-sin-luz-amlo-ante-ola-de-calor-en-mexico\/"]}]},{"@type":"ImageObject","inLanguage":"es","@id":"https:\/\/fuentesfidedignas.com.mx\/index.php\/2023\/06\/22\/no-se-van-a-quedar-sin-luz-amlo-ante-ola-de-calor-en-mexico\/#primaryimage","url":"https:\/\/fuentesfidedignas.com.mx\/wp-content\/uploads\/2023\/06\/abanico-e1687469479574.jpeg","contentUrl":"https:\/\/fuentesfidedignas.com.mx\/wp-content\/uploads\/2023\/06\/abanico-e1687469479574.jpeg","width":600,"height":338},{"@type":"BreadcrumbList","@id":"https:\/\/fuentesfidedignas.com.mx\/index.php\/2023\/06\/22\/no-se-van-a-quedar-sin-luz-amlo-ante-ola-de-calor-en-mexico\/#breadcrumb","itemListElement":[{"@type":"ListItem","position":1,"name":"Inicio","item":"https:\/\/fuentesfidedignas.com.mx\/"},{"@type":"ListItem","position":2,"name":"\u201cNo se van a quedar sin luz\u201d: AMLO ante ola de calor en M\u00e9xico"}]},{"@type":"WebSite","@id":"https:\/\/fuentesfidedignas.com.mx\/#website","url":"https:\/\/fuentesfidedignas.com.mx\/","name":"Fuentes Fidedignas","description":"Otro sitio realizado con WordPress","publisher":{"@id":"https:\/\/fuentesfidedignas.com.mx\/#organization"},"potentialAction":[{"@type":"SearchAction","target":{"@type":"EntryPoint","urlTemplate":"https:\/\/fuentesfidedignas.com.mx\/?s={search_term_string}"},"query-input":{"@type":"PropertyValueSpecification","valueRequired":true,"valueName":"search_term_string"}}],"inLanguage":"es"},{"@type":"Organization","@id":"https:\/\/fuentesfidedignas.com.mx\/#organization","name":"Fuentes Fidedignas","url":"https:\/\/fuentesfidedignas.com.mx\/","logo":{"@type":"ImageObject","inLanguage":"es","@id":"https:\/\/fuentesfidedignas.com.mx\/#\/schema\/logo\/image\/","url":"https:\/\/fuentesfidedignas.com.mx\/wp-content\/uploads\/2021\/04\/logo-retina.png","contentUrl":"https:\/\/fuentesfidedignas.com.mx\/wp-content\/uploads\/2021\/04\/logo-retina.png","width":280,"height":51,"caption":"Fuentes Fidedignas"},"image":{"@id":"https:\/\/fuentesfidedignas.com.mx\/#\/schema\/logo\/image\/"},"sameAs":["https:\/\/www.facebook.com\/Fuentes-Fidedignas-368234489921644","https:\/\/x.com\/fidedignas"]},{"@type":"Person","@id":"https:\/\/fuentesfidedignas.com.mx\/#\/schema\/person\/eb72247ff123b3ce5e4cadc7f50ae372","name":"Proceso","image":{"@type":"ImageObject","inLanguage":"es","@id":"https:\/\/secure.gravatar.com\/avatar\/0bb01ecb091d50a46122cbe5cc32ffea15a000f83628f1e40458e669d38ff2cd?s=96&d=mm&r=g","url":"https:\/\/secure.gravatar.com\/avatar\/0bb01ecb091d50a46122cbe5cc32ffea15a000f83628f1e40458e669d38ff2cd?s=96&d=mm&r=g","contentUrl":"https:\/\/secure.gravatar.com\/avatar\/0bb01ecb091d50a46122cbe5cc32ffea15a000f83628f1e40458e669d38ff2cd?s=96&d=mm&r=g","caption":"Proceso"},"url":"https:\/\/fuentesfidedignas.com.mx\/index.php\/author\/proceso\/"}]}},"_links":{"self":[{"href":"https:\/\/fuentesfidedignas.com.mx\/index.php\/wp-json\/wp\/v2\/posts\/50768","targetHints":{"allow":["GET"]}}],"collection":[{"href":"https:\/\/fuentesfidedignas.com.mx\/index.php\/wp-json\/wp\/v2\/posts"}],"about":[{"href":"https:\/\/fuentesfidedignas.com.mx\/index.php\/wp-json\/wp\/v2\/types\/post"}],"author":[{"embeddable":true,"href":"https:\/\/fuentesfidedignas.com.mx\/index.php\/wp-json\/wp\/v2\/users\/50"}],"replies":[{"embeddable":true,"href":"https:\/\/fuentesfidedignas.com.mx\/index.php\/wp-json\/wp\/v2\/comments?post=50768"}],"version-history":[{"count":1,"href":"https:\/\/fuentesfidedignas.com.mx\/index.php\/wp-json\/wp\/v2\/posts\/50768\/revisions"}],"predecessor-version":[{"id":50771,"href":"https:\/\/fuentesfidedignas.com.mx\/index.php\/wp-json\/wp\/v2\/posts\/50768\/revisions\/50771"}],"wp:featuredmedia":[{"embeddable":true,"href":"https:\/\/fuentesfidedignas.com.mx\/index.php\/wp-json\/wp\/v2\/media\/50770"}],"wp:attachment":[{"href":"https:\/\/fuentesfidedignas.com.mx\/index.php\/wp-json\/wp\/v2\/media?parent=50768"}],"wp:term":[{"taxonomy":"category","embeddable":true,"href":"https:\/\/fuentesfidedignas.com.mx\/index.php\/wp-json\/wp\/v2\/categories?post=50768"},{"taxonomy":"post_tag","embeddable":true,"href":"https:\/\/fuentesfidedignas.com.mx\/index.php\/wp-json\/wp\/v2\/tags?post=50768"}],"curies":[{"name":"wp","href":"https:\/\/api.w.org\/{rel}","templated":true}]}}