{"id":50655,"date":"2023-06-21T16:18:15","date_gmt":"2023-06-21T23:18:15","guid":{"rendered":"https:\/\/fuentesfidedignas.com.mx\/?p=50655"},"modified":"2023-06-21T20:23:21","modified_gmt":"2023-06-22T03:23:21","slug":"el-fuerte-contara-con-unidad-de-reaccion-inmediata-de-genero","status":"publish","type":"post","link":"https:\/\/fuentesfidedignas.com.mx\/index.php\/2023\/06\/21\/el-fuerte-contara-con-unidad-de-reaccion-inmediata-de-genero\/","title":{"rendered":"El Fuerte contar\u00e1 con Unidad de Reacci\u00f3n Inmediata de G\u00e9nero"},"content":{"rendered":"\n<p><strong><em>En una mesa de trabajo con la Titular de la Secretaria de las Mujeres de Sinaloa, el alcalde y funcionarios del Ayuntamiento acordaron impulsar esta unidad con el objetivo de mejorar la atenci\u00f3n a las mujeres que sufran de violencia en el municipio<\/em><\/strong><\/p>\n\n\n\n<p>El Fuerte, Sin.- El Presidente Municipal Gildardo Leyva Ortega recibi\u00f3 en su despacho esta ma\u00f1ana a Mar\u00eda Teresa Guerra Ochoa, Titular de la Secretaria de las Mujeres de Sinaloa, lugar donde se llev\u00f3 a cabo una mesa de trabajo, en la que estuvieron presentes la Presidenta de Sistema DIF El Fuerte, Laura Ledezma God\u00ednez, la Directora de IMMUJERES, Mar\u00eda Jos\u00e9 Sa\u00f1udo Valenzuela, el Director de Seguridad P\u00fablica, Natanael Telles Ibarra, la Sindica Procurador, Mayra Lilian Osorio Armenta, parte del cuerpo de Regidores, entre otros funcionarios.<\/p>\n\n\n\n<p>En dicha reuni\u00f3n, se convers\u00f3 respecto a las pol\u00edticas p\u00fablicas que se est\u00e1n impulsando desde ambos niveles de gobierno, para lograr un estado y un municipio m\u00e1s seguro y libre de violencia para las mujeres.<\/p>\n\n\n\n<figure class=\"wp-block-gallery has-nested-images columns-default is-cropped wp-block-gallery-1 is-layout-flex wp-block-gallery-is-layout-flex\">\n<figure class=\"wp-block-image size-large\"><img decoding=\"async\" width=\"640\" height=\"426\" data-id=\"50657\" src=\"https:\/\/fuentesfidedignas.com.mx\/wp-content\/uploads\/2023\/06\/1000079637.jpg\" alt=\"\" class=\"wp-image-50657\" srcset=\"https:\/\/fuentesfidedignas.com.mx\/wp-content\/uploads\/2023\/06\/1000079637.jpg 640w, https:\/\/fuentesfidedignas.com.mx\/wp-content\/uploads\/2023\/06\/1000079637-300x200.jpg 300w\" sizes=\"(max-width: 640px) 100vw, 640px\" \/><\/figure>\n\n\n\n<figure class=\"wp-block-image size-large\"><img decoding=\"async\" width=\"640\" height=\"426\" data-id=\"50656\" src=\"https:\/\/fuentesfidedignas.com.mx\/wp-content\/uploads\/2023\/06\/1000079635.jpg\" alt=\"\" class=\"wp-image-50656\" srcset=\"https:\/\/fuentesfidedignas.com.mx\/wp-content\/uploads\/2023\/06\/1000079635.jpg 640w, https:\/\/fuentesfidedignas.com.mx\/wp-content\/uploads\/2023\/06\/1000079635-300x200.jpg 300w\" sizes=\"(max-width: 640px) 100vw, 640px\" \/><\/figure>\n\n\n\n<figure class=\"wp-block-image size-large\"><img decoding=\"async\" width=\"640\" height=\"426\" data-id=\"50658\" src=\"https:\/\/fuentesfidedignas.com.mx\/wp-content\/uploads\/2023\/06\/1000079633.jpg\" alt=\"\" class=\"wp-image-50658\" srcset=\"https:\/\/fuentesfidedignas.com.mx\/wp-content\/uploads\/2023\/06\/1000079633.jpg 640w, https:\/\/fuentesfidedignas.com.mx\/wp-content\/uploads\/2023\/06\/1000079633-300x200.jpg 300w\" sizes=\"(max-width: 640px) 100vw, 640px\" \/><\/figure>\n\n\n\n<figure class=\"wp-block-image size-large\"><img decoding=\"async\" width=\"640\" height=\"426\" data-id=\"50661\" src=\"https:\/\/fuentesfidedignas.com.mx\/wp-content\/uploads\/2023\/06\/1000079643.jpg\" alt=\"\" class=\"wp-image-50661\" srcset=\"https:\/\/fuentesfidedignas.com.mx\/wp-content\/uploads\/2023\/06\/1000079643.jpg 640w, https:\/\/fuentesfidedignas.com.mx\/wp-content\/uploads\/2023\/06\/1000079643-300x200.jpg 300w\" sizes=\"(max-width: 640px) 100vw, 640px\" \/><\/figure>\n\n\n\n<figure class=\"wp-block-image size-large\"><img decoding=\"async\" width=\"640\" height=\"426\" data-id=\"50660\" src=\"https:\/\/fuentesfidedignas.com.mx\/wp-content\/uploads\/2023\/06\/1000079631.jpg\" alt=\"\" class=\"wp-image-50660\" srcset=\"https:\/\/fuentesfidedignas.com.mx\/wp-content\/uploads\/2023\/06\/1000079631.jpg 640w, https:\/\/fuentesfidedignas.com.mx\/wp-content\/uploads\/2023\/06\/1000079631-300x200.jpg 300w\" sizes=\"(max-width: 640px) 100vw, 640px\" \/><\/figure>\n\n\n\n<figure class=\"wp-block-image size-large\"><img decoding=\"async\" width=\"640\" height=\"426\" data-id=\"50659\" src=\"https:\/\/fuentesfidedignas.com.mx\/wp-content\/uploads\/2023\/06\/1000079641.jpg\" alt=\"\" class=\"wp-image-50659\" srcset=\"https:\/\/fuentesfidedignas.com.mx\/wp-content\/uploads\/2023\/06\/1000079641.jpg 640w, https:\/\/fuentesfidedignas.com.mx\/wp-content\/uploads\/2023\/06\/1000079641-300x200.jpg 300w\" sizes=\"(max-width: 640px) 100vw, 640px\" \/><\/figure>\n<\/figure>\n\n\n\n<p>Aprovechando la presencia del Director de Seguridad P\u00fablica y parte del Cabildo, el Alcalde Gildardo Leyva Ortega, gir\u00f3 instrucciones en ese momento para que en la pr\u00f3xima sesi\u00f3n de cabildo se implemente la Unidad de Reacci\u00f3n Inmediata de G\u00e9nero, programa que tiene como objetivo capacitar a los elementos de seguridad p\u00fablica para mejorar la atenci\u00f3n ante cualquier situaci\u00f3n o emergencia en temas de violencia contra la mujer.<\/p>\n\n\n\n<p>\u201c<strong>Es un orgullo tenerte aqu\u00ed ti y todo tu equipo y en todo lo que se ofrezca para proteger a las mujeres, cuenten siempre con que nosotros vamos a estar ah\u00ed para ayudarles<\/strong>\u201d, expres\u00f3 el mandatario.<\/p>\n\n\n\n<p>Por su parte Guerra Ochoa, agradeci\u00f3 la disposici\u00f3n del presidente y su equipo de trabajo para favorecer la seguridad de mujeres y ni\u00f1as, reconociendo tambi\u00e9n al municipio de El Fuerte, por tener un gobierno paritario, con m\u00e1s de la mitad de los puestos de primer nivel, ocupados por mujeres.<\/p>\n\n\n\n<p>\u201c<strong>Estamos trabajando para construir familias seguras, mujeres seguras y hogares seguros, much\u00edsimas gracias alcalde por recibirnos esta ma\u00f1ana<\/strong>\u201d, manifest\u00f3 la Titular.<\/p>\n\n\n\n<p>Por \u00faltimo, se realiz\u00f3 el compromiso de extender este tipo de capacitaciones para los funcionarios p\u00fablicos, con la finalidad de que puedan manejar este tipo de casos de manera adecuada y puedan servir de apoyo para quienes padecen de violencia en sus hogares.<\/p>\n","protected":false},"excerpt":{"rendered":"<p>En una mesa de trabajo con la Titular de la Secretaria de las Mujeres de Sinaloa, el alcalde y funcionarios del Ayuntamiento acordaron impulsar esta unidad con el objetivo de mejorar la atenci\u00f3n a las mujeres que sufran de violencia en el municipio El Fuerte, Sin.- El Presidente Municipal Gildardo Leyva Ortega recibi\u00f3 en su [&hellip;]<\/p>\n","protected":false},"author":4,"featured_media":50663,"comment_status":"open","ping_status":"open","sticky":false,"template":"","format":"standard","meta":{"tdm_status":"","tdm_grid_status":"","footnotes":""},"categories":[38,1],"tags":[],"class_list":{"0":"post-50655","1":"post","2":"type-post","3":"status-publish","4":"format-standard","5":"has-post-thumbnail","7":"category-noticias-locales","8":"category-sin-categoria"},"yoast_head":"<!-- This site is optimized with the Yoast SEO plugin v27.4 - https:\/\/yoast.com\/product\/yoast-seo-wordpress\/ -->\n<title>El Fuerte contar\u00e1 con Unidad de Reacci\u00f3n Inmediata de G\u00e9nero - Fuentes Fidedignas<\/title>\n<meta name=\"robots\" content=\"index, follow, max-snippet:-1, max-image-preview:large, max-video-preview:-1\" \/>\n<link rel=\"canonical\" href=\"https:\/\/fuentesfidedignas.com.mx\/index.php\/2023\/06\/21\/el-fuerte-contara-con-unidad-de-reaccion-inmediata-de-genero\/\" \/>\n<meta property=\"og:locale\" content=\"es_MX\" \/>\n<meta property=\"og:type\" content=\"article\" \/>\n<meta property=\"og:title\" content=\"El Fuerte contar\u00e1 con Unidad de Reacci\u00f3n Inmediata de G\u00e9nero - Fuentes Fidedignas\" \/>\n<meta property=\"og:description\" content=\"En una mesa de trabajo con la Titular de la Secretaria de las Mujeres de Sinaloa, el alcalde y funcionarios del Ayuntamiento acordaron impulsar esta unidad con el objetivo de mejorar la atenci\u00f3n a las mujeres que sufran de violencia en el municipio El Fuerte, Sin.- El Presidente Municipal Gildardo Leyva Ortega recibi\u00f3 en su [&hellip;]\" \/>\n<meta property=\"og:url\" content=\"https:\/\/fuentesfidedignas.com.mx\/index.php\/2023\/06\/21\/el-fuerte-contara-con-unidad-de-reaccion-inmediata-de-genero\/\" \/>\n<meta property=\"og:site_name\" content=\"Fuentes Fidedignas\" \/>\n<meta property=\"article:publisher\" content=\"https:\/\/www.facebook.com\/Fuentes-Fidedignas-368234489921644\" \/>\n<meta property=\"article:published_time\" content=\"2023-06-21T23:18:15+00:00\" \/>\n<meta property=\"article:modified_time\" content=\"2023-06-22T03:23:21+00:00\" \/>\n<meta property=\"og:image\" content=\"https:\/\/fuentesfidedignas.com.mx\/wp-content\/uploads\/2023\/06\/1000079637.jpg\" \/>\n<meta name=\"author\" content=\"Redacci\u00f3n\" \/>\n<meta name=\"twitter:card\" content=\"summary_large_image\" \/>\n<meta name=\"twitter:creator\" content=\"@fidedignas\" \/>\n<meta name=\"twitter:site\" content=\"@fidedignas\" \/>\n<meta name=\"twitter:label1\" content=\"Escrito por\" \/>\n\t<meta name=\"twitter:data1\" content=\"Redacci\u00f3n\" \/>\n\t<meta name=\"twitter:label2\" content=\"Tiempo de lectura\" \/>\n\t<meta name=\"twitter:data2\" content=\"3 minutos\" \/>\n<script type=\"application\/ld+json\" class=\"yoast-schema-graph\">{\"@context\":\"https:\\\/\\\/schema.org\",\"@graph\":[{\"@type\":\"Article\",\"@id\":\"https:\\\/\\\/fuentesfidedignas.com.mx\\\/index.php\\\/2023\\\/06\\\/21\\\/el-fuerte-contara-con-unidad-de-reaccion-inmediata-de-genero\\\/#article\",\"isPartOf\":{\"@id\":\"https:\\\/\\\/fuentesfidedignas.com.mx\\\/index.php\\\/2023\\\/06\\\/21\\\/el-fuerte-contara-con-unidad-de-reaccion-inmediata-de-genero\\\/\"},\"author\":{\"name\":\"Redacci\u00f3n\",\"@id\":\"https:\\\/\\\/fuentesfidedignas.com.mx\\\/#\\\/schema\\\/person\\\/331be9283d37198e2acd5750279085b0\"},\"headline\":\"El Fuerte contar\u00e1 con Unidad de Reacci\u00f3n Inmediata de G\u00e9nero\",\"datePublished\":\"2023-06-21T23:18:15+00:00\",\"dateModified\":\"2023-06-22T03:23:21+00:00\",\"mainEntityOfPage\":{\"@id\":\"https:\\\/\\\/fuentesfidedignas.com.mx\\\/index.php\\\/2023\\\/06\\\/21\\\/el-fuerte-contara-con-unidad-de-reaccion-inmediata-de-genero\\\/\"},\"wordCount\":419,\"commentCount\":0,\"publisher\":{\"@id\":\"https:\\\/\\\/fuentesfidedignas.com.mx\\\/#organization\"},\"image\":{\"@id\":\"https:\\\/\\\/fuentesfidedignas.com.mx\\\/index.php\\\/2023\\\/06\\\/21\\\/el-fuerte-contara-con-unidad-de-reaccion-inmediata-de-genero\\\/#primaryimage\"},\"thumbnailUrl\":\"https:\\\/\\\/fuentesfidedignas.com.mx\\\/wp-content\\\/uploads\\\/2023\\\/06\\\/IMG-20230621-WA0035.jpg\",\"articleSection\":[\"NOTICIAS LOCALES\"],\"inLanguage\":\"es\",\"potentialAction\":[{\"@type\":\"CommentAction\",\"name\":\"Comment\",\"target\":[\"https:\\\/\\\/fuentesfidedignas.com.mx\\\/index.php\\\/2023\\\/06\\\/21\\\/el-fuerte-contara-con-unidad-de-reaccion-inmediata-de-genero\\\/#respond\"]}]},{\"@type\":\"WebPage\",\"@id\":\"https:\\\/\\\/fuentesfidedignas.com.mx\\\/index.php\\\/2023\\\/06\\\/21\\\/el-fuerte-contara-con-unidad-de-reaccion-inmediata-de-genero\\\/\",\"url\":\"https:\\\/\\\/fuentesfidedignas.com.mx\\\/index.php\\\/2023\\\/06\\\/21\\\/el-fuerte-contara-con-unidad-de-reaccion-inmediata-de-genero\\\/\",\"name\":\"El Fuerte contar\u00e1 con Unidad de Reacci\u00f3n Inmediata de G\u00e9nero - Fuentes Fidedignas\",\"isPartOf\":{\"@id\":\"https:\\\/\\\/fuentesfidedignas.com.mx\\\/#website\"},\"primaryImageOfPage\":{\"@id\":\"https:\\\/\\\/fuentesfidedignas.com.mx\\\/index.php\\\/2023\\\/06\\\/21\\\/el-fuerte-contara-con-unidad-de-reaccion-inmediata-de-genero\\\/#primaryimage\"},\"image\":{\"@id\":\"https:\\\/\\\/fuentesfidedignas.com.mx\\\/index.php\\\/2023\\\/06\\\/21\\\/el-fuerte-contara-con-unidad-de-reaccion-inmediata-de-genero\\\/#primaryimage\"},\"thumbnailUrl\":\"https:\\\/\\\/fuentesfidedignas.com.mx\\\/wp-content\\\/uploads\\\/2023\\\/06\\\/IMG-20230621-WA0035.jpg\",\"datePublished\":\"2023-06-21T23:18:15+00:00\",\"dateModified\":\"2023-06-22T03:23:21+00:00\",\"breadcrumb\":{\"@id\":\"https:\\\/\\\/fuentesfidedignas.com.mx\\\/index.php\\\/2023\\\/06\\\/21\\\/el-fuerte-contara-con-unidad-de-reaccion-inmediata-de-genero\\\/#breadcrumb\"},\"inLanguage\":\"es\",\"potentialAction\":[{\"@type\":\"ReadAction\",\"target\":[\"https:\\\/\\\/fuentesfidedignas.com.mx\\\/index.php\\\/2023\\\/06\\\/21\\\/el-fuerte-contara-con-unidad-de-reaccion-inmediata-de-genero\\\/\"]}]},{\"@type\":\"ImageObject\",\"inLanguage\":\"es\",\"@id\":\"https:\\\/\\\/fuentesfidedignas.com.mx\\\/index.php\\\/2023\\\/06\\\/21\\\/el-fuerte-contara-con-unidad-de-reaccion-inmediata-de-genero\\\/#primaryimage\",\"url\":\"https:\\\/\\\/fuentesfidedignas.com.mx\\\/wp-content\\\/uploads\\\/2023\\\/06\\\/IMG-20230621-WA0035.jpg\",\"contentUrl\":\"https:\\\/\\\/fuentesfidedignas.com.mx\\\/wp-content\\\/uploads\\\/2023\\\/06\\\/IMG-20230621-WA0035.jpg\",\"width\":640,\"height\":426},{\"@type\":\"BreadcrumbList\",\"@id\":\"https:\\\/\\\/fuentesfidedignas.com.mx\\\/index.php\\\/2023\\\/06\\\/21\\\/el-fuerte-contara-con-unidad-de-reaccion-inmediata-de-genero\\\/#breadcrumb\",\"itemListElement\":[{\"@type\":\"ListItem\",\"position\":1,\"name\":\"Inicio\",\"item\":\"https:\\\/\\\/fuentesfidedignas.com.mx\\\/\"},{\"@type\":\"ListItem\",\"position\":2,\"name\":\"El Fuerte contar\u00e1 con Unidad de Reacci\u00f3n Inmediata de G\u00e9nero\"}]},{\"@type\":\"WebSite\",\"@id\":\"https:\\\/\\\/fuentesfidedignas.com.mx\\\/#website\",\"url\":\"https:\\\/\\\/fuentesfidedignas.com.mx\\\/\",\"name\":\"Fuentes Fidedignas\",\"description\":\"Otro sitio realizado con WordPress\",\"publisher\":{\"@id\":\"https:\\\/\\\/fuentesfidedignas.com.mx\\\/#organization\"},\"potentialAction\":[{\"@type\":\"SearchAction\",\"target\":{\"@type\":\"EntryPoint\",\"urlTemplate\":\"https:\\\/\\\/fuentesfidedignas.com.mx\\\/?s={search_term_string}\"},\"query-input\":{\"@type\":\"PropertyValueSpecification\",\"valueRequired\":true,\"valueName\":\"search_term_string\"}}],\"inLanguage\":\"es\"},{\"@type\":\"Organization\",\"@id\":\"https:\\\/\\\/fuentesfidedignas.com.mx\\\/#organization\",\"name\":\"Fuentes Fidedignas\",\"url\":\"https:\\\/\\\/fuentesfidedignas.com.mx\\\/\",\"logo\":{\"@type\":\"ImageObject\",\"inLanguage\":\"es\",\"@id\":\"https:\\\/\\\/fuentesfidedignas.com.mx\\\/#\\\/schema\\\/logo\\\/image\\\/\",\"url\":\"https:\\\/\\\/fuentesfidedignas.com.mx\\\/wp-content\\\/uploads\\\/2021\\\/04\\\/logo-retina.png\",\"contentUrl\":\"https:\\\/\\\/fuentesfidedignas.com.mx\\\/wp-content\\\/uploads\\\/2021\\\/04\\\/logo-retina.png\",\"width\":280,\"height\":51,\"caption\":\"Fuentes Fidedignas\"},\"image\":{\"@id\":\"https:\\\/\\\/fuentesfidedignas.com.mx\\\/#\\\/schema\\\/logo\\\/image\\\/\"},\"sameAs\":[\"https:\\\/\\\/www.facebook.com\\\/Fuentes-Fidedignas-368234489921644\",\"https:\\\/\\\/x.com\\\/fidedignas\"]},{\"@type\":\"Person\",\"@id\":\"https:\\\/\\\/fuentesfidedignas.com.mx\\\/#\\\/schema\\\/person\\\/331be9283d37198e2acd5750279085b0\",\"name\":\"Redacci\u00f3n\",\"image\":{\"@type\":\"ImageObject\",\"inLanguage\":\"es\",\"@id\":\"https:\\\/\\\/secure.gravatar.com\\\/avatar\\\/f6d8782c11d12b2d4ad3fbb6931aeab5309937a4d6cd2fc9cfaa28a6396a5aec?s=96&d=mm&r=g\",\"url\":\"https:\\\/\\\/secure.gravatar.com\\\/avatar\\\/f6d8782c11d12b2d4ad3fbb6931aeab5309937a4d6cd2fc9cfaa28a6396a5aec?s=96&d=mm&r=g\",\"contentUrl\":\"https:\\\/\\\/secure.gravatar.com\\\/avatar\\\/f6d8782c11d12b2d4ad3fbb6931aeab5309937a4d6cd2fc9cfaa28a6396a5aec?s=96&d=mm&r=g\",\"caption\":\"Redacci\u00f3n\"},\"url\":\"https:\\\/\\\/fuentesfidedignas.com.mx\\\/index.php\\\/author\\\/redaccion\\\/\"}]}<\/script>\n<!-- \/ Yoast SEO plugin. -->","yoast_head_json":{"title":"El Fuerte contar\u00e1 con Unidad de Reacci\u00f3n Inmediata de G\u00e9nero - Fuentes Fidedignas","robots":{"index":"index","follow":"follow","max-snippet":"max-snippet:-1","max-image-preview":"max-image-preview:large","max-video-preview":"max-video-preview:-1"},"canonical":"https:\/\/fuentesfidedignas.com.mx\/index.php\/2023\/06\/21\/el-fuerte-contara-con-unidad-de-reaccion-inmediata-de-genero\/","og_locale":"es_MX","og_type":"article","og_title":"El Fuerte contar\u00e1 con Unidad de Reacci\u00f3n Inmediata de G\u00e9nero - Fuentes Fidedignas","og_description":"En una mesa de trabajo con la Titular de la Secretaria de las Mujeres de Sinaloa, el alcalde y funcionarios del Ayuntamiento acordaron impulsar esta unidad con el objetivo de mejorar la atenci\u00f3n a las mujeres que sufran de violencia en el municipio El Fuerte, Sin.- El Presidente Municipal Gildardo Leyva Ortega recibi\u00f3 en su [&hellip;]","og_url":"https:\/\/fuentesfidedignas.com.mx\/index.php\/2023\/06\/21\/el-fuerte-contara-con-unidad-de-reaccion-inmediata-de-genero\/","og_site_name":"Fuentes Fidedignas","article_publisher":"https:\/\/www.facebook.com\/Fuentes-Fidedignas-368234489921644","article_published_time":"2023-06-21T23:18:15+00:00","article_modified_time":"2023-06-22T03:23:21+00:00","og_image":[{"url":"https:\/\/fuentesfidedignas.com.mx\/wp-content\/uploads\/2023\/06\/1000079637.jpg","type":"","width":"","height":""}],"author":"Redacci\u00f3n","twitter_card":"summary_large_image","twitter_creator":"@fidedignas","twitter_site":"@fidedignas","twitter_misc":{"Escrito por":"Redacci\u00f3n","Tiempo de lectura":"3 minutos"},"schema":{"@context":"https:\/\/schema.org","@graph":[{"@type":"Article","@id":"https:\/\/fuentesfidedignas.com.mx\/index.php\/2023\/06\/21\/el-fuerte-contara-con-unidad-de-reaccion-inmediata-de-genero\/#article","isPartOf":{"@id":"https:\/\/fuentesfidedignas.com.mx\/index.php\/2023\/06\/21\/el-fuerte-contara-con-unidad-de-reaccion-inmediata-de-genero\/"},"author":{"name":"Redacci\u00f3n","@id":"https:\/\/fuentesfidedignas.com.mx\/#\/schema\/person\/331be9283d37198e2acd5750279085b0"},"headline":"El Fuerte contar\u00e1 con Unidad de Reacci\u00f3n Inmediata de G\u00e9nero","datePublished":"2023-06-21T23:18:15+00:00","dateModified":"2023-06-22T03:23:21+00:00","mainEntityOfPage":{"@id":"https:\/\/fuentesfidedignas.com.mx\/index.php\/2023\/06\/21\/el-fuerte-contara-con-unidad-de-reaccion-inmediata-de-genero\/"},"wordCount":419,"commentCount":0,"publisher":{"@id":"https:\/\/fuentesfidedignas.com.mx\/#organization"},"image":{"@id":"https:\/\/fuentesfidedignas.com.mx\/index.php\/2023\/06\/21\/el-fuerte-contara-con-unidad-de-reaccion-inmediata-de-genero\/#primaryimage"},"thumbnailUrl":"https:\/\/fuentesfidedignas.com.mx\/wp-content\/uploads\/2023\/06\/IMG-20230621-WA0035.jpg","articleSection":["NOTICIAS LOCALES"],"inLanguage":"es","potentialAction":[{"@type":"CommentAction","name":"Comment","target":["https:\/\/fuentesfidedignas.com.mx\/index.php\/2023\/06\/21\/el-fuerte-contara-con-unidad-de-reaccion-inmediata-de-genero\/#respond"]}]},{"@type":"WebPage","@id":"https:\/\/fuentesfidedignas.com.mx\/index.php\/2023\/06\/21\/el-fuerte-contara-con-unidad-de-reaccion-inmediata-de-genero\/","url":"https:\/\/fuentesfidedignas.com.mx\/index.php\/2023\/06\/21\/el-fuerte-contara-con-unidad-de-reaccion-inmediata-de-genero\/","name":"El Fuerte contar\u00e1 con Unidad de Reacci\u00f3n Inmediata de G\u00e9nero - Fuentes Fidedignas","isPartOf":{"@id":"https:\/\/fuentesfidedignas.com.mx\/#website"},"primaryImageOfPage":{"@id":"https:\/\/fuentesfidedignas.com.mx\/index.php\/2023\/06\/21\/el-fuerte-contara-con-unidad-de-reaccion-inmediata-de-genero\/#primaryimage"},"image":{"@id":"https:\/\/fuentesfidedignas.com.mx\/index.php\/2023\/06\/21\/el-fuerte-contara-con-unidad-de-reaccion-inmediata-de-genero\/#primaryimage"},"thumbnailUrl":"https:\/\/fuentesfidedignas.com.mx\/wp-content\/uploads\/2023\/06\/IMG-20230621-WA0035.jpg","datePublished":"2023-06-21T23:18:15+00:00","dateModified":"2023-06-22T03:23:21+00:00","breadcrumb":{"@id":"https:\/\/fuentesfidedignas.com.mx\/index.php\/2023\/06\/21\/el-fuerte-contara-con-unidad-de-reaccion-inmediata-de-genero\/#breadcrumb"},"inLanguage":"es","potentialAction":[{"@type":"ReadAction","target":["https:\/\/fuentesfidedignas.com.mx\/index.php\/2023\/06\/21\/el-fuerte-contara-con-unidad-de-reaccion-inmediata-de-genero\/"]}]},{"@type":"ImageObject","inLanguage":"es","@id":"https:\/\/fuentesfidedignas.com.mx\/index.php\/2023\/06\/21\/el-fuerte-contara-con-unidad-de-reaccion-inmediata-de-genero\/#primaryimage","url":"https:\/\/fuentesfidedignas.com.mx\/wp-content\/uploads\/2023\/06\/IMG-20230621-WA0035.jpg","contentUrl":"https:\/\/fuentesfidedignas.com.mx\/wp-content\/uploads\/2023\/06\/IMG-20230621-WA0035.jpg","width":640,"height":426},{"@type":"BreadcrumbList","@id":"https:\/\/fuentesfidedignas.com.mx\/index.php\/2023\/06\/21\/el-fuerte-contara-con-unidad-de-reaccion-inmediata-de-genero\/#breadcrumb","itemListElement":[{"@type":"ListItem","position":1,"name":"Inicio","item":"https:\/\/fuentesfidedignas.com.mx\/"},{"@type":"ListItem","position":2,"name":"El Fuerte contar\u00e1 con Unidad de Reacci\u00f3n Inmediata de G\u00e9nero"}]},{"@type":"WebSite","@id":"https:\/\/fuentesfidedignas.com.mx\/#website","url":"https:\/\/fuentesfidedignas.com.mx\/","name":"Fuentes Fidedignas","description":"Otro sitio realizado con WordPress","publisher":{"@id":"https:\/\/fuentesfidedignas.com.mx\/#organization"},"potentialAction":[{"@type":"SearchAction","target":{"@type":"EntryPoint","urlTemplate":"https:\/\/fuentesfidedignas.com.mx\/?s={search_term_string}"},"query-input":{"@type":"PropertyValueSpecification","valueRequired":true,"valueName":"search_term_string"}}],"inLanguage":"es"},{"@type":"Organization","@id":"https:\/\/fuentesfidedignas.com.mx\/#organization","name":"Fuentes Fidedignas","url":"https:\/\/fuentesfidedignas.com.mx\/","logo":{"@type":"ImageObject","inLanguage":"es","@id":"https:\/\/fuentesfidedignas.com.mx\/#\/schema\/logo\/image\/","url":"https:\/\/fuentesfidedignas.com.mx\/wp-content\/uploads\/2021\/04\/logo-retina.png","contentUrl":"https:\/\/fuentesfidedignas.com.mx\/wp-content\/uploads\/2021\/04\/logo-retina.png","width":280,"height":51,"caption":"Fuentes Fidedignas"},"image":{"@id":"https:\/\/fuentesfidedignas.com.mx\/#\/schema\/logo\/image\/"},"sameAs":["https:\/\/www.facebook.com\/Fuentes-Fidedignas-368234489921644","https:\/\/x.com\/fidedignas"]},{"@type":"Person","@id":"https:\/\/fuentesfidedignas.com.mx\/#\/schema\/person\/331be9283d37198e2acd5750279085b0","name":"Redacci\u00f3n","image":{"@type":"ImageObject","inLanguage":"es","@id":"https:\/\/secure.gravatar.com\/avatar\/f6d8782c11d12b2d4ad3fbb6931aeab5309937a4d6cd2fc9cfaa28a6396a5aec?s=96&d=mm&r=g","url":"https:\/\/secure.gravatar.com\/avatar\/f6d8782c11d12b2d4ad3fbb6931aeab5309937a4d6cd2fc9cfaa28a6396a5aec?s=96&d=mm&r=g","contentUrl":"https:\/\/secure.gravatar.com\/avatar\/f6d8782c11d12b2d4ad3fbb6931aeab5309937a4d6cd2fc9cfaa28a6396a5aec?s=96&d=mm&r=g","caption":"Redacci\u00f3n"},"url":"https:\/\/fuentesfidedignas.com.mx\/index.php\/author\/redaccion\/"}]}},"_links":{"self":[{"href":"https:\/\/fuentesfidedignas.com.mx\/index.php\/wp-json\/wp\/v2\/posts\/50655","targetHints":{"allow":["GET"]}}],"collection":[{"href":"https:\/\/fuentesfidedignas.com.mx\/index.php\/wp-json\/wp\/v2\/posts"}],"about":[{"href":"https:\/\/fuentesfidedignas.com.mx\/index.php\/wp-json\/wp\/v2\/types\/post"}],"author":[{"embeddable":true,"href":"https:\/\/fuentesfidedignas.com.mx\/index.php\/wp-json\/wp\/v2\/users\/4"}],"replies":[{"embeddable":true,"href":"https:\/\/fuentesfidedignas.com.mx\/index.php\/wp-json\/wp\/v2\/comments?post=50655"}],"version-history":[{"count":1,"href":"https:\/\/fuentesfidedignas.com.mx\/index.php\/wp-json\/wp\/v2\/posts\/50655\/revisions"}],"predecessor-version":[{"id":50662,"href":"https:\/\/fuentesfidedignas.com.mx\/index.php\/wp-json\/wp\/v2\/posts\/50655\/revisions\/50662"}],"wp:featuredmedia":[{"embeddable":true,"href":"https:\/\/fuentesfidedignas.com.mx\/index.php\/wp-json\/wp\/v2\/media\/50663"}],"wp:attachment":[{"href":"https:\/\/fuentesfidedignas.com.mx\/index.php\/wp-json\/wp\/v2\/media?parent=50655"}],"wp:term":[{"taxonomy":"category","embeddable":true,"href":"https:\/\/fuentesfidedignas.com.mx\/index.php\/wp-json\/wp\/v2\/categories?post=50655"},{"taxonomy":"post_tag","embeddable":true,"href":"https:\/\/fuentesfidedignas.com.mx\/index.php\/wp-json\/wp\/v2\/tags?post=50655"}],"curies":[{"name":"wp","href":"https:\/\/api.w.org\/{rel}","templated":true}]}}