{"id":50601,"date":"2023-06-21T12:15:23","date_gmt":"2023-06-21T19:15:23","guid":{"rendered":"https:\/\/fuentesfidedignas.com.mx\/?p=50601"},"modified":"2023-06-21T12:40:02","modified_gmt":"2023-06-21T19:40:02","slug":"camionetas-robadas-y-precursores-quimicos-lo-asegurado-tras-enfrentamiento-en-el-salado","status":"publish","type":"post","link":"https:\/\/fuentesfidedignas.com.mx\/index.php\/2023\/06\/21\/camionetas-robadas-y-precursores-quimicos-lo-asegurado-tras-enfrentamiento-en-el-salado\/","title":{"rendered":"Camionetas robadas y precursores qu\u00edmicos, lo asegurado tras enfrentamiento en El Salado"},"content":{"rendered":"\n<p><strong><em>Cuatro de las cinco unidades aseguradas, cuentan con reporte de robo<\/em><\/strong><\/p>\n\n\n\n<p><strong>Culiac\u00e1n, Sin.-\u00a0<\/strong>De manera coordinada, elementos de la Secretar\u00eda de la Defensa Nacional, de la Novena Zona Militar, Guardia Nacional y de la Polic\u00eda Estatal Preventiva, lograron el aseguramiento de 5 veh\u00edculos que conten\u00edan en su interior presuntos precursores qu\u00edmicos, asimismo cuatro de estas unidades cuentan con reporte de robo.<\/p>\n\n\n\n<p>Derivado de la agresi\u00f3n que se suscit\u00f3 contra elementos de la Sedena en el poblado Lo de Clemente en Culiac\u00e1n, se realiz\u00f3 un operativo conjunto, donde al circular por una brecha de terracer\u00eda que conduce a las comunidades de Tabal\u00e1 y Bebelama, se ubicaron 5 unidades que se encontraban con las puertas abiertas.<\/p>\n\n\n\n<figure class=\"wp-block-gallery has-nested-images columns-default is-cropped wp-block-gallery-1 is-layout-flex wp-block-gallery-is-layout-flex\">\n<figure class=\"wp-block-image size-large\"><img decoding=\"async\" width=\"640\" height=\"480\" data-id=\"50606\" src=\"https:\/\/fuentesfidedignas.com.mx\/wp-content\/uploads\/2023\/06\/1000079419.jpg\" alt=\"\" class=\"wp-image-50606\" srcset=\"https:\/\/fuentesfidedignas.com.mx\/wp-content\/uploads\/2023\/06\/1000079419.jpg 640w, https:\/\/fuentesfidedignas.com.mx\/wp-content\/uploads\/2023\/06\/1000079419-300x225.jpg 300w\" sizes=\"(max-width: 640px) 100vw, 640px\" \/><\/figure>\n\n\n\n<figure class=\"wp-block-image size-large\"><img decoding=\"async\" width=\"640\" height=\"480\" data-id=\"50607\" src=\"https:\/\/fuentesfidedignas.com.mx\/wp-content\/uploads\/2023\/06\/1000079418.jpg\" alt=\"\" class=\"wp-image-50607\" srcset=\"https:\/\/fuentesfidedignas.com.mx\/wp-content\/uploads\/2023\/06\/1000079418.jpg 640w, https:\/\/fuentesfidedignas.com.mx\/wp-content\/uploads\/2023\/06\/1000079418-300x225.jpg 300w\" sizes=\"(max-width: 640px) 100vw, 640px\" \/><\/figure>\n\n\n\n<figure class=\"wp-block-image size-large\"><img decoding=\"async\" width=\"640\" height=\"480\" data-id=\"50608\" src=\"https:\/\/fuentesfidedignas.com.mx\/wp-content\/uploads\/2023\/06\/1000079414.jpg\" alt=\"\" class=\"wp-image-50608\" srcset=\"https:\/\/fuentesfidedignas.com.mx\/wp-content\/uploads\/2023\/06\/1000079414.jpg 640w, https:\/\/fuentesfidedignas.com.mx\/wp-content\/uploads\/2023\/06\/1000079414-300x225.jpg 300w\" sizes=\"(max-width: 640px) 100vw, 640px\" \/><\/figure>\n<\/figure>\n\n\n\n<p>Al aproximarse a los automotores los elementos de seguridad, observaron en la parte trasera bidones, tambos condensadores, tinas de pl\u00e1sticos, las cuales conten\u00edan en su interior sustancias qu\u00edmicas l\u00edquidas y s\u00f3lidas, adem\u00e1s de diversos artefactos, los cuales en conjunto presuntamente son utilizados para la elaboraci\u00f3n de droga sint\u00e9tica.<\/p>\n\n\n\n<p>Los veh\u00edculos localizados son, una camioneta Nissan l\u00ednea NP300 de color blanco, tipo estacas; asimismo, una camioneta Ford l\u00ednea F350 de color blanco con negro, tipo redilas; adem\u00e1s de, una camioneta Ford l\u00ednea 3500 S\u00faper Duty de color blanco, tipo redilas; tambi\u00e9n, una camioneta Nissan l\u00ednea Frontier Platinum LE de color blanca; as\u00ed como, un Jeep l\u00ednea Gran Cherokee Limited de color blanco, mismo que contaba con un blindaje artesanal.<\/p>\n\n\n\n<figure class=\"wp-block-gallery has-nested-images columns-default is-cropped wp-block-gallery-2 is-layout-flex wp-block-gallery-is-layout-flex\">\n<figure class=\"wp-block-image size-large\"><img decoding=\"async\" width=\"640\" height=\"480\" data-id=\"50603\" src=\"https:\/\/fuentesfidedignas.com.mx\/wp-content\/uploads\/2023\/06\/1000079417.jpg\" alt=\"\" class=\"wp-image-50603\" srcset=\"https:\/\/fuentesfidedignas.com.mx\/wp-content\/uploads\/2023\/06\/1000079417.jpg 640w, https:\/\/fuentesfidedignas.com.mx\/wp-content\/uploads\/2023\/06\/1000079417-300x225.jpg 300w\" sizes=\"(max-width: 640px) 100vw, 640px\" \/><\/figure>\n\n\n\n<figure class=\"wp-block-image size-large\"><img decoding=\"async\" width=\"640\" height=\"480\" data-id=\"50602\" src=\"https:\/\/fuentesfidedignas.com.mx\/wp-content\/uploads\/2023\/06\/1000079416.jpg\" alt=\"\" class=\"wp-image-50602\" srcset=\"https:\/\/fuentesfidedignas.com.mx\/wp-content\/uploads\/2023\/06\/1000079416.jpg 640w, https:\/\/fuentesfidedignas.com.mx\/wp-content\/uploads\/2023\/06\/1000079416-300x225.jpg 300w\" sizes=\"(max-width: 640px) 100vw, 640px\" \/><\/figure>\n\n\n\n<figure class=\"wp-block-image size-large\"><img decoding=\"async\" width=\"640\" height=\"480\" data-id=\"50604\" src=\"https:\/\/fuentesfidedignas.com.mx\/wp-content\/uploads\/2023\/06\/1000079415.jpg\" alt=\"\" class=\"wp-image-50604\" srcset=\"https:\/\/fuentesfidedignas.com.mx\/wp-content\/uploads\/2023\/06\/1000079415.jpg 640w, https:\/\/fuentesfidedignas.com.mx\/wp-content\/uploads\/2023\/06\/1000079415-300x225.jpg 300w\" sizes=\"(max-width: 640px) 100vw, 640px\" \/><\/figure>\n\n\n\n<figure class=\"wp-block-image size-large\"><img decoding=\"async\" width=\"768\" height=\"432\" data-id=\"50605\" src=\"https:\/\/fuentesfidedignas.com.mx\/wp-content\/uploads\/2023\/06\/1000079420.jpg\" alt=\"\" class=\"wp-image-50605\" srcset=\"https:\/\/fuentesfidedignas.com.mx\/wp-content\/uploads\/2023\/06\/1000079420.jpg 768w, https:\/\/fuentesfidedignas.com.mx\/wp-content\/uploads\/2023\/06\/1000079420-300x169.jpg 300w\" sizes=\"(max-width: 768px) 100vw, 768px\" \/><\/figure>\n<\/figure>\n\n\n\n<p>Asimismo, al verificar las unidades en la plataforma de datos correspondientes se dio a conocer que cuatro de las unidades cuentan con reporte de robo. Posteriormente las unidades, as\u00ed como los objetos y sustancias fueron aseguradas y puestas a disposici\u00f3n de la autoridad pertinente, quienes determinar\u00e1n el tipo y peso de las sustancias qu\u00edmicas.<\/p>\n\n\n\n<p>En continua coordinaci\u00f3n con las fuerzas armadas, la Secretar\u00eda de la Defensa Nacional, Guardia Nacional y la Polic\u00eda Estatal Preventiva, mantienen recorridos de seguridad para salvaguardar a la poblaci\u00f3n y prevenir la comisi\u00f3n de delitos.<\/p>\n\n\n\n<p><\/p>\n","protected":false},"excerpt":{"rendered":"<p>Cuatro de las cinco unidades aseguradas, cuentan con reporte de robo Culiac\u00e1n, Sin.-\u00a0De manera coordinada, elementos de la Secretar\u00eda de la Defensa Nacional, de la Novena Zona Militar, Guardia Nacional y de la Polic\u00eda Estatal Preventiva, lograron el aseguramiento de 5 veh\u00edculos que conten\u00edan en su interior presuntos precursores qu\u00edmicos, asimismo cuatro de estas unidades [&hellip;]<\/p>\n","protected":false},"author":4,"featured_media":50606,"comment_status":"open","ping_status":"open","sticky":false,"template":"","format":"standard","meta":{"tdm_status":"","tdm_grid_status":"","footnotes":""},"categories":[37,1],"tags":[],"class_list":{"0":"post-50601","1":"post","2":"type-post","3":"status-publish","4":"format-standard","5":"has-post-thumbnail","7":"category-nota-principal","8":"category-sin-categoria"},"yoast_head":"<!-- This site is optimized with the Yoast SEO plugin v27.4 - https:\/\/yoast.com\/product\/yoast-seo-wordpress\/ -->\n<title>Camionetas robadas y precursores qu\u00edmicos, lo asegurado tras enfrentamiento en El Salado - Fuentes Fidedignas<\/title>\n<meta name=\"robots\" content=\"index, follow, max-snippet:-1, max-image-preview:large, max-video-preview:-1\" \/>\n<link rel=\"canonical\" href=\"https:\/\/fuentesfidedignas.com.mx\/index.php\/2023\/06\/21\/camionetas-robadas-y-precursores-quimicos-lo-asegurado-tras-enfrentamiento-en-el-salado\/\" \/>\n<meta property=\"og:locale\" content=\"es_MX\" \/>\n<meta property=\"og:type\" content=\"article\" \/>\n<meta property=\"og:title\" content=\"Camionetas robadas y precursores qu\u00edmicos, lo asegurado tras enfrentamiento en El Salado - Fuentes Fidedignas\" \/>\n<meta property=\"og:description\" content=\"Cuatro de las cinco unidades aseguradas, cuentan con reporte de robo Culiac\u00e1n, Sin.-\u00a0De manera coordinada, elementos de la Secretar\u00eda de la Defensa Nacional, de la Novena Zona Militar, Guardia Nacional y de la Polic\u00eda Estatal Preventiva, lograron el aseguramiento de 5 veh\u00edculos que conten\u00edan en su interior presuntos precursores qu\u00edmicos, asimismo cuatro de estas unidades [&hellip;]\" \/>\n<meta property=\"og:url\" content=\"https:\/\/fuentesfidedignas.com.mx\/index.php\/2023\/06\/21\/camionetas-robadas-y-precursores-quimicos-lo-asegurado-tras-enfrentamiento-en-el-salado\/\" \/>\n<meta property=\"og:site_name\" content=\"Fuentes Fidedignas\" \/>\n<meta property=\"article:publisher\" content=\"https:\/\/www.facebook.com\/Fuentes-Fidedignas-368234489921644\" \/>\n<meta property=\"article:published_time\" content=\"2023-06-21T19:15:23+00:00\" \/>\n<meta property=\"article:modified_time\" content=\"2023-06-21T19:40:02+00:00\" \/>\n<meta property=\"og:image\" content=\"https:\/\/fuentesfidedignas.com.mx\/wp-content\/uploads\/2023\/06\/1000079419.jpg\" \/>\n\t<meta property=\"og:image:width\" content=\"640\" \/>\n\t<meta property=\"og:image:height\" content=\"480\" \/>\n\t<meta property=\"og:image:type\" content=\"image\/jpeg\" \/>\n<meta name=\"author\" content=\"Redacci\u00f3n\" \/>\n<meta name=\"twitter:card\" content=\"summary_large_image\" \/>\n<meta name=\"twitter:creator\" content=\"@fidedignas\" \/>\n<meta name=\"twitter:site\" content=\"@fidedignas\" \/>\n<meta name=\"twitter:label1\" content=\"Escrito por\" \/>\n\t<meta name=\"twitter:data1\" content=\"Redacci\u00f3n\" \/>\n\t<meta name=\"twitter:label2\" content=\"Tiempo de lectura\" \/>\n\t<meta name=\"twitter:data2\" content=\"3 minutos\" \/>\n<script type=\"application\/ld+json\" class=\"yoast-schema-graph\">{\"@context\":\"https:\\\/\\\/schema.org\",\"@graph\":[{\"@type\":\"Article\",\"@id\":\"https:\\\/\\\/fuentesfidedignas.com.mx\\\/index.php\\\/2023\\\/06\\\/21\\\/camionetas-robadas-y-precursores-quimicos-lo-asegurado-tras-enfrentamiento-en-el-salado\\\/#article\",\"isPartOf\":{\"@id\":\"https:\\\/\\\/fuentesfidedignas.com.mx\\\/index.php\\\/2023\\\/06\\\/21\\\/camionetas-robadas-y-precursores-quimicos-lo-asegurado-tras-enfrentamiento-en-el-salado\\\/\"},\"author\":{\"name\":\"Redacci\u00f3n\",\"@id\":\"https:\\\/\\\/fuentesfidedignas.com.mx\\\/#\\\/schema\\\/person\\\/331be9283d37198e2acd5750279085b0\"},\"headline\":\"Camionetas robadas y precursores qu\u00edmicos, lo asegurado tras enfrentamiento en El Salado\",\"datePublished\":\"2023-06-21T19:15:23+00:00\",\"dateModified\":\"2023-06-21T19:40:02+00:00\",\"mainEntityOfPage\":{\"@id\":\"https:\\\/\\\/fuentesfidedignas.com.mx\\\/index.php\\\/2023\\\/06\\\/21\\\/camionetas-robadas-y-precursores-quimicos-lo-asegurado-tras-enfrentamiento-en-el-salado\\\/\"},\"wordCount\":366,\"commentCount\":0,\"publisher\":{\"@id\":\"https:\\\/\\\/fuentesfidedignas.com.mx\\\/#organization\"},\"image\":{\"@id\":\"https:\\\/\\\/fuentesfidedignas.com.mx\\\/index.php\\\/2023\\\/06\\\/21\\\/camionetas-robadas-y-precursores-quimicos-lo-asegurado-tras-enfrentamiento-en-el-salado\\\/#primaryimage\"},\"thumbnailUrl\":\"https:\\\/\\\/fuentesfidedignas.com.mx\\\/wp-content\\\/uploads\\\/2023\\\/06\\\/1000079419.jpg\",\"articleSection\":[\"NOTA PRINCIPAL\"],\"inLanguage\":\"es\",\"potentialAction\":[{\"@type\":\"CommentAction\",\"name\":\"Comment\",\"target\":[\"https:\\\/\\\/fuentesfidedignas.com.mx\\\/index.php\\\/2023\\\/06\\\/21\\\/camionetas-robadas-y-precursores-quimicos-lo-asegurado-tras-enfrentamiento-en-el-salado\\\/#respond\"]}]},{\"@type\":\"WebPage\",\"@id\":\"https:\\\/\\\/fuentesfidedignas.com.mx\\\/index.php\\\/2023\\\/06\\\/21\\\/camionetas-robadas-y-precursores-quimicos-lo-asegurado-tras-enfrentamiento-en-el-salado\\\/\",\"url\":\"https:\\\/\\\/fuentesfidedignas.com.mx\\\/index.php\\\/2023\\\/06\\\/21\\\/camionetas-robadas-y-precursores-quimicos-lo-asegurado-tras-enfrentamiento-en-el-salado\\\/\",\"name\":\"Camionetas robadas y precursores qu\u00edmicos, lo asegurado tras enfrentamiento en El Salado - Fuentes Fidedignas\",\"isPartOf\":{\"@id\":\"https:\\\/\\\/fuentesfidedignas.com.mx\\\/#website\"},\"primaryImageOfPage\":{\"@id\":\"https:\\\/\\\/fuentesfidedignas.com.mx\\\/index.php\\\/2023\\\/06\\\/21\\\/camionetas-robadas-y-precursores-quimicos-lo-asegurado-tras-enfrentamiento-en-el-salado\\\/#primaryimage\"},\"image\":{\"@id\":\"https:\\\/\\\/fuentesfidedignas.com.mx\\\/index.php\\\/2023\\\/06\\\/21\\\/camionetas-robadas-y-precursores-quimicos-lo-asegurado-tras-enfrentamiento-en-el-salado\\\/#primaryimage\"},\"thumbnailUrl\":\"https:\\\/\\\/fuentesfidedignas.com.mx\\\/wp-content\\\/uploads\\\/2023\\\/06\\\/1000079419.jpg\",\"datePublished\":\"2023-06-21T19:15:23+00:00\",\"dateModified\":\"2023-06-21T19:40:02+00:00\",\"breadcrumb\":{\"@id\":\"https:\\\/\\\/fuentesfidedignas.com.mx\\\/index.php\\\/2023\\\/06\\\/21\\\/camionetas-robadas-y-precursores-quimicos-lo-asegurado-tras-enfrentamiento-en-el-salado\\\/#breadcrumb\"},\"inLanguage\":\"es\",\"potentialAction\":[{\"@type\":\"ReadAction\",\"target\":[\"https:\\\/\\\/fuentesfidedignas.com.mx\\\/index.php\\\/2023\\\/06\\\/21\\\/camionetas-robadas-y-precursores-quimicos-lo-asegurado-tras-enfrentamiento-en-el-salado\\\/\"]}]},{\"@type\":\"ImageObject\",\"inLanguage\":\"es\",\"@id\":\"https:\\\/\\\/fuentesfidedignas.com.mx\\\/index.php\\\/2023\\\/06\\\/21\\\/camionetas-robadas-y-precursores-quimicos-lo-asegurado-tras-enfrentamiento-en-el-salado\\\/#primaryimage\",\"url\":\"https:\\\/\\\/fuentesfidedignas.com.mx\\\/wp-content\\\/uploads\\\/2023\\\/06\\\/1000079419.jpg\",\"contentUrl\":\"https:\\\/\\\/fuentesfidedignas.com.mx\\\/wp-content\\\/uploads\\\/2023\\\/06\\\/1000079419.jpg\",\"width\":640,\"height\":480},{\"@type\":\"BreadcrumbList\",\"@id\":\"https:\\\/\\\/fuentesfidedignas.com.mx\\\/index.php\\\/2023\\\/06\\\/21\\\/camionetas-robadas-y-precursores-quimicos-lo-asegurado-tras-enfrentamiento-en-el-salado\\\/#breadcrumb\",\"itemListElement\":[{\"@type\":\"ListItem\",\"position\":1,\"name\":\"Inicio\",\"item\":\"https:\\\/\\\/fuentesfidedignas.com.mx\\\/\"},{\"@type\":\"ListItem\",\"position\":2,\"name\":\"Camionetas robadas y precursores qu\u00edmicos, lo asegurado tras enfrentamiento en El Salado\"}]},{\"@type\":\"WebSite\",\"@id\":\"https:\\\/\\\/fuentesfidedignas.com.mx\\\/#website\",\"url\":\"https:\\\/\\\/fuentesfidedignas.com.mx\\\/\",\"name\":\"Fuentes Fidedignas\",\"description\":\"Otro sitio realizado con WordPress\",\"publisher\":{\"@id\":\"https:\\\/\\\/fuentesfidedignas.com.mx\\\/#organization\"},\"potentialAction\":[{\"@type\":\"SearchAction\",\"target\":{\"@type\":\"EntryPoint\",\"urlTemplate\":\"https:\\\/\\\/fuentesfidedignas.com.mx\\\/?s={search_term_string}\"},\"query-input\":{\"@type\":\"PropertyValueSpecification\",\"valueRequired\":true,\"valueName\":\"search_term_string\"}}],\"inLanguage\":\"es\"},{\"@type\":\"Organization\",\"@id\":\"https:\\\/\\\/fuentesfidedignas.com.mx\\\/#organization\",\"name\":\"Fuentes Fidedignas\",\"url\":\"https:\\\/\\\/fuentesfidedignas.com.mx\\\/\",\"logo\":{\"@type\":\"ImageObject\",\"inLanguage\":\"es\",\"@id\":\"https:\\\/\\\/fuentesfidedignas.com.mx\\\/#\\\/schema\\\/logo\\\/image\\\/\",\"url\":\"https:\\\/\\\/fuentesfidedignas.com.mx\\\/wp-content\\\/uploads\\\/2021\\\/04\\\/logo-retina.png\",\"contentUrl\":\"https:\\\/\\\/fuentesfidedignas.com.mx\\\/wp-content\\\/uploads\\\/2021\\\/04\\\/logo-retina.png\",\"width\":280,\"height\":51,\"caption\":\"Fuentes Fidedignas\"},\"image\":{\"@id\":\"https:\\\/\\\/fuentesfidedignas.com.mx\\\/#\\\/schema\\\/logo\\\/image\\\/\"},\"sameAs\":[\"https:\\\/\\\/www.facebook.com\\\/Fuentes-Fidedignas-368234489921644\",\"https:\\\/\\\/x.com\\\/fidedignas\"]},{\"@type\":\"Person\",\"@id\":\"https:\\\/\\\/fuentesfidedignas.com.mx\\\/#\\\/schema\\\/person\\\/331be9283d37198e2acd5750279085b0\",\"name\":\"Redacci\u00f3n\",\"image\":{\"@type\":\"ImageObject\",\"inLanguage\":\"es\",\"@id\":\"https:\\\/\\\/secure.gravatar.com\\\/avatar\\\/f6d8782c11d12b2d4ad3fbb6931aeab5309937a4d6cd2fc9cfaa28a6396a5aec?s=96&d=mm&r=g\",\"url\":\"https:\\\/\\\/secure.gravatar.com\\\/avatar\\\/f6d8782c11d12b2d4ad3fbb6931aeab5309937a4d6cd2fc9cfaa28a6396a5aec?s=96&d=mm&r=g\",\"contentUrl\":\"https:\\\/\\\/secure.gravatar.com\\\/avatar\\\/f6d8782c11d12b2d4ad3fbb6931aeab5309937a4d6cd2fc9cfaa28a6396a5aec?s=96&d=mm&r=g\",\"caption\":\"Redacci\u00f3n\"},\"url\":\"https:\\\/\\\/fuentesfidedignas.com.mx\\\/index.php\\\/author\\\/redaccion\\\/\"}]}<\/script>\n<!-- \/ Yoast SEO plugin. -->","yoast_head_json":{"title":"Camionetas robadas y precursores qu\u00edmicos, lo asegurado tras enfrentamiento en El Salado - Fuentes Fidedignas","robots":{"index":"index","follow":"follow","max-snippet":"max-snippet:-1","max-image-preview":"max-image-preview:large","max-video-preview":"max-video-preview:-1"},"canonical":"https:\/\/fuentesfidedignas.com.mx\/index.php\/2023\/06\/21\/camionetas-robadas-y-precursores-quimicos-lo-asegurado-tras-enfrentamiento-en-el-salado\/","og_locale":"es_MX","og_type":"article","og_title":"Camionetas robadas y precursores qu\u00edmicos, lo asegurado tras enfrentamiento en El Salado - Fuentes Fidedignas","og_description":"Cuatro de las cinco unidades aseguradas, cuentan con reporte de robo Culiac\u00e1n, Sin.-\u00a0De manera coordinada, elementos de la Secretar\u00eda de la Defensa Nacional, de la Novena Zona Militar, Guardia Nacional y de la Polic\u00eda Estatal Preventiva, lograron el aseguramiento de 5 veh\u00edculos que conten\u00edan en su interior presuntos precursores qu\u00edmicos, asimismo cuatro de estas unidades [&hellip;]","og_url":"https:\/\/fuentesfidedignas.com.mx\/index.php\/2023\/06\/21\/camionetas-robadas-y-precursores-quimicos-lo-asegurado-tras-enfrentamiento-en-el-salado\/","og_site_name":"Fuentes Fidedignas","article_publisher":"https:\/\/www.facebook.com\/Fuentes-Fidedignas-368234489921644","article_published_time":"2023-06-21T19:15:23+00:00","article_modified_time":"2023-06-21T19:40:02+00:00","og_image":[{"width":640,"height":480,"url":"https:\/\/fuentesfidedignas.com.mx\/wp-content\/uploads\/2023\/06\/1000079419.jpg","type":"image\/jpeg"}],"author":"Redacci\u00f3n","twitter_card":"summary_large_image","twitter_creator":"@fidedignas","twitter_site":"@fidedignas","twitter_misc":{"Escrito por":"Redacci\u00f3n","Tiempo de lectura":"3 minutos"},"schema":{"@context":"https:\/\/schema.org","@graph":[{"@type":"Article","@id":"https:\/\/fuentesfidedignas.com.mx\/index.php\/2023\/06\/21\/camionetas-robadas-y-precursores-quimicos-lo-asegurado-tras-enfrentamiento-en-el-salado\/#article","isPartOf":{"@id":"https:\/\/fuentesfidedignas.com.mx\/index.php\/2023\/06\/21\/camionetas-robadas-y-precursores-quimicos-lo-asegurado-tras-enfrentamiento-en-el-salado\/"},"author":{"name":"Redacci\u00f3n","@id":"https:\/\/fuentesfidedignas.com.mx\/#\/schema\/person\/331be9283d37198e2acd5750279085b0"},"headline":"Camionetas robadas y precursores qu\u00edmicos, lo asegurado tras enfrentamiento en El Salado","datePublished":"2023-06-21T19:15:23+00:00","dateModified":"2023-06-21T19:40:02+00:00","mainEntityOfPage":{"@id":"https:\/\/fuentesfidedignas.com.mx\/index.php\/2023\/06\/21\/camionetas-robadas-y-precursores-quimicos-lo-asegurado-tras-enfrentamiento-en-el-salado\/"},"wordCount":366,"commentCount":0,"publisher":{"@id":"https:\/\/fuentesfidedignas.com.mx\/#organization"},"image":{"@id":"https:\/\/fuentesfidedignas.com.mx\/index.php\/2023\/06\/21\/camionetas-robadas-y-precursores-quimicos-lo-asegurado-tras-enfrentamiento-en-el-salado\/#primaryimage"},"thumbnailUrl":"https:\/\/fuentesfidedignas.com.mx\/wp-content\/uploads\/2023\/06\/1000079419.jpg","articleSection":["NOTA PRINCIPAL"],"inLanguage":"es","potentialAction":[{"@type":"CommentAction","name":"Comment","target":["https:\/\/fuentesfidedignas.com.mx\/index.php\/2023\/06\/21\/camionetas-robadas-y-precursores-quimicos-lo-asegurado-tras-enfrentamiento-en-el-salado\/#respond"]}]},{"@type":"WebPage","@id":"https:\/\/fuentesfidedignas.com.mx\/index.php\/2023\/06\/21\/camionetas-robadas-y-precursores-quimicos-lo-asegurado-tras-enfrentamiento-en-el-salado\/","url":"https:\/\/fuentesfidedignas.com.mx\/index.php\/2023\/06\/21\/camionetas-robadas-y-precursores-quimicos-lo-asegurado-tras-enfrentamiento-en-el-salado\/","name":"Camionetas robadas y precursores qu\u00edmicos, lo asegurado tras enfrentamiento en El Salado - Fuentes Fidedignas","isPartOf":{"@id":"https:\/\/fuentesfidedignas.com.mx\/#website"},"primaryImageOfPage":{"@id":"https:\/\/fuentesfidedignas.com.mx\/index.php\/2023\/06\/21\/camionetas-robadas-y-precursores-quimicos-lo-asegurado-tras-enfrentamiento-en-el-salado\/#primaryimage"},"image":{"@id":"https:\/\/fuentesfidedignas.com.mx\/index.php\/2023\/06\/21\/camionetas-robadas-y-precursores-quimicos-lo-asegurado-tras-enfrentamiento-en-el-salado\/#primaryimage"},"thumbnailUrl":"https:\/\/fuentesfidedignas.com.mx\/wp-content\/uploads\/2023\/06\/1000079419.jpg","datePublished":"2023-06-21T19:15:23+00:00","dateModified":"2023-06-21T19:40:02+00:00","breadcrumb":{"@id":"https:\/\/fuentesfidedignas.com.mx\/index.php\/2023\/06\/21\/camionetas-robadas-y-precursores-quimicos-lo-asegurado-tras-enfrentamiento-en-el-salado\/#breadcrumb"},"inLanguage":"es","potentialAction":[{"@type":"ReadAction","target":["https:\/\/fuentesfidedignas.com.mx\/index.php\/2023\/06\/21\/camionetas-robadas-y-precursores-quimicos-lo-asegurado-tras-enfrentamiento-en-el-salado\/"]}]},{"@type":"ImageObject","inLanguage":"es","@id":"https:\/\/fuentesfidedignas.com.mx\/index.php\/2023\/06\/21\/camionetas-robadas-y-precursores-quimicos-lo-asegurado-tras-enfrentamiento-en-el-salado\/#primaryimage","url":"https:\/\/fuentesfidedignas.com.mx\/wp-content\/uploads\/2023\/06\/1000079419.jpg","contentUrl":"https:\/\/fuentesfidedignas.com.mx\/wp-content\/uploads\/2023\/06\/1000079419.jpg","width":640,"height":480},{"@type":"BreadcrumbList","@id":"https:\/\/fuentesfidedignas.com.mx\/index.php\/2023\/06\/21\/camionetas-robadas-y-precursores-quimicos-lo-asegurado-tras-enfrentamiento-en-el-salado\/#breadcrumb","itemListElement":[{"@type":"ListItem","position":1,"name":"Inicio","item":"https:\/\/fuentesfidedignas.com.mx\/"},{"@type":"ListItem","position":2,"name":"Camionetas robadas y precursores qu\u00edmicos, lo asegurado tras enfrentamiento en El Salado"}]},{"@type":"WebSite","@id":"https:\/\/fuentesfidedignas.com.mx\/#website","url":"https:\/\/fuentesfidedignas.com.mx\/","name":"Fuentes Fidedignas","description":"Otro sitio realizado con WordPress","publisher":{"@id":"https:\/\/fuentesfidedignas.com.mx\/#organization"},"potentialAction":[{"@type":"SearchAction","target":{"@type":"EntryPoint","urlTemplate":"https:\/\/fuentesfidedignas.com.mx\/?s={search_term_string}"},"query-input":{"@type":"PropertyValueSpecification","valueRequired":true,"valueName":"search_term_string"}}],"inLanguage":"es"},{"@type":"Organization","@id":"https:\/\/fuentesfidedignas.com.mx\/#organization","name":"Fuentes Fidedignas","url":"https:\/\/fuentesfidedignas.com.mx\/","logo":{"@type":"ImageObject","inLanguage":"es","@id":"https:\/\/fuentesfidedignas.com.mx\/#\/schema\/logo\/image\/","url":"https:\/\/fuentesfidedignas.com.mx\/wp-content\/uploads\/2021\/04\/logo-retina.png","contentUrl":"https:\/\/fuentesfidedignas.com.mx\/wp-content\/uploads\/2021\/04\/logo-retina.png","width":280,"height":51,"caption":"Fuentes Fidedignas"},"image":{"@id":"https:\/\/fuentesfidedignas.com.mx\/#\/schema\/logo\/image\/"},"sameAs":["https:\/\/www.facebook.com\/Fuentes-Fidedignas-368234489921644","https:\/\/x.com\/fidedignas"]},{"@type":"Person","@id":"https:\/\/fuentesfidedignas.com.mx\/#\/schema\/person\/331be9283d37198e2acd5750279085b0","name":"Redacci\u00f3n","image":{"@type":"ImageObject","inLanguage":"es","@id":"https:\/\/secure.gravatar.com\/avatar\/f6d8782c11d12b2d4ad3fbb6931aeab5309937a4d6cd2fc9cfaa28a6396a5aec?s=96&d=mm&r=g","url":"https:\/\/secure.gravatar.com\/avatar\/f6d8782c11d12b2d4ad3fbb6931aeab5309937a4d6cd2fc9cfaa28a6396a5aec?s=96&d=mm&r=g","contentUrl":"https:\/\/secure.gravatar.com\/avatar\/f6d8782c11d12b2d4ad3fbb6931aeab5309937a4d6cd2fc9cfaa28a6396a5aec?s=96&d=mm&r=g","caption":"Redacci\u00f3n"},"url":"https:\/\/fuentesfidedignas.com.mx\/index.php\/author\/redaccion\/"}]}},"_links":{"self":[{"href":"https:\/\/fuentesfidedignas.com.mx\/index.php\/wp-json\/wp\/v2\/posts\/50601","targetHints":{"allow":["GET"]}}],"collection":[{"href":"https:\/\/fuentesfidedignas.com.mx\/index.php\/wp-json\/wp\/v2\/posts"}],"about":[{"href":"https:\/\/fuentesfidedignas.com.mx\/index.php\/wp-json\/wp\/v2\/types\/post"}],"author":[{"embeddable":true,"href":"https:\/\/fuentesfidedignas.com.mx\/index.php\/wp-json\/wp\/v2\/users\/4"}],"replies":[{"embeddable":true,"href":"https:\/\/fuentesfidedignas.com.mx\/index.php\/wp-json\/wp\/v2\/comments?post=50601"}],"version-history":[{"count":1,"href":"https:\/\/fuentesfidedignas.com.mx\/index.php\/wp-json\/wp\/v2\/posts\/50601\/revisions"}],"predecessor-version":[{"id":50609,"href":"https:\/\/fuentesfidedignas.com.mx\/index.php\/wp-json\/wp\/v2\/posts\/50601\/revisions\/50609"}],"wp:featuredmedia":[{"embeddable":true,"href":"https:\/\/fuentesfidedignas.com.mx\/index.php\/wp-json\/wp\/v2\/media\/50606"}],"wp:attachment":[{"href":"https:\/\/fuentesfidedignas.com.mx\/index.php\/wp-json\/wp\/v2\/media?parent=50601"}],"wp:term":[{"taxonomy":"category","embeddable":true,"href":"https:\/\/fuentesfidedignas.com.mx\/index.php\/wp-json\/wp\/v2\/categories?post=50601"},{"taxonomy":"post_tag","embeddable":true,"href":"https:\/\/fuentesfidedignas.com.mx\/index.php\/wp-json\/wp\/v2\/tags?post=50601"}],"curies":[{"name":"wp","href":"https:\/\/api.w.org\/{rel}","templated":true}]}}