{"id":50525,"date":"2023-06-20T10:39:00","date_gmt":"2023-06-20T17:39:00","guid":{"rendered":"https:\/\/fuentesfidedignas.com.mx\/?p=50525"},"modified":"2023-06-20T15:40:01","modified_gmt":"2023-06-20T22:40:01","slug":"ninos-podran-disfrutar-de-actividades-de-verano-en-mis-vacaciones-en-la-biblioteca","status":"publish","type":"post","link":"https:\/\/fuentesfidedignas.com.mx\/index.php\/2023\/06\/20\/ninos-podran-disfrutar-de-actividades-de-verano-en-mis-vacaciones-en-la-biblioteca\/","title":{"rendered":"Ni\u00f1os podr\u00e1n disfrutar de actividades de verano en \u201cMis vacaciones en la biblioteca\u201d"},"content":{"rendered":"\n<p><strong><em>Se espera la participaci\u00f3n de 60 ni\u00f1os en las edades de 6 a 12 a\u00f1os, con la intenci\u00f3n de que se diviertan de una manera l\u00fadica y aprendan de la ciencia y de las artes<\/em><\/strong><\/p>\n\n\n\n<p>Culiac\u00e1n, Sin.- La Direcci\u00f3n General de Bibliotecas de la Universidad Aut\u00f3noma de Sinaloa (UAS), a trav\u00e9s de la Coordinaci\u00f3n de la Sala de Lectura Infantil, pondr\u00e1 en marcha este lunes 3 de Julio del presente una serie de actividades de verano denominadas \u201cMis vacaciones en la biblioteca\u201d.<\/p>\n\n\n\n<p>La licenciada Iracema Cervantes Amarillas, responsable de la Sala de Lectura Infantil, indic\u00f3 que en estas actividades se espera la participaci\u00f3n de 60 ni\u00f1os en las edades de 6 a 12 a\u00f1os, con la intenci\u00f3n de que se diviertan de una manera l\u00fadica y aprendan de la ciencia y de las artes.<\/p>\n\n\n\n<p>En relaci\u00f3n a las actividades a desarrollar, Cervantes Amarillas dijo que ser\u00e1n muy variadas e iniciar\u00e1n con las artes, para posteriormente continuar con otras relacionadas con el uso de las tecnolog\u00edas y manejo de drones, as\u00ed como tambi\u00e9n que sepan maneja el telescopio, actividades planetarias, de cocina y de qu\u00edmica, para finalmente concluir con un rally.<\/p>\n\n\n\n<p>Agradeci\u00f3 al doctor Joel Cuadras Ur\u00edas por el enorme apoyo a estas actividades de este gran proyecto infantil ya consolidado, as\u00ed como tambi\u00e9n a los compa\u00f1eros de la biblioteca por su colaboraci\u00f3n, al personal de la Facultad de Ciencia de la Tierra y el Espacio (FACITE) y a los de la Facultad de Qu\u00edmica.<\/p>\n\n\n\n<p>Finalmente, la responsable de la Sala de Lectura Infantil reconoci\u00f3 a todos los ni\u00f1os por su enorme inter\u00e9s mostrado a lo largo de todo el a\u00f1o en estas actividades como es el caso del programa\u201d De Grande quiero ser\u201d, as\u00ed como los c\u00edrculos de lectura, las asesor\u00edas y todos los programas que tienen pertinencia con los infantes que les permitan adquirir buenos aprendizajes.<\/p>\n","protected":false},"excerpt":{"rendered":"<p>Se espera la participaci\u00f3n de 60 ni\u00f1os en las edades de 6 a 12 a\u00f1os, con la intenci\u00f3n de que se diviertan de una manera l\u00fadica y aprendan de la ciencia y de las artes Culiac\u00e1n, Sin.- La Direcci\u00f3n General de Bibliotecas de la Universidad Aut\u00f3noma de Sinaloa (UAS), a trav\u00e9s de la Coordinaci\u00f3n de [&hellip;]<\/p>\n","protected":false},"author":11,"featured_media":50526,"comment_status":"open","ping_status":"open","sticky":false,"template":"","format":"standard","meta":{"tdm_status":"","tdm_grid_status":"","footnotes":""},"categories":[38],"tags":[],"class_list":{"0":"post-50525","1":"post","2":"type-post","3":"status-publish","4":"format-standard","5":"has-post-thumbnail","7":"category-noticias-locales"},"yoast_head":"<!-- This site is optimized with the Yoast SEO plugin v27.4 - https:\/\/yoast.com\/product\/yoast-seo-wordpress\/ -->\n<title>Ni\u00f1os podr\u00e1n disfrutar de actividades de verano en \u201cMis vacaciones en la biblioteca\u201d - Fuentes Fidedignas<\/title>\n<meta name=\"robots\" content=\"index, follow, max-snippet:-1, max-image-preview:large, max-video-preview:-1\" \/>\n<link rel=\"canonical\" href=\"https:\/\/fuentesfidedignas.com.mx\/index.php\/2023\/06\/20\/ninos-podran-disfrutar-de-actividades-de-verano-en-mis-vacaciones-en-la-biblioteca\/\" \/>\n<meta property=\"og:locale\" content=\"es_MX\" \/>\n<meta property=\"og:type\" content=\"article\" \/>\n<meta property=\"og:title\" content=\"Ni\u00f1os podr\u00e1n disfrutar de actividades de verano en \u201cMis vacaciones en la biblioteca\u201d - Fuentes Fidedignas\" \/>\n<meta property=\"og:description\" content=\"Se espera la participaci\u00f3n de 60 ni\u00f1os en las edades de 6 a 12 a\u00f1os, con la intenci\u00f3n de que se diviertan de una manera l\u00fadica y aprendan de la ciencia y de las artes Culiac\u00e1n, Sin.- La Direcci\u00f3n General de Bibliotecas de la Universidad Aut\u00f3noma de Sinaloa (UAS), a trav\u00e9s de la Coordinaci\u00f3n de [&hellip;]\" \/>\n<meta property=\"og:url\" content=\"https:\/\/fuentesfidedignas.com.mx\/index.php\/2023\/06\/20\/ninos-podran-disfrutar-de-actividades-de-verano-en-mis-vacaciones-en-la-biblioteca\/\" \/>\n<meta property=\"og:site_name\" content=\"Fuentes Fidedignas\" \/>\n<meta property=\"article:publisher\" content=\"https:\/\/www.facebook.com\/Fuentes-Fidedignas-368234489921644\" \/>\n<meta property=\"article:published_time\" content=\"2023-06-20T17:39:00+00:00\" \/>\n<meta property=\"article:modified_time\" content=\"2023-06-20T22:40:01+00:00\" \/>\n<meta property=\"og:image\" content=\"https:\/\/fuentesfidedignas.com.mx\/wp-content\/uploads\/2023\/06\/20-JUNIO-BIBLIOTECA-CENTRAL-MIS-VACACIONES-EN-LA-BIBLIOTECA-14-e1687300738172.jpg\" \/>\n\t<meta property=\"og:image:width\" content=\"600\" \/>\n\t<meta property=\"og:image:height\" content=\"400\" \/>\n\t<meta property=\"og:image:type\" content=\"image\/jpeg\" \/>\n<meta name=\"author\" content=\"Marissa Palafox\" \/>\n<meta name=\"twitter:card\" content=\"summary_large_image\" \/>\n<meta name=\"twitter:creator\" content=\"@fidedignas\" \/>\n<meta name=\"twitter:site\" content=\"@fidedignas\" \/>\n<meta name=\"twitter:label1\" content=\"Escrito por\" \/>\n\t<meta name=\"twitter:data1\" content=\"Marissa Palafox\" \/>\n\t<meta name=\"twitter:label2\" content=\"Tiempo de lectura\" \/>\n\t<meta name=\"twitter:data2\" content=\"2 minutos\" \/>\n<script type=\"application\/ld+json\" class=\"yoast-schema-graph\">{\"@context\":\"https:\\\/\\\/schema.org\",\"@graph\":[{\"@type\":\"Article\",\"@id\":\"https:\\\/\\\/fuentesfidedignas.com.mx\\\/index.php\\\/2023\\\/06\\\/20\\\/ninos-podran-disfrutar-de-actividades-de-verano-en-mis-vacaciones-en-la-biblioteca\\\/#article\",\"isPartOf\":{\"@id\":\"https:\\\/\\\/fuentesfidedignas.com.mx\\\/index.php\\\/2023\\\/06\\\/20\\\/ninos-podran-disfrutar-de-actividades-de-verano-en-mis-vacaciones-en-la-biblioteca\\\/\"},\"author\":{\"name\":\"Marissa Palafox\",\"@id\":\"https:\\\/\\\/fuentesfidedignas.com.mx\\\/#\\\/schema\\\/person\\\/2c10028b4a30078c05a056a215342ab9\"},\"headline\":\"Ni\u00f1os podr\u00e1n disfrutar de actividades de verano en \u201cMis vacaciones en la biblioteca\u201d\",\"datePublished\":\"2023-06-20T17:39:00+00:00\",\"dateModified\":\"2023-06-20T22:40:01+00:00\",\"mainEntityOfPage\":{\"@id\":\"https:\\\/\\\/fuentesfidedignas.com.mx\\\/index.php\\\/2023\\\/06\\\/20\\\/ninos-podran-disfrutar-de-actividades-de-verano-en-mis-vacaciones-en-la-biblioteca\\\/\"},\"wordCount\":347,\"commentCount\":0,\"publisher\":{\"@id\":\"https:\\\/\\\/fuentesfidedignas.com.mx\\\/#organization\"},\"image\":{\"@id\":\"https:\\\/\\\/fuentesfidedignas.com.mx\\\/index.php\\\/2023\\\/06\\\/20\\\/ninos-podran-disfrutar-de-actividades-de-verano-en-mis-vacaciones-en-la-biblioteca\\\/#primaryimage\"},\"thumbnailUrl\":\"https:\\\/\\\/fuentesfidedignas.com.mx\\\/wp-content\\\/uploads\\\/2023\\\/06\\\/20-JUNIO-BIBLIOTECA-CENTRAL-MIS-VACACIONES-EN-LA-BIBLIOTECA-14-e1687300738172.jpg\",\"articleSection\":[\"NOTICIAS LOCALES\"],\"inLanguage\":\"es\",\"potentialAction\":[{\"@type\":\"CommentAction\",\"name\":\"Comment\",\"target\":[\"https:\\\/\\\/fuentesfidedignas.com.mx\\\/index.php\\\/2023\\\/06\\\/20\\\/ninos-podran-disfrutar-de-actividades-de-verano-en-mis-vacaciones-en-la-biblioteca\\\/#respond\"]}]},{\"@type\":\"WebPage\",\"@id\":\"https:\\\/\\\/fuentesfidedignas.com.mx\\\/index.php\\\/2023\\\/06\\\/20\\\/ninos-podran-disfrutar-de-actividades-de-verano-en-mis-vacaciones-en-la-biblioteca\\\/\",\"url\":\"https:\\\/\\\/fuentesfidedignas.com.mx\\\/index.php\\\/2023\\\/06\\\/20\\\/ninos-podran-disfrutar-de-actividades-de-verano-en-mis-vacaciones-en-la-biblioteca\\\/\",\"name\":\"Ni\u00f1os podr\u00e1n disfrutar de actividades de verano en \u201cMis vacaciones en la biblioteca\u201d - Fuentes Fidedignas\",\"isPartOf\":{\"@id\":\"https:\\\/\\\/fuentesfidedignas.com.mx\\\/#website\"},\"primaryImageOfPage\":{\"@id\":\"https:\\\/\\\/fuentesfidedignas.com.mx\\\/index.php\\\/2023\\\/06\\\/20\\\/ninos-podran-disfrutar-de-actividades-de-verano-en-mis-vacaciones-en-la-biblioteca\\\/#primaryimage\"},\"image\":{\"@id\":\"https:\\\/\\\/fuentesfidedignas.com.mx\\\/index.php\\\/2023\\\/06\\\/20\\\/ninos-podran-disfrutar-de-actividades-de-verano-en-mis-vacaciones-en-la-biblioteca\\\/#primaryimage\"},\"thumbnailUrl\":\"https:\\\/\\\/fuentesfidedignas.com.mx\\\/wp-content\\\/uploads\\\/2023\\\/06\\\/20-JUNIO-BIBLIOTECA-CENTRAL-MIS-VACACIONES-EN-LA-BIBLIOTECA-14-e1687300738172.jpg\",\"datePublished\":\"2023-06-20T17:39:00+00:00\",\"dateModified\":\"2023-06-20T22:40:01+00:00\",\"breadcrumb\":{\"@id\":\"https:\\\/\\\/fuentesfidedignas.com.mx\\\/index.php\\\/2023\\\/06\\\/20\\\/ninos-podran-disfrutar-de-actividades-de-verano-en-mis-vacaciones-en-la-biblioteca\\\/#breadcrumb\"},\"inLanguage\":\"es\",\"potentialAction\":[{\"@type\":\"ReadAction\",\"target\":[\"https:\\\/\\\/fuentesfidedignas.com.mx\\\/index.php\\\/2023\\\/06\\\/20\\\/ninos-podran-disfrutar-de-actividades-de-verano-en-mis-vacaciones-en-la-biblioteca\\\/\"]}]},{\"@type\":\"ImageObject\",\"inLanguage\":\"es\",\"@id\":\"https:\\\/\\\/fuentesfidedignas.com.mx\\\/index.php\\\/2023\\\/06\\\/20\\\/ninos-podran-disfrutar-de-actividades-de-verano-en-mis-vacaciones-en-la-biblioteca\\\/#primaryimage\",\"url\":\"https:\\\/\\\/fuentesfidedignas.com.mx\\\/wp-content\\\/uploads\\\/2023\\\/06\\\/20-JUNIO-BIBLIOTECA-CENTRAL-MIS-VACACIONES-EN-LA-BIBLIOTECA-14-e1687300738172.jpg\",\"contentUrl\":\"https:\\\/\\\/fuentesfidedignas.com.mx\\\/wp-content\\\/uploads\\\/2023\\\/06\\\/20-JUNIO-BIBLIOTECA-CENTRAL-MIS-VACACIONES-EN-LA-BIBLIOTECA-14-e1687300738172.jpg\",\"width\":600,\"height\":400},{\"@type\":\"BreadcrumbList\",\"@id\":\"https:\\\/\\\/fuentesfidedignas.com.mx\\\/index.php\\\/2023\\\/06\\\/20\\\/ninos-podran-disfrutar-de-actividades-de-verano-en-mis-vacaciones-en-la-biblioteca\\\/#breadcrumb\",\"itemListElement\":[{\"@type\":\"ListItem\",\"position\":1,\"name\":\"Inicio\",\"item\":\"https:\\\/\\\/fuentesfidedignas.com.mx\\\/\"},{\"@type\":\"ListItem\",\"position\":2,\"name\":\"Ni\u00f1os podr\u00e1n disfrutar de actividades de verano en \u201cMis vacaciones en la biblioteca\u201d\"}]},{\"@type\":\"WebSite\",\"@id\":\"https:\\\/\\\/fuentesfidedignas.com.mx\\\/#website\",\"url\":\"https:\\\/\\\/fuentesfidedignas.com.mx\\\/\",\"name\":\"Fuentes Fidedignas\",\"description\":\"Otro sitio realizado con WordPress\",\"publisher\":{\"@id\":\"https:\\\/\\\/fuentesfidedignas.com.mx\\\/#organization\"},\"potentialAction\":[{\"@type\":\"SearchAction\",\"target\":{\"@type\":\"EntryPoint\",\"urlTemplate\":\"https:\\\/\\\/fuentesfidedignas.com.mx\\\/?s={search_term_string}\"},\"query-input\":{\"@type\":\"PropertyValueSpecification\",\"valueRequired\":true,\"valueName\":\"search_term_string\"}}],\"inLanguage\":\"es\"},{\"@type\":\"Organization\",\"@id\":\"https:\\\/\\\/fuentesfidedignas.com.mx\\\/#organization\",\"name\":\"Fuentes Fidedignas\",\"url\":\"https:\\\/\\\/fuentesfidedignas.com.mx\\\/\",\"logo\":{\"@type\":\"ImageObject\",\"inLanguage\":\"es\",\"@id\":\"https:\\\/\\\/fuentesfidedignas.com.mx\\\/#\\\/schema\\\/logo\\\/image\\\/\",\"url\":\"https:\\\/\\\/fuentesfidedignas.com.mx\\\/wp-content\\\/uploads\\\/2021\\\/04\\\/logo-retina.png\",\"contentUrl\":\"https:\\\/\\\/fuentesfidedignas.com.mx\\\/wp-content\\\/uploads\\\/2021\\\/04\\\/logo-retina.png\",\"width\":280,\"height\":51,\"caption\":\"Fuentes Fidedignas\"},\"image\":{\"@id\":\"https:\\\/\\\/fuentesfidedignas.com.mx\\\/#\\\/schema\\\/logo\\\/image\\\/\"},\"sameAs\":[\"https:\\\/\\\/www.facebook.com\\\/Fuentes-Fidedignas-368234489921644\",\"https:\\\/\\\/x.com\\\/fidedignas\"]},{\"@type\":\"Person\",\"@id\":\"https:\\\/\\\/fuentesfidedignas.com.mx\\\/#\\\/schema\\\/person\\\/2c10028b4a30078c05a056a215342ab9\",\"name\":\"Marissa Palafox\",\"image\":{\"@type\":\"ImageObject\",\"inLanguage\":\"es\",\"@id\":\"https:\\\/\\\/secure.gravatar.com\\\/avatar\\\/20a43bdb2f2db10f20b22d4e98b96eb027faf98f7f76d29854dc5fab46d1cf71?s=96&d=mm&r=g\",\"url\":\"https:\\\/\\\/secure.gravatar.com\\\/avatar\\\/20a43bdb2f2db10f20b22d4e98b96eb027faf98f7f76d29854dc5fab46d1cf71?s=96&d=mm&r=g\",\"contentUrl\":\"https:\\\/\\\/secure.gravatar.com\\\/avatar\\\/20a43bdb2f2db10f20b22d4e98b96eb027faf98f7f76d29854dc5fab46d1cf71?s=96&d=mm&r=g\",\"caption\":\"Marissa Palafox\"},\"url\":\"https:\\\/\\\/fuentesfidedignas.com.mx\\\/index.php\\\/author\\\/marissa\\\/\"}]}<\/script>\n<!-- \/ Yoast SEO plugin. -->","yoast_head_json":{"title":"Ni\u00f1os podr\u00e1n disfrutar de actividades de verano en \u201cMis vacaciones en la biblioteca\u201d - Fuentes Fidedignas","robots":{"index":"index","follow":"follow","max-snippet":"max-snippet:-1","max-image-preview":"max-image-preview:large","max-video-preview":"max-video-preview:-1"},"canonical":"https:\/\/fuentesfidedignas.com.mx\/index.php\/2023\/06\/20\/ninos-podran-disfrutar-de-actividades-de-verano-en-mis-vacaciones-en-la-biblioteca\/","og_locale":"es_MX","og_type":"article","og_title":"Ni\u00f1os podr\u00e1n disfrutar de actividades de verano en \u201cMis vacaciones en la biblioteca\u201d - Fuentes Fidedignas","og_description":"Se espera la participaci\u00f3n de 60 ni\u00f1os en las edades de 6 a 12 a\u00f1os, con la intenci\u00f3n de que se diviertan de una manera l\u00fadica y aprendan de la ciencia y de las artes Culiac\u00e1n, Sin.- La Direcci\u00f3n General de Bibliotecas de la Universidad Aut\u00f3noma de Sinaloa (UAS), a trav\u00e9s de la Coordinaci\u00f3n de [&hellip;]","og_url":"https:\/\/fuentesfidedignas.com.mx\/index.php\/2023\/06\/20\/ninos-podran-disfrutar-de-actividades-de-verano-en-mis-vacaciones-en-la-biblioteca\/","og_site_name":"Fuentes Fidedignas","article_publisher":"https:\/\/www.facebook.com\/Fuentes-Fidedignas-368234489921644","article_published_time":"2023-06-20T17:39:00+00:00","article_modified_time":"2023-06-20T22:40:01+00:00","og_image":[{"width":600,"height":400,"url":"https:\/\/fuentesfidedignas.com.mx\/wp-content\/uploads\/2023\/06\/20-JUNIO-BIBLIOTECA-CENTRAL-MIS-VACACIONES-EN-LA-BIBLIOTECA-14-e1687300738172.jpg","type":"image\/jpeg"}],"author":"Marissa Palafox","twitter_card":"summary_large_image","twitter_creator":"@fidedignas","twitter_site":"@fidedignas","twitter_misc":{"Escrito por":"Marissa Palafox","Tiempo de lectura":"2 minutos"},"schema":{"@context":"https:\/\/schema.org","@graph":[{"@type":"Article","@id":"https:\/\/fuentesfidedignas.com.mx\/index.php\/2023\/06\/20\/ninos-podran-disfrutar-de-actividades-de-verano-en-mis-vacaciones-en-la-biblioteca\/#article","isPartOf":{"@id":"https:\/\/fuentesfidedignas.com.mx\/index.php\/2023\/06\/20\/ninos-podran-disfrutar-de-actividades-de-verano-en-mis-vacaciones-en-la-biblioteca\/"},"author":{"name":"Marissa Palafox","@id":"https:\/\/fuentesfidedignas.com.mx\/#\/schema\/person\/2c10028b4a30078c05a056a215342ab9"},"headline":"Ni\u00f1os podr\u00e1n disfrutar de actividades de verano en \u201cMis vacaciones en la biblioteca\u201d","datePublished":"2023-06-20T17:39:00+00:00","dateModified":"2023-06-20T22:40:01+00:00","mainEntityOfPage":{"@id":"https:\/\/fuentesfidedignas.com.mx\/index.php\/2023\/06\/20\/ninos-podran-disfrutar-de-actividades-de-verano-en-mis-vacaciones-en-la-biblioteca\/"},"wordCount":347,"commentCount":0,"publisher":{"@id":"https:\/\/fuentesfidedignas.com.mx\/#organization"},"image":{"@id":"https:\/\/fuentesfidedignas.com.mx\/index.php\/2023\/06\/20\/ninos-podran-disfrutar-de-actividades-de-verano-en-mis-vacaciones-en-la-biblioteca\/#primaryimage"},"thumbnailUrl":"https:\/\/fuentesfidedignas.com.mx\/wp-content\/uploads\/2023\/06\/20-JUNIO-BIBLIOTECA-CENTRAL-MIS-VACACIONES-EN-LA-BIBLIOTECA-14-e1687300738172.jpg","articleSection":["NOTICIAS LOCALES"],"inLanguage":"es","potentialAction":[{"@type":"CommentAction","name":"Comment","target":["https:\/\/fuentesfidedignas.com.mx\/index.php\/2023\/06\/20\/ninos-podran-disfrutar-de-actividades-de-verano-en-mis-vacaciones-en-la-biblioteca\/#respond"]}]},{"@type":"WebPage","@id":"https:\/\/fuentesfidedignas.com.mx\/index.php\/2023\/06\/20\/ninos-podran-disfrutar-de-actividades-de-verano-en-mis-vacaciones-en-la-biblioteca\/","url":"https:\/\/fuentesfidedignas.com.mx\/index.php\/2023\/06\/20\/ninos-podran-disfrutar-de-actividades-de-verano-en-mis-vacaciones-en-la-biblioteca\/","name":"Ni\u00f1os podr\u00e1n disfrutar de actividades de verano en \u201cMis vacaciones en la biblioteca\u201d - Fuentes Fidedignas","isPartOf":{"@id":"https:\/\/fuentesfidedignas.com.mx\/#website"},"primaryImageOfPage":{"@id":"https:\/\/fuentesfidedignas.com.mx\/index.php\/2023\/06\/20\/ninos-podran-disfrutar-de-actividades-de-verano-en-mis-vacaciones-en-la-biblioteca\/#primaryimage"},"image":{"@id":"https:\/\/fuentesfidedignas.com.mx\/index.php\/2023\/06\/20\/ninos-podran-disfrutar-de-actividades-de-verano-en-mis-vacaciones-en-la-biblioteca\/#primaryimage"},"thumbnailUrl":"https:\/\/fuentesfidedignas.com.mx\/wp-content\/uploads\/2023\/06\/20-JUNIO-BIBLIOTECA-CENTRAL-MIS-VACACIONES-EN-LA-BIBLIOTECA-14-e1687300738172.jpg","datePublished":"2023-06-20T17:39:00+00:00","dateModified":"2023-06-20T22:40:01+00:00","breadcrumb":{"@id":"https:\/\/fuentesfidedignas.com.mx\/index.php\/2023\/06\/20\/ninos-podran-disfrutar-de-actividades-de-verano-en-mis-vacaciones-en-la-biblioteca\/#breadcrumb"},"inLanguage":"es","potentialAction":[{"@type":"ReadAction","target":["https:\/\/fuentesfidedignas.com.mx\/index.php\/2023\/06\/20\/ninos-podran-disfrutar-de-actividades-de-verano-en-mis-vacaciones-en-la-biblioteca\/"]}]},{"@type":"ImageObject","inLanguage":"es","@id":"https:\/\/fuentesfidedignas.com.mx\/index.php\/2023\/06\/20\/ninos-podran-disfrutar-de-actividades-de-verano-en-mis-vacaciones-en-la-biblioteca\/#primaryimage","url":"https:\/\/fuentesfidedignas.com.mx\/wp-content\/uploads\/2023\/06\/20-JUNIO-BIBLIOTECA-CENTRAL-MIS-VACACIONES-EN-LA-BIBLIOTECA-14-e1687300738172.jpg","contentUrl":"https:\/\/fuentesfidedignas.com.mx\/wp-content\/uploads\/2023\/06\/20-JUNIO-BIBLIOTECA-CENTRAL-MIS-VACACIONES-EN-LA-BIBLIOTECA-14-e1687300738172.jpg","width":600,"height":400},{"@type":"BreadcrumbList","@id":"https:\/\/fuentesfidedignas.com.mx\/index.php\/2023\/06\/20\/ninos-podran-disfrutar-de-actividades-de-verano-en-mis-vacaciones-en-la-biblioteca\/#breadcrumb","itemListElement":[{"@type":"ListItem","position":1,"name":"Inicio","item":"https:\/\/fuentesfidedignas.com.mx\/"},{"@type":"ListItem","position":2,"name":"Ni\u00f1os podr\u00e1n disfrutar de actividades de verano en \u201cMis vacaciones en la biblioteca\u201d"}]},{"@type":"WebSite","@id":"https:\/\/fuentesfidedignas.com.mx\/#website","url":"https:\/\/fuentesfidedignas.com.mx\/","name":"Fuentes Fidedignas","description":"Otro sitio realizado con WordPress","publisher":{"@id":"https:\/\/fuentesfidedignas.com.mx\/#organization"},"potentialAction":[{"@type":"SearchAction","target":{"@type":"EntryPoint","urlTemplate":"https:\/\/fuentesfidedignas.com.mx\/?s={search_term_string}"},"query-input":{"@type":"PropertyValueSpecification","valueRequired":true,"valueName":"search_term_string"}}],"inLanguage":"es"},{"@type":"Organization","@id":"https:\/\/fuentesfidedignas.com.mx\/#organization","name":"Fuentes Fidedignas","url":"https:\/\/fuentesfidedignas.com.mx\/","logo":{"@type":"ImageObject","inLanguage":"es","@id":"https:\/\/fuentesfidedignas.com.mx\/#\/schema\/logo\/image\/","url":"https:\/\/fuentesfidedignas.com.mx\/wp-content\/uploads\/2021\/04\/logo-retina.png","contentUrl":"https:\/\/fuentesfidedignas.com.mx\/wp-content\/uploads\/2021\/04\/logo-retina.png","width":280,"height":51,"caption":"Fuentes Fidedignas"},"image":{"@id":"https:\/\/fuentesfidedignas.com.mx\/#\/schema\/logo\/image\/"},"sameAs":["https:\/\/www.facebook.com\/Fuentes-Fidedignas-368234489921644","https:\/\/x.com\/fidedignas"]},{"@type":"Person","@id":"https:\/\/fuentesfidedignas.com.mx\/#\/schema\/person\/2c10028b4a30078c05a056a215342ab9","name":"Marissa Palafox","image":{"@type":"ImageObject","inLanguage":"es","@id":"https:\/\/secure.gravatar.com\/avatar\/20a43bdb2f2db10f20b22d4e98b96eb027faf98f7f76d29854dc5fab46d1cf71?s=96&d=mm&r=g","url":"https:\/\/secure.gravatar.com\/avatar\/20a43bdb2f2db10f20b22d4e98b96eb027faf98f7f76d29854dc5fab46d1cf71?s=96&d=mm&r=g","contentUrl":"https:\/\/secure.gravatar.com\/avatar\/20a43bdb2f2db10f20b22d4e98b96eb027faf98f7f76d29854dc5fab46d1cf71?s=96&d=mm&r=g","caption":"Marissa Palafox"},"url":"https:\/\/fuentesfidedignas.com.mx\/index.php\/author\/marissa\/"}]}},"_links":{"self":[{"href":"https:\/\/fuentesfidedignas.com.mx\/index.php\/wp-json\/wp\/v2\/posts\/50525","targetHints":{"allow":["GET"]}}],"collection":[{"href":"https:\/\/fuentesfidedignas.com.mx\/index.php\/wp-json\/wp\/v2\/posts"}],"about":[{"href":"https:\/\/fuentesfidedignas.com.mx\/index.php\/wp-json\/wp\/v2\/types\/post"}],"author":[{"embeddable":true,"href":"https:\/\/fuentesfidedignas.com.mx\/index.php\/wp-json\/wp\/v2\/users\/11"}],"replies":[{"embeddable":true,"href":"https:\/\/fuentesfidedignas.com.mx\/index.php\/wp-json\/wp\/v2\/comments?post=50525"}],"version-history":[{"count":1,"href":"https:\/\/fuentesfidedignas.com.mx\/index.php\/wp-json\/wp\/v2\/posts\/50525\/revisions"}],"predecessor-version":[{"id":50527,"href":"https:\/\/fuentesfidedignas.com.mx\/index.php\/wp-json\/wp\/v2\/posts\/50525\/revisions\/50527"}],"wp:featuredmedia":[{"embeddable":true,"href":"https:\/\/fuentesfidedignas.com.mx\/index.php\/wp-json\/wp\/v2\/media\/50526"}],"wp:attachment":[{"href":"https:\/\/fuentesfidedignas.com.mx\/index.php\/wp-json\/wp\/v2\/media?parent=50525"}],"wp:term":[{"taxonomy":"category","embeddable":true,"href":"https:\/\/fuentesfidedignas.com.mx\/index.php\/wp-json\/wp\/v2\/categories?post=50525"},{"taxonomy":"post_tag","embeddable":true,"href":"https:\/\/fuentesfidedignas.com.mx\/index.php\/wp-json\/wp\/v2\/tags?post=50525"}],"curies":[{"name":"wp","href":"https:\/\/api.w.org\/{rel}","templated":true}]}}