{"id":50519,"date":"2023-06-20T15:20:07","date_gmt":"2023-06-20T22:20:07","guid":{"rendered":"https:\/\/fuentesfidedignas.com.mx\/?p=50519"},"modified":"2023-06-20T15:26:27","modified_gmt":"2023-06-20T22:26:27","slug":"directores-decidan-si-cierran-escuelas-ante-altas-temperaturas-diputado","status":"publish","type":"post","link":"https:\/\/fuentesfidedignas.com.mx\/index.php\/2023\/06\/20\/directores-decidan-si-cierran-escuelas-ante-altas-temperaturas-diputado\/","title":{"rendered":"Directores ser\u00e1n quienes decidan si cierran escuelas ante altas temperaturas: Diputado"},"content":{"rendered":"\n<p><strong><em>Escuelas con problemas de energ\u00eda el\u00e9ctrica o que no cuenten con servicios de refrigeraci\u00f3n, deber\u00e1n considerar terminar el ciclo escolar de forma virtual<\/em><\/strong><\/p>\n\n\n\n<p>Culiac\u00e1n, Sin.- Ser\u00e1n los directores de cada escuela quienes, como autoridades, consideren cerrar las instituciones educativas que no cuenten con las condiciones para proteger a los alumnos y profesores, ante las altas temperaturas que se registran en Sinaloa, se\u00f1al\u00f3 el diputado Jos\u00e9 Manuel Luque Rojas.<\/p>\n\n\n\n<p>El presidente de la Comisi\u00f3n de Educaci\u00f3n del Congreso del Estado, detall\u00f3 que son las escuelas que tienen problemas de energ\u00eda el\u00e9ctrica o que no cuenten con servicios de refrigeraci\u00f3n, las que deber\u00e1n considerar terminar el ciclo escolar de forma virtual. Incluso, a\u00f1adi\u00f3, hay algunas que no tienen ni siquiera \u00e1rboles que den sombra para resguardarse de los rayos del Sol.<\/p>\n\n\n\n<p>&#8220;<strong>Hay problemas de golpes de calor que pueden aparecer, ya hay algunos desvanecimientos de ni\u00f1os y j\u00f3venes. Cada director, en el marco de la autonom\u00eda y autoridad que tiene, valore si las instalaciones e infraestructura de sus escuelas para tener un buen aire acondicionado y poner en resguardo la salud de los ni\u00f1os. Y si no es as\u00ed, que pueda tomar la decisi\u00f3n pertinente para garantizar la seguridad y salud de los alumnos<\/strong>&#8220;, asever\u00f3 el legislador morenista. <\/p>\n\n\n\n<p>Por lo anterior, Luque Rojas consider\u00f3 acertada la recomendaci\u00f3n del gobernador Rub\u00e9n Rocha Moya, quien durante su conferencia de prensa semanal, hizo un llamado a la reflexi\u00f3n por parte de las autoridades educativas para suspender clases presenciales ante el intenso calor que se vive en el estado.<\/p>\n\n\n\n<iframe loading=\"lazy\" src=\"https:\/\/www.facebook.com\/plugins\/video.php?height=314&#038;href=https%3A%2F%2Fwww.facebook.com%2F100050497569358%2Fvideos%2F1343124623279380%2F&#038;show_text=false&#038;width=560&#038;t=0\" width=\"560\" height=\"314\" style=\"border:none;overflow:hidden\" scrolling=\"no\" frameborder=\"0\" allowfullscreen=\"true\" allow=\"autoplay; clipboard-write; encrypted-media; picture-in-picture; web-share\" allowFullScreen=\"true\"><\/iframe>\n","protected":false},"excerpt":{"rendered":"<p>Escuelas con problemas de energ\u00eda el\u00e9ctrica o que no cuenten con servicios de refrigeraci\u00f3n, deber\u00e1n considerar terminar el ciclo escolar de forma virtual Culiac\u00e1n, Sin.- Ser\u00e1n los directores de cada escuela quienes, como autoridades, consideren cerrar las instituciones educativas que no cuenten con las condiciones para proteger a los alumnos y profesores, ante las altas [&hellip;]<\/p>\n","protected":false},"author":11,"featured_media":50520,"comment_status":"open","ping_status":"open","sticky":false,"template":"","format":"standard","meta":{"tdm_status":"","tdm_grid_status":"","footnotes":""},"categories":[38],"tags":[],"class_list":{"0":"post-50519","1":"post","2":"type-post","3":"status-publish","4":"format-standard","5":"has-post-thumbnail","7":"category-noticias-locales"},"yoast_head":"<!-- This site is optimized with the Yoast SEO plugin v27.4 - https:\/\/yoast.com\/product\/yoast-seo-wordpress\/ -->\n<title>Directores ser\u00e1n quienes decidan si cierran escuelas ante altas temperaturas: Diputado - Fuentes Fidedignas<\/title>\n<meta name=\"robots\" content=\"index, follow, max-snippet:-1, max-image-preview:large, max-video-preview:-1\" \/>\n<link rel=\"canonical\" href=\"https:\/\/fuentesfidedignas.com.mx\/index.php\/2023\/06\/20\/directores-decidan-si-cierran-escuelas-ante-altas-temperaturas-diputado\/\" \/>\n<meta property=\"og:locale\" content=\"es_MX\" \/>\n<meta property=\"og:type\" content=\"article\" \/>\n<meta property=\"og:title\" content=\"Directores ser\u00e1n quienes decidan si cierran escuelas ante altas temperaturas: Diputado - Fuentes Fidedignas\" \/>\n<meta property=\"og:description\" content=\"Escuelas con problemas de energ\u00eda el\u00e9ctrica o que no cuenten con servicios de refrigeraci\u00f3n, deber\u00e1n considerar terminar el ciclo escolar de forma virtual Culiac\u00e1n, Sin.- Ser\u00e1n los directores de cada escuela quienes, como autoridades, consideren cerrar las instituciones educativas que no cuenten con las condiciones para proteger a los alumnos y profesores, ante las altas [&hellip;]\" \/>\n<meta property=\"og:url\" content=\"https:\/\/fuentesfidedignas.com.mx\/index.php\/2023\/06\/20\/directores-decidan-si-cierran-escuelas-ante-altas-temperaturas-diputado\/\" \/>\n<meta property=\"og:site_name\" content=\"Fuentes Fidedignas\" \/>\n<meta property=\"article:publisher\" content=\"https:\/\/www.facebook.com\/Fuentes-Fidedignas-368234489921644\" \/>\n<meta property=\"article:published_time\" content=\"2023-06-20T22:20:07+00:00\" \/>\n<meta property=\"article:modified_time\" content=\"2023-06-20T22:26:27+00:00\" \/>\n<meta property=\"og:image\" content=\"https:\/\/fuentesfidedignas.com.mx\/wp-content\/uploads\/2023\/06\/lluque-e1687299415570.jpg\" \/>\n\t<meta property=\"og:image:width\" content=\"600\" \/>\n\t<meta property=\"og:image:height\" content=\"409\" \/>\n\t<meta property=\"og:image:type\" content=\"image\/jpeg\" \/>\n<meta name=\"author\" content=\"Marissa Palafox\" \/>\n<meta name=\"twitter:card\" content=\"summary_large_image\" \/>\n<meta name=\"twitter:creator\" content=\"@fidedignas\" \/>\n<meta name=\"twitter:site\" content=\"@fidedignas\" \/>\n<meta name=\"twitter:label1\" content=\"Escrito por\" \/>\n\t<meta name=\"twitter:data1\" content=\"Marissa Palafox\" \/>\n\t<meta name=\"twitter:label2\" content=\"Tiempo de lectura\" \/>\n\t<meta name=\"twitter:data2\" content=\"2 minutos\" \/>\n<script type=\"application\/ld+json\" class=\"yoast-schema-graph\">{\"@context\":\"https:\\\/\\\/schema.org\",\"@graph\":[{\"@type\":\"Article\",\"@id\":\"https:\\\/\\\/fuentesfidedignas.com.mx\\\/index.php\\\/2023\\\/06\\\/20\\\/directores-decidan-si-cierran-escuelas-ante-altas-temperaturas-diputado\\\/#article\",\"isPartOf\":{\"@id\":\"https:\\\/\\\/fuentesfidedignas.com.mx\\\/index.php\\\/2023\\\/06\\\/20\\\/directores-decidan-si-cierran-escuelas-ante-altas-temperaturas-diputado\\\/\"},\"author\":{\"name\":\"Marissa Palafox\",\"@id\":\"https:\\\/\\\/fuentesfidedignas.com.mx\\\/#\\\/schema\\\/person\\\/2c10028b4a30078c05a056a215342ab9\"},\"headline\":\"Directores ser\u00e1n quienes decidan si cierran escuelas ante altas temperaturas: Diputado\",\"datePublished\":\"2023-06-20T22:20:07+00:00\",\"dateModified\":\"2023-06-20T22:26:27+00:00\",\"mainEntityOfPage\":{\"@id\":\"https:\\\/\\\/fuentesfidedignas.com.mx\\\/index.php\\\/2023\\\/06\\\/20\\\/directores-decidan-si-cierran-escuelas-ante-altas-temperaturas-diputado\\\/\"},\"wordCount\":288,\"commentCount\":0,\"publisher\":{\"@id\":\"https:\\\/\\\/fuentesfidedignas.com.mx\\\/#organization\"},\"image\":{\"@id\":\"https:\\\/\\\/fuentesfidedignas.com.mx\\\/index.php\\\/2023\\\/06\\\/20\\\/directores-decidan-si-cierran-escuelas-ante-altas-temperaturas-diputado\\\/#primaryimage\"},\"thumbnailUrl\":\"https:\\\/\\\/fuentesfidedignas.com.mx\\\/wp-content\\\/uploads\\\/2023\\\/06\\\/lluque-e1687299415570.jpg\",\"articleSection\":[\"NOTICIAS LOCALES\"],\"inLanguage\":\"es\",\"potentialAction\":[{\"@type\":\"CommentAction\",\"name\":\"Comment\",\"target\":[\"https:\\\/\\\/fuentesfidedignas.com.mx\\\/index.php\\\/2023\\\/06\\\/20\\\/directores-decidan-si-cierran-escuelas-ante-altas-temperaturas-diputado\\\/#respond\"]}]},{\"@type\":\"WebPage\",\"@id\":\"https:\\\/\\\/fuentesfidedignas.com.mx\\\/index.php\\\/2023\\\/06\\\/20\\\/directores-decidan-si-cierran-escuelas-ante-altas-temperaturas-diputado\\\/\",\"url\":\"https:\\\/\\\/fuentesfidedignas.com.mx\\\/index.php\\\/2023\\\/06\\\/20\\\/directores-decidan-si-cierran-escuelas-ante-altas-temperaturas-diputado\\\/\",\"name\":\"Directores ser\u00e1n quienes decidan si cierran escuelas ante altas temperaturas: Diputado - Fuentes Fidedignas\",\"isPartOf\":{\"@id\":\"https:\\\/\\\/fuentesfidedignas.com.mx\\\/#website\"},\"primaryImageOfPage\":{\"@id\":\"https:\\\/\\\/fuentesfidedignas.com.mx\\\/index.php\\\/2023\\\/06\\\/20\\\/directores-decidan-si-cierran-escuelas-ante-altas-temperaturas-diputado\\\/#primaryimage\"},\"image\":{\"@id\":\"https:\\\/\\\/fuentesfidedignas.com.mx\\\/index.php\\\/2023\\\/06\\\/20\\\/directores-decidan-si-cierran-escuelas-ante-altas-temperaturas-diputado\\\/#primaryimage\"},\"thumbnailUrl\":\"https:\\\/\\\/fuentesfidedignas.com.mx\\\/wp-content\\\/uploads\\\/2023\\\/06\\\/lluque-e1687299415570.jpg\",\"datePublished\":\"2023-06-20T22:20:07+00:00\",\"dateModified\":\"2023-06-20T22:26:27+00:00\",\"breadcrumb\":{\"@id\":\"https:\\\/\\\/fuentesfidedignas.com.mx\\\/index.php\\\/2023\\\/06\\\/20\\\/directores-decidan-si-cierran-escuelas-ante-altas-temperaturas-diputado\\\/#breadcrumb\"},\"inLanguage\":\"es\",\"potentialAction\":[{\"@type\":\"ReadAction\",\"target\":[\"https:\\\/\\\/fuentesfidedignas.com.mx\\\/index.php\\\/2023\\\/06\\\/20\\\/directores-decidan-si-cierran-escuelas-ante-altas-temperaturas-diputado\\\/\"]}]},{\"@type\":\"ImageObject\",\"inLanguage\":\"es\",\"@id\":\"https:\\\/\\\/fuentesfidedignas.com.mx\\\/index.php\\\/2023\\\/06\\\/20\\\/directores-decidan-si-cierran-escuelas-ante-altas-temperaturas-diputado\\\/#primaryimage\",\"url\":\"https:\\\/\\\/fuentesfidedignas.com.mx\\\/wp-content\\\/uploads\\\/2023\\\/06\\\/lluque-e1687299415570.jpg\",\"contentUrl\":\"https:\\\/\\\/fuentesfidedignas.com.mx\\\/wp-content\\\/uploads\\\/2023\\\/06\\\/lluque-e1687299415570.jpg\",\"width\":600,\"height\":409},{\"@type\":\"BreadcrumbList\",\"@id\":\"https:\\\/\\\/fuentesfidedignas.com.mx\\\/index.php\\\/2023\\\/06\\\/20\\\/directores-decidan-si-cierran-escuelas-ante-altas-temperaturas-diputado\\\/#breadcrumb\",\"itemListElement\":[{\"@type\":\"ListItem\",\"position\":1,\"name\":\"Inicio\",\"item\":\"https:\\\/\\\/fuentesfidedignas.com.mx\\\/\"},{\"@type\":\"ListItem\",\"position\":2,\"name\":\"Directores ser\u00e1n quienes decidan si cierran escuelas ante altas temperaturas: Diputado\"}]},{\"@type\":\"WebSite\",\"@id\":\"https:\\\/\\\/fuentesfidedignas.com.mx\\\/#website\",\"url\":\"https:\\\/\\\/fuentesfidedignas.com.mx\\\/\",\"name\":\"Fuentes Fidedignas\",\"description\":\"Otro sitio realizado con WordPress\",\"publisher\":{\"@id\":\"https:\\\/\\\/fuentesfidedignas.com.mx\\\/#organization\"},\"potentialAction\":[{\"@type\":\"SearchAction\",\"target\":{\"@type\":\"EntryPoint\",\"urlTemplate\":\"https:\\\/\\\/fuentesfidedignas.com.mx\\\/?s={search_term_string}\"},\"query-input\":{\"@type\":\"PropertyValueSpecification\",\"valueRequired\":true,\"valueName\":\"search_term_string\"}}],\"inLanguage\":\"es\"},{\"@type\":\"Organization\",\"@id\":\"https:\\\/\\\/fuentesfidedignas.com.mx\\\/#organization\",\"name\":\"Fuentes Fidedignas\",\"url\":\"https:\\\/\\\/fuentesfidedignas.com.mx\\\/\",\"logo\":{\"@type\":\"ImageObject\",\"inLanguage\":\"es\",\"@id\":\"https:\\\/\\\/fuentesfidedignas.com.mx\\\/#\\\/schema\\\/logo\\\/image\\\/\",\"url\":\"https:\\\/\\\/fuentesfidedignas.com.mx\\\/wp-content\\\/uploads\\\/2021\\\/04\\\/logo-retina.png\",\"contentUrl\":\"https:\\\/\\\/fuentesfidedignas.com.mx\\\/wp-content\\\/uploads\\\/2021\\\/04\\\/logo-retina.png\",\"width\":280,\"height\":51,\"caption\":\"Fuentes Fidedignas\"},\"image\":{\"@id\":\"https:\\\/\\\/fuentesfidedignas.com.mx\\\/#\\\/schema\\\/logo\\\/image\\\/\"},\"sameAs\":[\"https:\\\/\\\/www.facebook.com\\\/Fuentes-Fidedignas-368234489921644\",\"https:\\\/\\\/x.com\\\/fidedignas\"]},{\"@type\":\"Person\",\"@id\":\"https:\\\/\\\/fuentesfidedignas.com.mx\\\/#\\\/schema\\\/person\\\/2c10028b4a30078c05a056a215342ab9\",\"name\":\"Marissa Palafox\",\"image\":{\"@type\":\"ImageObject\",\"inLanguage\":\"es\",\"@id\":\"https:\\\/\\\/secure.gravatar.com\\\/avatar\\\/20a43bdb2f2db10f20b22d4e98b96eb027faf98f7f76d29854dc5fab46d1cf71?s=96&d=mm&r=g\",\"url\":\"https:\\\/\\\/secure.gravatar.com\\\/avatar\\\/20a43bdb2f2db10f20b22d4e98b96eb027faf98f7f76d29854dc5fab46d1cf71?s=96&d=mm&r=g\",\"contentUrl\":\"https:\\\/\\\/secure.gravatar.com\\\/avatar\\\/20a43bdb2f2db10f20b22d4e98b96eb027faf98f7f76d29854dc5fab46d1cf71?s=96&d=mm&r=g\",\"caption\":\"Marissa Palafox\"},\"url\":\"https:\\\/\\\/fuentesfidedignas.com.mx\\\/index.php\\\/author\\\/marissa\\\/\"}]}<\/script>\n<!-- \/ Yoast SEO plugin. -->","yoast_head_json":{"title":"Directores ser\u00e1n quienes decidan si cierran escuelas ante altas temperaturas: Diputado - Fuentes Fidedignas","robots":{"index":"index","follow":"follow","max-snippet":"max-snippet:-1","max-image-preview":"max-image-preview:large","max-video-preview":"max-video-preview:-1"},"canonical":"https:\/\/fuentesfidedignas.com.mx\/index.php\/2023\/06\/20\/directores-decidan-si-cierran-escuelas-ante-altas-temperaturas-diputado\/","og_locale":"es_MX","og_type":"article","og_title":"Directores ser\u00e1n quienes decidan si cierran escuelas ante altas temperaturas: Diputado - Fuentes Fidedignas","og_description":"Escuelas con problemas de energ\u00eda el\u00e9ctrica o que no cuenten con servicios de refrigeraci\u00f3n, deber\u00e1n considerar terminar el ciclo escolar de forma virtual Culiac\u00e1n, Sin.- Ser\u00e1n los directores de cada escuela quienes, como autoridades, consideren cerrar las instituciones educativas que no cuenten con las condiciones para proteger a los alumnos y profesores, ante las altas [&hellip;]","og_url":"https:\/\/fuentesfidedignas.com.mx\/index.php\/2023\/06\/20\/directores-decidan-si-cierran-escuelas-ante-altas-temperaturas-diputado\/","og_site_name":"Fuentes Fidedignas","article_publisher":"https:\/\/www.facebook.com\/Fuentes-Fidedignas-368234489921644","article_published_time":"2023-06-20T22:20:07+00:00","article_modified_time":"2023-06-20T22:26:27+00:00","og_image":[{"width":600,"height":409,"url":"https:\/\/fuentesfidedignas.com.mx\/wp-content\/uploads\/2023\/06\/lluque-e1687299415570.jpg","type":"image\/jpeg"}],"author":"Marissa Palafox","twitter_card":"summary_large_image","twitter_creator":"@fidedignas","twitter_site":"@fidedignas","twitter_misc":{"Escrito por":"Marissa Palafox","Tiempo de lectura":"2 minutos"},"schema":{"@context":"https:\/\/schema.org","@graph":[{"@type":"Article","@id":"https:\/\/fuentesfidedignas.com.mx\/index.php\/2023\/06\/20\/directores-decidan-si-cierran-escuelas-ante-altas-temperaturas-diputado\/#article","isPartOf":{"@id":"https:\/\/fuentesfidedignas.com.mx\/index.php\/2023\/06\/20\/directores-decidan-si-cierran-escuelas-ante-altas-temperaturas-diputado\/"},"author":{"name":"Marissa Palafox","@id":"https:\/\/fuentesfidedignas.com.mx\/#\/schema\/person\/2c10028b4a30078c05a056a215342ab9"},"headline":"Directores ser\u00e1n quienes decidan si cierran escuelas ante altas temperaturas: Diputado","datePublished":"2023-06-20T22:20:07+00:00","dateModified":"2023-06-20T22:26:27+00:00","mainEntityOfPage":{"@id":"https:\/\/fuentesfidedignas.com.mx\/index.php\/2023\/06\/20\/directores-decidan-si-cierran-escuelas-ante-altas-temperaturas-diputado\/"},"wordCount":288,"commentCount":0,"publisher":{"@id":"https:\/\/fuentesfidedignas.com.mx\/#organization"},"image":{"@id":"https:\/\/fuentesfidedignas.com.mx\/index.php\/2023\/06\/20\/directores-decidan-si-cierran-escuelas-ante-altas-temperaturas-diputado\/#primaryimage"},"thumbnailUrl":"https:\/\/fuentesfidedignas.com.mx\/wp-content\/uploads\/2023\/06\/lluque-e1687299415570.jpg","articleSection":["NOTICIAS LOCALES"],"inLanguage":"es","potentialAction":[{"@type":"CommentAction","name":"Comment","target":["https:\/\/fuentesfidedignas.com.mx\/index.php\/2023\/06\/20\/directores-decidan-si-cierran-escuelas-ante-altas-temperaturas-diputado\/#respond"]}]},{"@type":"WebPage","@id":"https:\/\/fuentesfidedignas.com.mx\/index.php\/2023\/06\/20\/directores-decidan-si-cierran-escuelas-ante-altas-temperaturas-diputado\/","url":"https:\/\/fuentesfidedignas.com.mx\/index.php\/2023\/06\/20\/directores-decidan-si-cierran-escuelas-ante-altas-temperaturas-diputado\/","name":"Directores ser\u00e1n quienes decidan si cierran escuelas ante altas temperaturas: Diputado - Fuentes Fidedignas","isPartOf":{"@id":"https:\/\/fuentesfidedignas.com.mx\/#website"},"primaryImageOfPage":{"@id":"https:\/\/fuentesfidedignas.com.mx\/index.php\/2023\/06\/20\/directores-decidan-si-cierran-escuelas-ante-altas-temperaturas-diputado\/#primaryimage"},"image":{"@id":"https:\/\/fuentesfidedignas.com.mx\/index.php\/2023\/06\/20\/directores-decidan-si-cierran-escuelas-ante-altas-temperaturas-diputado\/#primaryimage"},"thumbnailUrl":"https:\/\/fuentesfidedignas.com.mx\/wp-content\/uploads\/2023\/06\/lluque-e1687299415570.jpg","datePublished":"2023-06-20T22:20:07+00:00","dateModified":"2023-06-20T22:26:27+00:00","breadcrumb":{"@id":"https:\/\/fuentesfidedignas.com.mx\/index.php\/2023\/06\/20\/directores-decidan-si-cierran-escuelas-ante-altas-temperaturas-diputado\/#breadcrumb"},"inLanguage":"es","potentialAction":[{"@type":"ReadAction","target":["https:\/\/fuentesfidedignas.com.mx\/index.php\/2023\/06\/20\/directores-decidan-si-cierran-escuelas-ante-altas-temperaturas-diputado\/"]}]},{"@type":"ImageObject","inLanguage":"es","@id":"https:\/\/fuentesfidedignas.com.mx\/index.php\/2023\/06\/20\/directores-decidan-si-cierran-escuelas-ante-altas-temperaturas-diputado\/#primaryimage","url":"https:\/\/fuentesfidedignas.com.mx\/wp-content\/uploads\/2023\/06\/lluque-e1687299415570.jpg","contentUrl":"https:\/\/fuentesfidedignas.com.mx\/wp-content\/uploads\/2023\/06\/lluque-e1687299415570.jpg","width":600,"height":409},{"@type":"BreadcrumbList","@id":"https:\/\/fuentesfidedignas.com.mx\/index.php\/2023\/06\/20\/directores-decidan-si-cierran-escuelas-ante-altas-temperaturas-diputado\/#breadcrumb","itemListElement":[{"@type":"ListItem","position":1,"name":"Inicio","item":"https:\/\/fuentesfidedignas.com.mx\/"},{"@type":"ListItem","position":2,"name":"Directores ser\u00e1n quienes decidan si cierran escuelas ante altas temperaturas: Diputado"}]},{"@type":"WebSite","@id":"https:\/\/fuentesfidedignas.com.mx\/#website","url":"https:\/\/fuentesfidedignas.com.mx\/","name":"Fuentes Fidedignas","description":"Otro sitio realizado con WordPress","publisher":{"@id":"https:\/\/fuentesfidedignas.com.mx\/#organization"},"potentialAction":[{"@type":"SearchAction","target":{"@type":"EntryPoint","urlTemplate":"https:\/\/fuentesfidedignas.com.mx\/?s={search_term_string}"},"query-input":{"@type":"PropertyValueSpecification","valueRequired":true,"valueName":"search_term_string"}}],"inLanguage":"es"},{"@type":"Organization","@id":"https:\/\/fuentesfidedignas.com.mx\/#organization","name":"Fuentes Fidedignas","url":"https:\/\/fuentesfidedignas.com.mx\/","logo":{"@type":"ImageObject","inLanguage":"es","@id":"https:\/\/fuentesfidedignas.com.mx\/#\/schema\/logo\/image\/","url":"https:\/\/fuentesfidedignas.com.mx\/wp-content\/uploads\/2021\/04\/logo-retina.png","contentUrl":"https:\/\/fuentesfidedignas.com.mx\/wp-content\/uploads\/2021\/04\/logo-retina.png","width":280,"height":51,"caption":"Fuentes Fidedignas"},"image":{"@id":"https:\/\/fuentesfidedignas.com.mx\/#\/schema\/logo\/image\/"},"sameAs":["https:\/\/www.facebook.com\/Fuentes-Fidedignas-368234489921644","https:\/\/x.com\/fidedignas"]},{"@type":"Person","@id":"https:\/\/fuentesfidedignas.com.mx\/#\/schema\/person\/2c10028b4a30078c05a056a215342ab9","name":"Marissa Palafox","image":{"@type":"ImageObject","inLanguage":"es","@id":"https:\/\/secure.gravatar.com\/avatar\/20a43bdb2f2db10f20b22d4e98b96eb027faf98f7f76d29854dc5fab46d1cf71?s=96&d=mm&r=g","url":"https:\/\/secure.gravatar.com\/avatar\/20a43bdb2f2db10f20b22d4e98b96eb027faf98f7f76d29854dc5fab46d1cf71?s=96&d=mm&r=g","contentUrl":"https:\/\/secure.gravatar.com\/avatar\/20a43bdb2f2db10f20b22d4e98b96eb027faf98f7f76d29854dc5fab46d1cf71?s=96&d=mm&r=g","caption":"Marissa Palafox"},"url":"https:\/\/fuentesfidedignas.com.mx\/index.php\/author\/marissa\/"}]}},"_links":{"self":[{"href":"https:\/\/fuentesfidedignas.com.mx\/index.php\/wp-json\/wp\/v2\/posts\/50519","targetHints":{"allow":["GET"]}}],"collection":[{"href":"https:\/\/fuentesfidedignas.com.mx\/index.php\/wp-json\/wp\/v2\/posts"}],"about":[{"href":"https:\/\/fuentesfidedignas.com.mx\/index.php\/wp-json\/wp\/v2\/types\/post"}],"author":[{"embeddable":true,"href":"https:\/\/fuentesfidedignas.com.mx\/index.php\/wp-json\/wp\/v2\/users\/11"}],"replies":[{"embeddable":true,"href":"https:\/\/fuentesfidedignas.com.mx\/index.php\/wp-json\/wp\/v2\/comments?post=50519"}],"version-history":[{"count":3,"href":"https:\/\/fuentesfidedignas.com.mx\/index.php\/wp-json\/wp\/v2\/posts\/50519\/revisions"}],"predecessor-version":[{"id":50524,"href":"https:\/\/fuentesfidedignas.com.mx\/index.php\/wp-json\/wp\/v2\/posts\/50519\/revisions\/50524"}],"wp:featuredmedia":[{"embeddable":true,"href":"https:\/\/fuentesfidedignas.com.mx\/index.php\/wp-json\/wp\/v2\/media\/50520"}],"wp:attachment":[{"href":"https:\/\/fuentesfidedignas.com.mx\/index.php\/wp-json\/wp\/v2\/media?parent=50519"}],"wp:term":[{"taxonomy":"category","embeddable":true,"href":"https:\/\/fuentesfidedignas.com.mx\/index.php\/wp-json\/wp\/v2\/categories?post=50519"},{"taxonomy":"post_tag","embeddable":true,"href":"https:\/\/fuentesfidedignas.com.mx\/index.php\/wp-json\/wp\/v2\/tags?post=50519"}],"curies":[{"name":"wp","href":"https:\/\/api.w.org\/{rel}","templated":true}]}}