{"id":50504,"date":"2023-06-20T14:57:36","date_gmt":"2023-06-20T21:57:36","guid":{"rendered":"https:\/\/fuentesfidedignas.com.mx\/?p=50504"},"modified":"2023-06-20T20:34:20","modified_gmt":"2023-06-21T03:34:20","slug":"pedro-lobo-recibe-apoyos-extras-para-saliditas-a-mazatlan-acusa-gene","status":"publish","type":"post","link":"https:\/\/fuentesfidedignas.com.mx\/index.php\/2023\/06\/20\/pedro-lobo-recibe-apoyos-extras-para-saliditas-a-mazatlan-acusa-gene\/","title":{"rendered":"Pedro Lobo recibe apoyos extras para &#8220;saliditas&#8221; a Mazatl\u00e1n, acusa Gene"},"content":{"rendered":"\n<p><em><strong>El legislador del PAS se\u00f1al\u00f3 que a trav\u00e9s de acceso a la informaci\u00f3n, se obtuvieron gastos de gesti\u00f3n del morenista, arrojando facturas por alrededor de 60 mil pesos en ocho meses<\/strong><\/em><\/p>\n\n\n\n<p>Culiac\u00e1n, Sin.- El Congreso del Estado da recursos extras al diputado Pedro Villegas Lobo, un promedio de 10 mil pesos mensuales para salidas a Mazatl\u00e1n e incluso hasta factura pizzas, acus\u00f3 Gene Ren\u00e9 Boj\u00f3rquez Ruiz.<\/p>\n\n\n\n<p>El legislador del PAS se\u00f1al\u00f3 que a trav\u00e9s de acceso a la informaci\u00f3n, se obtuvieron reembolsos de gesti\u00f3n al morenista, arrojando facturas por alrededor de 60 mil pesos en ocho meses revisados del a\u00f1o 2022.<\/p>\n\n\n\n<figure class=\"wp-block-gallery has-nested-images columns-default is-cropped wp-block-gallery-1 is-layout-flex wp-block-gallery-is-layout-flex\">\n<figure class=\"wp-block-image size-large\"><img decoding=\"async\" width=\"520\" height=\"637\" data-id=\"50511\" src=\"https:\/\/fuentesfidedignas.com.mx\/wp-content\/uploads\/2023\/06\/20230620_124118.jpg\" alt=\"\" class=\"wp-image-50511\" srcset=\"https:\/\/fuentesfidedignas.com.mx\/wp-content\/uploads\/2023\/06\/20230620_124118.jpg 520w, https:\/\/fuentesfidedignas.com.mx\/wp-content\/uploads\/2023\/06\/20230620_124118-245x300.jpg 245w\" sizes=\"(max-width: 520px) 100vw, 520px\" \/><\/figure>\n\n\n\n<figure class=\"wp-block-image size-large\"><img decoding=\"async\" width=\"520\" height=\"647\" data-id=\"50512\" src=\"https:\/\/fuentesfidedignas.com.mx\/wp-content\/uploads\/2023\/06\/20230620_124104.jpg\" alt=\"\" class=\"wp-image-50512\" srcset=\"https:\/\/fuentesfidedignas.com.mx\/wp-content\/uploads\/2023\/06\/20230620_124104.jpg 520w, https:\/\/fuentesfidedignas.com.mx\/wp-content\/uploads\/2023\/06\/20230620_124104-241x300.jpg 241w\" sizes=\"(max-width: 520px) 100vw, 520px\" \/><\/figure>\n\n\n\n<figure class=\"wp-block-image size-large\"><img decoding=\"async\" width=\"520\" height=\"667\" data-id=\"50513\" src=\"https:\/\/fuentesfidedignas.com.mx\/wp-content\/uploads\/2023\/06\/20230620_124053.jpg\" alt=\"\" class=\"wp-image-50513\" srcset=\"https:\/\/fuentesfidedignas.com.mx\/wp-content\/uploads\/2023\/06\/20230620_124053.jpg 520w, https:\/\/fuentesfidedignas.com.mx\/wp-content\/uploads\/2023\/06\/20230620_124053-234x300.jpg 234w\" sizes=\"(max-width: 520px) 100vw, 520px\" \/><\/figure>\n\n\n\n<figure class=\"wp-block-image size-large\"><img decoding=\"async\" width=\"503\" height=\"620\" data-id=\"50510\" src=\"https:\/\/fuentesfidedignas.com.mx\/wp-content\/uploads\/2023\/06\/20230620_124037.jpg\" alt=\"\" class=\"wp-image-50510\" srcset=\"https:\/\/fuentesfidedignas.com.mx\/wp-content\/uploads\/2023\/06\/20230620_124037.jpg 503w, https:\/\/fuentesfidedignas.com.mx\/wp-content\/uploads\/2023\/06\/20230620_124037-243x300.jpg 243w\" sizes=\"(max-width: 503px) 100vw, 503px\" \/><\/figure>\n<\/figure>\n\n\n\n<p>&#8220;<strong>Le dan alrededor de 10 mil pesos en reembolsos mensuales al diputado Pedro Villegas. Reembolsos para ir a Mazatl\u00e1n, para ir a pasar unos d\u00edas a alg\u00fan lugar tur\u00edstico. Tiene reembolsos que realmente son vergonzosos. Tiene un reembolso de 848 pesos, par aun viaje a Badiraguato, apoco su diera no da para el de su bolsita gaste<\/strong>&#8220;.<\/p>\n\n\n\n<p>Boj\u00f3rquez Ruiz critic\u00f3 que para comprobar gastos, la administraci\u00f3n del Congreso solicita facturas y fotograf\u00edas que comprueben la actividad por la que se solicita el recurso. Sin embargo, se\u00f1al\u00f3 que no existe la misma exigencia para todos los legisladores y existe un favoritismo: &#8220;<strong>hay diputados de primera, de segunda y de tercera<\/strong>&#8220;.<\/p>\n\n\n\n<iframe loading=\"lazy\" src=\"https:\/\/www.facebook.com\/plugins\/video.php?height=314&amp;href=https%3A%2F%2Fwww.facebook.com%2F100050497569358%2Fvideos%2F957722825377536%2F&amp;show_text=false&amp;width=560&amp;t=0\" width=\"560\" height=\"314\" style=\"border:none;overflow:hidden\" scrolling=\"no\" frameborder=\"0\" allowfullscreen=\"true\" allow=\"autoplay; clipboard-write; encrypted-media; picture-in-picture; web-share\"><\/iframe>\n\n\n\n<p><strong>&#8220;Todo es legal&#8221;<\/strong><\/p>\n\n\n\n<p>En tanto, el diputado Pedro Villegas Lobo defendi\u00f3 el uso del recurso, el cual, afirm\u00f3, se utiliza en viajes para eventos o reunionee que son avaladas por diversas comisiones. Como reuni\u00f3n con peritos a lo largo del estado, trabajadores del sector salud, entre otros.<\/p>\n\n\n\n<p>El legislador morenista asegur\u00f3 que todas las veces que se ha manifestado contra los diputados del Partidos Sinaloense y la administraci\u00f3n de la Universidad Aut\u00f3noma de Sinaloa, ha sido con dinero propio y no del otorgado por el Congreso para gestiones.<\/p>\n\n\n\n<p>&#8220;<strong>S\u00ed tenemos comitivas por parte de las comisiones. Cada vez que tenemos estos viajes el Congreso los vi\u00e1ticos: gasolina, casetas y comida, todo con un l\u00edmite<\/strong>&#8220;.<\/p>\n\n\n\n<iframe loading=\"lazy\" src=\"https:\/\/www.facebook.com\/plugins\/video.php?height=314&amp;href=https%3A%2F%2Fwww.facebook.com%2F100050497569358%2Fvideos%2F571389561868293%2F&amp;show_text=false&amp;width=560&amp;t=0\" width=\"560\" height=\"314\" style=\"border:none;overflow:hidden\" scrolling=\"no\" frameborder=\"0\" allowfullscreen=\"true\" allow=\"autoplay; clipboard-write; encrypted-media; picture-in-picture; web-share\"><\/iframe>\n","protected":false},"excerpt":{"rendered":"<p>El legislador del PAS se\u00f1al\u00f3 que a trav\u00e9s de acceso a la informaci\u00f3n, se obtuvieron gastos de gesti\u00f3n del morenista, arrojando facturas por alrededor de 60 mil pesos en ocho meses Culiac\u00e1n, Sin.- El Congreso del Estado da recursos extras al diputado Pedro Villegas Lobo, un promedio de 10 mil pesos mensuales para salidas a [&hellip;]<\/p>\n","protected":false},"author":11,"featured_media":50508,"comment_status":"open","ping_status":"open","sticky":false,"template":"","format":"standard","meta":{"tdm_status":"","tdm_grid_status":"","footnotes":""},"categories":[37],"tags":[],"class_list":{"0":"post-50504","1":"post","2":"type-post","3":"status-publish","4":"format-standard","5":"has-post-thumbnail","7":"category-nota-principal"},"yoast_head":"<!-- This site is optimized with the Yoast SEO plugin v27.4 - https:\/\/yoast.com\/product\/yoast-seo-wordpress\/ -->\n<title>Pedro Lobo recibe apoyos extras para &quot;saliditas&quot; a Mazatl\u00e1n, acusa Gene - Fuentes Fidedignas<\/title>\n<meta name=\"robots\" content=\"index, follow, max-snippet:-1, max-image-preview:large, max-video-preview:-1\" \/>\n<link rel=\"canonical\" href=\"https:\/\/fuentesfidedignas.com.mx\/index.php\/2023\/06\/20\/pedro-lobo-recibe-apoyos-extras-para-saliditas-a-mazatlan-acusa-gene\/\" \/>\n<meta property=\"og:locale\" content=\"es_MX\" \/>\n<meta property=\"og:type\" content=\"article\" \/>\n<meta property=\"og:title\" content=\"Pedro Lobo recibe apoyos extras para &quot;saliditas&quot; a Mazatl\u00e1n, acusa Gene - Fuentes Fidedignas\" \/>\n<meta property=\"og:description\" content=\"El legislador del PAS se\u00f1al\u00f3 que a trav\u00e9s de acceso a la informaci\u00f3n, se obtuvieron gastos de gesti\u00f3n del morenista, arrojando facturas por alrededor de 60 mil pesos en ocho meses Culiac\u00e1n, Sin.- El Congreso del Estado da recursos extras al diputado Pedro Villegas Lobo, un promedio de 10 mil pesos mensuales para salidas a [&hellip;]\" \/>\n<meta property=\"og:url\" content=\"https:\/\/fuentesfidedignas.com.mx\/index.php\/2023\/06\/20\/pedro-lobo-recibe-apoyos-extras-para-saliditas-a-mazatlan-acusa-gene\/\" \/>\n<meta property=\"og:site_name\" content=\"Fuentes Fidedignas\" \/>\n<meta property=\"article:publisher\" content=\"https:\/\/www.facebook.com\/Fuentes-Fidedignas-368234489921644\" \/>\n<meta property=\"article:published_time\" content=\"2023-06-20T21:57:36+00:00\" \/>\n<meta property=\"article:modified_time\" content=\"2023-06-21T03:34:20+00:00\" \/>\n<meta property=\"og:image\" content=\"https:\/\/fuentesfidedignas.com.mx\/wp-content\/uploads\/2023\/06\/pedro-gene.jpg\" \/>\n\t<meta property=\"og:image:width\" content=\"600\" \/>\n\t<meta property=\"og:image:height\" content=\"454\" \/>\n\t<meta property=\"og:image:type\" content=\"image\/jpeg\" \/>\n<meta name=\"author\" content=\"Marissa Palafox\" \/>\n<meta name=\"twitter:card\" content=\"summary_large_image\" \/>\n<meta name=\"twitter:creator\" content=\"@fidedignas\" \/>\n<meta name=\"twitter:site\" content=\"@fidedignas\" \/>\n<meta name=\"twitter:label1\" content=\"Escrito por\" \/>\n\t<meta name=\"twitter:data1\" content=\"Marissa Palafox\" \/>\n\t<meta name=\"twitter:label2\" content=\"Tiempo de lectura\" \/>\n\t<meta name=\"twitter:data2\" content=\"3 minutos\" \/>\n<script type=\"application\/ld+json\" class=\"yoast-schema-graph\">{\"@context\":\"https:\\\/\\\/schema.org\",\"@graph\":[{\"@type\":\"Article\",\"@id\":\"https:\\\/\\\/fuentesfidedignas.com.mx\\\/index.php\\\/2023\\\/06\\\/20\\\/pedro-lobo-recibe-apoyos-extras-para-saliditas-a-mazatlan-acusa-gene\\\/#article\",\"isPartOf\":{\"@id\":\"https:\\\/\\\/fuentesfidedignas.com.mx\\\/index.php\\\/2023\\\/06\\\/20\\\/pedro-lobo-recibe-apoyos-extras-para-saliditas-a-mazatlan-acusa-gene\\\/\"},\"author\":{\"name\":\"Marissa Palafox\",\"@id\":\"https:\\\/\\\/fuentesfidedignas.com.mx\\\/#\\\/schema\\\/person\\\/2c10028b4a30078c05a056a215342ab9\"},\"headline\":\"Pedro Lobo recibe apoyos extras para &#8220;saliditas&#8221; a Mazatl\u00e1n, acusa Gene\",\"datePublished\":\"2023-06-20T21:57:36+00:00\",\"dateModified\":\"2023-06-21T03:34:20+00:00\",\"mainEntityOfPage\":{\"@id\":\"https:\\\/\\\/fuentesfidedignas.com.mx\\\/index.php\\\/2023\\\/06\\\/20\\\/pedro-lobo-recibe-apoyos-extras-para-saliditas-a-mazatlan-acusa-gene\\\/\"},\"wordCount\":356,\"commentCount\":0,\"publisher\":{\"@id\":\"https:\\\/\\\/fuentesfidedignas.com.mx\\\/#organization\"},\"image\":{\"@id\":\"https:\\\/\\\/fuentesfidedignas.com.mx\\\/index.php\\\/2023\\\/06\\\/20\\\/pedro-lobo-recibe-apoyos-extras-para-saliditas-a-mazatlan-acusa-gene\\\/#primaryimage\"},\"thumbnailUrl\":\"https:\\\/\\\/fuentesfidedignas.com.mx\\\/wp-content\\\/uploads\\\/2023\\\/06\\\/pedro-gene.jpg\",\"articleSection\":[\"NOTA PRINCIPAL\"],\"inLanguage\":\"es\",\"potentialAction\":[{\"@type\":\"CommentAction\",\"name\":\"Comment\",\"target\":[\"https:\\\/\\\/fuentesfidedignas.com.mx\\\/index.php\\\/2023\\\/06\\\/20\\\/pedro-lobo-recibe-apoyos-extras-para-saliditas-a-mazatlan-acusa-gene\\\/#respond\"]}]},{\"@type\":\"WebPage\",\"@id\":\"https:\\\/\\\/fuentesfidedignas.com.mx\\\/index.php\\\/2023\\\/06\\\/20\\\/pedro-lobo-recibe-apoyos-extras-para-saliditas-a-mazatlan-acusa-gene\\\/\",\"url\":\"https:\\\/\\\/fuentesfidedignas.com.mx\\\/index.php\\\/2023\\\/06\\\/20\\\/pedro-lobo-recibe-apoyos-extras-para-saliditas-a-mazatlan-acusa-gene\\\/\",\"name\":\"Pedro Lobo recibe apoyos extras para \\\"saliditas\\\" a Mazatl\u00e1n, acusa Gene - Fuentes Fidedignas\",\"isPartOf\":{\"@id\":\"https:\\\/\\\/fuentesfidedignas.com.mx\\\/#website\"},\"primaryImageOfPage\":{\"@id\":\"https:\\\/\\\/fuentesfidedignas.com.mx\\\/index.php\\\/2023\\\/06\\\/20\\\/pedro-lobo-recibe-apoyos-extras-para-saliditas-a-mazatlan-acusa-gene\\\/#primaryimage\"},\"image\":{\"@id\":\"https:\\\/\\\/fuentesfidedignas.com.mx\\\/index.php\\\/2023\\\/06\\\/20\\\/pedro-lobo-recibe-apoyos-extras-para-saliditas-a-mazatlan-acusa-gene\\\/#primaryimage\"},\"thumbnailUrl\":\"https:\\\/\\\/fuentesfidedignas.com.mx\\\/wp-content\\\/uploads\\\/2023\\\/06\\\/pedro-gene.jpg\",\"datePublished\":\"2023-06-20T21:57:36+00:00\",\"dateModified\":\"2023-06-21T03:34:20+00:00\",\"breadcrumb\":{\"@id\":\"https:\\\/\\\/fuentesfidedignas.com.mx\\\/index.php\\\/2023\\\/06\\\/20\\\/pedro-lobo-recibe-apoyos-extras-para-saliditas-a-mazatlan-acusa-gene\\\/#breadcrumb\"},\"inLanguage\":\"es\",\"potentialAction\":[{\"@type\":\"ReadAction\",\"target\":[\"https:\\\/\\\/fuentesfidedignas.com.mx\\\/index.php\\\/2023\\\/06\\\/20\\\/pedro-lobo-recibe-apoyos-extras-para-saliditas-a-mazatlan-acusa-gene\\\/\"]}]},{\"@type\":\"ImageObject\",\"inLanguage\":\"es\",\"@id\":\"https:\\\/\\\/fuentesfidedignas.com.mx\\\/index.php\\\/2023\\\/06\\\/20\\\/pedro-lobo-recibe-apoyos-extras-para-saliditas-a-mazatlan-acusa-gene\\\/#primaryimage\",\"url\":\"https:\\\/\\\/fuentesfidedignas.com.mx\\\/wp-content\\\/uploads\\\/2023\\\/06\\\/pedro-gene.jpg\",\"contentUrl\":\"https:\\\/\\\/fuentesfidedignas.com.mx\\\/wp-content\\\/uploads\\\/2023\\\/06\\\/pedro-gene.jpg\",\"width\":600,\"height\":454},{\"@type\":\"BreadcrumbList\",\"@id\":\"https:\\\/\\\/fuentesfidedignas.com.mx\\\/index.php\\\/2023\\\/06\\\/20\\\/pedro-lobo-recibe-apoyos-extras-para-saliditas-a-mazatlan-acusa-gene\\\/#breadcrumb\",\"itemListElement\":[{\"@type\":\"ListItem\",\"position\":1,\"name\":\"Inicio\",\"item\":\"https:\\\/\\\/fuentesfidedignas.com.mx\\\/\"},{\"@type\":\"ListItem\",\"position\":2,\"name\":\"Pedro Lobo recibe apoyos extras para &#8220;saliditas&#8221; a Mazatl\u00e1n, acusa Gene\"}]},{\"@type\":\"WebSite\",\"@id\":\"https:\\\/\\\/fuentesfidedignas.com.mx\\\/#website\",\"url\":\"https:\\\/\\\/fuentesfidedignas.com.mx\\\/\",\"name\":\"Fuentes Fidedignas\",\"description\":\"Otro sitio realizado con WordPress\",\"publisher\":{\"@id\":\"https:\\\/\\\/fuentesfidedignas.com.mx\\\/#organization\"},\"potentialAction\":[{\"@type\":\"SearchAction\",\"target\":{\"@type\":\"EntryPoint\",\"urlTemplate\":\"https:\\\/\\\/fuentesfidedignas.com.mx\\\/?s={search_term_string}\"},\"query-input\":{\"@type\":\"PropertyValueSpecification\",\"valueRequired\":true,\"valueName\":\"search_term_string\"}}],\"inLanguage\":\"es\"},{\"@type\":\"Organization\",\"@id\":\"https:\\\/\\\/fuentesfidedignas.com.mx\\\/#organization\",\"name\":\"Fuentes Fidedignas\",\"url\":\"https:\\\/\\\/fuentesfidedignas.com.mx\\\/\",\"logo\":{\"@type\":\"ImageObject\",\"inLanguage\":\"es\",\"@id\":\"https:\\\/\\\/fuentesfidedignas.com.mx\\\/#\\\/schema\\\/logo\\\/image\\\/\",\"url\":\"https:\\\/\\\/fuentesfidedignas.com.mx\\\/wp-content\\\/uploads\\\/2021\\\/04\\\/logo-retina.png\",\"contentUrl\":\"https:\\\/\\\/fuentesfidedignas.com.mx\\\/wp-content\\\/uploads\\\/2021\\\/04\\\/logo-retina.png\",\"width\":280,\"height\":51,\"caption\":\"Fuentes Fidedignas\"},\"image\":{\"@id\":\"https:\\\/\\\/fuentesfidedignas.com.mx\\\/#\\\/schema\\\/logo\\\/image\\\/\"},\"sameAs\":[\"https:\\\/\\\/www.facebook.com\\\/Fuentes-Fidedignas-368234489921644\",\"https:\\\/\\\/x.com\\\/fidedignas\"]},{\"@type\":\"Person\",\"@id\":\"https:\\\/\\\/fuentesfidedignas.com.mx\\\/#\\\/schema\\\/person\\\/2c10028b4a30078c05a056a215342ab9\",\"name\":\"Marissa Palafox\",\"image\":{\"@type\":\"ImageObject\",\"inLanguage\":\"es\",\"@id\":\"https:\\\/\\\/secure.gravatar.com\\\/avatar\\\/20a43bdb2f2db10f20b22d4e98b96eb027faf98f7f76d29854dc5fab46d1cf71?s=96&d=mm&r=g\",\"url\":\"https:\\\/\\\/secure.gravatar.com\\\/avatar\\\/20a43bdb2f2db10f20b22d4e98b96eb027faf98f7f76d29854dc5fab46d1cf71?s=96&d=mm&r=g\",\"contentUrl\":\"https:\\\/\\\/secure.gravatar.com\\\/avatar\\\/20a43bdb2f2db10f20b22d4e98b96eb027faf98f7f76d29854dc5fab46d1cf71?s=96&d=mm&r=g\",\"caption\":\"Marissa Palafox\"},\"url\":\"https:\\\/\\\/fuentesfidedignas.com.mx\\\/index.php\\\/author\\\/marissa\\\/\"}]}<\/script>\n<!-- \/ Yoast SEO plugin. -->","yoast_head_json":{"title":"Pedro Lobo recibe apoyos extras para \"saliditas\" a Mazatl\u00e1n, acusa Gene - Fuentes Fidedignas","robots":{"index":"index","follow":"follow","max-snippet":"max-snippet:-1","max-image-preview":"max-image-preview:large","max-video-preview":"max-video-preview:-1"},"canonical":"https:\/\/fuentesfidedignas.com.mx\/index.php\/2023\/06\/20\/pedro-lobo-recibe-apoyos-extras-para-saliditas-a-mazatlan-acusa-gene\/","og_locale":"es_MX","og_type":"article","og_title":"Pedro Lobo recibe apoyos extras para \"saliditas\" a Mazatl\u00e1n, acusa Gene - Fuentes Fidedignas","og_description":"El legislador del PAS se\u00f1al\u00f3 que a trav\u00e9s de acceso a la informaci\u00f3n, se obtuvieron gastos de gesti\u00f3n del morenista, arrojando facturas por alrededor de 60 mil pesos en ocho meses Culiac\u00e1n, Sin.- El Congreso del Estado da recursos extras al diputado Pedro Villegas Lobo, un promedio de 10 mil pesos mensuales para salidas a [&hellip;]","og_url":"https:\/\/fuentesfidedignas.com.mx\/index.php\/2023\/06\/20\/pedro-lobo-recibe-apoyos-extras-para-saliditas-a-mazatlan-acusa-gene\/","og_site_name":"Fuentes Fidedignas","article_publisher":"https:\/\/www.facebook.com\/Fuentes-Fidedignas-368234489921644","article_published_time":"2023-06-20T21:57:36+00:00","article_modified_time":"2023-06-21T03:34:20+00:00","og_image":[{"width":600,"height":454,"url":"https:\/\/fuentesfidedignas.com.mx\/wp-content\/uploads\/2023\/06\/pedro-gene.jpg","type":"image\/jpeg"}],"author":"Marissa Palafox","twitter_card":"summary_large_image","twitter_creator":"@fidedignas","twitter_site":"@fidedignas","twitter_misc":{"Escrito por":"Marissa Palafox","Tiempo de lectura":"3 minutos"},"schema":{"@context":"https:\/\/schema.org","@graph":[{"@type":"Article","@id":"https:\/\/fuentesfidedignas.com.mx\/index.php\/2023\/06\/20\/pedro-lobo-recibe-apoyos-extras-para-saliditas-a-mazatlan-acusa-gene\/#article","isPartOf":{"@id":"https:\/\/fuentesfidedignas.com.mx\/index.php\/2023\/06\/20\/pedro-lobo-recibe-apoyos-extras-para-saliditas-a-mazatlan-acusa-gene\/"},"author":{"name":"Marissa Palafox","@id":"https:\/\/fuentesfidedignas.com.mx\/#\/schema\/person\/2c10028b4a30078c05a056a215342ab9"},"headline":"Pedro Lobo recibe apoyos extras para &#8220;saliditas&#8221; a Mazatl\u00e1n, acusa Gene","datePublished":"2023-06-20T21:57:36+00:00","dateModified":"2023-06-21T03:34:20+00:00","mainEntityOfPage":{"@id":"https:\/\/fuentesfidedignas.com.mx\/index.php\/2023\/06\/20\/pedro-lobo-recibe-apoyos-extras-para-saliditas-a-mazatlan-acusa-gene\/"},"wordCount":356,"commentCount":0,"publisher":{"@id":"https:\/\/fuentesfidedignas.com.mx\/#organization"},"image":{"@id":"https:\/\/fuentesfidedignas.com.mx\/index.php\/2023\/06\/20\/pedro-lobo-recibe-apoyos-extras-para-saliditas-a-mazatlan-acusa-gene\/#primaryimage"},"thumbnailUrl":"https:\/\/fuentesfidedignas.com.mx\/wp-content\/uploads\/2023\/06\/pedro-gene.jpg","articleSection":["NOTA PRINCIPAL"],"inLanguage":"es","potentialAction":[{"@type":"CommentAction","name":"Comment","target":["https:\/\/fuentesfidedignas.com.mx\/index.php\/2023\/06\/20\/pedro-lobo-recibe-apoyos-extras-para-saliditas-a-mazatlan-acusa-gene\/#respond"]}]},{"@type":"WebPage","@id":"https:\/\/fuentesfidedignas.com.mx\/index.php\/2023\/06\/20\/pedro-lobo-recibe-apoyos-extras-para-saliditas-a-mazatlan-acusa-gene\/","url":"https:\/\/fuentesfidedignas.com.mx\/index.php\/2023\/06\/20\/pedro-lobo-recibe-apoyos-extras-para-saliditas-a-mazatlan-acusa-gene\/","name":"Pedro Lobo recibe apoyos extras para \"saliditas\" a Mazatl\u00e1n, acusa Gene - Fuentes Fidedignas","isPartOf":{"@id":"https:\/\/fuentesfidedignas.com.mx\/#website"},"primaryImageOfPage":{"@id":"https:\/\/fuentesfidedignas.com.mx\/index.php\/2023\/06\/20\/pedro-lobo-recibe-apoyos-extras-para-saliditas-a-mazatlan-acusa-gene\/#primaryimage"},"image":{"@id":"https:\/\/fuentesfidedignas.com.mx\/index.php\/2023\/06\/20\/pedro-lobo-recibe-apoyos-extras-para-saliditas-a-mazatlan-acusa-gene\/#primaryimage"},"thumbnailUrl":"https:\/\/fuentesfidedignas.com.mx\/wp-content\/uploads\/2023\/06\/pedro-gene.jpg","datePublished":"2023-06-20T21:57:36+00:00","dateModified":"2023-06-21T03:34:20+00:00","breadcrumb":{"@id":"https:\/\/fuentesfidedignas.com.mx\/index.php\/2023\/06\/20\/pedro-lobo-recibe-apoyos-extras-para-saliditas-a-mazatlan-acusa-gene\/#breadcrumb"},"inLanguage":"es","potentialAction":[{"@type":"ReadAction","target":["https:\/\/fuentesfidedignas.com.mx\/index.php\/2023\/06\/20\/pedro-lobo-recibe-apoyos-extras-para-saliditas-a-mazatlan-acusa-gene\/"]}]},{"@type":"ImageObject","inLanguage":"es","@id":"https:\/\/fuentesfidedignas.com.mx\/index.php\/2023\/06\/20\/pedro-lobo-recibe-apoyos-extras-para-saliditas-a-mazatlan-acusa-gene\/#primaryimage","url":"https:\/\/fuentesfidedignas.com.mx\/wp-content\/uploads\/2023\/06\/pedro-gene.jpg","contentUrl":"https:\/\/fuentesfidedignas.com.mx\/wp-content\/uploads\/2023\/06\/pedro-gene.jpg","width":600,"height":454},{"@type":"BreadcrumbList","@id":"https:\/\/fuentesfidedignas.com.mx\/index.php\/2023\/06\/20\/pedro-lobo-recibe-apoyos-extras-para-saliditas-a-mazatlan-acusa-gene\/#breadcrumb","itemListElement":[{"@type":"ListItem","position":1,"name":"Inicio","item":"https:\/\/fuentesfidedignas.com.mx\/"},{"@type":"ListItem","position":2,"name":"Pedro Lobo recibe apoyos extras para &#8220;saliditas&#8221; a Mazatl\u00e1n, acusa Gene"}]},{"@type":"WebSite","@id":"https:\/\/fuentesfidedignas.com.mx\/#website","url":"https:\/\/fuentesfidedignas.com.mx\/","name":"Fuentes Fidedignas","description":"Otro sitio realizado con WordPress","publisher":{"@id":"https:\/\/fuentesfidedignas.com.mx\/#organization"},"potentialAction":[{"@type":"SearchAction","target":{"@type":"EntryPoint","urlTemplate":"https:\/\/fuentesfidedignas.com.mx\/?s={search_term_string}"},"query-input":{"@type":"PropertyValueSpecification","valueRequired":true,"valueName":"search_term_string"}}],"inLanguage":"es"},{"@type":"Organization","@id":"https:\/\/fuentesfidedignas.com.mx\/#organization","name":"Fuentes Fidedignas","url":"https:\/\/fuentesfidedignas.com.mx\/","logo":{"@type":"ImageObject","inLanguage":"es","@id":"https:\/\/fuentesfidedignas.com.mx\/#\/schema\/logo\/image\/","url":"https:\/\/fuentesfidedignas.com.mx\/wp-content\/uploads\/2021\/04\/logo-retina.png","contentUrl":"https:\/\/fuentesfidedignas.com.mx\/wp-content\/uploads\/2021\/04\/logo-retina.png","width":280,"height":51,"caption":"Fuentes Fidedignas"},"image":{"@id":"https:\/\/fuentesfidedignas.com.mx\/#\/schema\/logo\/image\/"},"sameAs":["https:\/\/www.facebook.com\/Fuentes-Fidedignas-368234489921644","https:\/\/x.com\/fidedignas"]},{"@type":"Person","@id":"https:\/\/fuentesfidedignas.com.mx\/#\/schema\/person\/2c10028b4a30078c05a056a215342ab9","name":"Marissa Palafox","image":{"@type":"ImageObject","inLanguage":"es","@id":"https:\/\/secure.gravatar.com\/avatar\/20a43bdb2f2db10f20b22d4e98b96eb027faf98f7f76d29854dc5fab46d1cf71?s=96&d=mm&r=g","url":"https:\/\/secure.gravatar.com\/avatar\/20a43bdb2f2db10f20b22d4e98b96eb027faf98f7f76d29854dc5fab46d1cf71?s=96&d=mm&r=g","contentUrl":"https:\/\/secure.gravatar.com\/avatar\/20a43bdb2f2db10f20b22d4e98b96eb027faf98f7f76d29854dc5fab46d1cf71?s=96&d=mm&r=g","caption":"Marissa Palafox"},"url":"https:\/\/fuentesfidedignas.com.mx\/index.php\/author\/marissa\/"}]}},"_links":{"self":[{"href":"https:\/\/fuentesfidedignas.com.mx\/index.php\/wp-json\/wp\/v2\/posts\/50504","targetHints":{"allow":["GET"]}}],"collection":[{"href":"https:\/\/fuentesfidedignas.com.mx\/index.php\/wp-json\/wp\/v2\/posts"}],"about":[{"href":"https:\/\/fuentesfidedignas.com.mx\/index.php\/wp-json\/wp\/v2\/types\/post"}],"author":[{"embeddable":true,"href":"https:\/\/fuentesfidedignas.com.mx\/index.php\/wp-json\/wp\/v2\/users\/11"}],"replies":[{"embeddable":true,"href":"https:\/\/fuentesfidedignas.com.mx\/index.php\/wp-json\/wp\/v2\/comments?post=50504"}],"version-history":[{"count":6,"href":"https:\/\/fuentesfidedignas.com.mx\/index.php\/wp-json\/wp\/v2\/posts\/50504\/revisions"}],"predecessor-version":[{"id":50557,"href":"https:\/\/fuentesfidedignas.com.mx\/index.php\/wp-json\/wp\/v2\/posts\/50504\/revisions\/50557"}],"wp:featuredmedia":[{"embeddable":true,"href":"https:\/\/fuentesfidedignas.com.mx\/index.php\/wp-json\/wp\/v2\/media\/50508"}],"wp:attachment":[{"href":"https:\/\/fuentesfidedignas.com.mx\/index.php\/wp-json\/wp\/v2\/media?parent=50504"}],"wp:term":[{"taxonomy":"category","embeddable":true,"href":"https:\/\/fuentesfidedignas.com.mx\/index.php\/wp-json\/wp\/v2\/categories?post=50504"},{"taxonomy":"post_tag","embeddable":true,"href":"https:\/\/fuentesfidedignas.com.mx\/index.php\/wp-json\/wp\/v2\/tags?post=50504"}],"curies":[{"name":"wp","href":"https:\/\/api.w.org\/{rel}","templated":true}]}}