{"id":50501,"date":"2023-06-20T13:28:00","date_gmt":"2023-06-20T20:28:00","guid":{"rendered":"https:\/\/fuentesfidedignas.com.mx\/?p=50501"},"modified":"2023-06-20T15:02:07","modified_gmt":"2023-06-20T22:02:07","slug":"pesa-salida-de-chuy-valdes-del-pri-debandada-no-se-debe-minimizar-cinthia-valenzuela","status":"publish","type":"post","link":"https:\/\/fuentesfidedignas.com.mx\/index.php\/2023\/06\/20\/pesa-salida-de-chuy-valdes-del-pri-debandada-no-se-debe-minimizar-cinthia-valenzuela\/","title":{"rendered":"Pesa salida de &#8220;Chuy&#8221; Vald\u00e9s del PRI, desbandada no se debe minimizar: Cinthia Valenzuela"},"content":{"rendered":"\n<p><em><strong>&#8220;Es una salida que pesa al partido y debe de verse como tal y debe de tomarse con el respeto necesario<\/strong>&#8220;, afirm\u00f3 la diputada pri\u00edsta<\/em><\/p>\n\n\n\n<p>Culiac\u00e1n, Sin.- La reciente renuncia de Jes\u00fas Vald\u00e9s y Marcos Osuna a su militancia del Partido Revolucionario Institucional (PRI), sin duda que pesa y no hay que minimizar la crisis que est\u00e1 sufriendo el tricolor, afirm\u00f3 Cinthia Valenzuela.<\/p>\n\n\n\n<p>&#8220;<strong>La salida de \u00e9l (Jes\u00fas Vald\u00e9s), como la de Marcos Osuna que fue nuestro candidato a la presidencia municipal de Ahome,  no podemos minimizarlas ni hacer como que no sucede. Sin duda, es una salida que pesa al partido y debe de verse como tal y debe de tomarse con el respeto necesario<\/strong>&#8220;, afirm\u00f3 la diputada pri\u00edsta.<\/p>\n\n\n\n<iframe loading=\"lazy\" src=\"https:\/\/www.facebook.com\/plugins\/video.php?height=314&#038;href=https%3A%2F%2Fwww.facebook.com%2F100050497569358%2Fvideos%2F934744257753727%2F&#038;show_text=false&#038;width=560&#038;t=0\" width=\"560\" height=\"314\" style=\"border:none;overflow:hidden\" scrolling=\"no\" frameborder=\"0\" allowfullscreen=\"true\" allow=\"autoplay; clipboard-write; encrypted-media; picture-in-picture; web-share\" allowFullScreen=\"true\"><\/iframe>\n\n\n\n<p>La expresidenta estatal del PRI se\u00f1al\u00f3 que es necesaria un reestructuraci\u00f3n intensiva para rescatar al tricolor. Siendo que el disgusto generalizado es por la decisiones que se han tomado desde el Comit\u00e9 Ejecutivo Nacional.<\/p>\n\n\n\n<p>Asimismo, critic\u00f3 la decisi\u00f3n del Comit\u00e9 Directivo Estatal de poner una cart\u00f3n para recibir las renuncias de la militancia: <strong>&#8220;Mi narrativa es que no compart\u00eda el proceso, sigo sin compartirla. Tampoco comparto el que hoy se busque que a trav\u00e9s de un cart\u00f3n se lleven los documentos porque quien ha manifestado separarse de su militancia merecen nuestro respeto&#8221;.<\/strong><\/p>\n\n\n\n<p>Cinthia Valenzuela a\u00f1adi\u00f3 que ya la buscaron Paola G\u00e1rate y Bernardino Antelo para reunirse con ella y el resto de los diputados del Grupo Parlamentario del PRI. Sin embargo, no han coincidido sus agendas y espera que pueda llevarse a cabo esta semana la reuni\u00f3n.<\/p>\n","protected":false},"excerpt":{"rendered":"<p>&#8220;Es una salida que pesa al partido y debe de verse como tal y debe de tomarse con el respeto necesario&#8220;, afirm\u00f3 la diputada pri\u00edsta Culiac\u00e1n, Sin.- La reciente renuncia de Jes\u00fas Vald\u00e9s y Marcos Osuna a su militancia del Partido Revolucionario Institucional (PRI), sin duda que pesa y no hay que minimizar la crisis [&hellip;]<\/p>\n","protected":false},"author":11,"featured_media":50502,"comment_status":"open","ping_status":"open","sticky":false,"template":"","format":"standard","meta":{"tdm_status":"","tdm_grid_status":"","footnotes":""},"categories":[38],"tags":[],"class_list":{"0":"post-50501","1":"post","2":"type-post","3":"status-publish","4":"format-standard","5":"has-post-thumbnail","7":"category-noticias-locales"},"yoast_head":"<!-- This site is optimized with the Yoast SEO plugin v27.4 - https:\/\/yoast.com\/product\/yoast-seo-wordpress\/ -->\n<title>Pesa salida de &quot;Chuy&quot; Vald\u00e9s del PRI, desbandada no se debe minimizar: Cinthia Valenzuela - Fuentes Fidedignas<\/title>\n<meta name=\"robots\" content=\"index, follow, max-snippet:-1, max-image-preview:large, max-video-preview:-1\" \/>\n<link rel=\"canonical\" href=\"https:\/\/fuentesfidedignas.com.mx\/index.php\/2023\/06\/20\/pesa-salida-de-chuy-valdes-del-pri-debandada-no-se-debe-minimizar-cinthia-valenzuela\/\" \/>\n<meta property=\"og:locale\" content=\"es_MX\" \/>\n<meta property=\"og:type\" content=\"article\" \/>\n<meta property=\"og:title\" content=\"Pesa salida de &quot;Chuy&quot; Vald\u00e9s del PRI, desbandada no se debe minimizar: Cinthia Valenzuela - Fuentes Fidedignas\" \/>\n<meta property=\"og:description\" content=\"&#8220;Es una salida que pesa al partido y debe de verse como tal y debe de tomarse con el respeto necesario&#8220;, afirm\u00f3 la diputada pri\u00edsta Culiac\u00e1n, Sin.- La reciente renuncia de Jes\u00fas Vald\u00e9s y Marcos Osuna a su militancia del Partido Revolucionario Institucional (PRI), sin duda que pesa y no hay que minimizar la crisis [&hellip;]\" \/>\n<meta property=\"og:url\" content=\"https:\/\/fuentesfidedignas.com.mx\/index.php\/2023\/06\/20\/pesa-salida-de-chuy-valdes-del-pri-debandada-no-se-debe-minimizar-cinthia-valenzuela\/\" \/>\n<meta property=\"og:site_name\" content=\"Fuentes Fidedignas\" \/>\n<meta property=\"article:publisher\" content=\"https:\/\/www.facebook.com\/Fuentes-Fidedignas-368234489921644\" \/>\n<meta property=\"article:published_time\" content=\"2023-06-20T20:28:00+00:00\" \/>\n<meta property=\"article:modified_time\" content=\"2023-06-20T22:02:07+00:00\" \/>\n<meta property=\"og:image\" content=\"https:\/\/fuentesfidedignas.com.mx\/wp-content\/uploads\/2023\/06\/citnhia-valenzuela-e1687295543789.jpg\" \/>\n\t<meta property=\"og:image:width\" content=\"600\" \/>\n\t<meta property=\"og:image:height\" content=\"402\" \/>\n\t<meta property=\"og:image:type\" content=\"image\/jpeg\" \/>\n<meta name=\"author\" content=\"Marissa Palafox\" \/>\n<meta name=\"twitter:card\" content=\"summary_large_image\" \/>\n<meta name=\"twitter:creator\" content=\"@fidedignas\" \/>\n<meta name=\"twitter:site\" content=\"@fidedignas\" \/>\n<meta name=\"twitter:label1\" content=\"Escrito por\" \/>\n\t<meta name=\"twitter:data1\" content=\"Marissa Palafox\" \/>\n\t<meta name=\"twitter:label2\" content=\"Tiempo de lectura\" \/>\n\t<meta name=\"twitter:data2\" content=\"2 minutos\" \/>\n<script type=\"application\/ld+json\" class=\"yoast-schema-graph\">{\"@context\":\"https:\\\/\\\/schema.org\",\"@graph\":[{\"@type\":\"Article\",\"@id\":\"https:\\\/\\\/fuentesfidedignas.com.mx\\\/index.php\\\/2023\\\/06\\\/20\\\/pesa-salida-de-chuy-valdes-del-pri-debandada-no-se-debe-minimizar-cinthia-valenzuela\\\/#article\",\"isPartOf\":{\"@id\":\"https:\\\/\\\/fuentesfidedignas.com.mx\\\/index.php\\\/2023\\\/06\\\/20\\\/pesa-salida-de-chuy-valdes-del-pri-debandada-no-se-debe-minimizar-cinthia-valenzuela\\\/\"},\"author\":{\"name\":\"Marissa Palafox\",\"@id\":\"https:\\\/\\\/fuentesfidedignas.com.mx\\\/#\\\/schema\\\/person\\\/2c10028b4a30078c05a056a215342ab9\"},\"headline\":\"Pesa salida de &#8220;Chuy&#8221; Vald\u00e9s del PRI, desbandada no se debe minimizar: Cinthia Valenzuela\",\"datePublished\":\"2023-06-20T20:28:00+00:00\",\"dateModified\":\"2023-06-20T22:02:07+00:00\",\"mainEntityOfPage\":{\"@id\":\"https:\\\/\\\/fuentesfidedignas.com.mx\\\/index.php\\\/2023\\\/06\\\/20\\\/pesa-salida-de-chuy-valdes-del-pri-debandada-no-se-debe-minimizar-cinthia-valenzuela\\\/\"},\"wordCount\":290,\"commentCount\":0,\"publisher\":{\"@id\":\"https:\\\/\\\/fuentesfidedignas.com.mx\\\/#organization\"},\"image\":{\"@id\":\"https:\\\/\\\/fuentesfidedignas.com.mx\\\/index.php\\\/2023\\\/06\\\/20\\\/pesa-salida-de-chuy-valdes-del-pri-debandada-no-se-debe-minimizar-cinthia-valenzuela\\\/#primaryimage\"},\"thumbnailUrl\":\"https:\\\/\\\/fuentesfidedignas.com.mx\\\/wp-content\\\/uploads\\\/2023\\\/06\\\/citnhia-valenzuela-e1687295543789.jpg\",\"articleSection\":[\"NOTICIAS LOCALES\"],\"inLanguage\":\"es\",\"potentialAction\":[{\"@type\":\"CommentAction\",\"name\":\"Comment\",\"target\":[\"https:\\\/\\\/fuentesfidedignas.com.mx\\\/index.php\\\/2023\\\/06\\\/20\\\/pesa-salida-de-chuy-valdes-del-pri-debandada-no-se-debe-minimizar-cinthia-valenzuela\\\/#respond\"]}]},{\"@type\":\"WebPage\",\"@id\":\"https:\\\/\\\/fuentesfidedignas.com.mx\\\/index.php\\\/2023\\\/06\\\/20\\\/pesa-salida-de-chuy-valdes-del-pri-debandada-no-se-debe-minimizar-cinthia-valenzuela\\\/\",\"url\":\"https:\\\/\\\/fuentesfidedignas.com.mx\\\/index.php\\\/2023\\\/06\\\/20\\\/pesa-salida-de-chuy-valdes-del-pri-debandada-no-se-debe-minimizar-cinthia-valenzuela\\\/\",\"name\":\"Pesa salida de \\\"Chuy\\\" Vald\u00e9s del PRI, desbandada no se debe minimizar: Cinthia Valenzuela - Fuentes Fidedignas\",\"isPartOf\":{\"@id\":\"https:\\\/\\\/fuentesfidedignas.com.mx\\\/#website\"},\"primaryImageOfPage\":{\"@id\":\"https:\\\/\\\/fuentesfidedignas.com.mx\\\/index.php\\\/2023\\\/06\\\/20\\\/pesa-salida-de-chuy-valdes-del-pri-debandada-no-se-debe-minimizar-cinthia-valenzuela\\\/#primaryimage\"},\"image\":{\"@id\":\"https:\\\/\\\/fuentesfidedignas.com.mx\\\/index.php\\\/2023\\\/06\\\/20\\\/pesa-salida-de-chuy-valdes-del-pri-debandada-no-se-debe-minimizar-cinthia-valenzuela\\\/#primaryimage\"},\"thumbnailUrl\":\"https:\\\/\\\/fuentesfidedignas.com.mx\\\/wp-content\\\/uploads\\\/2023\\\/06\\\/citnhia-valenzuela-e1687295543789.jpg\",\"datePublished\":\"2023-06-20T20:28:00+00:00\",\"dateModified\":\"2023-06-20T22:02:07+00:00\",\"breadcrumb\":{\"@id\":\"https:\\\/\\\/fuentesfidedignas.com.mx\\\/index.php\\\/2023\\\/06\\\/20\\\/pesa-salida-de-chuy-valdes-del-pri-debandada-no-se-debe-minimizar-cinthia-valenzuela\\\/#breadcrumb\"},\"inLanguage\":\"es\",\"potentialAction\":[{\"@type\":\"ReadAction\",\"target\":[\"https:\\\/\\\/fuentesfidedignas.com.mx\\\/index.php\\\/2023\\\/06\\\/20\\\/pesa-salida-de-chuy-valdes-del-pri-debandada-no-se-debe-minimizar-cinthia-valenzuela\\\/\"]}]},{\"@type\":\"ImageObject\",\"inLanguage\":\"es\",\"@id\":\"https:\\\/\\\/fuentesfidedignas.com.mx\\\/index.php\\\/2023\\\/06\\\/20\\\/pesa-salida-de-chuy-valdes-del-pri-debandada-no-se-debe-minimizar-cinthia-valenzuela\\\/#primaryimage\",\"url\":\"https:\\\/\\\/fuentesfidedignas.com.mx\\\/wp-content\\\/uploads\\\/2023\\\/06\\\/citnhia-valenzuela-e1687295543789.jpg\",\"contentUrl\":\"https:\\\/\\\/fuentesfidedignas.com.mx\\\/wp-content\\\/uploads\\\/2023\\\/06\\\/citnhia-valenzuela-e1687295543789.jpg\",\"width\":600,\"height\":402},{\"@type\":\"BreadcrumbList\",\"@id\":\"https:\\\/\\\/fuentesfidedignas.com.mx\\\/index.php\\\/2023\\\/06\\\/20\\\/pesa-salida-de-chuy-valdes-del-pri-debandada-no-se-debe-minimizar-cinthia-valenzuela\\\/#breadcrumb\",\"itemListElement\":[{\"@type\":\"ListItem\",\"position\":1,\"name\":\"Inicio\",\"item\":\"https:\\\/\\\/fuentesfidedignas.com.mx\\\/\"},{\"@type\":\"ListItem\",\"position\":2,\"name\":\"Pesa salida de &#8220;Chuy&#8221; Vald\u00e9s del PRI, desbandada no se debe minimizar: Cinthia Valenzuela\"}]},{\"@type\":\"WebSite\",\"@id\":\"https:\\\/\\\/fuentesfidedignas.com.mx\\\/#website\",\"url\":\"https:\\\/\\\/fuentesfidedignas.com.mx\\\/\",\"name\":\"Fuentes Fidedignas\",\"description\":\"Otro sitio realizado con WordPress\",\"publisher\":{\"@id\":\"https:\\\/\\\/fuentesfidedignas.com.mx\\\/#organization\"},\"potentialAction\":[{\"@type\":\"SearchAction\",\"target\":{\"@type\":\"EntryPoint\",\"urlTemplate\":\"https:\\\/\\\/fuentesfidedignas.com.mx\\\/?s={search_term_string}\"},\"query-input\":{\"@type\":\"PropertyValueSpecification\",\"valueRequired\":true,\"valueName\":\"search_term_string\"}}],\"inLanguage\":\"es\"},{\"@type\":\"Organization\",\"@id\":\"https:\\\/\\\/fuentesfidedignas.com.mx\\\/#organization\",\"name\":\"Fuentes Fidedignas\",\"url\":\"https:\\\/\\\/fuentesfidedignas.com.mx\\\/\",\"logo\":{\"@type\":\"ImageObject\",\"inLanguage\":\"es\",\"@id\":\"https:\\\/\\\/fuentesfidedignas.com.mx\\\/#\\\/schema\\\/logo\\\/image\\\/\",\"url\":\"https:\\\/\\\/fuentesfidedignas.com.mx\\\/wp-content\\\/uploads\\\/2021\\\/04\\\/logo-retina.png\",\"contentUrl\":\"https:\\\/\\\/fuentesfidedignas.com.mx\\\/wp-content\\\/uploads\\\/2021\\\/04\\\/logo-retina.png\",\"width\":280,\"height\":51,\"caption\":\"Fuentes Fidedignas\"},\"image\":{\"@id\":\"https:\\\/\\\/fuentesfidedignas.com.mx\\\/#\\\/schema\\\/logo\\\/image\\\/\"},\"sameAs\":[\"https:\\\/\\\/www.facebook.com\\\/Fuentes-Fidedignas-368234489921644\",\"https:\\\/\\\/x.com\\\/fidedignas\"]},{\"@type\":\"Person\",\"@id\":\"https:\\\/\\\/fuentesfidedignas.com.mx\\\/#\\\/schema\\\/person\\\/2c10028b4a30078c05a056a215342ab9\",\"name\":\"Marissa Palafox\",\"image\":{\"@type\":\"ImageObject\",\"inLanguage\":\"es\",\"@id\":\"https:\\\/\\\/secure.gravatar.com\\\/avatar\\\/20a43bdb2f2db10f20b22d4e98b96eb027faf98f7f76d29854dc5fab46d1cf71?s=96&d=mm&r=g\",\"url\":\"https:\\\/\\\/secure.gravatar.com\\\/avatar\\\/20a43bdb2f2db10f20b22d4e98b96eb027faf98f7f76d29854dc5fab46d1cf71?s=96&d=mm&r=g\",\"contentUrl\":\"https:\\\/\\\/secure.gravatar.com\\\/avatar\\\/20a43bdb2f2db10f20b22d4e98b96eb027faf98f7f76d29854dc5fab46d1cf71?s=96&d=mm&r=g\",\"caption\":\"Marissa Palafox\"},\"url\":\"https:\\\/\\\/fuentesfidedignas.com.mx\\\/index.php\\\/author\\\/marissa\\\/\"}]}<\/script>\n<!-- \/ Yoast SEO plugin. -->","yoast_head_json":{"title":"Pesa salida de \"Chuy\" Vald\u00e9s del PRI, desbandada no se debe minimizar: Cinthia Valenzuela - Fuentes Fidedignas","robots":{"index":"index","follow":"follow","max-snippet":"max-snippet:-1","max-image-preview":"max-image-preview:large","max-video-preview":"max-video-preview:-1"},"canonical":"https:\/\/fuentesfidedignas.com.mx\/index.php\/2023\/06\/20\/pesa-salida-de-chuy-valdes-del-pri-debandada-no-se-debe-minimizar-cinthia-valenzuela\/","og_locale":"es_MX","og_type":"article","og_title":"Pesa salida de \"Chuy\" Vald\u00e9s del PRI, desbandada no se debe minimizar: Cinthia Valenzuela - Fuentes Fidedignas","og_description":"&#8220;Es una salida que pesa al partido y debe de verse como tal y debe de tomarse con el respeto necesario&#8220;, afirm\u00f3 la diputada pri\u00edsta Culiac\u00e1n, Sin.- La reciente renuncia de Jes\u00fas Vald\u00e9s y Marcos Osuna a su militancia del Partido Revolucionario Institucional (PRI), sin duda que pesa y no hay que minimizar la crisis [&hellip;]","og_url":"https:\/\/fuentesfidedignas.com.mx\/index.php\/2023\/06\/20\/pesa-salida-de-chuy-valdes-del-pri-debandada-no-se-debe-minimizar-cinthia-valenzuela\/","og_site_name":"Fuentes Fidedignas","article_publisher":"https:\/\/www.facebook.com\/Fuentes-Fidedignas-368234489921644","article_published_time":"2023-06-20T20:28:00+00:00","article_modified_time":"2023-06-20T22:02:07+00:00","og_image":[{"width":600,"height":402,"url":"https:\/\/fuentesfidedignas.com.mx\/wp-content\/uploads\/2023\/06\/citnhia-valenzuela-e1687295543789.jpg","type":"image\/jpeg"}],"author":"Marissa Palafox","twitter_card":"summary_large_image","twitter_creator":"@fidedignas","twitter_site":"@fidedignas","twitter_misc":{"Escrito por":"Marissa Palafox","Tiempo de lectura":"2 minutos"},"schema":{"@context":"https:\/\/schema.org","@graph":[{"@type":"Article","@id":"https:\/\/fuentesfidedignas.com.mx\/index.php\/2023\/06\/20\/pesa-salida-de-chuy-valdes-del-pri-debandada-no-se-debe-minimizar-cinthia-valenzuela\/#article","isPartOf":{"@id":"https:\/\/fuentesfidedignas.com.mx\/index.php\/2023\/06\/20\/pesa-salida-de-chuy-valdes-del-pri-debandada-no-se-debe-minimizar-cinthia-valenzuela\/"},"author":{"name":"Marissa Palafox","@id":"https:\/\/fuentesfidedignas.com.mx\/#\/schema\/person\/2c10028b4a30078c05a056a215342ab9"},"headline":"Pesa salida de &#8220;Chuy&#8221; Vald\u00e9s del PRI, desbandada no se debe minimizar: Cinthia Valenzuela","datePublished":"2023-06-20T20:28:00+00:00","dateModified":"2023-06-20T22:02:07+00:00","mainEntityOfPage":{"@id":"https:\/\/fuentesfidedignas.com.mx\/index.php\/2023\/06\/20\/pesa-salida-de-chuy-valdes-del-pri-debandada-no-se-debe-minimizar-cinthia-valenzuela\/"},"wordCount":290,"commentCount":0,"publisher":{"@id":"https:\/\/fuentesfidedignas.com.mx\/#organization"},"image":{"@id":"https:\/\/fuentesfidedignas.com.mx\/index.php\/2023\/06\/20\/pesa-salida-de-chuy-valdes-del-pri-debandada-no-se-debe-minimizar-cinthia-valenzuela\/#primaryimage"},"thumbnailUrl":"https:\/\/fuentesfidedignas.com.mx\/wp-content\/uploads\/2023\/06\/citnhia-valenzuela-e1687295543789.jpg","articleSection":["NOTICIAS LOCALES"],"inLanguage":"es","potentialAction":[{"@type":"CommentAction","name":"Comment","target":["https:\/\/fuentesfidedignas.com.mx\/index.php\/2023\/06\/20\/pesa-salida-de-chuy-valdes-del-pri-debandada-no-se-debe-minimizar-cinthia-valenzuela\/#respond"]}]},{"@type":"WebPage","@id":"https:\/\/fuentesfidedignas.com.mx\/index.php\/2023\/06\/20\/pesa-salida-de-chuy-valdes-del-pri-debandada-no-se-debe-minimizar-cinthia-valenzuela\/","url":"https:\/\/fuentesfidedignas.com.mx\/index.php\/2023\/06\/20\/pesa-salida-de-chuy-valdes-del-pri-debandada-no-se-debe-minimizar-cinthia-valenzuela\/","name":"Pesa salida de \"Chuy\" Vald\u00e9s del PRI, desbandada no se debe minimizar: Cinthia Valenzuela - Fuentes Fidedignas","isPartOf":{"@id":"https:\/\/fuentesfidedignas.com.mx\/#website"},"primaryImageOfPage":{"@id":"https:\/\/fuentesfidedignas.com.mx\/index.php\/2023\/06\/20\/pesa-salida-de-chuy-valdes-del-pri-debandada-no-se-debe-minimizar-cinthia-valenzuela\/#primaryimage"},"image":{"@id":"https:\/\/fuentesfidedignas.com.mx\/index.php\/2023\/06\/20\/pesa-salida-de-chuy-valdes-del-pri-debandada-no-se-debe-minimizar-cinthia-valenzuela\/#primaryimage"},"thumbnailUrl":"https:\/\/fuentesfidedignas.com.mx\/wp-content\/uploads\/2023\/06\/citnhia-valenzuela-e1687295543789.jpg","datePublished":"2023-06-20T20:28:00+00:00","dateModified":"2023-06-20T22:02:07+00:00","breadcrumb":{"@id":"https:\/\/fuentesfidedignas.com.mx\/index.php\/2023\/06\/20\/pesa-salida-de-chuy-valdes-del-pri-debandada-no-se-debe-minimizar-cinthia-valenzuela\/#breadcrumb"},"inLanguage":"es","potentialAction":[{"@type":"ReadAction","target":["https:\/\/fuentesfidedignas.com.mx\/index.php\/2023\/06\/20\/pesa-salida-de-chuy-valdes-del-pri-debandada-no-se-debe-minimizar-cinthia-valenzuela\/"]}]},{"@type":"ImageObject","inLanguage":"es","@id":"https:\/\/fuentesfidedignas.com.mx\/index.php\/2023\/06\/20\/pesa-salida-de-chuy-valdes-del-pri-debandada-no-se-debe-minimizar-cinthia-valenzuela\/#primaryimage","url":"https:\/\/fuentesfidedignas.com.mx\/wp-content\/uploads\/2023\/06\/citnhia-valenzuela-e1687295543789.jpg","contentUrl":"https:\/\/fuentesfidedignas.com.mx\/wp-content\/uploads\/2023\/06\/citnhia-valenzuela-e1687295543789.jpg","width":600,"height":402},{"@type":"BreadcrumbList","@id":"https:\/\/fuentesfidedignas.com.mx\/index.php\/2023\/06\/20\/pesa-salida-de-chuy-valdes-del-pri-debandada-no-se-debe-minimizar-cinthia-valenzuela\/#breadcrumb","itemListElement":[{"@type":"ListItem","position":1,"name":"Inicio","item":"https:\/\/fuentesfidedignas.com.mx\/"},{"@type":"ListItem","position":2,"name":"Pesa salida de &#8220;Chuy&#8221; Vald\u00e9s del PRI, desbandada no se debe minimizar: Cinthia Valenzuela"}]},{"@type":"WebSite","@id":"https:\/\/fuentesfidedignas.com.mx\/#website","url":"https:\/\/fuentesfidedignas.com.mx\/","name":"Fuentes Fidedignas","description":"Otro sitio realizado con WordPress","publisher":{"@id":"https:\/\/fuentesfidedignas.com.mx\/#organization"},"potentialAction":[{"@type":"SearchAction","target":{"@type":"EntryPoint","urlTemplate":"https:\/\/fuentesfidedignas.com.mx\/?s={search_term_string}"},"query-input":{"@type":"PropertyValueSpecification","valueRequired":true,"valueName":"search_term_string"}}],"inLanguage":"es"},{"@type":"Organization","@id":"https:\/\/fuentesfidedignas.com.mx\/#organization","name":"Fuentes Fidedignas","url":"https:\/\/fuentesfidedignas.com.mx\/","logo":{"@type":"ImageObject","inLanguage":"es","@id":"https:\/\/fuentesfidedignas.com.mx\/#\/schema\/logo\/image\/","url":"https:\/\/fuentesfidedignas.com.mx\/wp-content\/uploads\/2021\/04\/logo-retina.png","contentUrl":"https:\/\/fuentesfidedignas.com.mx\/wp-content\/uploads\/2021\/04\/logo-retina.png","width":280,"height":51,"caption":"Fuentes Fidedignas"},"image":{"@id":"https:\/\/fuentesfidedignas.com.mx\/#\/schema\/logo\/image\/"},"sameAs":["https:\/\/www.facebook.com\/Fuentes-Fidedignas-368234489921644","https:\/\/x.com\/fidedignas"]},{"@type":"Person","@id":"https:\/\/fuentesfidedignas.com.mx\/#\/schema\/person\/2c10028b4a30078c05a056a215342ab9","name":"Marissa Palafox","image":{"@type":"ImageObject","inLanguage":"es","@id":"https:\/\/secure.gravatar.com\/avatar\/20a43bdb2f2db10f20b22d4e98b96eb027faf98f7f76d29854dc5fab46d1cf71?s=96&d=mm&r=g","url":"https:\/\/secure.gravatar.com\/avatar\/20a43bdb2f2db10f20b22d4e98b96eb027faf98f7f76d29854dc5fab46d1cf71?s=96&d=mm&r=g","contentUrl":"https:\/\/secure.gravatar.com\/avatar\/20a43bdb2f2db10f20b22d4e98b96eb027faf98f7f76d29854dc5fab46d1cf71?s=96&d=mm&r=g","caption":"Marissa Palafox"},"url":"https:\/\/fuentesfidedignas.com.mx\/index.php\/author\/marissa\/"}]}},"_links":{"self":[{"href":"https:\/\/fuentesfidedignas.com.mx\/index.php\/wp-json\/wp\/v2\/posts\/50501","targetHints":{"allow":["GET"]}}],"collection":[{"href":"https:\/\/fuentesfidedignas.com.mx\/index.php\/wp-json\/wp\/v2\/posts"}],"about":[{"href":"https:\/\/fuentesfidedignas.com.mx\/index.php\/wp-json\/wp\/v2\/types\/post"}],"author":[{"embeddable":true,"href":"https:\/\/fuentesfidedignas.com.mx\/index.php\/wp-json\/wp\/v2\/users\/11"}],"replies":[{"embeddable":true,"href":"https:\/\/fuentesfidedignas.com.mx\/index.php\/wp-json\/wp\/v2\/comments?post=50501"}],"version-history":[{"count":2,"href":"https:\/\/fuentesfidedignas.com.mx\/index.php\/wp-json\/wp\/v2\/posts\/50501\/revisions"}],"predecessor-version":[{"id":50515,"href":"https:\/\/fuentesfidedignas.com.mx\/index.php\/wp-json\/wp\/v2\/posts\/50501\/revisions\/50515"}],"wp:featuredmedia":[{"embeddable":true,"href":"https:\/\/fuentesfidedignas.com.mx\/index.php\/wp-json\/wp\/v2\/media\/50502"}],"wp:attachment":[{"href":"https:\/\/fuentesfidedignas.com.mx\/index.php\/wp-json\/wp\/v2\/media?parent=50501"}],"wp:term":[{"taxonomy":"category","embeddable":true,"href":"https:\/\/fuentesfidedignas.com.mx\/index.php\/wp-json\/wp\/v2\/categories?post=50501"},{"taxonomy":"post_tag","embeddable":true,"href":"https:\/\/fuentesfidedignas.com.mx\/index.php\/wp-json\/wp\/v2\/tags?post=50501"}],"curies":[{"name":"wp","href":"https:\/\/api.w.org\/{rel}","templated":true}]}}