{"id":50480,"date":"2023-06-20T10:50:44","date_gmt":"2023-06-20T17:50:44","guid":{"rendered":"https:\/\/fuentesfidedignas.com.mx\/?p=50480"},"modified":"2023-06-20T11:46:38","modified_gmt":"2023-06-20T18:46:38","slug":"acusan-a-hijo-de-biden-de-tres-cargos-federales-se-declarara-culpable","status":"publish","type":"post","link":"https:\/\/fuentesfidedignas.com.mx\/index.php\/2023\/06\/20\/acusan-a-hijo-de-biden-de-tres-cargos-federales-se-declarara-culpable\/","title":{"rendered":"Acusan a hijo de Biden de tres cargos federales; se declarar\u00e1 culpable"},"content":{"rendered":"\n<p><br><strong><em>El hijo del mandatario lleg\u00f3 a un acuerdo tentativo con los fiscales federales para declararse culpable de dos delitos fiscales menores<\/em><\/strong><\/p>\n\n\n\n<p>ESTADOS UNIDOS. El hijo del presidente estadunidense Joe Biden, Hunter Biden, acord\u00f3 declararse culpable de tres cargos federales por impuestos y armas de fuego\u00a0<a href=\"https:\/\/www.documentcloud.org\/documents\/23854021-hunter-biden-letter\" target=\"_blank\" rel=\"noreferrer noopener\"><strong>en un acuerdo con el Departamento de Justicia<\/strong><\/a>, seg\u00fan un documento judicial publicado el martes.<\/p>\n\n\n\n<p>El hijo del mandatario\u00a0est\u00e1 acusado de tres cargos menores, d<strong>os por no pagar sus impuestos de 2017 y 2018 por al menos 1.2 millones de d\u00f3lares<\/strong>,\u00a0<strong>y la\u00a0compra de un arma de fuego en 2018\u00a0<\/strong>durante un per\u00edodo en el que consum\u00eda drogas.\u00a0El Departamento de Justicia acusar\u00eda a Hunter, pero aceptar\u00eda no procesarlo en relaci\u00f3n por la posesi\u00f3n de armas y darle la libertad condicional.<\/p>\n\n\n\n<p>Hunter lleg\u00f3 a un acuerdo tentativo con los fiscales federales&nbsp;<strong>para declararse culpable de dos delitos fiscales menores y admitir los hechos de un cargo de armas<\/strong>&nbsp;en t\u00e9rminos que probablemente lo mantendr\u00edan fuera de la c\u00e1rcel.&nbsp;Cualquier acuerdo de culpabilidad propuesto tendr\u00eda que ser aprobado por un juez federal, y no estaba claro de inmediato qu\u00e9 d\u00eda podr\u00eda comparecer&nbsp;en el tribunal para declararse culpable.<\/p>\n\n\n\n<blockquote class=\"wp-block-quote is-layout-flow wp-block-quote-is-layout-flow\">\n<p>\u201cCon el anuncio de dos acuerdos entre mi cliente, Hunter Biden, y la Oficina del Fiscal de los Estados Unidos para el Distrito de Delaware, tengo entendido que la investigaci\u00f3n de cinco a\u00f1os sobre Hunter est\u00e1 resuelta\u201d, dijo el abogado del hijo de Biden, Christopher Clark, en una declaraci\u00f3n.&nbsp;\u201cHunter asumir\u00e1 la responsabilidad por dos casos de delitos menores por no presentar los pagos de impuestos a su vencimiento de conformidad con un acuerdo de culpabilidad\u201d,&nbsp;<\/p>\n<\/blockquote>\n\n\n\n<p>El expresidente Donald Trump, que lucha con la justicia en una serie de casos, consider\u00f3 en una reacci\u00f3n publicada en su red &#8220;Truth Social&#8221;\u00a0<strong>que Hunter Biden solo hab\u00eda recibido una &#8220;multa&#8221; y afirm\u00f3 que el sistema judicial est\u00e1 &#8220;quebrado&#8221;.<\/strong><\/p>\n\n\n\n<p>El hijo menor del presidente dem\u00f3crata \u2014el mayor, Beau, muri\u00f3 en 2015 de c\u00e1ncer cerebral\u2014 describi\u00f3 sus problemas de adicci\u00f3n al alcohol y otras drogas, en particular el crack, en un libro publicado en 2021. En esa publicaci\u00f3n, Hunter Biden, exabogado y empresario convertido en artista,<strong>&nbsp;tambi\u00e9n afirma que actualmente est\u00e1 alejado del alcohol y las drogas.<\/strong><\/p>\n\n\n\n<p>El presidente siempre lo ha apoyado p\u00fablicamente. Durante un acalorado debate con Trump antes de las elecciones presidenciales de 2020, en las que obtuvo la victoria, dijo que estaba &#8220;orgulloso&#8221; de \u00e9l. Adem\u00e1s, Biden ha rechazado las acusaciones de corrupci\u00f3n de la oposici\u00f3n republicana en el Congreso, que ha se\u00f1alado a Hunter por supuestos negocios irregulares en Ucrania y China mientras su padre era vicepresidente, en la era del gobierno de Barack Obama.<\/p>\n\n\n\n<blockquote class=\"wp-block-quote is-layout-flow wp-block-quote-is-layout-flow\">\n<p>&#8220;Mi hijo no ha hecho nada malo&#8221;, sostuvo en una entrevista con la cadena televisiva MSNBC en mayo pasado. &#8220;Conf\u00edo en \u00e9l&#8221;, subray\u00f3<\/p>\n<\/blockquote>\n\n\n\n<p><\/p>\n\n\n\n<p><video preload=\"auto\"><\/video><\/p>\n\n\n\n<p><video preload=\"auto\"><\/video><\/p>\n","protected":false},"excerpt":{"rendered":"<p>El hijo del mandatario lleg\u00f3 a un acuerdo tentativo con los fiscales federales para declararse culpable de dos delitos fiscales menores ESTADOS UNIDOS. El hijo del presidente estadunidense Joe Biden, Hunter Biden, acord\u00f3 declararse culpable de tres cargos federales por impuestos y armas de fuego\u00a0en un acuerdo con el Departamento de Justicia, seg\u00fan un documento [&hellip;]<\/p>\n","protected":false},"author":7,"featured_media":50482,"comment_status":"open","ping_status":"open","sticky":false,"template":"","format":"standard","meta":{"tdm_status":"","tdm_grid_status":"","footnotes":""},"categories":[39,1],"tags":[],"class_list":{"0":"post-50480","1":"post","2":"type-post","3":"status-publish","4":"format-standard","5":"has-post-thumbnail","7":"category-noticias-nacionales","8":"category-sin-categoria"},"yoast_head":"<!-- This site is optimized with the Yoast SEO plugin v27.4 - https:\/\/yoast.com\/product\/yoast-seo-wordpress\/ -->\n<title>Acusan a hijo de Biden de tres cargos federales; se declarar\u00e1 culpable - Fuentes Fidedignas<\/title>\n<meta name=\"robots\" content=\"index, follow, max-snippet:-1, max-image-preview:large, max-video-preview:-1\" \/>\n<link rel=\"canonical\" href=\"https:\/\/fuentesfidedignas.com.mx\/index.php\/2023\/06\/20\/acusan-a-hijo-de-biden-de-tres-cargos-federales-se-declarara-culpable\/\" \/>\n<meta property=\"og:locale\" content=\"es_MX\" \/>\n<meta property=\"og:type\" content=\"article\" \/>\n<meta property=\"og:title\" content=\"Acusan a hijo de Biden de tres cargos federales; se declarar\u00e1 culpable - Fuentes Fidedignas\" \/>\n<meta property=\"og:description\" content=\"El hijo del mandatario lleg\u00f3 a un acuerdo tentativo con los fiscales federales para declararse culpable de dos delitos fiscales menores ESTADOS UNIDOS. El hijo del presidente estadunidense Joe Biden, Hunter Biden, acord\u00f3 declararse culpable de tres cargos federales por impuestos y armas de fuego\u00a0en un acuerdo con el Departamento de Justicia, seg\u00fan un documento [&hellip;]\" \/>\n<meta property=\"og:url\" content=\"https:\/\/fuentesfidedignas.com.mx\/index.php\/2023\/06\/20\/acusan-a-hijo-de-biden-de-tres-cargos-federales-se-declarara-culpable\/\" \/>\n<meta property=\"og:site_name\" content=\"Fuentes Fidedignas\" \/>\n<meta property=\"article:publisher\" content=\"https:\/\/www.facebook.com\/Fuentes-Fidedignas-368234489921644\" \/>\n<meta property=\"article:published_time\" content=\"2023-06-20T17:50:44+00:00\" \/>\n<meta property=\"article:modified_time\" content=\"2023-06-20T18:46:38+00:00\" \/>\n<meta property=\"og:image\" content=\"https:\/\/fuentesfidedignas.com.mx\/wp-content\/uploads\/2021\/04\/logo-retina.png\" \/>\n\t<meta property=\"og:image:width\" content=\"280\" \/>\n\t<meta property=\"og:image:height\" content=\"51\" \/>\n\t<meta property=\"og:image:type\" content=\"image\/png\" \/>\n<meta name=\"author\" content=\"Exc\u00e9lsior\" \/>\n<meta name=\"twitter:card\" content=\"summary_large_image\" \/>\n<meta name=\"twitter:creator\" content=\"@fidedignas\" \/>\n<meta name=\"twitter:site\" content=\"@fidedignas\" \/>\n<meta name=\"twitter:label1\" content=\"Escrito por\" \/>\n\t<meta name=\"twitter:data1\" content=\"Exc\u00e9lsior\" \/>\n\t<meta name=\"twitter:label2\" content=\"Tiempo de lectura\" \/>\n\t<meta name=\"twitter:data2\" content=\"3 minutos\" \/>\n<script type=\"application\/ld+json\" class=\"yoast-schema-graph\">{\"@context\":\"https:\\\/\\\/schema.org\",\"@graph\":[{\"@type\":\"Article\",\"@id\":\"https:\\\/\\\/fuentesfidedignas.com.mx\\\/index.php\\\/2023\\\/06\\\/20\\\/acusan-a-hijo-de-biden-de-tres-cargos-federales-se-declarara-culpable\\\/#article\",\"isPartOf\":{\"@id\":\"https:\\\/\\\/fuentesfidedignas.com.mx\\\/index.php\\\/2023\\\/06\\\/20\\\/acusan-a-hijo-de-biden-de-tres-cargos-federales-se-declarara-culpable\\\/\"},\"author\":{\"name\":\"Exc\u00e9lsior\",\"@id\":\"https:\\\/\\\/fuentesfidedignas.com.mx\\\/#\\\/schema\\\/person\\\/ec4edd1fbf5efa3e44fce34fe2787780\"},\"headline\":\"Acusan a hijo de Biden de tres cargos federales; se declarar\u00e1 culpable\",\"datePublished\":\"2023-06-20T17:50:44+00:00\",\"dateModified\":\"2023-06-20T18:46:38+00:00\",\"mainEntityOfPage\":{\"@id\":\"https:\\\/\\\/fuentesfidedignas.com.mx\\\/index.php\\\/2023\\\/06\\\/20\\\/acusan-a-hijo-de-biden-de-tres-cargos-federales-se-declarara-culpable\\\/\"},\"wordCount\":505,\"commentCount\":0,\"publisher\":{\"@id\":\"https:\\\/\\\/fuentesfidedignas.com.mx\\\/#organization\"},\"image\":{\"@id\":\"https:\\\/\\\/fuentesfidedignas.com.mx\\\/index.php\\\/2023\\\/06\\\/20\\\/acusan-a-hijo-de-biden-de-tres-cargos-federales-se-declarara-culpable\\\/#primaryimage\"},\"thumbnailUrl\":\"https:\\\/\\\/fuentesfidedignas.com.mx\\\/wp-content\\\/uploads\\\/2023\\\/06\\\/2966207.jpg\",\"articleSection\":[\"NOTICIAS NACIONALES\"],\"inLanguage\":\"es\",\"potentialAction\":[{\"@type\":\"CommentAction\",\"name\":\"Comment\",\"target\":[\"https:\\\/\\\/fuentesfidedignas.com.mx\\\/index.php\\\/2023\\\/06\\\/20\\\/acusan-a-hijo-de-biden-de-tres-cargos-federales-se-declarara-culpable\\\/#respond\"]}]},{\"@type\":\"WebPage\",\"@id\":\"https:\\\/\\\/fuentesfidedignas.com.mx\\\/index.php\\\/2023\\\/06\\\/20\\\/acusan-a-hijo-de-biden-de-tres-cargos-federales-se-declarara-culpable\\\/\",\"url\":\"https:\\\/\\\/fuentesfidedignas.com.mx\\\/index.php\\\/2023\\\/06\\\/20\\\/acusan-a-hijo-de-biden-de-tres-cargos-federales-se-declarara-culpable\\\/\",\"name\":\"Acusan a hijo de Biden de tres cargos federales; se declarar\u00e1 culpable - Fuentes Fidedignas\",\"isPartOf\":{\"@id\":\"https:\\\/\\\/fuentesfidedignas.com.mx\\\/#website\"},\"primaryImageOfPage\":{\"@id\":\"https:\\\/\\\/fuentesfidedignas.com.mx\\\/index.php\\\/2023\\\/06\\\/20\\\/acusan-a-hijo-de-biden-de-tres-cargos-federales-se-declarara-culpable\\\/#primaryimage\"},\"image\":{\"@id\":\"https:\\\/\\\/fuentesfidedignas.com.mx\\\/index.php\\\/2023\\\/06\\\/20\\\/acusan-a-hijo-de-biden-de-tres-cargos-federales-se-declarara-culpable\\\/#primaryimage\"},\"thumbnailUrl\":\"https:\\\/\\\/fuentesfidedignas.com.mx\\\/wp-content\\\/uploads\\\/2023\\\/06\\\/2966207.jpg\",\"datePublished\":\"2023-06-20T17:50:44+00:00\",\"dateModified\":\"2023-06-20T18:46:38+00:00\",\"breadcrumb\":{\"@id\":\"https:\\\/\\\/fuentesfidedignas.com.mx\\\/index.php\\\/2023\\\/06\\\/20\\\/acusan-a-hijo-de-biden-de-tres-cargos-federales-se-declarara-culpable\\\/#breadcrumb\"},\"inLanguage\":\"es\",\"potentialAction\":[{\"@type\":\"ReadAction\",\"target\":[\"https:\\\/\\\/fuentesfidedignas.com.mx\\\/index.php\\\/2023\\\/06\\\/20\\\/acusan-a-hijo-de-biden-de-tres-cargos-federales-se-declarara-culpable\\\/\"]}]},{\"@type\":\"ImageObject\",\"inLanguage\":\"es\",\"@id\":\"https:\\\/\\\/fuentesfidedignas.com.mx\\\/index.php\\\/2023\\\/06\\\/20\\\/acusan-a-hijo-de-biden-de-tres-cargos-federales-se-declarara-culpable\\\/#primaryimage\",\"url\":\"https:\\\/\\\/fuentesfidedignas.com.mx\\\/wp-content\\\/uploads\\\/2023\\\/06\\\/2966207.jpg\",\"contentUrl\":\"https:\\\/\\\/fuentesfidedignas.com.mx\\\/wp-content\\\/uploads\\\/2023\\\/06\\\/2966207.jpg\",\"width\":800,\"height\":600},{\"@type\":\"BreadcrumbList\",\"@id\":\"https:\\\/\\\/fuentesfidedignas.com.mx\\\/index.php\\\/2023\\\/06\\\/20\\\/acusan-a-hijo-de-biden-de-tres-cargos-federales-se-declarara-culpable\\\/#breadcrumb\",\"itemListElement\":[{\"@type\":\"ListItem\",\"position\":1,\"name\":\"Inicio\",\"item\":\"https:\\\/\\\/fuentesfidedignas.com.mx\\\/\"},{\"@type\":\"ListItem\",\"position\":2,\"name\":\"Acusan a hijo de Biden de tres cargos federales; se declarar\u00e1 culpable\"}]},{\"@type\":\"WebSite\",\"@id\":\"https:\\\/\\\/fuentesfidedignas.com.mx\\\/#website\",\"url\":\"https:\\\/\\\/fuentesfidedignas.com.mx\\\/\",\"name\":\"Fuentes Fidedignas\",\"description\":\"Otro sitio realizado con WordPress\",\"publisher\":{\"@id\":\"https:\\\/\\\/fuentesfidedignas.com.mx\\\/#organization\"},\"potentialAction\":[{\"@type\":\"SearchAction\",\"target\":{\"@type\":\"EntryPoint\",\"urlTemplate\":\"https:\\\/\\\/fuentesfidedignas.com.mx\\\/?s={search_term_string}\"},\"query-input\":{\"@type\":\"PropertyValueSpecification\",\"valueRequired\":true,\"valueName\":\"search_term_string\"}}],\"inLanguage\":\"es\"},{\"@type\":\"Organization\",\"@id\":\"https:\\\/\\\/fuentesfidedignas.com.mx\\\/#organization\",\"name\":\"Fuentes Fidedignas\",\"url\":\"https:\\\/\\\/fuentesfidedignas.com.mx\\\/\",\"logo\":{\"@type\":\"ImageObject\",\"inLanguage\":\"es\",\"@id\":\"https:\\\/\\\/fuentesfidedignas.com.mx\\\/#\\\/schema\\\/logo\\\/image\\\/\",\"url\":\"https:\\\/\\\/fuentesfidedignas.com.mx\\\/wp-content\\\/uploads\\\/2021\\\/04\\\/logo-retina.png\",\"contentUrl\":\"https:\\\/\\\/fuentesfidedignas.com.mx\\\/wp-content\\\/uploads\\\/2021\\\/04\\\/logo-retina.png\",\"width\":280,\"height\":51,\"caption\":\"Fuentes Fidedignas\"},\"image\":{\"@id\":\"https:\\\/\\\/fuentesfidedignas.com.mx\\\/#\\\/schema\\\/logo\\\/image\\\/\"},\"sameAs\":[\"https:\\\/\\\/www.facebook.com\\\/Fuentes-Fidedignas-368234489921644\",\"https:\\\/\\\/x.com\\\/fidedignas\"]},{\"@type\":\"Person\",\"@id\":\"https:\\\/\\\/fuentesfidedignas.com.mx\\\/#\\\/schema\\\/person\\\/ec4edd1fbf5efa3e44fce34fe2787780\",\"name\":\"Exc\u00e9lsior\",\"image\":{\"@type\":\"ImageObject\",\"inLanguage\":\"es\",\"@id\":\"https:\\\/\\\/secure.gravatar.com\\\/avatar\\\/4b7ee9206b48be08447852b3f0814dbc7c0f3b51541b164f1464a2725614020b?s=96&d=mm&r=g\",\"url\":\"https:\\\/\\\/secure.gravatar.com\\\/avatar\\\/4b7ee9206b48be08447852b3f0814dbc7c0f3b51541b164f1464a2725614020b?s=96&d=mm&r=g\",\"contentUrl\":\"https:\\\/\\\/secure.gravatar.com\\\/avatar\\\/4b7ee9206b48be08447852b3f0814dbc7c0f3b51541b164f1464a2725614020b?s=96&d=mm&r=g\",\"caption\":\"Exc\u00e9lsior\"},\"url\":\"https:\\\/\\\/fuentesfidedignas.com.mx\\\/index.php\\\/author\\\/excelsior\\\/\"}]}<\/script>\n<!-- \/ Yoast SEO plugin. -->","yoast_head_json":{"title":"Acusan a hijo de Biden de tres cargos federales; se declarar\u00e1 culpable - Fuentes Fidedignas","robots":{"index":"index","follow":"follow","max-snippet":"max-snippet:-1","max-image-preview":"max-image-preview:large","max-video-preview":"max-video-preview:-1"},"canonical":"https:\/\/fuentesfidedignas.com.mx\/index.php\/2023\/06\/20\/acusan-a-hijo-de-biden-de-tres-cargos-federales-se-declarara-culpable\/","og_locale":"es_MX","og_type":"article","og_title":"Acusan a hijo de Biden de tres cargos federales; se declarar\u00e1 culpable - Fuentes Fidedignas","og_description":"El hijo del mandatario lleg\u00f3 a un acuerdo tentativo con los fiscales federales para declararse culpable de dos delitos fiscales menores ESTADOS UNIDOS. El hijo del presidente estadunidense Joe Biden, Hunter Biden, acord\u00f3 declararse culpable de tres cargos federales por impuestos y armas de fuego\u00a0en un acuerdo con el Departamento de Justicia, seg\u00fan un documento [&hellip;]","og_url":"https:\/\/fuentesfidedignas.com.mx\/index.php\/2023\/06\/20\/acusan-a-hijo-de-biden-de-tres-cargos-federales-se-declarara-culpable\/","og_site_name":"Fuentes Fidedignas","article_publisher":"https:\/\/www.facebook.com\/Fuentes-Fidedignas-368234489921644","article_published_time":"2023-06-20T17:50:44+00:00","article_modified_time":"2023-06-20T18:46:38+00:00","og_image":[{"width":280,"height":51,"url":"https:\/\/fuentesfidedignas.com.mx\/wp-content\/uploads\/2021\/04\/logo-retina.png","type":"image\/png"}],"author":"Exc\u00e9lsior","twitter_card":"summary_large_image","twitter_creator":"@fidedignas","twitter_site":"@fidedignas","twitter_misc":{"Escrito por":"Exc\u00e9lsior","Tiempo de lectura":"3 minutos"},"schema":{"@context":"https:\/\/schema.org","@graph":[{"@type":"Article","@id":"https:\/\/fuentesfidedignas.com.mx\/index.php\/2023\/06\/20\/acusan-a-hijo-de-biden-de-tres-cargos-federales-se-declarara-culpable\/#article","isPartOf":{"@id":"https:\/\/fuentesfidedignas.com.mx\/index.php\/2023\/06\/20\/acusan-a-hijo-de-biden-de-tres-cargos-federales-se-declarara-culpable\/"},"author":{"name":"Exc\u00e9lsior","@id":"https:\/\/fuentesfidedignas.com.mx\/#\/schema\/person\/ec4edd1fbf5efa3e44fce34fe2787780"},"headline":"Acusan a hijo de Biden de tres cargos federales; se declarar\u00e1 culpable","datePublished":"2023-06-20T17:50:44+00:00","dateModified":"2023-06-20T18:46:38+00:00","mainEntityOfPage":{"@id":"https:\/\/fuentesfidedignas.com.mx\/index.php\/2023\/06\/20\/acusan-a-hijo-de-biden-de-tres-cargos-federales-se-declarara-culpable\/"},"wordCount":505,"commentCount":0,"publisher":{"@id":"https:\/\/fuentesfidedignas.com.mx\/#organization"},"image":{"@id":"https:\/\/fuentesfidedignas.com.mx\/index.php\/2023\/06\/20\/acusan-a-hijo-de-biden-de-tres-cargos-federales-se-declarara-culpable\/#primaryimage"},"thumbnailUrl":"https:\/\/fuentesfidedignas.com.mx\/wp-content\/uploads\/2023\/06\/2966207.jpg","articleSection":["NOTICIAS NACIONALES"],"inLanguage":"es","potentialAction":[{"@type":"CommentAction","name":"Comment","target":["https:\/\/fuentesfidedignas.com.mx\/index.php\/2023\/06\/20\/acusan-a-hijo-de-biden-de-tres-cargos-federales-se-declarara-culpable\/#respond"]}]},{"@type":"WebPage","@id":"https:\/\/fuentesfidedignas.com.mx\/index.php\/2023\/06\/20\/acusan-a-hijo-de-biden-de-tres-cargos-federales-se-declarara-culpable\/","url":"https:\/\/fuentesfidedignas.com.mx\/index.php\/2023\/06\/20\/acusan-a-hijo-de-biden-de-tres-cargos-federales-se-declarara-culpable\/","name":"Acusan a hijo de Biden de tres cargos federales; se declarar\u00e1 culpable - Fuentes Fidedignas","isPartOf":{"@id":"https:\/\/fuentesfidedignas.com.mx\/#website"},"primaryImageOfPage":{"@id":"https:\/\/fuentesfidedignas.com.mx\/index.php\/2023\/06\/20\/acusan-a-hijo-de-biden-de-tres-cargos-federales-se-declarara-culpable\/#primaryimage"},"image":{"@id":"https:\/\/fuentesfidedignas.com.mx\/index.php\/2023\/06\/20\/acusan-a-hijo-de-biden-de-tres-cargos-federales-se-declarara-culpable\/#primaryimage"},"thumbnailUrl":"https:\/\/fuentesfidedignas.com.mx\/wp-content\/uploads\/2023\/06\/2966207.jpg","datePublished":"2023-06-20T17:50:44+00:00","dateModified":"2023-06-20T18:46:38+00:00","breadcrumb":{"@id":"https:\/\/fuentesfidedignas.com.mx\/index.php\/2023\/06\/20\/acusan-a-hijo-de-biden-de-tres-cargos-federales-se-declarara-culpable\/#breadcrumb"},"inLanguage":"es","potentialAction":[{"@type":"ReadAction","target":["https:\/\/fuentesfidedignas.com.mx\/index.php\/2023\/06\/20\/acusan-a-hijo-de-biden-de-tres-cargos-federales-se-declarara-culpable\/"]}]},{"@type":"ImageObject","inLanguage":"es","@id":"https:\/\/fuentesfidedignas.com.mx\/index.php\/2023\/06\/20\/acusan-a-hijo-de-biden-de-tres-cargos-federales-se-declarara-culpable\/#primaryimage","url":"https:\/\/fuentesfidedignas.com.mx\/wp-content\/uploads\/2023\/06\/2966207.jpg","contentUrl":"https:\/\/fuentesfidedignas.com.mx\/wp-content\/uploads\/2023\/06\/2966207.jpg","width":800,"height":600},{"@type":"BreadcrumbList","@id":"https:\/\/fuentesfidedignas.com.mx\/index.php\/2023\/06\/20\/acusan-a-hijo-de-biden-de-tres-cargos-federales-se-declarara-culpable\/#breadcrumb","itemListElement":[{"@type":"ListItem","position":1,"name":"Inicio","item":"https:\/\/fuentesfidedignas.com.mx\/"},{"@type":"ListItem","position":2,"name":"Acusan a hijo de Biden de tres cargos federales; se declarar\u00e1 culpable"}]},{"@type":"WebSite","@id":"https:\/\/fuentesfidedignas.com.mx\/#website","url":"https:\/\/fuentesfidedignas.com.mx\/","name":"Fuentes Fidedignas","description":"Otro sitio realizado con WordPress","publisher":{"@id":"https:\/\/fuentesfidedignas.com.mx\/#organization"},"potentialAction":[{"@type":"SearchAction","target":{"@type":"EntryPoint","urlTemplate":"https:\/\/fuentesfidedignas.com.mx\/?s={search_term_string}"},"query-input":{"@type":"PropertyValueSpecification","valueRequired":true,"valueName":"search_term_string"}}],"inLanguage":"es"},{"@type":"Organization","@id":"https:\/\/fuentesfidedignas.com.mx\/#organization","name":"Fuentes Fidedignas","url":"https:\/\/fuentesfidedignas.com.mx\/","logo":{"@type":"ImageObject","inLanguage":"es","@id":"https:\/\/fuentesfidedignas.com.mx\/#\/schema\/logo\/image\/","url":"https:\/\/fuentesfidedignas.com.mx\/wp-content\/uploads\/2021\/04\/logo-retina.png","contentUrl":"https:\/\/fuentesfidedignas.com.mx\/wp-content\/uploads\/2021\/04\/logo-retina.png","width":280,"height":51,"caption":"Fuentes Fidedignas"},"image":{"@id":"https:\/\/fuentesfidedignas.com.mx\/#\/schema\/logo\/image\/"},"sameAs":["https:\/\/www.facebook.com\/Fuentes-Fidedignas-368234489921644","https:\/\/x.com\/fidedignas"]},{"@type":"Person","@id":"https:\/\/fuentesfidedignas.com.mx\/#\/schema\/person\/ec4edd1fbf5efa3e44fce34fe2787780","name":"Exc\u00e9lsior","image":{"@type":"ImageObject","inLanguage":"es","@id":"https:\/\/secure.gravatar.com\/avatar\/4b7ee9206b48be08447852b3f0814dbc7c0f3b51541b164f1464a2725614020b?s=96&d=mm&r=g","url":"https:\/\/secure.gravatar.com\/avatar\/4b7ee9206b48be08447852b3f0814dbc7c0f3b51541b164f1464a2725614020b?s=96&d=mm&r=g","contentUrl":"https:\/\/secure.gravatar.com\/avatar\/4b7ee9206b48be08447852b3f0814dbc7c0f3b51541b164f1464a2725614020b?s=96&d=mm&r=g","caption":"Exc\u00e9lsior"},"url":"https:\/\/fuentesfidedignas.com.mx\/index.php\/author\/excelsior\/"}]}},"_links":{"self":[{"href":"https:\/\/fuentesfidedignas.com.mx\/index.php\/wp-json\/wp\/v2\/posts\/50480","targetHints":{"allow":["GET"]}}],"collection":[{"href":"https:\/\/fuentesfidedignas.com.mx\/index.php\/wp-json\/wp\/v2\/posts"}],"about":[{"href":"https:\/\/fuentesfidedignas.com.mx\/index.php\/wp-json\/wp\/v2\/types\/post"}],"author":[{"embeddable":true,"href":"https:\/\/fuentesfidedignas.com.mx\/index.php\/wp-json\/wp\/v2\/users\/7"}],"replies":[{"embeddable":true,"href":"https:\/\/fuentesfidedignas.com.mx\/index.php\/wp-json\/wp\/v2\/comments?post=50480"}],"version-history":[{"count":1,"href":"https:\/\/fuentesfidedignas.com.mx\/index.php\/wp-json\/wp\/v2\/posts\/50480\/revisions"}],"predecessor-version":[{"id":50481,"href":"https:\/\/fuentesfidedignas.com.mx\/index.php\/wp-json\/wp\/v2\/posts\/50480\/revisions\/50481"}],"wp:featuredmedia":[{"embeddable":true,"href":"https:\/\/fuentesfidedignas.com.mx\/index.php\/wp-json\/wp\/v2\/media\/50482"}],"wp:attachment":[{"href":"https:\/\/fuentesfidedignas.com.mx\/index.php\/wp-json\/wp\/v2\/media?parent=50480"}],"wp:term":[{"taxonomy":"category","embeddable":true,"href":"https:\/\/fuentesfidedignas.com.mx\/index.php\/wp-json\/wp\/v2\/categories?post=50480"},{"taxonomy":"post_tag","embeddable":true,"href":"https:\/\/fuentesfidedignas.com.mx\/index.php\/wp-json\/wp\/v2\/tags?post=50480"}],"curies":[{"name":"wp","href":"https:\/\/api.w.org\/{rel}","templated":true}]}}