{"id":50287,"date":"2023-06-18T09:46:50","date_gmt":"2023-06-18T16:46:50","guid":{"rendered":"https:\/\/fuentesfidedignas.com.mx\/?p=50287"},"modified":"2023-06-18T10:47:25","modified_gmt":"2023-06-18T17:47:25","slug":"lopez-obrador-felicita-a-los-padres-en-su-dia","status":"publish","type":"post","link":"https:\/\/fuentesfidedignas.com.mx\/index.php\/2023\/06\/18\/lopez-obrador-felicita-a-los-padres-en-su-dia\/","title":{"rendered":"L\u00f3pez Obrador felicita a los padres en su d\u00eda"},"content":{"rendered":"\n<p><strong><em>Desde su cuenta en Twitter, el mandatario federal dedic\u00f3 un breve mensaje a los pap\u00e1s.<\/em><\/strong><\/p>\n\n\n\n<p>Ciudad de M\u00e9xico.- El presidente de la rep\u00fablica, Andr\u00e9s Manuel L\u00f3pez Obrador envi\u00f3 felicitaciones a los pap\u00e1s de M\u00e9xico en su d\u00eda.<\/p>\n\n\n\n<p> Desde su cuenta en Twitter, el mandatario federal dedic\u00f3 un breve mensaje a los pap\u00e1s y resalt\u00f3 el v\u00ednculo que madres e hijos representan para los integrantes de las familias.<\/p>\n\n\n\n<p>&#8220;Aunque ya sabemos que el amor eterno es a las madres y el amor m\u00e1s entra\u00f1able es a los hijos, tambi\u00e9n los padres son adorables. \u00a1Felicidades en su d\u00eda!\u201d escribi\u00f3 L\u00f3pez Obrador este domingo 18 de junio.<\/p>\n\n\n\n<blockquote class=\"twitter-tweet\"><p lang=\"es\" dir=\"ltr\">Aunque ya sabemos que el amor eterno es a las madres y el amor m\u00e1s entra\u00f1able es a los hijos, tambi\u00e9n los padres son adorables. \u00a1Felicidades en su d\u00eda!<\/p>&mdash; Andr\u00e9s Manuel (@lopezobrador_) <a href=\"https:\/\/twitter.com\/lopezobrador_\/status\/1670447958435721216?ref_src=twsrc%5Etfw\">June 18, 2023<\/a><\/blockquote> <script async src=\"https:\/\/platform.twitter.com\/widgets.js\" charset=\"utf-8\"><\/script>\n\n\n\n<p><strong>\u00bfCu\u00e1ntos hijos tiene el presidente?<\/strong><br>El mandatario mexicano tambi\u00e9n celebrar\u00e1 este d\u00eda, pues el tabasque\u00f1o es padre de cuatro hijos, tres de ellos concebidos con Roc\u00edo Beltr\u00e1n, quien falleci\u00f3 en 2003.<\/p>\n\n\n\n<p>Los hijos de este matrimonio son Jos\u00e9 Ram\u00f3n, Andr\u00e9s Manuel y Gonzalo Alfonso L\u00f3pez Beltr\u00e1n.<\/p>\n\n\n\n<p>El cuarto hijo del presidente fue fruto del amor entre \u00e9l y su actual pareja, Beatriz Guti\u00e9rrez M\u00fcller, con quien procre\u00f3 a Jes\u00fas Ernesto, quien a\u00fan es menor de edad.<\/p>\n","protected":false},"excerpt":{"rendered":"<p>Desde su cuenta en Twitter, el mandatario federal dedic\u00f3 un breve mensaje a los pap\u00e1s. Ciudad de M\u00e9xico.- El presidente de la rep\u00fablica, Andr\u00e9s Manuel L\u00f3pez Obrador envi\u00f3 felicitaciones a los pap\u00e1s de M\u00e9xico en su d\u00eda. Desde su cuenta en Twitter, el mandatario federal dedic\u00f3 un breve mensaje a los pap\u00e1s y resalt\u00f3 el [&hellip;]<\/p>\n","protected":false},"author":7,"featured_media":45619,"comment_status":"open","ping_status":"open","sticky":false,"template":"","format":"standard","meta":{"tdm_status":"","tdm_grid_status":"","footnotes":""},"categories":[39],"tags":[],"class_list":{"0":"post-50287","1":"post","2":"type-post","3":"status-publish","4":"format-standard","5":"has-post-thumbnail","7":"category-noticias-nacionales"},"yoast_head":"<!-- This site is optimized with the Yoast SEO plugin v27.5 - https:\/\/yoast.com\/product\/yoast-seo-wordpress\/ -->\n<title>L\u00f3pez Obrador felicita a los padres en su d\u00eda - Fuentes Fidedignas<\/title>\n<meta name=\"robots\" content=\"index, follow, max-snippet:-1, max-image-preview:large, max-video-preview:-1\" \/>\n<link rel=\"canonical\" href=\"https:\/\/fuentesfidedignas.com.mx\/index.php\/2023\/06\/18\/lopez-obrador-felicita-a-los-padres-en-su-dia\/\" \/>\n<meta property=\"og:locale\" content=\"es_MX\" \/>\n<meta property=\"og:type\" content=\"article\" \/>\n<meta property=\"og:title\" content=\"L\u00f3pez Obrador felicita a los padres en su d\u00eda - Fuentes Fidedignas\" \/>\n<meta property=\"og:description\" content=\"Desde su cuenta en Twitter, el mandatario federal dedic\u00f3 un breve mensaje a los pap\u00e1s. Ciudad de M\u00e9xico.- El presidente de la rep\u00fablica, Andr\u00e9s Manuel L\u00f3pez Obrador envi\u00f3 felicitaciones a los pap\u00e1s de M\u00e9xico en su d\u00eda. Desde su cuenta en Twitter, el mandatario federal dedic\u00f3 un breve mensaje a los pap\u00e1s y resalt\u00f3 el [&hellip;]\" \/>\n<meta property=\"og:url\" content=\"https:\/\/fuentesfidedignas.com.mx\/index.php\/2023\/06\/18\/lopez-obrador-felicita-a-los-padres-en-su-dia\/\" \/>\n<meta property=\"og:site_name\" content=\"Fuentes Fidedignas\" \/>\n<meta property=\"article:publisher\" content=\"https:\/\/www.facebook.com\/Fuentes-Fidedignas-368234489921644\" \/>\n<meta property=\"article:published_time\" content=\"2023-06-18T16:46:50+00:00\" \/>\n<meta property=\"article:modified_time\" content=\"2023-06-18T17:47:25+00:00\" \/>\n<meta property=\"og:image\" content=\"https:\/\/fuentesfidedignas.com.mx\/wp-content\/uploads\/2023\/04\/amlo-lopez-obrador-crisis-financiera.jpg\" \/>\n\t<meta property=\"og:image:width\" content=\"1920\" \/>\n\t<meta property=\"og:image:height\" content=\"1280\" \/>\n\t<meta property=\"og:image:type\" content=\"image\/jpeg\" \/>\n<meta name=\"author\" content=\"Exc\u00e9lsior\" \/>\n<meta name=\"twitter:card\" content=\"summary_large_image\" \/>\n<meta name=\"twitter:creator\" content=\"@fidedignas\" \/>\n<meta name=\"twitter:site\" content=\"@fidedignas\" \/>\n<meta name=\"twitter:label1\" content=\"Escrito por\" \/>\n\t<meta name=\"twitter:data1\" content=\"Exc\u00e9lsior\" \/>\n\t<meta name=\"twitter:label2\" content=\"Tiempo de lectura\" \/>\n\t<meta name=\"twitter:data2\" content=\"1 minuto\" \/>\n<script type=\"application\/ld+json\" class=\"yoast-schema-graph\">{\"@context\":\"https:\\\/\\\/schema.org\",\"@graph\":[{\"@type\":\"Article\",\"@id\":\"https:\\\/\\\/fuentesfidedignas.com.mx\\\/index.php\\\/2023\\\/06\\\/18\\\/lopez-obrador-felicita-a-los-padres-en-su-dia\\\/#article\",\"isPartOf\":{\"@id\":\"https:\\\/\\\/fuentesfidedignas.com.mx\\\/index.php\\\/2023\\\/06\\\/18\\\/lopez-obrador-felicita-a-los-padres-en-su-dia\\\/\"},\"author\":{\"name\":\"Exc\u00e9lsior\",\"@id\":\"https:\\\/\\\/fuentesfidedignas.com.mx\\\/#\\\/schema\\\/person\\\/ec4edd1fbf5efa3e44fce34fe2787780\"},\"headline\":\"L\u00f3pez Obrador felicita a los padres en su d\u00eda\",\"datePublished\":\"2023-06-18T16:46:50+00:00\",\"dateModified\":\"2023-06-18T17:47:25+00:00\",\"mainEntityOfPage\":{\"@id\":\"https:\\\/\\\/fuentesfidedignas.com.mx\\\/index.php\\\/2023\\\/06\\\/18\\\/lopez-obrador-felicita-a-los-padres-en-su-dia\\\/\"},\"wordCount\":258,\"commentCount\":0,\"publisher\":{\"@id\":\"https:\\\/\\\/fuentesfidedignas.com.mx\\\/#organization\"},\"image\":{\"@id\":\"https:\\\/\\\/fuentesfidedignas.com.mx\\\/index.php\\\/2023\\\/06\\\/18\\\/lopez-obrador-felicita-a-los-padres-en-su-dia\\\/#primaryimage\"},\"thumbnailUrl\":\"https:\\\/\\\/fuentesfidedignas.com.mx\\\/wp-content\\\/uploads\\\/2023\\\/04\\\/amlo-lopez-obrador-crisis-financiera.jpg\",\"articleSection\":[\"NOTICIAS NACIONALES\"],\"inLanguage\":\"es\",\"potentialAction\":[{\"@type\":\"CommentAction\",\"name\":\"Comment\",\"target\":[\"https:\\\/\\\/fuentesfidedignas.com.mx\\\/index.php\\\/2023\\\/06\\\/18\\\/lopez-obrador-felicita-a-los-padres-en-su-dia\\\/#respond\"]}]},{\"@type\":\"WebPage\",\"@id\":\"https:\\\/\\\/fuentesfidedignas.com.mx\\\/index.php\\\/2023\\\/06\\\/18\\\/lopez-obrador-felicita-a-los-padres-en-su-dia\\\/\",\"url\":\"https:\\\/\\\/fuentesfidedignas.com.mx\\\/index.php\\\/2023\\\/06\\\/18\\\/lopez-obrador-felicita-a-los-padres-en-su-dia\\\/\",\"name\":\"L\u00f3pez Obrador felicita a los padres en su d\u00eda - Fuentes Fidedignas\",\"isPartOf\":{\"@id\":\"https:\\\/\\\/fuentesfidedignas.com.mx\\\/#website\"},\"primaryImageOfPage\":{\"@id\":\"https:\\\/\\\/fuentesfidedignas.com.mx\\\/index.php\\\/2023\\\/06\\\/18\\\/lopez-obrador-felicita-a-los-padres-en-su-dia\\\/#primaryimage\"},\"image\":{\"@id\":\"https:\\\/\\\/fuentesfidedignas.com.mx\\\/index.php\\\/2023\\\/06\\\/18\\\/lopez-obrador-felicita-a-los-padres-en-su-dia\\\/#primaryimage\"},\"thumbnailUrl\":\"https:\\\/\\\/fuentesfidedignas.com.mx\\\/wp-content\\\/uploads\\\/2023\\\/04\\\/amlo-lopez-obrador-crisis-financiera.jpg\",\"datePublished\":\"2023-06-18T16:46:50+00:00\",\"dateModified\":\"2023-06-18T17:47:25+00:00\",\"breadcrumb\":{\"@id\":\"https:\\\/\\\/fuentesfidedignas.com.mx\\\/index.php\\\/2023\\\/06\\\/18\\\/lopez-obrador-felicita-a-los-padres-en-su-dia\\\/#breadcrumb\"},\"inLanguage\":\"es\",\"potentialAction\":[{\"@type\":\"ReadAction\",\"target\":[\"https:\\\/\\\/fuentesfidedignas.com.mx\\\/index.php\\\/2023\\\/06\\\/18\\\/lopez-obrador-felicita-a-los-padres-en-su-dia\\\/\"]}]},{\"@type\":\"ImageObject\",\"inLanguage\":\"es\",\"@id\":\"https:\\\/\\\/fuentesfidedignas.com.mx\\\/index.php\\\/2023\\\/06\\\/18\\\/lopez-obrador-felicita-a-los-padres-en-su-dia\\\/#primaryimage\",\"url\":\"https:\\\/\\\/fuentesfidedignas.com.mx\\\/wp-content\\\/uploads\\\/2023\\\/04\\\/amlo-lopez-obrador-crisis-financiera.jpg\",\"contentUrl\":\"https:\\\/\\\/fuentesfidedignas.com.mx\\\/wp-content\\\/uploads\\\/2023\\\/04\\\/amlo-lopez-obrador-crisis-financiera.jpg\",\"width\":1920,\"height\":1280},{\"@type\":\"BreadcrumbList\",\"@id\":\"https:\\\/\\\/fuentesfidedignas.com.mx\\\/index.php\\\/2023\\\/06\\\/18\\\/lopez-obrador-felicita-a-los-padres-en-su-dia\\\/#breadcrumb\",\"itemListElement\":[{\"@type\":\"ListItem\",\"position\":1,\"name\":\"Inicio\",\"item\":\"https:\\\/\\\/fuentesfidedignas.com.mx\\\/\"},{\"@type\":\"ListItem\",\"position\":2,\"name\":\"L\u00f3pez Obrador felicita a los padres en su d\u00eda\"}]},{\"@type\":\"WebSite\",\"@id\":\"https:\\\/\\\/fuentesfidedignas.com.mx\\\/#website\",\"url\":\"https:\\\/\\\/fuentesfidedignas.com.mx\\\/\",\"name\":\"Fuentes Fidedignas\",\"description\":\"Otro sitio realizado con WordPress\",\"publisher\":{\"@id\":\"https:\\\/\\\/fuentesfidedignas.com.mx\\\/#organization\"},\"potentialAction\":[{\"@type\":\"SearchAction\",\"target\":{\"@type\":\"EntryPoint\",\"urlTemplate\":\"https:\\\/\\\/fuentesfidedignas.com.mx\\\/?s={search_term_string}\"},\"query-input\":{\"@type\":\"PropertyValueSpecification\",\"valueRequired\":true,\"valueName\":\"search_term_string\"}}],\"inLanguage\":\"es\"},{\"@type\":\"Organization\",\"@id\":\"https:\\\/\\\/fuentesfidedignas.com.mx\\\/#organization\",\"name\":\"Fuentes Fidedignas\",\"url\":\"https:\\\/\\\/fuentesfidedignas.com.mx\\\/\",\"logo\":{\"@type\":\"ImageObject\",\"inLanguage\":\"es\",\"@id\":\"https:\\\/\\\/fuentesfidedignas.com.mx\\\/#\\\/schema\\\/logo\\\/image\\\/\",\"url\":\"https:\\\/\\\/fuentesfidedignas.com.mx\\\/wp-content\\\/uploads\\\/2021\\\/04\\\/logo-retina.png\",\"contentUrl\":\"https:\\\/\\\/fuentesfidedignas.com.mx\\\/wp-content\\\/uploads\\\/2021\\\/04\\\/logo-retina.png\",\"width\":280,\"height\":51,\"caption\":\"Fuentes Fidedignas\"},\"image\":{\"@id\":\"https:\\\/\\\/fuentesfidedignas.com.mx\\\/#\\\/schema\\\/logo\\\/image\\\/\"},\"sameAs\":[\"https:\\\/\\\/www.facebook.com\\\/Fuentes-Fidedignas-368234489921644\",\"https:\\\/\\\/x.com\\\/fidedignas\"]},{\"@type\":\"Person\",\"@id\":\"https:\\\/\\\/fuentesfidedignas.com.mx\\\/#\\\/schema\\\/person\\\/ec4edd1fbf5efa3e44fce34fe2787780\",\"name\":\"Exc\u00e9lsior\",\"image\":{\"@type\":\"ImageObject\",\"inLanguage\":\"es\",\"@id\":\"https:\\\/\\\/secure.gravatar.com\\\/avatar\\\/4b7ee9206b48be08447852b3f0814dbc7c0f3b51541b164f1464a2725614020b?s=96&d=mm&r=g\",\"url\":\"https:\\\/\\\/secure.gravatar.com\\\/avatar\\\/4b7ee9206b48be08447852b3f0814dbc7c0f3b51541b164f1464a2725614020b?s=96&d=mm&r=g\",\"contentUrl\":\"https:\\\/\\\/secure.gravatar.com\\\/avatar\\\/4b7ee9206b48be08447852b3f0814dbc7c0f3b51541b164f1464a2725614020b?s=96&d=mm&r=g\",\"caption\":\"Exc\u00e9lsior\"},\"url\":\"https:\\\/\\\/fuentesfidedignas.com.mx\\\/index.php\\\/author\\\/excelsior\\\/\"}]}<\/script>\n<!-- \/ Yoast SEO plugin. -->","yoast_head_json":{"title":"L\u00f3pez Obrador felicita a los padres en su d\u00eda - Fuentes Fidedignas","robots":{"index":"index","follow":"follow","max-snippet":"max-snippet:-1","max-image-preview":"max-image-preview:large","max-video-preview":"max-video-preview:-1"},"canonical":"https:\/\/fuentesfidedignas.com.mx\/index.php\/2023\/06\/18\/lopez-obrador-felicita-a-los-padres-en-su-dia\/","og_locale":"es_MX","og_type":"article","og_title":"L\u00f3pez Obrador felicita a los padres en su d\u00eda - Fuentes Fidedignas","og_description":"Desde su cuenta en Twitter, el mandatario federal dedic\u00f3 un breve mensaje a los pap\u00e1s. Ciudad de M\u00e9xico.- El presidente de la rep\u00fablica, Andr\u00e9s Manuel L\u00f3pez Obrador envi\u00f3 felicitaciones a los pap\u00e1s de M\u00e9xico en su d\u00eda. Desde su cuenta en Twitter, el mandatario federal dedic\u00f3 un breve mensaje a los pap\u00e1s y resalt\u00f3 el [&hellip;]","og_url":"https:\/\/fuentesfidedignas.com.mx\/index.php\/2023\/06\/18\/lopez-obrador-felicita-a-los-padres-en-su-dia\/","og_site_name":"Fuentes Fidedignas","article_publisher":"https:\/\/www.facebook.com\/Fuentes-Fidedignas-368234489921644","article_published_time":"2023-06-18T16:46:50+00:00","article_modified_time":"2023-06-18T17:47:25+00:00","og_image":[{"width":1920,"height":1280,"url":"https:\/\/fuentesfidedignas.com.mx\/wp-content\/uploads\/2023\/04\/amlo-lopez-obrador-crisis-financiera.jpg","type":"image\/jpeg"}],"author":"Exc\u00e9lsior","twitter_card":"summary_large_image","twitter_creator":"@fidedignas","twitter_site":"@fidedignas","twitter_misc":{"Escrito por":"Exc\u00e9lsior","Tiempo de lectura":"1 minuto"},"schema":{"@context":"https:\/\/schema.org","@graph":[{"@type":"Article","@id":"https:\/\/fuentesfidedignas.com.mx\/index.php\/2023\/06\/18\/lopez-obrador-felicita-a-los-padres-en-su-dia\/#article","isPartOf":{"@id":"https:\/\/fuentesfidedignas.com.mx\/index.php\/2023\/06\/18\/lopez-obrador-felicita-a-los-padres-en-su-dia\/"},"author":{"name":"Exc\u00e9lsior","@id":"https:\/\/fuentesfidedignas.com.mx\/#\/schema\/person\/ec4edd1fbf5efa3e44fce34fe2787780"},"headline":"L\u00f3pez Obrador felicita a los padres en su d\u00eda","datePublished":"2023-06-18T16:46:50+00:00","dateModified":"2023-06-18T17:47:25+00:00","mainEntityOfPage":{"@id":"https:\/\/fuentesfidedignas.com.mx\/index.php\/2023\/06\/18\/lopez-obrador-felicita-a-los-padres-en-su-dia\/"},"wordCount":258,"commentCount":0,"publisher":{"@id":"https:\/\/fuentesfidedignas.com.mx\/#organization"},"image":{"@id":"https:\/\/fuentesfidedignas.com.mx\/index.php\/2023\/06\/18\/lopez-obrador-felicita-a-los-padres-en-su-dia\/#primaryimage"},"thumbnailUrl":"https:\/\/fuentesfidedignas.com.mx\/wp-content\/uploads\/2023\/04\/amlo-lopez-obrador-crisis-financiera.jpg","articleSection":["NOTICIAS NACIONALES"],"inLanguage":"es","potentialAction":[{"@type":"CommentAction","name":"Comment","target":["https:\/\/fuentesfidedignas.com.mx\/index.php\/2023\/06\/18\/lopez-obrador-felicita-a-los-padres-en-su-dia\/#respond"]}]},{"@type":"WebPage","@id":"https:\/\/fuentesfidedignas.com.mx\/index.php\/2023\/06\/18\/lopez-obrador-felicita-a-los-padres-en-su-dia\/","url":"https:\/\/fuentesfidedignas.com.mx\/index.php\/2023\/06\/18\/lopez-obrador-felicita-a-los-padres-en-su-dia\/","name":"L\u00f3pez Obrador felicita a los padres en su d\u00eda - Fuentes Fidedignas","isPartOf":{"@id":"https:\/\/fuentesfidedignas.com.mx\/#website"},"primaryImageOfPage":{"@id":"https:\/\/fuentesfidedignas.com.mx\/index.php\/2023\/06\/18\/lopez-obrador-felicita-a-los-padres-en-su-dia\/#primaryimage"},"image":{"@id":"https:\/\/fuentesfidedignas.com.mx\/index.php\/2023\/06\/18\/lopez-obrador-felicita-a-los-padres-en-su-dia\/#primaryimage"},"thumbnailUrl":"https:\/\/fuentesfidedignas.com.mx\/wp-content\/uploads\/2023\/04\/amlo-lopez-obrador-crisis-financiera.jpg","datePublished":"2023-06-18T16:46:50+00:00","dateModified":"2023-06-18T17:47:25+00:00","breadcrumb":{"@id":"https:\/\/fuentesfidedignas.com.mx\/index.php\/2023\/06\/18\/lopez-obrador-felicita-a-los-padres-en-su-dia\/#breadcrumb"},"inLanguage":"es","potentialAction":[{"@type":"ReadAction","target":["https:\/\/fuentesfidedignas.com.mx\/index.php\/2023\/06\/18\/lopez-obrador-felicita-a-los-padres-en-su-dia\/"]}]},{"@type":"ImageObject","inLanguage":"es","@id":"https:\/\/fuentesfidedignas.com.mx\/index.php\/2023\/06\/18\/lopez-obrador-felicita-a-los-padres-en-su-dia\/#primaryimage","url":"https:\/\/fuentesfidedignas.com.mx\/wp-content\/uploads\/2023\/04\/amlo-lopez-obrador-crisis-financiera.jpg","contentUrl":"https:\/\/fuentesfidedignas.com.mx\/wp-content\/uploads\/2023\/04\/amlo-lopez-obrador-crisis-financiera.jpg","width":1920,"height":1280},{"@type":"BreadcrumbList","@id":"https:\/\/fuentesfidedignas.com.mx\/index.php\/2023\/06\/18\/lopez-obrador-felicita-a-los-padres-en-su-dia\/#breadcrumb","itemListElement":[{"@type":"ListItem","position":1,"name":"Inicio","item":"https:\/\/fuentesfidedignas.com.mx\/"},{"@type":"ListItem","position":2,"name":"L\u00f3pez Obrador felicita a los padres en su d\u00eda"}]},{"@type":"WebSite","@id":"https:\/\/fuentesfidedignas.com.mx\/#website","url":"https:\/\/fuentesfidedignas.com.mx\/","name":"Fuentes Fidedignas","description":"Otro sitio realizado con WordPress","publisher":{"@id":"https:\/\/fuentesfidedignas.com.mx\/#organization"},"potentialAction":[{"@type":"SearchAction","target":{"@type":"EntryPoint","urlTemplate":"https:\/\/fuentesfidedignas.com.mx\/?s={search_term_string}"},"query-input":{"@type":"PropertyValueSpecification","valueRequired":true,"valueName":"search_term_string"}}],"inLanguage":"es"},{"@type":"Organization","@id":"https:\/\/fuentesfidedignas.com.mx\/#organization","name":"Fuentes Fidedignas","url":"https:\/\/fuentesfidedignas.com.mx\/","logo":{"@type":"ImageObject","inLanguage":"es","@id":"https:\/\/fuentesfidedignas.com.mx\/#\/schema\/logo\/image\/","url":"https:\/\/fuentesfidedignas.com.mx\/wp-content\/uploads\/2021\/04\/logo-retina.png","contentUrl":"https:\/\/fuentesfidedignas.com.mx\/wp-content\/uploads\/2021\/04\/logo-retina.png","width":280,"height":51,"caption":"Fuentes Fidedignas"},"image":{"@id":"https:\/\/fuentesfidedignas.com.mx\/#\/schema\/logo\/image\/"},"sameAs":["https:\/\/www.facebook.com\/Fuentes-Fidedignas-368234489921644","https:\/\/x.com\/fidedignas"]},{"@type":"Person","@id":"https:\/\/fuentesfidedignas.com.mx\/#\/schema\/person\/ec4edd1fbf5efa3e44fce34fe2787780","name":"Exc\u00e9lsior","image":{"@type":"ImageObject","inLanguage":"es","@id":"https:\/\/secure.gravatar.com\/avatar\/4b7ee9206b48be08447852b3f0814dbc7c0f3b51541b164f1464a2725614020b?s=96&d=mm&r=g","url":"https:\/\/secure.gravatar.com\/avatar\/4b7ee9206b48be08447852b3f0814dbc7c0f3b51541b164f1464a2725614020b?s=96&d=mm&r=g","contentUrl":"https:\/\/secure.gravatar.com\/avatar\/4b7ee9206b48be08447852b3f0814dbc7c0f3b51541b164f1464a2725614020b?s=96&d=mm&r=g","caption":"Exc\u00e9lsior"},"url":"https:\/\/fuentesfidedignas.com.mx\/index.php\/author\/excelsior\/"}]}},"_links":{"self":[{"href":"https:\/\/fuentesfidedignas.com.mx\/index.php\/wp-json\/wp\/v2\/posts\/50287","targetHints":{"allow":["GET"]}}],"collection":[{"href":"https:\/\/fuentesfidedignas.com.mx\/index.php\/wp-json\/wp\/v2\/posts"}],"about":[{"href":"https:\/\/fuentesfidedignas.com.mx\/index.php\/wp-json\/wp\/v2\/types\/post"}],"author":[{"embeddable":true,"href":"https:\/\/fuentesfidedignas.com.mx\/index.php\/wp-json\/wp\/v2\/users\/7"}],"replies":[{"embeddable":true,"href":"https:\/\/fuentesfidedignas.com.mx\/index.php\/wp-json\/wp\/v2\/comments?post=50287"}],"version-history":[{"count":1,"href":"https:\/\/fuentesfidedignas.com.mx\/index.php\/wp-json\/wp\/v2\/posts\/50287\/revisions"}],"predecessor-version":[{"id":50288,"href":"https:\/\/fuentesfidedignas.com.mx\/index.php\/wp-json\/wp\/v2\/posts\/50287\/revisions\/50288"}],"wp:featuredmedia":[{"embeddable":true,"href":"https:\/\/fuentesfidedignas.com.mx\/index.php\/wp-json\/wp\/v2\/media\/45619"}],"wp:attachment":[{"href":"https:\/\/fuentesfidedignas.com.mx\/index.php\/wp-json\/wp\/v2\/media?parent=50287"}],"wp:term":[{"taxonomy":"category","embeddable":true,"href":"https:\/\/fuentesfidedignas.com.mx\/index.php\/wp-json\/wp\/v2\/categories?post=50287"},{"taxonomy":"post_tag","embeddable":true,"href":"https:\/\/fuentesfidedignas.com.mx\/index.php\/wp-json\/wp\/v2\/tags?post=50287"}],"curies":[{"name":"wp","href":"https:\/\/api.w.org\/{rel}","templated":true}]}}