{"id":50218,"date":"2023-06-17T08:08:44","date_gmt":"2023-06-17T15:08:44","guid":{"rendered":"https:\/\/fuentesfidedignas.com.mx\/?p=50218"},"modified":"2023-06-17T08:28:04","modified_gmt":"2023-06-17T15:28:04","slug":"en-el-pas-promovemos-el-emprendedurismo-para-que-la-gente-se-gane-la-vida-decentemente-cuen","status":"publish","type":"post","link":"https:\/\/fuentesfidedignas.com.mx\/index.php\/2023\/06\/17\/en-el-pas-promovemos-el-emprendedurismo-para-que-la-gente-se-gane-la-vida-decentemente-cuen\/","title":{"rendered":"En el PAS promovemos el emprendedurismo para que la gente se gane la vida decentemente: Cu\u00e9n"},"content":{"rendered":"\n<p><strong><em> Un derroche de creatividad se vivi\u00f3 en todo Sinaloa con los talleres de emprendedurismo que el PAS llev\u00f3 en los 20 CDM a las mujeres y amas de casa de manera simult\u00e1nea<\/em><\/strong><\/p>\n\n\n\n<p>Culiac\u00e1n, Sin.- El Presidente del Partido Sinaloense, MC. H\u00e9ctor Melesio Cu\u00e9n Ojeda dijo a los vecinos de la colonia Adolfo Lopez Mateos que el llevarle capacitaci\u00f3n a la gente permite iniciar un negocio con el cual se ganen la vida decentemente tal y como lo hizo la Secretaria de Activismo Social del Partido Sinaloense, MC. Ang\u00e9lica D\u00edaz Qui\u00f1\u00f3nez, con el taller de globoflexia.<\/p>\n\n\n\n<p><em>&#8220;Lo que quiere la gente es trabajo, y en el PAS sabemos que donde hay trabajo siempre hay mejor calidad de vida porque hay dinero. Las familias quieren que siempre les vaya bien a sus hijos, pero sobre todo que la educaci\u00f3n llegue a ellos por que tambi\u00e9n sabemos que es el mejor igualador que existe en el mundo, asimismo sabemos que es el ant\u00eddoto para que no haya violencia, pues con m\u00e1s polic\u00edas es imposible erradicarla&#8221;.<\/em><\/p>\n\n\n\n<p>Por su parte, la secretaria del Activismo Social, MC. Ang\u00e9lica D\u00edaz Qui\u00f1\u00f3nez les dijo a los vecinos y vecinas que en el PAS siempre se trabaja para generar mejores condiciones de vida de sus militantes y simpatizantes, y el de implementar talleres para el autoempleo, permite no s\u00f3lo generar alg\u00fan recurso extra a las familias, sino que adem\u00e1s tambi\u00e9n proporciona importantes ahorros al capacitarlos en las diferentes actividades como este de la decoraci\u00f3n de fiestas con globos, es decir, agreg\u00f3, se sigue la premisa que tanto menciona el presidente del PAS, MC. H\u00e9ctor Melesio Cu\u00e9n Ojeda, \u201cHay que ense\u00f1ar a la gente a pescar, no darles el pescado\u201d<\/p>\n\n\n\n<p>Estas acciones dan continuidad a los programas propuestos en el plan de trabajo y este viernes toc\u00f3 realizar talleres de emprendedurismo simult\u00e1neamente en los 20 Comit\u00e9s Directivos Municipales, en donde se ofrecieron m\u00e1s de 30 talleres diferentes como el de globoflexia, pi\u00f1atas, bisuter\u00eda, costura, elaboraci\u00f3n de mo\u00f1os y diademas, Candy bar, etc.<\/p>\n\n\n\n<p>Hay que recordar que D\u00edaz Qui\u00f1\u00f3nez propuso a todos los hom\u00f3logos de la secretar\u00eda de Activismos Social a no bajar la guardia en las diferentes acciones de esta \u00e1rea, pues es aqu\u00ed donde el PAS muestra su mejor cara, llevarle estos beneficios a quienes m\u00e1s lo requieren.<\/p>\n\n\n\n<p>\u201cEstas acciones son la mejor cara del PAS, pues es a trav\u00e9s de ellas en las que demostramos que el Partido Sinaloense no es un partido electorero, que s\u00f3lo&nbsp; busca a la gente cuando hay elecciones, estamos muy cerca de ellos, los 365 d\u00edas del a\u00f1o: esta es la gran diferencia por eso es que nos hemos posicionado como el mejor partido local a nivel nacional. Es de suma importancia estar cerca de la gente, escucharla y atender sus principales demandas como lo son las de salud, a trav\u00e9s de los consultas m\u00e9dicas, los talleres de emprendendurismo, los PAScotas y las Loter\u00edas Pol\u00edticas pues estamos conscientes que para llegar al 2024 como la mejor propuesta electoral para los sinaloenses, el Activismo Social tendr\u00e1 presencia permanente en las colonias, comunidades, sindicaturas y comisar\u00edas de todo&nbsp;el&nbsp;estado&#8221;.<\/p>\n","protected":false},"excerpt":{"rendered":"<p>Un derroche de creatividad se vivi\u00f3 en todo Sinaloa con los talleres de emprendedurismo que el PAS llev\u00f3 en los 20 CDM a las mujeres y amas de casa de manera simult\u00e1nea Culiac\u00e1n, Sin.- El Presidente del Partido Sinaloense, MC. H\u00e9ctor Melesio Cu\u00e9n Ojeda dijo a los vecinos de la colonia Adolfo Lopez Mateos que [&hellip;]<\/p>\n","protected":false},"author":4,"featured_media":50220,"comment_status":"open","ping_status":"open","sticky":false,"template":"","format":"standard","meta":{"tdm_status":"","tdm_grid_status":"","footnotes":""},"categories":[38,1],"tags":[],"class_list":{"0":"post-50218","1":"post","2":"type-post","3":"status-publish","4":"format-standard","5":"has-post-thumbnail","7":"category-noticias-locales","8":"category-sin-categoria"},"yoast_head":"<!-- This site is optimized with the Yoast SEO plugin v27.4 - https:\/\/yoast.com\/product\/yoast-seo-wordpress\/ -->\n<title>En el PAS promovemos el emprendedurismo para que la gente se gane la vida decentemente: Cu\u00e9n - Fuentes Fidedignas<\/title>\n<meta name=\"robots\" content=\"index, follow, max-snippet:-1, max-image-preview:large, max-video-preview:-1\" \/>\n<link rel=\"canonical\" href=\"https:\/\/fuentesfidedignas.com.mx\/index.php\/2023\/06\/17\/en-el-pas-promovemos-el-emprendedurismo-para-que-la-gente-se-gane-la-vida-decentemente-cuen\/\" \/>\n<meta property=\"og:locale\" content=\"es_MX\" \/>\n<meta property=\"og:type\" content=\"article\" \/>\n<meta property=\"og:title\" content=\"En el PAS promovemos el emprendedurismo para que la gente se gane la vida decentemente: Cu\u00e9n - Fuentes Fidedignas\" \/>\n<meta property=\"og:description\" content=\"Un derroche de creatividad se vivi\u00f3 en todo Sinaloa con los talleres de emprendedurismo que el PAS llev\u00f3 en los 20 CDM a las mujeres y amas de casa de manera simult\u00e1nea Culiac\u00e1n, Sin.- El Presidente del Partido Sinaloense, MC. H\u00e9ctor Melesio Cu\u00e9n Ojeda dijo a los vecinos de la colonia Adolfo Lopez Mateos que [&hellip;]\" \/>\n<meta property=\"og:url\" content=\"https:\/\/fuentesfidedignas.com.mx\/index.php\/2023\/06\/17\/en-el-pas-promovemos-el-emprendedurismo-para-que-la-gente-se-gane-la-vida-decentemente-cuen\/\" \/>\n<meta property=\"og:site_name\" content=\"Fuentes Fidedignas\" \/>\n<meta property=\"article:publisher\" content=\"https:\/\/www.facebook.com\/Fuentes-Fidedignas-368234489921644\" \/>\n<meta property=\"article:published_time\" content=\"2023-06-17T15:08:44+00:00\" \/>\n<meta property=\"article:modified_time\" content=\"2023-06-17T15:28:04+00:00\" \/>\n<meta property=\"og:image\" content=\"https:\/\/fuentesfidedignas.com.mx\/wp-content\/uploads\/2023\/06\/Screenshot_20230617_080600_WhatsApp.jpg\" \/>\n\t<meta property=\"og:image:width\" content=\"646\" \/>\n\t<meta property=\"og:image:height\" content=\"429\" \/>\n\t<meta property=\"og:image:type\" content=\"image\/jpeg\" \/>\n<meta name=\"author\" content=\"Redacci\u00f3n\" \/>\n<meta name=\"twitter:card\" content=\"summary_large_image\" \/>\n<meta name=\"twitter:creator\" content=\"@fidedignas\" \/>\n<meta name=\"twitter:site\" content=\"@fidedignas\" \/>\n<meta name=\"twitter:label1\" content=\"Escrito por\" \/>\n\t<meta name=\"twitter:data1\" content=\"Redacci\u00f3n\" \/>\n\t<meta name=\"twitter:label2\" content=\"Tiempo de lectura\" \/>\n\t<meta name=\"twitter:data2\" content=\"3 minutos\" \/>\n<script type=\"application\/ld+json\" class=\"yoast-schema-graph\">{\"@context\":\"https:\\\/\\\/schema.org\",\"@graph\":[{\"@type\":\"Article\",\"@id\":\"https:\\\/\\\/fuentesfidedignas.com.mx\\\/index.php\\\/2023\\\/06\\\/17\\\/en-el-pas-promovemos-el-emprendedurismo-para-que-la-gente-se-gane-la-vida-decentemente-cuen\\\/#article\",\"isPartOf\":{\"@id\":\"https:\\\/\\\/fuentesfidedignas.com.mx\\\/index.php\\\/2023\\\/06\\\/17\\\/en-el-pas-promovemos-el-emprendedurismo-para-que-la-gente-se-gane-la-vida-decentemente-cuen\\\/\"},\"author\":{\"name\":\"Redacci\u00f3n\",\"@id\":\"https:\\\/\\\/fuentesfidedignas.com.mx\\\/#\\\/schema\\\/person\\\/331be9283d37198e2acd5750279085b0\"},\"headline\":\"En el PAS promovemos el emprendedurismo para que la gente se gane la vida decentemente: Cu\u00e9n\",\"datePublished\":\"2023-06-17T15:08:44+00:00\",\"dateModified\":\"2023-06-17T15:28:04+00:00\",\"mainEntityOfPage\":{\"@id\":\"https:\\\/\\\/fuentesfidedignas.com.mx\\\/index.php\\\/2023\\\/06\\\/17\\\/en-el-pas-promovemos-el-emprendedurismo-para-que-la-gente-se-gane-la-vida-decentemente-cuen\\\/\"},\"wordCount\":576,\"commentCount\":0,\"publisher\":{\"@id\":\"https:\\\/\\\/fuentesfidedignas.com.mx\\\/#organization\"},\"image\":{\"@id\":\"https:\\\/\\\/fuentesfidedignas.com.mx\\\/index.php\\\/2023\\\/06\\\/17\\\/en-el-pas-promovemos-el-emprendedurismo-para-que-la-gente-se-gane-la-vida-decentemente-cuen\\\/#primaryimage\"},\"thumbnailUrl\":\"https:\\\/\\\/fuentesfidedignas.com.mx\\\/wp-content\\\/uploads\\\/2023\\\/06\\\/Screenshot_20230617_080600_WhatsApp.jpg\",\"articleSection\":[\"NOTICIAS LOCALES\"],\"inLanguage\":\"es\",\"potentialAction\":[{\"@type\":\"CommentAction\",\"name\":\"Comment\",\"target\":[\"https:\\\/\\\/fuentesfidedignas.com.mx\\\/index.php\\\/2023\\\/06\\\/17\\\/en-el-pas-promovemos-el-emprendedurismo-para-que-la-gente-se-gane-la-vida-decentemente-cuen\\\/#respond\"]}]},{\"@type\":\"WebPage\",\"@id\":\"https:\\\/\\\/fuentesfidedignas.com.mx\\\/index.php\\\/2023\\\/06\\\/17\\\/en-el-pas-promovemos-el-emprendedurismo-para-que-la-gente-se-gane-la-vida-decentemente-cuen\\\/\",\"url\":\"https:\\\/\\\/fuentesfidedignas.com.mx\\\/index.php\\\/2023\\\/06\\\/17\\\/en-el-pas-promovemos-el-emprendedurismo-para-que-la-gente-se-gane-la-vida-decentemente-cuen\\\/\",\"name\":\"En el PAS promovemos el emprendedurismo para que la gente se gane la vida decentemente: Cu\u00e9n - Fuentes Fidedignas\",\"isPartOf\":{\"@id\":\"https:\\\/\\\/fuentesfidedignas.com.mx\\\/#website\"},\"primaryImageOfPage\":{\"@id\":\"https:\\\/\\\/fuentesfidedignas.com.mx\\\/index.php\\\/2023\\\/06\\\/17\\\/en-el-pas-promovemos-el-emprendedurismo-para-que-la-gente-se-gane-la-vida-decentemente-cuen\\\/#primaryimage\"},\"image\":{\"@id\":\"https:\\\/\\\/fuentesfidedignas.com.mx\\\/index.php\\\/2023\\\/06\\\/17\\\/en-el-pas-promovemos-el-emprendedurismo-para-que-la-gente-se-gane-la-vida-decentemente-cuen\\\/#primaryimage\"},\"thumbnailUrl\":\"https:\\\/\\\/fuentesfidedignas.com.mx\\\/wp-content\\\/uploads\\\/2023\\\/06\\\/Screenshot_20230617_080600_WhatsApp.jpg\",\"datePublished\":\"2023-06-17T15:08:44+00:00\",\"dateModified\":\"2023-06-17T15:28:04+00:00\",\"breadcrumb\":{\"@id\":\"https:\\\/\\\/fuentesfidedignas.com.mx\\\/index.php\\\/2023\\\/06\\\/17\\\/en-el-pas-promovemos-el-emprendedurismo-para-que-la-gente-se-gane-la-vida-decentemente-cuen\\\/#breadcrumb\"},\"inLanguage\":\"es\",\"potentialAction\":[{\"@type\":\"ReadAction\",\"target\":[\"https:\\\/\\\/fuentesfidedignas.com.mx\\\/index.php\\\/2023\\\/06\\\/17\\\/en-el-pas-promovemos-el-emprendedurismo-para-que-la-gente-se-gane-la-vida-decentemente-cuen\\\/\"]}]},{\"@type\":\"ImageObject\",\"inLanguage\":\"es\",\"@id\":\"https:\\\/\\\/fuentesfidedignas.com.mx\\\/index.php\\\/2023\\\/06\\\/17\\\/en-el-pas-promovemos-el-emprendedurismo-para-que-la-gente-se-gane-la-vida-decentemente-cuen\\\/#primaryimage\",\"url\":\"https:\\\/\\\/fuentesfidedignas.com.mx\\\/wp-content\\\/uploads\\\/2023\\\/06\\\/Screenshot_20230617_080600_WhatsApp.jpg\",\"contentUrl\":\"https:\\\/\\\/fuentesfidedignas.com.mx\\\/wp-content\\\/uploads\\\/2023\\\/06\\\/Screenshot_20230617_080600_WhatsApp.jpg\",\"width\":646,\"height\":429},{\"@type\":\"BreadcrumbList\",\"@id\":\"https:\\\/\\\/fuentesfidedignas.com.mx\\\/index.php\\\/2023\\\/06\\\/17\\\/en-el-pas-promovemos-el-emprendedurismo-para-que-la-gente-se-gane-la-vida-decentemente-cuen\\\/#breadcrumb\",\"itemListElement\":[{\"@type\":\"ListItem\",\"position\":1,\"name\":\"Inicio\",\"item\":\"https:\\\/\\\/fuentesfidedignas.com.mx\\\/\"},{\"@type\":\"ListItem\",\"position\":2,\"name\":\"En el PAS promovemos el emprendedurismo para que la gente se gane la vida decentemente: Cu\u00e9n\"}]},{\"@type\":\"WebSite\",\"@id\":\"https:\\\/\\\/fuentesfidedignas.com.mx\\\/#website\",\"url\":\"https:\\\/\\\/fuentesfidedignas.com.mx\\\/\",\"name\":\"Fuentes Fidedignas\",\"description\":\"Otro sitio realizado con WordPress\",\"publisher\":{\"@id\":\"https:\\\/\\\/fuentesfidedignas.com.mx\\\/#organization\"},\"potentialAction\":[{\"@type\":\"SearchAction\",\"target\":{\"@type\":\"EntryPoint\",\"urlTemplate\":\"https:\\\/\\\/fuentesfidedignas.com.mx\\\/?s={search_term_string}\"},\"query-input\":{\"@type\":\"PropertyValueSpecification\",\"valueRequired\":true,\"valueName\":\"search_term_string\"}}],\"inLanguage\":\"es\"},{\"@type\":\"Organization\",\"@id\":\"https:\\\/\\\/fuentesfidedignas.com.mx\\\/#organization\",\"name\":\"Fuentes Fidedignas\",\"url\":\"https:\\\/\\\/fuentesfidedignas.com.mx\\\/\",\"logo\":{\"@type\":\"ImageObject\",\"inLanguage\":\"es\",\"@id\":\"https:\\\/\\\/fuentesfidedignas.com.mx\\\/#\\\/schema\\\/logo\\\/image\\\/\",\"url\":\"https:\\\/\\\/fuentesfidedignas.com.mx\\\/wp-content\\\/uploads\\\/2021\\\/04\\\/logo-retina.png\",\"contentUrl\":\"https:\\\/\\\/fuentesfidedignas.com.mx\\\/wp-content\\\/uploads\\\/2021\\\/04\\\/logo-retina.png\",\"width\":280,\"height\":51,\"caption\":\"Fuentes Fidedignas\"},\"image\":{\"@id\":\"https:\\\/\\\/fuentesfidedignas.com.mx\\\/#\\\/schema\\\/logo\\\/image\\\/\"},\"sameAs\":[\"https:\\\/\\\/www.facebook.com\\\/Fuentes-Fidedignas-368234489921644\",\"https:\\\/\\\/x.com\\\/fidedignas\"]},{\"@type\":\"Person\",\"@id\":\"https:\\\/\\\/fuentesfidedignas.com.mx\\\/#\\\/schema\\\/person\\\/331be9283d37198e2acd5750279085b0\",\"name\":\"Redacci\u00f3n\",\"image\":{\"@type\":\"ImageObject\",\"inLanguage\":\"es\",\"@id\":\"https:\\\/\\\/secure.gravatar.com\\\/avatar\\\/f6d8782c11d12b2d4ad3fbb6931aeab5309937a4d6cd2fc9cfaa28a6396a5aec?s=96&d=mm&r=g\",\"url\":\"https:\\\/\\\/secure.gravatar.com\\\/avatar\\\/f6d8782c11d12b2d4ad3fbb6931aeab5309937a4d6cd2fc9cfaa28a6396a5aec?s=96&d=mm&r=g\",\"contentUrl\":\"https:\\\/\\\/secure.gravatar.com\\\/avatar\\\/f6d8782c11d12b2d4ad3fbb6931aeab5309937a4d6cd2fc9cfaa28a6396a5aec?s=96&d=mm&r=g\",\"caption\":\"Redacci\u00f3n\"},\"url\":\"https:\\\/\\\/fuentesfidedignas.com.mx\\\/index.php\\\/author\\\/redaccion\\\/\"}]}<\/script>\n<!-- \/ Yoast SEO plugin. -->","yoast_head_json":{"title":"En el PAS promovemos el emprendedurismo para que la gente se gane la vida decentemente: Cu\u00e9n - Fuentes Fidedignas","robots":{"index":"index","follow":"follow","max-snippet":"max-snippet:-1","max-image-preview":"max-image-preview:large","max-video-preview":"max-video-preview:-1"},"canonical":"https:\/\/fuentesfidedignas.com.mx\/index.php\/2023\/06\/17\/en-el-pas-promovemos-el-emprendedurismo-para-que-la-gente-se-gane-la-vida-decentemente-cuen\/","og_locale":"es_MX","og_type":"article","og_title":"En el PAS promovemos el emprendedurismo para que la gente se gane la vida decentemente: Cu\u00e9n - Fuentes Fidedignas","og_description":"Un derroche de creatividad se vivi\u00f3 en todo Sinaloa con los talleres de emprendedurismo que el PAS llev\u00f3 en los 20 CDM a las mujeres y amas de casa de manera simult\u00e1nea Culiac\u00e1n, Sin.- El Presidente del Partido Sinaloense, MC. H\u00e9ctor Melesio Cu\u00e9n Ojeda dijo a los vecinos de la colonia Adolfo Lopez Mateos que [&hellip;]","og_url":"https:\/\/fuentesfidedignas.com.mx\/index.php\/2023\/06\/17\/en-el-pas-promovemos-el-emprendedurismo-para-que-la-gente-se-gane-la-vida-decentemente-cuen\/","og_site_name":"Fuentes Fidedignas","article_publisher":"https:\/\/www.facebook.com\/Fuentes-Fidedignas-368234489921644","article_published_time":"2023-06-17T15:08:44+00:00","article_modified_time":"2023-06-17T15:28:04+00:00","og_image":[{"width":646,"height":429,"url":"https:\/\/fuentesfidedignas.com.mx\/wp-content\/uploads\/2023\/06\/Screenshot_20230617_080600_WhatsApp.jpg","type":"image\/jpeg"}],"author":"Redacci\u00f3n","twitter_card":"summary_large_image","twitter_creator":"@fidedignas","twitter_site":"@fidedignas","twitter_misc":{"Escrito por":"Redacci\u00f3n","Tiempo de lectura":"3 minutos"},"schema":{"@context":"https:\/\/schema.org","@graph":[{"@type":"Article","@id":"https:\/\/fuentesfidedignas.com.mx\/index.php\/2023\/06\/17\/en-el-pas-promovemos-el-emprendedurismo-para-que-la-gente-se-gane-la-vida-decentemente-cuen\/#article","isPartOf":{"@id":"https:\/\/fuentesfidedignas.com.mx\/index.php\/2023\/06\/17\/en-el-pas-promovemos-el-emprendedurismo-para-que-la-gente-se-gane-la-vida-decentemente-cuen\/"},"author":{"name":"Redacci\u00f3n","@id":"https:\/\/fuentesfidedignas.com.mx\/#\/schema\/person\/331be9283d37198e2acd5750279085b0"},"headline":"En el PAS promovemos el emprendedurismo para que la gente se gane la vida decentemente: Cu\u00e9n","datePublished":"2023-06-17T15:08:44+00:00","dateModified":"2023-06-17T15:28:04+00:00","mainEntityOfPage":{"@id":"https:\/\/fuentesfidedignas.com.mx\/index.php\/2023\/06\/17\/en-el-pas-promovemos-el-emprendedurismo-para-que-la-gente-se-gane-la-vida-decentemente-cuen\/"},"wordCount":576,"commentCount":0,"publisher":{"@id":"https:\/\/fuentesfidedignas.com.mx\/#organization"},"image":{"@id":"https:\/\/fuentesfidedignas.com.mx\/index.php\/2023\/06\/17\/en-el-pas-promovemos-el-emprendedurismo-para-que-la-gente-se-gane-la-vida-decentemente-cuen\/#primaryimage"},"thumbnailUrl":"https:\/\/fuentesfidedignas.com.mx\/wp-content\/uploads\/2023\/06\/Screenshot_20230617_080600_WhatsApp.jpg","articleSection":["NOTICIAS LOCALES"],"inLanguage":"es","potentialAction":[{"@type":"CommentAction","name":"Comment","target":["https:\/\/fuentesfidedignas.com.mx\/index.php\/2023\/06\/17\/en-el-pas-promovemos-el-emprendedurismo-para-que-la-gente-se-gane-la-vida-decentemente-cuen\/#respond"]}]},{"@type":"WebPage","@id":"https:\/\/fuentesfidedignas.com.mx\/index.php\/2023\/06\/17\/en-el-pas-promovemos-el-emprendedurismo-para-que-la-gente-se-gane-la-vida-decentemente-cuen\/","url":"https:\/\/fuentesfidedignas.com.mx\/index.php\/2023\/06\/17\/en-el-pas-promovemos-el-emprendedurismo-para-que-la-gente-se-gane-la-vida-decentemente-cuen\/","name":"En el PAS promovemos el emprendedurismo para que la gente se gane la vida decentemente: Cu\u00e9n - Fuentes Fidedignas","isPartOf":{"@id":"https:\/\/fuentesfidedignas.com.mx\/#website"},"primaryImageOfPage":{"@id":"https:\/\/fuentesfidedignas.com.mx\/index.php\/2023\/06\/17\/en-el-pas-promovemos-el-emprendedurismo-para-que-la-gente-se-gane-la-vida-decentemente-cuen\/#primaryimage"},"image":{"@id":"https:\/\/fuentesfidedignas.com.mx\/index.php\/2023\/06\/17\/en-el-pas-promovemos-el-emprendedurismo-para-que-la-gente-se-gane-la-vida-decentemente-cuen\/#primaryimage"},"thumbnailUrl":"https:\/\/fuentesfidedignas.com.mx\/wp-content\/uploads\/2023\/06\/Screenshot_20230617_080600_WhatsApp.jpg","datePublished":"2023-06-17T15:08:44+00:00","dateModified":"2023-06-17T15:28:04+00:00","breadcrumb":{"@id":"https:\/\/fuentesfidedignas.com.mx\/index.php\/2023\/06\/17\/en-el-pas-promovemos-el-emprendedurismo-para-que-la-gente-se-gane-la-vida-decentemente-cuen\/#breadcrumb"},"inLanguage":"es","potentialAction":[{"@type":"ReadAction","target":["https:\/\/fuentesfidedignas.com.mx\/index.php\/2023\/06\/17\/en-el-pas-promovemos-el-emprendedurismo-para-que-la-gente-se-gane-la-vida-decentemente-cuen\/"]}]},{"@type":"ImageObject","inLanguage":"es","@id":"https:\/\/fuentesfidedignas.com.mx\/index.php\/2023\/06\/17\/en-el-pas-promovemos-el-emprendedurismo-para-que-la-gente-se-gane-la-vida-decentemente-cuen\/#primaryimage","url":"https:\/\/fuentesfidedignas.com.mx\/wp-content\/uploads\/2023\/06\/Screenshot_20230617_080600_WhatsApp.jpg","contentUrl":"https:\/\/fuentesfidedignas.com.mx\/wp-content\/uploads\/2023\/06\/Screenshot_20230617_080600_WhatsApp.jpg","width":646,"height":429},{"@type":"BreadcrumbList","@id":"https:\/\/fuentesfidedignas.com.mx\/index.php\/2023\/06\/17\/en-el-pas-promovemos-el-emprendedurismo-para-que-la-gente-se-gane-la-vida-decentemente-cuen\/#breadcrumb","itemListElement":[{"@type":"ListItem","position":1,"name":"Inicio","item":"https:\/\/fuentesfidedignas.com.mx\/"},{"@type":"ListItem","position":2,"name":"En el PAS promovemos el emprendedurismo para que la gente se gane la vida decentemente: Cu\u00e9n"}]},{"@type":"WebSite","@id":"https:\/\/fuentesfidedignas.com.mx\/#website","url":"https:\/\/fuentesfidedignas.com.mx\/","name":"Fuentes Fidedignas","description":"Otro sitio realizado con WordPress","publisher":{"@id":"https:\/\/fuentesfidedignas.com.mx\/#organization"},"potentialAction":[{"@type":"SearchAction","target":{"@type":"EntryPoint","urlTemplate":"https:\/\/fuentesfidedignas.com.mx\/?s={search_term_string}"},"query-input":{"@type":"PropertyValueSpecification","valueRequired":true,"valueName":"search_term_string"}}],"inLanguage":"es"},{"@type":"Organization","@id":"https:\/\/fuentesfidedignas.com.mx\/#organization","name":"Fuentes Fidedignas","url":"https:\/\/fuentesfidedignas.com.mx\/","logo":{"@type":"ImageObject","inLanguage":"es","@id":"https:\/\/fuentesfidedignas.com.mx\/#\/schema\/logo\/image\/","url":"https:\/\/fuentesfidedignas.com.mx\/wp-content\/uploads\/2021\/04\/logo-retina.png","contentUrl":"https:\/\/fuentesfidedignas.com.mx\/wp-content\/uploads\/2021\/04\/logo-retina.png","width":280,"height":51,"caption":"Fuentes Fidedignas"},"image":{"@id":"https:\/\/fuentesfidedignas.com.mx\/#\/schema\/logo\/image\/"},"sameAs":["https:\/\/www.facebook.com\/Fuentes-Fidedignas-368234489921644","https:\/\/x.com\/fidedignas"]},{"@type":"Person","@id":"https:\/\/fuentesfidedignas.com.mx\/#\/schema\/person\/331be9283d37198e2acd5750279085b0","name":"Redacci\u00f3n","image":{"@type":"ImageObject","inLanguage":"es","@id":"https:\/\/secure.gravatar.com\/avatar\/f6d8782c11d12b2d4ad3fbb6931aeab5309937a4d6cd2fc9cfaa28a6396a5aec?s=96&d=mm&r=g","url":"https:\/\/secure.gravatar.com\/avatar\/f6d8782c11d12b2d4ad3fbb6931aeab5309937a4d6cd2fc9cfaa28a6396a5aec?s=96&d=mm&r=g","contentUrl":"https:\/\/secure.gravatar.com\/avatar\/f6d8782c11d12b2d4ad3fbb6931aeab5309937a4d6cd2fc9cfaa28a6396a5aec?s=96&d=mm&r=g","caption":"Redacci\u00f3n"},"url":"https:\/\/fuentesfidedignas.com.mx\/index.php\/author\/redaccion\/"}]}},"_links":{"self":[{"href":"https:\/\/fuentesfidedignas.com.mx\/index.php\/wp-json\/wp\/v2\/posts\/50218","targetHints":{"allow":["GET"]}}],"collection":[{"href":"https:\/\/fuentesfidedignas.com.mx\/index.php\/wp-json\/wp\/v2\/posts"}],"about":[{"href":"https:\/\/fuentesfidedignas.com.mx\/index.php\/wp-json\/wp\/v2\/types\/post"}],"author":[{"embeddable":true,"href":"https:\/\/fuentesfidedignas.com.mx\/index.php\/wp-json\/wp\/v2\/users\/4"}],"replies":[{"embeddable":true,"href":"https:\/\/fuentesfidedignas.com.mx\/index.php\/wp-json\/wp\/v2\/comments?post=50218"}],"version-history":[{"count":1,"href":"https:\/\/fuentesfidedignas.com.mx\/index.php\/wp-json\/wp\/v2\/posts\/50218\/revisions"}],"predecessor-version":[{"id":50219,"href":"https:\/\/fuentesfidedignas.com.mx\/index.php\/wp-json\/wp\/v2\/posts\/50218\/revisions\/50219"}],"wp:featuredmedia":[{"embeddable":true,"href":"https:\/\/fuentesfidedignas.com.mx\/index.php\/wp-json\/wp\/v2\/media\/50220"}],"wp:attachment":[{"href":"https:\/\/fuentesfidedignas.com.mx\/index.php\/wp-json\/wp\/v2\/media?parent=50218"}],"wp:term":[{"taxonomy":"category","embeddable":true,"href":"https:\/\/fuentesfidedignas.com.mx\/index.php\/wp-json\/wp\/v2\/categories?post=50218"},{"taxonomy":"post_tag","embeddable":true,"href":"https:\/\/fuentesfidedignas.com.mx\/index.php\/wp-json\/wp\/v2\/tags?post=50218"}],"curies":[{"name":"wp","href":"https:\/\/api.w.org\/{rel}","templated":true}]}}