{"id":5013,"date":"2021-06-14T12:22:05","date_gmt":"2021-06-14T19:22:05","guid":{"rendered":"https:\/\/fuentesfidedignas.com.mx\/?p=5013"},"modified":"2021-06-14T12:22:07","modified_gmt":"2021-06-14T19:22:07","slug":"inaugura-quirino-el-nuevo-edificio-de-gobierno-del-estado","status":"publish","type":"post","link":"https:\/\/fuentesfidedignas.com.mx\/index.php\/2021\/06\/14\/inaugura-quirino-el-nuevo-edificio-de-gobierno-del-estado\/","title":{"rendered":"Inaugura Quirino el nuevo edificio de Gobierno del Estado"},"content":{"rendered":"\n<p><em> <strong>Gracias a la adquisici\u00f3n del inmueble, se ahorrar\u00e1n 20 millones de pesos anuales que se pagaban de renta de diversas oficinas.<\/strong><\/em><\/p>\n\n\n\n<p style=\"max-width:1803px\">Culiac\u00e1n, Sin. El gobernador Quirino Ordaz Coppel inaugur\u00f3 formalmente el nuevo edificio del Gobierno del Estado, ubicado a un costado del estadio de futbol de Los Dorados, donde se reubicaron varias dependencias estatales, y que representa un ahorro de 20 millones de pesos en pago de renta al a\u00f1o que se hac\u00eda por el uso de oficinas en distintos puntos de la ciudad.<\/p>\n\n\n\n<p>El mandatario estatal acudi\u00f3 acompa\u00f1ado por su esposa, Rosy Fuentes de Ordaz, y por pr\u00e1cticamente todos los secretarios de su gabinete, para entregar este edificio, que ya es propiedad del Estado, y cuyo costo total fue de 600 millones de pesos, ya que se adquiri\u00f3 a Inbursa por 150 millones y los restantes 450 millones de pesos se aplicaron en la remodelaci\u00f3n y acondicionamiento para albergar a las cinco Secretar\u00edas y algunas otras dependencias.<\/p>\n\n\n\n<p>\u201cMuy contento, la verdad, cerrando muy bien, fuerte, con trabajo, con obras como \u00e9sta tan importante, tan amplia, tan fundamental para el apoyo de las y los funcionarios, los servidores p\u00fablicos, el darle dignidad, modernidad, atenci\u00f3n a la gente\u201d, dijo.<\/p>\n\n\n\n<p>Ordaz Coppel precis\u00f3 que el edificio se compr\u00f3 a Inbursa, no a la empresa Homex, antigua propietaria, pero que lo cedi\u00f3 en pago de pasivos a Inbursa, quien finalmente se lo vendi\u00f3 al Gobierno del Estado.<\/p>\n\n\n\n<p>\u201cLa inversi\u00f3n fue de alrededor de 600 millones de pesos, la compra del edificio fue la compra hecha a Inbursa no a Homex; Homex la entreg\u00f3 a Inbursa como daci\u00f3n de pago, pero nuestra negociaci\u00f3n fue con Inbursa. Inbursa la quer\u00eda dar m\u00e1s cara, nosotros hicimos un replanteamiento para que se hiciera un ajuste, cost\u00f3 alrededor de 150 millones de pesos, ya no vamos a estar rentando tanta oficina, esto ya es del Estado, es del pueblo de Sinaloa\u201d, recalc\u00f3.<\/p>\n\n\n\n<p>Reiter\u00f3 que el ahorro ser\u00e1 de 20 millones de pesos anuales, aproximadamente, cantidad que pagaba el gobierno a particulares por la renta de varias oficinas p\u00fablicas.<\/p>\n\n\n\n<p>El inmueble consta de dos edificios de tres niveles unidos por un puente, donde ya est\u00e1n instalados el Departamento de Supervisi\u00f3n de Obras de la Secretar\u00eda de Obras P\u00fablicas, el \u00c1rea T\u00e9cnica de la Secretar\u00eda de Agricultura y Ganader\u00eda, el Consejo Estatal para la Prevenci\u00f3n y Atenci\u00f3n de Violencia Familiar (CEPAVIF), la Direcci\u00f3n de Auditor\u00eda del Sistema de Administraci\u00f3n Tributaria del Estado de Sinaloa (SATES); y el Sistema de Protecci\u00f3n a Ni\u00f1os, Ni\u00f1as y Adolescentes (SIPINNA).<\/p>\n\n\n\n<p>Asimismo, en toda la planta baja del edificio A se ubica el CRUM, que es el Centro Regulador de Urgencias M\u00e9dicas, el cual opera 24 horas al d\u00eda, con tres turnos de personal, para la atenci\u00f3n prehospitalaria de emergencias m\u00e9dicas, y cuenta a su disposici\u00f3n con 87 ambulancias distribuidas en tres regiones (Centro, Norte y Sur), con la participaci\u00f3n de 10 instituciones, como Cruz Roja, Coordinaci\u00f3n Municipal de Salud, Protecci\u00f3n Civil, Bomberos, Bomberos Veteranos, DIF, Servicios de Urgencias M\u00e9dicas del Municipio de Ahome (SUMA), CAPUFE, PAC-Emergencias y Hospitales de la SSA.<\/p>\n","protected":false},"excerpt":{"rendered":"<p>Gracias a la adquisici\u00f3n del inmueble, se ahorrar\u00e1n 20 millones de pesos anuales que se pagaban de renta de diversas oficinas. Culiac\u00e1n, Sin. El gobernador Quirino Ordaz Coppel inaugur\u00f3 formalmente el nuevo edificio del Gobierno del Estado, ubicado a un costado del estadio de futbol de Los Dorados, donde se reubicaron varias dependencias estatales, y [&hellip;]<\/p>\n","protected":false},"author":4,"featured_media":5014,"comment_status":"open","ping_status":"open","sticky":false,"template":"","format":"standard","meta":{"tdm_status":"","tdm_grid_status":"","footnotes":""},"categories":[37],"tags":[],"class_list":{"0":"post-5013","1":"post","2":"type-post","3":"status-publish","4":"format-standard","5":"has-post-thumbnail","7":"category-nota-principal"},"yoast_head":"<!-- This site is optimized with the Yoast SEO plugin v27.4 - https:\/\/yoast.com\/product\/yoast-seo-wordpress\/ -->\n<title>Inaugura Quirino el nuevo edificio de Gobierno del Estado - Fuentes Fidedignas<\/title>\n<meta name=\"robots\" content=\"index, follow, max-snippet:-1, max-image-preview:large, max-video-preview:-1\" \/>\n<link rel=\"canonical\" href=\"https:\/\/fuentesfidedignas.com.mx\/index.php\/2021\/06\/14\/inaugura-quirino-el-nuevo-edificio-de-gobierno-del-estado\/\" \/>\n<meta property=\"og:locale\" content=\"es_MX\" \/>\n<meta property=\"og:type\" content=\"article\" \/>\n<meta property=\"og:title\" content=\"Inaugura Quirino el nuevo edificio de Gobierno del Estado - Fuentes Fidedignas\" \/>\n<meta property=\"og:description\" content=\"Gracias a la adquisici\u00f3n del inmueble, se ahorrar\u00e1n 20 millones de pesos anuales que se pagaban de renta de diversas oficinas. Culiac\u00e1n, Sin. El gobernador Quirino Ordaz Coppel inaugur\u00f3 formalmente el nuevo edificio del Gobierno del Estado, ubicado a un costado del estadio de futbol de Los Dorados, donde se reubicaron varias dependencias estatales, y [&hellip;]\" \/>\n<meta property=\"og:url\" content=\"https:\/\/fuentesfidedignas.com.mx\/index.php\/2021\/06\/14\/inaugura-quirino-el-nuevo-edificio-de-gobierno-del-estado\/\" \/>\n<meta property=\"og:site_name\" content=\"Fuentes Fidedignas\" \/>\n<meta property=\"article:publisher\" content=\"https:\/\/www.facebook.com\/Fuentes-Fidedignas-368234489921644\" \/>\n<meta property=\"article:published_time\" content=\"2021-06-14T19:22:05+00:00\" \/>\n<meta property=\"article:modified_time\" content=\"2021-06-14T19:22:07+00:00\" \/>\n<meta property=\"og:image\" content=\"https:\/\/fuentesfidedignas.com.mx\/wp-content\/uploads\/2021\/06\/IMG-20210614-WA0024.jpg\" \/>\n\t<meta property=\"og:image:width\" content=\"1280\" \/>\n\t<meta property=\"og:image:height\" content=\"853\" \/>\n\t<meta property=\"og:image:type\" content=\"image\/jpeg\" \/>\n<meta name=\"author\" content=\"Redacci\u00f3n\" \/>\n<meta name=\"twitter:card\" content=\"summary_large_image\" \/>\n<meta name=\"twitter:creator\" content=\"@fidedignas\" \/>\n<meta name=\"twitter:site\" content=\"@fidedignas\" \/>\n<meta name=\"twitter:label1\" content=\"Escrito por\" \/>\n\t<meta name=\"twitter:data1\" content=\"Redacci\u00f3n\" \/>\n\t<meta name=\"twitter:label2\" content=\"Tiempo de lectura\" \/>\n\t<meta name=\"twitter:data2\" content=\"3 minutos\" \/>\n<script type=\"application\/ld+json\" class=\"yoast-schema-graph\">{\"@context\":\"https:\\\/\\\/schema.org\",\"@graph\":[{\"@type\":\"Article\",\"@id\":\"https:\\\/\\\/fuentesfidedignas.com.mx\\\/index.php\\\/2021\\\/06\\\/14\\\/inaugura-quirino-el-nuevo-edificio-de-gobierno-del-estado\\\/#article\",\"isPartOf\":{\"@id\":\"https:\\\/\\\/fuentesfidedignas.com.mx\\\/index.php\\\/2021\\\/06\\\/14\\\/inaugura-quirino-el-nuevo-edificio-de-gobierno-del-estado\\\/\"},\"author\":{\"name\":\"Redacci\u00f3n\",\"@id\":\"https:\\\/\\\/fuentesfidedignas.com.mx\\\/#\\\/schema\\\/person\\\/331be9283d37198e2acd5750279085b0\"},\"headline\":\"Inaugura Quirino el nuevo edificio de Gobierno del Estado\",\"datePublished\":\"2021-06-14T19:22:05+00:00\",\"dateModified\":\"2021-06-14T19:22:07+00:00\",\"mainEntityOfPage\":{\"@id\":\"https:\\\/\\\/fuentesfidedignas.com.mx\\\/index.php\\\/2021\\\/06\\\/14\\\/inaugura-quirino-el-nuevo-edificio-de-gobierno-del-estado\\\/\"},\"wordCount\":546,\"commentCount\":0,\"publisher\":{\"@id\":\"https:\\\/\\\/fuentesfidedignas.com.mx\\\/#organization\"},\"image\":{\"@id\":\"https:\\\/\\\/fuentesfidedignas.com.mx\\\/index.php\\\/2021\\\/06\\\/14\\\/inaugura-quirino-el-nuevo-edificio-de-gobierno-del-estado\\\/#primaryimage\"},\"thumbnailUrl\":\"https:\\\/\\\/fuentesfidedignas.com.mx\\\/wp-content\\\/uploads\\\/2021\\\/06\\\/IMG-20210614-WA0024.jpg\",\"articleSection\":[\"NOTA PRINCIPAL\"],\"inLanguage\":\"es\",\"potentialAction\":[{\"@type\":\"CommentAction\",\"name\":\"Comment\",\"target\":[\"https:\\\/\\\/fuentesfidedignas.com.mx\\\/index.php\\\/2021\\\/06\\\/14\\\/inaugura-quirino-el-nuevo-edificio-de-gobierno-del-estado\\\/#respond\"]}]},{\"@type\":\"WebPage\",\"@id\":\"https:\\\/\\\/fuentesfidedignas.com.mx\\\/index.php\\\/2021\\\/06\\\/14\\\/inaugura-quirino-el-nuevo-edificio-de-gobierno-del-estado\\\/\",\"url\":\"https:\\\/\\\/fuentesfidedignas.com.mx\\\/index.php\\\/2021\\\/06\\\/14\\\/inaugura-quirino-el-nuevo-edificio-de-gobierno-del-estado\\\/\",\"name\":\"Inaugura Quirino el nuevo edificio de Gobierno del Estado - Fuentes Fidedignas\",\"isPartOf\":{\"@id\":\"https:\\\/\\\/fuentesfidedignas.com.mx\\\/#website\"},\"primaryImageOfPage\":{\"@id\":\"https:\\\/\\\/fuentesfidedignas.com.mx\\\/index.php\\\/2021\\\/06\\\/14\\\/inaugura-quirino-el-nuevo-edificio-de-gobierno-del-estado\\\/#primaryimage\"},\"image\":{\"@id\":\"https:\\\/\\\/fuentesfidedignas.com.mx\\\/index.php\\\/2021\\\/06\\\/14\\\/inaugura-quirino-el-nuevo-edificio-de-gobierno-del-estado\\\/#primaryimage\"},\"thumbnailUrl\":\"https:\\\/\\\/fuentesfidedignas.com.mx\\\/wp-content\\\/uploads\\\/2021\\\/06\\\/IMG-20210614-WA0024.jpg\",\"datePublished\":\"2021-06-14T19:22:05+00:00\",\"dateModified\":\"2021-06-14T19:22:07+00:00\",\"breadcrumb\":{\"@id\":\"https:\\\/\\\/fuentesfidedignas.com.mx\\\/index.php\\\/2021\\\/06\\\/14\\\/inaugura-quirino-el-nuevo-edificio-de-gobierno-del-estado\\\/#breadcrumb\"},\"inLanguage\":\"es\",\"potentialAction\":[{\"@type\":\"ReadAction\",\"target\":[\"https:\\\/\\\/fuentesfidedignas.com.mx\\\/index.php\\\/2021\\\/06\\\/14\\\/inaugura-quirino-el-nuevo-edificio-de-gobierno-del-estado\\\/\"]}]},{\"@type\":\"ImageObject\",\"inLanguage\":\"es\",\"@id\":\"https:\\\/\\\/fuentesfidedignas.com.mx\\\/index.php\\\/2021\\\/06\\\/14\\\/inaugura-quirino-el-nuevo-edificio-de-gobierno-del-estado\\\/#primaryimage\",\"url\":\"https:\\\/\\\/fuentesfidedignas.com.mx\\\/wp-content\\\/uploads\\\/2021\\\/06\\\/IMG-20210614-WA0024.jpg\",\"contentUrl\":\"https:\\\/\\\/fuentesfidedignas.com.mx\\\/wp-content\\\/uploads\\\/2021\\\/06\\\/IMG-20210614-WA0024.jpg\",\"width\":1280,\"height\":853},{\"@type\":\"BreadcrumbList\",\"@id\":\"https:\\\/\\\/fuentesfidedignas.com.mx\\\/index.php\\\/2021\\\/06\\\/14\\\/inaugura-quirino-el-nuevo-edificio-de-gobierno-del-estado\\\/#breadcrumb\",\"itemListElement\":[{\"@type\":\"ListItem\",\"position\":1,\"name\":\"Inicio\",\"item\":\"https:\\\/\\\/fuentesfidedignas.com.mx\\\/\"},{\"@type\":\"ListItem\",\"position\":2,\"name\":\"Inaugura Quirino el nuevo edificio de Gobierno del Estado\"}]},{\"@type\":\"WebSite\",\"@id\":\"https:\\\/\\\/fuentesfidedignas.com.mx\\\/#website\",\"url\":\"https:\\\/\\\/fuentesfidedignas.com.mx\\\/\",\"name\":\"Fuentes Fidedignas\",\"description\":\"Otro sitio realizado con WordPress\",\"publisher\":{\"@id\":\"https:\\\/\\\/fuentesfidedignas.com.mx\\\/#organization\"},\"potentialAction\":[{\"@type\":\"SearchAction\",\"target\":{\"@type\":\"EntryPoint\",\"urlTemplate\":\"https:\\\/\\\/fuentesfidedignas.com.mx\\\/?s={search_term_string}\"},\"query-input\":{\"@type\":\"PropertyValueSpecification\",\"valueRequired\":true,\"valueName\":\"search_term_string\"}}],\"inLanguage\":\"es\"},{\"@type\":\"Organization\",\"@id\":\"https:\\\/\\\/fuentesfidedignas.com.mx\\\/#organization\",\"name\":\"Fuentes Fidedignas\",\"url\":\"https:\\\/\\\/fuentesfidedignas.com.mx\\\/\",\"logo\":{\"@type\":\"ImageObject\",\"inLanguage\":\"es\",\"@id\":\"https:\\\/\\\/fuentesfidedignas.com.mx\\\/#\\\/schema\\\/logo\\\/image\\\/\",\"url\":\"https:\\\/\\\/fuentesfidedignas.com.mx\\\/wp-content\\\/uploads\\\/2021\\\/04\\\/logo-retina.png\",\"contentUrl\":\"https:\\\/\\\/fuentesfidedignas.com.mx\\\/wp-content\\\/uploads\\\/2021\\\/04\\\/logo-retina.png\",\"width\":280,\"height\":51,\"caption\":\"Fuentes Fidedignas\"},\"image\":{\"@id\":\"https:\\\/\\\/fuentesfidedignas.com.mx\\\/#\\\/schema\\\/logo\\\/image\\\/\"},\"sameAs\":[\"https:\\\/\\\/www.facebook.com\\\/Fuentes-Fidedignas-368234489921644\",\"https:\\\/\\\/x.com\\\/fidedignas\"]},{\"@type\":\"Person\",\"@id\":\"https:\\\/\\\/fuentesfidedignas.com.mx\\\/#\\\/schema\\\/person\\\/331be9283d37198e2acd5750279085b0\",\"name\":\"Redacci\u00f3n\",\"image\":{\"@type\":\"ImageObject\",\"inLanguage\":\"es\",\"@id\":\"https:\\\/\\\/secure.gravatar.com\\\/avatar\\\/f6d8782c11d12b2d4ad3fbb6931aeab5309937a4d6cd2fc9cfaa28a6396a5aec?s=96&d=mm&r=g\",\"url\":\"https:\\\/\\\/secure.gravatar.com\\\/avatar\\\/f6d8782c11d12b2d4ad3fbb6931aeab5309937a4d6cd2fc9cfaa28a6396a5aec?s=96&d=mm&r=g\",\"contentUrl\":\"https:\\\/\\\/secure.gravatar.com\\\/avatar\\\/f6d8782c11d12b2d4ad3fbb6931aeab5309937a4d6cd2fc9cfaa28a6396a5aec?s=96&d=mm&r=g\",\"caption\":\"Redacci\u00f3n\"},\"url\":\"https:\\\/\\\/fuentesfidedignas.com.mx\\\/index.php\\\/author\\\/redaccion\\\/\"}]}<\/script>\n<!-- \/ Yoast SEO plugin. -->","yoast_head_json":{"title":"Inaugura Quirino el nuevo edificio de Gobierno del Estado - Fuentes Fidedignas","robots":{"index":"index","follow":"follow","max-snippet":"max-snippet:-1","max-image-preview":"max-image-preview:large","max-video-preview":"max-video-preview:-1"},"canonical":"https:\/\/fuentesfidedignas.com.mx\/index.php\/2021\/06\/14\/inaugura-quirino-el-nuevo-edificio-de-gobierno-del-estado\/","og_locale":"es_MX","og_type":"article","og_title":"Inaugura Quirino el nuevo edificio de Gobierno del Estado - Fuentes Fidedignas","og_description":"Gracias a la adquisici\u00f3n del inmueble, se ahorrar\u00e1n 20 millones de pesos anuales que se pagaban de renta de diversas oficinas. Culiac\u00e1n, Sin. El gobernador Quirino Ordaz Coppel inaugur\u00f3 formalmente el nuevo edificio del Gobierno del Estado, ubicado a un costado del estadio de futbol de Los Dorados, donde se reubicaron varias dependencias estatales, y [&hellip;]","og_url":"https:\/\/fuentesfidedignas.com.mx\/index.php\/2021\/06\/14\/inaugura-quirino-el-nuevo-edificio-de-gobierno-del-estado\/","og_site_name":"Fuentes Fidedignas","article_publisher":"https:\/\/www.facebook.com\/Fuentes-Fidedignas-368234489921644","article_published_time":"2021-06-14T19:22:05+00:00","article_modified_time":"2021-06-14T19:22:07+00:00","og_image":[{"width":1280,"height":853,"url":"https:\/\/fuentesfidedignas.com.mx\/wp-content\/uploads\/2021\/06\/IMG-20210614-WA0024.jpg","type":"image\/jpeg"}],"author":"Redacci\u00f3n","twitter_card":"summary_large_image","twitter_creator":"@fidedignas","twitter_site":"@fidedignas","twitter_misc":{"Escrito por":"Redacci\u00f3n","Tiempo de lectura":"3 minutos"},"schema":{"@context":"https:\/\/schema.org","@graph":[{"@type":"Article","@id":"https:\/\/fuentesfidedignas.com.mx\/index.php\/2021\/06\/14\/inaugura-quirino-el-nuevo-edificio-de-gobierno-del-estado\/#article","isPartOf":{"@id":"https:\/\/fuentesfidedignas.com.mx\/index.php\/2021\/06\/14\/inaugura-quirino-el-nuevo-edificio-de-gobierno-del-estado\/"},"author":{"name":"Redacci\u00f3n","@id":"https:\/\/fuentesfidedignas.com.mx\/#\/schema\/person\/331be9283d37198e2acd5750279085b0"},"headline":"Inaugura Quirino el nuevo edificio de Gobierno del Estado","datePublished":"2021-06-14T19:22:05+00:00","dateModified":"2021-06-14T19:22:07+00:00","mainEntityOfPage":{"@id":"https:\/\/fuentesfidedignas.com.mx\/index.php\/2021\/06\/14\/inaugura-quirino-el-nuevo-edificio-de-gobierno-del-estado\/"},"wordCount":546,"commentCount":0,"publisher":{"@id":"https:\/\/fuentesfidedignas.com.mx\/#organization"},"image":{"@id":"https:\/\/fuentesfidedignas.com.mx\/index.php\/2021\/06\/14\/inaugura-quirino-el-nuevo-edificio-de-gobierno-del-estado\/#primaryimage"},"thumbnailUrl":"https:\/\/fuentesfidedignas.com.mx\/wp-content\/uploads\/2021\/06\/IMG-20210614-WA0024.jpg","articleSection":["NOTA PRINCIPAL"],"inLanguage":"es","potentialAction":[{"@type":"CommentAction","name":"Comment","target":["https:\/\/fuentesfidedignas.com.mx\/index.php\/2021\/06\/14\/inaugura-quirino-el-nuevo-edificio-de-gobierno-del-estado\/#respond"]}]},{"@type":"WebPage","@id":"https:\/\/fuentesfidedignas.com.mx\/index.php\/2021\/06\/14\/inaugura-quirino-el-nuevo-edificio-de-gobierno-del-estado\/","url":"https:\/\/fuentesfidedignas.com.mx\/index.php\/2021\/06\/14\/inaugura-quirino-el-nuevo-edificio-de-gobierno-del-estado\/","name":"Inaugura Quirino el nuevo edificio de Gobierno del Estado - Fuentes Fidedignas","isPartOf":{"@id":"https:\/\/fuentesfidedignas.com.mx\/#website"},"primaryImageOfPage":{"@id":"https:\/\/fuentesfidedignas.com.mx\/index.php\/2021\/06\/14\/inaugura-quirino-el-nuevo-edificio-de-gobierno-del-estado\/#primaryimage"},"image":{"@id":"https:\/\/fuentesfidedignas.com.mx\/index.php\/2021\/06\/14\/inaugura-quirino-el-nuevo-edificio-de-gobierno-del-estado\/#primaryimage"},"thumbnailUrl":"https:\/\/fuentesfidedignas.com.mx\/wp-content\/uploads\/2021\/06\/IMG-20210614-WA0024.jpg","datePublished":"2021-06-14T19:22:05+00:00","dateModified":"2021-06-14T19:22:07+00:00","breadcrumb":{"@id":"https:\/\/fuentesfidedignas.com.mx\/index.php\/2021\/06\/14\/inaugura-quirino-el-nuevo-edificio-de-gobierno-del-estado\/#breadcrumb"},"inLanguage":"es","potentialAction":[{"@type":"ReadAction","target":["https:\/\/fuentesfidedignas.com.mx\/index.php\/2021\/06\/14\/inaugura-quirino-el-nuevo-edificio-de-gobierno-del-estado\/"]}]},{"@type":"ImageObject","inLanguage":"es","@id":"https:\/\/fuentesfidedignas.com.mx\/index.php\/2021\/06\/14\/inaugura-quirino-el-nuevo-edificio-de-gobierno-del-estado\/#primaryimage","url":"https:\/\/fuentesfidedignas.com.mx\/wp-content\/uploads\/2021\/06\/IMG-20210614-WA0024.jpg","contentUrl":"https:\/\/fuentesfidedignas.com.mx\/wp-content\/uploads\/2021\/06\/IMG-20210614-WA0024.jpg","width":1280,"height":853},{"@type":"BreadcrumbList","@id":"https:\/\/fuentesfidedignas.com.mx\/index.php\/2021\/06\/14\/inaugura-quirino-el-nuevo-edificio-de-gobierno-del-estado\/#breadcrumb","itemListElement":[{"@type":"ListItem","position":1,"name":"Inicio","item":"https:\/\/fuentesfidedignas.com.mx\/"},{"@type":"ListItem","position":2,"name":"Inaugura Quirino el nuevo edificio de Gobierno del Estado"}]},{"@type":"WebSite","@id":"https:\/\/fuentesfidedignas.com.mx\/#website","url":"https:\/\/fuentesfidedignas.com.mx\/","name":"Fuentes Fidedignas","description":"Otro sitio realizado con WordPress","publisher":{"@id":"https:\/\/fuentesfidedignas.com.mx\/#organization"},"potentialAction":[{"@type":"SearchAction","target":{"@type":"EntryPoint","urlTemplate":"https:\/\/fuentesfidedignas.com.mx\/?s={search_term_string}"},"query-input":{"@type":"PropertyValueSpecification","valueRequired":true,"valueName":"search_term_string"}}],"inLanguage":"es"},{"@type":"Organization","@id":"https:\/\/fuentesfidedignas.com.mx\/#organization","name":"Fuentes Fidedignas","url":"https:\/\/fuentesfidedignas.com.mx\/","logo":{"@type":"ImageObject","inLanguage":"es","@id":"https:\/\/fuentesfidedignas.com.mx\/#\/schema\/logo\/image\/","url":"https:\/\/fuentesfidedignas.com.mx\/wp-content\/uploads\/2021\/04\/logo-retina.png","contentUrl":"https:\/\/fuentesfidedignas.com.mx\/wp-content\/uploads\/2021\/04\/logo-retina.png","width":280,"height":51,"caption":"Fuentes Fidedignas"},"image":{"@id":"https:\/\/fuentesfidedignas.com.mx\/#\/schema\/logo\/image\/"},"sameAs":["https:\/\/www.facebook.com\/Fuentes-Fidedignas-368234489921644","https:\/\/x.com\/fidedignas"]},{"@type":"Person","@id":"https:\/\/fuentesfidedignas.com.mx\/#\/schema\/person\/331be9283d37198e2acd5750279085b0","name":"Redacci\u00f3n","image":{"@type":"ImageObject","inLanguage":"es","@id":"https:\/\/secure.gravatar.com\/avatar\/f6d8782c11d12b2d4ad3fbb6931aeab5309937a4d6cd2fc9cfaa28a6396a5aec?s=96&d=mm&r=g","url":"https:\/\/secure.gravatar.com\/avatar\/f6d8782c11d12b2d4ad3fbb6931aeab5309937a4d6cd2fc9cfaa28a6396a5aec?s=96&d=mm&r=g","contentUrl":"https:\/\/secure.gravatar.com\/avatar\/f6d8782c11d12b2d4ad3fbb6931aeab5309937a4d6cd2fc9cfaa28a6396a5aec?s=96&d=mm&r=g","caption":"Redacci\u00f3n"},"url":"https:\/\/fuentesfidedignas.com.mx\/index.php\/author\/redaccion\/"}]}},"_links":{"self":[{"href":"https:\/\/fuentesfidedignas.com.mx\/index.php\/wp-json\/wp\/v2\/posts\/5013","targetHints":{"allow":["GET"]}}],"collection":[{"href":"https:\/\/fuentesfidedignas.com.mx\/index.php\/wp-json\/wp\/v2\/posts"}],"about":[{"href":"https:\/\/fuentesfidedignas.com.mx\/index.php\/wp-json\/wp\/v2\/types\/post"}],"author":[{"embeddable":true,"href":"https:\/\/fuentesfidedignas.com.mx\/index.php\/wp-json\/wp\/v2\/users\/4"}],"replies":[{"embeddable":true,"href":"https:\/\/fuentesfidedignas.com.mx\/index.php\/wp-json\/wp\/v2\/comments?post=5013"}],"version-history":[{"count":1,"href":"https:\/\/fuentesfidedignas.com.mx\/index.php\/wp-json\/wp\/v2\/posts\/5013\/revisions"}],"predecessor-version":[{"id":5015,"href":"https:\/\/fuentesfidedignas.com.mx\/index.php\/wp-json\/wp\/v2\/posts\/5013\/revisions\/5015"}],"wp:featuredmedia":[{"embeddable":true,"href":"https:\/\/fuentesfidedignas.com.mx\/index.php\/wp-json\/wp\/v2\/media\/5014"}],"wp:attachment":[{"href":"https:\/\/fuentesfidedignas.com.mx\/index.php\/wp-json\/wp\/v2\/media?parent=5013"}],"wp:term":[{"taxonomy":"category","embeddable":true,"href":"https:\/\/fuentesfidedignas.com.mx\/index.php\/wp-json\/wp\/v2\/categories?post=5013"},{"taxonomy":"post_tag","embeddable":true,"href":"https:\/\/fuentesfidedignas.com.mx\/index.php\/wp-json\/wp\/v2\/tags?post=5013"}],"curies":[{"name":"wp","href":"https:\/\/api.w.org\/{rel}","templated":true}]}}