{"id":501,"date":"2021-04-30T17:14:25","date_gmt":"2021-05-01T00:14:25","guid":{"rendered":"https:\/\/fuentesfidedignas.com.mx\/?p=501"},"modified":"2021-04-30T17:16:57","modified_gmt":"2021-05-01T00:16:57","slug":"asegura-gobernador-de-tamaulipas-que-de-lo-unico-que-lo-pueden-acusar-es-de-no-dejarse-someter","status":"publish","type":"post","link":"https:\/\/fuentesfidedignas.com.mx\/index.php\/2021\/04\/30\/asegura-gobernador-de-tamaulipas-que-de-lo-unico-que-lo-pueden-acusar-es-de-no-dejarse-someter\/","title":{"rendered":"Asegura gobernador de Tamaulipas que de lo \u00fanico que lo pueden acusar es de no dejarse someter"},"content":{"rendered":"\n<p><em><strong>Francisco Garc\u00eda Cabeza de Vaca dijo que su desafuero es un linchamiento orquestado desde del gobierno y advirti\u00f3 que \u201cninguna sentencia a modo, ninguna condena\u201d, le quitar\u00e1n su dignidad para cumplir su mandato hasta el \u00faltimo minuto<\/strong><\/em><\/p>\n\n\n\n<p>Ciudad de M\u00e9xico.- La decisi\u00f3n del gobierno federal sobre el desafuero se ha convertido en un acto &#8220;de odio y venganza&#8221; y &#8220;de lo \u00fanico que me pueden acusar es de no dejarme someter&#8221;,&nbsp;asegur\u00f3 el gobernador de Tamaulipas, Francisco Garc\u00eda Cabeza de Vaca, quien fue desaforado por la C\u00e1mara de Diputados este viernes con&nbsp;302 votos a favor, 134 en contra y 14 abstenciones.<\/p>\n\n\n\n<p>De acuerdo con el dictamen que el pleno cameral erigido en Jurado de Procedencia, Garc\u00eda Cabeza de Vaca consign\u00f3 en su declaraci\u00f3n anual del Impuesto Sobre la Renta (ISR) correspondiente a 2019 ingresos por 6 millones de pesos, cuando en realidad obtuvo 42 millones 936 mil, seg\u00fan la Procuradur\u00eda Fiscal de la Federaci\u00f3n.&nbsp;<\/p>\n\n\n\n<p>&#8220;Hoy se me juzga, pero ma\u00f1ana seremos juzgados por la historia. Imperar\u00e1 la idea de justicia de nuestros predecesores, as\u00ed fijaremos el car\u00e1cter en alto y coraz\u00f3n abierto&#8221;, dijo Garc\u00eda Cabeza de vaca en un video publicado en sus redes sociales, donde reiter\u00f3 que &#8220;no es la ley, sino una capricho que fuera mi destino y mi castigo es no dejarme someter a un gobierno que ante las amenazas pretende imponer sun voluntad&#8221;.&nbsp;<\/p>\n\n\n\n<p>El mandatario local asegur\u00f3 que s\u00f3lo el Congreso de Tamaulipas podr\u00e1 decidir sobre el desafuero, y acus\u00f3 al gobierno de Andr\u00e9s Manuel L\u00f3pez Obrador de &#8220;fabricar delitos&#8221; en su contra, reiterando que es una &#8220;venganza pol\u00edtica&#8221; por &#8220;pensar diferente&#8221; al gobierno.<\/p>\n\n\n\n<p>&#8220;La&nbsp;C\u00e1mara&nbsp; de Diputados no puede quitar a un funcionar local, s\u00f3lo el Congreso local (puede destituirme), emana de de la soberan\u00eda&nbsp;nacional, de los estados que integran las federaci\u00f3n&#8221;, dijo Cabeza de vaca, reiterando que \u00e9l no viol\u00f3 la ley.<\/p>\n\n\n\n<p>&#8220;En el pa\u00eds de la restauraci\u00f3n presidencialista [&#8230;] para quien est\u00e1 pensando distinto como enemigos del Estado&#8221;. a\u00f1ade Cabeza de Vaca, reiterando que la Unidad de Inteligencia Financiera (UIF) le est\u00e1 fabricando delitos en su contra.&nbsp;<\/p>\n","protected":false},"excerpt":{"rendered":"<p>Francisco Garc\u00eda Cabeza de Vaca dijo que su desafuero es un linchamiento orquestado desde del gobierno y advirti\u00f3 que \u201cninguna sentencia a modo, ninguna condena\u201d, le quitar\u00e1n su dignidad para cumplir su mandato hasta el \u00faltimo minuto Ciudad de M\u00e9xico.- La decisi\u00f3n del gobierno federal sobre el desafuero se ha convertido en un acto &#8220;de [&hellip;]<\/p>\n","protected":false},"author":9,"featured_media":502,"comment_status":"open","ping_status":"open","sticky":false,"template":"","format":"standard","meta":{"tdm_status":"","tdm_grid_status":"","footnotes":""},"categories":[39],"tags":[56,57,53,55,43,54],"class_list":{"0":"post-501","1":"post","2":"type-post","3":"status-publish","4":"format-standard","5":"has-post-thumbnail","7":"category-noticias-nacionales","8":"tag-cabeza-de-vaca","9":"tag-conflicto","10":"tag-desafuero","11":"tag-gobernador","12":"tag-politica","13":"tag-tamaulipas"},"yoast_head":"<!-- This site is optimized with the Yoast SEO plugin v27.5 - https:\/\/yoast.com\/product\/yoast-seo-wordpress\/ -->\n<title>Asegura gobernador de Tamaulipas que de lo \u00fanico que lo pueden acusar es de no dejarse someter - Fuentes Fidedignas<\/title>\n<meta name=\"robots\" content=\"index, follow, max-snippet:-1, max-image-preview:large, max-video-preview:-1\" \/>\n<link rel=\"canonical\" href=\"https:\/\/fuentesfidedignas.com.mx\/index.php\/2021\/04\/30\/asegura-gobernador-de-tamaulipas-que-de-lo-unico-que-lo-pueden-acusar-es-de-no-dejarse-someter\/\" \/>\n<meta property=\"og:locale\" content=\"es_MX\" \/>\n<meta property=\"og:type\" content=\"article\" \/>\n<meta property=\"og:title\" content=\"Asegura gobernador de Tamaulipas que de lo \u00fanico que lo pueden acusar es de no dejarse someter - Fuentes Fidedignas\" \/>\n<meta property=\"og:description\" content=\"Francisco Garc\u00eda Cabeza de Vaca dijo que su desafuero es un linchamiento orquestado desde del gobierno y advirti\u00f3 que \u201cninguna sentencia a modo, ninguna condena\u201d, le quitar\u00e1n su dignidad para cumplir su mandato hasta el \u00faltimo minuto Ciudad de M\u00e9xico.- La decisi\u00f3n del gobierno federal sobre el desafuero se ha convertido en un acto &#8220;de [&hellip;]\" \/>\n<meta property=\"og:url\" content=\"https:\/\/fuentesfidedignas.com.mx\/index.php\/2021\/04\/30\/asegura-gobernador-de-tamaulipas-que-de-lo-unico-que-lo-pueden-acusar-es-de-no-dejarse-someter\/\" \/>\n<meta property=\"og:site_name\" content=\"Fuentes Fidedignas\" \/>\n<meta property=\"article:publisher\" content=\"https:\/\/www.facebook.com\/Fuentes-Fidedignas-368234489921644\" \/>\n<meta property=\"article:published_time\" content=\"2021-05-01T00:14:25+00:00\" \/>\n<meta property=\"article:modified_time\" content=\"2021-05-01T00:16:57+00:00\" \/>\n<meta property=\"og:image\" content=\"https:\/\/fuentesfidedignas.com.mx\/wp-content\/uploads\/2021\/04\/cabeza_de_vaca.jpg\" \/>\n\t<meta property=\"og:image:width\" content=\"1201\" \/>\n\t<meta property=\"og:image:height\" content=\"740\" \/>\n\t<meta property=\"og:image:type\" content=\"image\/jpeg\" \/>\n<meta name=\"author\" content=\"Milenio\" \/>\n<meta name=\"twitter:card\" content=\"summary_large_image\" \/>\n<meta name=\"twitter:creator\" content=\"@fidedignas\" \/>\n<meta name=\"twitter:site\" content=\"@fidedignas\" \/>\n<meta name=\"twitter:label1\" content=\"Escrito por\" \/>\n\t<meta name=\"twitter:data1\" content=\"Milenio\" \/>\n\t<meta name=\"twitter:label2\" content=\"Tiempo de lectura\" \/>\n\t<meta name=\"twitter:data2\" content=\"2 minutos\" \/>\n<script type=\"application\/ld+json\" class=\"yoast-schema-graph\">{\"@context\":\"https:\\\/\\\/schema.org\",\"@graph\":[{\"@type\":\"Article\",\"@id\":\"https:\\\/\\\/fuentesfidedignas.com.mx\\\/index.php\\\/2021\\\/04\\\/30\\\/asegura-gobernador-de-tamaulipas-que-de-lo-unico-que-lo-pueden-acusar-es-de-no-dejarse-someter\\\/#article\",\"isPartOf\":{\"@id\":\"https:\\\/\\\/fuentesfidedignas.com.mx\\\/index.php\\\/2021\\\/04\\\/30\\\/asegura-gobernador-de-tamaulipas-que-de-lo-unico-que-lo-pueden-acusar-es-de-no-dejarse-someter\\\/\"},\"author\":{\"name\":\"Milenio\",\"@id\":\"https:\\\/\\\/fuentesfidedignas.com.mx\\\/#\\\/schema\\\/person\\\/47ec0135738f4b0c7495f06a77a2c976\"},\"headline\":\"Asegura gobernador de Tamaulipas que de lo \u00fanico que lo pueden acusar es de no dejarse someter\",\"datePublished\":\"2021-05-01T00:14:25+00:00\",\"dateModified\":\"2021-05-01T00:16:57+00:00\",\"mainEntityOfPage\":{\"@id\":\"https:\\\/\\\/fuentesfidedignas.com.mx\\\/index.php\\\/2021\\\/04\\\/30\\\/asegura-gobernador-de-tamaulipas-que-de-lo-unico-que-lo-pueden-acusar-es-de-no-dejarse-someter\\\/\"},\"wordCount\":390,\"commentCount\":0,\"publisher\":{\"@id\":\"https:\\\/\\\/fuentesfidedignas.com.mx\\\/#organization\"},\"image\":{\"@id\":\"https:\\\/\\\/fuentesfidedignas.com.mx\\\/index.php\\\/2021\\\/04\\\/30\\\/asegura-gobernador-de-tamaulipas-que-de-lo-unico-que-lo-pueden-acusar-es-de-no-dejarse-someter\\\/#primaryimage\"},\"thumbnailUrl\":\"https:\\\/\\\/fuentesfidedignas.com.mx\\\/wp-content\\\/uploads\\\/2021\\\/04\\\/cabeza_de_vaca.jpg\",\"keywords\":[\"Cabeza de Vaca\",\"Conflicto\",\"Desafuero\",\"Gobernador\",\"pol\u00edtica\",\"Tamaulipas\"],\"articleSection\":[\"NOTICIAS NACIONALES\"],\"inLanguage\":\"es\",\"potentialAction\":[{\"@type\":\"CommentAction\",\"name\":\"Comment\",\"target\":[\"https:\\\/\\\/fuentesfidedignas.com.mx\\\/index.php\\\/2021\\\/04\\\/30\\\/asegura-gobernador-de-tamaulipas-que-de-lo-unico-que-lo-pueden-acusar-es-de-no-dejarse-someter\\\/#respond\"]}]},{\"@type\":\"WebPage\",\"@id\":\"https:\\\/\\\/fuentesfidedignas.com.mx\\\/index.php\\\/2021\\\/04\\\/30\\\/asegura-gobernador-de-tamaulipas-que-de-lo-unico-que-lo-pueden-acusar-es-de-no-dejarse-someter\\\/\",\"url\":\"https:\\\/\\\/fuentesfidedignas.com.mx\\\/index.php\\\/2021\\\/04\\\/30\\\/asegura-gobernador-de-tamaulipas-que-de-lo-unico-que-lo-pueden-acusar-es-de-no-dejarse-someter\\\/\",\"name\":\"Asegura gobernador de Tamaulipas que de lo \u00fanico que lo pueden acusar es de no dejarse someter - Fuentes Fidedignas\",\"isPartOf\":{\"@id\":\"https:\\\/\\\/fuentesfidedignas.com.mx\\\/#website\"},\"primaryImageOfPage\":{\"@id\":\"https:\\\/\\\/fuentesfidedignas.com.mx\\\/index.php\\\/2021\\\/04\\\/30\\\/asegura-gobernador-de-tamaulipas-que-de-lo-unico-que-lo-pueden-acusar-es-de-no-dejarse-someter\\\/#primaryimage\"},\"image\":{\"@id\":\"https:\\\/\\\/fuentesfidedignas.com.mx\\\/index.php\\\/2021\\\/04\\\/30\\\/asegura-gobernador-de-tamaulipas-que-de-lo-unico-que-lo-pueden-acusar-es-de-no-dejarse-someter\\\/#primaryimage\"},\"thumbnailUrl\":\"https:\\\/\\\/fuentesfidedignas.com.mx\\\/wp-content\\\/uploads\\\/2021\\\/04\\\/cabeza_de_vaca.jpg\",\"datePublished\":\"2021-05-01T00:14:25+00:00\",\"dateModified\":\"2021-05-01T00:16:57+00:00\",\"breadcrumb\":{\"@id\":\"https:\\\/\\\/fuentesfidedignas.com.mx\\\/index.php\\\/2021\\\/04\\\/30\\\/asegura-gobernador-de-tamaulipas-que-de-lo-unico-que-lo-pueden-acusar-es-de-no-dejarse-someter\\\/#breadcrumb\"},\"inLanguage\":\"es\",\"potentialAction\":[{\"@type\":\"ReadAction\",\"target\":[\"https:\\\/\\\/fuentesfidedignas.com.mx\\\/index.php\\\/2021\\\/04\\\/30\\\/asegura-gobernador-de-tamaulipas-que-de-lo-unico-que-lo-pueden-acusar-es-de-no-dejarse-someter\\\/\"]}]},{\"@type\":\"ImageObject\",\"inLanguage\":\"es\",\"@id\":\"https:\\\/\\\/fuentesfidedignas.com.mx\\\/index.php\\\/2021\\\/04\\\/30\\\/asegura-gobernador-de-tamaulipas-que-de-lo-unico-que-lo-pueden-acusar-es-de-no-dejarse-someter\\\/#primaryimage\",\"url\":\"https:\\\/\\\/fuentesfidedignas.com.mx\\\/wp-content\\\/uploads\\\/2021\\\/04\\\/cabeza_de_vaca.jpg\",\"contentUrl\":\"https:\\\/\\\/fuentesfidedignas.com.mx\\\/wp-content\\\/uploads\\\/2021\\\/04\\\/cabeza_de_vaca.jpg\",\"width\":1201,\"height\":740},{\"@type\":\"BreadcrumbList\",\"@id\":\"https:\\\/\\\/fuentesfidedignas.com.mx\\\/index.php\\\/2021\\\/04\\\/30\\\/asegura-gobernador-de-tamaulipas-que-de-lo-unico-que-lo-pueden-acusar-es-de-no-dejarse-someter\\\/#breadcrumb\",\"itemListElement\":[{\"@type\":\"ListItem\",\"position\":1,\"name\":\"Inicio\",\"item\":\"https:\\\/\\\/fuentesfidedignas.com.mx\\\/\"},{\"@type\":\"ListItem\",\"position\":2,\"name\":\"Asegura gobernador de Tamaulipas que de lo \u00fanico que lo pueden acusar es de no dejarse someter\"}]},{\"@type\":\"WebSite\",\"@id\":\"https:\\\/\\\/fuentesfidedignas.com.mx\\\/#website\",\"url\":\"https:\\\/\\\/fuentesfidedignas.com.mx\\\/\",\"name\":\"Fuentes Fidedignas\",\"description\":\"Otro sitio realizado con WordPress\",\"publisher\":{\"@id\":\"https:\\\/\\\/fuentesfidedignas.com.mx\\\/#organization\"},\"potentialAction\":[{\"@type\":\"SearchAction\",\"target\":{\"@type\":\"EntryPoint\",\"urlTemplate\":\"https:\\\/\\\/fuentesfidedignas.com.mx\\\/?s={search_term_string}\"},\"query-input\":{\"@type\":\"PropertyValueSpecification\",\"valueRequired\":true,\"valueName\":\"search_term_string\"}}],\"inLanguage\":\"es\"},{\"@type\":\"Organization\",\"@id\":\"https:\\\/\\\/fuentesfidedignas.com.mx\\\/#organization\",\"name\":\"Fuentes Fidedignas\",\"url\":\"https:\\\/\\\/fuentesfidedignas.com.mx\\\/\",\"logo\":{\"@type\":\"ImageObject\",\"inLanguage\":\"es\",\"@id\":\"https:\\\/\\\/fuentesfidedignas.com.mx\\\/#\\\/schema\\\/logo\\\/image\\\/\",\"url\":\"https:\\\/\\\/fuentesfidedignas.com.mx\\\/wp-content\\\/uploads\\\/2021\\\/04\\\/logo-retina.png\",\"contentUrl\":\"https:\\\/\\\/fuentesfidedignas.com.mx\\\/wp-content\\\/uploads\\\/2021\\\/04\\\/logo-retina.png\",\"width\":280,\"height\":51,\"caption\":\"Fuentes Fidedignas\"},\"image\":{\"@id\":\"https:\\\/\\\/fuentesfidedignas.com.mx\\\/#\\\/schema\\\/logo\\\/image\\\/\"},\"sameAs\":[\"https:\\\/\\\/www.facebook.com\\\/Fuentes-Fidedignas-368234489921644\",\"https:\\\/\\\/x.com\\\/fidedignas\"]},{\"@type\":\"Person\",\"@id\":\"https:\\\/\\\/fuentesfidedignas.com.mx\\\/#\\\/schema\\\/person\\\/47ec0135738f4b0c7495f06a77a2c976\",\"name\":\"Milenio\",\"image\":{\"@type\":\"ImageObject\",\"inLanguage\":\"es\",\"@id\":\"https:\\\/\\\/secure.gravatar.com\\\/avatar\\\/acabf7b54753e51c2c76457954577c236b3b764789b19879565769739d1e4a75?s=96&d=mm&r=g\",\"url\":\"https:\\\/\\\/secure.gravatar.com\\\/avatar\\\/acabf7b54753e51c2c76457954577c236b3b764789b19879565769739d1e4a75?s=96&d=mm&r=g\",\"contentUrl\":\"https:\\\/\\\/secure.gravatar.com\\\/avatar\\\/acabf7b54753e51c2c76457954577c236b3b764789b19879565769739d1e4a75?s=96&d=mm&r=g\",\"caption\":\"Milenio\"},\"url\":\"https:\\\/\\\/fuentesfidedignas.com.mx\\\/index.php\\\/author\\\/milenio\\\/\"}]}<\/script>\n<!-- \/ Yoast SEO plugin. -->","yoast_head_json":{"title":"Asegura gobernador de Tamaulipas que de lo \u00fanico que lo pueden acusar es de no dejarse someter - Fuentes Fidedignas","robots":{"index":"index","follow":"follow","max-snippet":"max-snippet:-1","max-image-preview":"max-image-preview:large","max-video-preview":"max-video-preview:-1"},"canonical":"https:\/\/fuentesfidedignas.com.mx\/index.php\/2021\/04\/30\/asegura-gobernador-de-tamaulipas-que-de-lo-unico-que-lo-pueden-acusar-es-de-no-dejarse-someter\/","og_locale":"es_MX","og_type":"article","og_title":"Asegura gobernador de Tamaulipas que de lo \u00fanico que lo pueden acusar es de no dejarse someter - Fuentes Fidedignas","og_description":"Francisco Garc\u00eda Cabeza de Vaca dijo que su desafuero es un linchamiento orquestado desde del gobierno y advirti\u00f3 que \u201cninguna sentencia a modo, ninguna condena\u201d, le quitar\u00e1n su dignidad para cumplir su mandato hasta el \u00faltimo minuto Ciudad de M\u00e9xico.- La decisi\u00f3n del gobierno federal sobre el desafuero se ha convertido en un acto &#8220;de [&hellip;]","og_url":"https:\/\/fuentesfidedignas.com.mx\/index.php\/2021\/04\/30\/asegura-gobernador-de-tamaulipas-que-de-lo-unico-que-lo-pueden-acusar-es-de-no-dejarse-someter\/","og_site_name":"Fuentes Fidedignas","article_publisher":"https:\/\/www.facebook.com\/Fuentes-Fidedignas-368234489921644","article_published_time":"2021-05-01T00:14:25+00:00","article_modified_time":"2021-05-01T00:16:57+00:00","og_image":[{"width":1201,"height":740,"url":"https:\/\/fuentesfidedignas.com.mx\/wp-content\/uploads\/2021\/04\/cabeza_de_vaca.jpg","type":"image\/jpeg"}],"author":"Milenio","twitter_card":"summary_large_image","twitter_creator":"@fidedignas","twitter_site":"@fidedignas","twitter_misc":{"Escrito por":"Milenio","Tiempo de lectura":"2 minutos"},"schema":{"@context":"https:\/\/schema.org","@graph":[{"@type":"Article","@id":"https:\/\/fuentesfidedignas.com.mx\/index.php\/2021\/04\/30\/asegura-gobernador-de-tamaulipas-que-de-lo-unico-que-lo-pueden-acusar-es-de-no-dejarse-someter\/#article","isPartOf":{"@id":"https:\/\/fuentesfidedignas.com.mx\/index.php\/2021\/04\/30\/asegura-gobernador-de-tamaulipas-que-de-lo-unico-que-lo-pueden-acusar-es-de-no-dejarse-someter\/"},"author":{"name":"Milenio","@id":"https:\/\/fuentesfidedignas.com.mx\/#\/schema\/person\/47ec0135738f4b0c7495f06a77a2c976"},"headline":"Asegura gobernador de Tamaulipas que de lo \u00fanico que lo pueden acusar es de no dejarse someter","datePublished":"2021-05-01T00:14:25+00:00","dateModified":"2021-05-01T00:16:57+00:00","mainEntityOfPage":{"@id":"https:\/\/fuentesfidedignas.com.mx\/index.php\/2021\/04\/30\/asegura-gobernador-de-tamaulipas-que-de-lo-unico-que-lo-pueden-acusar-es-de-no-dejarse-someter\/"},"wordCount":390,"commentCount":0,"publisher":{"@id":"https:\/\/fuentesfidedignas.com.mx\/#organization"},"image":{"@id":"https:\/\/fuentesfidedignas.com.mx\/index.php\/2021\/04\/30\/asegura-gobernador-de-tamaulipas-que-de-lo-unico-que-lo-pueden-acusar-es-de-no-dejarse-someter\/#primaryimage"},"thumbnailUrl":"https:\/\/fuentesfidedignas.com.mx\/wp-content\/uploads\/2021\/04\/cabeza_de_vaca.jpg","keywords":["Cabeza de Vaca","Conflicto","Desafuero","Gobernador","pol\u00edtica","Tamaulipas"],"articleSection":["NOTICIAS NACIONALES"],"inLanguage":"es","potentialAction":[{"@type":"CommentAction","name":"Comment","target":["https:\/\/fuentesfidedignas.com.mx\/index.php\/2021\/04\/30\/asegura-gobernador-de-tamaulipas-que-de-lo-unico-que-lo-pueden-acusar-es-de-no-dejarse-someter\/#respond"]}]},{"@type":"WebPage","@id":"https:\/\/fuentesfidedignas.com.mx\/index.php\/2021\/04\/30\/asegura-gobernador-de-tamaulipas-que-de-lo-unico-que-lo-pueden-acusar-es-de-no-dejarse-someter\/","url":"https:\/\/fuentesfidedignas.com.mx\/index.php\/2021\/04\/30\/asegura-gobernador-de-tamaulipas-que-de-lo-unico-que-lo-pueden-acusar-es-de-no-dejarse-someter\/","name":"Asegura gobernador de Tamaulipas que de lo \u00fanico que lo pueden acusar es de no dejarse someter - Fuentes Fidedignas","isPartOf":{"@id":"https:\/\/fuentesfidedignas.com.mx\/#website"},"primaryImageOfPage":{"@id":"https:\/\/fuentesfidedignas.com.mx\/index.php\/2021\/04\/30\/asegura-gobernador-de-tamaulipas-que-de-lo-unico-que-lo-pueden-acusar-es-de-no-dejarse-someter\/#primaryimage"},"image":{"@id":"https:\/\/fuentesfidedignas.com.mx\/index.php\/2021\/04\/30\/asegura-gobernador-de-tamaulipas-que-de-lo-unico-que-lo-pueden-acusar-es-de-no-dejarse-someter\/#primaryimage"},"thumbnailUrl":"https:\/\/fuentesfidedignas.com.mx\/wp-content\/uploads\/2021\/04\/cabeza_de_vaca.jpg","datePublished":"2021-05-01T00:14:25+00:00","dateModified":"2021-05-01T00:16:57+00:00","breadcrumb":{"@id":"https:\/\/fuentesfidedignas.com.mx\/index.php\/2021\/04\/30\/asegura-gobernador-de-tamaulipas-que-de-lo-unico-que-lo-pueden-acusar-es-de-no-dejarse-someter\/#breadcrumb"},"inLanguage":"es","potentialAction":[{"@type":"ReadAction","target":["https:\/\/fuentesfidedignas.com.mx\/index.php\/2021\/04\/30\/asegura-gobernador-de-tamaulipas-que-de-lo-unico-que-lo-pueden-acusar-es-de-no-dejarse-someter\/"]}]},{"@type":"ImageObject","inLanguage":"es","@id":"https:\/\/fuentesfidedignas.com.mx\/index.php\/2021\/04\/30\/asegura-gobernador-de-tamaulipas-que-de-lo-unico-que-lo-pueden-acusar-es-de-no-dejarse-someter\/#primaryimage","url":"https:\/\/fuentesfidedignas.com.mx\/wp-content\/uploads\/2021\/04\/cabeza_de_vaca.jpg","contentUrl":"https:\/\/fuentesfidedignas.com.mx\/wp-content\/uploads\/2021\/04\/cabeza_de_vaca.jpg","width":1201,"height":740},{"@type":"BreadcrumbList","@id":"https:\/\/fuentesfidedignas.com.mx\/index.php\/2021\/04\/30\/asegura-gobernador-de-tamaulipas-que-de-lo-unico-que-lo-pueden-acusar-es-de-no-dejarse-someter\/#breadcrumb","itemListElement":[{"@type":"ListItem","position":1,"name":"Inicio","item":"https:\/\/fuentesfidedignas.com.mx\/"},{"@type":"ListItem","position":2,"name":"Asegura gobernador de Tamaulipas que de lo \u00fanico que lo pueden acusar es de no dejarse someter"}]},{"@type":"WebSite","@id":"https:\/\/fuentesfidedignas.com.mx\/#website","url":"https:\/\/fuentesfidedignas.com.mx\/","name":"Fuentes Fidedignas","description":"Otro sitio realizado con WordPress","publisher":{"@id":"https:\/\/fuentesfidedignas.com.mx\/#organization"},"potentialAction":[{"@type":"SearchAction","target":{"@type":"EntryPoint","urlTemplate":"https:\/\/fuentesfidedignas.com.mx\/?s={search_term_string}"},"query-input":{"@type":"PropertyValueSpecification","valueRequired":true,"valueName":"search_term_string"}}],"inLanguage":"es"},{"@type":"Organization","@id":"https:\/\/fuentesfidedignas.com.mx\/#organization","name":"Fuentes Fidedignas","url":"https:\/\/fuentesfidedignas.com.mx\/","logo":{"@type":"ImageObject","inLanguage":"es","@id":"https:\/\/fuentesfidedignas.com.mx\/#\/schema\/logo\/image\/","url":"https:\/\/fuentesfidedignas.com.mx\/wp-content\/uploads\/2021\/04\/logo-retina.png","contentUrl":"https:\/\/fuentesfidedignas.com.mx\/wp-content\/uploads\/2021\/04\/logo-retina.png","width":280,"height":51,"caption":"Fuentes Fidedignas"},"image":{"@id":"https:\/\/fuentesfidedignas.com.mx\/#\/schema\/logo\/image\/"},"sameAs":["https:\/\/www.facebook.com\/Fuentes-Fidedignas-368234489921644","https:\/\/x.com\/fidedignas"]},{"@type":"Person","@id":"https:\/\/fuentesfidedignas.com.mx\/#\/schema\/person\/47ec0135738f4b0c7495f06a77a2c976","name":"Milenio","image":{"@type":"ImageObject","inLanguage":"es","@id":"https:\/\/secure.gravatar.com\/avatar\/acabf7b54753e51c2c76457954577c236b3b764789b19879565769739d1e4a75?s=96&d=mm&r=g","url":"https:\/\/secure.gravatar.com\/avatar\/acabf7b54753e51c2c76457954577c236b3b764789b19879565769739d1e4a75?s=96&d=mm&r=g","contentUrl":"https:\/\/secure.gravatar.com\/avatar\/acabf7b54753e51c2c76457954577c236b3b764789b19879565769739d1e4a75?s=96&d=mm&r=g","caption":"Milenio"},"url":"https:\/\/fuentesfidedignas.com.mx\/index.php\/author\/milenio\/"}]}},"_links":{"self":[{"href":"https:\/\/fuentesfidedignas.com.mx\/index.php\/wp-json\/wp\/v2\/posts\/501","targetHints":{"allow":["GET"]}}],"collection":[{"href":"https:\/\/fuentesfidedignas.com.mx\/index.php\/wp-json\/wp\/v2\/posts"}],"about":[{"href":"https:\/\/fuentesfidedignas.com.mx\/index.php\/wp-json\/wp\/v2\/types\/post"}],"author":[{"embeddable":true,"href":"https:\/\/fuentesfidedignas.com.mx\/index.php\/wp-json\/wp\/v2\/users\/9"}],"replies":[{"embeddable":true,"href":"https:\/\/fuentesfidedignas.com.mx\/index.php\/wp-json\/wp\/v2\/comments?post=501"}],"version-history":[{"count":1,"href":"https:\/\/fuentesfidedignas.com.mx\/index.php\/wp-json\/wp\/v2\/posts\/501\/revisions"}],"predecessor-version":[{"id":503,"href":"https:\/\/fuentesfidedignas.com.mx\/index.php\/wp-json\/wp\/v2\/posts\/501\/revisions\/503"}],"wp:featuredmedia":[{"embeddable":true,"href":"https:\/\/fuentesfidedignas.com.mx\/index.php\/wp-json\/wp\/v2\/media\/502"}],"wp:attachment":[{"href":"https:\/\/fuentesfidedignas.com.mx\/index.php\/wp-json\/wp\/v2\/media?parent=501"}],"wp:term":[{"taxonomy":"category","embeddable":true,"href":"https:\/\/fuentesfidedignas.com.mx\/index.php\/wp-json\/wp\/v2\/categories?post=501"},{"taxonomy":"post_tag","embeddable":true,"href":"https:\/\/fuentesfidedignas.com.mx\/index.php\/wp-json\/wp\/v2\/tags?post=501"}],"curies":[{"name":"wp","href":"https:\/\/api.w.org\/{rel}","templated":true}]}}