{"id":50057,"date":"2023-06-15T14:13:58","date_gmt":"2023-06-15T21:13:58","guid":{"rendered":"https:\/\/fuentesfidedignas.com.mx\/?p=50057"},"modified":"2023-06-16T10:08:21","modified_gmt":"2023-06-16T17:08:21","slug":"respaldo-total-a-rocha-en-tema-del-maiz-incluso-si-decide-ir-a-manifestacion-feliciano-castro","status":"publish","type":"post","link":"https:\/\/fuentesfidedignas.com.mx\/index.php\/2023\/06\/15\/respaldo-total-a-rocha-en-tema-del-maiz-incluso-si-decide-ir-a-manifestacion-feliciano-castro\/","title":{"rendered":"Respaldo total a Rocha en tema del ma\u00edz, incluso si decide ir a manifestaci\u00f3n: Feliciano Castro"},"content":{"rendered":"\n<p><strong><em>&#8220;Es el di\u00e1logo, el camino y la ruta a seguir&#8221;, indic\u00f3 el presidente de la JUCOPO<\/em><\/strong><\/p>\n\n\n\n<p>Culiac\u00e1n, Sin.- Respaldo absoluto a la pol\u00edtica y postura del gobernador Rocha Moya sobre la comercializaci\u00f3n de granos, cualquiera que sea la decisi\u00f3n del mandatario para resolver la problem\u00e1tica contar\u00e1 con mi apoyo, incluso si llam\u00f3 a manifestarse contra industriales, afirm\u00f3 el presidente de la Junta de Coordinaci\u00f3n Pol\u00edtica, <strong>Feliciano Castro Mel\u00e9ndez<\/strong>.<\/p>\n\n\n\n<p>&#8220;Por supuesto que estamos en las definiciones que adopte el gobernador Rub\u00e9n Rocha Moya. La mesa de di\u00e1logo marcar\u00e1 las rutas espec\u00edficas, a eso le apostamos: a la gesti\u00f3n atinada, comprometida y solidaria que el gobernador ha venido emprendiendo. Nosotros respaldamos y asumimos plenamente las definiciones del gobernador&#8221;, a\u00f1adi\u00f3.<\/p>\n\n\n\n<p><strong>&#8220;Es el di\u00e1logo, el camino y la ruta a seguir&#8221;<\/strong>, por eso celebro la pol\u00edtica del presidente Andr\u00e9s Manuel L\u00f3pez Obrador para no hacer uso de fuerzas represivas ante las manifestaciones de los agricultores sinaloenses, afirm\u00f3 el diputado.<\/p>\n\n\n\n<p>El legislador morenista celebr\u00f3 la decisi\u00f3n de las decenas de productores para dejar las instalaciones del Aeropuerto de Culiac\u00e1n para reunirse con el gobernador Rub\u00e9n Rocha.<\/p>\n\n\n\n<p>&#8220;<strong>Le asiste el derecho a la gente de buscar las formas de lucha que juzguen pertinentes. Sin embargo, la formas de lucha deben garantizar el respeto al derecho de terceros, por lo tanto con la toma del aeropuerto se atent\u00f3 contra terceros y se vulnera el Estado de Derech<\/strong>o&#8221;, asever\u00f3 Castro Mel\u00e9ndrez.<\/p>\n\n\n\n<iframe loading=\"lazy\" src=\"https:\/\/www.facebook.com\/plugins\/video.php?height=314&#038;href=https%3A%2F%2Fweb.facebook.com%2F100050497569358%2Fvideos%2F1714277292324241%2F&#038;show_text=false&#038;width=560&#038;t=0\" width=\"560\" height=\"314\" style=\"border:none;overflow:hidden\" scrolling=\"no\" frameborder=\"0\" allowfullscreen=\"true\" allow=\"autoplay; clipboard-write; encrypted-media; picture-in-picture; web-share\" allowFullScreen=\"true\"><\/iframe>\n","protected":false},"excerpt":{"rendered":"<p>&#8220;Es el di\u00e1logo, el camino y la ruta a seguir&#8221;, indic\u00f3 el presidente de la JUCOPO Culiac\u00e1n, Sin.- Respaldo absoluto a la pol\u00edtica y postura del gobernador Rocha Moya sobre la comercializaci\u00f3n de granos, cualquiera que sea la decisi\u00f3n del mandatario para resolver la problem\u00e1tica contar\u00e1 con mi apoyo, incluso si llam\u00f3 a manifestarse contra [&hellip;]<\/p>\n","protected":false},"author":11,"featured_media":50058,"comment_status":"open","ping_status":"open","sticky":false,"template":"","format":"standard","meta":{"tdm_status":"","tdm_grid_status":"","footnotes":""},"categories":[38],"tags":[],"class_list":{"0":"post-50057","1":"post","2":"type-post","3":"status-publish","4":"format-standard","5":"has-post-thumbnail","7":"category-noticias-locales"},"yoast_head":"<!-- This site is optimized with the Yoast SEO plugin v27.4 - https:\/\/yoast.com\/product\/yoast-seo-wordpress\/ -->\n<title>Respaldo total a Rocha en tema del ma\u00edz, incluso si decide ir a manifestaci\u00f3n: Feliciano Castro - Fuentes Fidedignas<\/title>\n<meta name=\"robots\" content=\"index, follow, max-snippet:-1, max-image-preview:large, max-video-preview:-1\" \/>\n<link rel=\"canonical\" href=\"https:\/\/fuentesfidedignas.com.mx\/index.php\/2023\/06\/15\/respaldo-total-a-rocha-en-tema-del-maiz-incluso-si-decide-ir-a-manifestacion-feliciano-castro\/\" \/>\n<meta property=\"og:locale\" content=\"es_MX\" \/>\n<meta property=\"og:type\" content=\"article\" \/>\n<meta property=\"og:title\" content=\"Respaldo total a Rocha en tema del ma\u00edz, incluso si decide ir a manifestaci\u00f3n: Feliciano Castro - Fuentes Fidedignas\" \/>\n<meta property=\"og:description\" content=\"&#8220;Es el di\u00e1logo, el camino y la ruta a seguir&#8221;, indic\u00f3 el presidente de la JUCOPO Culiac\u00e1n, Sin.- Respaldo absoluto a la pol\u00edtica y postura del gobernador Rocha Moya sobre la comercializaci\u00f3n de granos, cualquiera que sea la decisi\u00f3n del mandatario para resolver la problem\u00e1tica contar\u00e1 con mi apoyo, incluso si llam\u00f3 a manifestarse contra [&hellip;]\" \/>\n<meta property=\"og:url\" content=\"https:\/\/fuentesfidedignas.com.mx\/index.php\/2023\/06\/15\/respaldo-total-a-rocha-en-tema-del-maiz-incluso-si-decide-ir-a-manifestacion-feliciano-castro\/\" \/>\n<meta property=\"og:site_name\" content=\"Fuentes Fidedignas\" \/>\n<meta property=\"article:publisher\" content=\"https:\/\/www.facebook.com\/Fuentes-Fidedignas-368234489921644\" \/>\n<meta property=\"article:published_time\" content=\"2023-06-15T21:13:58+00:00\" \/>\n<meta property=\"article:modified_time\" content=\"2023-06-16T17:08:21+00:00\" \/>\n<meta property=\"og:image\" content=\"https:\/\/fuentesfidedignas.com.mx\/wp-content\/uploads\/2023\/06\/feliciano-15-06-23.jpg\" \/>\n\t<meta property=\"og:image:width\" content=\"600\" \/>\n\t<meta property=\"og:image:height\" content=\"400\" \/>\n\t<meta property=\"og:image:type\" content=\"image\/jpeg\" \/>\n<meta name=\"author\" content=\"Marissa Palafox\" \/>\n<meta name=\"twitter:card\" content=\"summary_large_image\" \/>\n<meta name=\"twitter:creator\" content=\"@fidedignas\" \/>\n<meta name=\"twitter:site\" content=\"@fidedignas\" \/>\n<meta name=\"twitter:label1\" content=\"Escrito por\" \/>\n\t<meta name=\"twitter:data1\" content=\"Marissa Palafox\" \/>\n\t<meta name=\"twitter:label2\" content=\"Tiempo de lectura\" \/>\n\t<meta name=\"twitter:data2\" content=\"2 minutos\" \/>\n<script type=\"application\/ld+json\" class=\"yoast-schema-graph\">{\"@context\":\"https:\\\/\\\/schema.org\",\"@graph\":[{\"@type\":\"Article\",\"@id\":\"https:\\\/\\\/fuentesfidedignas.com.mx\\\/index.php\\\/2023\\\/06\\\/15\\\/respaldo-total-a-rocha-en-tema-del-maiz-incluso-si-decide-ir-a-manifestacion-feliciano-castro\\\/#article\",\"isPartOf\":{\"@id\":\"https:\\\/\\\/fuentesfidedignas.com.mx\\\/index.php\\\/2023\\\/06\\\/15\\\/respaldo-total-a-rocha-en-tema-del-maiz-incluso-si-decide-ir-a-manifestacion-feliciano-castro\\\/\"},\"author\":{\"name\":\"Marissa Palafox\",\"@id\":\"https:\\\/\\\/fuentesfidedignas.com.mx\\\/#\\\/schema\\\/person\\\/2c10028b4a30078c05a056a215342ab9\"},\"headline\":\"Respaldo total a Rocha en tema del ma\u00edz, incluso si decide ir a manifestaci\u00f3n: Feliciano Castro\",\"datePublished\":\"2023-06-15T21:13:58+00:00\",\"dateModified\":\"2023-06-16T17:08:21+00:00\",\"mainEntityOfPage\":{\"@id\":\"https:\\\/\\\/fuentesfidedignas.com.mx\\\/index.php\\\/2023\\\/06\\\/15\\\/respaldo-total-a-rocha-en-tema-del-maiz-incluso-si-decide-ir-a-manifestacion-feliciano-castro\\\/\"},\"wordCount\":274,\"commentCount\":0,\"publisher\":{\"@id\":\"https:\\\/\\\/fuentesfidedignas.com.mx\\\/#organization\"},\"image\":{\"@id\":\"https:\\\/\\\/fuentesfidedignas.com.mx\\\/index.php\\\/2023\\\/06\\\/15\\\/respaldo-total-a-rocha-en-tema-del-maiz-incluso-si-decide-ir-a-manifestacion-feliciano-castro\\\/#primaryimage\"},\"thumbnailUrl\":\"https:\\\/\\\/fuentesfidedignas.com.mx\\\/wp-content\\\/uploads\\\/2023\\\/06\\\/feliciano-15-06-23.jpg\",\"articleSection\":[\"NOTICIAS LOCALES\"],\"inLanguage\":\"es\",\"potentialAction\":[{\"@type\":\"CommentAction\",\"name\":\"Comment\",\"target\":[\"https:\\\/\\\/fuentesfidedignas.com.mx\\\/index.php\\\/2023\\\/06\\\/15\\\/respaldo-total-a-rocha-en-tema-del-maiz-incluso-si-decide-ir-a-manifestacion-feliciano-castro\\\/#respond\"]}]},{\"@type\":\"WebPage\",\"@id\":\"https:\\\/\\\/fuentesfidedignas.com.mx\\\/index.php\\\/2023\\\/06\\\/15\\\/respaldo-total-a-rocha-en-tema-del-maiz-incluso-si-decide-ir-a-manifestacion-feliciano-castro\\\/\",\"url\":\"https:\\\/\\\/fuentesfidedignas.com.mx\\\/index.php\\\/2023\\\/06\\\/15\\\/respaldo-total-a-rocha-en-tema-del-maiz-incluso-si-decide-ir-a-manifestacion-feliciano-castro\\\/\",\"name\":\"Respaldo total a Rocha en tema del ma\u00edz, incluso si decide ir a manifestaci\u00f3n: Feliciano Castro - Fuentes Fidedignas\",\"isPartOf\":{\"@id\":\"https:\\\/\\\/fuentesfidedignas.com.mx\\\/#website\"},\"primaryImageOfPage\":{\"@id\":\"https:\\\/\\\/fuentesfidedignas.com.mx\\\/index.php\\\/2023\\\/06\\\/15\\\/respaldo-total-a-rocha-en-tema-del-maiz-incluso-si-decide-ir-a-manifestacion-feliciano-castro\\\/#primaryimage\"},\"image\":{\"@id\":\"https:\\\/\\\/fuentesfidedignas.com.mx\\\/index.php\\\/2023\\\/06\\\/15\\\/respaldo-total-a-rocha-en-tema-del-maiz-incluso-si-decide-ir-a-manifestacion-feliciano-castro\\\/#primaryimage\"},\"thumbnailUrl\":\"https:\\\/\\\/fuentesfidedignas.com.mx\\\/wp-content\\\/uploads\\\/2023\\\/06\\\/feliciano-15-06-23.jpg\",\"datePublished\":\"2023-06-15T21:13:58+00:00\",\"dateModified\":\"2023-06-16T17:08:21+00:00\",\"breadcrumb\":{\"@id\":\"https:\\\/\\\/fuentesfidedignas.com.mx\\\/index.php\\\/2023\\\/06\\\/15\\\/respaldo-total-a-rocha-en-tema-del-maiz-incluso-si-decide-ir-a-manifestacion-feliciano-castro\\\/#breadcrumb\"},\"inLanguage\":\"es\",\"potentialAction\":[{\"@type\":\"ReadAction\",\"target\":[\"https:\\\/\\\/fuentesfidedignas.com.mx\\\/index.php\\\/2023\\\/06\\\/15\\\/respaldo-total-a-rocha-en-tema-del-maiz-incluso-si-decide-ir-a-manifestacion-feliciano-castro\\\/\"]}]},{\"@type\":\"ImageObject\",\"inLanguage\":\"es\",\"@id\":\"https:\\\/\\\/fuentesfidedignas.com.mx\\\/index.php\\\/2023\\\/06\\\/15\\\/respaldo-total-a-rocha-en-tema-del-maiz-incluso-si-decide-ir-a-manifestacion-feliciano-castro\\\/#primaryimage\",\"url\":\"https:\\\/\\\/fuentesfidedignas.com.mx\\\/wp-content\\\/uploads\\\/2023\\\/06\\\/feliciano-15-06-23.jpg\",\"contentUrl\":\"https:\\\/\\\/fuentesfidedignas.com.mx\\\/wp-content\\\/uploads\\\/2023\\\/06\\\/feliciano-15-06-23.jpg\",\"width\":600,\"height\":400},{\"@type\":\"BreadcrumbList\",\"@id\":\"https:\\\/\\\/fuentesfidedignas.com.mx\\\/index.php\\\/2023\\\/06\\\/15\\\/respaldo-total-a-rocha-en-tema-del-maiz-incluso-si-decide-ir-a-manifestacion-feliciano-castro\\\/#breadcrumb\",\"itemListElement\":[{\"@type\":\"ListItem\",\"position\":1,\"name\":\"Inicio\",\"item\":\"https:\\\/\\\/fuentesfidedignas.com.mx\\\/\"},{\"@type\":\"ListItem\",\"position\":2,\"name\":\"Respaldo total a Rocha en tema del ma\u00edz, incluso si decide ir a manifestaci\u00f3n: Feliciano Castro\"}]},{\"@type\":\"WebSite\",\"@id\":\"https:\\\/\\\/fuentesfidedignas.com.mx\\\/#website\",\"url\":\"https:\\\/\\\/fuentesfidedignas.com.mx\\\/\",\"name\":\"Fuentes Fidedignas\",\"description\":\"Otro sitio realizado con WordPress\",\"publisher\":{\"@id\":\"https:\\\/\\\/fuentesfidedignas.com.mx\\\/#organization\"},\"potentialAction\":[{\"@type\":\"SearchAction\",\"target\":{\"@type\":\"EntryPoint\",\"urlTemplate\":\"https:\\\/\\\/fuentesfidedignas.com.mx\\\/?s={search_term_string}\"},\"query-input\":{\"@type\":\"PropertyValueSpecification\",\"valueRequired\":true,\"valueName\":\"search_term_string\"}}],\"inLanguage\":\"es\"},{\"@type\":\"Organization\",\"@id\":\"https:\\\/\\\/fuentesfidedignas.com.mx\\\/#organization\",\"name\":\"Fuentes Fidedignas\",\"url\":\"https:\\\/\\\/fuentesfidedignas.com.mx\\\/\",\"logo\":{\"@type\":\"ImageObject\",\"inLanguage\":\"es\",\"@id\":\"https:\\\/\\\/fuentesfidedignas.com.mx\\\/#\\\/schema\\\/logo\\\/image\\\/\",\"url\":\"https:\\\/\\\/fuentesfidedignas.com.mx\\\/wp-content\\\/uploads\\\/2021\\\/04\\\/logo-retina.png\",\"contentUrl\":\"https:\\\/\\\/fuentesfidedignas.com.mx\\\/wp-content\\\/uploads\\\/2021\\\/04\\\/logo-retina.png\",\"width\":280,\"height\":51,\"caption\":\"Fuentes Fidedignas\"},\"image\":{\"@id\":\"https:\\\/\\\/fuentesfidedignas.com.mx\\\/#\\\/schema\\\/logo\\\/image\\\/\"},\"sameAs\":[\"https:\\\/\\\/www.facebook.com\\\/Fuentes-Fidedignas-368234489921644\",\"https:\\\/\\\/x.com\\\/fidedignas\"]},{\"@type\":\"Person\",\"@id\":\"https:\\\/\\\/fuentesfidedignas.com.mx\\\/#\\\/schema\\\/person\\\/2c10028b4a30078c05a056a215342ab9\",\"name\":\"Marissa Palafox\",\"image\":{\"@type\":\"ImageObject\",\"inLanguage\":\"es\",\"@id\":\"https:\\\/\\\/secure.gravatar.com\\\/avatar\\\/20a43bdb2f2db10f20b22d4e98b96eb027faf98f7f76d29854dc5fab46d1cf71?s=96&d=mm&r=g\",\"url\":\"https:\\\/\\\/secure.gravatar.com\\\/avatar\\\/20a43bdb2f2db10f20b22d4e98b96eb027faf98f7f76d29854dc5fab46d1cf71?s=96&d=mm&r=g\",\"contentUrl\":\"https:\\\/\\\/secure.gravatar.com\\\/avatar\\\/20a43bdb2f2db10f20b22d4e98b96eb027faf98f7f76d29854dc5fab46d1cf71?s=96&d=mm&r=g\",\"caption\":\"Marissa Palafox\"},\"url\":\"https:\\\/\\\/fuentesfidedignas.com.mx\\\/index.php\\\/author\\\/marissa\\\/\"}]}<\/script>\n<!-- \/ Yoast SEO plugin. -->","yoast_head_json":{"title":"Respaldo total a Rocha en tema del ma\u00edz, incluso si decide ir a manifestaci\u00f3n: Feliciano Castro - Fuentes Fidedignas","robots":{"index":"index","follow":"follow","max-snippet":"max-snippet:-1","max-image-preview":"max-image-preview:large","max-video-preview":"max-video-preview:-1"},"canonical":"https:\/\/fuentesfidedignas.com.mx\/index.php\/2023\/06\/15\/respaldo-total-a-rocha-en-tema-del-maiz-incluso-si-decide-ir-a-manifestacion-feliciano-castro\/","og_locale":"es_MX","og_type":"article","og_title":"Respaldo total a Rocha en tema del ma\u00edz, incluso si decide ir a manifestaci\u00f3n: Feliciano Castro - Fuentes Fidedignas","og_description":"&#8220;Es el di\u00e1logo, el camino y la ruta a seguir&#8221;, indic\u00f3 el presidente de la JUCOPO Culiac\u00e1n, Sin.- Respaldo absoluto a la pol\u00edtica y postura del gobernador Rocha Moya sobre la comercializaci\u00f3n de granos, cualquiera que sea la decisi\u00f3n del mandatario para resolver la problem\u00e1tica contar\u00e1 con mi apoyo, incluso si llam\u00f3 a manifestarse contra [&hellip;]","og_url":"https:\/\/fuentesfidedignas.com.mx\/index.php\/2023\/06\/15\/respaldo-total-a-rocha-en-tema-del-maiz-incluso-si-decide-ir-a-manifestacion-feliciano-castro\/","og_site_name":"Fuentes Fidedignas","article_publisher":"https:\/\/www.facebook.com\/Fuentes-Fidedignas-368234489921644","article_published_time":"2023-06-15T21:13:58+00:00","article_modified_time":"2023-06-16T17:08:21+00:00","og_image":[{"width":600,"height":400,"url":"https:\/\/fuentesfidedignas.com.mx\/wp-content\/uploads\/2023\/06\/feliciano-15-06-23.jpg","type":"image\/jpeg"}],"author":"Marissa Palafox","twitter_card":"summary_large_image","twitter_creator":"@fidedignas","twitter_site":"@fidedignas","twitter_misc":{"Escrito por":"Marissa Palafox","Tiempo de lectura":"2 minutos"},"schema":{"@context":"https:\/\/schema.org","@graph":[{"@type":"Article","@id":"https:\/\/fuentesfidedignas.com.mx\/index.php\/2023\/06\/15\/respaldo-total-a-rocha-en-tema-del-maiz-incluso-si-decide-ir-a-manifestacion-feliciano-castro\/#article","isPartOf":{"@id":"https:\/\/fuentesfidedignas.com.mx\/index.php\/2023\/06\/15\/respaldo-total-a-rocha-en-tema-del-maiz-incluso-si-decide-ir-a-manifestacion-feliciano-castro\/"},"author":{"name":"Marissa Palafox","@id":"https:\/\/fuentesfidedignas.com.mx\/#\/schema\/person\/2c10028b4a30078c05a056a215342ab9"},"headline":"Respaldo total a Rocha en tema del ma\u00edz, incluso si decide ir a manifestaci\u00f3n: Feliciano Castro","datePublished":"2023-06-15T21:13:58+00:00","dateModified":"2023-06-16T17:08:21+00:00","mainEntityOfPage":{"@id":"https:\/\/fuentesfidedignas.com.mx\/index.php\/2023\/06\/15\/respaldo-total-a-rocha-en-tema-del-maiz-incluso-si-decide-ir-a-manifestacion-feliciano-castro\/"},"wordCount":274,"commentCount":0,"publisher":{"@id":"https:\/\/fuentesfidedignas.com.mx\/#organization"},"image":{"@id":"https:\/\/fuentesfidedignas.com.mx\/index.php\/2023\/06\/15\/respaldo-total-a-rocha-en-tema-del-maiz-incluso-si-decide-ir-a-manifestacion-feliciano-castro\/#primaryimage"},"thumbnailUrl":"https:\/\/fuentesfidedignas.com.mx\/wp-content\/uploads\/2023\/06\/feliciano-15-06-23.jpg","articleSection":["NOTICIAS LOCALES"],"inLanguage":"es","potentialAction":[{"@type":"CommentAction","name":"Comment","target":["https:\/\/fuentesfidedignas.com.mx\/index.php\/2023\/06\/15\/respaldo-total-a-rocha-en-tema-del-maiz-incluso-si-decide-ir-a-manifestacion-feliciano-castro\/#respond"]}]},{"@type":"WebPage","@id":"https:\/\/fuentesfidedignas.com.mx\/index.php\/2023\/06\/15\/respaldo-total-a-rocha-en-tema-del-maiz-incluso-si-decide-ir-a-manifestacion-feliciano-castro\/","url":"https:\/\/fuentesfidedignas.com.mx\/index.php\/2023\/06\/15\/respaldo-total-a-rocha-en-tema-del-maiz-incluso-si-decide-ir-a-manifestacion-feliciano-castro\/","name":"Respaldo total a Rocha en tema del ma\u00edz, incluso si decide ir a manifestaci\u00f3n: Feliciano Castro - Fuentes Fidedignas","isPartOf":{"@id":"https:\/\/fuentesfidedignas.com.mx\/#website"},"primaryImageOfPage":{"@id":"https:\/\/fuentesfidedignas.com.mx\/index.php\/2023\/06\/15\/respaldo-total-a-rocha-en-tema-del-maiz-incluso-si-decide-ir-a-manifestacion-feliciano-castro\/#primaryimage"},"image":{"@id":"https:\/\/fuentesfidedignas.com.mx\/index.php\/2023\/06\/15\/respaldo-total-a-rocha-en-tema-del-maiz-incluso-si-decide-ir-a-manifestacion-feliciano-castro\/#primaryimage"},"thumbnailUrl":"https:\/\/fuentesfidedignas.com.mx\/wp-content\/uploads\/2023\/06\/feliciano-15-06-23.jpg","datePublished":"2023-06-15T21:13:58+00:00","dateModified":"2023-06-16T17:08:21+00:00","breadcrumb":{"@id":"https:\/\/fuentesfidedignas.com.mx\/index.php\/2023\/06\/15\/respaldo-total-a-rocha-en-tema-del-maiz-incluso-si-decide-ir-a-manifestacion-feliciano-castro\/#breadcrumb"},"inLanguage":"es","potentialAction":[{"@type":"ReadAction","target":["https:\/\/fuentesfidedignas.com.mx\/index.php\/2023\/06\/15\/respaldo-total-a-rocha-en-tema-del-maiz-incluso-si-decide-ir-a-manifestacion-feliciano-castro\/"]}]},{"@type":"ImageObject","inLanguage":"es","@id":"https:\/\/fuentesfidedignas.com.mx\/index.php\/2023\/06\/15\/respaldo-total-a-rocha-en-tema-del-maiz-incluso-si-decide-ir-a-manifestacion-feliciano-castro\/#primaryimage","url":"https:\/\/fuentesfidedignas.com.mx\/wp-content\/uploads\/2023\/06\/feliciano-15-06-23.jpg","contentUrl":"https:\/\/fuentesfidedignas.com.mx\/wp-content\/uploads\/2023\/06\/feliciano-15-06-23.jpg","width":600,"height":400},{"@type":"BreadcrumbList","@id":"https:\/\/fuentesfidedignas.com.mx\/index.php\/2023\/06\/15\/respaldo-total-a-rocha-en-tema-del-maiz-incluso-si-decide-ir-a-manifestacion-feliciano-castro\/#breadcrumb","itemListElement":[{"@type":"ListItem","position":1,"name":"Inicio","item":"https:\/\/fuentesfidedignas.com.mx\/"},{"@type":"ListItem","position":2,"name":"Respaldo total a Rocha en tema del ma\u00edz, incluso si decide ir a manifestaci\u00f3n: Feliciano Castro"}]},{"@type":"WebSite","@id":"https:\/\/fuentesfidedignas.com.mx\/#website","url":"https:\/\/fuentesfidedignas.com.mx\/","name":"Fuentes Fidedignas","description":"Otro sitio realizado con WordPress","publisher":{"@id":"https:\/\/fuentesfidedignas.com.mx\/#organization"},"potentialAction":[{"@type":"SearchAction","target":{"@type":"EntryPoint","urlTemplate":"https:\/\/fuentesfidedignas.com.mx\/?s={search_term_string}"},"query-input":{"@type":"PropertyValueSpecification","valueRequired":true,"valueName":"search_term_string"}}],"inLanguage":"es"},{"@type":"Organization","@id":"https:\/\/fuentesfidedignas.com.mx\/#organization","name":"Fuentes Fidedignas","url":"https:\/\/fuentesfidedignas.com.mx\/","logo":{"@type":"ImageObject","inLanguage":"es","@id":"https:\/\/fuentesfidedignas.com.mx\/#\/schema\/logo\/image\/","url":"https:\/\/fuentesfidedignas.com.mx\/wp-content\/uploads\/2021\/04\/logo-retina.png","contentUrl":"https:\/\/fuentesfidedignas.com.mx\/wp-content\/uploads\/2021\/04\/logo-retina.png","width":280,"height":51,"caption":"Fuentes Fidedignas"},"image":{"@id":"https:\/\/fuentesfidedignas.com.mx\/#\/schema\/logo\/image\/"},"sameAs":["https:\/\/www.facebook.com\/Fuentes-Fidedignas-368234489921644","https:\/\/x.com\/fidedignas"]},{"@type":"Person","@id":"https:\/\/fuentesfidedignas.com.mx\/#\/schema\/person\/2c10028b4a30078c05a056a215342ab9","name":"Marissa Palafox","image":{"@type":"ImageObject","inLanguage":"es","@id":"https:\/\/secure.gravatar.com\/avatar\/20a43bdb2f2db10f20b22d4e98b96eb027faf98f7f76d29854dc5fab46d1cf71?s=96&d=mm&r=g","url":"https:\/\/secure.gravatar.com\/avatar\/20a43bdb2f2db10f20b22d4e98b96eb027faf98f7f76d29854dc5fab46d1cf71?s=96&d=mm&r=g","contentUrl":"https:\/\/secure.gravatar.com\/avatar\/20a43bdb2f2db10f20b22d4e98b96eb027faf98f7f76d29854dc5fab46d1cf71?s=96&d=mm&r=g","caption":"Marissa Palafox"},"url":"https:\/\/fuentesfidedignas.com.mx\/index.php\/author\/marissa\/"}]}},"_links":{"self":[{"href":"https:\/\/fuentesfidedignas.com.mx\/index.php\/wp-json\/wp\/v2\/posts\/50057","targetHints":{"allow":["GET"]}}],"collection":[{"href":"https:\/\/fuentesfidedignas.com.mx\/index.php\/wp-json\/wp\/v2\/posts"}],"about":[{"href":"https:\/\/fuentesfidedignas.com.mx\/index.php\/wp-json\/wp\/v2\/types\/post"}],"author":[{"embeddable":true,"href":"https:\/\/fuentesfidedignas.com.mx\/index.php\/wp-json\/wp\/v2\/users\/11"}],"replies":[{"embeddable":true,"href":"https:\/\/fuentesfidedignas.com.mx\/index.php\/wp-json\/wp\/v2\/comments?post=50057"}],"version-history":[{"count":1,"href":"https:\/\/fuentesfidedignas.com.mx\/index.php\/wp-json\/wp\/v2\/posts\/50057\/revisions"}],"predecessor-version":[{"id":50059,"href":"https:\/\/fuentesfidedignas.com.mx\/index.php\/wp-json\/wp\/v2\/posts\/50057\/revisions\/50059"}],"wp:featuredmedia":[{"embeddable":true,"href":"https:\/\/fuentesfidedignas.com.mx\/index.php\/wp-json\/wp\/v2\/media\/50058"}],"wp:attachment":[{"href":"https:\/\/fuentesfidedignas.com.mx\/index.php\/wp-json\/wp\/v2\/media?parent=50057"}],"wp:term":[{"taxonomy":"category","embeddable":true,"href":"https:\/\/fuentesfidedignas.com.mx\/index.php\/wp-json\/wp\/v2\/categories?post=50057"},{"taxonomy":"post_tag","embeddable":true,"href":"https:\/\/fuentesfidedignas.com.mx\/index.php\/wp-json\/wp\/v2\/tags?post=50057"}],"curies":[{"name":"wp","href":"https:\/\/api.w.org\/{rel}","templated":true}]}}