{"id":49901,"date":"2023-06-14T08:54:35","date_gmt":"2023-06-14T15:54:35","guid":{"rendered":"https:\/\/fuentesfidedignas.com.mx\/?p=49901"},"modified":"2023-06-14T08:54:36","modified_gmt":"2023-06-14T15:54:36","slug":"quien-se-beneficiara-de-la-pausa-de-los-chapitos-en-la-produccion-de-fentanilo-segun-un-exagente-de-la-dea","status":"publish","type":"post","link":"https:\/\/fuentesfidedignas.com.mx\/index.php\/2023\/06\/14\/quien-se-beneficiara-de-la-pausa-de-los-chapitos-en-la-produccion-de-fentanilo-segun-un-exagente-de-la-dea\/","title":{"rendered":"Qui\u00e9n se beneficiar\u00e1 de la pausa de Los Chapitos en la producci\u00f3n de fentanilo, seg\u00fan un exagente de la DEA"},"content":{"rendered":"\n<p>Seg\u00fan la informaci\u00f3n disponible, los hijos de Joaqu\u00edn \u201cEl Chapo\u201d Guzm\u00e1n habr\u00edan ordenado la interrupci\u00f3n de varias de sus actividades criminales<\/p>\n\n\n\n<p>Ante la embestida que el Departamento de Justicia de Estados Unidos inici\u00f3 en contra de\u00a0<strong>Los Chapitos<\/strong>, esta facci\u00f3n del C\u00e1rtel de Sinaloa emiti\u00f3 una tajante orden para\u00a0<strong>interrumpir la producci\u00f3n de fentanilo<\/strong>\u00a0en su territorio.<\/p>\n\n\n\n<p>Testimonios del \u201ccocinero\u201d de un narcolaboratorio independiente recabados por&nbsp;<em>R\u00edodoce<\/em>&nbsp;revelaron que los hijos de<strong>&nbsp;Joaqu\u00edn \u201cEl Chapo\u201d Guzm\u00e1n&nbsp;<\/strong>lanzaron una instrucci\u00f3n para que nadie en Sinaloa produjera o fabricara dicho opioide.<\/p>\n\n\n\n<p>\u201dSe nos dijo que no cocin\u00e1ramos porque si lo hac\u00edamos, nos iba a ir muy mal. Por eso ahorita nadie est\u00e1 haciendo fentanilo, todo est\u00e1 parado\u201d, explic\u00f3 el entrevistado.<\/p>\n\n\n\n<p>Acorde con los reportes del citado medio, el mandato de Los Chapitos para que los laboratorios de fentanilo detuvieran sus actividades habr\u00eda sido emitida semanas despu\u00e9s de que el gobierno estadounidense anunciara cargos contra los hermanos\u00a0<strong>Iv\u00e1n Archivaldo<\/strong>\u00a0y\u00a0<strong>Jes\u00fas Alfredo Guzm\u00e1n Salazar<\/strong>, as\u00ed como contra\u00a0<strong>Ovidio Guzm\u00e1n L\u00f3pez<\/strong>, por haber construido una s\u00f3lida estructura criminal para inundar Estados Unidos con fentanilo.<\/p>\n\n\n\n<p>\u201cYo estoy asociado con otra persona que se encarga de enviar el fentanilo a Estados Unidos y de ah\u00ed sacamos dinero, por eso no miramos bien que nos digan que no podemos cocinar\u201d, a\u00f1adi\u00f3 el entrevistado por<em>\u00a0R\u00edodoce<\/em>\u00a0respecto a las advertencias difundidas por los hijos del \u201cChapo\u201d.<\/p>\n\n\n\n<p>Sumado a ello, un coordinador para el tr\u00e1fico de precursores qu\u00edmicos de China a Sinaloa confes\u00f3 que la producci\u00f3n de fentanilo no fue la \u00fanica actividad que Los Chapitos ordenaron detener. Presumiblemente, tambi\u00e9n&nbsp;<strong>se habr\u00edan pausado los laboratorios de metanfetaminas y el tr\u00e1fico de armas<\/strong>, pues los l\u00edderes de esta facci\u00f3n buscar\u00edan pasar desapercibidos para ganar tiempo y evitar ser capturados.<\/p>\n\n\n\n<p>Al respecto,\u00a0<strong>Mike Vigil<\/strong>, exjefe de operaciones internacionales de la Administraci\u00f3n de Control de Drogas (<strong>DEA<\/strong>), explic\u00f3 los impactos que podr\u00eda tener esta decisi\u00f3n de Los Chapitos.<\/p>\n\n\n\n<p>\u201cSi es verdad [que suspendieron sus operaciones] pienso que va a ser algo temporal y\u00a0<strong>van a esperar a ver c\u00f3mo reacciona el gobierno<\/strong>, porque tampoco creemos que dejen de producir fentanilo y olvidar el mercado que tienen en EEUU\u201d, consider\u00f3 en una entrevista con<em>\u00a0R\u00edodoce<\/em>.<\/p>\n\n\n\n<p>Independientemente de la duraci\u00f3n de este corte, el grupo que podr\u00eda comenzar a beneficiarse ser\u00eda el C\u00e1rtel de Jalisco Nueva Generaci\u00f3n (<strong>CJNG<\/strong>), pues aunque tambi\u00e9n ha sido se\u00f1alado por EEUU, no hay se\u00f1ales de que haya detenido sus labores de producci\u00f3n y tr\u00e1fico de fentanilo. En consideraci\u00f3n de Vigil, esto podr\u00eda encaminarlo a<strong>\u00a0sustituir a Los Chapitos<\/strong>\u00a0en el negocio criminal.<\/p>\n\n\n\n<p>A principios de mayo, los hijos del \u201cChapo\u201d hicieron p\u00fablica una carta en la que se defendieron y negaron todas las acusaciones que emiti\u00f3 EEUU en su contra, lo que represent\u00f3 una clara muestra de preocupaci\u00f3n, en palabras de su abogado&nbsp;<strong>Jos\u00e9 Refugio Rodr\u00edguez.<\/strong><\/p>\n\n\n\n<p>Seg\u00fan los<a href=\"https:\/\/www.infobae.com\/mexico\/2023\/04\/18\/como-fue-que-los-chapitos-construyeron-su-imperio-a-base-de-fentanilo-segun-archivos-judiciales-de-eeuu\/\" target=\"_blank\" rel=\"noreferrer noopener\"><strong>documentos judiciales<\/strong><\/a>,\u00a0<strong>Iv\u00e1n Archivaldo Guzm\u00e1n Salazar\u00a0<\/strong>se desempe\u00f1ar\u00eda como el jefe de seguridad y comandante de los sicarios del grupo. Su hermano\u00a0<strong>Jes\u00fas Alfredo<\/strong>, por su parte, tambi\u00e9n se encargar\u00eda de labores de seguridad, as\u00ed como de coordinar la<strong>\u00a0recepci\u00f3n de precursores qu\u00edmicos y fentanilo<\/strong>\u00a0desde China. Ambos fueron acusados de haber perpetrado violencia de manera directa e incluso de haber ordenado torturas y asesinatos.<\/p>\n\n\n\n<figure class=\"wp-block-image size-large\"><img decoding=\"async\" src=\"https:\/\/www.infobae.com\/new-resizer\/dpMngjKyIa-8dF6JjgPo_EpM8JM=\/1200x675\/filters:format(webp):quality(85)\/cloudfront-us-east-1.images.arcpublishing.com\/infobae\/IPVVOYJOX5CULHXQO6Y6O46FF4.jpg\" alt=\"\"\/><\/figure>\n\n\n\n<p>En cuanto a&nbsp;<strong>Ovidio Guzm\u00e1n<\/strong>, entre otras actividades, los informes de inteligencia lo identificaron como el responsable de&nbsp;<strong>expandir los negocios del c\u00e1rtel a la Ciudad de M\u00e9xico<\/strong>, pues habr\u00eda establecido una sede alterna para vender fentanilo.<\/p>\n\n\n\n<p>Finalmente,\u00a0<strong>Joaqu\u00edn Guzm\u00e1n L\u00f3pez<\/strong>, alias \u201cEl G\u00fcero\u201d, habr\u00eda asumido el rol de ser uno de los principales operadores del c\u00e1rtel, a cargo del tr\u00e1fico de coca\u00edna, hero\u00edna, metanfetamina y marihuana hacia EEUU, as\u00ed como del lavado de las ganancias obtenidas por la organizaci\u00f3n.<\/p>\n\n\n\n<p><\/p>\n","protected":false},"excerpt":{"rendered":"<p>Seg\u00fan la informaci\u00f3n disponible, los hijos de Joaqu\u00edn \u201cEl Chapo\u201d Guzm\u00e1n habr\u00edan ordenado la interrupci\u00f3n de varias de sus actividades criminales Ante la embestida que el Departamento de Justicia de Estados Unidos inici\u00f3 en contra de\u00a0Los Chapitos, esta facci\u00f3n del C\u00e1rtel de Sinaloa emiti\u00f3 una tajante orden para\u00a0interrumpir la producci\u00f3n de fentanilo\u00a0en su territorio. Testimonios [&hellip;]<\/p>\n","protected":false},"author":41,"featured_media":49902,"comment_status":"open","ping_status":"open","sticky":false,"template":"","format":"standard","meta":{"tdm_status":"","tdm_grid_status":"","footnotes":""},"categories":[39],"tags":[],"class_list":{"0":"post-49901","1":"post","2":"type-post","3":"status-publish","4":"format-standard","5":"has-post-thumbnail","7":"category-noticias-nacionales"},"yoast_head":"<!-- This site is optimized with the Yoast SEO plugin v27.4 - https:\/\/yoast.com\/product\/yoast-seo-wordpress\/ -->\n<title>Qui\u00e9n se beneficiar\u00e1 de la pausa de Los Chapitos en la producci\u00f3n de fentanilo, seg\u00fan un exagente de la DEA - Fuentes Fidedignas<\/title>\n<meta name=\"robots\" content=\"index, follow, max-snippet:-1, max-image-preview:large, max-video-preview:-1\" \/>\n<link rel=\"canonical\" href=\"https:\/\/fuentesfidedignas.com.mx\/index.php\/2023\/06\/14\/quien-se-beneficiara-de-la-pausa-de-los-chapitos-en-la-produccion-de-fentanilo-segun-un-exagente-de-la-dea\/\" \/>\n<meta property=\"og:locale\" content=\"es_MX\" \/>\n<meta property=\"og:type\" content=\"article\" \/>\n<meta property=\"og:title\" content=\"Qui\u00e9n se beneficiar\u00e1 de la pausa de Los Chapitos en la producci\u00f3n de fentanilo, seg\u00fan un exagente de la DEA - Fuentes Fidedignas\" \/>\n<meta property=\"og:description\" content=\"Seg\u00fan la informaci\u00f3n disponible, los hijos de Joaqu\u00edn \u201cEl Chapo\u201d Guzm\u00e1n habr\u00edan ordenado la interrupci\u00f3n de varias de sus actividades criminales Ante la embestida que el Departamento de Justicia de Estados Unidos inici\u00f3 en contra de\u00a0Los Chapitos, esta facci\u00f3n del C\u00e1rtel de Sinaloa emiti\u00f3 una tajante orden para\u00a0interrumpir la producci\u00f3n de fentanilo\u00a0en su territorio. Testimonios [&hellip;]\" \/>\n<meta property=\"og:url\" content=\"https:\/\/fuentesfidedignas.com.mx\/index.php\/2023\/06\/14\/quien-se-beneficiara-de-la-pausa-de-los-chapitos-en-la-produccion-de-fentanilo-segun-un-exagente-de-la-dea\/\" \/>\n<meta property=\"og:site_name\" content=\"Fuentes Fidedignas\" \/>\n<meta property=\"article:publisher\" content=\"https:\/\/www.facebook.com\/Fuentes-Fidedignas-368234489921644\" \/>\n<meta property=\"article:published_time\" content=\"2023-06-14T15:54:35+00:00\" \/>\n<meta property=\"article:modified_time\" content=\"2023-06-14T15:54:36+00:00\" \/>\n<meta property=\"og:image\" content=\"https:\/\/fuentesfidedignas.com.mx\/wp-content\/uploads\/2023\/06\/1-fenta.webp\" \/>\n\t<meta property=\"og:image:width\" content=\"1200\" \/>\n\t<meta property=\"og:image:height\" content=\"800\" \/>\n\t<meta property=\"og:image:type\" content=\"image\/webp\" \/>\n<meta name=\"author\" content=\"Infobae\" \/>\n<meta name=\"twitter:card\" content=\"summary_large_image\" \/>\n<meta name=\"twitter:creator\" content=\"@fidedignas\" \/>\n<meta name=\"twitter:site\" content=\"@fidedignas\" \/>\n<meta name=\"twitter:label1\" content=\"Escrito por\" \/>\n\t<meta name=\"twitter:data1\" content=\"Infobae\" \/>\n\t<meta name=\"twitter:label2\" content=\"Tiempo de lectura\" \/>\n\t<meta name=\"twitter:data2\" content=\"4 minutos\" \/>\n<script type=\"application\/ld+json\" class=\"yoast-schema-graph\">{\"@context\":\"https:\\\/\\\/schema.org\",\"@graph\":[{\"@type\":\"Article\",\"@id\":\"https:\\\/\\\/fuentesfidedignas.com.mx\\\/index.php\\\/2023\\\/06\\\/14\\\/quien-se-beneficiara-de-la-pausa-de-los-chapitos-en-la-produccion-de-fentanilo-segun-un-exagente-de-la-dea\\\/#article\",\"isPartOf\":{\"@id\":\"https:\\\/\\\/fuentesfidedignas.com.mx\\\/index.php\\\/2023\\\/06\\\/14\\\/quien-se-beneficiara-de-la-pausa-de-los-chapitos-en-la-produccion-de-fentanilo-segun-un-exagente-de-la-dea\\\/\"},\"author\":{\"name\":\"Infobae\",\"@id\":\"https:\\\/\\\/fuentesfidedignas.com.mx\\\/#\\\/schema\\\/person\\\/8575896a7c1067d352f6c1cd6582c389\"},\"headline\":\"Qui\u00e9n se beneficiar\u00e1 de la pausa de Los Chapitos en la producci\u00f3n de fentanilo, seg\u00fan un exagente de la DEA\",\"datePublished\":\"2023-06-14T15:54:35+00:00\",\"dateModified\":\"2023-06-14T15:54:36+00:00\",\"mainEntityOfPage\":{\"@id\":\"https:\\\/\\\/fuentesfidedignas.com.mx\\\/index.php\\\/2023\\\/06\\\/14\\\/quien-se-beneficiara-de-la-pausa-de-los-chapitos-en-la-produccion-de-fentanilo-segun-un-exagente-de-la-dea\\\/\"},\"wordCount\":723,\"commentCount\":0,\"publisher\":{\"@id\":\"https:\\\/\\\/fuentesfidedignas.com.mx\\\/#organization\"},\"image\":{\"@id\":\"https:\\\/\\\/fuentesfidedignas.com.mx\\\/index.php\\\/2023\\\/06\\\/14\\\/quien-se-beneficiara-de-la-pausa-de-los-chapitos-en-la-produccion-de-fentanilo-segun-un-exagente-de-la-dea\\\/#primaryimage\"},\"thumbnailUrl\":\"https:\\\/\\\/fuentesfidedignas.com.mx\\\/wp-content\\\/uploads\\\/2023\\\/06\\\/1-fenta.webp\",\"articleSection\":[\"NOTICIAS NACIONALES\"],\"inLanguage\":\"es\",\"potentialAction\":[{\"@type\":\"CommentAction\",\"name\":\"Comment\",\"target\":[\"https:\\\/\\\/fuentesfidedignas.com.mx\\\/index.php\\\/2023\\\/06\\\/14\\\/quien-se-beneficiara-de-la-pausa-de-los-chapitos-en-la-produccion-de-fentanilo-segun-un-exagente-de-la-dea\\\/#respond\"]}]},{\"@type\":\"WebPage\",\"@id\":\"https:\\\/\\\/fuentesfidedignas.com.mx\\\/index.php\\\/2023\\\/06\\\/14\\\/quien-se-beneficiara-de-la-pausa-de-los-chapitos-en-la-produccion-de-fentanilo-segun-un-exagente-de-la-dea\\\/\",\"url\":\"https:\\\/\\\/fuentesfidedignas.com.mx\\\/index.php\\\/2023\\\/06\\\/14\\\/quien-se-beneficiara-de-la-pausa-de-los-chapitos-en-la-produccion-de-fentanilo-segun-un-exagente-de-la-dea\\\/\",\"name\":\"Qui\u00e9n se beneficiar\u00e1 de la pausa de Los Chapitos en la producci\u00f3n de fentanilo, seg\u00fan un exagente de la DEA - Fuentes Fidedignas\",\"isPartOf\":{\"@id\":\"https:\\\/\\\/fuentesfidedignas.com.mx\\\/#website\"},\"primaryImageOfPage\":{\"@id\":\"https:\\\/\\\/fuentesfidedignas.com.mx\\\/index.php\\\/2023\\\/06\\\/14\\\/quien-se-beneficiara-de-la-pausa-de-los-chapitos-en-la-produccion-de-fentanilo-segun-un-exagente-de-la-dea\\\/#primaryimage\"},\"image\":{\"@id\":\"https:\\\/\\\/fuentesfidedignas.com.mx\\\/index.php\\\/2023\\\/06\\\/14\\\/quien-se-beneficiara-de-la-pausa-de-los-chapitos-en-la-produccion-de-fentanilo-segun-un-exagente-de-la-dea\\\/#primaryimage\"},\"thumbnailUrl\":\"https:\\\/\\\/fuentesfidedignas.com.mx\\\/wp-content\\\/uploads\\\/2023\\\/06\\\/1-fenta.webp\",\"datePublished\":\"2023-06-14T15:54:35+00:00\",\"dateModified\":\"2023-06-14T15:54:36+00:00\",\"breadcrumb\":{\"@id\":\"https:\\\/\\\/fuentesfidedignas.com.mx\\\/index.php\\\/2023\\\/06\\\/14\\\/quien-se-beneficiara-de-la-pausa-de-los-chapitos-en-la-produccion-de-fentanilo-segun-un-exagente-de-la-dea\\\/#breadcrumb\"},\"inLanguage\":\"es\",\"potentialAction\":[{\"@type\":\"ReadAction\",\"target\":[\"https:\\\/\\\/fuentesfidedignas.com.mx\\\/index.php\\\/2023\\\/06\\\/14\\\/quien-se-beneficiara-de-la-pausa-de-los-chapitos-en-la-produccion-de-fentanilo-segun-un-exagente-de-la-dea\\\/\"]}]},{\"@type\":\"ImageObject\",\"inLanguage\":\"es\",\"@id\":\"https:\\\/\\\/fuentesfidedignas.com.mx\\\/index.php\\\/2023\\\/06\\\/14\\\/quien-se-beneficiara-de-la-pausa-de-los-chapitos-en-la-produccion-de-fentanilo-segun-un-exagente-de-la-dea\\\/#primaryimage\",\"url\":\"https:\\\/\\\/fuentesfidedignas.com.mx\\\/wp-content\\\/uploads\\\/2023\\\/06\\\/1-fenta.webp\",\"contentUrl\":\"https:\\\/\\\/fuentesfidedignas.com.mx\\\/wp-content\\\/uploads\\\/2023\\\/06\\\/1-fenta.webp\",\"width\":1200,\"height\":800},{\"@type\":\"BreadcrumbList\",\"@id\":\"https:\\\/\\\/fuentesfidedignas.com.mx\\\/index.php\\\/2023\\\/06\\\/14\\\/quien-se-beneficiara-de-la-pausa-de-los-chapitos-en-la-produccion-de-fentanilo-segun-un-exagente-de-la-dea\\\/#breadcrumb\",\"itemListElement\":[{\"@type\":\"ListItem\",\"position\":1,\"name\":\"Inicio\",\"item\":\"https:\\\/\\\/fuentesfidedignas.com.mx\\\/\"},{\"@type\":\"ListItem\",\"position\":2,\"name\":\"Qui\u00e9n se beneficiar\u00e1 de la pausa de Los Chapitos en la producci\u00f3n de fentanilo, seg\u00fan un exagente de la DEA\"}]},{\"@type\":\"WebSite\",\"@id\":\"https:\\\/\\\/fuentesfidedignas.com.mx\\\/#website\",\"url\":\"https:\\\/\\\/fuentesfidedignas.com.mx\\\/\",\"name\":\"Fuentes Fidedignas\",\"description\":\"Otro sitio realizado con WordPress\",\"publisher\":{\"@id\":\"https:\\\/\\\/fuentesfidedignas.com.mx\\\/#organization\"},\"potentialAction\":[{\"@type\":\"SearchAction\",\"target\":{\"@type\":\"EntryPoint\",\"urlTemplate\":\"https:\\\/\\\/fuentesfidedignas.com.mx\\\/?s={search_term_string}\"},\"query-input\":{\"@type\":\"PropertyValueSpecification\",\"valueRequired\":true,\"valueName\":\"search_term_string\"}}],\"inLanguage\":\"es\"},{\"@type\":\"Organization\",\"@id\":\"https:\\\/\\\/fuentesfidedignas.com.mx\\\/#organization\",\"name\":\"Fuentes Fidedignas\",\"url\":\"https:\\\/\\\/fuentesfidedignas.com.mx\\\/\",\"logo\":{\"@type\":\"ImageObject\",\"inLanguage\":\"es\",\"@id\":\"https:\\\/\\\/fuentesfidedignas.com.mx\\\/#\\\/schema\\\/logo\\\/image\\\/\",\"url\":\"https:\\\/\\\/fuentesfidedignas.com.mx\\\/wp-content\\\/uploads\\\/2021\\\/04\\\/logo-retina.png\",\"contentUrl\":\"https:\\\/\\\/fuentesfidedignas.com.mx\\\/wp-content\\\/uploads\\\/2021\\\/04\\\/logo-retina.png\",\"width\":280,\"height\":51,\"caption\":\"Fuentes Fidedignas\"},\"image\":{\"@id\":\"https:\\\/\\\/fuentesfidedignas.com.mx\\\/#\\\/schema\\\/logo\\\/image\\\/\"},\"sameAs\":[\"https:\\\/\\\/www.facebook.com\\\/Fuentes-Fidedignas-368234489921644\",\"https:\\\/\\\/x.com\\\/fidedignas\"]},{\"@type\":\"Person\",\"@id\":\"https:\\\/\\\/fuentesfidedignas.com.mx\\\/#\\\/schema\\\/person\\\/8575896a7c1067d352f6c1cd6582c389\",\"name\":\"Infobae\",\"image\":{\"@type\":\"ImageObject\",\"inLanguage\":\"es\",\"@id\":\"https:\\\/\\\/secure.gravatar.com\\\/avatar\\\/e4ec95706f8d1670343f6526fdcec45474bab17475a851434a64ca12b5acba1c?s=96&d=mm&r=g\",\"url\":\"https:\\\/\\\/secure.gravatar.com\\\/avatar\\\/e4ec95706f8d1670343f6526fdcec45474bab17475a851434a64ca12b5acba1c?s=96&d=mm&r=g\",\"contentUrl\":\"https:\\\/\\\/secure.gravatar.com\\\/avatar\\\/e4ec95706f8d1670343f6526fdcec45474bab17475a851434a64ca12b5acba1c?s=96&d=mm&r=g\",\"caption\":\"Infobae\"},\"url\":\"https:\\\/\\\/fuentesfidedignas.com.mx\\\/index.php\\\/author\\\/infobae\\\/\"}]}<\/script>\n<!-- \/ Yoast SEO plugin. -->","yoast_head_json":{"title":"Qui\u00e9n se beneficiar\u00e1 de la pausa de Los Chapitos en la producci\u00f3n de fentanilo, seg\u00fan un exagente de la DEA - Fuentes Fidedignas","robots":{"index":"index","follow":"follow","max-snippet":"max-snippet:-1","max-image-preview":"max-image-preview:large","max-video-preview":"max-video-preview:-1"},"canonical":"https:\/\/fuentesfidedignas.com.mx\/index.php\/2023\/06\/14\/quien-se-beneficiara-de-la-pausa-de-los-chapitos-en-la-produccion-de-fentanilo-segun-un-exagente-de-la-dea\/","og_locale":"es_MX","og_type":"article","og_title":"Qui\u00e9n se beneficiar\u00e1 de la pausa de Los Chapitos en la producci\u00f3n de fentanilo, seg\u00fan un exagente de la DEA - Fuentes Fidedignas","og_description":"Seg\u00fan la informaci\u00f3n disponible, los hijos de Joaqu\u00edn \u201cEl Chapo\u201d Guzm\u00e1n habr\u00edan ordenado la interrupci\u00f3n de varias de sus actividades criminales Ante la embestida que el Departamento de Justicia de Estados Unidos inici\u00f3 en contra de\u00a0Los Chapitos, esta facci\u00f3n del C\u00e1rtel de Sinaloa emiti\u00f3 una tajante orden para\u00a0interrumpir la producci\u00f3n de fentanilo\u00a0en su territorio. Testimonios [&hellip;]","og_url":"https:\/\/fuentesfidedignas.com.mx\/index.php\/2023\/06\/14\/quien-se-beneficiara-de-la-pausa-de-los-chapitos-en-la-produccion-de-fentanilo-segun-un-exagente-de-la-dea\/","og_site_name":"Fuentes Fidedignas","article_publisher":"https:\/\/www.facebook.com\/Fuentes-Fidedignas-368234489921644","article_published_time":"2023-06-14T15:54:35+00:00","article_modified_time":"2023-06-14T15:54:36+00:00","og_image":[{"width":1200,"height":800,"url":"https:\/\/fuentesfidedignas.com.mx\/wp-content\/uploads\/2023\/06\/1-fenta.webp","type":"image\/webp"}],"author":"Infobae","twitter_card":"summary_large_image","twitter_creator":"@fidedignas","twitter_site":"@fidedignas","twitter_misc":{"Escrito por":"Infobae","Tiempo de lectura":"4 minutos"},"schema":{"@context":"https:\/\/schema.org","@graph":[{"@type":"Article","@id":"https:\/\/fuentesfidedignas.com.mx\/index.php\/2023\/06\/14\/quien-se-beneficiara-de-la-pausa-de-los-chapitos-en-la-produccion-de-fentanilo-segun-un-exagente-de-la-dea\/#article","isPartOf":{"@id":"https:\/\/fuentesfidedignas.com.mx\/index.php\/2023\/06\/14\/quien-se-beneficiara-de-la-pausa-de-los-chapitos-en-la-produccion-de-fentanilo-segun-un-exagente-de-la-dea\/"},"author":{"name":"Infobae","@id":"https:\/\/fuentesfidedignas.com.mx\/#\/schema\/person\/8575896a7c1067d352f6c1cd6582c389"},"headline":"Qui\u00e9n se beneficiar\u00e1 de la pausa de Los Chapitos en la producci\u00f3n de fentanilo, seg\u00fan un exagente de la DEA","datePublished":"2023-06-14T15:54:35+00:00","dateModified":"2023-06-14T15:54:36+00:00","mainEntityOfPage":{"@id":"https:\/\/fuentesfidedignas.com.mx\/index.php\/2023\/06\/14\/quien-se-beneficiara-de-la-pausa-de-los-chapitos-en-la-produccion-de-fentanilo-segun-un-exagente-de-la-dea\/"},"wordCount":723,"commentCount":0,"publisher":{"@id":"https:\/\/fuentesfidedignas.com.mx\/#organization"},"image":{"@id":"https:\/\/fuentesfidedignas.com.mx\/index.php\/2023\/06\/14\/quien-se-beneficiara-de-la-pausa-de-los-chapitos-en-la-produccion-de-fentanilo-segun-un-exagente-de-la-dea\/#primaryimage"},"thumbnailUrl":"https:\/\/fuentesfidedignas.com.mx\/wp-content\/uploads\/2023\/06\/1-fenta.webp","articleSection":["NOTICIAS NACIONALES"],"inLanguage":"es","potentialAction":[{"@type":"CommentAction","name":"Comment","target":["https:\/\/fuentesfidedignas.com.mx\/index.php\/2023\/06\/14\/quien-se-beneficiara-de-la-pausa-de-los-chapitos-en-la-produccion-de-fentanilo-segun-un-exagente-de-la-dea\/#respond"]}]},{"@type":"WebPage","@id":"https:\/\/fuentesfidedignas.com.mx\/index.php\/2023\/06\/14\/quien-se-beneficiara-de-la-pausa-de-los-chapitos-en-la-produccion-de-fentanilo-segun-un-exagente-de-la-dea\/","url":"https:\/\/fuentesfidedignas.com.mx\/index.php\/2023\/06\/14\/quien-se-beneficiara-de-la-pausa-de-los-chapitos-en-la-produccion-de-fentanilo-segun-un-exagente-de-la-dea\/","name":"Qui\u00e9n se beneficiar\u00e1 de la pausa de Los Chapitos en la producci\u00f3n de fentanilo, seg\u00fan un exagente de la DEA - Fuentes Fidedignas","isPartOf":{"@id":"https:\/\/fuentesfidedignas.com.mx\/#website"},"primaryImageOfPage":{"@id":"https:\/\/fuentesfidedignas.com.mx\/index.php\/2023\/06\/14\/quien-se-beneficiara-de-la-pausa-de-los-chapitos-en-la-produccion-de-fentanilo-segun-un-exagente-de-la-dea\/#primaryimage"},"image":{"@id":"https:\/\/fuentesfidedignas.com.mx\/index.php\/2023\/06\/14\/quien-se-beneficiara-de-la-pausa-de-los-chapitos-en-la-produccion-de-fentanilo-segun-un-exagente-de-la-dea\/#primaryimage"},"thumbnailUrl":"https:\/\/fuentesfidedignas.com.mx\/wp-content\/uploads\/2023\/06\/1-fenta.webp","datePublished":"2023-06-14T15:54:35+00:00","dateModified":"2023-06-14T15:54:36+00:00","breadcrumb":{"@id":"https:\/\/fuentesfidedignas.com.mx\/index.php\/2023\/06\/14\/quien-se-beneficiara-de-la-pausa-de-los-chapitos-en-la-produccion-de-fentanilo-segun-un-exagente-de-la-dea\/#breadcrumb"},"inLanguage":"es","potentialAction":[{"@type":"ReadAction","target":["https:\/\/fuentesfidedignas.com.mx\/index.php\/2023\/06\/14\/quien-se-beneficiara-de-la-pausa-de-los-chapitos-en-la-produccion-de-fentanilo-segun-un-exagente-de-la-dea\/"]}]},{"@type":"ImageObject","inLanguage":"es","@id":"https:\/\/fuentesfidedignas.com.mx\/index.php\/2023\/06\/14\/quien-se-beneficiara-de-la-pausa-de-los-chapitos-en-la-produccion-de-fentanilo-segun-un-exagente-de-la-dea\/#primaryimage","url":"https:\/\/fuentesfidedignas.com.mx\/wp-content\/uploads\/2023\/06\/1-fenta.webp","contentUrl":"https:\/\/fuentesfidedignas.com.mx\/wp-content\/uploads\/2023\/06\/1-fenta.webp","width":1200,"height":800},{"@type":"BreadcrumbList","@id":"https:\/\/fuentesfidedignas.com.mx\/index.php\/2023\/06\/14\/quien-se-beneficiara-de-la-pausa-de-los-chapitos-en-la-produccion-de-fentanilo-segun-un-exagente-de-la-dea\/#breadcrumb","itemListElement":[{"@type":"ListItem","position":1,"name":"Inicio","item":"https:\/\/fuentesfidedignas.com.mx\/"},{"@type":"ListItem","position":2,"name":"Qui\u00e9n se beneficiar\u00e1 de la pausa de Los Chapitos en la producci\u00f3n de fentanilo, seg\u00fan un exagente de la DEA"}]},{"@type":"WebSite","@id":"https:\/\/fuentesfidedignas.com.mx\/#website","url":"https:\/\/fuentesfidedignas.com.mx\/","name":"Fuentes Fidedignas","description":"Otro sitio realizado con WordPress","publisher":{"@id":"https:\/\/fuentesfidedignas.com.mx\/#organization"},"potentialAction":[{"@type":"SearchAction","target":{"@type":"EntryPoint","urlTemplate":"https:\/\/fuentesfidedignas.com.mx\/?s={search_term_string}"},"query-input":{"@type":"PropertyValueSpecification","valueRequired":true,"valueName":"search_term_string"}}],"inLanguage":"es"},{"@type":"Organization","@id":"https:\/\/fuentesfidedignas.com.mx\/#organization","name":"Fuentes Fidedignas","url":"https:\/\/fuentesfidedignas.com.mx\/","logo":{"@type":"ImageObject","inLanguage":"es","@id":"https:\/\/fuentesfidedignas.com.mx\/#\/schema\/logo\/image\/","url":"https:\/\/fuentesfidedignas.com.mx\/wp-content\/uploads\/2021\/04\/logo-retina.png","contentUrl":"https:\/\/fuentesfidedignas.com.mx\/wp-content\/uploads\/2021\/04\/logo-retina.png","width":280,"height":51,"caption":"Fuentes Fidedignas"},"image":{"@id":"https:\/\/fuentesfidedignas.com.mx\/#\/schema\/logo\/image\/"},"sameAs":["https:\/\/www.facebook.com\/Fuentes-Fidedignas-368234489921644","https:\/\/x.com\/fidedignas"]},{"@type":"Person","@id":"https:\/\/fuentesfidedignas.com.mx\/#\/schema\/person\/8575896a7c1067d352f6c1cd6582c389","name":"Infobae","image":{"@type":"ImageObject","inLanguage":"es","@id":"https:\/\/secure.gravatar.com\/avatar\/e4ec95706f8d1670343f6526fdcec45474bab17475a851434a64ca12b5acba1c?s=96&d=mm&r=g","url":"https:\/\/secure.gravatar.com\/avatar\/e4ec95706f8d1670343f6526fdcec45474bab17475a851434a64ca12b5acba1c?s=96&d=mm&r=g","contentUrl":"https:\/\/secure.gravatar.com\/avatar\/e4ec95706f8d1670343f6526fdcec45474bab17475a851434a64ca12b5acba1c?s=96&d=mm&r=g","caption":"Infobae"},"url":"https:\/\/fuentesfidedignas.com.mx\/index.php\/author\/infobae\/"}]}},"_links":{"self":[{"href":"https:\/\/fuentesfidedignas.com.mx\/index.php\/wp-json\/wp\/v2\/posts\/49901","targetHints":{"allow":["GET"]}}],"collection":[{"href":"https:\/\/fuentesfidedignas.com.mx\/index.php\/wp-json\/wp\/v2\/posts"}],"about":[{"href":"https:\/\/fuentesfidedignas.com.mx\/index.php\/wp-json\/wp\/v2\/types\/post"}],"author":[{"embeddable":true,"href":"https:\/\/fuentesfidedignas.com.mx\/index.php\/wp-json\/wp\/v2\/users\/41"}],"replies":[{"embeddable":true,"href":"https:\/\/fuentesfidedignas.com.mx\/index.php\/wp-json\/wp\/v2\/comments?post=49901"}],"version-history":[{"count":1,"href":"https:\/\/fuentesfidedignas.com.mx\/index.php\/wp-json\/wp\/v2\/posts\/49901\/revisions"}],"predecessor-version":[{"id":49903,"href":"https:\/\/fuentesfidedignas.com.mx\/index.php\/wp-json\/wp\/v2\/posts\/49901\/revisions\/49903"}],"wp:featuredmedia":[{"embeddable":true,"href":"https:\/\/fuentesfidedignas.com.mx\/index.php\/wp-json\/wp\/v2\/media\/49902"}],"wp:attachment":[{"href":"https:\/\/fuentesfidedignas.com.mx\/index.php\/wp-json\/wp\/v2\/media?parent=49901"}],"wp:term":[{"taxonomy":"category","embeddable":true,"href":"https:\/\/fuentesfidedignas.com.mx\/index.php\/wp-json\/wp\/v2\/categories?post=49901"},{"taxonomy":"post_tag","embeddable":true,"href":"https:\/\/fuentesfidedignas.com.mx\/index.php\/wp-json\/wp\/v2\/tags?post=49901"}],"curies":[{"name":"wp","href":"https:\/\/api.w.org\/{rel}","templated":true}]}}