{"id":49869,"date":"2023-06-13T18:38:16","date_gmt":"2023-06-14T01:38:16","guid":{"rendered":"https:\/\/fuentesfidedignas.com.mx\/?p=49869"},"modified":"2023-06-13T18:38:17","modified_gmt":"2023-06-14T01:38:17","slug":"alcaldesa-de-tijuana-se-mudara-a-cuartel-militar-por-amenazas-y-atentado-en-su-contra","status":"publish","type":"post","link":"https:\/\/fuentesfidedignas.com.mx\/index.php\/2023\/06\/13\/alcaldesa-de-tijuana-se-mudara-a-cuartel-militar-por-amenazas-y-atentado-en-su-contra\/","title":{"rendered":"Alcaldesa de Tijuana se mudar\u00e1 a cuartel militar por amenazas y atentado en su contra"},"content":{"rendered":"\n<p>Montserrat Caballero expuso que los resultados de su gobierno en materia de seguridad han sido el principal motivo de persecuci\u00f3n contra ella<\/p>\n\n\n\n<p>En su conferencia de prensa del 12 de junio, la presidenta municipal de Tijuana,\u00a0<strong>Montserrat Caballero Ram\u00edrez<\/strong>, anunci\u00f3 que se ir\u00e1 a vivir al<strong>\u00a0cuartel militar del 28 Batall\u00f3n de Infanter\u00eda<\/strong>, ubicado al suroeste de la ciudad fronteriza, para resguardar su seguridad.<\/p>\n\n\n\n<p>Acorde con sus declaraciones, su cambio de residencia a las instalaciones del Ej\u00e9rcito no fue una decisi\u00f3n propia, sino que fue una recomendaci\u00f3n directa por parte de la&nbsp;<strong>Guardia Nacional<\/strong>, debido a las amenazas y atentado que la alcaldesa ha sufrido, aparentemente, a causa de las acciones de la Polic\u00eda Municipal.<\/p>\n\n\n\n<p>\u201cNo fue una decisi\u00f3n, porque no cualquiera se puede ir a vivir al cuartel, sino fue una sugerencia por parte de la Guardia Nacional en raz\u00f3n de mi seguridad\u201d, explic\u00f3 la funcionaria durante el encuentro con los medios.<\/p>\n\n\n\n<p>Seg\u00fan los datos que comparti\u00f3 Caballero Ram\u00edrez, la corporaci\u00f3n policial de Tijuana es la que m\u00e1s armas de fuego ha incautado a nivel nacional, con una cifra de<strong>\u00a0mil 721 artefactos asegurados\u00a0<\/strong>entre octubre de 2021 y mayo de 2023.<\/p>\n\n\n\n<figure class=\"wp-block-image size-large\"><img decoding=\"async\" src=\"https:\/\/www.infobae.com\/new-resizer\/TFAgrilKM6OMZ_jD5DzjSKRviqI=\/1200x675\/filters:format(webp):quality(85)\/cloudfront-us-east-1.images.arcpublishing.com\/infobae\/IJPTTDJLFBH25HOMAFW3F2DIMA.jpg\" alt=\"\"\/><\/figure>\n\n\n\n<p>As\u00ed mismo, destac\u00f3 los resultados de su administraci\u00f3n en cuanto a detenciones de objetivos prioritarios, pues se han contabilizado\u00a0<strong>785 generadores de violencia<\/strong>\u00a0puestos a disposici\u00f3n de las autoridades correspondientes.<\/p>\n\n\n\n<p>\u201c[Un total de] 64 de estos tipos han sido generadores de violencia importantes a nivel nacional, sin mencionar los miles de detenidos que tenemos; por estas situaciones&nbsp;<strong>sufr\u00ed un atentado que no pas\u00f3 a mayores<\/strong>&nbsp;y por estas acciones tendr\u00e1 su servidora que irse a vivir y a reforzar su seguridad desde el cuartel\u201d, detall\u00f3 la mun\u00edcipe.<\/p>\n\n\n\n<p>En un mensaje publicado en los canales oficiales del Ayuntamiento de Tijuana, Montserrat Caballero expres\u00f3 que su residencia en el cuartel ser\u00e1 un sacrificio. \u201cDefinitivamente no es sencillo, tengo un hijo, tengo familia [&#8230;] No implica ser resguardada, implica que\u00a0<strong>est\u00e1 resguardada la persona que m\u00e1s resultados ha dado<\/strong>\u00a0en materia de seguridad\u201d.<\/p>\n\n\n\n<p>Hasta el momento no se ha especificado si la alcaldesa residir\u00e1 en el cuartel del 28 Batall\u00f3n de Infanter\u00eda durante todo lo que resta de su administraci\u00f3n. En caso de que as\u00ed sea, Montserrat Caballero tendr\u00eda que vivir en el complejo militar durante poco m\u00e1s de un a\u00f1o, ya que las elecciones para renovar la Presidencia Municipal de Tijuana se llevar\u00e1n a cabo en<strong>\u00a0junio de 2024<\/strong>.<\/p>\n\n\n\n<p>El atentado al que se refiri\u00f3 Caballero Ram\u00edrez ocurri\u00f3 la ma\u00f1ana del 17 de mayo de 2023. Por la ma\u00f1ana de aquel d\u00eda, un comando de cuatro hombres \u2014tres de ellos armados\u2014 dispar\u00f3 en contra de una patrulla asignada a la expolic\u00eda\u00a0<strong>Rosalva Gonz\u00e1lez Molina, alias \u201cLa Puma\u201d<\/strong>, encargada del equipo de \u201cavanzada\u201d de la alcaldesa.<\/p>\n\n\n\n<p>Seg\u00fan los primeros reportes, los atacantes recibieron la instrucci\u00f3n de disparar en contra de \u201cla mujer\u201d de la camioneta blanca tipo pick up. Sin embargo, el escolta que iba a bordo del veh\u00edculo aquel d\u00eda fue identificado como&nbsp;<strong>Francisco Javier Gallardo<\/strong>, quien se dirig\u00eda como parte del equipo de seguridad de la funcionaria a un punto de reuni\u00f3n en el centro de la ciudad.<\/p>\n\n\n\n<p>Despu\u00e9s de una semana de investigaciones, el fiscal general de Baja California,<strong>\u00a0Ricardo Iv\u00e1n Carpio<\/strong>, descart\u00f3 que la agresi\u00f3n a tiros hubiera estado dirigida a la alcaldesa Caballero. \u201cNo es un tema que tenga que ver directamente con su persona. No tenemos ninguna raz\u00f3n para mantener esa hip\u00f3tesis abierta\u201d, declar\u00f3 el Carpio S\u00e1nchez.<\/p>\n\n\n\n<p><\/p>\n","protected":false},"excerpt":{"rendered":"<p>Montserrat Caballero expuso que los resultados de su gobierno en materia de seguridad han sido el principal motivo de persecuci\u00f3n contra ella En su conferencia de prensa del 12 de junio, la presidenta municipal de Tijuana,\u00a0Montserrat Caballero Ram\u00edrez, anunci\u00f3 que se ir\u00e1 a vivir al\u00a0cuartel militar del 28 Batall\u00f3n de Infanter\u00eda, ubicado al suroeste de [&hellip;]<\/p>\n","protected":false},"author":41,"featured_media":49870,"comment_status":"open","ping_status":"open","sticky":false,"template":"","format":"standard","meta":{"tdm_status":"","tdm_grid_status":"","footnotes":""},"categories":[39],"tags":[],"class_list":{"0":"post-49869","1":"post","2":"type-post","3":"status-publish","4":"format-standard","5":"has-post-thumbnail","7":"category-noticias-nacionales"},"yoast_head":"<!-- This site is optimized with the Yoast SEO plugin v27.5 - https:\/\/yoast.com\/product\/yoast-seo-wordpress\/ -->\n<title>Alcaldesa de Tijuana se mudar\u00e1 a cuartel militar por amenazas y atentado en su contra - Fuentes Fidedignas<\/title>\n<meta name=\"robots\" content=\"index, follow, max-snippet:-1, max-image-preview:large, max-video-preview:-1\" \/>\n<link rel=\"canonical\" href=\"https:\/\/fuentesfidedignas.com.mx\/index.php\/2023\/06\/13\/alcaldesa-de-tijuana-se-mudara-a-cuartel-militar-por-amenazas-y-atentado-en-su-contra\/\" \/>\n<meta property=\"og:locale\" content=\"es_MX\" \/>\n<meta property=\"og:type\" content=\"article\" \/>\n<meta property=\"og:title\" content=\"Alcaldesa de Tijuana se mudar\u00e1 a cuartel militar por amenazas y atentado en su contra - Fuentes Fidedignas\" \/>\n<meta property=\"og:description\" content=\"Montserrat Caballero expuso que los resultados de su gobierno en materia de seguridad han sido el principal motivo de persecuci\u00f3n contra ella En su conferencia de prensa del 12 de junio, la presidenta municipal de Tijuana,\u00a0Montserrat Caballero Ram\u00edrez, anunci\u00f3 que se ir\u00e1 a vivir al\u00a0cuartel militar del 28 Batall\u00f3n de Infanter\u00eda, ubicado al suroeste de [&hellip;]\" \/>\n<meta property=\"og:url\" content=\"https:\/\/fuentesfidedignas.com.mx\/index.php\/2023\/06\/13\/alcaldesa-de-tijuana-se-mudara-a-cuartel-militar-por-amenazas-y-atentado-en-su-contra\/\" \/>\n<meta property=\"og:site_name\" content=\"Fuentes Fidedignas\" \/>\n<meta property=\"article:publisher\" content=\"https:\/\/www.facebook.com\/Fuentes-Fidedignas-368234489921644\" \/>\n<meta property=\"article:published_time\" content=\"2023-06-14T01:38:16+00:00\" \/>\n<meta property=\"article:modified_time\" content=\"2023-06-14T01:38:17+00:00\" \/>\n<meta property=\"og:image\" content=\"https:\/\/fuentesfidedignas.com.mx\/wp-content\/uploads\/2023\/06\/1-alcandesatj.png\" \/>\n\t<meta property=\"og:image:width\" content=\"531\" \/>\n\t<meta property=\"og:image:height\" content=\"368\" \/>\n\t<meta property=\"og:image:type\" content=\"image\/png\" \/>\n<meta name=\"author\" content=\"Infobae\" \/>\n<meta name=\"twitter:card\" content=\"summary_large_image\" \/>\n<meta name=\"twitter:creator\" content=\"@fidedignas\" \/>\n<meta name=\"twitter:site\" content=\"@fidedignas\" \/>\n<meta name=\"twitter:label1\" content=\"Escrito por\" \/>\n\t<meta name=\"twitter:data1\" content=\"Infobae\" \/>\n\t<meta name=\"twitter:label2\" content=\"Tiempo de lectura\" \/>\n\t<meta name=\"twitter:data2\" content=\"3 minutos\" \/>\n<script type=\"application\/ld+json\" class=\"yoast-schema-graph\">{\"@context\":\"https:\\\/\\\/schema.org\",\"@graph\":[{\"@type\":\"Article\",\"@id\":\"https:\\\/\\\/fuentesfidedignas.com.mx\\\/index.php\\\/2023\\\/06\\\/13\\\/alcaldesa-de-tijuana-se-mudara-a-cuartel-militar-por-amenazas-y-atentado-en-su-contra\\\/#article\",\"isPartOf\":{\"@id\":\"https:\\\/\\\/fuentesfidedignas.com.mx\\\/index.php\\\/2023\\\/06\\\/13\\\/alcaldesa-de-tijuana-se-mudara-a-cuartel-militar-por-amenazas-y-atentado-en-su-contra\\\/\"},\"author\":{\"name\":\"Infobae\",\"@id\":\"https:\\\/\\\/fuentesfidedignas.com.mx\\\/#\\\/schema\\\/person\\\/8575896a7c1067d352f6c1cd6582c389\"},\"headline\":\"Alcaldesa de Tijuana se mudar\u00e1 a cuartel militar por amenazas y atentado en su contra\",\"datePublished\":\"2023-06-14T01:38:16+00:00\",\"dateModified\":\"2023-06-14T01:38:17+00:00\",\"mainEntityOfPage\":{\"@id\":\"https:\\\/\\\/fuentesfidedignas.com.mx\\\/index.php\\\/2023\\\/06\\\/13\\\/alcaldesa-de-tijuana-se-mudara-a-cuartel-militar-por-amenazas-y-atentado-en-su-contra\\\/\"},\"wordCount\":623,\"commentCount\":0,\"publisher\":{\"@id\":\"https:\\\/\\\/fuentesfidedignas.com.mx\\\/#organization\"},\"image\":{\"@id\":\"https:\\\/\\\/fuentesfidedignas.com.mx\\\/index.php\\\/2023\\\/06\\\/13\\\/alcaldesa-de-tijuana-se-mudara-a-cuartel-militar-por-amenazas-y-atentado-en-su-contra\\\/#primaryimage\"},\"thumbnailUrl\":\"https:\\\/\\\/fuentesfidedignas.com.mx\\\/wp-content\\\/uploads\\\/2023\\\/06\\\/1-alcandesatj.png\",\"articleSection\":[\"NOTICIAS NACIONALES\"],\"inLanguage\":\"es\",\"potentialAction\":[{\"@type\":\"CommentAction\",\"name\":\"Comment\",\"target\":[\"https:\\\/\\\/fuentesfidedignas.com.mx\\\/index.php\\\/2023\\\/06\\\/13\\\/alcaldesa-de-tijuana-se-mudara-a-cuartel-militar-por-amenazas-y-atentado-en-su-contra\\\/#respond\"]}]},{\"@type\":\"WebPage\",\"@id\":\"https:\\\/\\\/fuentesfidedignas.com.mx\\\/index.php\\\/2023\\\/06\\\/13\\\/alcaldesa-de-tijuana-se-mudara-a-cuartel-militar-por-amenazas-y-atentado-en-su-contra\\\/\",\"url\":\"https:\\\/\\\/fuentesfidedignas.com.mx\\\/index.php\\\/2023\\\/06\\\/13\\\/alcaldesa-de-tijuana-se-mudara-a-cuartel-militar-por-amenazas-y-atentado-en-su-contra\\\/\",\"name\":\"Alcaldesa de Tijuana se mudar\u00e1 a cuartel militar por amenazas y atentado en su contra - Fuentes Fidedignas\",\"isPartOf\":{\"@id\":\"https:\\\/\\\/fuentesfidedignas.com.mx\\\/#website\"},\"primaryImageOfPage\":{\"@id\":\"https:\\\/\\\/fuentesfidedignas.com.mx\\\/index.php\\\/2023\\\/06\\\/13\\\/alcaldesa-de-tijuana-se-mudara-a-cuartel-militar-por-amenazas-y-atentado-en-su-contra\\\/#primaryimage\"},\"image\":{\"@id\":\"https:\\\/\\\/fuentesfidedignas.com.mx\\\/index.php\\\/2023\\\/06\\\/13\\\/alcaldesa-de-tijuana-se-mudara-a-cuartel-militar-por-amenazas-y-atentado-en-su-contra\\\/#primaryimage\"},\"thumbnailUrl\":\"https:\\\/\\\/fuentesfidedignas.com.mx\\\/wp-content\\\/uploads\\\/2023\\\/06\\\/1-alcandesatj.png\",\"datePublished\":\"2023-06-14T01:38:16+00:00\",\"dateModified\":\"2023-06-14T01:38:17+00:00\",\"breadcrumb\":{\"@id\":\"https:\\\/\\\/fuentesfidedignas.com.mx\\\/index.php\\\/2023\\\/06\\\/13\\\/alcaldesa-de-tijuana-se-mudara-a-cuartel-militar-por-amenazas-y-atentado-en-su-contra\\\/#breadcrumb\"},\"inLanguage\":\"es\",\"potentialAction\":[{\"@type\":\"ReadAction\",\"target\":[\"https:\\\/\\\/fuentesfidedignas.com.mx\\\/index.php\\\/2023\\\/06\\\/13\\\/alcaldesa-de-tijuana-se-mudara-a-cuartel-militar-por-amenazas-y-atentado-en-su-contra\\\/\"]}]},{\"@type\":\"ImageObject\",\"inLanguage\":\"es\",\"@id\":\"https:\\\/\\\/fuentesfidedignas.com.mx\\\/index.php\\\/2023\\\/06\\\/13\\\/alcaldesa-de-tijuana-se-mudara-a-cuartel-militar-por-amenazas-y-atentado-en-su-contra\\\/#primaryimage\",\"url\":\"https:\\\/\\\/fuentesfidedignas.com.mx\\\/wp-content\\\/uploads\\\/2023\\\/06\\\/1-alcandesatj.png\",\"contentUrl\":\"https:\\\/\\\/fuentesfidedignas.com.mx\\\/wp-content\\\/uploads\\\/2023\\\/06\\\/1-alcandesatj.png\",\"width\":531,\"height\":368},{\"@type\":\"BreadcrumbList\",\"@id\":\"https:\\\/\\\/fuentesfidedignas.com.mx\\\/index.php\\\/2023\\\/06\\\/13\\\/alcaldesa-de-tijuana-se-mudara-a-cuartel-militar-por-amenazas-y-atentado-en-su-contra\\\/#breadcrumb\",\"itemListElement\":[{\"@type\":\"ListItem\",\"position\":1,\"name\":\"Inicio\",\"item\":\"https:\\\/\\\/fuentesfidedignas.com.mx\\\/\"},{\"@type\":\"ListItem\",\"position\":2,\"name\":\"Alcaldesa de Tijuana se mudar\u00e1 a cuartel militar por amenazas y atentado en su contra\"}]},{\"@type\":\"WebSite\",\"@id\":\"https:\\\/\\\/fuentesfidedignas.com.mx\\\/#website\",\"url\":\"https:\\\/\\\/fuentesfidedignas.com.mx\\\/\",\"name\":\"Fuentes Fidedignas\",\"description\":\"Otro sitio realizado con WordPress\",\"publisher\":{\"@id\":\"https:\\\/\\\/fuentesfidedignas.com.mx\\\/#organization\"},\"potentialAction\":[{\"@type\":\"SearchAction\",\"target\":{\"@type\":\"EntryPoint\",\"urlTemplate\":\"https:\\\/\\\/fuentesfidedignas.com.mx\\\/?s={search_term_string}\"},\"query-input\":{\"@type\":\"PropertyValueSpecification\",\"valueRequired\":true,\"valueName\":\"search_term_string\"}}],\"inLanguage\":\"es\"},{\"@type\":\"Organization\",\"@id\":\"https:\\\/\\\/fuentesfidedignas.com.mx\\\/#organization\",\"name\":\"Fuentes Fidedignas\",\"url\":\"https:\\\/\\\/fuentesfidedignas.com.mx\\\/\",\"logo\":{\"@type\":\"ImageObject\",\"inLanguage\":\"es\",\"@id\":\"https:\\\/\\\/fuentesfidedignas.com.mx\\\/#\\\/schema\\\/logo\\\/image\\\/\",\"url\":\"https:\\\/\\\/fuentesfidedignas.com.mx\\\/wp-content\\\/uploads\\\/2021\\\/04\\\/logo-retina.png\",\"contentUrl\":\"https:\\\/\\\/fuentesfidedignas.com.mx\\\/wp-content\\\/uploads\\\/2021\\\/04\\\/logo-retina.png\",\"width\":280,\"height\":51,\"caption\":\"Fuentes Fidedignas\"},\"image\":{\"@id\":\"https:\\\/\\\/fuentesfidedignas.com.mx\\\/#\\\/schema\\\/logo\\\/image\\\/\"},\"sameAs\":[\"https:\\\/\\\/www.facebook.com\\\/Fuentes-Fidedignas-368234489921644\",\"https:\\\/\\\/x.com\\\/fidedignas\"]},{\"@type\":\"Person\",\"@id\":\"https:\\\/\\\/fuentesfidedignas.com.mx\\\/#\\\/schema\\\/person\\\/8575896a7c1067d352f6c1cd6582c389\",\"name\":\"Infobae\",\"image\":{\"@type\":\"ImageObject\",\"inLanguage\":\"es\",\"@id\":\"https:\\\/\\\/secure.gravatar.com\\\/avatar\\\/e4ec95706f8d1670343f6526fdcec45474bab17475a851434a64ca12b5acba1c?s=96&d=mm&r=g\",\"url\":\"https:\\\/\\\/secure.gravatar.com\\\/avatar\\\/e4ec95706f8d1670343f6526fdcec45474bab17475a851434a64ca12b5acba1c?s=96&d=mm&r=g\",\"contentUrl\":\"https:\\\/\\\/secure.gravatar.com\\\/avatar\\\/e4ec95706f8d1670343f6526fdcec45474bab17475a851434a64ca12b5acba1c?s=96&d=mm&r=g\",\"caption\":\"Infobae\"},\"url\":\"https:\\\/\\\/fuentesfidedignas.com.mx\\\/index.php\\\/author\\\/infobae\\\/\"}]}<\/script>\n<!-- \/ Yoast SEO plugin. -->","yoast_head_json":{"title":"Alcaldesa de Tijuana se mudar\u00e1 a cuartel militar por amenazas y atentado en su contra - Fuentes Fidedignas","robots":{"index":"index","follow":"follow","max-snippet":"max-snippet:-1","max-image-preview":"max-image-preview:large","max-video-preview":"max-video-preview:-1"},"canonical":"https:\/\/fuentesfidedignas.com.mx\/index.php\/2023\/06\/13\/alcaldesa-de-tijuana-se-mudara-a-cuartel-militar-por-amenazas-y-atentado-en-su-contra\/","og_locale":"es_MX","og_type":"article","og_title":"Alcaldesa de Tijuana se mudar\u00e1 a cuartel militar por amenazas y atentado en su contra - Fuentes Fidedignas","og_description":"Montserrat Caballero expuso que los resultados de su gobierno en materia de seguridad han sido el principal motivo de persecuci\u00f3n contra ella En su conferencia de prensa del 12 de junio, la presidenta municipal de Tijuana,\u00a0Montserrat Caballero Ram\u00edrez, anunci\u00f3 que se ir\u00e1 a vivir al\u00a0cuartel militar del 28 Batall\u00f3n de Infanter\u00eda, ubicado al suroeste de [&hellip;]","og_url":"https:\/\/fuentesfidedignas.com.mx\/index.php\/2023\/06\/13\/alcaldesa-de-tijuana-se-mudara-a-cuartel-militar-por-amenazas-y-atentado-en-su-contra\/","og_site_name":"Fuentes Fidedignas","article_publisher":"https:\/\/www.facebook.com\/Fuentes-Fidedignas-368234489921644","article_published_time":"2023-06-14T01:38:16+00:00","article_modified_time":"2023-06-14T01:38:17+00:00","og_image":[{"width":531,"height":368,"url":"https:\/\/fuentesfidedignas.com.mx\/wp-content\/uploads\/2023\/06\/1-alcandesatj.png","type":"image\/png"}],"author":"Infobae","twitter_card":"summary_large_image","twitter_creator":"@fidedignas","twitter_site":"@fidedignas","twitter_misc":{"Escrito por":"Infobae","Tiempo de lectura":"3 minutos"},"schema":{"@context":"https:\/\/schema.org","@graph":[{"@type":"Article","@id":"https:\/\/fuentesfidedignas.com.mx\/index.php\/2023\/06\/13\/alcaldesa-de-tijuana-se-mudara-a-cuartel-militar-por-amenazas-y-atentado-en-su-contra\/#article","isPartOf":{"@id":"https:\/\/fuentesfidedignas.com.mx\/index.php\/2023\/06\/13\/alcaldesa-de-tijuana-se-mudara-a-cuartel-militar-por-amenazas-y-atentado-en-su-contra\/"},"author":{"name":"Infobae","@id":"https:\/\/fuentesfidedignas.com.mx\/#\/schema\/person\/8575896a7c1067d352f6c1cd6582c389"},"headline":"Alcaldesa de Tijuana se mudar\u00e1 a cuartel militar por amenazas y atentado en su contra","datePublished":"2023-06-14T01:38:16+00:00","dateModified":"2023-06-14T01:38:17+00:00","mainEntityOfPage":{"@id":"https:\/\/fuentesfidedignas.com.mx\/index.php\/2023\/06\/13\/alcaldesa-de-tijuana-se-mudara-a-cuartel-militar-por-amenazas-y-atentado-en-su-contra\/"},"wordCount":623,"commentCount":0,"publisher":{"@id":"https:\/\/fuentesfidedignas.com.mx\/#organization"},"image":{"@id":"https:\/\/fuentesfidedignas.com.mx\/index.php\/2023\/06\/13\/alcaldesa-de-tijuana-se-mudara-a-cuartel-militar-por-amenazas-y-atentado-en-su-contra\/#primaryimage"},"thumbnailUrl":"https:\/\/fuentesfidedignas.com.mx\/wp-content\/uploads\/2023\/06\/1-alcandesatj.png","articleSection":["NOTICIAS NACIONALES"],"inLanguage":"es","potentialAction":[{"@type":"CommentAction","name":"Comment","target":["https:\/\/fuentesfidedignas.com.mx\/index.php\/2023\/06\/13\/alcaldesa-de-tijuana-se-mudara-a-cuartel-militar-por-amenazas-y-atentado-en-su-contra\/#respond"]}]},{"@type":"WebPage","@id":"https:\/\/fuentesfidedignas.com.mx\/index.php\/2023\/06\/13\/alcaldesa-de-tijuana-se-mudara-a-cuartel-militar-por-amenazas-y-atentado-en-su-contra\/","url":"https:\/\/fuentesfidedignas.com.mx\/index.php\/2023\/06\/13\/alcaldesa-de-tijuana-se-mudara-a-cuartel-militar-por-amenazas-y-atentado-en-su-contra\/","name":"Alcaldesa de Tijuana se mudar\u00e1 a cuartel militar por amenazas y atentado en su contra - Fuentes Fidedignas","isPartOf":{"@id":"https:\/\/fuentesfidedignas.com.mx\/#website"},"primaryImageOfPage":{"@id":"https:\/\/fuentesfidedignas.com.mx\/index.php\/2023\/06\/13\/alcaldesa-de-tijuana-se-mudara-a-cuartel-militar-por-amenazas-y-atentado-en-su-contra\/#primaryimage"},"image":{"@id":"https:\/\/fuentesfidedignas.com.mx\/index.php\/2023\/06\/13\/alcaldesa-de-tijuana-se-mudara-a-cuartel-militar-por-amenazas-y-atentado-en-su-contra\/#primaryimage"},"thumbnailUrl":"https:\/\/fuentesfidedignas.com.mx\/wp-content\/uploads\/2023\/06\/1-alcandesatj.png","datePublished":"2023-06-14T01:38:16+00:00","dateModified":"2023-06-14T01:38:17+00:00","breadcrumb":{"@id":"https:\/\/fuentesfidedignas.com.mx\/index.php\/2023\/06\/13\/alcaldesa-de-tijuana-se-mudara-a-cuartel-militar-por-amenazas-y-atentado-en-su-contra\/#breadcrumb"},"inLanguage":"es","potentialAction":[{"@type":"ReadAction","target":["https:\/\/fuentesfidedignas.com.mx\/index.php\/2023\/06\/13\/alcaldesa-de-tijuana-se-mudara-a-cuartel-militar-por-amenazas-y-atentado-en-su-contra\/"]}]},{"@type":"ImageObject","inLanguage":"es","@id":"https:\/\/fuentesfidedignas.com.mx\/index.php\/2023\/06\/13\/alcaldesa-de-tijuana-se-mudara-a-cuartel-militar-por-amenazas-y-atentado-en-su-contra\/#primaryimage","url":"https:\/\/fuentesfidedignas.com.mx\/wp-content\/uploads\/2023\/06\/1-alcandesatj.png","contentUrl":"https:\/\/fuentesfidedignas.com.mx\/wp-content\/uploads\/2023\/06\/1-alcandesatj.png","width":531,"height":368},{"@type":"BreadcrumbList","@id":"https:\/\/fuentesfidedignas.com.mx\/index.php\/2023\/06\/13\/alcaldesa-de-tijuana-se-mudara-a-cuartel-militar-por-amenazas-y-atentado-en-su-contra\/#breadcrumb","itemListElement":[{"@type":"ListItem","position":1,"name":"Inicio","item":"https:\/\/fuentesfidedignas.com.mx\/"},{"@type":"ListItem","position":2,"name":"Alcaldesa de Tijuana se mudar\u00e1 a cuartel militar por amenazas y atentado en su contra"}]},{"@type":"WebSite","@id":"https:\/\/fuentesfidedignas.com.mx\/#website","url":"https:\/\/fuentesfidedignas.com.mx\/","name":"Fuentes Fidedignas","description":"Otro sitio realizado con WordPress","publisher":{"@id":"https:\/\/fuentesfidedignas.com.mx\/#organization"},"potentialAction":[{"@type":"SearchAction","target":{"@type":"EntryPoint","urlTemplate":"https:\/\/fuentesfidedignas.com.mx\/?s={search_term_string}"},"query-input":{"@type":"PropertyValueSpecification","valueRequired":true,"valueName":"search_term_string"}}],"inLanguage":"es"},{"@type":"Organization","@id":"https:\/\/fuentesfidedignas.com.mx\/#organization","name":"Fuentes Fidedignas","url":"https:\/\/fuentesfidedignas.com.mx\/","logo":{"@type":"ImageObject","inLanguage":"es","@id":"https:\/\/fuentesfidedignas.com.mx\/#\/schema\/logo\/image\/","url":"https:\/\/fuentesfidedignas.com.mx\/wp-content\/uploads\/2021\/04\/logo-retina.png","contentUrl":"https:\/\/fuentesfidedignas.com.mx\/wp-content\/uploads\/2021\/04\/logo-retina.png","width":280,"height":51,"caption":"Fuentes Fidedignas"},"image":{"@id":"https:\/\/fuentesfidedignas.com.mx\/#\/schema\/logo\/image\/"},"sameAs":["https:\/\/www.facebook.com\/Fuentes-Fidedignas-368234489921644","https:\/\/x.com\/fidedignas"]},{"@type":"Person","@id":"https:\/\/fuentesfidedignas.com.mx\/#\/schema\/person\/8575896a7c1067d352f6c1cd6582c389","name":"Infobae","image":{"@type":"ImageObject","inLanguage":"es","@id":"https:\/\/secure.gravatar.com\/avatar\/e4ec95706f8d1670343f6526fdcec45474bab17475a851434a64ca12b5acba1c?s=96&d=mm&r=g","url":"https:\/\/secure.gravatar.com\/avatar\/e4ec95706f8d1670343f6526fdcec45474bab17475a851434a64ca12b5acba1c?s=96&d=mm&r=g","contentUrl":"https:\/\/secure.gravatar.com\/avatar\/e4ec95706f8d1670343f6526fdcec45474bab17475a851434a64ca12b5acba1c?s=96&d=mm&r=g","caption":"Infobae"},"url":"https:\/\/fuentesfidedignas.com.mx\/index.php\/author\/infobae\/"}]}},"_links":{"self":[{"href":"https:\/\/fuentesfidedignas.com.mx\/index.php\/wp-json\/wp\/v2\/posts\/49869","targetHints":{"allow":["GET"]}}],"collection":[{"href":"https:\/\/fuentesfidedignas.com.mx\/index.php\/wp-json\/wp\/v2\/posts"}],"about":[{"href":"https:\/\/fuentesfidedignas.com.mx\/index.php\/wp-json\/wp\/v2\/types\/post"}],"author":[{"embeddable":true,"href":"https:\/\/fuentesfidedignas.com.mx\/index.php\/wp-json\/wp\/v2\/users\/41"}],"replies":[{"embeddable":true,"href":"https:\/\/fuentesfidedignas.com.mx\/index.php\/wp-json\/wp\/v2\/comments?post=49869"}],"version-history":[{"count":1,"href":"https:\/\/fuentesfidedignas.com.mx\/index.php\/wp-json\/wp\/v2\/posts\/49869\/revisions"}],"predecessor-version":[{"id":49871,"href":"https:\/\/fuentesfidedignas.com.mx\/index.php\/wp-json\/wp\/v2\/posts\/49869\/revisions\/49871"}],"wp:featuredmedia":[{"embeddable":true,"href":"https:\/\/fuentesfidedignas.com.mx\/index.php\/wp-json\/wp\/v2\/media\/49870"}],"wp:attachment":[{"href":"https:\/\/fuentesfidedignas.com.mx\/index.php\/wp-json\/wp\/v2\/media?parent=49869"}],"wp:term":[{"taxonomy":"category","embeddable":true,"href":"https:\/\/fuentesfidedignas.com.mx\/index.php\/wp-json\/wp\/v2\/categories?post=49869"},{"taxonomy":"post_tag","embeddable":true,"href":"https:\/\/fuentesfidedignas.com.mx\/index.php\/wp-json\/wp\/v2\/tags?post=49869"}],"curies":[{"name":"wp","href":"https:\/\/api.w.org\/{rel}","templated":true}]}}