{"id":49857,"date":"2023-06-13T17:38:05","date_gmt":"2023-06-14T00:38:05","guid":{"rendered":"https:\/\/fuentesfidedignas.com.mx\/?p=49857"},"modified":"2023-06-13T17:38:07","modified_gmt":"2023-06-14T00:38:07","slug":"la-capital-mundial-del-asesinato-por-que-hay-una-nueva-ola-de-homicidios-azotando-ciudad-juarez","status":"publish","type":"post","link":"https:\/\/fuentesfidedignas.com.mx\/index.php\/2023\/06\/13\/la-capital-mundial-del-asesinato-por-que-hay-una-nueva-ola-de-homicidios-azotando-ciudad-juarez\/","title":{"rendered":"\u201cLa capital mundial del asesinato\u201d: por qu\u00e9 hay una nueva ola de homicidios azotando Ciudad Ju\u00e1rez"},"content":{"rendered":"\n<p>La tasa de asesinatos del municipio fronterizo se ubic\u00f3 en casi 70 homicidios por cada 100 mil habitantes en 2022<\/p>\n\n\n\n<p>La tarde del pasado lunes 12 de junio, autoridades municipales de<strong>\u00a0Ciudad Ju\u00e1rez<\/strong>\u00a0recibieron un llamado al 911 en el que se report\u00f3 una t\u00e9trica escena ocurrida en las inmediaciones de la colonia Sulaim\u00e1n. Y es que, bajo los rayos del intenso sol y sobre un camino de terracer\u00eda, un hombre -cuya identidad no fue especificada- observ\u00f3 como un canino devoraba restos humanos que hab\u00edan sido abandonados en bolsas negras.<\/p>\n\n\n\n<p>Fue poco despu\u00e9s de las 14:00 horas que, de acuerdo con informaci\u00f3n de prensa local, elementos de distintas corporaciones policiacas arribaron al sitio para asegurar la escena e iniciar con las investigaciones pertinentes.<\/p>\n\n\n\n<p>Si bien el macabro episodio gener\u00f3 conmoci\u00f3n entre los habitantes de la colonia, lo cierto es que Ciudad Ju\u00e1rez se ha convertido en<strong>\u00a0uno de los municipios con una alta tasa de homicidios<\/strong>, cuyo origen estar\u00eda relacionado a las actividades delictivas que perpetran organizaciones criminales que operan en el estado de Chihuahua.<\/p>\n\n\n\n<p>Datos de la Fiscal\u00eda General del Estado (FGE), apuntan a que a lo largo del mes de\u00a0<strong>mayo se registraron 110 asesinatos en Ciudad Ju\u00e1rez\u00a0<\/strong>adem\u00e1s de que, de acuerdo con<em>\u00a0InSight Crime<\/em>, los primeros cinco meses de 2023 la entidad aport\u00f3 m\u00e1s de la mitad de los 897 homicidios registrados en el resto de Chihuahua<\/p>\n\n\n\n<p>Dicha cifra coincide con el informe del \u00cdndice de Paz M\u00e9xico 2023, el cual posiciona a la ciudad fronteriza como uno de los municipios con una mayor tasa de homicidios, la cual supera los 50 asesinatos por cada 100 mil habitantes.<\/p>\n\n\n\n<p>\u201cLos municipios que experimentan niveles extremos de violencia homicida a menudo se concentran en la misma \u00e1rea geogr\u00e1fica. Estas agrupaciones com\u00fanmente cruzan las fronteras estatales y\u00a0<strong>representan lugares estrat\u00e9gicos para la producci\u00f3n o el tr\u00e1fico de drogas ilegales<\/strong>. Tienden a estar en \u00e1reas en disputa por dos o m\u00e1s organizaciones delictivas, cuyas guerras territoriales elevan las tasas de homicidio\u201d, se lee en el informe publicado por el Instituto para la Econom\u00eda y la Paz (IEP).<\/p>\n\n\n\n<p>Aunque en su informe de 2023 el \u00cdndice de Paz M\u00e9xico (IPM) coloc\u00f3 a Chihuahua como el estado que registr\u00f3 la mayor mejora en la paz de cualquier otra entidad mexicana en 2022,&nbsp;<strong>Ciudad Ju\u00e1rez se ha convertido en un epicentro de violencia&nbsp;<\/strong>con altos \u00edndices en delitos como la trata de personas, homicidios y narcotr\u00e1fico.<\/p>\n\n\n\n<p>Bajo ese tenor, la organizaci\u00f3n especializada en temas de narcotr\u00e1fico\u00a0<em>InSight Crime<\/em>\u00a0se dio a la tarea de investigar las posibles causas de la ola de homicidios que ha azotado en los \u00faltimos meses a la entidad.<\/p>\n\n\n\n<p>Tanto\u00a0<em>InSight Crime<\/em>\u00a0como el Informe de Paz M\u00e9xico 2023 coinciden en que, tras la ca\u00edda en el valor de mercado de la marihuana y la hero\u00edna, los grupos criminales que operan en la frontera se han involucrado cada vez m\u00e1s en el\u00a0<strong>negocio del tr\u00e1fico il\u00edcito de migrantes<\/strong>, as\u00ed como en la producci\u00f3n y distribuci\u00f3n de<strong>\u00a0drogas sint\u00e9ticas<\/strong>\u00a0como las metanfetaminas o el fentanilo -opioide sint\u00e9tico que es responsable de la actual crisis de salud p\u00fablica que enfrenta Estados Unidos-.<\/p>\n\n\n\n<p>Respecto a la crisis migratoria, el representante del gobierno de Chihuahua, \u00d3scar Ib\u00e1\u00f1ez, se\u00f1al\u00f3 a la organizaci\u00f3n especializada en crimen organizado que&nbsp;<strong>el aumento de la demanda de servicios le ha dado a delincuentes grandes ganancias financieras<\/strong>&nbsp;ya que los coyotes cobran entre USD 4 mil y USD 10 mil solamente por el permiso para cruzar la frontera.<\/p>\n\n\n\n<p>\u201cSi antes te mataban porque estabas vendiendo en una zona ajena, ahora<strong>\u00a0te matan porque est\u00e1s traficando personas en un lugar que no te corresponde<\/strong>\u201d, se\u00f1al\u00f3 \u00d3scar Ib\u00e1\u00f1ez para\u00a0<em>InSight Crime<\/em>.<\/p>\n\n\n\n<figure class=\"wp-block-image size-large\"><img decoding=\"async\" src=\"https:\/\/www.infobae.com\/new-resizer\/_c-dlCJxNsD-AvsaxQ0jOrGoCfc=\/1200x675\/filters:format(webp):quality(85)\/cloudfront-us-east-1.images.arcpublishing.com\/infobae\/5BNQFAW2CFDZZD4GQVKSJMSNBI.png\" alt=\"\"\/><\/figure>\n\n\n\n<p>La posici\u00f3n geogr\u00e1fica de Ciudad Ju\u00e1rez hist\u00f3ricamente ha convertido a la entidad en un importante corredor de tr\u00e1fico de drogas hacia Estados Unidos y, aunque diversas organizaciones criminales han tenido el control de dichas rutas, actualmente son las rencillas entre los brazos armados de \u201c<strong>Los Mexicles<\/strong>\u201d (del C\u00e1rtel de Sinaloa) y \u201c<strong>La L\u00ednea<\/strong>\u201d (del C\u00e1rtel de Ju\u00e1rez) las que representan una<strong>&nbsp;grave amenaza para la seguridad&nbsp;<\/strong>de los habitantes del municipio y el resto del estado de Chihuahua.<\/p>\n\n\n\n<p>Autoridades locales confirmaron a&nbsp;<em>InSight Crime&nbsp;<\/em>que disputas por las ventas callejeras de drogas sint\u00e9ticas -como la metanfetamina- son responsables de la mayor parte de la violencia en Ciudad Ju\u00e1rez.<\/p>\n\n\n\n<p>\u201cEl 90 por ciento de los homicidios en Ju\u00e1rez tienen que ver con la venta [&#8230;] El conflicto entre las organizaciones criminales (por las drogas sint\u00e9ticas)&nbsp;<strong>es la causa de los asesinatos en Ju\u00e1rez<\/strong>\u201d, afirm\u00f3 el jefe de la Polic\u00eda Municipal, C\u00e9sar Omar Mu\u00f1oz para la organizaci\u00f3n especializada en narcotr\u00e1fico.<\/p>\n\n\n\n<p>El \u00cdndice de Paz M\u00e9xico (IPM) report\u00f3 tambi\u00e9n en su informe de 2023 que los c\u00e1rteles que operan en Chihuahua y en Ciudad Ju\u00e1rez se han expandido a otras actividades delictivas como la&nbsp;<strong>tala ilegal<\/strong>&nbsp;en el suroeste del estado,&nbsp;<strong>la extorsi\u00f3n<\/strong>&nbsp;y el&nbsp;<strong>robo en la industria minera<\/strong>, el&nbsp;<strong>secuestro y tr\u00e1fico de migrantes<\/strong>&nbsp;y el&nbsp;<strong>control y robo del agua<\/strong>&nbsp;en territorios propensos a la sequ\u00eda.<\/p>\n\n\n\n<p>De acuerdo con el an\u00e1lisis realizado por el Instituto para la Econom\u00eda y la Paz (IEP),\u00a0<strong>Ciudad Ju\u00e1rez<\/strong>\u00a0contin\u00faa teniendo una de las tasas de homicidio m\u00e1s altas del pa\u00eds, con<strong>\u00a0casi 70 homicidios por cada 100 mil habitantes.<\/strong>\u00a0Pese al desalentador panorama del municipio fronterizo, el \u00cdndice de Paz M\u00e9xico (IPM) 2023 detall\u00f3 que la tasa de los cr\u00edmenes de la delincuencia organizada de Chihuahua cay\u00f3 un 29.3%. Todos los subindicadores -con excepci\u00f3n del secuestro y la trata de personas- mejoraron, pues la demarcaci\u00f3n experiment\u00f3 una disminuci\u00f3n del 70.3% en la tasa de extorsi\u00f3n, una disminuci\u00f3n del 31.5% en la tasa de delitos de narcomenudeo y una disminuci\u00f3n del 27.8% en la tasa de delitos mayores.<\/p>\n\n\n\n<p><\/p>\n","protected":false},"excerpt":{"rendered":"<p>La tasa de asesinatos del municipio fronterizo se ubic\u00f3 en casi 70 homicidios por cada 100 mil habitantes en 2022 La tarde del pasado lunes 12 de junio, autoridades municipales de\u00a0Ciudad Ju\u00e1rez\u00a0recibieron un llamado al 911 en el que se report\u00f3 una t\u00e9trica escena ocurrida en las inmediaciones de la colonia Sulaim\u00e1n. Y es que, [&hellip;]<\/p>\n","protected":false},"author":41,"featured_media":49858,"comment_status":"open","ping_status":"open","sticky":false,"template":"","format":"standard","meta":{"tdm_status":"","tdm_grid_status":"","footnotes":""},"categories":[39],"tags":[],"class_list":{"0":"post-49857","1":"post","2":"type-post","3":"status-publish","4":"format-standard","5":"has-post-thumbnail","7":"category-noticias-nacionales"},"yoast_head":"<!-- This site is optimized with the Yoast SEO plugin v27.4 - https:\/\/yoast.com\/product\/yoast-seo-wordpress\/ -->\n<title>\u201cLa capital mundial del asesinato\u201d: por qu\u00e9 hay una nueva ola de homicidios azotando Ciudad Ju\u00e1rez - Fuentes Fidedignas<\/title>\n<meta name=\"robots\" content=\"index, follow, max-snippet:-1, max-image-preview:large, max-video-preview:-1\" \/>\n<link rel=\"canonical\" href=\"https:\/\/fuentesfidedignas.com.mx\/index.php\/2023\/06\/13\/la-capital-mundial-del-asesinato-por-que-hay-una-nueva-ola-de-homicidios-azotando-ciudad-juarez\/\" \/>\n<meta property=\"og:locale\" content=\"es_MX\" \/>\n<meta property=\"og:type\" content=\"article\" \/>\n<meta property=\"og:title\" content=\"\u201cLa capital mundial del asesinato\u201d: por qu\u00e9 hay una nueva ola de homicidios azotando Ciudad Ju\u00e1rez - Fuentes Fidedignas\" \/>\n<meta property=\"og:description\" content=\"La tasa de asesinatos del municipio fronterizo se ubic\u00f3 en casi 70 homicidios por cada 100 mil habitantes en 2022 La tarde del pasado lunes 12 de junio, autoridades municipales de\u00a0Ciudad Ju\u00e1rez\u00a0recibieron un llamado al 911 en el que se report\u00f3 una t\u00e9trica escena ocurrida en las inmediaciones de la colonia Sulaim\u00e1n. Y es que, [&hellip;]\" \/>\n<meta property=\"og:url\" content=\"https:\/\/fuentesfidedignas.com.mx\/index.php\/2023\/06\/13\/la-capital-mundial-del-asesinato-por-que-hay-una-nueva-ola-de-homicidios-azotando-ciudad-juarez\/\" \/>\n<meta property=\"og:site_name\" content=\"Fuentes Fidedignas\" \/>\n<meta property=\"article:publisher\" content=\"https:\/\/www.facebook.com\/Fuentes-Fidedignas-368234489921644\" \/>\n<meta property=\"article:published_time\" content=\"2023-06-14T00:38:05+00:00\" \/>\n<meta property=\"article:modified_time\" content=\"2023-06-14T00:38:07+00:00\" \/>\n<meta property=\"og:image\" content=\"https:\/\/fuentesfidedignas.com.mx\/wp-content\/uploads\/2023\/06\/1-cdJ.png\" \/>\n\t<meta property=\"og:image:width\" content=\"602\" \/>\n\t<meta property=\"og:image:height\" content=\"329\" \/>\n\t<meta property=\"og:image:type\" content=\"image\/png\" \/>\n<meta name=\"author\" content=\"Infobae\" \/>\n<meta name=\"twitter:card\" content=\"summary_large_image\" \/>\n<meta name=\"twitter:creator\" content=\"@fidedignas\" \/>\n<meta name=\"twitter:site\" content=\"@fidedignas\" \/>\n<meta name=\"twitter:label1\" content=\"Escrito por\" \/>\n\t<meta name=\"twitter:data1\" content=\"Infobae\" \/>\n\t<meta name=\"twitter:label2\" content=\"Tiempo de lectura\" \/>\n\t<meta name=\"twitter:data2\" content=\"5 minutos\" \/>\n<script type=\"application\/ld+json\" class=\"yoast-schema-graph\">{\"@context\":\"https:\\\/\\\/schema.org\",\"@graph\":[{\"@type\":\"Article\",\"@id\":\"https:\\\/\\\/fuentesfidedignas.com.mx\\\/index.php\\\/2023\\\/06\\\/13\\\/la-capital-mundial-del-asesinato-por-que-hay-una-nueva-ola-de-homicidios-azotando-ciudad-juarez\\\/#article\",\"isPartOf\":{\"@id\":\"https:\\\/\\\/fuentesfidedignas.com.mx\\\/index.php\\\/2023\\\/06\\\/13\\\/la-capital-mundial-del-asesinato-por-que-hay-una-nueva-ola-de-homicidios-azotando-ciudad-juarez\\\/\"},\"author\":{\"name\":\"Infobae\",\"@id\":\"https:\\\/\\\/fuentesfidedignas.com.mx\\\/#\\\/schema\\\/person\\\/8575896a7c1067d352f6c1cd6582c389\"},\"headline\":\"\u201cLa capital mundial del asesinato\u201d: por qu\u00e9 hay una nueva ola de homicidios azotando Ciudad Ju\u00e1rez\",\"datePublished\":\"2023-06-14T00:38:05+00:00\",\"dateModified\":\"2023-06-14T00:38:07+00:00\",\"mainEntityOfPage\":{\"@id\":\"https:\\\/\\\/fuentesfidedignas.com.mx\\\/index.php\\\/2023\\\/06\\\/13\\\/la-capital-mundial-del-asesinato-por-que-hay-una-nueva-ola-de-homicidios-azotando-ciudad-juarez\\\/\"},\"wordCount\":1045,\"commentCount\":0,\"publisher\":{\"@id\":\"https:\\\/\\\/fuentesfidedignas.com.mx\\\/#organization\"},\"image\":{\"@id\":\"https:\\\/\\\/fuentesfidedignas.com.mx\\\/index.php\\\/2023\\\/06\\\/13\\\/la-capital-mundial-del-asesinato-por-que-hay-una-nueva-ola-de-homicidios-azotando-ciudad-juarez\\\/#primaryimage\"},\"thumbnailUrl\":\"https:\\\/\\\/fuentesfidedignas.com.mx\\\/wp-content\\\/uploads\\\/2023\\\/06\\\/1-cdJ.png\",\"articleSection\":[\"NOTICIAS NACIONALES\"],\"inLanguage\":\"es\",\"potentialAction\":[{\"@type\":\"CommentAction\",\"name\":\"Comment\",\"target\":[\"https:\\\/\\\/fuentesfidedignas.com.mx\\\/index.php\\\/2023\\\/06\\\/13\\\/la-capital-mundial-del-asesinato-por-que-hay-una-nueva-ola-de-homicidios-azotando-ciudad-juarez\\\/#respond\"]}]},{\"@type\":\"WebPage\",\"@id\":\"https:\\\/\\\/fuentesfidedignas.com.mx\\\/index.php\\\/2023\\\/06\\\/13\\\/la-capital-mundial-del-asesinato-por-que-hay-una-nueva-ola-de-homicidios-azotando-ciudad-juarez\\\/\",\"url\":\"https:\\\/\\\/fuentesfidedignas.com.mx\\\/index.php\\\/2023\\\/06\\\/13\\\/la-capital-mundial-del-asesinato-por-que-hay-una-nueva-ola-de-homicidios-azotando-ciudad-juarez\\\/\",\"name\":\"\u201cLa capital mundial del asesinato\u201d: por qu\u00e9 hay una nueva ola de homicidios azotando Ciudad Ju\u00e1rez - Fuentes Fidedignas\",\"isPartOf\":{\"@id\":\"https:\\\/\\\/fuentesfidedignas.com.mx\\\/#website\"},\"primaryImageOfPage\":{\"@id\":\"https:\\\/\\\/fuentesfidedignas.com.mx\\\/index.php\\\/2023\\\/06\\\/13\\\/la-capital-mundial-del-asesinato-por-que-hay-una-nueva-ola-de-homicidios-azotando-ciudad-juarez\\\/#primaryimage\"},\"image\":{\"@id\":\"https:\\\/\\\/fuentesfidedignas.com.mx\\\/index.php\\\/2023\\\/06\\\/13\\\/la-capital-mundial-del-asesinato-por-que-hay-una-nueva-ola-de-homicidios-azotando-ciudad-juarez\\\/#primaryimage\"},\"thumbnailUrl\":\"https:\\\/\\\/fuentesfidedignas.com.mx\\\/wp-content\\\/uploads\\\/2023\\\/06\\\/1-cdJ.png\",\"datePublished\":\"2023-06-14T00:38:05+00:00\",\"dateModified\":\"2023-06-14T00:38:07+00:00\",\"breadcrumb\":{\"@id\":\"https:\\\/\\\/fuentesfidedignas.com.mx\\\/index.php\\\/2023\\\/06\\\/13\\\/la-capital-mundial-del-asesinato-por-que-hay-una-nueva-ola-de-homicidios-azotando-ciudad-juarez\\\/#breadcrumb\"},\"inLanguage\":\"es\",\"potentialAction\":[{\"@type\":\"ReadAction\",\"target\":[\"https:\\\/\\\/fuentesfidedignas.com.mx\\\/index.php\\\/2023\\\/06\\\/13\\\/la-capital-mundial-del-asesinato-por-que-hay-una-nueva-ola-de-homicidios-azotando-ciudad-juarez\\\/\"]}]},{\"@type\":\"ImageObject\",\"inLanguage\":\"es\",\"@id\":\"https:\\\/\\\/fuentesfidedignas.com.mx\\\/index.php\\\/2023\\\/06\\\/13\\\/la-capital-mundial-del-asesinato-por-que-hay-una-nueva-ola-de-homicidios-azotando-ciudad-juarez\\\/#primaryimage\",\"url\":\"https:\\\/\\\/fuentesfidedignas.com.mx\\\/wp-content\\\/uploads\\\/2023\\\/06\\\/1-cdJ.png\",\"contentUrl\":\"https:\\\/\\\/fuentesfidedignas.com.mx\\\/wp-content\\\/uploads\\\/2023\\\/06\\\/1-cdJ.png\",\"width\":602,\"height\":329},{\"@type\":\"BreadcrumbList\",\"@id\":\"https:\\\/\\\/fuentesfidedignas.com.mx\\\/index.php\\\/2023\\\/06\\\/13\\\/la-capital-mundial-del-asesinato-por-que-hay-una-nueva-ola-de-homicidios-azotando-ciudad-juarez\\\/#breadcrumb\",\"itemListElement\":[{\"@type\":\"ListItem\",\"position\":1,\"name\":\"Inicio\",\"item\":\"https:\\\/\\\/fuentesfidedignas.com.mx\\\/\"},{\"@type\":\"ListItem\",\"position\":2,\"name\":\"\u201cLa capital mundial del asesinato\u201d: por qu\u00e9 hay una nueva ola de homicidios azotando Ciudad Ju\u00e1rez\"}]},{\"@type\":\"WebSite\",\"@id\":\"https:\\\/\\\/fuentesfidedignas.com.mx\\\/#website\",\"url\":\"https:\\\/\\\/fuentesfidedignas.com.mx\\\/\",\"name\":\"Fuentes Fidedignas\",\"description\":\"Otro sitio realizado con WordPress\",\"publisher\":{\"@id\":\"https:\\\/\\\/fuentesfidedignas.com.mx\\\/#organization\"},\"potentialAction\":[{\"@type\":\"SearchAction\",\"target\":{\"@type\":\"EntryPoint\",\"urlTemplate\":\"https:\\\/\\\/fuentesfidedignas.com.mx\\\/?s={search_term_string}\"},\"query-input\":{\"@type\":\"PropertyValueSpecification\",\"valueRequired\":true,\"valueName\":\"search_term_string\"}}],\"inLanguage\":\"es\"},{\"@type\":\"Organization\",\"@id\":\"https:\\\/\\\/fuentesfidedignas.com.mx\\\/#organization\",\"name\":\"Fuentes Fidedignas\",\"url\":\"https:\\\/\\\/fuentesfidedignas.com.mx\\\/\",\"logo\":{\"@type\":\"ImageObject\",\"inLanguage\":\"es\",\"@id\":\"https:\\\/\\\/fuentesfidedignas.com.mx\\\/#\\\/schema\\\/logo\\\/image\\\/\",\"url\":\"https:\\\/\\\/fuentesfidedignas.com.mx\\\/wp-content\\\/uploads\\\/2021\\\/04\\\/logo-retina.png\",\"contentUrl\":\"https:\\\/\\\/fuentesfidedignas.com.mx\\\/wp-content\\\/uploads\\\/2021\\\/04\\\/logo-retina.png\",\"width\":280,\"height\":51,\"caption\":\"Fuentes Fidedignas\"},\"image\":{\"@id\":\"https:\\\/\\\/fuentesfidedignas.com.mx\\\/#\\\/schema\\\/logo\\\/image\\\/\"},\"sameAs\":[\"https:\\\/\\\/www.facebook.com\\\/Fuentes-Fidedignas-368234489921644\",\"https:\\\/\\\/x.com\\\/fidedignas\"]},{\"@type\":\"Person\",\"@id\":\"https:\\\/\\\/fuentesfidedignas.com.mx\\\/#\\\/schema\\\/person\\\/8575896a7c1067d352f6c1cd6582c389\",\"name\":\"Infobae\",\"image\":{\"@type\":\"ImageObject\",\"inLanguage\":\"es\",\"@id\":\"https:\\\/\\\/secure.gravatar.com\\\/avatar\\\/e4ec95706f8d1670343f6526fdcec45474bab17475a851434a64ca12b5acba1c?s=96&d=mm&r=g\",\"url\":\"https:\\\/\\\/secure.gravatar.com\\\/avatar\\\/e4ec95706f8d1670343f6526fdcec45474bab17475a851434a64ca12b5acba1c?s=96&d=mm&r=g\",\"contentUrl\":\"https:\\\/\\\/secure.gravatar.com\\\/avatar\\\/e4ec95706f8d1670343f6526fdcec45474bab17475a851434a64ca12b5acba1c?s=96&d=mm&r=g\",\"caption\":\"Infobae\"},\"url\":\"https:\\\/\\\/fuentesfidedignas.com.mx\\\/index.php\\\/author\\\/infobae\\\/\"}]}<\/script>\n<!-- \/ Yoast SEO plugin. -->","yoast_head_json":{"title":"\u201cLa capital mundial del asesinato\u201d: por qu\u00e9 hay una nueva ola de homicidios azotando Ciudad Ju\u00e1rez - Fuentes Fidedignas","robots":{"index":"index","follow":"follow","max-snippet":"max-snippet:-1","max-image-preview":"max-image-preview:large","max-video-preview":"max-video-preview:-1"},"canonical":"https:\/\/fuentesfidedignas.com.mx\/index.php\/2023\/06\/13\/la-capital-mundial-del-asesinato-por-que-hay-una-nueva-ola-de-homicidios-azotando-ciudad-juarez\/","og_locale":"es_MX","og_type":"article","og_title":"\u201cLa capital mundial del asesinato\u201d: por qu\u00e9 hay una nueva ola de homicidios azotando Ciudad Ju\u00e1rez - Fuentes Fidedignas","og_description":"La tasa de asesinatos del municipio fronterizo se ubic\u00f3 en casi 70 homicidios por cada 100 mil habitantes en 2022 La tarde del pasado lunes 12 de junio, autoridades municipales de\u00a0Ciudad Ju\u00e1rez\u00a0recibieron un llamado al 911 en el que se report\u00f3 una t\u00e9trica escena ocurrida en las inmediaciones de la colonia Sulaim\u00e1n. Y es que, [&hellip;]","og_url":"https:\/\/fuentesfidedignas.com.mx\/index.php\/2023\/06\/13\/la-capital-mundial-del-asesinato-por-que-hay-una-nueva-ola-de-homicidios-azotando-ciudad-juarez\/","og_site_name":"Fuentes Fidedignas","article_publisher":"https:\/\/www.facebook.com\/Fuentes-Fidedignas-368234489921644","article_published_time":"2023-06-14T00:38:05+00:00","article_modified_time":"2023-06-14T00:38:07+00:00","og_image":[{"width":602,"height":329,"url":"https:\/\/fuentesfidedignas.com.mx\/wp-content\/uploads\/2023\/06\/1-cdJ.png","type":"image\/png"}],"author":"Infobae","twitter_card":"summary_large_image","twitter_creator":"@fidedignas","twitter_site":"@fidedignas","twitter_misc":{"Escrito por":"Infobae","Tiempo de lectura":"5 minutos"},"schema":{"@context":"https:\/\/schema.org","@graph":[{"@type":"Article","@id":"https:\/\/fuentesfidedignas.com.mx\/index.php\/2023\/06\/13\/la-capital-mundial-del-asesinato-por-que-hay-una-nueva-ola-de-homicidios-azotando-ciudad-juarez\/#article","isPartOf":{"@id":"https:\/\/fuentesfidedignas.com.mx\/index.php\/2023\/06\/13\/la-capital-mundial-del-asesinato-por-que-hay-una-nueva-ola-de-homicidios-azotando-ciudad-juarez\/"},"author":{"name":"Infobae","@id":"https:\/\/fuentesfidedignas.com.mx\/#\/schema\/person\/8575896a7c1067d352f6c1cd6582c389"},"headline":"\u201cLa capital mundial del asesinato\u201d: por qu\u00e9 hay una nueva ola de homicidios azotando Ciudad Ju\u00e1rez","datePublished":"2023-06-14T00:38:05+00:00","dateModified":"2023-06-14T00:38:07+00:00","mainEntityOfPage":{"@id":"https:\/\/fuentesfidedignas.com.mx\/index.php\/2023\/06\/13\/la-capital-mundial-del-asesinato-por-que-hay-una-nueva-ola-de-homicidios-azotando-ciudad-juarez\/"},"wordCount":1045,"commentCount":0,"publisher":{"@id":"https:\/\/fuentesfidedignas.com.mx\/#organization"},"image":{"@id":"https:\/\/fuentesfidedignas.com.mx\/index.php\/2023\/06\/13\/la-capital-mundial-del-asesinato-por-que-hay-una-nueva-ola-de-homicidios-azotando-ciudad-juarez\/#primaryimage"},"thumbnailUrl":"https:\/\/fuentesfidedignas.com.mx\/wp-content\/uploads\/2023\/06\/1-cdJ.png","articleSection":["NOTICIAS NACIONALES"],"inLanguage":"es","potentialAction":[{"@type":"CommentAction","name":"Comment","target":["https:\/\/fuentesfidedignas.com.mx\/index.php\/2023\/06\/13\/la-capital-mundial-del-asesinato-por-que-hay-una-nueva-ola-de-homicidios-azotando-ciudad-juarez\/#respond"]}]},{"@type":"WebPage","@id":"https:\/\/fuentesfidedignas.com.mx\/index.php\/2023\/06\/13\/la-capital-mundial-del-asesinato-por-que-hay-una-nueva-ola-de-homicidios-azotando-ciudad-juarez\/","url":"https:\/\/fuentesfidedignas.com.mx\/index.php\/2023\/06\/13\/la-capital-mundial-del-asesinato-por-que-hay-una-nueva-ola-de-homicidios-azotando-ciudad-juarez\/","name":"\u201cLa capital mundial del asesinato\u201d: por qu\u00e9 hay una nueva ola de homicidios azotando Ciudad Ju\u00e1rez - Fuentes Fidedignas","isPartOf":{"@id":"https:\/\/fuentesfidedignas.com.mx\/#website"},"primaryImageOfPage":{"@id":"https:\/\/fuentesfidedignas.com.mx\/index.php\/2023\/06\/13\/la-capital-mundial-del-asesinato-por-que-hay-una-nueva-ola-de-homicidios-azotando-ciudad-juarez\/#primaryimage"},"image":{"@id":"https:\/\/fuentesfidedignas.com.mx\/index.php\/2023\/06\/13\/la-capital-mundial-del-asesinato-por-que-hay-una-nueva-ola-de-homicidios-azotando-ciudad-juarez\/#primaryimage"},"thumbnailUrl":"https:\/\/fuentesfidedignas.com.mx\/wp-content\/uploads\/2023\/06\/1-cdJ.png","datePublished":"2023-06-14T00:38:05+00:00","dateModified":"2023-06-14T00:38:07+00:00","breadcrumb":{"@id":"https:\/\/fuentesfidedignas.com.mx\/index.php\/2023\/06\/13\/la-capital-mundial-del-asesinato-por-que-hay-una-nueva-ola-de-homicidios-azotando-ciudad-juarez\/#breadcrumb"},"inLanguage":"es","potentialAction":[{"@type":"ReadAction","target":["https:\/\/fuentesfidedignas.com.mx\/index.php\/2023\/06\/13\/la-capital-mundial-del-asesinato-por-que-hay-una-nueva-ola-de-homicidios-azotando-ciudad-juarez\/"]}]},{"@type":"ImageObject","inLanguage":"es","@id":"https:\/\/fuentesfidedignas.com.mx\/index.php\/2023\/06\/13\/la-capital-mundial-del-asesinato-por-que-hay-una-nueva-ola-de-homicidios-azotando-ciudad-juarez\/#primaryimage","url":"https:\/\/fuentesfidedignas.com.mx\/wp-content\/uploads\/2023\/06\/1-cdJ.png","contentUrl":"https:\/\/fuentesfidedignas.com.mx\/wp-content\/uploads\/2023\/06\/1-cdJ.png","width":602,"height":329},{"@type":"BreadcrumbList","@id":"https:\/\/fuentesfidedignas.com.mx\/index.php\/2023\/06\/13\/la-capital-mundial-del-asesinato-por-que-hay-una-nueva-ola-de-homicidios-azotando-ciudad-juarez\/#breadcrumb","itemListElement":[{"@type":"ListItem","position":1,"name":"Inicio","item":"https:\/\/fuentesfidedignas.com.mx\/"},{"@type":"ListItem","position":2,"name":"\u201cLa capital mundial del asesinato\u201d: por qu\u00e9 hay una nueva ola de homicidios azotando Ciudad Ju\u00e1rez"}]},{"@type":"WebSite","@id":"https:\/\/fuentesfidedignas.com.mx\/#website","url":"https:\/\/fuentesfidedignas.com.mx\/","name":"Fuentes Fidedignas","description":"Otro sitio realizado con WordPress","publisher":{"@id":"https:\/\/fuentesfidedignas.com.mx\/#organization"},"potentialAction":[{"@type":"SearchAction","target":{"@type":"EntryPoint","urlTemplate":"https:\/\/fuentesfidedignas.com.mx\/?s={search_term_string}"},"query-input":{"@type":"PropertyValueSpecification","valueRequired":true,"valueName":"search_term_string"}}],"inLanguage":"es"},{"@type":"Organization","@id":"https:\/\/fuentesfidedignas.com.mx\/#organization","name":"Fuentes Fidedignas","url":"https:\/\/fuentesfidedignas.com.mx\/","logo":{"@type":"ImageObject","inLanguage":"es","@id":"https:\/\/fuentesfidedignas.com.mx\/#\/schema\/logo\/image\/","url":"https:\/\/fuentesfidedignas.com.mx\/wp-content\/uploads\/2021\/04\/logo-retina.png","contentUrl":"https:\/\/fuentesfidedignas.com.mx\/wp-content\/uploads\/2021\/04\/logo-retina.png","width":280,"height":51,"caption":"Fuentes Fidedignas"},"image":{"@id":"https:\/\/fuentesfidedignas.com.mx\/#\/schema\/logo\/image\/"},"sameAs":["https:\/\/www.facebook.com\/Fuentes-Fidedignas-368234489921644","https:\/\/x.com\/fidedignas"]},{"@type":"Person","@id":"https:\/\/fuentesfidedignas.com.mx\/#\/schema\/person\/8575896a7c1067d352f6c1cd6582c389","name":"Infobae","image":{"@type":"ImageObject","inLanguage":"es","@id":"https:\/\/secure.gravatar.com\/avatar\/e4ec95706f8d1670343f6526fdcec45474bab17475a851434a64ca12b5acba1c?s=96&d=mm&r=g","url":"https:\/\/secure.gravatar.com\/avatar\/e4ec95706f8d1670343f6526fdcec45474bab17475a851434a64ca12b5acba1c?s=96&d=mm&r=g","contentUrl":"https:\/\/secure.gravatar.com\/avatar\/e4ec95706f8d1670343f6526fdcec45474bab17475a851434a64ca12b5acba1c?s=96&d=mm&r=g","caption":"Infobae"},"url":"https:\/\/fuentesfidedignas.com.mx\/index.php\/author\/infobae\/"}]}},"_links":{"self":[{"href":"https:\/\/fuentesfidedignas.com.mx\/index.php\/wp-json\/wp\/v2\/posts\/49857","targetHints":{"allow":["GET"]}}],"collection":[{"href":"https:\/\/fuentesfidedignas.com.mx\/index.php\/wp-json\/wp\/v2\/posts"}],"about":[{"href":"https:\/\/fuentesfidedignas.com.mx\/index.php\/wp-json\/wp\/v2\/types\/post"}],"author":[{"embeddable":true,"href":"https:\/\/fuentesfidedignas.com.mx\/index.php\/wp-json\/wp\/v2\/users\/41"}],"replies":[{"embeddable":true,"href":"https:\/\/fuentesfidedignas.com.mx\/index.php\/wp-json\/wp\/v2\/comments?post=49857"}],"version-history":[{"count":1,"href":"https:\/\/fuentesfidedignas.com.mx\/index.php\/wp-json\/wp\/v2\/posts\/49857\/revisions"}],"predecessor-version":[{"id":49859,"href":"https:\/\/fuentesfidedignas.com.mx\/index.php\/wp-json\/wp\/v2\/posts\/49857\/revisions\/49859"}],"wp:featuredmedia":[{"embeddable":true,"href":"https:\/\/fuentesfidedignas.com.mx\/index.php\/wp-json\/wp\/v2\/media\/49858"}],"wp:attachment":[{"href":"https:\/\/fuentesfidedignas.com.mx\/index.php\/wp-json\/wp\/v2\/media?parent=49857"}],"wp:term":[{"taxonomy":"category","embeddable":true,"href":"https:\/\/fuentesfidedignas.com.mx\/index.php\/wp-json\/wp\/v2\/categories?post=49857"},{"taxonomy":"post_tag","embeddable":true,"href":"https:\/\/fuentesfidedignas.com.mx\/index.php\/wp-json\/wp\/v2\/tags?post=49857"}],"curies":[{"name":"wp","href":"https:\/\/api.w.org\/{rel}","templated":true}]}}