{"id":49813,"date":"2023-06-13T14:43:25","date_gmt":"2023-06-13T21:43:25","guid":{"rendered":"https:\/\/fuentesfidedignas.com.mx\/?p=49813"},"modified":"2023-06-13T16:46:12","modified_gmt":"2023-06-13T23:46:12","slug":"el-rector-envia-con-la-ley-en-la-mano-4598465465165","status":"publish","type":"post","link":"https:\/\/fuentesfidedignas.com.mx\/index.php\/2023\/06\/13\/el-rector-envia-con-la-ley-en-la-mano-4598465465165\/","title":{"rendered":"Rector env\u00eda mensaje de resistencia: autonom\u00eda de la UAS no es negociable"},"content":{"rendered":"\n<p><em><strong>Envi\u00f3 un \u201cmensaje de resistencia\u201d a la comunidad universitaria, a quien exhort\u00f3 a mantener la frente en alto y a tener presente que el origen de la persecuci\u00f3n pol\u00edtica es el rechazo de la Universidad a la Ley de Educaci\u00f3n Superior del Estado de Sinaloa<\/strong><\/em><\/p>\n\n\n\n<p>Culiac\u00e1n, Sin.- El Rector de la Universidad Aut\u00f3noma de Sinaloa (UAS), doctor Jes\u00fas Madue\u00f1a Molina, reiter\u00f3 que la Autonom\u00eda Universitaria no est\u00e1 a negociaci\u00f3n, que no se est\u00e1 en contra de una reforma a la Ley Org\u00e1nica, que hay transparencia de sobra en la instituci\u00f3n y que no tiene de qu\u00e9 avergonzarse en su desempe\u00f1o al frente de la instituci\u00f3n.<\/p>\n\n\n\n<p>Desde la cabina principal de RadioUAS, Madue\u00f1a Molina envi\u00f3 un<strong> \u201cmensaje de resistencia\u201d <\/strong>a la comunidad universitaria, a quien exhort\u00f3 a mantener la frente en alto y a tener presente que el origen de la persecuci\u00f3n pol\u00edtica es el rechazo de la Universidad a la Ley de Educaci\u00f3n Superior del Estado de Sinaloa, que viola flagrantemente la Autonom\u00eda Universitaria.<\/p>\n\n\n\n<p>\u201c<strong>No la vamos a negociar porque para las universidades la Autonom\u00eda es sagrada<\/strong>\u201d, dijo al enfatizar que no pasar\u00e1 a la historia como el Rector que traicion\u00f3 este principio elemental porque la UAS es la primera instituci\u00f3n que en 1918 tuvo la Autonom\u00eda Universitaria en M\u00e9xico.<\/p>\n\n\n\n<p><strong>\u201cNosotros no estamos en contra de que se reforme la Ley Org\u00e1nica de la Universidad, nosotros estamos armando una iniciativa, una propuesta que ya le entregu\u00e9 al se\u00f1or Gobernador producto del Foro de Reforma Acad\u00e9mica Administrativa, pero s\u00ed el tema fundamental es que se respete la Autonom\u00eda Universitaria<\/strong>\u201d, expres\u00f3 al se\u00f1alar que se propone que construyan juntos Gobierno, Congreso del Estado, empresarios, estudiantes y trabajadores una nueva Ley Org\u00e1nica mediante la cual la UAS le sirva a los sectores productivos y a Sinaloa, porque no se est\u00e1 a favor de regresar a la \u00e9poca donde la elecci\u00f3n de directores y rectores era de <strong>\u201cguerras a muerte\u201d.<\/strong><\/p>\n\n\n\n<p>Detall\u00f3 que la propuesta le gust\u00f3 al Gobernador Rub\u00e9n Rocha Moya, llegando al acuerdo en los temas del m\u00e9todo de elecci\u00f3n de Rector y directores, la paridad en el Consejo Universitario donde solicitan un alumno m\u00e1s como consejero y la paridad de g\u00e9nero; y le aclar\u00f3 al Gobernador que no estaba de acuerdo en que la ASE audite los recursos de la UAS porque no es competencia de ella, porque son recursos federales, federalizados y propios, y tampoco en la comparecencia del Rector ante el Congreso del Estado porque a \u00e9ste lo nombra el Consejo Universitario. Sin embargo, el Gobernador al d\u00eda siguiente le mand\u00f3 decir que \u201cdesconoc\u00eda esos acuerdos\u201d y que no ir\u00eda al Informe de Labores.<\/p>\n\n\n\n<p>\u201cNo nos negamos a que nos audite la gente que tiene competencia, pero s\u00ed los que no tienen competencia porque est\u00e1n orientados\u201d, expres\u00f3 refiriendo que antes losgobiernos estatales usaban esas revisiones como moneda de cambio, se le quit\u00f3 esa competencia y se le dio a la Auditor\u00eda Superior de la Federaci\u00f3n, lo cual fue acertado para que los estados no metieran mano en las universidades.<\/p>\n\n\n\n<p>\u201cNo se trata de escudarnos en la Autonom\u00eda, transparencia se tiene y de sobra\u201d, subray\u00f3 el Rector al citar las recientes tres auditorias que la ASF practic\u00f3 y las que cada a\u00f1o realiza un despacho externo para entregarse a la C\u00e1mara de Diputados y la propia ASF.&nbsp;<\/p>\n","protected":false},"excerpt":{"rendered":"<p>Envi\u00f3 un \u201cmensaje de resistencia\u201d a la comunidad universitaria, a quien exhort\u00f3 a mantener la frente en alto y a tener presente que el origen de la persecuci\u00f3n pol\u00edtica es el rechazo de la Universidad a la Ley de Educaci\u00f3n Superior del Estado de Sinaloa Culiac\u00e1n, Sin.- El Rector de la Universidad Aut\u00f3noma de Sinaloa [&hellip;]<\/p>\n","protected":false},"author":4,"featured_media":49849,"comment_status":"open","ping_status":"open","sticky":false,"template":"","format":"standard","meta":{"tdm_status":"","tdm_grid_status":"","footnotes":""},"categories":[37],"tags":[],"class_list":{"0":"post-49813","1":"post","2":"type-post","3":"status-publish","4":"format-standard","5":"has-post-thumbnail","7":"category-nota-principal"},"yoast_head":"<!-- This site is optimized with the Yoast SEO plugin v27.4 - https:\/\/yoast.com\/product\/yoast-seo-wordpress\/ -->\n<title>Rector env\u00eda mensaje de resistencia: autonom\u00eda de la UAS no es negociable - Fuentes Fidedignas<\/title>\n<meta name=\"robots\" content=\"index, follow, max-snippet:-1, max-image-preview:large, max-video-preview:-1\" \/>\n<link rel=\"canonical\" href=\"https:\/\/fuentesfidedignas.com.mx\/index.php\/2023\/06\/13\/el-rector-envia-con-la-ley-en-la-mano-4598465465165\/\" \/>\n<meta property=\"og:locale\" content=\"es_MX\" \/>\n<meta property=\"og:type\" content=\"article\" \/>\n<meta property=\"og:title\" content=\"Rector env\u00eda mensaje de resistencia: autonom\u00eda de la UAS no es negociable - Fuentes Fidedignas\" \/>\n<meta property=\"og:description\" content=\"Envi\u00f3 un \u201cmensaje de resistencia\u201d a la comunidad universitaria, a quien exhort\u00f3 a mantener la frente en alto y a tener presente que el origen de la persecuci\u00f3n pol\u00edtica es el rechazo de la Universidad a la Ley de Educaci\u00f3n Superior del Estado de Sinaloa Culiac\u00e1n, Sin.- El Rector de la Universidad Aut\u00f3noma de Sinaloa [&hellip;]\" \/>\n<meta property=\"og:url\" content=\"https:\/\/fuentesfidedignas.com.mx\/index.php\/2023\/06\/13\/el-rector-envia-con-la-ley-en-la-mano-4598465465165\/\" \/>\n<meta property=\"og:site_name\" content=\"Fuentes Fidedignas\" \/>\n<meta property=\"article:publisher\" content=\"https:\/\/www.facebook.com\/Fuentes-Fidedignas-368234489921644\" \/>\n<meta property=\"article:published_time\" content=\"2023-06-13T21:43:25+00:00\" \/>\n<meta property=\"article:modified_time\" content=\"2023-06-13T23:46:12+00:00\" \/>\n<meta property=\"og:image\" content=\"https:\/\/fuentesfidedignas.com.mx\/wp-content\/uploads\/2023\/06\/RECTOR-01.jpeg\" \/>\n\t<meta property=\"og:image:width\" content=\"600\" \/>\n\t<meta property=\"og:image:height\" content=\"448\" \/>\n\t<meta property=\"og:image:type\" content=\"image\/jpeg\" \/>\n<meta name=\"author\" content=\"Redacci\u00f3n\" \/>\n<meta name=\"twitter:card\" content=\"summary_large_image\" \/>\n<meta name=\"twitter:creator\" content=\"@fidedignas\" \/>\n<meta name=\"twitter:site\" content=\"@fidedignas\" \/>\n<meta name=\"twitter:label1\" content=\"Escrito por\" \/>\n\t<meta name=\"twitter:data1\" content=\"Redacci\u00f3n\" \/>\n\t<meta name=\"twitter:label2\" content=\"Tiempo de lectura\" \/>\n\t<meta name=\"twitter:data2\" content=\"3 minutos\" \/>\n<script type=\"application\/ld+json\" class=\"yoast-schema-graph\">{\"@context\":\"https:\\\/\\\/schema.org\",\"@graph\":[{\"@type\":\"Article\",\"@id\":\"https:\\\/\\\/fuentesfidedignas.com.mx\\\/index.php\\\/2023\\\/06\\\/13\\\/el-rector-envia-con-la-ley-en-la-mano-4598465465165\\\/#article\",\"isPartOf\":{\"@id\":\"https:\\\/\\\/fuentesfidedignas.com.mx\\\/index.php\\\/2023\\\/06\\\/13\\\/el-rector-envia-con-la-ley-en-la-mano-4598465465165\\\/\"},\"author\":{\"name\":\"Redacci\u00f3n\",\"@id\":\"https:\\\/\\\/fuentesfidedignas.com.mx\\\/#\\\/schema\\\/person\\\/331be9283d37198e2acd5750279085b0\"},\"headline\":\"Rector env\u00eda mensaje de resistencia: autonom\u00eda de la UAS no es negociable\",\"datePublished\":\"2023-06-13T21:43:25+00:00\",\"dateModified\":\"2023-06-13T23:46:12+00:00\",\"mainEntityOfPage\":{\"@id\":\"https:\\\/\\\/fuentesfidedignas.com.mx\\\/index.php\\\/2023\\\/06\\\/13\\\/el-rector-envia-con-la-ley-en-la-mano-4598465465165\\\/\"},\"wordCount\":604,\"commentCount\":0,\"publisher\":{\"@id\":\"https:\\\/\\\/fuentesfidedignas.com.mx\\\/#organization\"},\"image\":{\"@id\":\"https:\\\/\\\/fuentesfidedignas.com.mx\\\/index.php\\\/2023\\\/06\\\/13\\\/el-rector-envia-con-la-ley-en-la-mano-4598465465165\\\/#primaryimage\"},\"thumbnailUrl\":\"https:\\\/\\\/fuentesfidedignas.com.mx\\\/wp-content\\\/uploads\\\/2023\\\/06\\\/RECTOR-01.jpeg\",\"articleSection\":[\"NOTA PRINCIPAL\"],\"inLanguage\":\"es\",\"potentialAction\":[{\"@type\":\"CommentAction\",\"name\":\"Comment\",\"target\":[\"https:\\\/\\\/fuentesfidedignas.com.mx\\\/index.php\\\/2023\\\/06\\\/13\\\/el-rector-envia-con-la-ley-en-la-mano-4598465465165\\\/#respond\"]}]},{\"@type\":\"WebPage\",\"@id\":\"https:\\\/\\\/fuentesfidedignas.com.mx\\\/index.php\\\/2023\\\/06\\\/13\\\/el-rector-envia-con-la-ley-en-la-mano-4598465465165\\\/\",\"url\":\"https:\\\/\\\/fuentesfidedignas.com.mx\\\/index.php\\\/2023\\\/06\\\/13\\\/el-rector-envia-con-la-ley-en-la-mano-4598465465165\\\/\",\"name\":\"Rector env\u00eda mensaje de resistencia: autonom\u00eda de la UAS no es negociable - Fuentes Fidedignas\",\"isPartOf\":{\"@id\":\"https:\\\/\\\/fuentesfidedignas.com.mx\\\/#website\"},\"primaryImageOfPage\":{\"@id\":\"https:\\\/\\\/fuentesfidedignas.com.mx\\\/index.php\\\/2023\\\/06\\\/13\\\/el-rector-envia-con-la-ley-en-la-mano-4598465465165\\\/#primaryimage\"},\"image\":{\"@id\":\"https:\\\/\\\/fuentesfidedignas.com.mx\\\/index.php\\\/2023\\\/06\\\/13\\\/el-rector-envia-con-la-ley-en-la-mano-4598465465165\\\/#primaryimage\"},\"thumbnailUrl\":\"https:\\\/\\\/fuentesfidedignas.com.mx\\\/wp-content\\\/uploads\\\/2023\\\/06\\\/RECTOR-01.jpeg\",\"datePublished\":\"2023-06-13T21:43:25+00:00\",\"dateModified\":\"2023-06-13T23:46:12+00:00\",\"breadcrumb\":{\"@id\":\"https:\\\/\\\/fuentesfidedignas.com.mx\\\/index.php\\\/2023\\\/06\\\/13\\\/el-rector-envia-con-la-ley-en-la-mano-4598465465165\\\/#breadcrumb\"},\"inLanguage\":\"es\",\"potentialAction\":[{\"@type\":\"ReadAction\",\"target\":[\"https:\\\/\\\/fuentesfidedignas.com.mx\\\/index.php\\\/2023\\\/06\\\/13\\\/el-rector-envia-con-la-ley-en-la-mano-4598465465165\\\/\"]}]},{\"@type\":\"ImageObject\",\"inLanguage\":\"es\",\"@id\":\"https:\\\/\\\/fuentesfidedignas.com.mx\\\/index.php\\\/2023\\\/06\\\/13\\\/el-rector-envia-con-la-ley-en-la-mano-4598465465165\\\/#primaryimage\",\"url\":\"https:\\\/\\\/fuentesfidedignas.com.mx\\\/wp-content\\\/uploads\\\/2023\\\/06\\\/RECTOR-01.jpeg\",\"contentUrl\":\"https:\\\/\\\/fuentesfidedignas.com.mx\\\/wp-content\\\/uploads\\\/2023\\\/06\\\/RECTOR-01.jpeg\",\"width\":600,\"height\":448},{\"@type\":\"BreadcrumbList\",\"@id\":\"https:\\\/\\\/fuentesfidedignas.com.mx\\\/index.php\\\/2023\\\/06\\\/13\\\/el-rector-envia-con-la-ley-en-la-mano-4598465465165\\\/#breadcrumb\",\"itemListElement\":[{\"@type\":\"ListItem\",\"position\":1,\"name\":\"Inicio\",\"item\":\"https:\\\/\\\/fuentesfidedignas.com.mx\\\/\"},{\"@type\":\"ListItem\",\"position\":2,\"name\":\"Rector env\u00eda mensaje de resistencia: autonom\u00eda de la UAS no es negociable\"}]},{\"@type\":\"WebSite\",\"@id\":\"https:\\\/\\\/fuentesfidedignas.com.mx\\\/#website\",\"url\":\"https:\\\/\\\/fuentesfidedignas.com.mx\\\/\",\"name\":\"Fuentes Fidedignas\",\"description\":\"Otro sitio realizado con WordPress\",\"publisher\":{\"@id\":\"https:\\\/\\\/fuentesfidedignas.com.mx\\\/#organization\"},\"potentialAction\":[{\"@type\":\"SearchAction\",\"target\":{\"@type\":\"EntryPoint\",\"urlTemplate\":\"https:\\\/\\\/fuentesfidedignas.com.mx\\\/?s={search_term_string}\"},\"query-input\":{\"@type\":\"PropertyValueSpecification\",\"valueRequired\":true,\"valueName\":\"search_term_string\"}}],\"inLanguage\":\"es\"},{\"@type\":\"Organization\",\"@id\":\"https:\\\/\\\/fuentesfidedignas.com.mx\\\/#organization\",\"name\":\"Fuentes Fidedignas\",\"url\":\"https:\\\/\\\/fuentesfidedignas.com.mx\\\/\",\"logo\":{\"@type\":\"ImageObject\",\"inLanguage\":\"es\",\"@id\":\"https:\\\/\\\/fuentesfidedignas.com.mx\\\/#\\\/schema\\\/logo\\\/image\\\/\",\"url\":\"https:\\\/\\\/fuentesfidedignas.com.mx\\\/wp-content\\\/uploads\\\/2021\\\/04\\\/logo-retina.png\",\"contentUrl\":\"https:\\\/\\\/fuentesfidedignas.com.mx\\\/wp-content\\\/uploads\\\/2021\\\/04\\\/logo-retina.png\",\"width\":280,\"height\":51,\"caption\":\"Fuentes Fidedignas\"},\"image\":{\"@id\":\"https:\\\/\\\/fuentesfidedignas.com.mx\\\/#\\\/schema\\\/logo\\\/image\\\/\"},\"sameAs\":[\"https:\\\/\\\/www.facebook.com\\\/Fuentes-Fidedignas-368234489921644\",\"https:\\\/\\\/x.com\\\/fidedignas\"]},{\"@type\":\"Person\",\"@id\":\"https:\\\/\\\/fuentesfidedignas.com.mx\\\/#\\\/schema\\\/person\\\/331be9283d37198e2acd5750279085b0\",\"name\":\"Redacci\u00f3n\",\"image\":{\"@type\":\"ImageObject\",\"inLanguage\":\"es\",\"@id\":\"https:\\\/\\\/secure.gravatar.com\\\/avatar\\\/f6d8782c11d12b2d4ad3fbb6931aeab5309937a4d6cd2fc9cfaa28a6396a5aec?s=96&d=mm&r=g\",\"url\":\"https:\\\/\\\/secure.gravatar.com\\\/avatar\\\/f6d8782c11d12b2d4ad3fbb6931aeab5309937a4d6cd2fc9cfaa28a6396a5aec?s=96&d=mm&r=g\",\"contentUrl\":\"https:\\\/\\\/secure.gravatar.com\\\/avatar\\\/f6d8782c11d12b2d4ad3fbb6931aeab5309937a4d6cd2fc9cfaa28a6396a5aec?s=96&d=mm&r=g\",\"caption\":\"Redacci\u00f3n\"},\"url\":\"https:\\\/\\\/fuentesfidedignas.com.mx\\\/index.php\\\/author\\\/redaccion\\\/\"}]}<\/script>\n<!-- \/ Yoast SEO plugin. -->","yoast_head_json":{"title":"Rector env\u00eda mensaje de resistencia: autonom\u00eda de la UAS no es negociable - Fuentes Fidedignas","robots":{"index":"index","follow":"follow","max-snippet":"max-snippet:-1","max-image-preview":"max-image-preview:large","max-video-preview":"max-video-preview:-1"},"canonical":"https:\/\/fuentesfidedignas.com.mx\/index.php\/2023\/06\/13\/el-rector-envia-con-la-ley-en-la-mano-4598465465165\/","og_locale":"es_MX","og_type":"article","og_title":"Rector env\u00eda mensaje de resistencia: autonom\u00eda de la UAS no es negociable - Fuentes Fidedignas","og_description":"Envi\u00f3 un \u201cmensaje de resistencia\u201d a la comunidad universitaria, a quien exhort\u00f3 a mantener la frente en alto y a tener presente que el origen de la persecuci\u00f3n pol\u00edtica es el rechazo de la Universidad a la Ley de Educaci\u00f3n Superior del Estado de Sinaloa Culiac\u00e1n, Sin.- El Rector de la Universidad Aut\u00f3noma de Sinaloa [&hellip;]","og_url":"https:\/\/fuentesfidedignas.com.mx\/index.php\/2023\/06\/13\/el-rector-envia-con-la-ley-en-la-mano-4598465465165\/","og_site_name":"Fuentes Fidedignas","article_publisher":"https:\/\/www.facebook.com\/Fuentes-Fidedignas-368234489921644","article_published_time":"2023-06-13T21:43:25+00:00","article_modified_time":"2023-06-13T23:46:12+00:00","og_image":[{"width":600,"height":448,"url":"https:\/\/fuentesfidedignas.com.mx\/wp-content\/uploads\/2023\/06\/RECTOR-01.jpeg","type":"image\/jpeg"}],"author":"Redacci\u00f3n","twitter_card":"summary_large_image","twitter_creator":"@fidedignas","twitter_site":"@fidedignas","twitter_misc":{"Escrito por":"Redacci\u00f3n","Tiempo de lectura":"3 minutos"},"schema":{"@context":"https:\/\/schema.org","@graph":[{"@type":"Article","@id":"https:\/\/fuentesfidedignas.com.mx\/index.php\/2023\/06\/13\/el-rector-envia-con-la-ley-en-la-mano-4598465465165\/#article","isPartOf":{"@id":"https:\/\/fuentesfidedignas.com.mx\/index.php\/2023\/06\/13\/el-rector-envia-con-la-ley-en-la-mano-4598465465165\/"},"author":{"name":"Redacci\u00f3n","@id":"https:\/\/fuentesfidedignas.com.mx\/#\/schema\/person\/331be9283d37198e2acd5750279085b0"},"headline":"Rector env\u00eda mensaje de resistencia: autonom\u00eda de la UAS no es negociable","datePublished":"2023-06-13T21:43:25+00:00","dateModified":"2023-06-13T23:46:12+00:00","mainEntityOfPage":{"@id":"https:\/\/fuentesfidedignas.com.mx\/index.php\/2023\/06\/13\/el-rector-envia-con-la-ley-en-la-mano-4598465465165\/"},"wordCount":604,"commentCount":0,"publisher":{"@id":"https:\/\/fuentesfidedignas.com.mx\/#organization"},"image":{"@id":"https:\/\/fuentesfidedignas.com.mx\/index.php\/2023\/06\/13\/el-rector-envia-con-la-ley-en-la-mano-4598465465165\/#primaryimage"},"thumbnailUrl":"https:\/\/fuentesfidedignas.com.mx\/wp-content\/uploads\/2023\/06\/RECTOR-01.jpeg","articleSection":["NOTA PRINCIPAL"],"inLanguage":"es","potentialAction":[{"@type":"CommentAction","name":"Comment","target":["https:\/\/fuentesfidedignas.com.mx\/index.php\/2023\/06\/13\/el-rector-envia-con-la-ley-en-la-mano-4598465465165\/#respond"]}]},{"@type":"WebPage","@id":"https:\/\/fuentesfidedignas.com.mx\/index.php\/2023\/06\/13\/el-rector-envia-con-la-ley-en-la-mano-4598465465165\/","url":"https:\/\/fuentesfidedignas.com.mx\/index.php\/2023\/06\/13\/el-rector-envia-con-la-ley-en-la-mano-4598465465165\/","name":"Rector env\u00eda mensaje de resistencia: autonom\u00eda de la UAS no es negociable - Fuentes Fidedignas","isPartOf":{"@id":"https:\/\/fuentesfidedignas.com.mx\/#website"},"primaryImageOfPage":{"@id":"https:\/\/fuentesfidedignas.com.mx\/index.php\/2023\/06\/13\/el-rector-envia-con-la-ley-en-la-mano-4598465465165\/#primaryimage"},"image":{"@id":"https:\/\/fuentesfidedignas.com.mx\/index.php\/2023\/06\/13\/el-rector-envia-con-la-ley-en-la-mano-4598465465165\/#primaryimage"},"thumbnailUrl":"https:\/\/fuentesfidedignas.com.mx\/wp-content\/uploads\/2023\/06\/RECTOR-01.jpeg","datePublished":"2023-06-13T21:43:25+00:00","dateModified":"2023-06-13T23:46:12+00:00","breadcrumb":{"@id":"https:\/\/fuentesfidedignas.com.mx\/index.php\/2023\/06\/13\/el-rector-envia-con-la-ley-en-la-mano-4598465465165\/#breadcrumb"},"inLanguage":"es","potentialAction":[{"@type":"ReadAction","target":["https:\/\/fuentesfidedignas.com.mx\/index.php\/2023\/06\/13\/el-rector-envia-con-la-ley-en-la-mano-4598465465165\/"]}]},{"@type":"ImageObject","inLanguage":"es","@id":"https:\/\/fuentesfidedignas.com.mx\/index.php\/2023\/06\/13\/el-rector-envia-con-la-ley-en-la-mano-4598465465165\/#primaryimage","url":"https:\/\/fuentesfidedignas.com.mx\/wp-content\/uploads\/2023\/06\/RECTOR-01.jpeg","contentUrl":"https:\/\/fuentesfidedignas.com.mx\/wp-content\/uploads\/2023\/06\/RECTOR-01.jpeg","width":600,"height":448},{"@type":"BreadcrumbList","@id":"https:\/\/fuentesfidedignas.com.mx\/index.php\/2023\/06\/13\/el-rector-envia-con-la-ley-en-la-mano-4598465465165\/#breadcrumb","itemListElement":[{"@type":"ListItem","position":1,"name":"Inicio","item":"https:\/\/fuentesfidedignas.com.mx\/"},{"@type":"ListItem","position":2,"name":"Rector env\u00eda mensaje de resistencia: autonom\u00eda de la UAS no es negociable"}]},{"@type":"WebSite","@id":"https:\/\/fuentesfidedignas.com.mx\/#website","url":"https:\/\/fuentesfidedignas.com.mx\/","name":"Fuentes Fidedignas","description":"Otro sitio realizado con WordPress","publisher":{"@id":"https:\/\/fuentesfidedignas.com.mx\/#organization"},"potentialAction":[{"@type":"SearchAction","target":{"@type":"EntryPoint","urlTemplate":"https:\/\/fuentesfidedignas.com.mx\/?s={search_term_string}"},"query-input":{"@type":"PropertyValueSpecification","valueRequired":true,"valueName":"search_term_string"}}],"inLanguage":"es"},{"@type":"Organization","@id":"https:\/\/fuentesfidedignas.com.mx\/#organization","name":"Fuentes Fidedignas","url":"https:\/\/fuentesfidedignas.com.mx\/","logo":{"@type":"ImageObject","inLanguage":"es","@id":"https:\/\/fuentesfidedignas.com.mx\/#\/schema\/logo\/image\/","url":"https:\/\/fuentesfidedignas.com.mx\/wp-content\/uploads\/2021\/04\/logo-retina.png","contentUrl":"https:\/\/fuentesfidedignas.com.mx\/wp-content\/uploads\/2021\/04\/logo-retina.png","width":280,"height":51,"caption":"Fuentes Fidedignas"},"image":{"@id":"https:\/\/fuentesfidedignas.com.mx\/#\/schema\/logo\/image\/"},"sameAs":["https:\/\/www.facebook.com\/Fuentes-Fidedignas-368234489921644","https:\/\/x.com\/fidedignas"]},{"@type":"Person","@id":"https:\/\/fuentesfidedignas.com.mx\/#\/schema\/person\/331be9283d37198e2acd5750279085b0","name":"Redacci\u00f3n","image":{"@type":"ImageObject","inLanguage":"es","@id":"https:\/\/secure.gravatar.com\/avatar\/f6d8782c11d12b2d4ad3fbb6931aeab5309937a4d6cd2fc9cfaa28a6396a5aec?s=96&d=mm&r=g","url":"https:\/\/secure.gravatar.com\/avatar\/f6d8782c11d12b2d4ad3fbb6931aeab5309937a4d6cd2fc9cfaa28a6396a5aec?s=96&d=mm&r=g","contentUrl":"https:\/\/secure.gravatar.com\/avatar\/f6d8782c11d12b2d4ad3fbb6931aeab5309937a4d6cd2fc9cfaa28a6396a5aec?s=96&d=mm&r=g","caption":"Redacci\u00f3n"},"url":"https:\/\/fuentesfidedignas.com.mx\/index.php\/author\/redaccion\/"}]}},"_links":{"self":[{"href":"https:\/\/fuentesfidedignas.com.mx\/index.php\/wp-json\/wp\/v2\/posts\/49813","targetHints":{"allow":["GET"]}}],"collection":[{"href":"https:\/\/fuentesfidedignas.com.mx\/index.php\/wp-json\/wp\/v2\/posts"}],"about":[{"href":"https:\/\/fuentesfidedignas.com.mx\/index.php\/wp-json\/wp\/v2\/types\/post"}],"author":[{"embeddable":true,"href":"https:\/\/fuentesfidedignas.com.mx\/index.php\/wp-json\/wp\/v2\/users\/4"}],"replies":[{"embeddable":true,"href":"https:\/\/fuentesfidedignas.com.mx\/index.php\/wp-json\/wp\/v2\/comments?post=49813"}],"version-history":[{"count":5,"href":"https:\/\/fuentesfidedignas.com.mx\/index.php\/wp-json\/wp\/v2\/posts\/49813\/revisions"}],"predecessor-version":[{"id":49851,"href":"https:\/\/fuentesfidedignas.com.mx\/index.php\/wp-json\/wp\/v2\/posts\/49813\/revisions\/49851"}],"wp:featuredmedia":[{"embeddable":true,"href":"https:\/\/fuentesfidedignas.com.mx\/index.php\/wp-json\/wp\/v2\/media\/49849"}],"wp:attachment":[{"href":"https:\/\/fuentesfidedignas.com.mx\/index.php\/wp-json\/wp\/v2\/media?parent=49813"}],"wp:term":[{"taxonomy":"category","embeddable":true,"href":"https:\/\/fuentesfidedignas.com.mx\/index.php\/wp-json\/wp\/v2\/categories?post=49813"},{"taxonomy":"post_tag","embeddable":true,"href":"https:\/\/fuentesfidedignas.com.mx\/index.php\/wp-json\/wp\/v2\/tags?post=49813"}],"curies":[{"name":"wp","href":"https:\/\/api.w.org\/{rel}","templated":true}]}}