{"id":49812,"date":"2023-06-13T14:49:23","date_gmt":"2023-06-13T21:49:23","guid":{"rendered":"https:\/\/fuentesfidedignas.com.mx\/?p=49812"},"modified":"2023-06-13T16:02:39","modified_gmt":"2023-06-13T23:02:39","slug":"con-todo-y-tractores-caos-en-aeropuerto-de-culiacan-por-manifestacion-de-productores","status":"publish","type":"post","link":"https:\/\/fuentesfidedignas.com.mx\/index.php\/2023\/06\/13\/con-todo-y-tractores-caos-en-aeropuerto-de-culiacan-por-manifestacion-de-productores\/","title":{"rendered":"\u00a1Con todo y tractores! Caos en aeropuerto de Culiac\u00e1n por manifestaci\u00f3n de productores"},"content":{"rendered":"\n<p><strong><em>La administraci\u00f3n del aeropuerto hizo un llamado a los viajeros, ya que los agricultores han bloqueado la mayor\u00eda de las v\u00edas para ingresar<\/em><\/strong><\/p>\n\n\n\n<p>Culiac\u00e1n, Sin.- Decenas de agricultores se movilizaron hacia el Aeropuerto Internacional de Culiac\u00e1n, para realizar un bloqueo a manera de protesta. Esto, luego de manifestarse en las instalaciones de Palacio de Gobierno.<\/p>\n\n\n\n<figure class=\"wp-block-video\"><video height=\"368\" style=\"aspect-ratio: 640 \/ 368;\" width=\"640\" controls src=\"https:\/\/fuentesfidedignas.com.mx\/wp-content\/uploads\/2023\/06\/VID-20230613-WA0047.mp4\"><\/video><\/figure>\n\n\n\n<p>Con todo y camiones, se dirigieron al lugar. Sin embargo, polic\u00edas estatales manten\u00edan retenes sobre el acceso a Las Torres y el bulevar Aeropuertos, por lo que la \u00fanica v\u00eda para ingresar era por &#8220;La Costerita&#8221;.<\/p>\n\n\n\n<p>En tanto, el aeropuerto lanz\u00f3 una advertencia para los usuarios que tuvieran vuelos este d\u00eda con la finalidad de que tomen sus debidas precauciones ante los hechos. Ya que los agricultores planean bloquear el acceso durante dos horas.<\/p>\n\n\n\n<figure class=\"wp-block-embed is-type-rich is-provider-twitter wp-block-embed-twitter\"><div class=\"wp-block-embed__wrapper\">\n<blockquote class=\"twitter-tweet\" data-width=\"550\" data-dnt=\"true\"><p lang=\"es\" dir=\"ltr\">Estimado Usuario:<br><br>Ante la posible amenaza de bloqueo en el aeropuerto por parte de agricultores, recomendamos tomes las medidas necesarias durante tu traslado al apto.<br><br>Para informaci\u00f3n sobre tu vuelo comun\u00edcate con tu l\u00ednea a\u00e9rea.<a href=\"https:\/\/twitter.com\/AeropuertoDeCUL?ref_src=twsrc%5Etfw\">@AeropuertoDeCUL<\/a> operando de manera normal.<\/p>&mdash; Aeropuerto Internacional de Culiac\u00e1n (@AeropuertoDeCUL) <a href=\"https:\/\/twitter.com\/AeropuertoDeCUL\/status\/1668702107459788805?ref_src=twsrc%5Etfw\">June 13, 2023<\/a><\/blockquote><script async src=\"https:\/\/platform.twitter.com\/widgets.js\" charset=\"utf-8\"><\/script>\n<\/div><\/figure>\n","protected":false},"excerpt":{"rendered":"<p>La administraci\u00f3n del aeropuerto hizo un llamado a los viajeros, ya que los agricultores han bloqueado la mayor\u00eda de las v\u00edas para ingresar Culiac\u00e1n, Sin.- Decenas de agricultores se movilizaron hacia el Aeropuerto Internacional de Culiac\u00e1n, para realizar un bloqueo a manera de protesta. Esto, luego de manifestarse en las instalaciones de Palacio de Gobierno. [&hellip;]<\/p>\n","protected":false},"author":11,"featured_media":49820,"comment_status":"open","ping_status":"open","sticky":true,"template":"","format":"standard","meta":{"tdm_status":"","tdm_grid_status":"","footnotes":""},"categories":[37,1],"tags":[],"class_list":{"0":"post-49812","1":"post","2":"type-post","3":"status-publish","4":"format-standard","5":"has-post-thumbnail","7":"category-nota-principal","8":"category-sin-categoria"},"yoast_head":"<!-- This site is optimized with the Yoast SEO plugin v27.4 - https:\/\/yoast.com\/product\/yoast-seo-wordpress\/ -->\n<title>\u00a1Con todo y tractores! Caos en aeropuerto de Culiac\u00e1n por manifestaci\u00f3n de productores - Fuentes Fidedignas<\/title>\n<meta name=\"robots\" content=\"index, follow, max-snippet:-1, max-image-preview:large, max-video-preview:-1\" \/>\n<link rel=\"canonical\" href=\"https:\/\/fuentesfidedignas.com.mx\/index.php\/2023\/06\/13\/con-todo-y-tractores-caos-en-aeropuerto-de-culiacan-por-manifestacion-de-productores\/\" \/>\n<meta property=\"og:locale\" content=\"es_MX\" \/>\n<meta property=\"og:type\" content=\"article\" \/>\n<meta property=\"og:title\" content=\"\u00a1Con todo y tractores! Caos en aeropuerto de Culiac\u00e1n por manifestaci\u00f3n de productores - Fuentes Fidedignas\" \/>\n<meta property=\"og:description\" content=\"La administraci\u00f3n del aeropuerto hizo un llamado a los viajeros, ya que los agricultores han bloqueado la mayor\u00eda de las v\u00edas para ingresar Culiac\u00e1n, Sin.- Decenas de agricultores se movilizaron hacia el Aeropuerto Internacional de Culiac\u00e1n, para realizar un bloqueo a manera de protesta. Esto, luego de manifestarse en las instalaciones de Palacio de Gobierno. [&hellip;]\" \/>\n<meta property=\"og:url\" content=\"https:\/\/fuentesfidedignas.com.mx\/index.php\/2023\/06\/13\/con-todo-y-tractores-caos-en-aeropuerto-de-culiacan-por-manifestacion-de-productores\/\" \/>\n<meta property=\"og:site_name\" content=\"Fuentes Fidedignas\" \/>\n<meta property=\"article:publisher\" content=\"https:\/\/www.facebook.com\/Fuentes-Fidedignas-368234489921644\" \/>\n<meta property=\"article:published_time\" content=\"2023-06-13T21:49:23+00:00\" \/>\n<meta property=\"article:modified_time\" content=\"2023-06-13T23:02:39+00:00\" \/>\n<meta property=\"og:image\" content=\"https:\/\/fuentesfidedignas.com.mx\/wp-content\/uploads\/2023\/06\/IMG-20230613-WA0044.jpg\" \/>\n\t<meta property=\"og:image:width\" content=\"576\" \/>\n\t<meta property=\"og:image:height\" content=\"421\" \/>\n\t<meta property=\"og:image:type\" content=\"image\/jpeg\" \/>\n<meta name=\"author\" content=\"Marissa Palafox\" \/>\n<meta name=\"twitter:card\" content=\"summary_large_image\" \/>\n<meta name=\"twitter:creator\" content=\"@fidedignas\" \/>\n<meta name=\"twitter:site\" content=\"@fidedignas\" \/>\n<meta name=\"twitter:label1\" content=\"Escrito por\" \/>\n\t<meta name=\"twitter:data1\" content=\"Marissa Palafox\" \/>\n\t<meta name=\"twitter:label2\" content=\"Tiempo de lectura\" \/>\n\t<meta name=\"twitter:data2\" content=\"1 minuto\" \/>\n<script type=\"application\/ld+json\" class=\"yoast-schema-graph\">{\"@context\":\"https:\\\/\\\/schema.org\",\"@graph\":[{\"@type\":\"Article\",\"@id\":\"https:\\\/\\\/fuentesfidedignas.com.mx\\\/index.php\\\/2023\\\/06\\\/13\\\/con-todo-y-tractores-caos-en-aeropuerto-de-culiacan-por-manifestacion-de-productores\\\/#article\",\"isPartOf\":{\"@id\":\"https:\\\/\\\/fuentesfidedignas.com.mx\\\/index.php\\\/2023\\\/06\\\/13\\\/con-todo-y-tractores-caos-en-aeropuerto-de-culiacan-por-manifestacion-de-productores\\\/\"},\"author\":{\"name\":\"Marissa Palafox\",\"@id\":\"https:\\\/\\\/fuentesfidedignas.com.mx\\\/#\\\/schema\\\/person\\\/2c10028b4a30078c05a056a215342ab9\"},\"headline\":\"\u00a1Con todo y tractores! Caos en aeropuerto de Culiac\u00e1n por manifestaci\u00f3n de productores\",\"datePublished\":\"2023-06-13T21:49:23+00:00\",\"dateModified\":\"2023-06-13T23:02:39+00:00\",\"mainEntityOfPage\":{\"@id\":\"https:\\\/\\\/fuentesfidedignas.com.mx\\\/index.php\\\/2023\\\/06\\\/13\\\/con-todo-y-tractores-caos-en-aeropuerto-de-culiacan-por-manifestacion-de-productores\\\/\"},\"wordCount\":189,\"commentCount\":0,\"publisher\":{\"@id\":\"https:\\\/\\\/fuentesfidedignas.com.mx\\\/#organization\"},\"image\":{\"@id\":\"https:\\\/\\\/fuentesfidedignas.com.mx\\\/index.php\\\/2023\\\/06\\\/13\\\/con-todo-y-tractores-caos-en-aeropuerto-de-culiacan-por-manifestacion-de-productores\\\/#primaryimage\"},\"thumbnailUrl\":\"https:\\\/\\\/fuentesfidedignas.com.mx\\\/wp-content\\\/uploads\\\/2023\\\/06\\\/IMG-20230613-WA0044.jpg\",\"articleSection\":[\"NOTA PRINCIPAL\"],\"inLanguage\":\"es\",\"potentialAction\":[{\"@type\":\"CommentAction\",\"name\":\"Comment\",\"target\":[\"https:\\\/\\\/fuentesfidedignas.com.mx\\\/index.php\\\/2023\\\/06\\\/13\\\/con-todo-y-tractores-caos-en-aeropuerto-de-culiacan-por-manifestacion-de-productores\\\/#respond\"]}]},{\"@type\":\"WebPage\",\"@id\":\"https:\\\/\\\/fuentesfidedignas.com.mx\\\/index.php\\\/2023\\\/06\\\/13\\\/con-todo-y-tractores-caos-en-aeropuerto-de-culiacan-por-manifestacion-de-productores\\\/\",\"url\":\"https:\\\/\\\/fuentesfidedignas.com.mx\\\/index.php\\\/2023\\\/06\\\/13\\\/con-todo-y-tractores-caos-en-aeropuerto-de-culiacan-por-manifestacion-de-productores\\\/\",\"name\":\"\u00a1Con todo y tractores! Caos en aeropuerto de Culiac\u00e1n por manifestaci\u00f3n de productores - Fuentes Fidedignas\",\"isPartOf\":{\"@id\":\"https:\\\/\\\/fuentesfidedignas.com.mx\\\/#website\"},\"primaryImageOfPage\":{\"@id\":\"https:\\\/\\\/fuentesfidedignas.com.mx\\\/index.php\\\/2023\\\/06\\\/13\\\/con-todo-y-tractores-caos-en-aeropuerto-de-culiacan-por-manifestacion-de-productores\\\/#primaryimage\"},\"image\":{\"@id\":\"https:\\\/\\\/fuentesfidedignas.com.mx\\\/index.php\\\/2023\\\/06\\\/13\\\/con-todo-y-tractores-caos-en-aeropuerto-de-culiacan-por-manifestacion-de-productores\\\/#primaryimage\"},\"thumbnailUrl\":\"https:\\\/\\\/fuentesfidedignas.com.mx\\\/wp-content\\\/uploads\\\/2023\\\/06\\\/IMG-20230613-WA0044.jpg\",\"datePublished\":\"2023-06-13T21:49:23+00:00\",\"dateModified\":\"2023-06-13T23:02:39+00:00\",\"breadcrumb\":{\"@id\":\"https:\\\/\\\/fuentesfidedignas.com.mx\\\/index.php\\\/2023\\\/06\\\/13\\\/con-todo-y-tractores-caos-en-aeropuerto-de-culiacan-por-manifestacion-de-productores\\\/#breadcrumb\"},\"inLanguage\":\"es\",\"potentialAction\":[{\"@type\":\"ReadAction\",\"target\":[\"https:\\\/\\\/fuentesfidedignas.com.mx\\\/index.php\\\/2023\\\/06\\\/13\\\/con-todo-y-tractores-caos-en-aeropuerto-de-culiacan-por-manifestacion-de-productores\\\/\"]}]},{\"@type\":\"ImageObject\",\"inLanguage\":\"es\",\"@id\":\"https:\\\/\\\/fuentesfidedignas.com.mx\\\/index.php\\\/2023\\\/06\\\/13\\\/con-todo-y-tractores-caos-en-aeropuerto-de-culiacan-por-manifestacion-de-productores\\\/#primaryimage\",\"url\":\"https:\\\/\\\/fuentesfidedignas.com.mx\\\/wp-content\\\/uploads\\\/2023\\\/06\\\/IMG-20230613-WA0044.jpg\",\"contentUrl\":\"https:\\\/\\\/fuentesfidedignas.com.mx\\\/wp-content\\\/uploads\\\/2023\\\/06\\\/IMG-20230613-WA0044.jpg\",\"width\":576,\"height\":421},{\"@type\":\"BreadcrumbList\",\"@id\":\"https:\\\/\\\/fuentesfidedignas.com.mx\\\/index.php\\\/2023\\\/06\\\/13\\\/con-todo-y-tractores-caos-en-aeropuerto-de-culiacan-por-manifestacion-de-productores\\\/#breadcrumb\",\"itemListElement\":[{\"@type\":\"ListItem\",\"position\":1,\"name\":\"Inicio\",\"item\":\"https:\\\/\\\/fuentesfidedignas.com.mx\\\/\"},{\"@type\":\"ListItem\",\"position\":2,\"name\":\"\u00a1Con todo y tractores! Caos en aeropuerto de Culiac\u00e1n por manifestaci\u00f3n de productores\"}]},{\"@type\":\"WebSite\",\"@id\":\"https:\\\/\\\/fuentesfidedignas.com.mx\\\/#website\",\"url\":\"https:\\\/\\\/fuentesfidedignas.com.mx\\\/\",\"name\":\"Fuentes Fidedignas\",\"description\":\"Otro sitio realizado con WordPress\",\"publisher\":{\"@id\":\"https:\\\/\\\/fuentesfidedignas.com.mx\\\/#organization\"},\"potentialAction\":[{\"@type\":\"SearchAction\",\"target\":{\"@type\":\"EntryPoint\",\"urlTemplate\":\"https:\\\/\\\/fuentesfidedignas.com.mx\\\/?s={search_term_string}\"},\"query-input\":{\"@type\":\"PropertyValueSpecification\",\"valueRequired\":true,\"valueName\":\"search_term_string\"}}],\"inLanguage\":\"es\"},{\"@type\":\"Organization\",\"@id\":\"https:\\\/\\\/fuentesfidedignas.com.mx\\\/#organization\",\"name\":\"Fuentes Fidedignas\",\"url\":\"https:\\\/\\\/fuentesfidedignas.com.mx\\\/\",\"logo\":{\"@type\":\"ImageObject\",\"inLanguage\":\"es\",\"@id\":\"https:\\\/\\\/fuentesfidedignas.com.mx\\\/#\\\/schema\\\/logo\\\/image\\\/\",\"url\":\"https:\\\/\\\/fuentesfidedignas.com.mx\\\/wp-content\\\/uploads\\\/2021\\\/04\\\/logo-retina.png\",\"contentUrl\":\"https:\\\/\\\/fuentesfidedignas.com.mx\\\/wp-content\\\/uploads\\\/2021\\\/04\\\/logo-retina.png\",\"width\":280,\"height\":51,\"caption\":\"Fuentes Fidedignas\"},\"image\":{\"@id\":\"https:\\\/\\\/fuentesfidedignas.com.mx\\\/#\\\/schema\\\/logo\\\/image\\\/\"},\"sameAs\":[\"https:\\\/\\\/www.facebook.com\\\/Fuentes-Fidedignas-368234489921644\",\"https:\\\/\\\/x.com\\\/fidedignas\"]},{\"@type\":\"Person\",\"@id\":\"https:\\\/\\\/fuentesfidedignas.com.mx\\\/#\\\/schema\\\/person\\\/2c10028b4a30078c05a056a215342ab9\",\"name\":\"Marissa Palafox\",\"image\":{\"@type\":\"ImageObject\",\"inLanguage\":\"es\",\"@id\":\"https:\\\/\\\/secure.gravatar.com\\\/avatar\\\/20a43bdb2f2db10f20b22d4e98b96eb027faf98f7f76d29854dc5fab46d1cf71?s=96&d=mm&r=g\",\"url\":\"https:\\\/\\\/secure.gravatar.com\\\/avatar\\\/20a43bdb2f2db10f20b22d4e98b96eb027faf98f7f76d29854dc5fab46d1cf71?s=96&d=mm&r=g\",\"contentUrl\":\"https:\\\/\\\/secure.gravatar.com\\\/avatar\\\/20a43bdb2f2db10f20b22d4e98b96eb027faf98f7f76d29854dc5fab46d1cf71?s=96&d=mm&r=g\",\"caption\":\"Marissa Palafox\"},\"url\":\"https:\\\/\\\/fuentesfidedignas.com.mx\\\/index.php\\\/author\\\/marissa\\\/\"}]}<\/script>\n<!-- \/ Yoast SEO plugin. -->","yoast_head_json":{"title":"\u00a1Con todo y tractores! Caos en aeropuerto de Culiac\u00e1n por manifestaci\u00f3n de productores - Fuentes Fidedignas","robots":{"index":"index","follow":"follow","max-snippet":"max-snippet:-1","max-image-preview":"max-image-preview:large","max-video-preview":"max-video-preview:-1"},"canonical":"https:\/\/fuentesfidedignas.com.mx\/index.php\/2023\/06\/13\/con-todo-y-tractores-caos-en-aeropuerto-de-culiacan-por-manifestacion-de-productores\/","og_locale":"es_MX","og_type":"article","og_title":"\u00a1Con todo y tractores! Caos en aeropuerto de Culiac\u00e1n por manifestaci\u00f3n de productores - Fuentes Fidedignas","og_description":"La administraci\u00f3n del aeropuerto hizo un llamado a los viajeros, ya que los agricultores han bloqueado la mayor\u00eda de las v\u00edas para ingresar Culiac\u00e1n, Sin.- Decenas de agricultores se movilizaron hacia el Aeropuerto Internacional de Culiac\u00e1n, para realizar un bloqueo a manera de protesta. Esto, luego de manifestarse en las instalaciones de Palacio de Gobierno. [&hellip;]","og_url":"https:\/\/fuentesfidedignas.com.mx\/index.php\/2023\/06\/13\/con-todo-y-tractores-caos-en-aeropuerto-de-culiacan-por-manifestacion-de-productores\/","og_site_name":"Fuentes Fidedignas","article_publisher":"https:\/\/www.facebook.com\/Fuentes-Fidedignas-368234489921644","article_published_time":"2023-06-13T21:49:23+00:00","article_modified_time":"2023-06-13T23:02:39+00:00","og_image":[{"width":576,"height":421,"url":"https:\/\/fuentesfidedignas.com.mx\/wp-content\/uploads\/2023\/06\/IMG-20230613-WA0044.jpg","type":"image\/jpeg"}],"author":"Marissa Palafox","twitter_card":"summary_large_image","twitter_creator":"@fidedignas","twitter_site":"@fidedignas","twitter_misc":{"Escrito por":"Marissa Palafox","Tiempo de lectura":"1 minuto"},"schema":{"@context":"https:\/\/schema.org","@graph":[{"@type":"Article","@id":"https:\/\/fuentesfidedignas.com.mx\/index.php\/2023\/06\/13\/con-todo-y-tractores-caos-en-aeropuerto-de-culiacan-por-manifestacion-de-productores\/#article","isPartOf":{"@id":"https:\/\/fuentesfidedignas.com.mx\/index.php\/2023\/06\/13\/con-todo-y-tractores-caos-en-aeropuerto-de-culiacan-por-manifestacion-de-productores\/"},"author":{"name":"Marissa Palafox","@id":"https:\/\/fuentesfidedignas.com.mx\/#\/schema\/person\/2c10028b4a30078c05a056a215342ab9"},"headline":"\u00a1Con todo y tractores! Caos en aeropuerto de Culiac\u00e1n por manifestaci\u00f3n de productores","datePublished":"2023-06-13T21:49:23+00:00","dateModified":"2023-06-13T23:02:39+00:00","mainEntityOfPage":{"@id":"https:\/\/fuentesfidedignas.com.mx\/index.php\/2023\/06\/13\/con-todo-y-tractores-caos-en-aeropuerto-de-culiacan-por-manifestacion-de-productores\/"},"wordCount":189,"commentCount":0,"publisher":{"@id":"https:\/\/fuentesfidedignas.com.mx\/#organization"},"image":{"@id":"https:\/\/fuentesfidedignas.com.mx\/index.php\/2023\/06\/13\/con-todo-y-tractores-caos-en-aeropuerto-de-culiacan-por-manifestacion-de-productores\/#primaryimage"},"thumbnailUrl":"https:\/\/fuentesfidedignas.com.mx\/wp-content\/uploads\/2023\/06\/IMG-20230613-WA0044.jpg","articleSection":["NOTA PRINCIPAL"],"inLanguage":"es","potentialAction":[{"@type":"CommentAction","name":"Comment","target":["https:\/\/fuentesfidedignas.com.mx\/index.php\/2023\/06\/13\/con-todo-y-tractores-caos-en-aeropuerto-de-culiacan-por-manifestacion-de-productores\/#respond"]}]},{"@type":"WebPage","@id":"https:\/\/fuentesfidedignas.com.mx\/index.php\/2023\/06\/13\/con-todo-y-tractores-caos-en-aeropuerto-de-culiacan-por-manifestacion-de-productores\/","url":"https:\/\/fuentesfidedignas.com.mx\/index.php\/2023\/06\/13\/con-todo-y-tractores-caos-en-aeropuerto-de-culiacan-por-manifestacion-de-productores\/","name":"\u00a1Con todo y tractores! Caos en aeropuerto de Culiac\u00e1n por manifestaci\u00f3n de productores - Fuentes Fidedignas","isPartOf":{"@id":"https:\/\/fuentesfidedignas.com.mx\/#website"},"primaryImageOfPage":{"@id":"https:\/\/fuentesfidedignas.com.mx\/index.php\/2023\/06\/13\/con-todo-y-tractores-caos-en-aeropuerto-de-culiacan-por-manifestacion-de-productores\/#primaryimage"},"image":{"@id":"https:\/\/fuentesfidedignas.com.mx\/index.php\/2023\/06\/13\/con-todo-y-tractores-caos-en-aeropuerto-de-culiacan-por-manifestacion-de-productores\/#primaryimage"},"thumbnailUrl":"https:\/\/fuentesfidedignas.com.mx\/wp-content\/uploads\/2023\/06\/IMG-20230613-WA0044.jpg","datePublished":"2023-06-13T21:49:23+00:00","dateModified":"2023-06-13T23:02:39+00:00","breadcrumb":{"@id":"https:\/\/fuentesfidedignas.com.mx\/index.php\/2023\/06\/13\/con-todo-y-tractores-caos-en-aeropuerto-de-culiacan-por-manifestacion-de-productores\/#breadcrumb"},"inLanguage":"es","potentialAction":[{"@type":"ReadAction","target":["https:\/\/fuentesfidedignas.com.mx\/index.php\/2023\/06\/13\/con-todo-y-tractores-caos-en-aeropuerto-de-culiacan-por-manifestacion-de-productores\/"]}]},{"@type":"ImageObject","inLanguage":"es","@id":"https:\/\/fuentesfidedignas.com.mx\/index.php\/2023\/06\/13\/con-todo-y-tractores-caos-en-aeropuerto-de-culiacan-por-manifestacion-de-productores\/#primaryimage","url":"https:\/\/fuentesfidedignas.com.mx\/wp-content\/uploads\/2023\/06\/IMG-20230613-WA0044.jpg","contentUrl":"https:\/\/fuentesfidedignas.com.mx\/wp-content\/uploads\/2023\/06\/IMG-20230613-WA0044.jpg","width":576,"height":421},{"@type":"BreadcrumbList","@id":"https:\/\/fuentesfidedignas.com.mx\/index.php\/2023\/06\/13\/con-todo-y-tractores-caos-en-aeropuerto-de-culiacan-por-manifestacion-de-productores\/#breadcrumb","itemListElement":[{"@type":"ListItem","position":1,"name":"Inicio","item":"https:\/\/fuentesfidedignas.com.mx\/"},{"@type":"ListItem","position":2,"name":"\u00a1Con todo y tractores! Caos en aeropuerto de Culiac\u00e1n por manifestaci\u00f3n de productores"}]},{"@type":"WebSite","@id":"https:\/\/fuentesfidedignas.com.mx\/#website","url":"https:\/\/fuentesfidedignas.com.mx\/","name":"Fuentes Fidedignas","description":"Otro sitio realizado con WordPress","publisher":{"@id":"https:\/\/fuentesfidedignas.com.mx\/#organization"},"potentialAction":[{"@type":"SearchAction","target":{"@type":"EntryPoint","urlTemplate":"https:\/\/fuentesfidedignas.com.mx\/?s={search_term_string}"},"query-input":{"@type":"PropertyValueSpecification","valueRequired":true,"valueName":"search_term_string"}}],"inLanguage":"es"},{"@type":"Organization","@id":"https:\/\/fuentesfidedignas.com.mx\/#organization","name":"Fuentes Fidedignas","url":"https:\/\/fuentesfidedignas.com.mx\/","logo":{"@type":"ImageObject","inLanguage":"es","@id":"https:\/\/fuentesfidedignas.com.mx\/#\/schema\/logo\/image\/","url":"https:\/\/fuentesfidedignas.com.mx\/wp-content\/uploads\/2021\/04\/logo-retina.png","contentUrl":"https:\/\/fuentesfidedignas.com.mx\/wp-content\/uploads\/2021\/04\/logo-retina.png","width":280,"height":51,"caption":"Fuentes Fidedignas"},"image":{"@id":"https:\/\/fuentesfidedignas.com.mx\/#\/schema\/logo\/image\/"},"sameAs":["https:\/\/www.facebook.com\/Fuentes-Fidedignas-368234489921644","https:\/\/x.com\/fidedignas"]},{"@type":"Person","@id":"https:\/\/fuentesfidedignas.com.mx\/#\/schema\/person\/2c10028b4a30078c05a056a215342ab9","name":"Marissa Palafox","image":{"@type":"ImageObject","inLanguage":"es","@id":"https:\/\/secure.gravatar.com\/avatar\/20a43bdb2f2db10f20b22d4e98b96eb027faf98f7f76d29854dc5fab46d1cf71?s=96&d=mm&r=g","url":"https:\/\/secure.gravatar.com\/avatar\/20a43bdb2f2db10f20b22d4e98b96eb027faf98f7f76d29854dc5fab46d1cf71?s=96&d=mm&r=g","contentUrl":"https:\/\/secure.gravatar.com\/avatar\/20a43bdb2f2db10f20b22d4e98b96eb027faf98f7f76d29854dc5fab46d1cf71?s=96&d=mm&r=g","caption":"Marissa Palafox"},"url":"https:\/\/fuentesfidedignas.com.mx\/index.php\/author\/marissa\/"}]}},"_links":{"self":[{"href":"https:\/\/fuentesfidedignas.com.mx\/index.php\/wp-json\/wp\/v2\/posts\/49812","targetHints":{"allow":["GET"]}}],"collection":[{"href":"https:\/\/fuentesfidedignas.com.mx\/index.php\/wp-json\/wp\/v2\/posts"}],"about":[{"href":"https:\/\/fuentesfidedignas.com.mx\/index.php\/wp-json\/wp\/v2\/types\/post"}],"author":[{"embeddable":true,"href":"https:\/\/fuentesfidedignas.com.mx\/index.php\/wp-json\/wp\/v2\/users\/11"}],"replies":[{"embeddable":true,"href":"https:\/\/fuentesfidedignas.com.mx\/index.php\/wp-json\/wp\/v2\/comments?post=49812"}],"version-history":[{"count":5,"href":"https:\/\/fuentesfidedignas.com.mx\/index.php\/wp-json\/wp\/v2\/posts\/49812\/revisions"}],"predecessor-version":[{"id":49833,"href":"https:\/\/fuentesfidedignas.com.mx\/index.php\/wp-json\/wp\/v2\/posts\/49812\/revisions\/49833"}],"wp:featuredmedia":[{"embeddable":true,"href":"https:\/\/fuentesfidedignas.com.mx\/index.php\/wp-json\/wp\/v2\/media\/49820"}],"wp:attachment":[{"href":"https:\/\/fuentesfidedignas.com.mx\/index.php\/wp-json\/wp\/v2\/media?parent=49812"}],"wp:term":[{"taxonomy":"category","embeddable":true,"href":"https:\/\/fuentesfidedignas.com.mx\/index.php\/wp-json\/wp\/v2\/categories?post=49812"},{"taxonomy":"post_tag","embeddable":true,"href":"https:\/\/fuentesfidedignas.com.mx\/index.php\/wp-json\/wp\/v2\/tags?post=49812"}],"curies":[{"name":"wp","href":"https:\/\/api.w.org\/{rel}","templated":true}]}}