{"id":4978,"date":"2021-06-13T17:22:18","date_gmt":"2021-06-14T00:22:18","guid":{"rendered":"https:\/\/fuentesfidedignas.com.mx\/?p=4978"},"modified":"2021-06-13T17:22:19","modified_gmt":"2021-06-14T00:22:19","slug":"ruben-rocha-moya-recibe-constancia-de-gobernador-electo-de-sinaloa","status":"publish","type":"post","link":"https:\/\/fuentesfidedignas.com.mx\/index.php\/2021\/06\/13\/ruben-rocha-moya-recibe-constancia-de-gobernador-electo-de-sinaloa\/","title":{"rendered":"Rub\u00e9n Rocha Moya recibe constancia de gobernador electo de Sinaloa"},"content":{"rendered":"\n<p><strong><em>De acuerdo con el computo final del IEES, Rocha Moya obtuvo 624 mil 225 votos, que representan el 56.60 por ciento del total de sufragios emitidos.<\/em><\/strong><\/p>\n\n\n\n<p>Culiac\u00e1n, Sin. \u2013 Al recibir del Instituto Electoral del Estado de Sinaloa (IEES) la constancia de mayor\u00eda que lo acredita como gobernador electo de Sinaloa para el periodo 2021-2027, Rub\u00e9n Rocha Moya destac\u00f3 que gracias a la generosidad de las mujeres y hombres sinaloenses en el estado se registr\u00f3 una votaci\u00f3n r\u00e9cord, \u201cobtuvimos 624 mil 255 votos, es decir, un 56.6 por ciento, n\u00fameros nunca obtenidos en Sinaloa en los \u00faltimos 35 a\u00f1os, en la era de la pluralidad\u201d.<\/p>\n\n\n\n<p>\u201cUstedes me han dado esa fortuna, es el porcentaje m\u00e1s alto de los 15 candidatos a gobernador en el pa\u00eds, eso m\u00e1s que sentirme con soberbia o prepotencia, me siento con mucho compromiso no podemos fallarles, tenemos que estar juntos para transformar a Sinaloa, tenemos que ser muy incluyentes\u201d, puntualiz\u00f3 el gobernador electo del estado, despu\u00e9s de que la presidenta del IEES, Karla Gabriela Zazueta Peraza, le entreg\u00f3 el documento.<\/p>\n\n\n\n<p>En su mensaje dirigido al pueblo de Sinaloa, Rocha Moya lament\u00f3 que durante el pasado proceso electoral, el cual fue muy bien cuidado por el Instituto Estatal de Electoral de Sinaloa, se presentaron algunos casos violencia, \u201cen Sinaloa municipio, en el distrito 6 hubo mucha presi\u00f3n, acoso y amenazas, ah\u00ed no se pudo corregir el desaseo de las elecciones, reprobamos estos hechos y vamos a combatirlos como Gobierno\u201d.<\/p>\n\n\n\n<p>De acuerdo con el computo final, Rocha Moya obtuvo 624 mil 225 votos, que representan el 56.60 por ciento del total de sufragios emitidos, contra 358 mil 313, 32.49 por ciento, de su m\u00e1s cercano contendiente, es decir, gan\u00f3 con una ventaja de 265 mil 912 votos; resultado que lo confirma como el candidato con mayor respaldo electoral en todo el pa\u00eds.<\/p>\n\n\n\n<p>Quien a partir del 1 de noviembre ser\u00e1 el Gobernador Constitucional de Sinaloa estuvo acompa\u00f1ado por sus hijos: Eneyda, Rub\u00e9n, Ricardo y Jos\u00e9 Jes\u00fas; as\u00ed como por el presidente estatal del PAS, H\u00e9ctor Melesio Cu\u00e9n Ojeda; el delegado del Comit\u00e9 Ejecutivo Nacional de Morena, Am\u00e9rico Villarreal Anaya; el presidente de la Junta de Coordinaci\u00f3n Pol\u00edtica (Jucopo) de la C\u00e1mara de Diputados, Ignacio Mier Velazco; as\u00ed como los presidentes municipales electos de Culiac\u00e1n, Mazatl\u00e1n, Ahome y Badiraguato.<\/p>\n\n\n\n<p>El Instituto Electoral del Estado de Sinaloa a trav\u00e9s de su consejera presidenta Karla Gabriela Zazueta Peraza y el secretario ejecutivo Arturo Fajardo Mej\u00eda entreg\u00f3 la constancia de mayor\u00eda a Rub\u00e9n Rocha Moya que lo acredita como el candidato a gobernador constitucional del estado de Sinaloa, que obtuvo la mayor\u00eda de los votos en la jornada electoral celebrada el domingo 6 de junio de 2021.<\/p>\n","protected":false},"excerpt":{"rendered":"<p>De acuerdo con el computo final del IEES, Rocha Moya obtuvo 624 mil 225 votos, que representan el 56.60 por ciento del total de sufragios emitidos. Culiac\u00e1n, Sin. \u2013 Al recibir del Instituto Electoral del Estado de Sinaloa (IEES) la constancia de mayor\u00eda que lo acredita como gobernador electo de Sinaloa para el periodo 2021-2027, [&hellip;]<\/p>\n","protected":false},"author":4,"featured_media":4979,"comment_status":"open","ping_status":"open","sticky":false,"template":"","format":"standard","meta":{"tdm_status":"","tdm_grid_status":"","footnotes":""},"categories":[37],"tags":[267,266,45,338,52],"class_list":{"0":"post-4978","1":"post","2":"type-post","3":"status-publish","4":"format-standard","5":"has-post-thumbnail","7":"category-nota-principal","8":"tag-iees","9":"tag-instituto-electoral-del-estado-de-sinaloa","10":"tag-morena","11":"tag-morena-pas","12":"tag-ruben-rocha-moya"},"yoast_head":"<!-- This site is optimized with the Yoast SEO plugin v27.4 - https:\/\/yoast.com\/product\/yoast-seo-wordpress\/ -->\n<title>Rub\u00e9n Rocha Moya recibe constancia de gobernador electo de Sinaloa - Fuentes Fidedignas<\/title>\n<meta name=\"robots\" content=\"index, follow, max-snippet:-1, max-image-preview:large, max-video-preview:-1\" \/>\n<link rel=\"canonical\" href=\"https:\/\/fuentesfidedignas.com.mx\/index.php\/2021\/06\/13\/ruben-rocha-moya-recibe-constancia-de-gobernador-electo-de-sinaloa\/\" \/>\n<meta property=\"og:locale\" content=\"es_MX\" \/>\n<meta property=\"og:type\" content=\"article\" \/>\n<meta property=\"og:title\" content=\"Rub\u00e9n Rocha Moya recibe constancia de gobernador electo de Sinaloa - Fuentes Fidedignas\" \/>\n<meta property=\"og:description\" content=\"De acuerdo con el computo final del IEES, Rocha Moya obtuvo 624 mil 225 votos, que representan el 56.60 por ciento del total de sufragios emitidos. Culiac\u00e1n, Sin. \u2013 Al recibir del Instituto Electoral del Estado de Sinaloa (IEES) la constancia de mayor\u00eda que lo acredita como gobernador electo de Sinaloa para el periodo 2021-2027, [&hellip;]\" \/>\n<meta property=\"og:url\" content=\"https:\/\/fuentesfidedignas.com.mx\/index.php\/2021\/06\/13\/ruben-rocha-moya-recibe-constancia-de-gobernador-electo-de-sinaloa\/\" \/>\n<meta property=\"og:site_name\" content=\"Fuentes Fidedignas\" \/>\n<meta property=\"article:publisher\" content=\"https:\/\/www.facebook.com\/Fuentes-Fidedignas-368234489921644\" \/>\n<meta property=\"article:published_time\" content=\"2021-06-14T00:22:18+00:00\" \/>\n<meta property=\"article:modified_time\" content=\"2021-06-14T00:22:19+00:00\" \/>\n<meta property=\"og:image\" content=\"https:\/\/fuentesfidedignas.com.mx\/wp-content\/uploads\/2021\/06\/RUBEN_CONSTANCIA.jpg\" \/>\n\t<meta property=\"og:image:width\" content=\"1280\" \/>\n\t<meta property=\"og:image:height\" content=\"851\" \/>\n\t<meta property=\"og:image:type\" content=\"image\/jpeg\" \/>\n<meta name=\"author\" content=\"Redacci\u00f3n\" \/>\n<meta name=\"twitter:card\" content=\"summary_large_image\" \/>\n<meta name=\"twitter:creator\" content=\"@fidedignas\" \/>\n<meta name=\"twitter:site\" content=\"@fidedignas\" \/>\n<meta name=\"twitter:label1\" content=\"Escrito por\" \/>\n\t<meta name=\"twitter:data1\" content=\"Redacci\u00f3n\" \/>\n\t<meta name=\"twitter:label2\" content=\"Tiempo de lectura\" \/>\n\t<meta name=\"twitter:data2\" content=\"2 minutos\" \/>\n<script type=\"application\/ld+json\" class=\"yoast-schema-graph\">{\"@context\":\"https:\\\/\\\/schema.org\",\"@graph\":[{\"@type\":\"Article\",\"@id\":\"https:\\\/\\\/fuentesfidedignas.com.mx\\\/index.php\\\/2021\\\/06\\\/13\\\/ruben-rocha-moya-recibe-constancia-de-gobernador-electo-de-sinaloa\\\/#article\",\"isPartOf\":{\"@id\":\"https:\\\/\\\/fuentesfidedignas.com.mx\\\/index.php\\\/2021\\\/06\\\/13\\\/ruben-rocha-moya-recibe-constancia-de-gobernador-electo-de-sinaloa\\\/\"},\"author\":{\"name\":\"Redacci\u00f3n\",\"@id\":\"https:\\\/\\\/fuentesfidedignas.com.mx\\\/#\\\/schema\\\/person\\\/331be9283d37198e2acd5750279085b0\"},\"headline\":\"Rub\u00e9n Rocha Moya recibe constancia de gobernador electo de Sinaloa\",\"datePublished\":\"2021-06-14T00:22:18+00:00\",\"dateModified\":\"2021-06-14T00:22:19+00:00\",\"mainEntityOfPage\":{\"@id\":\"https:\\\/\\\/fuentesfidedignas.com.mx\\\/index.php\\\/2021\\\/06\\\/13\\\/ruben-rocha-moya-recibe-constancia-de-gobernador-electo-de-sinaloa\\\/\"},\"wordCount\":466,\"commentCount\":0,\"publisher\":{\"@id\":\"https:\\\/\\\/fuentesfidedignas.com.mx\\\/#organization\"},\"image\":{\"@id\":\"https:\\\/\\\/fuentesfidedignas.com.mx\\\/index.php\\\/2021\\\/06\\\/13\\\/ruben-rocha-moya-recibe-constancia-de-gobernador-electo-de-sinaloa\\\/#primaryimage\"},\"thumbnailUrl\":\"https:\\\/\\\/fuentesfidedignas.com.mx\\\/wp-content\\\/uploads\\\/2021\\\/06\\\/RUBEN_CONSTANCIA.jpg\",\"keywords\":[\"IEES\",\"Instituto Electoral del Estado de Sinaloa\",\"morena\",\"Morena-PAS\",\"Rub\u00e9n Rocha Moya\"],\"articleSection\":[\"NOTA PRINCIPAL\"],\"inLanguage\":\"es\",\"potentialAction\":[{\"@type\":\"CommentAction\",\"name\":\"Comment\",\"target\":[\"https:\\\/\\\/fuentesfidedignas.com.mx\\\/index.php\\\/2021\\\/06\\\/13\\\/ruben-rocha-moya-recibe-constancia-de-gobernador-electo-de-sinaloa\\\/#respond\"]}]},{\"@type\":\"WebPage\",\"@id\":\"https:\\\/\\\/fuentesfidedignas.com.mx\\\/index.php\\\/2021\\\/06\\\/13\\\/ruben-rocha-moya-recibe-constancia-de-gobernador-electo-de-sinaloa\\\/\",\"url\":\"https:\\\/\\\/fuentesfidedignas.com.mx\\\/index.php\\\/2021\\\/06\\\/13\\\/ruben-rocha-moya-recibe-constancia-de-gobernador-electo-de-sinaloa\\\/\",\"name\":\"Rub\u00e9n Rocha Moya recibe constancia de gobernador electo de Sinaloa - Fuentes Fidedignas\",\"isPartOf\":{\"@id\":\"https:\\\/\\\/fuentesfidedignas.com.mx\\\/#website\"},\"primaryImageOfPage\":{\"@id\":\"https:\\\/\\\/fuentesfidedignas.com.mx\\\/index.php\\\/2021\\\/06\\\/13\\\/ruben-rocha-moya-recibe-constancia-de-gobernador-electo-de-sinaloa\\\/#primaryimage\"},\"image\":{\"@id\":\"https:\\\/\\\/fuentesfidedignas.com.mx\\\/index.php\\\/2021\\\/06\\\/13\\\/ruben-rocha-moya-recibe-constancia-de-gobernador-electo-de-sinaloa\\\/#primaryimage\"},\"thumbnailUrl\":\"https:\\\/\\\/fuentesfidedignas.com.mx\\\/wp-content\\\/uploads\\\/2021\\\/06\\\/RUBEN_CONSTANCIA.jpg\",\"datePublished\":\"2021-06-14T00:22:18+00:00\",\"dateModified\":\"2021-06-14T00:22:19+00:00\",\"breadcrumb\":{\"@id\":\"https:\\\/\\\/fuentesfidedignas.com.mx\\\/index.php\\\/2021\\\/06\\\/13\\\/ruben-rocha-moya-recibe-constancia-de-gobernador-electo-de-sinaloa\\\/#breadcrumb\"},\"inLanguage\":\"es\",\"potentialAction\":[{\"@type\":\"ReadAction\",\"target\":[\"https:\\\/\\\/fuentesfidedignas.com.mx\\\/index.php\\\/2021\\\/06\\\/13\\\/ruben-rocha-moya-recibe-constancia-de-gobernador-electo-de-sinaloa\\\/\"]}]},{\"@type\":\"ImageObject\",\"inLanguage\":\"es\",\"@id\":\"https:\\\/\\\/fuentesfidedignas.com.mx\\\/index.php\\\/2021\\\/06\\\/13\\\/ruben-rocha-moya-recibe-constancia-de-gobernador-electo-de-sinaloa\\\/#primaryimage\",\"url\":\"https:\\\/\\\/fuentesfidedignas.com.mx\\\/wp-content\\\/uploads\\\/2021\\\/06\\\/RUBEN_CONSTANCIA.jpg\",\"contentUrl\":\"https:\\\/\\\/fuentesfidedignas.com.mx\\\/wp-content\\\/uploads\\\/2021\\\/06\\\/RUBEN_CONSTANCIA.jpg\",\"width\":1280,\"height\":851},{\"@type\":\"BreadcrumbList\",\"@id\":\"https:\\\/\\\/fuentesfidedignas.com.mx\\\/index.php\\\/2021\\\/06\\\/13\\\/ruben-rocha-moya-recibe-constancia-de-gobernador-electo-de-sinaloa\\\/#breadcrumb\",\"itemListElement\":[{\"@type\":\"ListItem\",\"position\":1,\"name\":\"Inicio\",\"item\":\"https:\\\/\\\/fuentesfidedignas.com.mx\\\/\"},{\"@type\":\"ListItem\",\"position\":2,\"name\":\"Rub\u00e9n Rocha Moya recibe constancia de gobernador electo de Sinaloa\"}]},{\"@type\":\"WebSite\",\"@id\":\"https:\\\/\\\/fuentesfidedignas.com.mx\\\/#website\",\"url\":\"https:\\\/\\\/fuentesfidedignas.com.mx\\\/\",\"name\":\"Fuentes Fidedignas\",\"description\":\"Otro sitio realizado con WordPress\",\"publisher\":{\"@id\":\"https:\\\/\\\/fuentesfidedignas.com.mx\\\/#organization\"},\"potentialAction\":[{\"@type\":\"SearchAction\",\"target\":{\"@type\":\"EntryPoint\",\"urlTemplate\":\"https:\\\/\\\/fuentesfidedignas.com.mx\\\/?s={search_term_string}\"},\"query-input\":{\"@type\":\"PropertyValueSpecification\",\"valueRequired\":true,\"valueName\":\"search_term_string\"}}],\"inLanguage\":\"es\"},{\"@type\":\"Organization\",\"@id\":\"https:\\\/\\\/fuentesfidedignas.com.mx\\\/#organization\",\"name\":\"Fuentes Fidedignas\",\"url\":\"https:\\\/\\\/fuentesfidedignas.com.mx\\\/\",\"logo\":{\"@type\":\"ImageObject\",\"inLanguage\":\"es\",\"@id\":\"https:\\\/\\\/fuentesfidedignas.com.mx\\\/#\\\/schema\\\/logo\\\/image\\\/\",\"url\":\"https:\\\/\\\/fuentesfidedignas.com.mx\\\/wp-content\\\/uploads\\\/2021\\\/04\\\/logo-retina.png\",\"contentUrl\":\"https:\\\/\\\/fuentesfidedignas.com.mx\\\/wp-content\\\/uploads\\\/2021\\\/04\\\/logo-retina.png\",\"width\":280,\"height\":51,\"caption\":\"Fuentes Fidedignas\"},\"image\":{\"@id\":\"https:\\\/\\\/fuentesfidedignas.com.mx\\\/#\\\/schema\\\/logo\\\/image\\\/\"},\"sameAs\":[\"https:\\\/\\\/www.facebook.com\\\/Fuentes-Fidedignas-368234489921644\",\"https:\\\/\\\/x.com\\\/fidedignas\"]},{\"@type\":\"Person\",\"@id\":\"https:\\\/\\\/fuentesfidedignas.com.mx\\\/#\\\/schema\\\/person\\\/331be9283d37198e2acd5750279085b0\",\"name\":\"Redacci\u00f3n\",\"image\":{\"@type\":\"ImageObject\",\"inLanguage\":\"es\",\"@id\":\"https:\\\/\\\/secure.gravatar.com\\\/avatar\\\/f6d8782c11d12b2d4ad3fbb6931aeab5309937a4d6cd2fc9cfaa28a6396a5aec?s=96&d=mm&r=g\",\"url\":\"https:\\\/\\\/secure.gravatar.com\\\/avatar\\\/f6d8782c11d12b2d4ad3fbb6931aeab5309937a4d6cd2fc9cfaa28a6396a5aec?s=96&d=mm&r=g\",\"contentUrl\":\"https:\\\/\\\/secure.gravatar.com\\\/avatar\\\/f6d8782c11d12b2d4ad3fbb6931aeab5309937a4d6cd2fc9cfaa28a6396a5aec?s=96&d=mm&r=g\",\"caption\":\"Redacci\u00f3n\"},\"url\":\"https:\\\/\\\/fuentesfidedignas.com.mx\\\/index.php\\\/author\\\/redaccion\\\/\"}]}<\/script>\n<!-- \/ Yoast SEO plugin. -->","yoast_head_json":{"title":"Rub\u00e9n Rocha Moya recibe constancia de gobernador electo de Sinaloa - Fuentes Fidedignas","robots":{"index":"index","follow":"follow","max-snippet":"max-snippet:-1","max-image-preview":"max-image-preview:large","max-video-preview":"max-video-preview:-1"},"canonical":"https:\/\/fuentesfidedignas.com.mx\/index.php\/2021\/06\/13\/ruben-rocha-moya-recibe-constancia-de-gobernador-electo-de-sinaloa\/","og_locale":"es_MX","og_type":"article","og_title":"Rub\u00e9n Rocha Moya recibe constancia de gobernador electo de Sinaloa - Fuentes Fidedignas","og_description":"De acuerdo con el computo final del IEES, Rocha Moya obtuvo 624 mil 225 votos, que representan el 56.60 por ciento del total de sufragios emitidos. Culiac\u00e1n, Sin. \u2013 Al recibir del Instituto Electoral del Estado de Sinaloa (IEES) la constancia de mayor\u00eda que lo acredita como gobernador electo de Sinaloa para el periodo 2021-2027, [&hellip;]","og_url":"https:\/\/fuentesfidedignas.com.mx\/index.php\/2021\/06\/13\/ruben-rocha-moya-recibe-constancia-de-gobernador-electo-de-sinaloa\/","og_site_name":"Fuentes Fidedignas","article_publisher":"https:\/\/www.facebook.com\/Fuentes-Fidedignas-368234489921644","article_published_time":"2021-06-14T00:22:18+00:00","article_modified_time":"2021-06-14T00:22:19+00:00","og_image":[{"width":1280,"height":851,"url":"https:\/\/fuentesfidedignas.com.mx\/wp-content\/uploads\/2021\/06\/RUBEN_CONSTANCIA.jpg","type":"image\/jpeg"}],"author":"Redacci\u00f3n","twitter_card":"summary_large_image","twitter_creator":"@fidedignas","twitter_site":"@fidedignas","twitter_misc":{"Escrito por":"Redacci\u00f3n","Tiempo de lectura":"2 minutos"},"schema":{"@context":"https:\/\/schema.org","@graph":[{"@type":"Article","@id":"https:\/\/fuentesfidedignas.com.mx\/index.php\/2021\/06\/13\/ruben-rocha-moya-recibe-constancia-de-gobernador-electo-de-sinaloa\/#article","isPartOf":{"@id":"https:\/\/fuentesfidedignas.com.mx\/index.php\/2021\/06\/13\/ruben-rocha-moya-recibe-constancia-de-gobernador-electo-de-sinaloa\/"},"author":{"name":"Redacci\u00f3n","@id":"https:\/\/fuentesfidedignas.com.mx\/#\/schema\/person\/331be9283d37198e2acd5750279085b0"},"headline":"Rub\u00e9n Rocha Moya recibe constancia de gobernador electo de Sinaloa","datePublished":"2021-06-14T00:22:18+00:00","dateModified":"2021-06-14T00:22:19+00:00","mainEntityOfPage":{"@id":"https:\/\/fuentesfidedignas.com.mx\/index.php\/2021\/06\/13\/ruben-rocha-moya-recibe-constancia-de-gobernador-electo-de-sinaloa\/"},"wordCount":466,"commentCount":0,"publisher":{"@id":"https:\/\/fuentesfidedignas.com.mx\/#organization"},"image":{"@id":"https:\/\/fuentesfidedignas.com.mx\/index.php\/2021\/06\/13\/ruben-rocha-moya-recibe-constancia-de-gobernador-electo-de-sinaloa\/#primaryimage"},"thumbnailUrl":"https:\/\/fuentesfidedignas.com.mx\/wp-content\/uploads\/2021\/06\/RUBEN_CONSTANCIA.jpg","keywords":["IEES","Instituto Electoral del Estado de Sinaloa","morena","Morena-PAS","Rub\u00e9n Rocha Moya"],"articleSection":["NOTA PRINCIPAL"],"inLanguage":"es","potentialAction":[{"@type":"CommentAction","name":"Comment","target":["https:\/\/fuentesfidedignas.com.mx\/index.php\/2021\/06\/13\/ruben-rocha-moya-recibe-constancia-de-gobernador-electo-de-sinaloa\/#respond"]}]},{"@type":"WebPage","@id":"https:\/\/fuentesfidedignas.com.mx\/index.php\/2021\/06\/13\/ruben-rocha-moya-recibe-constancia-de-gobernador-electo-de-sinaloa\/","url":"https:\/\/fuentesfidedignas.com.mx\/index.php\/2021\/06\/13\/ruben-rocha-moya-recibe-constancia-de-gobernador-electo-de-sinaloa\/","name":"Rub\u00e9n Rocha Moya recibe constancia de gobernador electo de Sinaloa - Fuentes Fidedignas","isPartOf":{"@id":"https:\/\/fuentesfidedignas.com.mx\/#website"},"primaryImageOfPage":{"@id":"https:\/\/fuentesfidedignas.com.mx\/index.php\/2021\/06\/13\/ruben-rocha-moya-recibe-constancia-de-gobernador-electo-de-sinaloa\/#primaryimage"},"image":{"@id":"https:\/\/fuentesfidedignas.com.mx\/index.php\/2021\/06\/13\/ruben-rocha-moya-recibe-constancia-de-gobernador-electo-de-sinaloa\/#primaryimage"},"thumbnailUrl":"https:\/\/fuentesfidedignas.com.mx\/wp-content\/uploads\/2021\/06\/RUBEN_CONSTANCIA.jpg","datePublished":"2021-06-14T00:22:18+00:00","dateModified":"2021-06-14T00:22:19+00:00","breadcrumb":{"@id":"https:\/\/fuentesfidedignas.com.mx\/index.php\/2021\/06\/13\/ruben-rocha-moya-recibe-constancia-de-gobernador-electo-de-sinaloa\/#breadcrumb"},"inLanguage":"es","potentialAction":[{"@type":"ReadAction","target":["https:\/\/fuentesfidedignas.com.mx\/index.php\/2021\/06\/13\/ruben-rocha-moya-recibe-constancia-de-gobernador-electo-de-sinaloa\/"]}]},{"@type":"ImageObject","inLanguage":"es","@id":"https:\/\/fuentesfidedignas.com.mx\/index.php\/2021\/06\/13\/ruben-rocha-moya-recibe-constancia-de-gobernador-electo-de-sinaloa\/#primaryimage","url":"https:\/\/fuentesfidedignas.com.mx\/wp-content\/uploads\/2021\/06\/RUBEN_CONSTANCIA.jpg","contentUrl":"https:\/\/fuentesfidedignas.com.mx\/wp-content\/uploads\/2021\/06\/RUBEN_CONSTANCIA.jpg","width":1280,"height":851},{"@type":"BreadcrumbList","@id":"https:\/\/fuentesfidedignas.com.mx\/index.php\/2021\/06\/13\/ruben-rocha-moya-recibe-constancia-de-gobernador-electo-de-sinaloa\/#breadcrumb","itemListElement":[{"@type":"ListItem","position":1,"name":"Inicio","item":"https:\/\/fuentesfidedignas.com.mx\/"},{"@type":"ListItem","position":2,"name":"Rub\u00e9n Rocha Moya recibe constancia de gobernador electo de Sinaloa"}]},{"@type":"WebSite","@id":"https:\/\/fuentesfidedignas.com.mx\/#website","url":"https:\/\/fuentesfidedignas.com.mx\/","name":"Fuentes Fidedignas","description":"Otro sitio realizado con WordPress","publisher":{"@id":"https:\/\/fuentesfidedignas.com.mx\/#organization"},"potentialAction":[{"@type":"SearchAction","target":{"@type":"EntryPoint","urlTemplate":"https:\/\/fuentesfidedignas.com.mx\/?s={search_term_string}"},"query-input":{"@type":"PropertyValueSpecification","valueRequired":true,"valueName":"search_term_string"}}],"inLanguage":"es"},{"@type":"Organization","@id":"https:\/\/fuentesfidedignas.com.mx\/#organization","name":"Fuentes Fidedignas","url":"https:\/\/fuentesfidedignas.com.mx\/","logo":{"@type":"ImageObject","inLanguage":"es","@id":"https:\/\/fuentesfidedignas.com.mx\/#\/schema\/logo\/image\/","url":"https:\/\/fuentesfidedignas.com.mx\/wp-content\/uploads\/2021\/04\/logo-retina.png","contentUrl":"https:\/\/fuentesfidedignas.com.mx\/wp-content\/uploads\/2021\/04\/logo-retina.png","width":280,"height":51,"caption":"Fuentes Fidedignas"},"image":{"@id":"https:\/\/fuentesfidedignas.com.mx\/#\/schema\/logo\/image\/"},"sameAs":["https:\/\/www.facebook.com\/Fuentes-Fidedignas-368234489921644","https:\/\/x.com\/fidedignas"]},{"@type":"Person","@id":"https:\/\/fuentesfidedignas.com.mx\/#\/schema\/person\/331be9283d37198e2acd5750279085b0","name":"Redacci\u00f3n","image":{"@type":"ImageObject","inLanguage":"es","@id":"https:\/\/secure.gravatar.com\/avatar\/f6d8782c11d12b2d4ad3fbb6931aeab5309937a4d6cd2fc9cfaa28a6396a5aec?s=96&d=mm&r=g","url":"https:\/\/secure.gravatar.com\/avatar\/f6d8782c11d12b2d4ad3fbb6931aeab5309937a4d6cd2fc9cfaa28a6396a5aec?s=96&d=mm&r=g","contentUrl":"https:\/\/secure.gravatar.com\/avatar\/f6d8782c11d12b2d4ad3fbb6931aeab5309937a4d6cd2fc9cfaa28a6396a5aec?s=96&d=mm&r=g","caption":"Redacci\u00f3n"},"url":"https:\/\/fuentesfidedignas.com.mx\/index.php\/author\/redaccion\/"}]}},"_links":{"self":[{"href":"https:\/\/fuentesfidedignas.com.mx\/index.php\/wp-json\/wp\/v2\/posts\/4978","targetHints":{"allow":["GET"]}}],"collection":[{"href":"https:\/\/fuentesfidedignas.com.mx\/index.php\/wp-json\/wp\/v2\/posts"}],"about":[{"href":"https:\/\/fuentesfidedignas.com.mx\/index.php\/wp-json\/wp\/v2\/types\/post"}],"author":[{"embeddable":true,"href":"https:\/\/fuentesfidedignas.com.mx\/index.php\/wp-json\/wp\/v2\/users\/4"}],"replies":[{"embeddable":true,"href":"https:\/\/fuentesfidedignas.com.mx\/index.php\/wp-json\/wp\/v2\/comments?post=4978"}],"version-history":[{"count":1,"href":"https:\/\/fuentesfidedignas.com.mx\/index.php\/wp-json\/wp\/v2\/posts\/4978\/revisions"}],"predecessor-version":[{"id":4980,"href":"https:\/\/fuentesfidedignas.com.mx\/index.php\/wp-json\/wp\/v2\/posts\/4978\/revisions\/4980"}],"wp:featuredmedia":[{"embeddable":true,"href":"https:\/\/fuentesfidedignas.com.mx\/index.php\/wp-json\/wp\/v2\/media\/4979"}],"wp:attachment":[{"href":"https:\/\/fuentesfidedignas.com.mx\/index.php\/wp-json\/wp\/v2\/media?parent=4978"}],"wp:term":[{"taxonomy":"category","embeddable":true,"href":"https:\/\/fuentesfidedignas.com.mx\/index.php\/wp-json\/wp\/v2\/categories?post=4978"},{"taxonomy":"post_tag","embeddable":true,"href":"https:\/\/fuentesfidedignas.com.mx\/index.php\/wp-json\/wp\/v2\/tags?post=4978"}],"curies":[{"name":"wp","href":"https:\/\/api.w.org\/{rel}","templated":true}]}}