{"id":49710,"date":"2023-06-12T15:04:15","date_gmt":"2023-06-12T22:04:15","guid":{"rendered":"https:\/\/fuentesfidedignas.com.mx\/?p=49710"},"modified":"2023-06-12T15:06:11","modified_gmt":"2023-06-12T22:06:11","slug":"sandra-lara-y-tony-castaneda-dejan-militancia-del-pri","status":"publish","type":"post","link":"https:\/\/fuentesfidedignas.com.mx\/index.php\/2023\/06\/12\/sandra-lara-y-tony-castaneda-dejan-militancia-del-pri\/","title":{"rendered":"Sandra Lara y &#8220;Tony&#8221; Casta\u00f1eda dejan militancia del PRI"},"content":{"rendered":"\n<p><strong><em>Ambos ex pri\u00edstas presentaron documentaci\u00f3n para abandonar el partido<\/em><\/strong><\/p>\n\n\n\n<p>Culiac\u00e1n, Sin.- Tanto el expresidente municipal de Culiac\u00e1n, Antonio &#8220;Tony&#8221; Casta\u00f1eda, como la exdiputada Sandra Lara, presentaron hoy su renuncia a la militancia del Partido Revolucionario Institucional (PRI).<\/p>\n\n\n\n<p>Las renuncias se dan en el marco de la renovaci\u00f3n de la dirigencia estatal del tricolor, de la cual quedaron a cargo Paola G\u00e1rate y Bernardino Antelo.<\/p>\n\n\n\n<p>\u201c<strong>Me veo motivado a presentar mi renuncia a la militancia en el PRI a partir de hoy lunes 12 de junio de 2023<\/strong>\u201d, se\u00f1al\u00f3 el exalcalde de la capital sinaloense, quien actualmente se desempe\u00f1a como director de la Comisi\u00f3n de Vivienda de Gobierno del Estado.<\/p>\n\n\n\n<p>Mientras que la exlegisladora afirm\u00f3 en sus redes sociales que \u201c<strong>las renuncias, los finales y los l\u00edmites tambi\u00e9n son logros\u201d.<\/strong><\/p>\n","protected":false},"excerpt":{"rendered":"<p>Ambos ex pri\u00edstas presentaron documentaci\u00f3n para abandonar el partido Culiac\u00e1n, Sin.- Tanto el expresidente municipal de Culiac\u00e1n, Antonio &#8220;Tony&#8221; Casta\u00f1eda, como la exdiputada Sandra Lara, presentaron hoy su renuncia a la militancia del Partido Revolucionario Institucional (PRI). Las renuncias se dan en el marco de la renovaci\u00f3n de la dirigencia estatal del tricolor, de la [&hellip;]<\/p>\n","protected":false},"author":11,"featured_media":49711,"comment_status":"open","ping_status":"open","sticky":false,"template":"","format":"standard","meta":{"tdm_status":"","tdm_grid_status":"","footnotes":""},"categories":[37],"tags":[],"class_list":{"0":"post-49710","1":"post","2":"type-post","3":"status-publish","4":"format-standard","5":"has-post-thumbnail","7":"category-nota-principal"},"yoast_head":"<!-- This site is optimized with the Yoast SEO plugin v27.4 - https:\/\/yoast.com\/product\/yoast-seo-wordpress\/ -->\n<title>Sandra Lara y &quot;Tony&quot; Casta\u00f1eda dejan militancia del PRI - Fuentes Fidedignas<\/title>\n<meta name=\"robots\" content=\"index, follow, max-snippet:-1, max-image-preview:large, max-video-preview:-1\" \/>\n<link rel=\"canonical\" href=\"https:\/\/fuentesfidedignas.com.mx\/index.php\/2023\/06\/12\/sandra-lara-y-tony-castaneda-dejan-militancia-del-pri\/\" \/>\n<meta property=\"og:locale\" content=\"es_MX\" \/>\n<meta property=\"og:type\" content=\"article\" \/>\n<meta property=\"og:title\" content=\"Sandra Lara y &quot;Tony&quot; Casta\u00f1eda dejan militancia del PRI - Fuentes Fidedignas\" \/>\n<meta property=\"og:description\" content=\"Ambos ex pri\u00edstas presentaron documentaci\u00f3n para abandonar el partido Culiac\u00e1n, Sin.- Tanto el expresidente municipal de Culiac\u00e1n, Antonio &#8220;Tony&#8221; Casta\u00f1eda, como la exdiputada Sandra Lara, presentaron hoy su renuncia a la militancia del Partido Revolucionario Institucional (PRI). Las renuncias se dan en el marco de la renovaci\u00f3n de la dirigencia estatal del tricolor, de la [&hellip;]\" \/>\n<meta property=\"og:url\" content=\"https:\/\/fuentesfidedignas.com.mx\/index.php\/2023\/06\/12\/sandra-lara-y-tony-castaneda-dejan-militancia-del-pri\/\" \/>\n<meta property=\"og:site_name\" content=\"Fuentes Fidedignas\" \/>\n<meta property=\"article:publisher\" content=\"https:\/\/www.facebook.com\/Fuentes-Fidedignas-368234489921644\" \/>\n<meta property=\"article:published_time\" content=\"2023-06-12T22:04:15+00:00\" \/>\n<meta property=\"article:modified_time\" content=\"2023-06-12T22:06:11+00:00\" \/>\n<meta property=\"og:image\" content=\"https:\/\/fuentesfidedignas.com.mx\/wp-content\/uploads\/2023\/06\/pri-tony-sandra-e1686607450481.jpg\" \/>\n\t<meta property=\"og:image:width\" content=\"600\" \/>\n\t<meta property=\"og:image:height\" content=\"410\" \/>\n\t<meta property=\"og:image:type\" content=\"image\/jpeg\" \/>\n<meta name=\"author\" content=\"Marissa Palafox\" \/>\n<meta name=\"twitter:card\" content=\"summary_large_image\" \/>\n<meta name=\"twitter:creator\" content=\"@fidedignas\" \/>\n<meta name=\"twitter:site\" content=\"@fidedignas\" \/>\n<meta name=\"twitter:label1\" content=\"Escrito por\" \/>\n\t<meta name=\"twitter:data1\" content=\"Marissa Palafox\" \/>\n\t<meta name=\"twitter:label2\" content=\"Tiempo de lectura\" \/>\n\t<meta name=\"twitter:data2\" content=\"1 minuto\" \/>\n<script type=\"application\/ld+json\" class=\"yoast-schema-graph\">{\"@context\":\"https:\\\/\\\/schema.org\",\"@graph\":[{\"@type\":\"Article\",\"@id\":\"https:\\\/\\\/fuentesfidedignas.com.mx\\\/index.php\\\/2023\\\/06\\\/12\\\/sandra-lara-y-tony-castaneda-dejan-militancia-del-pri\\\/#article\",\"isPartOf\":{\"@id\":\"https:\\\/\\\/fuentesfidedignas.com.mx\\\/index.php\\\/2023\\\/06\\\/12\\\/sandra-lara-y-tony-castaneda-dejan-militancia-del-pri\\\/\"},\"author\":{\"name\":\"Marissa Palafox\",\"@id\":\"https:\\\/\\\/fuentesfidedignas.com.mx\\\/#\\\/schema\\\/person\\\/2c10028b4a30078c05a056a215342ab9\"},\"headline\":\"Sandra Lara y &#8220;Tony&#8221; Casta\u00f1eda dejan militancia del PRI\",\"datePublished\":\"2023-06-12T22:04:15+00:00\",\"dateModified\":\"2023-06-12T22:06:11+00:00\",\"mainEntityOfPage\":{\"@id\":\"https:\\\/\\\/fuentesfidedignas.com.mx\\\/index.php\\\/2023\\\/06\\\/12\\\/sandra-lara-y-tony-castaneda-dejan-militancia-del-pri\\\/\"},\"wordCount\":150,\"commentCount\":0,\"publisher\":{\"@id\":\"https:\\\/\\\/fuentesfidedignas.com.mx\\\/#organization\"},\"image\":{\"@id\":\"https:\\\/\\\/fuentesfidedignas.com.mx\\\/index.php\\\/2023\\\/06\\\/12\\\/sandra-lara-y-tony-castaneda-dejan-militancia-del-pri\\\/#primaryimage\"},\"thumbnailUrl\":\"https:\\\/\\\/fuentesfidedignas.com.mx\\\/wp-content\\\/uploads\\\/2023\\\/06\\\/pri-tony-sandra-e1686607450481.jpg\",\"articleSection\":[\"NOTA PRINCIPAL\"],\"inLanguage\":\"es\",\"potentialAction\":[{\"@type\":\"CommentAction\",\"name\":\"Comment\",\"target\":[\"https:\\\/\\\/fuentesfidedignas.com.mx\\\/index.php\\\/2023\\\/06\\\/12\\\/sandra-lara-y-tony-castaneda-dejan-militancia-del-pri\\\/#respond\"]}]},{\"@type\":\"WebPage\",\"@id\":\"https:\\\/\\\/fuentesfidedignas.com.mx\\\/index.php\\\/2023\\\/06\\\/12\\\/sandra-lara-y-tony-castaneda-dejan-militancia-del-pri\\\/\",\"url\":\"https:\\\/\\\/fuentesfidedignas.com.mx\\\/index.php\\\/2023\\\/06\\\/12\\\/sandra-lara-y-tony-castaneda-dejan-militancia-del-pri\\\/\",\"name\":\"Sandra Lara y \\\"Tony\\\" Casta\u00f1eda dejan militancia del PRI - Fuentes Fidedignas\",\"isPartOf\":{\"@id\":\"https:\\\/\\\/fuentesfidedignas.com.mx\\\/#website\"},\"primaryImageOfPage\":{\"@id\":\"https:\\\/\\\/fuentesfidedignas.com.mx\\\/index.php\\\/2023\\\/06\\\/12\\\/sandra-lara-y-tony-castaneda-dejan-militancia-del-pri\\\/#primaryimage\"},\"image\":{\"@id\":\"https:\\\/\\\/fuentesfidedignas.com.mx\\\/index.php\\\/2023\\\/06\\\/12\\\/sandra-lara-y-tony-castaneda-dejan-militancia-del-pri\\\/#primaryimage\"},\"thumbnailUrl\":\"https:\\\/\\\/fuentesfidedignas.com.mx\\\/wp-content\\\/uploads\\\/2023\\\/06\\\/pri-tony-sandra-e1686607450481.jpg\",\"datePublished\":\"2023-06-12T22:04:15+00:00\",\"dateModified\":\"2023-06-12T22:06:11+00:00\",\"breadcrumb\":{\"@id\":\"https:\\\/\\\/fuentesfidedignas.com.mx\\\/index.php\\\/2023\\\/06\\\/12\\\/sandra-lara-y-tony-castaneda-dejan-militancia-del-pri\\\/#breadcrumb\"},\"inLanguage\":\"es\",\"potentialAction\":[{\"@type\":\"ReadAction\",\"target\":[\"https:\\\/\\\/fuentesfidedignas.com.mx\\\/index.php\\\/2023\\\/06\\\/12\\\/sandra-lara-y-tony-castaneda-dejan-militancia-del-pri\\\/\"]}]},{\"@type\":\"ImageObject\",\"inLanguage\":\"es\",\"@id\":\"https:\\\/\\\/fuentesfidedignas.com.mx\\\/index.php\\\/2023\\\/06\\\/12\\\/sandra-lara-y-tony-castaneda-dejan-militancia-del-pri\\\/#primaryimage\",\"url\":\"https:\\\/\\\/fuentesfidedignas.com.mx\\\/wp-content\\\/uploads\\\/2023\\\/06\\\/pri-tony-sandra-e1686607450481.jpg\",\"contentUrl\":\"https:\\\/\\\/fuentesfidedignas.com.mx\\\/wp-content\\\/uploads\\\/2023\\\/06\\\/pri-tony-sandra-e1686607450481.jpg\",\"width\":600,\"height\":410},{\"@type\":\"BreadcrumbList\",\"@id\":\"https:\\\/\\\/fuentesfidedignas.com.mx\\\/index.php\\\/2023\\\/06\\\/12\\\/sandra-lara-y-tony-castaneda-dejan-militancia-del-pri\\\/#breadcrumb\",\"itemListElement\":[{\"@type\":\"ListItem\",\"position\":1,\"name\":\"Inicio\",\"item\":\"https:\\\/\\\/fuentesfidedignas.com.mx\\\/\"},{\"@type\":\"ListItem\",\"position\":2,\"name\":\"Sandra Lara y &#8220;Tony&#8221; Casta\u00f1eda dejan militancia del PRI\"}]},{\"@type\":\"WebSite\",\"@id\":\"https:\\\/\\\/fuentesfidedignas.com.mx\\\/#website\",\"url\":\"https:\\\/\\\/fuentesfidedignas.com.mx\\\/\",\"name\":\"Fuentes Fidedignas\",\"description\":\"Otro sitio realizado con WordPress\",\"publisher\":{\"@id\":\"https:\\\/\\\/fuentesfidedignas.com.mx\\\/#organization\"},\"potentialAction\":[{\"@type\":\"SearchAction\",\"target\":{\"@type\":\"EntryPoint\",\"urlTemplate\":\"https:\\\/\\\/fuentesfidedignas.com.mx\\\/?s={search_term_string}\"},\"query-input\":{\"@type\":\"PropertyValueSpecification\",\"valueRequired\":true,\"valueName\":\"search_term_string\"}}],\"inLanguage\":\"es\"},{\"@type\":\"Organization\",\"@id\":\"https:\\\/\\\/fuentesfidedignas.com.mx\\\/#organization\",\"name\":\"Fuentes Fidedignas\",\"url\":\"https:\\\/\\\/fuentesfidedignas.com.mx\\\/\",\"logo\":{\"@type\":\"ImageObject\",\"inLanguage\":\"es\",\"@id\":\"https:\\\/\\\/fuentesfidedignas.com.mx\\\/#\\\/schema\\\/logo\\\/image\\\/\",\"url\":\"https:\\\/\\\/fuentesfidedignas.com.mx\\\/wp-content\\\/uploads\\\/2021\\\/04\\\/logo-retina.png\",\"contentUrl\":\"https:\\\/\\\/fuentesfidedignas.com.mx\\\/wp-content\\\/uploads\\\/2021\\\/04\\\/logo-retina.png\",\"width\":280,\"height\":51,\"caption\":\"Fuentes Fidedignas\"},\"image\":{\"@id\":\"https:\\\/\\\/fuentesfidedignas.com.mx\\\/#\\\/schema\\\/logo\\\/image\\\/\"},\"sameAs\":[\"https:\\\/\\\/www.facebook.com\\\/Fuentes-Fidedignas-368234489921644\",\"https:\\\/\\\/x.com\\\/fidedignas\"]},{\"@type\":\"Person\",\"@id\":\"https:\\\/\\\/fuentesfidedignas.com.mx\\\/#\\\/schema\\\/person\\\/2c10028b4a30078c05a056a215342ab9\",\"name\":\"Marissa Palafox\",\"image\":{\"@type\":\"ImageObject\",\"inLanguage\":\"es\",\"@id\":\"https:\\\/\\\/secure.gravatar.com\\\/avatar\\\/20a43bdb2f2db10f20b22d4e98b96eb027faf98f7f76d29854dc5fab46d1cf71?s=96&d=mm&r=g\",\"url\":\"https:\\\/\\\/secure.gravatar.com\\\/avatar\\\/20a43bdb2f2db10f20b22d4e98b96eb027faf98f7f76d29854dc5fab46d1cf71?s=96&d=mm&r=g\",\"contentUrl\":\"https:\\\/\\\/secure.gravatar.com\\\/avatar\\\/20a43bdb2f2db10f20b22d4e98b96eb027faf98f7f76d29854dc5fab46d1cf71?s=96&d=mm&r=g\",\"caption\":\"Marissa Palafox\"},\"url\":\"https:\\\/\\\/fuentesfidedignas.com.mx\\\/index.php\\\/author\\\/marissa\\\/\"}]}<\/script>\n<!-- \/ Yoast SEO plugin. -->","yoast_head_json":{"title":"Sandra Lara y \"Tony\" Casta\u00f1eda dejan militancia del PRI - Fuentes Fidedignas","robots":{"index":"index","follow":"follow","max-snippet":"max-snippet:-1","max-image-preview":"max-image-preview:large","max-video-preview":"max-video-preview:-1"},"canonical":"https:\/\/fuentesfidedignas.com.mx\/index.php\/2023\/06\/12\/sandra-lara-y-tony-castaneda-dejan-militancia-del-pri\/","og_locale":"es_MX","og_type":"article","og_title":"Sandra Lara y \"Tony\" Casta\u00f1eda dejan militancia del PRI - Fuentes Fidedignas","og_description":"Ambos ex pri\u00edstas presentaron documentaci\u00f3n para abandonar el partido Culiac\u00e1n, Sin.- Tanto el expresidente municipal de Culiac\u00e1n, Antonio &#8220;Tony&#8221; Casta\u00f1eda, como la exdiputada Sandra Lara, presentaron hoy su renuncia a la militancia del Partido Revolucionario Institucional (PRI). Las renuncias se dan en el marco de la renovaci\u00f3n de la dirigencia estatal del tricolor, de la [&hellip;]","og_url":"https:\/\/fuentesfidedignas.com.mx\/index.php\/2023\/06\/12\/sandra-lara-y-tony-castaneda-dejan-militancia-del-pri\/","og_site_name":"Fuentes Fidedignas","article_publisher":"https:\/\/www.facebook.com\/Fuentes-Fidedignas-368234489921644","article_published_time":"2023-06-12T22:04:15+00:00","article_modified_time":"2023-06-12T22:06:11+00:00","og_image":[{"width":600,"height":410,"url":"https:\/\/fuentesfidedignas.com.mx\/wp-content\/uploads\/2023\/06\/pri-tony-sandra-e1686607450481.jpg","type":"image\/jpeg"}],"author":"Marissa Palafox","twitter_card":"summary_large_image","twitter_creator":"@fidedignas","twitter_site":"@fidedignas","twitter_misc":{"Escrito por":"Marissa Palafox","Tiempo de lectura":"1 minuto"},"schema":{"@context":"https:\/\/schema.org","@graph":[{"@type":"Article","@id":"https:\/\/fuentesfidedignas.com.mx\/index.php\/2023\/06\/12\/sandra-lara-y-tony-castaneda-dejan-militancia-del-pri\/#article","isPartOf":{"@id":"https:\/\/fuentesfidedignas.com.mx\/index.php\/2023\/06\/12\/sandra-lara-y-tony-castaneda-dejan-militancia-del-pri\/"},"author":{"name":"Marissa Palafox","@id":"https:\/\/fuentesfidedignas.com.mx\/#\/schema\/person\/2c10028b4a30078c05a056a215342ab9"},"headline":"Sandra Lara y &#8220;Tony&#8221; Casta\u00f1eda dejan militancia del PRI","datePublished":"2023-06-12T22:04:15+00:00","dateModified":"2023-06-12T22:06:11+00:00","mainEntityOfPage":{"@id":"https:\/\/fuentesfidedignas.com.mx\/index.php\/2023\/06\/12\/sandra-lara-y-tony-castaneda-dejan-militancia-del-pri\/"},"wordCount":150,"commentCount":0,"publisher":{"@id":"https:\/\/fuentesfidedignas.com.mx\/#organization"},"image":{"@id":"https:\/\/fuentesfidedignas.com.mx\/index.php\/2023\/06\/12\/sandra-lara-y-tony-castaneda-dejan-militancia-del-pri\/#primaryimage"},"thumbnailUrl":"https:\/\/fuentesfidedignas.com.mx\/wp-content\/uploads\/2023\/06\/pri-tony-sandra-e1686607450481.jpg","articleSection":["NOTA PRINCIPAL"],"inLanguage":"es","potentialAction":[{"@type":"CommentAction","name":"Comment","target":["https:\/\/fuentesfidedignas.com.mx\/index.php\/2023\/06\/12\/sandra-lara-y-tony-castaneda-dejan-militancia-del-pri\/#respond"]}]},{"@type":"WebPage","@id":"https:\/\/fuentesfidedignas.com.mx\/index.php\/2023\/06\/12\/sandra-lara-y-tony-castaneda-dejan-militancia-del-pri\/","url":"https:\/\/fuentesfidedignas.com.mx\/index.php\/2023\/06\/12\/sandra-lara-y-tony-castaneda-dejan-militancia-del-pri\/","name":"Sandra Lara y \"Tony\" Casta\u00f1eda dejan militancia del PRI - Fuentes Fidedignas","isPartOf":{"@id":"https:\/\/fuentesfidedignas.com.mx\/#website"},"primaryImageOfPage":{"@id":"https:\/\/fuentesfidedignas.com.mx\/index.php\/2023\/06\/12\/sandra-lara-y-tony-castaneda-dejan-militancia-del-pri\/#primaryimage"},"image":{"@id":"https:\/\/fuentesfidedignas.com.mx\/index.php\/2023\/06\/12\/sandra-lara-y-tony-castaneda-dejan-militancia-del-pri\/#primaryimage"},"thumbnailUrl":"https:\/\/fuentesfidedignas.com.mx\/wp-content\/uploads\/2023\/06\/pri-tony-sandra-e1686607450481.jpg","datePublished":"2023-06-12T22:04:15+00:00","dateModified":"2023-06-12T22:06:11+00:00","breadcrumb":{"@id":"https:\/\/fuentesfidedignas.com.mx\/index.php\/2023\/06\/12\/sandra-lara-y-tony-castaneda-dejan-militancia-del-pri\/#breadcrumb"},"inLanguage":"es","potentialAction":[{"@type":"ReadAction","target":["https:\/\/fuentesfidedignas.com.mx\/index.php\/2023\/06\/12\/sandra-lara-y-tony-castaneda-dejan-militancia-del-pri\/"]}]},{"@type":"ImageObject","inLanguage":"es","@id":"https:\/\/fuentesfidedignas.com.mx\/index.php\/2023\/06\/12\/sandra-lara-y-tony-castaneda-dejan-militancia-del-pri\/#primaryimage","url":"https:\/\/fuentesfidedignas.com.mx\/wp-content\/uploads\/2023\/06\/pri-tony-sandra-e1686607450481.jpg","contentUrl":"https:\/\/fuentesfidedignas.com.mx\/wp-content\/uploads\/2023\/06\/pri-tony-sandra-e1686607450481.jpg","width":600,"height":410},{"@type":"BreadcrumbList","@id":"https:\/\/fuentesfidedignas.com.mx\/index.php\/2023\/06\/12\/sandra-lara-y-tony-castaneda-dejan-militancia-del-pri\/#breadcrumb","itemListElement":[{"@type":"ListItem","position":1,"name":"Inicio","item":"https:\/\/fuentesfidedignas.com.mx\/"},{"@type":"ListItem","position":2,"name":"Sandra Lara y &#8220;Tony&#8221; Casta\u00f1eda dejan militancia del PRI"}]},{"@type":"WebSite","@id":"https:\/\/fuentesfidedignas.com.mx\/#website","url":"https:\/\/fuentesfidedignas.com.mx\/","name":"Fuentes Fidedignas","description":"Otro sitio realizado con WordPress","publisher":{"@id":"https:\/\/fuentesfidedignas.com.mx\/#organization"},"potentialAction":[{"@type":"SearchAction","target":{"@type":"EntryPoint","urlTemplate":"https:\/\/fuentesfidedignas.com.mx\/?s={search_term_string}"},"query-input":{"@type":"PropertyValueSpecification","valueRequired":true,"valueName":"search_term_string"}}],"inLanguage":"es"},{"@type":"Organization","@id":"https:\/\/fuentesfidedignas.com.mx\/#organization","name":"Fuentes Fidedignas","url":"https:\/\/fuentesfidedignas.com.mx\/","logo":{"@type":"ImageObject","inLanguage":"es","@id":"https:\/\/fuentesfidedignas.com.mx\/#\/schema\/logo\/image\/","url":"https:\/\/fuentesfidedignas.com.mx\/wp-content\/uploads\/2021\/04\/logo-retina.png","contentUrl":"https:\/\/fuentesfidedignas.com.mx\/wp-content\/uploads\/2021\/04\/logo-retina.png","width":280,"height":51,"caption":"Fuentes Fidedignas"},"image":{"@id":"https:\/\/fuentesfidedignas.com.mx\/#\/schema\/logo\/image\/"},"sameAs":["https:\/\/www.facebook.com\/Fuentes-Fidedignas-368234489921644","https:\/\/x.com\/fidedignas"]},{"@type":"Person","@id":"https:\/\/fuentesfidedignas.com.mx\/#\/schema\/person\/2c10028b4a30078c05a056a215342ab9","name":"Marissa Palafox","image":{"@type":"ImageObject","inLanguage":"es","@id":"https:\/\/secure.gravatar.com\/avatar\/20a43bdb2f2db10f20b22d4e98b96eb027faf98f7f76d29854dc5fab46d1cf71?s=96&d=mm&r=g","url":"https:\/\/secure.gravatar.com\/avatar\/20a43bdb2f2db10f20b22d4e98b96eb027faf98f7f76d29854dc5fab46d1cf71?s=96&d=mm&r=g","contentUrl":"https:\/\/secure.gravatar.com\/avatar\/20a43bdb2f2db10f20b22d4e98b96eb027faf98f7f76d29854dc5fab46d1cf71?s=96&d=mm&r=g","caption":"Marissa Palafox"},"url":"https:\/\/fuentesfidedignas.com.mx\/index.php\/author\/marissa\/"}]}},"_links":{"self":[{"href":"https:\/\/fuentesfidedignas.com.mx\/index.php\/wp-json\/wp\/v2\/posts\/49710","targetHints":{"allow":["GET"]}}],"collection":[{"href":"https:\/\/fuentesfidedignas.com.mx\/index.php\/wp-json\/wp\/v2\/posts"}],"about":[{"href":"https:\/\/fuentesfidedignas.com.mx\/index.php\/wp-json\/wp\/v2\/types\/post"}],"author":[{"embeddable":true,"href":"https:\/\/fuentesfidedignas.com.mx\/index.php\/wp-json\/wp\/v2\/users\/11"}],"replies":[{"embeddable":true,"href":"https:\/\/fuentesfidedignas.com.mx\/index.php\/wp-json\/wp\/v2\/comments?post=49710"}],"version-history":[{"count":2,"href":"https:\/\/fuentesfidedignas.com.mx\/index.php\/wp-json\/wp\/v2\/posts\/49710\/revisions"}],"predecessor-version":[{"id":49713,"href":"https:\/\/fuentesfidedignas.com.mx\/index.php\/wp-json\/wp\/v2\/posts\/49710\/revisions\/49713"}],"wp:featuredmedia":[{"embeddable":true,"href":"https:\/\/fuentesfidedignas.com.mx\/index.php\/wp-json\/wp\/v2\/media\/49711"}],"wp:attachment":[{"href":"https:\/\/fuentesfidedignas.com.mx\/index.php\/wp-json\/wp\/v2\/media?parent=49710"}],"wp:term":[{"taxonomy":"category","embeddable":true,"href":"https:\/\/fuentesfidedignas.com.mx\/index.php\/wp-json\/wp\/v2\/categories?post=49710"},{"taxonomy":"post_tag","embeddable":true,"href":"https:\/\/fuentesfidedignas.com.mx\/index.php\/wp-json\/wp\/v2\/tags?post=49710"}],"curies":[{"name":"wp","href":"https:\/\/api.w.org\/{rel}","templated":true}]}}