{"id":4958,"date":"2021-06-13T13:48:16","date_gmt":"2021-06-13T20:48:16","guid":{"rendered":"https:\/\/fuentesfidedignas.com.mx\/?p=4958"},"modified":"2021-06-13T13:48:18","modified_gmt":"2021-06-13T20:48:18","slug":"evelyn-salgado-recibe-su-constancia-de-mayoria-como-gobernadora-electa-de-guerrero","status":"publish","type":"post","link":"https:\/\/fuentesfidedignas.com.mx\/index.php\/2021\/06\/13\/evelyn-salgado-recibe-su-constancia-de-mayoria-como-gobernadora-electa-de-guerrero\/","title":{"rendered":"Evelyn Salgado recibe su constancia de mayor\u00eda como gobernadora electa de Guerrero"},"content":{"rendered":"\n<p><strong><em>Tras recibir su constancia de mayor\u00eda, Evelyn Salgado hizo un llamado a la conciliaci\u00f3n y la unidad a sus adversarios pol\u00edticos, luego de que el candidato aliancista, Mario Moreno desconoci\u00f3 los resultados electorales y anunci\u00f3 que acudir\u00e1 a tribunales para \u201climpiar la elecci\u00f3n\u201d, dijo.<\/em><\/strong><\/p>\n\n\n\n<p>Ciudad de M\u00e9xico.- El c\u00f3mputo distrital confirm\u00f3 el triunfo de la candidata de Morena a la gubernatura de Guerrero, Evelyn Cecia Salgado Pineda que super\u00f3 por 62 mil 843 votos al aspirante de la alianza PRI-PRD-PAN, Mario Moreno Arcos.<\/p>\n\n\n\n<p>De esta forma, los integrantes del Consejo Electoral y Participaci\u00f3n Ciudadana del estado de Guerrero (IEPC), declararon valida la elecci\u00f3n registrada el domingo pasado y entregaron esta tarde, la constancia de mayor\u00eda como gobernadora electa a la hija del senador morenista F\u00e9lix Salgado Macedonio,<\/p>\n\n\n\n<p>Al respecto, la gobernadora electa Evelyn Salgado hizo un llamado a la conciliaci\u00f3n y la unidad a sus adversarios pol\u00edticos, luego de que el candidato aliancista, Mario Moreno desconoci\u00f3 los resultados electorales y anunci\u00f3 que acudir\u00e1 a tribunales para \u201climpiar la elecci\u00f3n\u201d, dijo.<\/p>\n\n\n\n<p>En la sesi\u00f3n del IPEC, realizada esta ma\u00f1ana en la ciudad de Chilpancingo, capital del estado de Guerrero, se dio lectura al conteo del c\u00f3mputo en los 28 distritos locales que conforman la entidad que le dieron 643 mil 814 votos a Salgado Pineda y 580 mil 971 a Moreno Arcos.<\/p>\n\n\n\n<p>Enseguida, a las 11:00 horas, los consejeros del IEPC Consejo Estatal emitieron la declaratoria de validez de los resultados electorales del pasado domingo y a las 13:20 horas, le entregaron la constancia de mayor\u00eda como gobernadora electa a Evelyn Salgado Pineda.<\/p>\n\n\n\n<figure class=\"wp-block-embed is-type-rich is-provider-twitter wp-block-embed-twitter\"><div class=\"wp-block-embed__wrapper\">\n<blockquote class=\"twitter-tweet\" data-width=\"550\" data-dnt=\"true\"><p lang=\"es\" dir=\"ltr\">Tenemos gobernadora electa. <a href=\"https:\/\/t.co\/V4l6x9ltKY\">pic.twitter.com\/V4l6x9ltKY<\/a><\/p>&mdash; Yo Soy Evelyn Salgado (@SoyEvelynSalgad) <a href=\"https:\/\/twitter.com\/SoyEvelynSalgad\/status\/1404152345152393227?ref_src=twsrc%5Etfw\">June 13, 2021<\/a><\/blockquote><script async src=\"https:\/\/platform.twitter.com\/widgets.js\" charset=\"utf-8\"><\/script>\n<\/div><\/figure>\n\n\n\n<p>De esta forma, la familia Salgado consum\u00f3 su triunfo en la gubernatura de Guerrero, luego de que los \u00f3rganos electorales federales dejaron fuera de la contienda electoral a F\u00e9lix Salgado, quien termin\u00f3 imponiendo a su hija primero como candidata y ahora como sucesora del priista H\u00e9ctor Astudillo Flores.<\/p>\n","protected":false},"excerpt":{"rendered":"<p>Tras recibir su constancia de mayor\u00eda, Evelyn Salgado hizo un llamado a la conciliaci\u00f3n y la unidad a sus adversarios pol\u00edticos, luego de que el candidato aliancista, Mario Moreno desconoci\u00f3 los resultados electorales y anunci\u00f3 que acudir\u00e1 a tribunales para \u201climpiar la elecci\u00f3n\u201d, dijo. Ciudad de M\u00e9xico.- El c\u00f3mputo distrital confirm\u00f3 el triunfo de la [&hellip;]<\/p>\n","protected":false},"author":50,"featured_media":4959,"comment_status":"open","ping_status":"open","sticky":false,"template":"","format":"standard","meta":{"tdm_status":"","tdm_grid_status":"","footnotes":""},"categories":[39],"tags":[],"class_list":{"0":"post-4958","1":"post","2":"type-post","3":"status-publish","4":"format-standard","5":"has-post-thumbnail","7":"category-noticias-nacionales"},"yoast_head":"<!-- This site is optimized with the Yoast SEO plugin v27.5 - https:\/\/yoast.com\/product\/yoast-seo-wordpress\/ -->\n<title>Evelyn Salgado recibe su constancia de mayor\u00eda como gobernadora electa de Guerrero - Fuentes Fidedignas<\/title>\n<meta name=\"robots\" content=\"index, follow, max-snippet:-1, max-image-preview:large, max-video-preview:-1\" \/>\n<link rel=\"canonical\" href=\"https:\/\/fuentesfidedignas.com.mx\/index.php\/2021\/06\/13\/evelyn-salgado-recibe-su-constancia-de-mayoria-como-gobernadora-electa-de-guerrero\/\" \/>\n<meta property=\"og:locale\" content=\"es_MX\" \/>\n<meta property=\"og:type\" content=\"article\" \/>\n<meta property=\"og:title\" content=\"Evelyn Salgado recibe su constancia de mayor\u00eda como gobernadora electa de Guerrero - Fuentes Fidedignas\" \/>\n<meta property=\"og:description\" content=\"Tras recibir su constancia de mayor\u00eda, Evelyn Salgado hizo un llamado a la conciliaci\u00f3n y la unidad a sus adversarios pol\u00edticos, luego de que el candidato aliancista, Mario Moreno desconoci\u00f3 los resultados electorales y anunci\u00f3 que acudir\u00e1 a tribunales para \u201climpiar la elecci\u00f3n\u201d, dijo. Ciudad de M\u00e9xico.- El c\u00f3mputo distrital confirm\u00f3 el triunfo de la [&hellip;]\" \/>\n<meta property=\"og:url\" content=\"https:\/\/fuentesfidedignas.com.mx\/index.php\/2021\/06\/13\/evelyn-salgado-recibe-su-constancia-de-mayoria-como-gobernadora-electa-de-guerrero\/\" \/>\n<meta property=\"og:site_name\" content=\"Fuentes Fidedignas\" \/>\n<meta property=\"article:publisher\" content=\"https:\/\/www.facebook.com\/Fuentes-Fidedignas-368234489921644\" \/>\n<meta property=\"article:published_time\" content=\"2021-06-13T20:48:16+00:00\" \/>\n<meta property=\"article:modified_time\" content=\"2021-06-13T20:48:18+00:00\" \/>\n<meta property=\"og:image\" content=\"https:\/\/fuentesfidedignas.com.mx\/wp-content\/uploads\/2021\/06\/EVELYN_PADRE.jpg\" \/>\n\t<meta property=\"og:image:width\" content=\"800\" \/>\n\t<meta property=\"og:image:height\" content=\"450\" \/>\n\t<meta property=\"og:image:type\" content=\"image\/jpeg\" \/>\n<meta name=\"author\" content=\"Proceso\" \/>\n<meta name=\"twitter:card\" content=\"summary_large_image\" \/>\n<meta name=\"twitter:creator\" content=\"@fidedignas\" \/>\n<meta name=\"twitter:site\" content=\"@fidedignas\" \/>\n<meta name=\"twitter:label1\" content=\"Escrito por\" \/>\n\t<meta name=\"twitter:data1\" content=\"Proceso\" \/>\n\t<meta name=\"twitter:label2\" content=\"Tiempo de lectura\" \/>\n\t<meta name=\"twitter:data2\" content=\"2 minutos\" \/>\n<script type=\"application\/ld+json\" class=\"yoast-schema-graph\">{\"@context\":\"https:\\\/\\\/schema.org\",\"@graph\":[{\"@type\":\"Article\",\"@id\":\"https:\\\/\\\/fuentesfidedignas.com.mx\\\/index.php\\\/2021\\\/06\\\/13\\\/evelyn-salgado-recibe-su-constancia-de-mayoria-como-gobernadora-electa-de-guerrero\\\/#article\",\"isPartOf\":{\"@id\":\"https:\\\/\\\/fuentesfidedignas.com.mx\\\/index.php\\\/2021\\\/06\\\/13\\\/evelyn-salgado-recibe-su-constancia-de-mayoria-como-gobernadora-electa-de-guerrero\\\/\"},\"author\":{\"name\":\"Proceso\",\"@id\":\"https:\\\/\\\/fuentesfidedignas.com.mx\\\/#\\\/schema\\\/person\\\/eb72247ff123b3ce5e4cadc7f50ae372\"},\"headline\":\"Evelyn Salgado recibe su constancia de mayor\u00eda como gobernadora electa de Guerrero\",\"datePublished\":\"2021-06-13T20:48:16+00:00\",\"dateModified\":\"2021-06-13T20:48:18+00:00\",\"mainEntityOfPage\":{\"@id\":\"https:\\\/\\\/fuentesfidedignas.com.mx\\\/index.php\\\/2021\\\/06\\\/13\\\/evelyn-salgado-recibe-su-constancia-de-mayoria-como-gobernadora-electa-de-guerrero\\\/\"},\"wordCount\":339,\"commentCount\":0,\"publisher\":{\"@id\":\"https:\\\/\\\/fuentesfidedignas.com.mx\\\/#organization\"},\"image\":{\"@id\":\"https:\\\/\\\/fuentesfidedignas.com.mx\\\/index.php\\\/2021\\\/06\\\/13\\\/evelyn-salgado-recibe-su-constancia-de-mayoria-como-gobernadora-electa-de-guerrero\\\/#primaryimage\"},\"thumbnailUrl\":\"https:\\\/\\\/fuentesfidedignas.com.mx\\\/wp-content\\\/uploads\\\/2021\\\/06\\\/EVELYN_PADRE.jpg\",\"articleSection\":[\"NOTICIAS NACIONALES\"],\"inLanguage\":\"es\",\"potentialAction\":[{\"@type\":\"CommentAction\",\"name\":\"Comment\",\"target\":[\"https:\\\/\\\/fuentesfidedignas.com.mx\\\/index.php\\\/2021\\\/06\\\/13\\\/evelyn-salgado-recibe-su-constancia-de-mayoria-como-gobernadora-electa-de-guerrero\\\/#respond\"]}]},{\"@type\":\"WebPage\",\"@id\":\"https:\\\/\\\/fuentesfidedignas.com.mx\\\/index.php\\\/2021\\\/06\\\/13\\\/evelyn-salgado-recibe-su-constancia-de-mayoria-como-gobernadora-electa-de-guerrero\\\/\",\"url\":\"https:\\\/\\\/fuentesfidedignas.com.mx\\\/index.php\\\/2021\\\/06\\\/13\\\/evelyn-salgado-recibe-su-constancia-de-mayoria-como-gobernadora-electa-de-guerrero\\\/\",\"name\":\"Evelyn Salgado recibe su constancia de mayor\u00eda como gobernadora electa de Guerrero - Fuentes Fidedignas\",\"isPartOf\":{\"@id\":\"https:\\\/\\\/fuentesfidedignas.com.mx\\\/#website\"},\"primaryImageOfPage\":{\"@id\":\"https:\\\/\\\/fuentesfidedignas.com.mx\\\/index.php\\\/2021\\\/06\\\/13\\\/evelyn-salgado-recibe-su-constancia-de-mayoria-como-gobernadora-electa-de-guerrero\\\/#primaryimage\"},\"image\":{\"@id\":\"https:\\\/\\\/fuentesfidedignas.com.mx\\\/index.php\\\/2021\\\/06\\\/13\\\/evelyn-salgado-recibe-su-constancia-de-mayoria-como-gobernadora-electa-de-guerrero\\\/#primaryimage\"},\"thumbnailUrl\":\"https:\\\/\\\/fuentesfidedignas.com.mx\\\/wp-content\\\/uploads\\\/2021\\\/06\\\/EVELYN_PADRE.jpg\",\"datePublished\":\"2021-06-13T20:48:16+00:00\",\"dateModified\":\"2021-06-13T20:48:18+00:00\",\"breadcrumb\":{\"@id\":\"https:\\\/\\\/fuentesfidedignas.com.mx\\\/index.php\\\/2021\\\/06\\\/13\\\/evelyn-salgado-recibe-su-constancia-de-mayoria-como-gobernadora-electa-de-guerrero\\\/#breadcrumb\"},\"inLanguage\":\"es\",\"potentialAction\":[{\"@type\":\"ReadAction\",\"target\":[\"https:\\\/\\\/fuentesfidedignas.com.mx\\\/index.php\\\/2021\\\/06\\\/13\\\/evelyn-salgado-recibe-su-constancia-de-mayoria-como-gobernadora-electa-de-guerrero\\\/\"]}]},{\"@type\":\"ImageObject\",\"inLanguage\":\"es\",\"@id\":\"https:\\\/\\\/fuentesfidedignas.com.mx\\\/index.php\\\/2021\\\/06\\\/13\\\/evelyn-salgado-recibe-su-constancia-de-mayoria-como-gobernadora-electa-de-guerrero\\\/#primaryimage\",\"url\":\"https:\\\/\\\/fuentesfidedignas.com.mx\\\/wp-content\\\/uploads\\\/2021\\\/06\\\/EVELYN_PADRE.jpg\",\"contentUrl\":\"https:\\\/\\\/fuentesfidedignas.com.mx\\\/wp-content\\\/uploads\\\/2021\\\/06\\\/EVELYN_PADRE.jpg\",\"width\":800,\"height\":450},{\"@type\":\"BreadcrumbList\",\"@id\":\"https:\\\/\\\/fuentesfidedignas.com.mx\\\/index.php\\\/2021\\\/06\\\/13\\\/evelyn-salgado-recibe-su-constancia-de-mayoria-como-gobernadora-electa-de-guerrero\\\/#breadcrumb\",\"itemListElement\":[{\"@type\":\"ListItem\",\"position\":1,\"name\":\"Inicio\",\"item\":\"https:\\\/\\\/fuentesfidedignas.com.mx\\\/\"},{\"@type\":\"ListItem\",\"position\":2,\"name\":\"Evelyn Salgado recibe su constancia de mayor\u00eda como gobernadora electa de Guerrero\"}]},{\"@type\":\"WebSite\",\"@id\":\"https:\\\/\\\/fuentesfidedignas.com.mx\\\/#website\",\"url\":\"https:\\\/\\\/fuentesfidedignas.com.mx\\\/\",\"name\":\"Fuentes Fidedignas\",\"description\":\"Otro sitio realizado con WordPress\",\"publisher\":{\"@id\":\"https:\\\/\\\/fuentesfidedignas.com.mx\\\/#organization\"},\"potentialAction\":[{\"@type\":\"SearchAction\",\"target\":{\"@type\":\"EntryPoint\",\"urlTemplate\":\"https:\\\/\\\/fuentesfidedignas.com.mx\\\/?s={search_term_string}\"},\"query-input\":{\"@type\":\"PropertyValueSpecification\",\"valueRequired\":true,\"valueName\":\"search_term_string\"}}],\"inLanguage\":\"es\"},{\"@type\":\"Organization\",\"@id\":\"https:\\\/\\\/fuentesfidedignas.com.mx\\\/#organization\",\"name\":\"Fuentes Fidedignas\",\"url\":\"https:\\\/\\\/fuentesfidedignas.com.mx\\\/\",\"logo\":{\"@type\":\"ImageObject\",\"inLanguage\":\"es\",\"@id\":\"https:\\\/\\\/fuentesfidedignas.com.mx\\\/#\\\/schema\\\/logo\\\/image\\\/\",\"url\":\"https:\\\/\\\/fuentesfidedignas.com.mx\\\/wp-content\\\/uploads\\\/2021\\\/04\\\/logo-retina.png\",\"contentUrl\":\"https:\\\/\\\/fuentesfidedignas.com.mx\\\/wp-content\\\/uploads\\\/2021\\\/04\\\/logo-retina.png\",\"width\":280,\"height\":51,\"caption\":\"Fuentes Fidedignas\"},\"image\":{\"@id\":\"https:\\\/\\\/fuentesfidedignas.com.mx\\\/#\\\/schema\\\/logo\\\/image\\\/\"},\"sameAs\":[\"https:\\\/\\\/www.facebook.com\\\/Fuentes-Fidedignas-368234489921644\",\"https:\\\/\\\/x.com\\\/fidedignas\"]},{\"@type\":\"Person\",\"@id\":\"https:\\\/\\\/fuentesfidedignas.com.mx\\\/#\\\/schema\\\/person\\\/eb72247ff123b3ce5e4cadc7f50ae372\",\"name\":\"Proceso\",\"image\":{\"@type\":\"ImageObject\",\"inLanguage\":\"es\",\"@id\":\"https:\\\/\\\/secure.gravatar.com\\\/avatar\\\/0bb01ecb091d50a46122cbe5cc32ffea15a000f83628f1e40458e669d38ff2cd?s=96&d=mm&r=g\",\"url\":\"https:\\\/\\\/secure.gravatar.com\\\/avatar\\\/0bb01ecb091d50a46122cbe5cc32ffea15a000f83628f1e40458e669d38ff2cd?s=96&d=mm&r=g\",\"contentUrl\":\"https:\\\/\\\/secure.gravatar.com\\\/avatar\\\/0bb01ecb091d50a46122cbe5cc32ffea15a000f83628f1e40458e669d38ff2cd?s=96&d=mm&r=g\",\"caption\":\"Proceso\"},\"url\":\"https:\\\/\\\/fuentesfidedignas.com.mx\\\/index.php\\\/author\\\/proceso\\\/\"}]}<\/script>\n<!-- \/ Yoast SEO plugin. -->","yoast_head_json":{"title":"Evelyn Salgado recibe su constancia de mayor\u00eda como gobernadora electa de Guerrero - Fuentes Fidedignas","robots":{"index":"index","follow":"follow","max-snippet":"max-snippet:-1","max-image-preview":"max-image-preview:large","max-video-preview":"max-video-preview:-1"},"canonical":"https:\/\/fuentesfidedignas.com.mx\/index.php\/2021\/06\/13\/evelyn-salgado-recibe-su-constancia-de-mayoria-como-gobernadora-electa-de-guerrero\/","og_locale":"es_MX","og_type":"article","og_title":"Evelyn Salgado recibe su constancia de mayor\u00eda como gobernadora electa de Guerrero - Fuentes Fidedignas","og_description":"Tras recibir su constancia de mayor\u00eda, Evelyn Salgado hizo un llamado a la conciliaci\u00f3n y la unidad a sus adversarios pol\u00edticos, luego de que el candidato aliancista, Mario Moreno desconoci\u00f3 los resultados electorales y anunci\u00f3 que acudir\u00e1 a tribunales para \u201climpiar la elecci\u00f3n\u201d, dijo. Ciudad de M\u00e9xico.- El c\u00f3mputo distrital confirm\u00f3 el triunfo de la [&hellip;]","og_url":"https:\/\/fuentesfidedignas.com.mx\/index.php\/2021\/06\/13\/evelyn-salgado-recibe-su-constancia-de-mayoria-como-gobernadora-electa-de-guerrero\/","og_site_name":"Fuentes Fidedignas","article_publisher":"https:\/\/www.facebook.com\/Fuentes-Fidedignas-368234489921644","article_published_time":"2021-06-13T20:48:16+00:00","article_modified_time":"2021-06-13T20:48:18+00:00","og_image":[{"width":800,"height":450,"url":"https:\/\/fuentesfidedignas.com.mx\/wp-content\/uploads\/2021\/06\/EVELYN_PADRE.jpg","type":"image\/jpeg"}],"author":"Proceso","twitter_card":"summary_large_image","twitter_creator":"@fidedignas","twitter_site":"@fidedignas","twitter_misc":{"Escrito por":"Proceso","Tiempo de lectura":"2 minutos"},"schema":{"@context":"https:\/\/schema.org","@graph":[{"@type":"Article","@id":"https:\/\/fuentesfidedignas.com.mx\/index.php\/2021\/06\/13\/evelyn-salgado-recibe-su-constancia-de-mayoria-como-gobernadora-electa-de-guerrero\/#article","isPartOf":{"@id":"https:\/\/fuentesfidedignas.com.mx\/index.php\/2021\/06\/13\/evelyn-salgado-recibe-su-constancia-de-mayoria-como-gobernadora-electa-de-guerrero\/"},"author":{"name":"Proceso","@id":"https:\/\/fuentesfidedignas.com.mx\/#\/schema\/person\/eb72247ff123b3ce5e4cadc7f50ae372"},"headline":"Evelyn Salgado recibe su constancia de mayor\u00eda como gobernadora electa de Guerrero","datePublished":"2021-06-13T20:48:16+00:00","dateModified":"2021-06-13T20:48:18+00:00","mainEntityOfPage":{"@id":"https:\/\/fuentesfidedignas.com.mx\/index.php\/2021\/06\/13\/evelyn-salgado-recibe-su-constancia-de-mayoria-como-gobernadora-electa-de-guerrero\/"},"wordCount":339,"commentCount":0,"publisher":{"@id":"https:\/\/fuentesfidedignas.com.mx\/#organization"},"image":{"@id":"https:\/\/fuentesfidedignas.com.mx\/index.php\/2021\/06\/13\/evelyn-salgado-recibe-su-constancia-de-mayoria-como-gobernadora-electa-de-guerrero\/#primaryimage"},"thumbnailUrl":"https:\/\/fuentesfidedignas.com.mx\/wp-content\/uploads\/2021\/06\/EVELYN_PADRE.jpg","articleSection":["NOTICIAS NACIONALES"],"inLanguage":"es","potentialAction":[{"@type":"CommentAction","name":"Comment","target":["https:\/\/fuentesfidedignas.com.mx\/index.php\/2021\/06\/13\/evelyn-salgado-recibe-su-constancia-de-mayoria-como-gobernadora-electa-de-guerrero\/#respond"]}]},{"@type":"WebPage","@id":"https:\/\/fuentesfidedignas.com.mx\/index.php\/2021\/06\/13\/evelyn-salgado-recibe-su-constancia-de-mayoria-como-gobernadora-electa-de-guerrero\/","url":"https:\/\/fuentesfidedignas.com.mx\/index.php\/2021\/06\/13\/evelyn-salgado-recibe-su-constancia-de-mayoria-como-gobernadora-electa-de-guerrero\/","name":"Evelyn Salgado recibe su constancia de mayor\u00eda como gobernadora electa de Guerrero - Fuentes Fidedignas","isPartOf":{"@id":"https:\/\/fuentesfidedignas.com.mx\/#website"},"primaryImageOfPage":{"@id":"https:\/\/fuentesfidedignas.com.mx\/index.php\/2021\/06\/13\/evelyn-salgado-recibe-su-constancia-de-mayoria-como-gobernadora-electa-de-guerrero\/#primaryimage"},"image":{"@id":"https:\/\/fuentesfidedignas.com.mx\/index.php\/2021\/06\/13\/evelyn-salgado-recibe-su-constancia-de-mayoria-como-gobernadora-electa-de-guerrero\/#primaryimage"},"thumbnailUrl":"https:\/\/fuentesfidedignas.com.mx\/wp-content\/uploads\/2021\/06\/EVELYN_PADRE.jpg","datePublished":"2021-06-13T20:48:16+00:00","dateModified":"2021-06-13T20:48:18+00:00","breadcrumb":{"@id":"https:\/\/fuentesfidedignas.com.mx\/index.php\/2021\/06\/13\/evelyn-salgado-recibe-su-constancia-de-mayoria-como-gobernadora-electa-de-guerrero\/#breadcrumb"},"inLanguage":"es","potentialAction":[{"@type":"ReadAction","target":["https:\/\/fuentesfidedignas.com.mx\/index.php\/2021\/06\/13\/evelyn-salgado-recibe-su-constancia-de-mayoria-como-gobernadora-electa-de-guerrero\/"]}]},{"@type":"ImageObject","inLanguage":"es","@id":"https:\/\/fuentesfidedignas.com.mx\/index.php\/2021\/06\/13\/evelyn-salgado-recibe-su-constancia-de-mayoria-como-gobernadora-electa-de-guerrero\/#primaryimage","url":"https:\/\/fuentesfidedignas.com.mx\/wp-content\/uploads\/2021\/06\/EVELYN_PADRE.jpg","contentUrl":"https:\/\/fuentesfidedignas.com.mx\/wp-content\/uploads\/2021\/06\/EVELYN_PADRE.jpg","width":800,"height":450},{"@type":"BreadcrumbList","@id":"https:\/\/fuentesfidedignas.com.mx\/index.php\/2021\/06\/13\/evelyn-salgado-recibe-su-constancia-de-mayoria-como-gobernadora-electa-de-guerrero\/#breadcrumb","itemListElement":[{"@type":"ListItem","position":1,"name":"Inicio","item":"https:\/\/fuentesfidedignas.com.mx\/"},{"@type":"ListItem","position":2,"name":"Evelyn Salgado recibe su constancia de mayor\u00eda como gobernadora electa de Guerrero"}]},{"@type":"WebSite","@id":"https:\/\/fuentesfidedignas.com.mx\/#website","url":"https:\/\/fuentesfidedignas.com.mx\/","name":"Fuentes Fidedignas","description":"Otro sitio realizado con WordPress","publisher":{"@id":"https:\/\/fuentesfidedignas.com.mx\/#organization"},"potentialAction":[{"@type":"SearchAction","target":{"@type":"EntryPoint","urlTemplate":"https:\/\/fuentesfidedignas.com.mx\/?s={search_term_string}"},"query-input":{"@type":"PropertyValueSpecification","valueRequired":true,"valueName":"search_term_string"}}],"inLanguage":"es"},{"@type":"Organization","@id":"https:\/\/fuentesfidedignas.com.mx\/#organization","name":"Fuentes Fidedignas","url":"https:\/\/fuentesfidedignas.com.mx\/","logo":{"@type":"ImageObject","inLanguage":"es","@id":"https:\/\/fuentesfidedignas.com.mx\/#\/schema\/logo\/image\/","url":"https:\/\/fuentesfidedignas.com.mx\/wp-content\/uploads\/2021\/04\/logo-retina.png","contentUrl":"https:\/\/fuentesfidedignas.com.mx\/wp-content\/uploads\/2021\/04\/logo-retina.png","width":280,"height":51,"caption":"Fuentes Fidedignas"},"image":{"@id":"https:\/\/fuentesfidedignas.com.mx\/#\/schema\/logo\/image\/"},"sameAs":["https:\/\/www.facebook.com\/Fuentes-Fidedignas-368234489921644","https:\/\/x.com\/fidedignas"]},{"@type":"Person","@id":"https:\/\/fuentesfidedignas.com.mx\/#\/schema\/person\/eb72247ff123b3ce5e4cadc7f50ae372","name":"Proceso","image":{"@type":"ImageObject","inLanguage":"es","@id":"https:\/\/secure.gravatar.com\/avatar\/0bb01ecb091d50a46122cbe5cc32ffea15a000f83628f1e40458e669d38ff2cd?s=96&d=mm&r=g","url":"https:\/\/secure.gravatar.com\/avatar\/0bb01ecb091d50a46122cbe5cc32ffea15a000f83628f1e40458e669d38ff2cd?s=96&d=mm&r=g","contentUrl":"https:\/\/secure.gravatar.com\/avatar\/0bb01ecb091d50a46122cbe5cc32ffea15a000f83628f1e40458e669d38ff2cd?s=96&d=mm&r=g","caption":"Proceso"},"url":"https:\/\/fuentesfidedignas.com.mx\/index.php\/author\/proceso\/"}]}},"_links":{"self":[{"href":"https:\/\/fuentesfidedignas.com.mx\/index.php\/wp-json\/wp\/v2\/posts\/4958","targetHints":{"allow":["GET"]}}],"collection":[{"href":"https:\/\/fuentesfidedignas.com.mx\/index.php\/wp-json\/wp\/v2\/posts"}],"about":[{"href":"https:\/\/fuentesfidedignas.com.mx\/index.php\/wp-json\/wp\/v2\/types\/post"}],"author":[{"embeddable":true,"href":"https:\/\/fuentesfidedignas.com.mx\/index.php\/wp-json\/wp\/v2\/users\/50"}],"replies":[{"embeddable":true,"href":"https:\/\/fuentesfidedignas.com.mx\/index.php\/wp-json\/wp\/v2\/comments?post=4958"}],"version-history":[{"count":1,"href":"https:\/\/fuentesfidedignas.com.mx\/index.php\/wp-json\/wp\/v2\/posts\/4958\/revisions"}],"predecessor-version":[{"id":4960,"href":"https:\/\/fuentesfidedignas.com.mx\/index.php\/wp-json\/wp\/v2\/posts\/4958\/revisions\/4960"}],"wp:featuredmedia":[{"embeddable":true,"href":"https:\/\/fuentesfidedignas.com.mx\/index.php\/wp-json\/wp\/v2\/media\/4959"}],"wp:attachment":[{"href":"https:\/\/fuentesfidedignas.com.mx\/index.php\/wp-json\/wp\/v2\/media?parent=4958"}],"wp:term":[{"taxonomy":"category","embeddable":true,"href":"https:\/\/fuentesfidedignas.com.mx\/index.php\/wp-json\/wp\/v2\/categories?post=4958"},{"taxonomy":"post_tag","embeddable":true,"href":"https:\/\/fuentesfidedignas.com.mx\/index.php\/wp-json\/wp\/v2\/tags?post=4958"}],"curies":[{"name":"wp","href":"https:\/\/api.w.org\/{rel}","templated":true}]}}