{"id":495,"date":"2021-04-30T17:05:47","date_gmt":"2021-05-01T00:05:47","guid":{"rendered":"https:\/\/fuentesfidedignas.com.mx\/?p=495"},"modified":"2021-05-01T11:17:04","modified_gmt":"2021-05-01T18:17:04","slug":"se-compromete-rocha-moya-a-combatir-la-corrupcion-ante-empresarios","status":"publish","type":"post","link":"https:\/\/fuentesfidedignas.com.mx\/index.php\/2021\/04\/30\/se-compromete-rocha-moya-a-combatir-la-corrupcion-ante-empresarios\/","title":{"rendered":"Se compromete Rocha Moya a combatir la corrupci\u00f3n ante empresarios"},"content":{"rendered":"\n<p><strong><em>Asegur\u00f3 que su gobierno ser\u00e1 austero pero con capacidad administrativa y se realizar\u00e1n proyectos que detonen el desarrollo econ\u00f3mico en todo Sinaloa<\/em><\/strong><\/p>\n\n\n\n<p>Culiac\u00e1n, Sin.- &nbsp;Durante&nbsp; reuni\u00f3n con empresarios esta ma\u00f1ana en Culiac\u00e1n, el candidato de la alianza Morena-PAS a la gubernatura, Rub\u00e9n Rocha Moya, reiter\u00f3 que&nbsp; su administraci\u00f3n se distinguir\u00e1 por combatir la corrupci\u00f3n y ser austera, sin embargo, ello no se contrapone con la modernizaci\u00f3n del Estado, porque se eficientar\u00e1 la capacidad administrativa.<\/p>\n\n\n\n<p>\u201cEl combate a la corrupci\u00f3n, en el tema de la austeridad no la vamos a contraponer con la modernizaci\u00f3n, necesitamos avanzar eso, solo vamos a evitar despilfarro; los gastos superfluos y excesivos. &#8221; reiter\u00f3 qui\u00e9n el 1 de noviembre encabezar\u00e1 el gobierno del estado.<\/p>\n\n\n\n<p>Agreg\u00f3 que una vez que se instale la cuarta transformaci\u00f3n en Sinaloa habr\u00e1 ahorros en la administraci\u00f3n p\u00fablica, es decir, la austeridad se aplicar\u00e1 en algunos temas como contratos y proveedores.<\/p>\n\n\n\n<p>\u201cNo tengo la menor duda que se va &nbsp;ahorrar dinero de la austeridad sin dejar infuncional al&nbsp; Gobierno, debe ser funcional el Gobierno, no porque restrinjas o digas estoy ahorrando no, una austeridad posible desde el tema de los contratos y de la proveedur\u00eda. Ayer habl\u00e9 con los de obra p\u00fablica, ingenieros y arquitectos, les digo: ustedes saben que se le pide &#8220;moches&#8221; a constructores de obra p\u00fablica pero tambi\u00e9n a otros proveedores, y encima pasan meses y meses y no les pagan. Y para que les paguen, en muchisimas ocasiones tambi\u00e9n les piden &#8220;moche&#8221;,&nbsp; &#8220;pero eso ya se acab\u00f3&#8221; asegur\u00f3. .<\/p>\n\n\n\n<p>Rub\u00e9n Rocha Moya coment\u00f3 que el gobierno que emane de los partidos de MORENA y PAS no ser\u00e1 inflexible, ya que les interesa vivir en la democracia y donde se respete el Estado de Derecho.&nbsp;<\/p>\n\n\n\n<p>Por otra parte, el pr\u00f3ximo gobernador del estado dijo que en cada regi\u00f3n de nuestra entidad tienen contemplado llevar a cabo proyectos que detonen el desarrollo econ\u00f3mico de sus zonas, por ejemplo: en el sur la construcci\u00f3n de la Presa Santa Mar\u00eda y en el norte el corredor Los Mochis- Topolobampo, as\u00ed como el proyecto R\u00edo Sinaloa.<\/p>\n\n\n\n<p>\u201cEn Ahome necesitamos revitalizar el corredor Los Mochis Topolobampo, en Guasave hay que reactivar el proyecto R\u00edo Sinaloa, es un proyecto que est\u00e1 ah\u00ed y que puede detonar. A ver todos esos proyectos qu\u00e9 tienes que hacer gestor\u00eda, si ganas el proyecto generas una serie de obras secundarias importantes, son proyectos detonadores, vamos a trabajar en eso\u201d.<\/p>\n\n\n\n<p>El abanderado de los partidos de MORENA y PAS coment\u00f3 que es necesario impulsar proyectos que ayuden a impulsar al sector tur\u00edstico como la pesca y espect\u00e1culos deportivos en los municipios que tengan la infraestructura para llevar a cabo estos eventos, los cuales atraen visitantes de otras partes del pa\u00eds y el mundo. Adem\u00e1s, dijo que no se descuidar\u00e1 el puerto de Mazatl\u00e1n ni la capital del estado, por lo que se tiene contemplado mejorar sus conexiones mar\u00edtimas y terrestres.<\/p>\n","protected":false},"excerpt":{"rendered":"<p>Asegur\u00f3 que su gobierno ser\u00e1 austero pero con capacidad administrativa y se realizar\u00e1n proyectos que detonen el desarrollo econ\u00f3mico en todo Sinaloa Culiac\u00e1n, Sin.- &nbsp;Durante&nbsp; reuni\u00f3n con empresarios esta ma\u00f1ana en Culiac\u00e1n, el candidato de la alianza Morena-PAS a la gubernatura, Rub\u00e9n Rocha Moya, reiter\u00f3 que&nbsp; su administraci\u00f3n se distinguir\u00e1 por combatir la corrupci\u00f3n y [&hellip;]<\/p>\n","protected":false},"author":4,"featured_media":499,"comment_status":"open","ping_status":"open","sticky":false,"template":"","format":"standard","meta":{"tdm_status":"","tdm_grid_status":"","footnotes":""},"categories":[38],"tags":[50,47,45,43,51,52,49],"class_list":{"0":"post-495","1":"post","2":"type-post","3":"status-publish","4":"format-standard","5":"has-post-thumbnail","7":"category-noticias-locales","8":"tag-elecciones2021","9":"tag-empresarios","10":"tag-morena","11":"tag-politica","12":"tag-reunion","13":"tag-ruben-rocha-moya","14":"tag-sinaloa"},"yoast_head":"<!-- This site is optimized with the Yoast SEO plugin v27.5 - https:\/\/yoast.com\/product\/yoast-seo-wordpress\/ -->\n<title>Se compromete Rocha Moya a combatir la corrupci\u00f3n ante empresarios - Fuentes Fidedignas<\/title>\n<meta name=\"robots\" content=\"index, follow, max-snippet:-1, max-image-preview:large, max-video-preview:-1\" \/>\n<link rel=\"canonical\" href=\"https:\/\/fuentesfidedignas.com.mx\/index.php\/2021\/04\/30\/se-compromete-rocha-moya-a-combatir-la-corrupcion-ante-empresarios\/\" \/>\n<meta property=\"og:locale\" content=\"es_MX\" \/>\n<meta property=\"og:type\" content=\"article\" \/>\n<meta property=\"og:title\" content=\"Se compromete Rocha Moya a combatir la corrupci\u00f3n ante empresarios - Fuentes Fidedignas\" \/>\n<meta property=\"og:description\" content=\"Asegur\u00f3 que su gobierno ser\u00e1 austero pero con capacidad administrativa y se realizar\u00e1n proyectos que detonen el desarrollo econ\u00f3mico en todo Sinaloa Culiac\u00e1n, Sin.- &nbsp;Durante&nbsp; reuni\u00f3n con empresarios esta ma\u00f1ana en Culiac\u00e1n, el candidato de la alianza Morena-PAS a la gubernatura, Rub\u00e9n Rocha Moya, reiter\u00f3 que&nbsp; su administraci\u00f3n se distinguir\u00e1 por combatir la corrupci\u00f3n y [&hellip;]\" \/>\n<meta property=\"og:url\" content=\"https:\/\/fuentesfidedignas.com.mx\/index.php\/2021\/04\/30\/se-compromete-rocha-moya-a-combatir-la-corrupcion-ante-empresarios\/\" \/>\n<meta property=\"og:site_name\" content=\"Fuentes Fidedignas\" \/>\n<meta property=\"article:publisher\" content=\"https:\/\/www.facebook.com\/Fuentes-Fidedignas-368234489921644\" \/>\n<meta property=\"article:published_time\" content=\"2021-05-01T00:05:47+00:00\" \/>\n<meta property=\"article:modified_time\" content=\"2021-05-01T18:17:04+00:00\" \/>\n<meta property=\"og:image\" content=\"https:\/\/fuentesfidedignas.com.mx\/wp-content\/uploads\/2021\/04\/rochaempre.jpg\" \/>\n\t<meta property=\"og:image:width\" content=\"1024\" \/>\n\t<meta property=\"og:image:height\" content=\"682\" \/>\n\t<meta property=\"og:image:type\" content=\"image\/jpeg\" \/>\n<meta name=\"author\" content=\"Redacci\u00f3n\" \/>\n<meta name=\"twitter:card\" content=\"summary_large_image\" \/>\n<meta name=\"twitter:creator\" content=\"@fidedignas\" \/>\n<meta name=\"twitter:site\" content=\"@fidedignas\" \/>\n<meta name=\"twitter:label1\" content=\"Escrito por\" \/>\n\t<meta name=\"twitter:data1\" content=\"Redacci\u00f3n\" \/>\n\t<meta name=\"twitter:label2\" content=\"Tiempo de lectura\" \/>\n\t<meta name=\"twitter:data2\" content=\"3 minutos\" \/>\n<script type=\"application\/ld+json\" class=\"yoast-schema-graph\">{\"@context\":\"https:\\\/\\\/schema.org\",\"@graph\":[{\"@type\":\"Article\",\"@id\":\"https:\\\/\\\/fuentesfidedignas.com.mx\\\/index.php\\\/2021\\\/04\\\/30\\\/se-compromete-rocha-moya-a-combatir-la-corrupcion-ante-empresarios\\\/#article\",\"isPartOf\":{\"@id\":\"https:\\\/\\\/fuentesfidedignas.com.mx\\\/index.php\\\/2021\\\/04\\\/30\\\/se-compromete-rocha-moya-a-combatir-la-corrupcion-ante-empresarios\\\/\"},\"author\":{\"name\":\"Redacci\u00f3n\",\"@id\":\"https:\\\/\\\/fuentesfidedignas.com.mx\\\/#\\\/schema\\\/person\\\/331be9283d37198e2acd5750279085b0\"},\"headline\":\"Se compromete Rocha Moya a combatir la corrupci\u00f3n ante empresarios\",\"datePublished\":\"2021-05-01T00:05:47+00:00\",\"dateModified\":\"2021-05-01T18:17:04+00:00\",\"mainEntityOfPage\":{\"@id\":\"https:\\\/\\\/fuentesfidedignas.com.mx\\\/index.php\\\/2021\\\/04\\\/30\\\/se-compromete-rocha-moya-a-combatir-la-corrupcion-ante-empresarios\\\/\"},\"wordCount\":532,\"commentCount\":0,\"publisher\":{\"@id\":\"https:\\\/\\\/fuentesfidedignas.com.mx\\\/#organization\"},\"image\":{\"@id\":\"https:\\\/\\\/fuentesfidedignas.com.mx\\\/index.php\\\/2021\\\/04\\\/30\\\/se-compromete-rocha-moya-a-combatir-la-corrupcion-ante-empresarios\\\/#primaryimage\"},\"thumbnailUrl\":\"https:\\\/\\\/fuentesfidedignas.com.mx\\\/wp-content\\\/uploads\\\/2021\\\/04\\\/rochaempre.jpg\",\"keywords\":[\"elecciones2021\",\"empresarios\",\"morena\",\"pol\u00edtica\",\"reuni\u00f3n\",\"Rub\u00e9n Rocha Moya\",\"sinaloa\"],\"articleSection\":[\"NOTICIAS LOCALES\"],\"inLanguage\":\"es\",\"potentialAction\":[{\"@type\":\"CommentAction\",\"name\":\"Comment\",\"target\":[\"https:\\\/\\\/fuentesfidedignas.com.mx\\\/index.php\\\/2021\\\/04\\\/30\\\/se-compromete-rocha-moya-a-combatir-la-corrupcion-ante-empresarios\\\/#respond\"]}]},{\"@type\":\"WebPage\",\"@id\":\"https:\\\/\\\/fuentesfidedignas.com.mx\\\/index.php\\\/2021\\\/04\\\/30\\\/se-compromete-rocha-moya-a-combatir-la-corrupcion-ante-empresarios\\\/\",\"url\":\"https:\\\/\\\/fuentesfidedignas.com.mx\\\/index.php\\\/2021\\\/04\\\/30\\\/se-compromete-rocha-moya-a-combatir-la-corrupcion-ante-empresarios\\\/\",\"name\":\"Se compromete Rocha Moya a combatir la corrupci\u00f3n ante empresarios - Fuentes Fidedignas\",\"isPartOf\":{\"@id\":\"https:\\\/\\\/fuentesfidedignas.com.mx\\\/#website\"},\"primaryImageOfPage\":{\"@id\":\"https:\\\/\\\/fuentesfidedignas.com.mx\\\/index.php\\\/2021\\\/04\\\/30\\\/se-compromete-rocha-moya-a-combatir-la-corrupcion-ante-empresarios\\\/#primaryimage\"},\"image\":{\"@id\":\"https:\\\/\\\/fuentesfidedignas.com.mx\\\/index.php\\\/2021\\\/04\\\/30\\\/se-compromete-rocha-moya-a-combatir-la-corrupcion-ante-empresarios\\\/#primaryimage\"},\"thumbnailUrl\":\"https:\\\/\\\/fuentesfidedignas.com.mx\\\/wp-content\\\/uploads\\\/2021\\\/04\\\/rochaempre.jpg\",\"datePublished\":\"2021-05-01T00:05:47+00:00\",\"dateModified\":\"2021-05-01T18:17:04+00:00\",\"breadcrumb\":{\"@id\":\"https:\\\/\\\/fuentesfidedignas.com.mx\\\/index.php\\\/2021\\\/04\\\/30\\\/se-compromete-rocha-moya-a-combatir-la-corrupcion-ante-empresarios\\\/#breadcrumb\"},\"inLanguage\":\"es\",\"potentialAction\":[{\"@type\":\"ReadAction\",\"target\":[\"https:\\\/\\\/fuentesfidedignas.com.mx\\\/index.php\\\/2021\\\/04\\\/30\\\/se-compromete-rocha-moya-a-combatir-la-corrupcion-ante-empresarios\\\/\"]}]},{\"@type\":\"ImageObject\",\"inLanguage\":\"es\",\"@id\":\"https:\\\/\\\/fuentesfidedignas.com.mx\\\/index.php\\\/2021\\\/04\\\/30\\\/se-compromete-rocha-moya-a-combatir-la-corrupcion-ante-empresarios\\\/#primaryimage\",\"url\":\"https:\\\/\\\/fuentesfidedignas.com.mx\\\/wp-content\\\/uploads\\\/2021\\\/04\\\/rochaempre.jpg\",\"contentUrl\":\"https:\\\/\\\/fuentesfidedignas.com.mx\\\/wp-content\\\/uploads\\\/2021\\\/04\\\/rochaempre.jpg\",\"width\":1024,\"height\":682},{\"@type\":\"BreadcrumbList\",\"@id\":\"https:\\\/\\\/fuentesfidedignas.com.mx\\\/index.php\\\/2021\\\/04\\\/30\\\/se-compromete-rocha-moya-a-combatir-la-corrupcion-ante-empresarios\\\/#breadcrumb\",\"itemListElement\":[{\"@type\":\"ListItem\",\"position\":1,\"name\":\"Inicio\",\"item\":\"https:\\\/\\\/fuentesfidedignas.com.mx\\\/\"},{\"@type\":\"ListItem\",\"position\":2,\"name\":\"Se compromete Rocha Moya a combatir la corrupci\u00f3n ante empresarios\"}]},{\"@type\":\"WebSite\",\"@id\":\"https:\\\/\\\/fuentesfidedignas.com.mx\\\/#website\",\"url\":\"https:\\\/\\\/fuentesfidedignas.com.mx\\\/\",\"name\":\"Fuentes Fidedignas\",\"description\":\"Otro sitio realizado con WordPress\",\"publisher\":{\"@id\":\"https:\\\/\\\/fuentesfidedignas.com.mx\\\/#organization\"},\"potentialAction\":[{\"@type\":\"SearchAction\",\"target\":{\"@type\":\"EntryPoint\",\"urlTemplate\":\"https:\\\/\\\/fuentesfidedignas.com.mx\\\/?s={search_term_string}\"},\"query-input\":{\"@type\":\"PropertyValueSpecification\",\"valueRequired\":true,\"valueName\":\"search_term_string\"}}],\"inLanguage\":\"es\"},{\"@type\":\"Organization\",\"@id\":\"https:\\\/\\\/fuentesfidedignas.com.mx\\\/#organization\",\"name\":\"Fuentes Fidedignas\",\"url\":\"https:\\\/\\\/fuentesfidedignas.com.mx\\\/\",\"logo\":{\"@type\":\"ImageObject\",\"inLanguage\":\"es\",\"@id\":\"https:\\\/\\\/fuentesfidedignas.com.mx\\\/#\\\/schema\\\/logo\\\/image\\\/\",\"url\":\"https:\\\/\\\/fuentesfidedignas.com.mx\\\/wp-content\\\/uploads\\\/2021\\\/04\\\/logo-retina.png\",\"contentUrl\":\"https:\\\/\\\/fuentesfidedignas.com.mx\\\/wp-content\\\/uploads\\\/2021\\\/04\\\/logo-retina.png\",\"width\":280,\"height\":51,\"caption\":\"Fuentes Fidedignas\"},\"image\":{\"@id\":\"https:\\\/\\\/fuentesfidedignas.com.mx\\\/#\\\/schema\\\/logo\\\/image\\\/\"},\"sameAs\":[\"https:\\\/\\\/www.facebook.com\\\/Fuentes-Fidedignas-368234489921644\",\"https:\\\/\\\/x.com\\\/fidedignas\"]},{\"@type\":\"Person\",\"@id\":\"https:\\\/\\\/fuentesfidedignas.com.mx\\\/#\\\/schema\\\/person\\\/331be9283d37198e2acd5750279085b0\",\"name\":\"Redacci\u00f3n\",\"image\":{\"@type\":\"ImageObject\",\"inLanguage\":\"es\",\"@id\":\"https:\\\/\\\/secure.gravatar.com\\\/avatar\\\/f6d8782c11d12b2d4ad3fbb6931aeab5309937a4d6cd2fc9cfaa28a6396a5aec?s=96&d=mm&r=g\",\"url\":\"https:\\\/\\\/secure.gravatar.com\\\/avatar\\\/f6d8782c11d12b2d4ad3fbb6931aeab5309937a4d6cd2fc9cfaa28a6396a5aec?s=96&d=mm&r=g\",\"contentUrl\":\"https:\\\/\\\/secure.gravatar.com\\\/avatar\\\/f6d8782c11d12b2d4ad3fbb6931aeab5309937a4d6cd2fc9cfaa28a6396a5aec?s=96&d=mm&r=g\",\"caption\":\"Redacci\u00f3n\"},\"url\":\"https:\\\/\\\/fuentesfidedignas.com.mx\\\/index.php\\\/author\\\/redaccion\\\/\"}]}<\/script>\n<!-- \/ Yoast SEO plugin. -->","yoast_head_json":{"title":"Se compromete Rocha Moya a combatir la corrupci\u00f3n ante empresarios - Fuentes Fidedignas","robots":{"index":"index","follow":"follow","max-snippet":"max-snippet:-1","max-image-preview":"max-image-preview:large","max-video-preview":"max-video-preview:-1"},"canonical":"https:\/\/fuentesfidedignas.com.mx\/index.php\/2021\/04\/30\/se-compromete-rocha-moya-a-combatir-la-corrupcion-ante-empresarios\/","og_locale":"es_MX","og_type":"article","og_title":"Se compromete Rocha Moya a combatir la corrupci\u00f3n ante empresarios - Fuentes Fidedignas","og_description":"Asegur\u00f3 que su gobierno ser\u00e1 austero pero con capacidad administrativa y se realizar\u00e1n proyectos que detonen el desarrollo econ\u00f3mico en todo Sinaloa Culiac\u00e1n, Sin.- &nbsp;Durante&nbsp; reuni\u00f3n con empresarios esta ma\u00f1ana en Culiac\u00e1n, el candidato de la alianza Morena-PAS a la gubernatura, Rub\u00e9n Rocha Moya, reiter\u00f3 que&nbsp; su administraci\u00f3n se distinguir\u00e1 por combatir la corrupci\u00f3n y [&hellip;]","og_url":"https:\/\/fuentesfidedignas.com.mx\/index.php\/2021\/04\/30\/se-compromete-rocha-moya-a-combatir-la-corrupcion-ante-empresarios\/","og_site_name":"Fuentes Fidedignas","article_publisher":"https:\/\/www.facebook.com\/Fuentes-Fidedignas-368234489921644","article_published_time":"2021-05-01T00:05:47+00:00","article_modified_time":"2021-05-01T18:17:04+00:00","og_image":[{"width":1024,"height":682,"url":"https:\/\/fuentesfidedignas.com.mx\/wp-content\/uploads\/2021\/04\/rochaempre.jpg","type":"image\/jpeg"}],"author":"Redacci\u00f3n","twitter_card":"summary_large_image","twitter_creator":"@fidedignas","twitter_site":"@fidedignas","twitter_misc":{"Escrito por":"Redacci\u00f3n","Tiempo de lectura":"3 minutos"},"schema":{"@context":"https:\/\/schema.org","@graph":[{"@type":"Article","@id":"https:\/\/fuentesfidedignas.com.mx\/index.php\/2021\/04\/30\/se-compromete-rocha-moya-a-combatir-la-corrupcion-ante-empresarios\/#article","isPartOf":{"@id":"https:\/\/fuentesfidedignas.com.mx\/index.php\/2021\/04\/30\/se-compromete-rocha-moya-a-combatir-la-corrupcion-ante-empresarios\/"},"author":{"name":"Redacci\u00f3n","@id":"https:\/\/fuentesfidedignas.com.mx\/#\/schema\/person\/331be9283d37198e2acd5750279085b0"},"headline":"Se compromete Rocha Moya a combatir la corrupci\u00f3n ante empresarios","datePublished":"2021-05-01T00:05:47+00:00","dateModified":"2021-05-01T18:17:04+00:00","mainEntityOfPage":{"@id":"https:\/\/fuentesfidedignas.com.mx\/index.php\/2021\/04\/30\/se-compromete-rocha-moya-a-combatir-la-corrupcion-ante-empresarios\/"},"wordCount":532,"commentCount":0,"publisher":{"@id":"https:\/\/fuentesfidedignas.com.mx\/#organization"},"image":{"@id":"https:\/\/fuentesfidedignas.com.mx\/index.php\/2021\/04\/30\/se-compromete-rocha-moya-a-combatir-la-corrupcion-ante-empresarios\/#primaryimage"},"thumbnailUrl":"https:\/\/fuentesfidedignas.com.mx\/wp-content\/uploads\/2021\/04\/rochaempre.jpg","keywords":["elecciones2021","empresarios","morena","pol\u00edtica","reuni\u00f3n","Rub\u00e9n Rocha Moya","sinaloa"],"articleSection":["NOTICIAS LOCALES"],"inLanguage":"es","potentialAction":[{"@type":"CommentAction","name":"Comment","target":["https:\/\/fuentesfidedignas.com.mx\/index.php\/2021\/04\/30\/se-compromete-rocha-moya-a-combatir-la-corrupcion-ante-empresarios\/#respond"]}]},{"@type":"WebPage","@id":"https:\/\/fuentesfidedignas.com.mx\/index.php\/2021\/04\/30\/se-compromete-rocha-moya-a-combatir-la-corrupcion-ante-empresarios\/","url":"https:\/\/fuentesfidedignas.com.mx\/index.php\/2021\/04\/30\/se-compromete-rocha-moya-a-combatir-la-corrupcion-ante-empresarios\/","name":"Se compromete Rocha Moya a combatir la corrupci\u00f3n ante empresarios - Fuentes Fidedignas","isPartOf":{"@id":"https:\/\/fuentesfidedignas.com.mx\/#website"},"primaryImageOfPage":{"@id":"https:\/\/fuentesfidedignas.com.mx\/index.php\/2021\/04\/30\/se-compromete-rocha-moya-a-combatir-la-corrupcion-ante-empresarios\/#primaryimage"},"image":{"@id":"https:\/\/fuentesfidedignas.com.mx\/index.php\/2021\/04\/30\/se-compromete-rocha-moya-a-combatir-la-corrupcion-ante-empresarios\/#primaryimage"},"thumbnailUrl":"https:\/\/fuentesfidedignas.com.mx\/wp-content\/uploads\/2021\/04\/rochaempre.jpg","datePublished":"2021-05-01T00:05:47+00:00","dateModified":"2021-05-01T18:17:04+00:00","breadcrumb":{"@id":"https:\/\/fuentesfidedignas.com.mx\/index.php\/2021\/04\/30\/se-compromete-rocha-moya-a-combatir-la-corrupcion-ante-empresarios\/#breadcrumb"},"inLanguage":"es","potentialAction":[{"@type":"ReadAction","target":["https:\/\/fuentesfidedignas.com.mx\/index.php\/2021\/04\/30\/se-compromete-rocha-moya-a-combatir-la-corrupcion-ante-empresarios\/"]}]},{"@type":"ImageObject","inLanguage":"es","@id":"https:\/\/fuentesfidedignas.com.mx\/index.php\/2021\/04\/30\/se-compromete-rocha-moya-a-combatir-la-corrupcion-ante-empresarios\/#primaryimage","url":"https:\/\/fuentesfidedignas.com.mx\/wp-content\/uploads\/2021\/04\/rochaempre.jpg","contentUrl":"https:\/\/fuentesfidedignas.com.mx\/wp-content\/uploads\/2021\/04\/rochaempre.jpg","width":1024,"height":682},{"@type":"BreadcrumbList","@id":"https:\/\/fuentesfidedignas.com.mx\/index.php\/2021\/04\/30\/se-compromete-rocha-moya-a-combatir-la-corrupcion-ante-empresarios\/#breadcrumb","itemListElement":[{"@type":"ListItem","position":1,"name":"Inicio","item":"https:\/\/fuentesfidedignas.com.mx\/"},{"@type":"ListItem","position":2,"name":"Se compromete Rocha Moya a combatir la corrupci\u00f3n ante empresarios"}]},{"@type":"WebSite","@id":"https:\/\/fuentesfidedignas.com.mx\/#website","url":"https:\/\/fuentesfidedignas.com.mx\/","name":"Fuentes Fidedignas","description":"Otro sitio realizado con WordPress","publisher":{"@id":"https:\/\/fuentesfidedignas.com.mx\/#organization"},"potentialAction":[{"@type":"SearchAction","target":{"@type":"EntryPoint","urlTemplate":"https:\/\/fuentesfidedignas.com.mx\/?s={search_term_string}"},"query-input":{"@type":"PropertyValueSpecification","valueRequired":true,"valueName":"search_term_string"}}],"inLanguage":"es"},{"@type":"Organization","@id":"https:\/\/fuentesfidedignas.com.mx\/#organization","name":"Fuentes Fidedignas","url":"https:\/\/fuentesfidedignas.com.mx\/","logo":{"@type":"ImageObject","inLanguage":"es","@id":"https:\/\/fuentesfidedignas.com.mx\/#\/schema\/logo\/image\/","url":"https:\/\/fuentesfidedignas.com.mx\/wp-content\/uploads\/2021\/04\/logo-retina.png","contentUrl":"https:\/\/fuentesfidedignas.com.mx\/wp-content\/uploads\/2021\/04\/logo-retina.png","width":280,"height":51,"caption":"Fuentes Fidedignas"},"image":{"@id":"https:\/\/fuentesfidedignas.com.mx\/#\/schema\/logo\/image\/"},"sameAs":["https:\/\/www.facebook.com\/Fuentes-Fidedignas-368234489921644","https:\/\/x.com\/fidedignas"]},{"@type":"Person","@id":"https:\/\/fuentesfidedignas.com.mx\/#\/schema\/person\/331be9283d37198e2acd5750279085b0","name":"Redacci\u00f3n","image":{"@type":"ImageObject","inLanguage":"es","@id":"https:\/\/secure.gravatar.com\/avatar\/f6d8782c11d12b2d4ad3fbb6931aeab5309937a4d6cd2fc9cfaa28a6396a5aec?s=96&d=mm&r=g","url":"https:\/\/secure.gravatar.com\/avatar\/f6d8782c11d12b2d4ad3fbb6931aeab5309937a4d6cd2fc9cfaa28a6396a5aec?s=96&d=mm&r=g","contentUrl":"https:\/\/secure.gravatar.com\/avatar\/f6d8782c11d12b2d4ad3fbb6931aeab5309937a4d6cd2fc9cfaa28a6396a5aec?s=96&d=mm&r=g","caption":"Redacci\u00f3n"},"url":"https:\/\/fuentesfidedignas.com.mx\/index.php\/author\/redaccion\/"}]}},"_links":{"self":[{"href":"https:\/\/fuentesfidedignas.com.mx\/index.php\/wp-json\/wp\/v2\/posts\/495","targetHints":{"allow":["GET"]}}],"collection":[{"href":"https:\/\/fuentesfidedignas.com.mx\/index.php\/wp-json\/wp\/v2\/posts"}],"about":[{"href":"https:\/\/fuentesfidedignas.com.mx\/index.php\/wp-json\/wp\/v2\/types\/post"}],"author":[{"embeddable":true,"href":"https:\/\/fuentesfidedignas.com.mx\/index.php\/wp-json\/wp\/v2\/users\/4"}],"replies":[{"embeddable":true,"href":"https:\/\/fuentesfidedignas.com.mx\/index.php\/wp-json\/wp\/v2\/comments?post=495"}],"version-history":[{"count":1,"href":"https:\/\/fuentesfidedignas.com.mx\/index.php\/wp-json\/wp\/v2\/posts\/495\/revisions"}],"predecessor-version":[{"id":500,"href":"https:\/\/fuentesfidedignas.com.mx\/index.php\/wp-json\/wp\/v2\/posts\/495\/revisions\/500"}],"wp:featuredmedia":[{"embeddable":true,"href":"https:\/\/fuentesfidedignas.com.mx\/index.php\/wp-json\/wp\/v2\/media\/499"}],"wp:attachment":[{"href":"https:\/\/fuentesfidedignas.com.mx\/index.php\/wp-json\/wp\/v2\/media?parent=495"}],"wp:term":[{"taxonomy":"category","embeddable":true,"href":"https:\/\/fuentesfidedignas.com.mx\/index.php\/wp-json\/wp\/v2\/categories?post=495"},{"taxonomy":"post_tag","embeddable":true,"href":"https:\/\/fuentesfidedignas.com.mx\/index.php\/wp-json\/wp\/v2\/tags?post=495"}],"curies":[{"name":"wp","href":"https:\/\/api.w.org\/{rel}","templated":true}]}}