{"id":49428,"date":"2023-06-08T13:18:52","date_gmt":"2023-06-08T20:18:52","guid":{"rendered":"https:\/\/fuentesfidedignas.com.mx\/?p=49428"},"modified":"2023-06-08T13:22:38","modified_gmt":"2023-06-08T20:22:38","slug":"inaceptable-la-agresion-en-uas-autoridades-universitarias-deberan-responder-feliciano-castro","status":"publish","type":"post","link":"https:\/\/fuentesfidedignas.com.mx\/index.php\/2023\/06\/08\/inaceptable-la-agresion-en-uas-autoridades-universitarias-deberan-responder-feliciano-castro\/","title":{"rendered":"Inaceptable la agresi\u00f3n en la UAS, autoridades universitarias deber\u00e1n responder: Feliciano Castro"},"content":{"rendered":"\n<p><em><strong>&#8220;Es inaceptable y la autoridad universitaria tendr\u00e1 que responder por el comportamiento de esta persona en lo que le corresponde&#8221;, detall\u00f3 el diputado<\/strong><\/em><\/p>\n\n\n\n<p>Culiac\u00e1n, Sin.- Son inaceptables los hechos violentos que se suscitaron durante el Segundo Informe de Labores del rector de la Universidad Aut\u00f3noma de Sinaloa, por lo que las autoridades universitarias tendr\u00e1n que responder por el periodista agredido y la persona que fue herida con una navaja.<\/p>\n\n\n\n<p>As\u00ed lo afirm\u00f3 el presidente de la Junta de Coordinaci\u00f3n Pol\u00edtica del Congreso del Estado, Feliciano Castro Mel\u00e9ndrez. &#8220;<strong>Es inaceptable y la autoridad universitaria tendr\u00e1 que responder por el comportamiento de esta persona en lo que le corresponde<\/strong>&#8220;, detall\u00f3 el diputado.<\/p>\n\n\n\n<figure class=\"wp-block-video\"><video height=\"288\" style=\"aspect-ratio: 640 \/ 288;\" width=\"640\" controls src=\"https:\/\/fuentesfidedignas.com.mx\/wp-content\/uploads\/2023\/06\/WhatsApp-Video-2023-06-08-at-1.06.04-PM.mp4\"><\/video><\/figure>\n\n\n\n<p>Asimismo, el presidente de la JUCOPO reiter\u00f3 su solidaridad con el periodista Mart\u00edn Gonz\u00e1lez, del peri\u00f3dico R\u00edo Doce, quien fue agredido por guardias de la universidad y sacado a empujones de las instalaciones de la UAS. <\/p>\n\n\n\n<p>&#8220;<strong>Tiene que procederse a hacer la investigaci\u00f3n y aplicar la ley, sin impunidad, debe ser sancionado. Por otro lado, creo que la universidad debe ser un lado donde reine la inteligencia<\/strong>&#8220;, a\u00f1adi\u00f3.<\/p>\n\n\n\n<p>En tanto, Feliciano Castro se\u00f1al\u00f3 que no podr\u00eda determinar si la reforma a la Ley Org\u00e1nica de la UAS podr\u00eda haber desatado los hechos violentos.<\/p>\n\n\n\n<iframe loading=\"lazy\" src=\"https:\/\/www.facebook.com\/plugins\/video.php?height=314&#038;href=https%3A%2F%2Fweb.facebook.com%2F100050497569358%2Fvideos%2F161320486922851%2F&#038;show_text=false&#038;width=560&#038;t=0\" width=\"560\" height=\"314\" style=\"border:none;overflow:hidden\" scrolling=\"no\" frameborder=\"0\" allowfullscreen=\"true\" allow=\"autoplay; clipboard-write; encrypted-media; picture-in-picture; web-share\" allowFullScreen=\"true\"><\/iframe>\n","protected":false},"excerpt":{"rendered":"<p>&#8220;Es inaceptable y la autoridad universitaria tendr\u00e1 que responder por el comportamiento de esta persona en lo que le corresponde&#8221;, detall\u00f3 el diputado Culiac\u00e1n, Sin.- Son inaceptables los hechos violentos que se suscitaron durante el Segundo Informe de Labores del rector de la Universidad Aut\u00f3noma de Sinaloa, por lo que las autoridades universitarias tendr\u00e1n que [&hellip;]<\/p>\n","protected":false},"author":11,"featured_media":49432,"comment_status":"open","ping_status":"open","sticky":false,"template":"","format":"standard","meta":{"tdm_status":"","tdm_grid_status":"","footnotes":""},"categories":[37],"tags":[],"class_list":{"0":"post-49428","1":"post","2":"type-post","3":"status-publish","4":"format-standard","5":"has-post-thumbnail","7":"category-nota-principal"},"yoast_head":"<!-- This site is optimized with the Yoast SEO plugin v27.4 - https:\/\/yoast.com\/product\/yoast-seo-wordpress\/ -->\n<title>Inaceptable la agresi\u00f3n en la UAS, autoridades universitarias deber\u00e1n responder: Feliciano Castro - Fuentes Fidedignas<\/title>\n<meta name=\"robots\" content=\"index, follow, max-snippet:-1, max-image-preview:large, max-video-preview:-1\" \/>\n<link rel=\"canonical\" href=\"https:\/\/fuentesfidedignas.com.mx\/index.php\/2023\/06\/08\/inaceptable-la-agresion-en-uas-autoridades-universitarias-deberan-responder-feliciano-castro\/\" \/>\n<meta property=\"og:locale\" content=\"es_MX\" \/>\n<meta property=\"og:type\" content=\"article\" \/>\n<meta property=\"og:title\" content=\"Inaceptable la agresi\u00f3n en la UAS, autoridades universitarias deber\u00e1n responder: Feliciano Castro - Fuentes Fidedignas\" \/>\n<meta property=\"og:description\" content=\"&#8220;Es inaceptable y la autoridad universitaria tendr\u00e1 que responder por el comportamiento de esta persona en lo que le corresponde&#8221;, detall\u00f3 el diputado Culiac\u00e1n, Sin.- Son inaceptables los hechos violentos que se suscitaron durante el Segundo Informe de Labores del rector de la Universidad Aut\u00f3noma de Sinaloa, por lo que las autoridades universitarias tendr\u00e1n que [&hellip;]\" \/>\n<meta property=\"og:url\" content=\"https:\/\/fuentesfidedignas.com.mx\/index.php\/2023\/06\/08\/inaceptable-la-agresion-en-uas-autoridades-universitarias-deberan-responder-feliciano-castro\/\" \/>\n<meta property=\"og:site_name\" content=\"Fuentes Fidedignas\" \/>\n<meta property=\"article:publisher\" content=\"https:\/\/www.facebook.com\/Fuentes-Fidedignas-368234489921644\" \/>\n<meta property=\"article:published_time\" content=\"2023-06-08T20:18:52+00:00\" \/>\n<meta property=\"article:modified_time\" content=\"2023-06-08T20:22:38+00:00\" \/>\n<meta property=\"og:image\" content=\"https:\/\/fuentesfidedignas.com.mx\/wp-content\/uploads\/2023\/06\/feliciano-08-06-23-2.jpg\" \/>\n\t<meta property=\"og:image:width\" content=\"600\" \/>\n\t<meta property=\"og:image:height\" content=\"401\" \/>\n\t<meta property=\"og:image:type\" content=\"image\/jpeg\" \/>\n<meta name=\"author\" content=\"Marissa Palafox\" \/>\n<meta name=\"twitter:card\" content=\"summary_large_image\" \/>\n<meta name=\"twitter:creator\" content=\"@fidedignas\" \/>\n<meta name=\"twitter:site\" content=\"@fidedignas\" \/>\n<meta name=\"twitter:label1\" content=\"Escrito por\" \/>\n\t<meta name=\"twitter:data1\" content=\"Marissa Palafox\" \/>\n\t<meta name=\"twitter:label2\" content=\"Tiempo de lectura\" \/>\n\t<meta name=\"twitter:data2\" content=\"1 minuto\" \/>\n<script type=\"application\/ld+json\" class=\"yoast-schema-graph\">{\"@context\":\"https:\\\/\\\/schema.org\",\"@graph\":[{\"@type\":\"Article\",\"@id\":\"https:\\\/\\\/fuentesfidedignas.com.mx\\\/index.php\\\/2023\\\/06\\\/08\\\/inaceptable-la-agresion-en-uas-autoridades-universitarias-deberan-responder-feliciano-castro\\\/#article\",\"isPartOf\":{\"@id\":\"https:\\\/\\\/fuentesfidedignas.com.mx\\\/index.php\\\/2023\\\/06\\\/08\\\/inaceptable-la-agresion-en-uas-autoridades-universitarias-deberan-responder-feliciano-castro\\\/\"},\"author\":{\"name\":\"Marissa Palafox\",\"@id\":\"https:\\\/\\\/fuentesfidedignas.com.mx\\\/#\\\/schema\\\/person\\\/2c10028b4a30078c05a056a215342ab9\"},\"headline\":\"Inaceptable la agresi\u00f3n en la UAS, autoridades universitarias deber\u00e1n responder: Feliciano Castro\",\"datePublished\":\"2023-06-08T20:18:52+00:00\",\"dateModified\":\"2023-06-08T20:22:38+00:00\",\"mainEntityOfPage\":{\"@id\":\"https:\\\/\\\/fuentesfidedignas.com.mx\\\/index.php\\\/2023\\\/06\\\/08\\\/inaceptable-la-agresion-en-uas-autoridades-universitarias-deberan-responder-feliciano-castro\\\/\"},\"wordCount\":234,\"commentCount\":0,\"publisher\":{\"@id\":\"https:\\\/\\\/fuentesfidedignas.com.mx\\\/#organization\"},\"image\":{\"@id\":\"https:\\\/\\\/fuentesfidedignas.com.mx\\\/index.php\\\/2023\\\/06\\\/08\\\/inaceptable-la-agresion-en-uas-autoridades-universitarias-deberan-responder-feliciano-castro\\\/#primaryimage\"},\"thumbnailUrl\":\"https:\\\/\\\/fuentesfidedignas.com.mx\\\/wp-content\\\/uploads\\\/2023\\\/06\\\/feliciano-08-06-23-2.jpg\",\"articleSection\":[\"NOTA PRINCIPAL\"],\"inLanguage\":\"es\",\"potentialAction\":[{\"@type\":\"CommentAction\",\"name\":\"Comment\",\"target\":[\"https:\\\/\\\/fuentesfidedignas.com.mx\\\/index.php\\\/2023\\\/06\\\/08\\\/inaceptable-la-agresion-en-uas-autoridades-universitarias-deberan-responder-feliciano-castro\\\/#respond\"]}]},{\"@type\":\"WebPage\",\"@id\":\"https:\\\/\\\/fuentesfidedignas.com.mx\\\/index.php\\\/2023\\\/06\\\/08\\\/inaceptable-la-agresion-en-uas-autoridades-universitarias-deberan-responder-feliciano-castro\\\/\",\"url\":\"https:\\\/\\\/fuentesfidedignas.com.mx\\\/index.php\\\/2023\\\/06\\\/08\\\/inaceptable-la-agresion-en-uas-autoridades-universitarias-deberan-responder-feliciano-castro\\\/\",\"name\":\"Inaceptable la agresi\u00f3n en la UAS, autoridades universitarias deber\u00e1n responder: Feliciano Castro - Fuentes Fidedignas\",\"isPartOf\":{\"@id\":\"https:\\\/\\\/fuentesfidedignas.com.mx\\\/#website\"},\"primaryImageOfPage\":{\"@id\":\"https:\\\/\\\/fuentesfidedignas.com.mx\\\/index.php\\\/2023\\\/06\\\/08\\\/inaceptable-la-agresion-en-uas-autoridades-universitarias-deberan-responder-feliciano-castro\\\/#primaryimage\"},\"image\":{\"@id\":\"https:\\\/\\\/fuentesfidedignas.com.mx\\\/index.php\\\/2023\\\/06\\\/08\\\/inaceptable-la-agresion-en-uas-autoridades-universitarias-deberan-responder-feliciano-castro\\\/#primaryimage\"},\"thumbnailUrl\":\"https:\\\/\\\/fuentesfidedignas.com.mx\\\/wp-content\\\/uploads\\\/2023\\\/06\\\/feliciano-08-06-23-2.jpg\",\"datePublished\":\"2023-06-08T20:18:52+00:00\",\"dateModified\":\"2023-06-08T20:22:38+00:00\",\"breadcrumb\":{\"@id\":\"https:\\\/\\\/fuentesfidedignas.com.mx\\\/index.php\\\/2023\\\/06\\\/08\\\/inaceptable-la-agresion-en-uas-autoridades-universitarias-deberan-responder-feliciano-castro\\\/#breadcrumb\"},\"inLanguage\":\"es\",\"potentialAction\":[{\"@type\":\"ReadAction\",\"target\":[\"https:\\\/\\\/fuentesfidedignas.com.mx\\\/index.php\\\/2023\\\/06\\\/08\\\/inaceptable-la-agresion-en-uas-autoridades-universitarias-deberan-responder-feliciano-castro\\\/\"]}]},{\"@type\":\"ImageObject\",\"inLanguage\":\"es\",\"@id\":\"https:\\\/\\\/fuentesfidedignas.com.mx\\\/index.php\\\/2023\\\/06\\\/08\\\/inaceptable-la-agresion-en-uas-autoridades-universitarias-deberan-responder-feliciano-castro\\\/#primaryimage\",\"url\":\"https:\\\/\\\/fuentesfidedignas.com.mx\\\/wp-content\\\/uploads\\\/2023\\\/06\\\/feliciano-08-06-23-2.jpg\",\"contentUrl\":\"https:\\\/\\\/fuentesfidedignas.com.mx\\\/wp-content\\\/uploads\\\/2023\\\/06\\\/feliciano-08-06-23-2.jpg\",\"width\":600,\"height\":401},{\"@type\":\"BreadcrumbList\",\"@id\":\"https:\\\/\\\/fuentesfidedignas.com.mx\\\/index.php\\\/2023\\\/06\\\/08\\\/inaceptable-la-agresion-en-uas-autoridades-universitarias-deberan-responder-feliciano-castro\\\/#breadcrumb\",\"itemListElement\":[{\"@type\":\"ListItem\",\"position\":1,\"name\":\"Inicio\",\"item\":\"https:\\\/\\\/fuentesfidedignas.com.mx\\\/\"},{\"@type\":\"ListItem\",\"position\":2,\"name\":\"Inaceptable la agresi\u00f3n en la UAS, autoridades universitarias deber\u00e1n responder: Feliciano Castro\"}]},{\"@type\":\"WebSite\",\"@id\":\"https:\\\/\\\/fuentesfidedignas.com.mx\\\/#website\",\"url\":\"https:\\\/\\\/fuentesfidedignas.com.mx\\\/\",\"name\":\"Fuentes Fidedignas\",\"description\":\"Otro sitio realizado con WordPress\",\"publisher\":{\"@id\":\"https:\\\/\\\/fuentesfidedignas.com.mx\\\/#organization\"},\"potentialAction\":[{\"@type\":\"SearchAction\",\"target\":{\"@type\":\"EntryPoint\",\"urlTemplate\":\"https:\\\/\\\/fuentesfidedignas.com.mx\\\/?s={search_term_string}\"},\"query-input\":{\"@type\":\"PropertyValueSpecification\",\"valueRequired\":true,\"valueName\":\"search_term_string\"}}],\"inLanguage\":\"es\"},{\"@type\":\"Organization\",\"@id\":\"https:\\\/\\\/fuentesfidedignas.com.mx\\\/#organization\",\"name\":\"Fuentes Fidedignas\",\"url\":\"https:\\\/\\\/fuentesfidedignas.com.mx\\\/\",\"logo\":{\"@type\":\"ImageObject\",\"inLanguage\":\"es\",\"@id\":\"https:\\\/\\\/fuentesfidedignas.com.mx\\\/#\\\/schema\\\/logo\\\/image\\\/\",\"url\":\"https:\\\/\\\/fuentesfidedignas.com.mx\\\/wp-content\\\/uploads\\\/2021\\\/04\\\/logo-retina.png\",\"contentUrl\":\"https:\\\/\\\/fuentesfidedignas.com.mx\\\/wp-content\\\/uploads\\\/2021\\\/04\\\/logo-retina.png\",\"width\":280,\"height\":51,\"caption\":\"Fuentes Fidedignas\"},\"image\":{\"@id\":\"https:\\\/\\\/fuentesfidedignas.com.mx\\\/#\\\/schema\\\/logo\\\/image\\\/\"},\"sameAs\":[\"https:\\\/\\\/www.facebook.com\\\/Fuentes-Fidedignas-368234489921644\",\"https:\\\/\\\/x.com\\\/fidedignas\"]},{\"@type\":\"Person\",\"@id\":\"https:\\\/\\\/fuentesfidedignas.com.mx\\\/#\\\/schema\\\/person\\\/2c10028b4a30078c05a056a215342ab9\",\"name\":\"Marissa Palafox\",\"image\":{\"@type\":\"ImageObject\",\"inLanguage\":\"es\",\"@id\":\"https:\\\/\\\/secure.gravatar.com\\\/avatar\\\/20a43bdb2f2db10f20b22d4e98b96eb027faf98f7f76d29854dc5fab46d1cf71?s=96&d=mm&r=g\",\"url\":\"https:\\\/\\\/secure.gravatar.com\\\/avatar\\\/20a43bdb2f2db10f20b22d4e98b96eb027faf98f7f76d29854dc5fab46d1cf71?s=96&d=mm&r=g\",\"contentUrl\":\"https:\\\/\\\/secure.gravatar.com\\\/avatar\\\/20a43bdb2f2db10f20b22d4e98b96eb027faf98f7f76d29854dc5fab46d1cf71?s=96&d=mm&r=g\",\"caption\":\"Marissa Palafox\"},\"url\":\"https:\\\/\\\/fuentesfidedignas.com.mx\\\/index.php\\\/author\\\/marissa\\\/\"}]}<\/script>\n<!-- \/ Yoast SEO plugin. -->","yoast_head_json":{"title":"Inaceptable la agresi\u00f3n en la UAS, autoridades universitarias deber\u00e1n responder: Feliciano Castro - Fuentes Fidedignas","robots":{"index":"index","follow":"follow","max-snippet":"max-snippet:-1","max-image-preview":"max-image-preview:large","max-video-preview":"max-video-preview:-1"},"canonical":"https:\/\/fuentesfidedignas.com.mx\/index.php\/2023\/06\/08\/inaceptable-la-agresion-en-uas-autoridades-universitarias-deberan-responder-feliciano-castro\/","og_locale":"es_MX","og_type":"article","og_title":"Inaceptable la agresi\u00f3n en la UAS, autoridades universitarias deber\u00e1n responder: Feliciano Castro - Fuentes Fidedignas","og_description":"&#8220;Es inaceptable y la autoridad universitaria tendr\u00e1 que responder por el comportamiento de esta persona en lo que le corresponde&#8221;, detall\u00f3 el diputado Culiac\u00e1n, Sin.- Son inaceptables los hechos violentos que se suscitaron durante el Segundo Informe de Labores del rector de la Universidad Aut\u00f3noma de Sinaloa, por lo que las autoridades universitarias tendr\u00e1n que [&hellip;]","og_url":"https:\/\/fuentesfidedignas.com.mx\/index.php\/2023\/06\/08\/inaceptable-la-agresion-en-uas-autoridades-universitarias-deberan-responder-feliciano-castro\/","og_site_name":"Fuentes Fidedignas","article_publisher":"https:\/\/www.facebook.com\/Fuentes-Fidedignas-368234489921644","article_published_time":"2023-06-08T20:18:52+00:00","article_modified_time":"2023-06-08T20:22:38+00:00","og_image":[{"width":600,"height":401,"url":"https:\/\/fuentesfidedignas.com.mx\/wp-content\/uploads\/2023\/06\/feliciano-08-06-23-2.jpg","type":"image\/jpeg"}],"author":"Marissa Palafox","twitter_card":"summary_large_image","twitter_creator":"@fidedignas","twitter_site":"@fidedignas","twitter_misc":{"Escrito por":"Marissa Palafox","Tiempo de lectura":"1 minuto"},"schema":{"@context":"https:\/\/schema.org","@graph":[{"@type":"Article","@id":"https:\/\/fuentesfidedignas.com.mx\/index.php\/2023\/06\/08\/inaceptable-la-agresion-en-uas-autoridades-universitarias-deberan-responder-feliciano-castro\/#article","isPartOf":{"@id":"https:\/\/fuentesfidedignas.com.mx\/index.php\/2023\/06\/08\/inaceptable-la-agresion-en-uas-autoridades-universitarias-deberan-responder-feliciano-castro\/"},"author":{"name":"Marissa Palafox","@id":"https:\/\/fuentesfidedignas.com.mx\/#\/schema\/person\/2c10028b4a30078c05a056a215342ab9"},"headline":"Inaceptable la agresi\u00f3n en la UAS, autoridades universitarias deber\u00e1n responder: Feliciano Castro","datePublished":"2023-06-08T20:18:52+00:00","dateModified":"2023-06-08T20:22:38+00:00","mainEntityOfPage":{"@id":"https:\/\/fuentesfidedignas.com.mx\/index.php\/2023\/06\/08\/inaceptable-la-agresion-en-uas-autoridades-universitarias-deberan-responder-feliciano-castro\/"},"wordCount":234,"commentCount":0,"publisher":{"@id":"https:\/\/fuentesfidedignas.com.mx\/#organization"},"image":{"@id":"https:\/\/fuentesfidedignas.com.mx\/index.php\/2023\/06\/08\/inaceptable-la-agresion-en-uas-autoridades-universitarias-deberan-responder-feliciano-castro\/#primaryimage"},"thumbnailUrl":"https:\/\/fuentesfidedignas.com.mx\/wp-content\/uploads\/2023\/06\/feliciano-08-06-23-2.jpg","articleSection":["NOTA PRINCIPAL"],"inLanguage":"es","potentialAction":[{"@type":"CommentAction","name":"Comment","target":["https:\/\/fuentesfidedignas.com.mx\/index.php\/2023\/06\/08\/inaceptable-la-agresion-en-uas-autoridades-universitarias-deberan-responder-feliciano-castro\/#respond"]}]},{"@type":"WebPage","@id":"https:\/\/fuentesfidedignas.com.mx\/index.php\/2023\/06\/08\/inaceptable-la-agresion-en-uas-autoridades-universitarias-deberan-responder-feliciano-castro\/","url":"https:\/\/fuentesfidedignas.com.mx\/index.php\/2023\/06\/08\/inaceptable-la-agresion-en-uas-autoridades-universitarias-deberan-responder-feliciano-castro\/","name":"Inaceptable la agresi\u00f3n en la UAS, autoridades universitarias deber\u00e1n responder: Feliciano Castro - Fuentes Fidedignas","isPartOf":{"@id":"https:\/\/fuentesfidedignas.com.mx\/#website"},"primaryImageOfPage":{"@id":"https:\/\/fuentesfidedignas.com.mx\/index.php\/2023\/06\/08\/inaceptable-la-agresion-en-uas-autoridades-universitarias-deberan-responder-feliciano-castro\/#primaryimage"},"image":{"@id":"https:\/\/fuentesfidedignas.com.mx\/index.php\/2023\/06\/08\/inaceptable-la-agresion-en-uas-autoridades-universitarias-deberan-responder-feliciano-castro\/#primaryimage"},"thumbnailUrl":"https:\/\/fuentesfidedignas.com.mx\/wp-content\/uploads\/2023\/06\/feliciano-08-06-23-2.jpg","datePublished":"2023-06-08T20:18:52+00:00","dateModified":"2023-06-08T20:22:38+00:00","breadcrumb":{"@id":"https:\/\/fuentesfidedignas.com.mx\/index.php\/2023\/06\/08\/inaceptable-la-agresion-en-uas-autoridades-universitarias-deberan-responder-feliciano-castro\/#breadcrumb"},"inLanguage":"es","potentialAction":[{"@type":"ReadAction","target":["https:\/\/fuentesfidedignas.com.mx\/index.php\/2023\/06\/08\/inaceptable-la-agresion-en-uas-autoridades-universitarias-deberan-responder-feliciano-castro\/"]}]},{"@type":"ImageObject","inLanguage":"es","@id":"https:\/\/fuentesfidedignas.com.mx\/index.php\/2023\/06\/08\/inaceptable-la-agresion-en-uas-autoridades-universitarias-deberan-responder-feliciano-castro\/#primaryimage","url":"https:\/\/fuentesfidedignas.com.mx\/wp-content\/uploads\/2023\/06\/feliciano-08-06-23-2.jpg","contentUrl":"https:\/\/fuentesfidedignas.com.mx\/wp-content\/uploads\/2023\/06\/feliciano-08-06-23-2.jpg","width":600,"height":401},{"@type":"BreadcrumbList","@id":"https:\/\/fuentesfidedignas.com.mx\/index.php\/2023\/06\/08\/inaceptable-la-agresion-en-uas-autoridades-universitarias-deberan-responder-feliciano-castro\/#breadcrumb","itemListElement":[{"@type":"ListItem","position":1,"name":"Inicio","item":"https:\/\/fuentesfidedignas.com.mx\/"},{"@type":"ListItem","position":2,"name":"Inaceptable la agresi\u00f3n en la UAS, autoridades universitarias deber\u00e1n responder: Feliciano Castro"}]},{"@type":"WebSite","@id":"https:\/\/fuentesfidedignas.com.mx\/#website","url":"https:\/\/fuentesfidedignas.com.mx\/","name":"Fuentes Fidedignas","description":"Otro sitio realizado con WordPress","publisher":{"@id":"https:\/\/fuentesfidedignas.com.mx\/#organization"},"potentialAction":[{"@type":"SearchAction","target":{"@type":"EntryPoint","urlTemplate":"https:\/\/fuentesfidedignas.com.mx\/?s={search_term_string}"},"query-input":{"@type":"PropertyValueSpecification","valueRequired":true,"valueName":"search_term_string"}}],"inLanguage":"es"},{"@type":"Organization","@id":"https:\/\/fuentesfidedignas.com.mx\/#organization","name":"Fuentes Fidedignas","url":"https:\/\/fuentesfidedignas.com.mx\/","logo":{"@type":"ImageObject","inLanguage":"es","@id":"https:\/\/fuentesfidedignas.com.mx\/#\/schema\/logo\/image\/","url":"https:\/\/fuentesfidedignas.com.mx\/wp-content\/uploads\/2021\/04\/logo-retina.png","contentUrl":"https:\/\/fuentesfidedignas.com.mx\/wp-content\/uploads\/2021\/04\/logo-retina.png","width":280,"height":51,"caption":"Fuentes Fidedignas"},"image":{"@id":"https:\/\/fuentesfidedignas.com.mx\/#\/schema\/logo\/image\/"},"sameAs":["https:\/\/www.facebook.com\/Fuentes-Fidedignas-368234489921644","https:\/\/x.com\/fidedignas"]},{"@type":"Person","@id":"https:\/\/fuentesfidedignas.com.mx\/#\/schema\/person\/2c10028b4a30078c05a056a215342ab9","name":"Marissa Palafox","image":{"@type":"ImageObject","inLanguage":"es","@id":"https:\/\/secure.gravatar.com\/avatar\/20a43bdb2f2db10f20b22d4e98b96eb027faf98f7f76d29854dc5fab46d1cf71?s=96&d=mm&r=g","url":"https:\/\/secure.gravatar.com\/avatar\/20a43bdb2f2db10f20b22d4e98b96eb027faf98f7f76d29854dc5fab46d1cf71?s=96&d=mm&r=g","contentUrl":"https:\/\/secure.gravatar.com\/avatar\/20a43bdb2f2db10f20b22d4e98b96eb027faf98f7f76d29854dc5fab46d1cf71?s=96&d=mm&r=g","caption":"Marissa Palafox"},"url":"https:\/\/fuentesfidedignas.com.mx\/index.php\/author\/marissa\/"}]}},"_links":{"self":[{"href":"https:\/\/fuentesfidedignas.com.mx\/index.php\/wp-json\/wp\/v2\/posts\/49428","targetHints":{"allow":["GET"]}}],"collection":[{"href":"https:\/\/fuentesfidedignas.com.mx\/index.php\/wp-json\/wp\/v2\/posts"}],"about":[{"href":"https:\/\/fuentesfidedignas.com.mx\/index.php\/wp-json\/wp\/v2\/types\/post"}],"author":[{"embeddable":true,"href":"https:\/\/fuentesfidedignas.com.mx\/index.php\/wp-json\/wp\/v2\/users\/11"}],"replies":[{"embeddable":true,"href":"https:\/\/fuentesfidedignas.com.mx\/index.php\/wp-json\/wp\/v2\/comments?post=49428"}],"version-history":[{"count":2,"href":"https:\/\/fuentesfidedignas.com.mx\/index.php\/wp-json\/wp\/v2\/posts\/49428\/revisions"}],"predecessor-version":[{"id":49433,"href":"https:\/\/fuentesfidedignas.com.mx\/index.php\/wp-json\/wp\/v2\/posts\/49428\/revisions\/49433"}],"wp:featuredmedia":[{"embeddable":true,"href":"https:\/\/fuentesfidedignas.com.mx\/index.php\/wp-json\/wp\/v2\/media\/49432"}],"wp:attachment":[{"href":"https:\/\/fuentesfidedignas.com.mx\/index.php\/wp-json\/wp\/v2\/media?parent=49428"}],"wp:term":[{"taxonomy":"category","embeddable":true,"href":"https:\/\/fuentesfidedignas.com.mx\/index.php\/wp-json\/wp\/v2\/categories?post=49428"},{"taxonomy":"post_tag","embeddable":true,"href":"https:\/\/fuentesfidedignas.com.mx\/index.php\/wp-json\/wp\/v2\/tags?post=49428"}],"curies":[{"name":"wp","href":"https:\/\/api.w.org\/{rel}","templated":true}]}}