{"id":49425,"date":"2023-06-08T12:52:05","date_gmt":"2023-06-08T19:52:05","guid":{"rendered":"https:\/\/fuentesfidedignas.com.mx\/?p=49425"},"modified":"2023-06-08T12:52:06","modified_gmt":"2023-06-08T19:52:06","slug":"hay-persecucion-politica-y-mediatica-hasta-con-sus-nietos-acusa-cuen-ojeda","status":"publish","type":"post","link":"https:\/\/fuentesfidedignas.com.mx\/index.php\/2023\/06\/08\/hay-persecucion-politica-y-mediatica-hasta-con-sus-nietos-acusa-cuen-ojeda\/","title":{"rendered":"Hay persecuci\u00f3n pol\u00edtica y medi\u00e1tica hasta con sus nietos, acusa Cu\u00e9n Ojeda"},"content":{"rendered":"\n<p><em><strong>Lament\u00f3 que estos ataques est\u00e9n direccionados desde las autoridades, mismas que han utilizado a los medios de comunicaci\u00f3n para desprestigiarlo<\/strong><\/em><\/p>\n\n\n\n<p>Culiac\u00e1n, Sin.- Las acusaciones y se\u00f1alamientos contra su familia han llegado hasta afectar a sus nietos, acus\u00f3 H\u00e9ctor Melesio Cu\u00e9n Ojeda. Quien se dijo preocupado por una evidente persecuci\u00f3n pol\u00edtica y medi\u00e1tica en su contra e integrantes de su familia.<\/p>\n\n\n\n<p>Asimismo, lament\u00f3 que estos ataques est\u00e9n direccionados desde las autoridades, mismas que han utilizado a los medios de comunicaci\u00f3n para desprestigiarlo.<\/p>\n\n\n\n<p><strong>&#8220;Ha sido una agresi\u00f3n muy grande. Ah\u00ed quiero ver que involucren a tus nietos, que involucren a tus hijos. Aguas, porque em este momentos somos nosotros los perseguido pol\u00edticos, despu\u00e9s ser\u00e1n ustedes; no habr\u00e1 piedad porque hay gente que no est\u00e1 bien de la cabeza&#8221;<\/strong>, lament\u00f3.<\/p>\n\n\n\n<p>Cu\u00e9n Ojeda defendi\u00f3 la integridad de su familia y asegur\u00f3 que los bienes y recursos que tienen, se ha obtenido legalmente a ra\u00edz de 45 a\u00f1os de trabajo y emprendimiento.<\/p>\n\n\n\n<p>\u201c<strong>No he sido notificado de nada, pero estamos completamente limpios, yo creo que hay frente a nosotros mucha m\u00e1s gente sucia que nosotros, nosotros somos una familia limpia que hemos trabajado mucho, que generamos m\u00e1s de 200 empleos directos, que tenemos 45 a\u00f1os trabajando todos los d\u00edas<\/strong>\u201d, coment\u00f3.<\/p>\n\n\n\n<p><\/p>\n","protected":false},"excerpt":{"rendered":"<p>Lament\u00f3 que estos ataques est\u00e9n direccionados desde las autoridades, mismas que han utilizado a los medios de comunicaci\u00f3n para desprestigiarlo Culiac\u00e1n, Sin.- Las acusaciones y se\u00f1alamientos contra su familia han llegado hasta afectar a sus nietos, acus\u00f3 H\u00e9ctor Melesio Cu\u00e9n Ojeda. Quien se dijo preocupado por una evidente persecuci\u00f3n pol\u00edtica y medi\u00e1tica en su contra [&hellip;]<\/p>\n","protected":false},"author":11,"featured_media":49426,"comment_status":"open","ping_status":"open","sticky":false,"template":"","format":"standard","meta":{"tdm_status":"","tdm_grid_status":"","footnotes":""},"categories":[37],"tags":[],"class_list":{"0":"post-49425","1":"post","2":"type-post","3":"status-publish","4":"format-standard","5":"has-post-thumbnail","7":"category-nota-principal"},"yoast_head":"<!-- This site is optimized with the Yoast SEO plugin v27.4 - https:\/\/yoast.com\/product\/yoast-seo-wordpress\/ -->\n<title>Hay persecuci\u00f3n pol\u00edtica y medi\u00e1tica hasta con sus nietos, acusa Cu\u00e9n Ojeda - Fuentes Fidedignas<\/title>\n<meta name=\"robots\" content=\"index, follow, max-snippet:-1, max-image-preview:large, max-video-preview:-1\" \/>\n<link rel=\"canonical\" href=\"https:\/\/fuentesfidedignas.com.mx\/index.php\/2023\/06\/08\/hay-persecucion-politica-y-mediatica-hasta-con-sus-nietos-acusa-cuen-ojeda\/\" \/>\n<meta property=\"og:locale\" content=\"es_MX\" \/>\n<meta property=\"og:type\" content=\"article\" \/>\n<meta property=\"og:title\" content=\"Hay persecuci\u00f3n pol\u00edtica y medi\u00e1tica hasta con sus nietos, acusa Cu\u00e9n Ojeda - Fuentes Fidedignas\" \/>\n<meta property=\"og:description\" content=\"Lament\u00f3 que estos ataques est\u00e9n direccionados desde las autoridades, mismas que han utilizado a los medios de comunicaci\u00f3n para desprestigiarlo Culiac\u00e1n, Sin.- Las acusaciones y se\u00f1alamientos contra su familia han llegado hasta afectar a sus nietos, acus\u00f3 H\u00e9ctor Melesio Cu\u00e9n Ojeda. Quien se dijo preocupado por una evidente persecuci\u00f3n pol\u00edtica y medi\u00e1tica en su contra [&hellip;]\" \/>\n<meta property=\"og:url\" content=\"https:\/\/fuentesfidedignas.com.mx\/index.php\/2023\/06\/08\/hay-persecucion-politica-y-mediatica-hasta-con-sus-nietos-acusa-cuen-ojeda\/\" \/>\n<meta property=\"og:site_name\" content=\"Fuentes Fidedignas\" \/>\n<meta property=\"article:publisher\" content=\"https:\/\/www.facebook.com\/Fuentes-Fidedignas-368234489921644\" \/>\n<meta property=\"article:published_time\" content=\"2023-06-08T19:52:05+00:00\" \/>\n<meta property=\"article:modified_time\" content=\"2023-06-08T19:52:06+00:00\" \/>\n<meta property=\"og:image\" content=\"https:\/\/fuentesfidedignas.com.mx\/wp-content\/uploads\/2023\/06\/cuen-ojeda-08-06-23.jpg\" \/>\n\t<meta property=\"og:image:width\" content=\"600\" \/>\n\t<meta property=\"og:image:height\" content=\"463\" \/>\n\t<meta property=\"og:image:type\" content=\"image\/jpeg\" \/>\n<meta name=\"author\" content=\"Marissa Palafox\" \/>\n<meta name=\"twitter:card\" content=\"summary_large_image\" \/>\n<meta name=\"twitter:creator\" content=\"@fidedignas\" \/>\n<meta name=\"twitter:site\" content=\"@fidedignas\" \/>\n<meta name=\"twitter:label1\" content=\"Escrito por\" \/>\n\t<meta name=\"twitter:data1\" content=\"Marissa Palafox\" \/>\n\t<meta name=\"twitter:label2\" content=\"Tiempo de lectura\" \/>\n\t<meta name=\"twitter:data2\" content=\"1 minuto\" \/>\n<script type=\"application\/ld+json\" class=\"yoast-schema-graph\">{\"@context\":\"https:\\\/\\\/schema.org\",\"@graph\":[{\"@type\":\"Article\",\"@id\":\"https:\\\/\\\/fuentesfidedignas.com.mx\\\/index.php\\\/2023\\\/06\\\/08\\\/hay-persecucion-politica-y-mediatica-hasta-con-sus-nietos-acusa-cuen-ojeda\\\/#article\",\"isPartOf\":{\"@id\":\"https:\\\/\\\/fuentesfidedignas.com.mx\\\/index.php\\\/2023\\\/06\\\/08\\\/hay-persecucion-politica-y-mediatica-hasta-con-sus-nietos-acusa-cuen-ojeda\\\/\"},\"author\":{\"name\":\"Marissa Palafox\",\"@id\":\"https:\\\/\\\/fuentesfidedignas.com.mx\\\/#\\\/schema\\\/person\\\/2c10028b4a30078c05a056a215342ab9\"},\"headline\":\"Hay persecuci\u00f3n pol\u00edtica y medi\u00e1tica hasta con sus nietos, acusa Cu\u00e9n Ojeda\",\"datePublished\":\"2023-06-08T19:52:05+00:00\",\"dateModified\":\"2023-06-08T19:52:06+00:00\",\"mainEntityOfPage\":{\"@id\":\"https:\\\/\\\/fuentesfidedignas.com.mx\\\/index.php\\\/2023\\\/06\\\/08\\\/hay-persecucion-politica-y-mediatica-hasta-con-sus-nietos-acusa-cuen-ojeda\\\/\"},\"wordCount\":241,\"commentCount\":0,\"publisher\":{\"@id\":\"https:\\\/\\\/fuentesfidedignas.com.mx\\\/#organization\"},\"image\":{\"@id\":\"https:\\\/\\\/fuentesfidedignas.com.mx\\\/index.php\\\/2023\\\/06\\\/08\\\/hay-persecucion-politica-y-mediatica-hasta-con-sus-nietos-acusa-cuen-ojeda\\\/#primaryimage\"},\"thumbnailUrl\":\"https:\\\/\\\/fuentesfidedignas.com.mx\\\/wp-content\\\/uploads\\\/2023\\\/06\\\/cuen-ojeda-08-06-23.jpg\",\"articleSection\":[\"NOTA PRINCIPAL\"],\"inLanguage\":\"es\",\"potentialAction\":[{\"@type\":\"CommentAction\",\"name\":\"Comment\",\"target\":[\"https:\\\/\\\/fuentesfidedignas.com.mx\\\/index.php\\\/2023\\\/06\\\/08\\\/hay-persecucion-politica-y-mediatica-hasta-con-sus-nietos-acusa-cuen-ojeda\\\/#respond\"]}]},{\"@type\":\"WebPage\",\"@id\":\"https:\\\/\\\/fuentesfidedignas.com.mx\\\/index.php\\\/2023\\\/06\\\/08\\\/hay-persecucion-politica-y-mediatica-hasta-con-sus-nietos-acusa-cuen-ojeda\\\/\",\"url\":\"https:\\\/\\\/fuentesfidedignas.com.mx\\\/index.php\\\/2023\\\/06\\\/08\\\/hay-persecucion-politica-y-mediatica-hasta-con-sus-nietos-acusa-cuen-ojeda\\\/\",\"name\":\"Hay persecuci\u00f3n pol\u00edtica y medi\u00e1tica hasta con sus nietos, acusa Cu\u00e9n Ojeda - Fuentes Fidedignas\",\"isPartOf\":{\"@id\":\"https:\\\/\\\/fuentesfidedignas.com.mx\\\/#website\"},\"primaryImageOfPage\":{\"@id\":\"https:\\\/\\\/fuentesfidedignas.com.mx\\\/index.php\\\/2023\\\/06\\\/08\\\/hay-persecucion-politica-y-mediatica-hasta-con-sus-nietos-acusa-cuen-ojeda\\\/#primaryimage\"},\"image\":{\"@id\":\"https:\\\/\\\/fuentesfidedignas.com.mx\\\/index.php\\\/2023\\\/06\\\/08\\\/hay-persecucion-politica-y-mediatica-hasta-con-sus-nietos-acusa-cuen-ojeda\\\/#primaryimage\"},\"thumbnailUrl\":\"https:\\\/\\\/fuentesfidedignas.com.mx\\\/wp-content\\\/uploads\\\/2023\\\/06\\\/cuen-ojeda-08-06-23.jpg\",\"datePublished\":\"2023-06-08T19:52:05+00:00\",\"dateModified\":\"2023-06-08T19:52:06+00:00\",\"breadcrumb\":{\"@id\":\"https:\\\/\\\/fuentesfidedignas.com.mx\\\/index.php\\\/2023\\\/06\\\/08\\\/hay-persecucion-politica-y-mediatica-hasta-con-sus-nietos-acusa-cuen-ojeda\\\/#breadcrumb\"},\"inLanguage\":\"es\",\"potentialAction\":[{\"@type\":\"ReadAction\",\"target\":[\"https:\\\/\\\/fuentesfidedignas.com.mx\\\/index.php\\\/2023\\\/06\\\/08\\\/hay-persecucion-politica-y-mediatica-hasta-con-sus-nietos-acusa-cuen-ojeda\\\/\"]}]},{\"@type\":\"ImageObject\",\"inLanguage\":\"es\",\"@id\":\"https:\\\/\\\/fuentesfidedignas.com.mx\\\/index.php\\\/2023\\\/06\\\/08\\\/hay-persecucion-politica-y-mediatica-hasta-con-sus-nietos-acusa-cuen-ojeda\\\/#primaryimage\",\"url\":\"https:\\\/\\\/fuentesfidedignas.com.mx\\\/wp-content\\\/uploads\\\/2023\\\/06\\\/cuen-ojeda-08-06-23.jpg\",\"contentUrl\":\"https:\\\/\\\/fuentesfidedignas.com.mx\\\/wp-content\\\/uploads\\\/2023\\\/06\\\/cuen-ojeda-08-06-23.jpg\",\"width\":600,\"height\":463},{\"@type\":\"BreadcrumbList\",\"@id\":\"https:\\\/\\\/fuentesfidedignas.com.mx\\\/index.php\\\/2023\\\/06\\\/08\\\/hay-persecucion-politica-y-mediatica-hasta-con-sus-nietos-acusa-cuen-ojeda\\\/#breadcrumb\",\"itemListElement\":[{\"@type\":\"ListItem\",\"position\":1,\"name\":\"Inicio\",\"item\":\"https:\\\/\\\/fuentesfidedignas.com.mx\\\/\"},{\"@type\":\"ListItem\",\"position\":2,\"name\":\"Hay persecuci\u00f3n pol\u00edtica y medi\u00e1tica hasta con sus nietos, acusa Cu\u00e9n Ojeda\"}]},{\"@type\":\"WebSite\",\"@id\":\"https:\\\/\\\/fuentesfidedignas.com.mx\\\/#website\",\"url\":\"https:\\\/\\\/fuentesfidedignas.com.mx\\\/\",\"name\":\"Fuentes Fidedignas\",\"description\":\"Otro sitio realizado con WordPress\",\"publisher\":{\"@id\":\"https:\\\/\\\/fuentesfidedignas.com.mx\\\/#organization\"},\"potentialAction\":[{\"@type\":\"SearchAction\",\"target\":{\"@type\":\"EntryPoint\",\"urlTemplate\":\"https:\\\/\\\/fuentesfidedignas.com.mx\\\/?s={search_term_string}\"},\"query-input\":{\"@type\":\"PropertyValueSpecification\",\"valueRequired\":true,\"valueName\":\"search_term_string\"}}],\"inLanguage\":\"es\"},{\"@type\":\"Organization\",\"@id\":\"https:\\\/\\\/fuentesfidedignas.com.mx\\\/#organization\",\"name\":\"Fuentes Fidedignas\",\"url\":\"https:\\\/\\\/fuentesfidedignas.com.mx\\\/\",\"logo\":{\"@type\":\"ImageObject\",\"inLanguage\":\"es\",\"@id\":\"https:\\\/\\\/fuentesfidedignas.com.mx\\\/#\\\/schema\\\/logo\\\/image\\\/\",\"url\":\"https:\\\/\\\/fuentesfidedignas.com.mx\\\/wp-content\\\/uploads\\\/2021\\\/04\\\/logo-retina.png\",\"contentUrl\":\"https:\\\/\\\/fuentesfidedignas.com.mx\\\/wp-content\\\/uploads\\\/2021\\\/04\\\/logo-retina.png\",\"width\":280,\"height\":51,\"caption\":\"Fuentes Fidedignas\"},\"image\":{\"@id\":\"https:\\\/\\\/fuentesfidedignas.com.mx\\\/#\\\/schema\\\/logo\\\/image\\\/\"},\"sameAs\":[\"https:\\\/\\\/www.facebook.com\\\/Fuentes-Fidedignas-368234489921644\",\"https:\\\/\\\/x.com\\\/fidedignas\"]},{\"@type\":\"Person\",\"@id\":\"https:\\\/\\\/fuentesfidedignas.com.mx\\\/#\\\/schema\\\/person\\\/2c10028b4a30078c05a056a215342ab9\",\"name\":\"Marissa Palafox\",\"image\":{\"@type\":\"ImageObject\",\"inLanguage\":\"es\",\"@id\":\"https:\\\/\\\/secure.gravatar.com\\\/avatar\\\/20a43bdb2f2db10f20b22d4e98b96eb027faf98f7f76d29854dc5fab46d1cf71?s=96&d=mm&r=g\",\"url\":\"https:\\\/\\\/secure.gravatar.com\\\/avatar\\\/20a43bdb2f2db10f20b22d4e98b96eb027faf98f7f76d29854dc5fab46d1cf71?s=96&d=mm&r=g\",\"contentUrl\":\"https:\\\/\\\/secure.gravatar.com\\\/avatar\\\/20a43bdb2f2db10f20b22d4e98b96eb027faf98f7f76d29854dc5fab46d1cf71?s=96&d=mm&r=g\",\"caption\":\"Marissa Palafox\"},\"url\":\"https:\\\/\\\/fuentesfidedignas.com.mx\\\/index.php\\\/author\\\/marissa\\\/\"}]}<\/script>\n<!-- \/ Yoast SEO plugin. -->","yoast_head_json":{"title":"Hay persecuci\u00f3n pol\u00edtica y medi\u00e1tica hasta con sus nietos, acusa Cu\u00e9n Ojeda - Fuentes Fidedignas","robots":{"index":"index","follow":"follow","max-snippet":"max-snippet:-1","max-image-preview":"max-image-preview:large","max-video-preview":"max-video-preview:-1"},"canonical":"https:\/\/fuentesfidedignas.com.mx\/index.php\/2023\/06\/08\/hay-persecucion-politica-y-mediatica-hasta-con-sus-nietos-acusa-cuen-ojeda\/","og_locale":"es_MX","og_type":"article","og_title":"Hay persecuci\u00f3n pol\u00edtica y medi\u00e1tica hasta con sus nietos, acusa Cu\u00e9n Ojeda - Fuentes Fidedignas","og_description":"Lament\u00f3 que estos ataques est\u00e9n direccionados desde las autoridades, mismas que han utilizado a los medios de comunicaci\u00f3n para desprestigiarlo Culiac\u00e1n, Sin.- Las acusaciones y se\u00f1alamientos contra su familia han llegado hasta afectar a sus nietos, acus\u00f3 H\u00e9ctor Melesio Cu\u00e9n Ojeda. Quien se dijo preocupado por una evidente persecuci\u00f3n pol\u00edtica y medi\u00e1tica en su contra [&hellip;]","og_url":"https:\/\/fuentesfidedignas.com.mx\/index.php\/2023\/06\/08\/hay-persecucion-politica-y-mediatica-hasta-con-sus-nietos-acusa-cuen-ojeda\/","og_site_name":"Fuentes Fidedignas","article_publisher":"https:\/\/www.facebook.com\/Fuentes-Fidedignas-368234489921644","article_published_time":"2023-06-08T19:52:05+00:00","article_modified_time":"2023-06-08T19:52:06+00:00","og_image":[{"width":600,"height":463,"url":"https:\/\/fuentesfidedignas.com.mx\/wp-content\/uploads\/2023\/06\/cuen-ojeda-08-06-23.jpg","type":"image\/jpeg"}],"author":"Marissa Palafox","twitter_card":"summary_large_image","twitter_creator":"@fidedignas","twitter_site":"@fidedignas","twitter_misc":{"Escrito por":"Marissa Palafox","Tiempo de lectura":"1 minuto"},"schema":{"@context":"https:\/\/schema.org","@graph":[{"@type":"Article","@id":"https:\/\/fuentesfidedignas.com.mx\/index.php\/2023\/06\/08\/hay-persecucion-politica-y-mediatica-hasta-con-sus-nietos-acusa-cuen-ojeda\/#article","isPartOf":{"@id":"https:\/\/fuentesfidedignas.com.mx\/index.php\/2023\/06\/08\/hay-persecucion-politica-y-mediatica-hasta-con-sus-nietos-acusa-cuen-ojeda\/"},"author":{"name":"Marissa Palafox","@id":"https:\/\/fuentesfidedignas.com.mx\/#\/schema\/person\/2c10028b4a30078c05a056a215342ab9"},"headline":"Hay persecuci\u00f3n pol\u00edtica y medi\u00e1tica hasta con sus nietos, acusa Cu\u00e9n Ojeda","datePublished":"2023-06-08T19:52:05+00:00","dateModified":"2023-06-08T19:52:06+00:00","mainEntityOfPage":{"@id":"https:\/\/fuentesfidedignas.com.mx\/index.php\/2023\/06\/08\/hay-persecucion-politica-y-mediatica-hasta-con-sus-nietos-acusa-cuen-ojeda\/"},"wordCount":241,"commentCount":0,"publisher":{"@id":"https:\/\/fuentesfidedignas.com.mx\/#organization"},"image":{"@id":"https:\/\/fuentesfidedignas.com.mx\/index.php\/2023\/06\/08\/hay-persecucion-politica-y-mediatica-hasta-con-sus-nietos-acusa-cuen-ojeda\/#primaryimage"},"thumbnailUrl":"https:\/\/fuentesfidedignas.com.mx\/wp-content\/uploads\/2023\/06\/cuen-ojeda-08-06-23.jpg","articleSection":["NOTA PRINCIPAL"],"inLanguage":"es","potentialAction":[{"@type":"CommentAction","name":"Comment","target":["https:\/\/fuentesfidedignas.com.mx\/index.php\/2023\/06\/08\/hay-persecucion-politica-y-mediatica-hasta-con-sus-nietos-acusa-cuen-ojeda\/#respond"]}]},{"@type":"WebPage","@id":"https:\/\/fuentesfidedignas.com.mx\/index.php\/2023\/06\/08\/hay-persecucion-politica-y-mediatica-hasta-con-sus-nietos-acusa-cuen-ojeda\/","url":"https:\/\/fuentesfidedignas.com.mx\/index.php\/2023\/06\/08\/hay-persecucion-politica-y-mediatica-hasta-con-sus-nietos-acusa-cuen-ojeda\/","name":"Hay persecuci\u00f3n pol\u00edtica y medi\u00e1tica hasta con sus nietos, acusa Cu\u00e9n Ojeda - Fuentes Fidedignas","isPartOf":{"@id":"https:\/\/fuentesfidedignas.com.mx\/#website"},"primaryImageOfPage":{"@id":"https:\/\/fuentesfidedignas.com.mx\/index.php\/2023\/06\/08\/hay-persecucion-politica-y-mediatica-hasta-con-sus-nietos-acusa-cuen-ojeda\/#primaryimage"},"image":{"@id":"https:\/\/fuentesfidedignas.com.mx\/index.php\/2023\/06\/08\/hay-persecucion-politica-y-mediatica-hasta-con-sus-nietos-acusa-cuen-ojeda\/#primaryimage"},"thumbnailUrl":"https:\/\/fuentesfidedignas.com.mx\/wp-content\/uploads\/2023\/06\/cuen-ojeda-08-06-23.jpg","datePublished":"2023-06-08T19:52:05+00:00","dateModified":"2023-06-08T19:52:06+00:00","breadcrumb":{"@id":"https:\/\/fuentesfidedignas.com.mx\/index.php\/2023\/06\/08\/hay-persecucion-politica-y-mediatica-hasta-con-sus-nietos-acusa-cuen-ojeda\/#breadcrumb"},"inLanguage":"es","potentialAction":[{"@type":"ReadAction","target":["https:\/\/fuentesfidedignas.com.mx\/index.php\/2023\/06\/08\/hay-persecucion-politica-y-mediatica-hasta-con-sus-nietos-acusa-cuen-ojeda\/"]}]},{"@type":"ImageObject","inLanguage":"es","@id":"https:\/\/fuentesfidedignas.com.mx\/index.php\/2023\/06\/08\/hay-persecucion-politica-y-mediatica-hasta-con-sus-nietos-acusa-cuen-ojeda\/#primaryimage","url":"https:\/\/fuentesfidedignas.com.mx\/wp-content\/uploads\/2023\/06\/cuen-ojeda-08-06-23.jpg","contentUrl":"https:\/\/fuentesfidedignas.com.mx\/wp-content\/uploads\/2023\/06\/cuen-ojeda-08-06-23.jpg","width":600,"height":463},{"@type":"BreadcrumbList","@id":"https:\/\/fuentesfidedignas.com.mx\/index.php\/2023\/06\/08\/hay-persecucion-politica-y-mediatica-hasta-con-sus-nietos-acusa-cuen-ojeda\/#breadcrumb","itemListElement":[{"@type":"ListItem","position":1,"name":"Inicio","item":"https:\/\/fuentesfidedignas.com.mx\/"},{"@type":"ListItem","position":2,"name":"Hay persecuci\u00f3n pol\u00edtica y medi\u00e1tica hasta con sus nietos, acusa Cu\u00e9n Ojeda"}]},{"@type":"WebSite","@id":"https:\/\/fuentesfidedignas.com.mx\/#website","url":"https:\/\/fuentesfidedignas.com.mx\/","name":"Fuentes Fidedignas","description":"Otro sitio realizado con WordPress","publisher":{"@id":"https:\/\/fuentesfidedignas.com.mx\/#organization"},"potentialAction":[{"@type":"SearchAction","target":{"@type":"EntryPoint","urlTemplate":"https:\/\/fuentesfidedignas.com.mx\/?s={search_term_string}"},"query-input":{"@type":"PropertyValueSpecification","valueRequired":true,"valueName":"search_term_string"}}],"inLanguage":"es"},{"@type":"Organization","@id":"https:\/\/fuentesfidedignas.com.mx\/#organization","name":"Fuentes Fidedignas","url":"https:\/\/fuentesfidedignas.com.mx\/","logo":{"@type":"ImageObject","inLanguage":"es","@id":"https:\/\/fuentesfidedignas.com.mx\/#\/schema\/logo\/image\/","url":"https:\/\/fuentesfidedignas.com.mx\/wp-content\/uploads\/2021\/04\/logo-retina.png","contentUrl":"https:\/\/fuentesfidedignas.com.mx\/wp-content\/uploads\/2021\/04\/logo-retina.png","width":280,"height":51,"caption":"Fuentes Fidedignas"},"image":{"@id":"https:\/\/fuentesfidedignas.com.mx\/#\/schema\/logo\/image\/"},"sameAs":["https:\/\/www.facebook.com\/Fuentes-Fidedignas-368234489921644","https:\/\/x.com\/fidedignas"]},{"@type":"Person","@id":"https:\/\/fuentesfidedignas.com.mx\/#\/schema\/person\/2c10028b4a30078c05a056a215342ab9","name":"Marissa Palafox","image":{"@type":"ImageObject","inLanguage":"es","@id":"https:\/\/secure.gravatar.com\/avatar\/20a43bdb2f2db10f20b22d4e98b96eb027faf98f7f76d29854dc5fab46d1cf71?s=96&d=mm&r=g","url":"https:\/\/secure.gravatar.com\/avatar\/20a43bdb2f2db10f20b22d4e98b96eb027faf98f7f76d29854dc5fab46d1cf71?s=96&d=mm&r=g","contentUrl":"https:\/\/secure.gravatar.com\/avatar\/20a43bdb2f2db10f20b22d4e98b96eb027faf98f7f76d29854dc5fab46d1cf71?s=96&d=mm&r=g","caption":"Marissa Palafox"},"url":"https:\/\/fuentesfidedignas.com.mx\/index.php\/author\/marissa\/"}]}},"_links":{"self":[{"href":"https:\/\/fuentesfidedignas.com.mx\/index.php\/wp-json\/wp\/v2\/posts\/49425","targetHints":{"allow":["GET"]}}],"collection":[{"href":"https:\/\/fuentesfidedignas.com.mx\/index.php\/wp-json\/wp\/v2\/posts"}],"about":[{"href":"https:\/\/fuentesfidedignas.com.mx\/index.php\/wp-json\/wp\/v2\/types\/post"}],"author":[{"embeddable":true,"href":"https:\/\/fuentesfidedignas.com.mx\/index.php\/wp-json\/wp\/v2\/users\/11"}],"replies":[{"embeddable":true,"href":"https:\/\/fuentesfidedignas.com.mx\/index.php\/wp-json\/wp\/v2\/comments?post=49425"}],"version-history":[{"count":1,"href":"https:\/\/fuentesfidedignas.com.mx\/index.php\/wp-json\/wp\/v2\/posts\/49425\/revisions"}],"predecessor-version":[{"id":49427,"href":"https:\/\/fuentesfidedignas.com.mx\/index.php\/wp-json\/wp\/v2\/posts\/49425\/revisions\/49427"}],"wp:featuredmedia":[{"embeddable":true,"href":"https:\/\/fuentesfidedignas.com.mx\/index.php\/wp-json\/wp\/v2\/media\/49426"}],"wp:attachment":[{"href":"https:\/\/fuentesfidedignas.com.mx\/index.php\/wp-json\/wp\/v2\/media?parent=49425"}],"wp:term":[{"taxonomy":"category","embeddable":true,"href":"https:\/\/fuentesfidedignas.com.mx\/index.php\/wp-json\/wp\/v2\/categories?post=49425"},{"taxonomy":"post_tag","embeddable":true,"href":"https:\/\/fuentesfidedignas.com.mx\/index.php\/wp-json\/wp\/v2\/tags?post=49425"}],"curies":[{"name":"wp","href":"https:\/\/api.w.org\/{rel}","templated":true}]}}