{"id":48863,"date":"2023-06-02T11:35:00","date_gmt":"2023-06-02T18:35:00","guid":{"rendered":"https:\/\/fuentesfidedignas.com.mx\/?p=48863"},"modified":"2023-06-02T14:39:12","modified_gmt":"2023-06-02T21:39:12","slug":"recibe-congreso-de-sinaloa-declaratoria-del-12-parlamento-de-las-ninas-y-los-ninos-de-mexico","status":"publish","type":"post","link":"https:\/\/fuentesfidedignas.com.mx\/index.php\/2023\/06\/02\/recibe-congreso-de-sinaloa-declaratoria-del-12-parlamento-de-las-ninas-y-los-ninos-de-mexico\/","title":{"rendered":"Recibe Congreso de Sinaloa Declaratoria del 12 Parlamento de las Ni\u00f1as y los Ni\u00f1os de M\u00e9xico"},"content":{"rendered":"\n<p><\/p>\n\n\n\n<p>Culiac\u00e1n, Sin.- El Congreso del Estado recibi\u00f3 la Declaratoria del Doceavo Parlamento de las Ni\u00f1as y los Ni\u00f1os de M\u00e9xico a los Congresos Locales, en acto formal en que participaron las Diputadas y Diputados Federales Infantiles, as\u00ed como representantes del Instituto Nacional Electoral.<\/p>\n\n\n\n<p>La Declaratoria, que contiene un resumen de las propuestas surgidas del 12 Parlamento de las Ni\u00f1as y los Ni\u00f1os de M\u00e9xico, fue recibida por el diputado Jes\u00fas Alfonso Ibarra Ramos, quien particip\u00f3 con la representaci\u00f3n del presidente de la Junta de Coordinaci\u00f3n Pol\u00edtica, el diputado Feliciano Castro Mel\u00e9ndrez.<\/p>\n\n\n\n<figure class=\"wp-block-image size-full\"><img decoding=\"async\" width=\"600\" height=\"401\" src=\"https:\/\/fuentesfidedignas.com.mx\/wp-content\/uploads\/2023\/06\/Congre-02-06-2.jpg\" alt=\"\" class=\"wp-image-48864\" srcset=\"https:\/\/fuentesfidedignas.com.mx\/wp-content\/uploads\/2023\/06\/Congre-02-06-2.jpg 600w, https:\/\/fuentesfidedignas.com.mx\/wp-content\/uploads\/2023\/06\/Congre-02-06-2-300x201.jpg 300w\" sizes=\"(max-width: 600px) 100vw, 600px\" \/><\/figure>\n\n\n\n<p>Las Diputadas y Diputados Federales Infantiles de Sinaloa que integran este Parlamento son Miranda Torres Rodr\u00edguez, Mar\u00eda Teresa Leyva Gast\u00e9lum, Paloma Betzabel Monreal Leyva, Santiago Eduardo Irizabel P\u00e9rez, \u00c9dgar Fernando Rodr\u00edguez Arredondo, Gilali Sandoval Astorga, e Isabella Nev\u00e1rez Flores.<\/p>\n\n\n\n<p>Las palabras de bienvenida las ofreci\u00f3 la diputada Concepci\u00f3n Zazueta Castro, en representaci\u00f3n de la Mesa Directiva del Congreso del Estado, que preside el diputado Ricardo Madrid P\u00e9rez.<\/p>\n\n\n\n<p>En su mensaje, el diputado Jes\u00fas Alfonso Ibarra invit\u00f3 a las ni\u00f1as y ni\u00f1os a trabajar por y para la comunidad.<\/p>\n\n\n\n<p>\u201cEste pa\u00eds ya no est\u00e1 para seguirle restando y dividiendo; s\u00f3lo hay que sumar y multiplicar porque es lo \u00fanico que deja\u201d, les asegur\u00f3.<\/p>\n\n\n\n<figure class=\"wp-block-image size-full\"><img decoding=\"async\" width=\"600\" height=\"399\" src=\"https:\/\/fuentesfidedignas.com.mx\/wp-content\/uploads\/2023\/06\/congre-02-06-1.jpg\" alt=\"\" class=\"wp-image-48865\" srcset=\"https:\/\/fuentesfidedignas.com.mx\/wp-content\/uploads\/2023\/06\/congre-02-06-1.jpg 600w, https:\/\/fuentesfidedignas.com.mx\/wp-content\/uploads\/2023\/06\/congre-02-06-1-300x200.jpg 300w\" sizes=\"(max-width: 600px) 100vw, 600px\" \/><\/figure>\n\n\n\n<p>Asimismo, les invit\u00f3 a tener perseverancia en sus estudios y en sus metas, para que puedan aprovechar el talento que tienen y que les llev\u00f3 a ser Diputadas y Diputados Federales Infantiles.<\/p>\n\n\n\n<p>La diputada Concepci\u00f3n Zazueta Castro tambi\u00e9n les reconoci\u00f3 el talento que tienen, y asegur\u00f3 que gracias a ello podr\u00e1n llegar a grandes lugares, e incluso les dese\u00f3 que sean diputados locales en Sinaloa y se les pueda ver participando en la vida democr\u00e1tica del pa\u00eds.<\/p>\n\n\n\n<p>Les inform\u00f3 que en Sinaloa tambi\u00e9n se tiene un Parlamento Infantil, del cual asegur\u00f3 que es una gran oportunidad para dialogar con ni\u00f1as y ni\u00f1os de todo el estado.<br>De parte del INE particip\u00f3 el vocal ejecutivo de la Junta Local Ejecutiva, Jorge Luis Ruelas Miranda, quien fue quien entreg\u00f3 la Declaratoria, quien explic\u00f3 que el objetivo del Parlamento de las Ni\u00f1as y los Ni\u00f1os de M\u00e9xico es que la ni\u00f1ez ejerza su derecho a la participaci\u00f3n y con ello fortalezca la cultura democr\u00e1tica del pa\u00eds.<br>Precis\u00f3 que este Parlamento se integra por 300 ni\u00f1as y ni\u00f1os de quinto a\u00f1o de escuelas primarias, tanto p\u00fablicas como privadas, y rurales y urbanas, de todo el pa\u00eds, de los cuales siete son de Sinaloa.<br>En sus intervenciones, las Diputadas y Diputados Federales Infantiles se pronunciaron por impulsar una educaci\u00f3n con perspectiva de g\u00e9nero para evitar la discriminaci\u00f3n y que haya equidad con los ni\u00f1os.<br>De igual manera se pronunciaron por acabar con el problema de contaminaci\u00f3n, cuidar arroyos, r\u00edos y mares, y realizar acciones que permitan detener el cambio clim\u00e1tico.<br>Tambi\u00e9n propusieron que en los planteles escolares haya sic\u00f3logos para que atiendan la salud mental de alumnas y alumnos, entre otras propuestas.<br>Al acto de entrega de la Declaratoria tambi\u00e9n participaron las diputadas Cinthia Valenzuela Langarica, coordinadora del Grupo Parlamentario del PRI, y Giovanna Morachis Paperini, del PAN, quienes estuvieron en el pres\u00eddium.<br>De igual manera asistieron las diputadas Nela Rosiely S\u00e1nchez S\u00e1nchez y Gloria Himelda F\u00e9lix Niebla.<br>Con la representaci\u00f3n de la Secretaria de Educaci\u00f3n P\u00fablica y Cultura, Graciela Dom\u00ednguez Nava, acudi\u00f3 la Subsecretaria de Educaci\u00f3n B\u00e1sica, Ana Alicia Cervantes Contreras.<\/p>\n","protected":false},"excerpt":{"rendered":"<p>Culiac\u00e1n, Sin.- El Congreso del Estado recibi\u00f3 la Declaratoria del Doceavo Parlamento de las Ni\u00f1as y los Ni\u00f1os de M\u00e9xico a los Congresos Locales, en acto formal en que participaron las Diputadas y Diputados Federales Infantiles, as\u00ed como representantes del Instituto Nacional Electoral. La Declaratoria, que contiene un resumen de las propuestas surgidas del 12 [&hellip;]<\/p>\n","protected":false},"author":11,"featured_media":48866,"comment_status":"open","ping_status":"open","sticky":false,"template":"","format":"standard","meta":{"tdm_status":"","tdm_grid_status":"","footnotes":""},"categories":[38],"tags":[],"class_list":{"0":"post-48863","1":"post","2":"type-post","3":"status-publish","4":"format-standard","5":"has-post-thumbnail","7":"category-noticias-locales"},"yoast_head":"<!-- This site is optimized with the Yoast SEO plugin v27.5 - https:\/\/yoast.com\/product\/yoast-seo-wordpress\/ -->\n<title>Recibe Congreso de Sinaloa Declaratoria del 12 Parlamento de las Ni\u00f1as y los Ni\u00f1os de M\u00e9xico - Fuentes Fidedignas<\/title>\n<meta name=\"robots\" content=\"index, follow, max-snippet:-1, max-image-preview:large, max-video-preview:-1\" \/>\n<link rel=\"canonical\" href=\"https:\/\/fuentesfidedignas.com.mx\/index.php\/2023\/06\/02\/recibe-congreso-de-sinaloa-declaratoria-del-12-parlamento-de-las-ninas-y-los-ninos-de-mexico\/\" \/>\n<meta property=\"og:locale\" content=\"es_MX\" \/>\n<meta property=\"og:type\" content=\"article\" \/>\n<meta property=\"og:title\" content=\"Recibe Congreso de Sinaloa Declaratoria del 12 Parlamento de las Ni\u00f1as y los Ni\u00f1os de M\u00e9xico - Fuentes Fidedignas\" \/>\n<meta property=\"og:description\" content=\"Culiac\u00e1n, Sin.- El Congreso del Estado recibi\u00f3 la Declaratoria del Doceavo Parlamento de las Ni\u00f1as y los Ni\u00f1os de M\u00e9xico a los Congresos Locales, en acto formal en que participaron las Diputadas y Diputados Federales Infantiles, as\u00ed como representantes del Instituto Nacional Electoral. La Declaratoria, que contiene un resumen de las propuestas surgidas del 12 [&hellip;]\" \/>\n<meta property=\"og:url\" content=\"https:\/\/fuentesfidedignas.com.mx\/index.php\/2023\/06\/02\/recibe-congreso-de-sinaloa-declaratoria-del-12-parlamento-de-las-ninas-y-los-ninos-de-mexico\/\" \/>\n<meta property=\"og:site_name\" content=\"Fuentes Fidedignas\" \/>\n<meta property=\"article:publisher\" content=\"https:\/\/www.facebook.com\/Fuentes-Fidedignas-368234489921644\" \/>\n<meta property=\"article:published_time\" content=\"2023-06-02T18:35:00+00:00\" \/>\n<meta property=\"article:modified_time\" content=\"2023-06-02T21:39:12+00:00\" \/>\n<meta property=\"og:image\" content=\"https:\/\/fuentesfidedignas.com.mx\/wp-content\/uploads\/2023\/06\/congre-02-06.jpg\" \/>\n\t<meta property=\"og:image:width\" content=\"600\" \/>\n\t<meta property=\"og:image:height\" content=\"400\" \/>\n\t<meta property=\"og:image:type\" content=\"image\/jpeg\" \/>\n<meta name=\"author\" content=\"Marissa Palafox\" \/>\n<meta name=\"twitter:card\" content=\"summary_large_image\" \/>\n<meta name=\"twitter:creator\" content=\"@fidedignas\" \/>\n<meta name=\"twitter:site\" content=\"@fidedignas\" \/>\n<meta name=\"twitter:label1\" content=\"Escrito por\" \/>\n\t<meta name=\"twitter:data1\" content=\"Marissa Palafox\" \/>\n\t<meta name=\"twitter:label2\" content=\"Tiempo de lectura\" \/>\n\t<meta name=\"twitter:data2\" content=\"3 minutos\" \/>\n<script type=\"application\/ld+json\" class=\"yoast-schema-graph\">{\"@context\":\"https:\\\/\\\/schema.org\",\"@graph\":[{\"@type\":\"Article\",\"@id\":\"https:\\\/\\\/fuentesfidedignas.com.mx\\\/index.php\\\/2023\\\/06\\\/02\\\/recibe-congreso-de-sinaloa-declaratoria-del-12-parlamento-de-las-ninas-y-los-ninos-de-mexico\\\/#article\",\"isPartOf\":{\"@id\":\"https:\\\/\\\/fuentesfidedignas.com.mx\\\/index.php\\\/2023\\\/06\\\/02\\\/recibe-congreso-de-sinaloa-declaratoria-del-12-parlamento-de-las-ninas-y-los-ninos-de-mexico\\\/\"},\"author\":{\"name\":\"Marissa Palafox\",\"@id\":\"https:\\\/\\\/fuentesfidedignas.com.mx\\\/#\\\/schema\\\/person\\\/2c10028b4a30078c05a056a215342ab9\"},\"headline\":\"Recibe Congreso de Sinaloa Declaratoria del 12 Parlamento de las Ni\u00f1as y los Ni\u00f1os de M\u00e9xico\",\"datePublished\":\"2023-06-02T18:35:00+00:00\",\"dateModified\":\"2023-06-02T21:39:12+00:00\",\"mainEntityOfPage\":{\"@id\":\"https:\\\/\\\/fuentesfidedignas.com.mx\\\/index.php\\\/2023\\\/06\\\/02\\\/recibe-congreso-de-sinaloa-declaratoria-del-12-parlamento-de-las-ninas-y-los-ninos-de-mexico\\\/\"},\"wordCount\":633,\"commentCount\":0,\"publisher\":{\"@id\":\"https:\\\/\\\/fuentesfidedignas.com.mx\\\/#organization\"},\"image\":{\"@id\":\"https:\\\/\\\/fuentesfidedignas.com.mx\\\/index.php\\\/2023\\\/06\\\/02\\\/recibe-congreso-de-sinaloa-declaratoria-del-12-parlamento-de-las-ninas-y-los-ninos-de-mexico\\\/#primaryimage\"},\"thumbnailUrl\":\"https:\\\/\\\/fuentesfidedignas.com.mx\\\/wp-content\\\/uploads\\\/2023\\\/06\\\/congre-02-06.jpg\",\"articleSection\":[\"NOTICIAS LOCALES\"],\"inLanguage\":\"es\",\"potentialAction\":[{\"@type\":\"CommentAction\",\"name\":\"Comment\",\"target\":[\"https:\\\/\\\/fuentesfidedignas.com.mx\\\/index.php\\\/2023\\\/06\\\/02\\\/recibe-congreso-de-sinaloa-declaratoria-del-12-parlamento-de-las-ninas-y-los-ninos-de-mexico\\\/#respond\"]}]},{\"@type\":\"WebPage\",\"@id\":\"https:\\\/\\\/fuentesfidedignas.com.mx\\\/index.php\\\/2023\\\/06\\\/02\\\/recibe-congreso-de-sinaloa-declaratoria-del-12-parlamento-de-las-ninas-y-los-ninos-de-mexico\\\/\",\"url\":\"https:\\\/\\\/fuentesfidedignas.com.mx\\\/index.php\\\/2023\\\/06\\\/02\\\/recibe-congreso-de-sinaloa-declaratoria-del-12-parlamento-de-las-ninas-y-los-ninos-de-mexico\\\/\",\"name\":\"Recibe Congreso de Sinaloa Declaratoria del 12 Parlamento de las Ni\u00f1as y los Ni\u00f1os de M\u00e9xico - Fuentes Fidedignas\",\"isPartOf\":{\"@id\":\"https:\\\/\\\/fuentesfidedignas.com.mx\\\/#website\"},\"primaryImageOfPage\":{\"@id\":\"https:\\\/\\\/fuentesfidedignas.com.mx\\\/index.php\\\/2023\\\/06\\\/02\\\/recibe-congreso-de-sinaloa-declaratoria-del-12-parlamento-de-las-ninas-y-los-ninos-de-mexico\\\/#primaryimage\"},\"image\":{\"@id\":\"https:\\\/\\\/fuentesfidedignas.com.mx\\\/index.php\\\/2023\\\/06\\\/02\\\/recibe-congreso-de-sinaloa-declaratoria-del-12-parlamento-de-las-ninas-y-los-ninos-de-mexico\\\/#primaryimage\"},\"thumbnailUrl\":\"https:\\\/\\\/fuentesfidedignas.com.mx\\\/wp-content\\\/uploads\\\/2023\\\/06\\\/congre-02-06.jpg\",\"datePublished\":\"2023-06-02T18:35:00+00:00\",\"dateModified\":\"2023-06-02T21:39:12+00:00\",\"breadcrumb\":{\"@id\":\"https:\\\/\\\/fuentesfidedignas.com.mx\\\/index.php\\\/2023\\\/06\\\/02\\\/recibe-congreso-de-sinaloa-declaratoria-del-12-parlamento-de-las-ninas-y-los-ninos-de-mexico\\\/#breadcrumb\"},\"inLanguage\":\"es\",\"potentialAction\":[{\"@type\":\"ReadAction\",\"target\":[\"https:\\\/\\\/fuentesfidedignas.com.mx\\\/index.php\\\/2023\\\/06\\\/02\\\/recibe-congreso-de-sinaloa-declaratoria-del-12-parlamento-de-las-ninas-y-los-ninos-de-mexico\\\/\"]}]},{\"@type\":\"ImageObject\",\"inLanguage\":\"es\",\"@id\":\"https:\\\/\\\/fuentesfidedignas.com.mx\\\/index.php\\\/2023\\\/06\\\/02\\\/recibe-congreso-de-sinaloa-declaratoria-del-12-parlamento-de-las-ninas-y-los-ninos-de-mexico\\\/#primaryimage\",\"url\":\"https:\\\/\\\/fuentesfidedignas.com.mx\\\/wp-content\\\/uploads\\\/2023\\\/06\\\/congre-02-06.jpg\",\"contentUrl\":\"https:\\\/\\\/fuentesfidedignas.com.mx\\\/wp-content\\\/uploads\\\/2023\\\/06\\\/congre-02-06.jpg\",\"width\":600,\"height\":400},{\"@type\":\"BreadcrumbList\",\"@id\":\"https:\\\/\\\/fuentesfidedignas.com.mx\\\/index.php\\\/2023\\\/06\\\/02\\\/recibe-congreso-de-sinaloa-declaratoria-del-12-parlamento-de-las-ninas-y-los-ninos-de-mexico\\\/#breadcrumb\",\"itemListElement\":[{\"@type\":\"ListItem\",\"position\":1,\"name\":\"Inicio\",\"item\":\"https:\\\/\\\/fuentesfidedignas.com.mx\\\/\"},{\"@type\":\"ListItem\",\"position\":2,\"name\":\"Recibe Congreso de Sinaloa Declaratoria del 12 Parlamento de las Ni\u00f1as y los Ni\u00f1os de M\u00e9xico\"}]},{\"@type\":\"WebSite\",\"@id\":\"https:\\\/\\\/fuentesfidedignas.com.mx\\\/#website\",\"url\":\"https:\\\/\\\/fuentesfidedignas.com.mx\\\/\",\"name\":\"Fuentes Fidedignas\",\"description\":\"Otro sitio realizado con WordPress\",\"publisher\":{\"@id\":\"https:\\\/\\\/fuentesfidedignas.com.mx\\\/#organization\"},\"potentialAction\":[{\"@type\":\"SearchAction\",\"target\":{\"@type\":\"EntryPoint\",\"urlTemplate\":\"https:\\\/\\\/fuentesfidedignas.com.mx\\\/?s={search_term_string}\"},\"query-input\":{\"@type\":\"PropertyValueSpecification\",\"valueRequired\":true,\"valueName\":\"search_term_string\"}}],\"inLanguage\":\"es\"},{\"@type\":\"Organization\",\"@id\":\"https:\\\/\\\/fuentesfidedignas.com.mx\\\/#organization\",\"name\":\"Fuentes Fidedignas\",\"url\":\"https:\\\/\\\/fuentesfidedignas.com.mx\\\/\",\"logo\":{\"@type\":\"ImageObject\",\"inLanguage\":\"es\",\"@id\":\"https:\\\/\\\/fuentesfidedignas.com.mx\\\/#\\\/schema\\\/logo\\\/image\\\/\",\"url\":\"https:\\\/\\\/fuentesfidedignas.com.mx\\\/wp-content\\\/uploads\\\/2021\\\/04\\\/logo-retina.png\",\"contentUrl\":\"https:\\\/\\\/fuentesfidedignas.com.mx\\\/wp-content\\\/uploads\\\/2021\\\/04\\\/logo-retina.png\",\"width\":280,\"height\":51,\"caption\":\"Fuentes Fidedignas\"},\"image\":{\"@id\":\"https:\\\/\\\/fuentesfidedignas.com.mx\\\/#\\\/schema\\\/logo\\\/image\\\/\"},\"sameAs\":[\"https:\\\/\\\/www.facebook.com\\\/Fuentes-Fidedignas-368234489921644\",\"https:\\\/\\\/x.com\\\/fidedignas\"]},{\"@type\":\"Person\",\"@id\":\"https:\\\/\\\/fuentesfidedignas.com.mx\\\/#\\\/schema\\\/person\\\/2c10028b4a30078c05a056a215342ab9\",\"name\":\"Marissa Palafox\",\"image\":{\"@type\":\"ImageObject\",\"inLanguage\":\"es\",\"@id\":\"https:\\\/\\\/secure.gravatar.com\\\/avatar\\\/20a43bdb2f2db10f20b22d4e98b96eb027faf98f7f76d29854dc5fab46d1cf71?s=96&d=mm&r=g\",\"url\":\"https:\\\/\\\/secure.gravatar.com\\\/avatar\\\/20a43bdb2f2db10f20b22d4e98b96eb027faf98f7f76d29854dc5fab46d1cf71?s=96&d=mm&r=g\",\"contentUrl\":\"https:\\\/\\\/secure.gravatar.com\\\/avatar\\\/20a43bdb2f2db10f20b22d4e98b96eb027faf98f7f76d29854dc5fab46d1cf71?s=96&d=mm&r=g\",\"caption\":\"Marissa Palafox\"},\"url\":\"https:\\\/\\\/fuentesfidedignas.com.mx\\\/index.php\\\/author\\\/marissa\\\/\"}]}<\/script>\n<!-- \/ Yoast SEO plugin. -->","yoast_head_json":{"title":"Recibe Congreso de Sinaloa Declaratoria del 12 Parlamento de las Ni\u00f1as y los Ni\u00f1os de M\u00e9xico - Fuentes Fidedignas","robots":{"index":"index","follow":"follow","max-snippet":"max-snippet:-1","max-image-preview":"max-image-preview:large","max-video-preview":"max-video-preview:-1"},"canonical":"https:\/\/fuentesfidedignas.com.mx\/index.php\/2023\/06\/02\/recibe-congreso-de-sinaloa-declaratoria-del-12-parlamento-de-las-ninas-y-los-ninos-de-mexico\/","og_locale":"es_MX","og_type":"article","og_title":"Recibe Congreso de Sinaloa Declaratoria del 12 Parlamento de las Ni\u00f1as y los Ni\u00f1os de M\u00e9xico - Fuentes Fidedignas","og_description":"Culiac\u00e1n, Sin.- El Congreso del Estado recibi\u00f3 la Declaratoria del Doceavo Parlamento de las Ni\u00f1as y los Ni\u00f1os de M\u00e9xico a los Congresos Locales, en acto formal en que participaron las Diputadas y Diputados Federales Infantiles, as\u00ed como representantes del Instituto Nacional Electoral. La Declaratoria, que contiene un resumen de las propuestas surgidas del 12 [&hellip;]","og_url":"https:\/\/fuentesfidedignas.com.mx\/index.php\/2023\/06\/02\/recibe-congreso-de-sinaloa-declaratoria-del-12-parlamento-de-las-ninas-y-los-ninos-de-mexico\/","og_site_name":"Fuentes Fidedignas","article_publisher":"https:\/\/www.facebook.com\/Fuentes-Fidedignas-368234489921644","article_published_time":"2023-06-02T18:35:00+00:00","article_modified_time":"2023-06-02T21:39:12+00:00","og_image":[{"width":600,"height":400,"url":"https:\/\/fuentesfidedignas.com.mx\/wp-content\/uploads\/2023\/06\/congre-02-06.jpg","type":"image\/jpeg"}],"author":"Marissa Palafox","twitter_card":"summary_large_image","twitter_creator":"@fidedignas","twitter_site":"@fidedignas","twitter_misc":{"Escrito por":"Marissa Palafox","Tiempo de lectura":"3 minutos"},"schema":{"@context":"https:\/\/schema.org","@graph":[{"@type":"Article","@id":"https:\/\/fuentesfidedignas.com.mx\/index.php\/2023\/06\/02\/recibe-congreso-de-sinaloa-declaratoria-del-12-parlamento-de-las-ninas-y-los-ninos-de-mexico\/#article","isPartOf":{"@id":"https:\/\/fuentesfidedignas.com.mx\/index.php\/2023\/06\/02\/recibe-congreso-de-sinaloa-declaratoria-del-12-parlamento-de-las-ninas-y-los-ninos-de-mexico\/"},"author":{"name":"Marissa Palafox","@id":"https:\/\/fuentesfidedignas.com.mx\/#\/schema\/person\/2c10028b4a30078c05a056a215342ab9"},"headline":"Recibe Congreso de Sinaloa Declaratoria del 12 Parlamento de las Ni\u00f1as y los Ni\u00f1os de M\u00e9xico","datePublished":"2023-06-02T18:35:00+00:00","dateModified":"2023-06-02T21:39:12+00:00","mainEntityOfPage":{"@id":"https:\/\/fuentesfidedignas.com.mx\/index.php\/2023\/06\/02\/recibe-congreso-de-sinaloa-declaratoria-del-12-parlamento-de-las-ninas-y-los-ninos-de-mexico\/"},"wordCount":633,"commentCount":0,"publisher":{"@id":"https:\/\/fuentesfidedignas.com.mx\/#organization"},"image":{"@id":"https:\/\/fuentesfidedignas.com.mx\/index.php\/2023\/06\/02\/recibe-congreso-de-sinaloa-declaratoria-del-12-parlamento-de-las-ninas-y-los-ninos-de-mexico\/#primaryimage"},"thumbnailUrl":"https:\/\/fuentesfidedignas.com.mx\/wp-content\/uploads\/2023\/06\/congre-02-06.jpg","articleSection":["NOTICIAS LOCALES"],"inLanguage":"es","potentialAction":[{"@type":"CommentAction","name":"Comment","target":["https:\/\/fuentesfidedignas.com.mx\/index.php\/2023\/06\/02\/recibe-congreso-de-sinaloa-declaratoria-del-12-parlamento-de-las-ninas-y-los-ninos-de-mexico\/#respond"]}]},{"@type":"WebPage","@id":"https:\/\/fuentesfidedignas.com.mx\/index.php\/2023\/06\/02\/recibe-congreso-de-sinaloa-declaratoria-del-12-parlamento-de-las-ninas-y-los-ninos-de-mexico\/","url":"https:\/\/fuentesfidedignas.com.mx\/index.php\/2023\/06\/02\/recibe-congreso-de-sinaloa-declaratoria-del-12-parlamento-de-las-ninas-y-los-ninos-de-mexico\/","name":"Recibe Congreso de Sinaloa Declaratoria del 12 Parlamento de las Ni\u00f1as y los Ni\u00f1os de M\u00e9xico - Fuentes Fidedignas","isPartOf":{"@id":"https:\/\/fuentesfidedignas.com.mx\/#website"},"primaryImageOfPage":{"@id":"https:\/\/fuentesfidedignas.com.mx\/index.php\/2023\/06\/02\/recibe-congreso-de-sinaloa-declaratoria-del-12-parlamento-de-las-ninas-y-los-ninos-de-mexico\/#primaryimage"},"image":{"@id":"https:\/\/fuentesfidedignas.com.mx\/index.php\/2023\/06\/02\/recibe-congreso-de-sinaloa-declaratoria-del-12-parlamento-de-las-ninas-y-los-ninos-de-mexico\/#primaryimage"},"thumbnailUrl":"https:\/\/fuentesfidedignas.com.mx\/wp-content\/uploads\/2023\/06\/congre-02-06.jpg","datePublished":"2023-06-02T18:35:00+00:00","dateModified":"2023-06-02T21:39:12+00:00","breadcrumb":{"@id":"https:\/\/fuentesfidedignas.com.mx\/index.php\/2023\/06\/02\/recibe-congreso-de-sinaloa-declaratoria-del-12-parlamento-de-las-ninas-y-los-ninos-de-mexico\/#breadcrumb"},"inLanguage":"es","potentialAction":[{"@type":"ReadAction","target":["https:\/\/fuentesfidedignas.com.mx\/index.php\/2023\/06\/02\/recibe-congreso-de-sinaloa-declaratoria-del-12-parlamento-de-las-ninas-y-los-ninos-de-mexico\/"]}]},{"@type":"ImageObject","inLanguage":"es","@id":"https:\/\/fuentesfidedignas.com.mx\/index.php\/2023\/06\/02\/recibe-congreso-de-sinaloa-declaratoria-del-12-parlamento-de-las-ninas-y-los-ninos-de-mexico\/#primaryimage","url":"https:\/\/fuentesfidedignas.com.mx\/wp-content\/uploads\/2023\/06\/congre-02-06.jpg","contentUrl":"https:\/\/fuentesfidedignas.com.mx\/wp-content\/uploads\/2023\/06\/congre-02-06.jpg","width":600,"height":400},{"@type":"BreadcrumbList","@id":"https:\/\/fuentesfidedignas.com.mx\/index.php\/2023\/06\/02\/recibe-congreso-de-sinaloa-declaratoria-del-12-parlamento-de-las-ninas-y-los-ninos-de-mexico\/#breadcrumb","itemListElement":[{"@type":"ListItem","position":1,"name":"Inicio","item":"https:\/\/fuentesfidedignas.com.mx\/"},{"@type":"ListItem","position":2,"name":"Recibe Congreso de Sinaloa Declaratoria del 12 Parlamento de las Ni\u00f1as y los Ni\u00f1os de M\u00e9xico"}]},{"@type":"WebSite","@id":"https:\/\/fuentesfidedignas.com.mx\/#website","url":"https:\/\/fuentesfidedignas.com.mx\/","name":"Fuentes Fidedignas","description":"Otro sitio realizado con WordPress","publisher":{"@id":"https:\/\/fuentesfidedignas.com.mx\/#organization"},"potentialAction":[{"@type":"SearchAction","target":{"@type":"EntryPoint","urlTemplate":"https:\/\/fuentesfidedignas.com.mx\/?s={search_term_string}"},"query-input":{"@type":"PropertyValueSpecification","valueRequired":true,"valueName":"search_term_string"}}],"inLanguage":"es"},{"@type":"Organization","@id":"https:\/\/fuentesfidedignas.com.mx\/#organization","name":"Fuentes Fidedignas","url":"https:\/\/fuentesfidedignas.com.mx\/","logo":{"@type":"ImageObject","inLanguage":"es","@id":"https:\/\/fuentesfidedignas.com.mx\/#\/schema\/logo\/image\/","url":"https:\/\/fuentesfidedignas.com.mx\/wp-content\/uploads\/2021\/04\/logo-retina.png","contentUrl":"https:\/\/fuentesfidedignas.com.mx\/wp-content\/uploads\/2021\/04\/logo-retina.png","width":280,"height":51,"caption":"Fuentes Fidedignas"},"image":{"@id":"https:\/\/fuentesfidedignas.com.mx\/#\/schema\/logo\/image\/"},"sameAs":["https:\/\/www.facebook.com\/Fuentes-Fidedignas-368234489921644","https:\/\/x.com\/fidedignas"]},{"@type":"Person","@id":"https:\/\/fuentesfidedignas.com.mx\/#\/schema\/person\/2c10028b4a30078c05a056a215342ab9","name":"Marissa Palafox","image":{"@type":"ImageObject","inLanguage":"es","@id":"https:\/\/secure.gravatar.com\/avatar\/20a43bdb2f2db10f20b22d4e98b96eb027faf98f7f76d29854dc5fab46d1cf71?s=96&d=mm&r=g","url":"https:\/\/secure.gravatar.com\/avatar\/20a43bdb2f2db10f20b22d4e98b96eb027faf98f7f76d29854dc5fab46d1cf71?s=96&d=mm&r=g","contentUrl":"https:\/\/secure.gravatar.com\/avatar\/20a43bdb2f2db10f20b22d4e98b96eb027faf98f7f76d29854dc5fab46d1cf71?s=96&d=mm&r=g","caption":"Marissa Palafox"},"url":"https:\/\/fuentesfidedignas.com.mx\/index.php\/author\/marissa\/"}]}},"_links":{"self":[{"href":"https:\/\/fuentesfidedignas.com.mx\/index.php\/wp-json\/wp\/v2\/posts\/48863","targetHints":{"allow":["GET"]}}],"collection":[{"href":"https:\/\/fuentesfidedignas.com.mx\/index.php\/wp-json\/wp\/v2\/posts"}],"about":[{"href":"https:\/\/fuentesfidedignas.com.mx\/index.php\/wp-json\/wp\/v2\/types\/post"}],"author":[{"embeddable":true,"href":"https:\/\/fuentesfidedignas.com.mx\/index.php\/wp-json\/wp\/v2\/users\/11"}],"replies":[{"embeddable":true,"href":"https:\/\/fuentesfidedignas.com.mx\/index.php\/wp-json\/wp\/v2\/comments?post=48863"}],"version-history":[{"count":1,"href":"https:\/\/fuentesfidedignas.com.mx\/index.php\/wp-json\/wp\/v2\/posts\/48863\/revisions"}],"predecessor-version":[{"id":48867,"href":"https:\/\/fuentesfidedignas.com.mx\/index.php\/wp-json\/wp\/v2\/posts\/48863\/revisions\/48867"}],"wp:featuredmedia":[{"embeddable":true,"href":"https:\/\/fuentesfidedignas.com.mx\/index.php\/wp-json\/wp\/v2\/media\/48866"}],"wp:attachment":[{"href":"https:\/\/fuentesfidedignas.com.mx\/index.php\/wp-json\/wp\/v2\/media?parent=48863"}],"wp:term":[{"taxonomy":"category","embeddable":true,"href":"https:\/\/fuentesfidedignas.com.mx\/index.php\/wp-json\/wp\/v2\/categories?post=48863"},{"taxonomy":"post_tag","embeddable":true,"href":"https:\/\/fuentesfidedignas.com.mx\/index.php\/wp-json\/wp\/v2\/tags?post=48863"}],"curies":[{"name":"wp","href":"https:\/\/api.w.org\/{rel}","templated":true}]}}