{"id":48852,"date":"2023-06-02T13:07:37","date_gmt":"2023-06-02T20:07:37","guid":{"rendered":"https:\/\/fuentesfidedignas.com.mx\/?p=48852"},"modified":"2023-06-02T15:50:25","modified_gmt":"2023-06-02T22:50:25","slug":"paola-garate-toma-las-riendas-del-pri-en-sinaloa-es-la-nueva-dirigente-estatal","status":"publish","type":"post","link":"https:\/\/fuentesfidedignas.com.mx\/index.php\/2023\/06\/02\/paola-garate-toma-las-riendas-del-pri-en-sinaloa-es-la-nueva-dirigente-estatal\/","title":{"rendered":"Paola G\u00e1rate toma las riendas del PRI en Sinaloa, es la nueva dirigente estatal"},"content":{"rendered":"\n<p><strong><em>Se declar\u00f3 como la \u00fanica f\u00f3rmula que cumpli\u00f3 con todos los requisitos para aspirar a los cargos de presidente estatal y secretario general del partido<\/em><\/strong><\/p>\n\n\n\n<p>Culiac\u00e1n, Sin.- Paola G\u00e1rate rindi\u00f3 protesta este d\u00eda como la nueva presidenta estatal del Partido Revolucionario Institucional (PRI), junto a Bernardino Antelo, quien fungir\u00e1 como secretario general del partido.<\/p>\n\n\n\n<p>Se declar\u00f3 como la \u00fanica f\u00f3rmula que cumpli\u00f3 con todos los requisitos para aspirar a los cargos, por lo que el \u00d3rgano Auxiliar de la Comisi\u00f3n de Procesos Internos del PRI les tom\u00f3 protesta y entreg\u00f3 la constancia que los avala como los nuevos dirigentes del tricolor en el estado.<\/p>\n\n\n\n<iframe loading=\"lazy\" src=\"https:\/\/www.facebook.com\/plugins\/video.php?height=314&#038;href=https%3A%2F%2Fwww.facebook.com%2FCDEPRISINALOA%2Fvideos%2F933168641277035%2F&#038;show_text=false&#038;width=560&#038;t=0\" width=\"560\" height=\"314\" style=\"border:none;overflow:hidden\" scrolling=\"no\" frameborder=\"0\" allowfullscreen=\"true\" allow=\"autoplay; clipboard-write; encrypted-media; picture-in-picture; web-share\" allowFullScreen=\"true\"><\/iframe>\n\n\n\n<p>En su car\u00e1cter como delegado del CEN del PRI en Sinaloa, Ramiro Hern\u00e1ndez Garc\u00eda, fue el encargado de tomarle la protesta la nueva dirigencia para el per\u00edodo estatutario 2023-2027.<\/p>\n\n\n\n<p>En su mensaje Paola G\u00e1rate, dijo que \u201cla unidad la vamos a construir adentro, no hay unanimidades absolutas y en esta pluralidad de comentarios y formas de ser; as\u00ed vamos a trabajar juntos, todas y todos; tenemos un espacio importante, vamos a ir al encuentro desde la base, hasta la gran experiencia de hombres y mujeres con sabidur\u00eda\u201d.<\/p>\n","protected":false},"excerpt":{"rendered":"<p>Se declar\u00f3 como la \u00fanica f\u00f3rmula que cumpli\u00f3 con todos los requisitos para aspirar a los cargos de presidente estatal y secretario general del partido Culiac\u00e1n, Sin.- Paola G\u00e1rate rindi\u00f3 protesta este d\u00eda como la nueva presidenta estatal del Partido Revolucionario Institucional (PRI), junto a Bernardino Antelo, quien fungir\u00e1 como secretario general del partido. Se [&hellip;]<\/p>\n","protected":false},"author":112,"featured_media":48853,"comment_status":"open","ping_status":"open","sticky":false,"template":"","format":"standard","meta":{"tdm_status":"","tdm_grid_status":"","footnotes":""},"categories":[37],"tags":[],"class_list":{"0":"post-48852","1":"post","2":"type-post","3":"status-publish","4":"format-standard","5":"has-post-thumbnail","7":"category-nota-principal"},"yoast_head":"<!-- This site is optimized with the Yoast SEO plugin v27.4 - https:\/\/yoast.com\/product\/yoast-seo-wordpress\/ -->\n<title>Paola G\u00e1rate toma las riendas del PRI en Sinaloa, es la nueva dirigente estatal - Fuentes Fidedignas<\/title>\n<meta name=\"robots\" content=\"index, follow, max-snippet:-1, max-image-preview:large, max-video-preview:-1\" \/>\n<link rel=\"canonical\" href=\"https:\/\/fuentesfidedignas.com.mx\/index.php\/2023\/06\/02\/paola-garate-toma-las-riendas-del-pri-en-sinaloa-es-la-nueva-dirigente-estatal\/\" \/>\n<meta property=\"og:locale\" content=\"es_MX\" \/>\n<meta property=\"og:type\" content=\"article\" \/>\n<meta property=\"og:title\" content=\"Paola G\u00e1rate toma las riendas del PRI en Sinaloa, es la nueva dirigente estatal - Fuentes Fidedignas\" \/>\n<meta property=\"og:description\" content=\"Se declar\u00f3 como la \u00fanica f\u00f3rmula que cumpli\u00f3 con todos los requisitos para aspirar a los cargos de presidente estatal y secretario general del partido Culiac\u00e1n, Sin.- Paola G\u00e1rate rindi\u00f3 protesta este d\u00eda como la nueva presidenta estatal del Partido Revolucionario Institucional (PRI), junto a Bernardino Antelo, quien fungir\u00e1 como secretario general del partido. Se [&hellip;]\" \/>\n<meta property=\"og:url\" content=\"https:\/\/fuentesfidedignas.com.mx\/index.php\/2023\/06\/02\/paola-garate-toma-las-riendas-del-pri-en-sinaloa-es-la-nueva-dirigente-estatal\/\" \/>\n<meta property=\"og:site_name\" content=\"Fuentes Fidedignas\" \/>\n<meta property=\"article:publisher\" content=\"https:\/\/www.facebook.com\/Fuentes-Fidedignas-368234489921644\" \/>\n<meta property=\"article:published_time\" content=\"2023-06-02T20:07:37+00:00\" \/>\n<meta property=\"article:modified_time\" content=\"2023-06-02T22:50:25+00:00\" \/>\n<meta property=\"og:image\" content=\"https:\/\/fuentesfidedignas.com.mx\/wp-content\/uploads\/2023\/06\/garate.jpg\" \/>\n\t<meta property=\"og:image:width\" content=\"600\" \/>\n\t<meta property=\"og:image:height\" content=\"450\" \/>\n\t<meta property=\"og:image:type\" content=\"image\/jpeg\" \/>\n<meta name=\"author\" content=\"Leonardo Gutierrez\" \/>\n<meta name=\"twitter:card\" content=\"summary_large_image\" \/>\n<meta name=\"twitter:creator\" content=\"@fidedignas\" \/>\n<meta name=\"twitter:site\" content=\"@fidedignas\" \/>\n<meta name=\"twitter:label1\" content=\"Escrito por\" \/>\n\t<meta name=\"twitter:data1\" content=\"Leonardo Gutierrez\" \/>\n\t<meta name=\"twitter:label2\" content=\"Tiempo de lectura\" \/>\n\t<meta name=\"twitter:data2\" content=\"1 minuto\" \/>\n<script type=\"application\/ld+json\" class=\"yoast-schema-graph\">{\"@context\":\"https:\\\/\\\/schema.org\",\"@graph\":[{\"@type\":\"Article\",\"@id\":\"https:\\\/\\\/fuentesfidedignas.com.mx\\\/index.php\\\/2023\\\/06\\\/02\\\/paola-garate-toma-las-riendas-del-pri-en-sinaloa-es-la-nueva-dirigente-estatal\\\/#article\",\"isPartOf\":{\"@id\":\"https:\\\/\\\/fuentesfidedignas.com.mx\\\/index.php\\\/2023\\\/06\\\/02\\\/paola-garate-toma-las-riendas-del-pri-en-sinaloa-es-la-nueva-dirigente-estatal\\\/\"},\"author\":{\"name\":\"Leonardo Gutierrez\",\"@id\":\"https:\\\/\\\/fuentesfidedignas.com.mx\\\/#\\\/schema\\\/person\\\/c77df25c00baae1d4fdc0340db6f364c\"},\"headline\":\"Paola G\u00e1rate toma las riendas del PRI en Sinaloa, es la nueva dirigente estatal\",\"datePublished\":\"2023-06-02T20:07:37+00:00\",\"dateModified\":\"2023-06-02T22:50:25+00:00\",\"mainEntityOfPage\":{\"@id\":\"https:\\\/\\\/fuentesfidedignas.com.mx\\\/index.php\\\/2023\\\/06\\\/02\\\/paola-garate-toma-las-riendas-del-pri-en-sinaloa-es-la-nueva-dirigente-estatal\\\/\"},\"wordCount\":219,\"commentCount\":0,\"publisher\":{\"@id\":\"https:\\\/\\\/fuentesfidedignas.com.mx\\\/#organization\"},\"image\":{\"@id\":\"https:\\\/\\\/fuentesfidedignas.com.mx\\\/index.php\\\/2023\\\/06\\\/02\\\/paola-garate-toma-las-riendas-del-pri-en-sinaloa-es-la-nueva-dirigente-estatal\\\/#primaryimage\"},\"thumbnailUrl\":\"https:\\\/\\\/fuentesfidedignas.com.mx\\\/wp-content\\\/uploads\\\/2023\\\/06\\\/garate.jpg\",\"articleSection\":[\"NOTA PRINCIPAL\"],\"inLanguage\":\"es\",\"potentialAction\":[{\"@type\":\"CommentAction\",\"name\":\"Comment\",\"target\":[\"https:\\\/\\\/fuentesfidedignas.com.mx\\\/index.php\\\/2023\\\/06\\\/02\\\/paola-garate-toma-las-riendas-del-pri-en-sinaloa-es-la-nueva-dirigente-estatal\\\/#respond\"]}]},{\"@type\":\"WebPage\",\"@id\":\"https:\\\/\\\/fuentesfidedignas.com.mx\\\/index.php\\\/2023\\\/06\\\/02\\\/paola-garate-toma-las-riendas-del-pri-en-sinaloa-es-la-nueva-dirigente-estatal\\\/\",\"url\":\"https:\\\/\\\/fuentesfidedignas.com.mx\\\/index.php\\\/2023\\\/06\\\/02\\\/paola-garate-toma-las-riendas-del-pri-en-sinaloa-es-la-nueva-dirigente-estatal\\\/\",\"name\":\"Paola G\u00e1rate toma las riendas del PRI en Sinaloa, es la nueva dirigente estatal - Fuentes Fidedignas\",\"isPartOf\":{\"@id\":\"https:\\\/\\\/fuentesfidedignas.com.mx\\\/#website\"},\"primaryImageOfPage\":{\"@id\":\"https:\\\/\\\/fuentesfidedignas.com.mx\\\/index.php\\\/2023\\\/06\\\/02\\\/paola-garate-toma-las-riendas-del-pri-en-sinaloa-es-la-nueva-dirigente-estatal\\\/#primaryimage\"},\"image\":{\"@id\":\"https:\\\/\\\/fuentesfidedignas.com.mx\\\/index.php\\\/2023\\\/06\\\/02\\\/paola-garate-toma-las-riendas-del-pri-en-sinaloa-es-la-nueva-dirigente-estatal\\\/#primaryimage\"},\"thumbnailUrl\":\"https:\\\/\\\/fuentesfidedignas.com.mx\\\/wp-content\\\/uploads\\\/2023\\\/06\\\/garate.jpg\",\"datePublished\":\"2023-06-02T20:07:37+00:00\",\"dateModified\":\"2023-06-02T22:50:25+00:00\",\"breadcrumb\":{\"@id\":\"https:\\\/\\\/fuentesfidedignas.com.mx\\\/index.php\\\/2023\\\/06\\\/02\\\/paola-garate-toma-las-riendas-del-pri-en-sinaloa-es-la-nueva-dirigente-estatal\\\/#breadcrumb\"},\"inLanguage\":\"es\",\"potentialAction\":[{\"@type\":\"ReadAction\",\"target\":[\"https:\\\/\\\/fuentesfidedignas.com.mx\\\/index.php\\\/2023\\\/06\\\/02\\\/paola-garate-toma-las-riendas-del-pri-en-sinaloa-es-la-nueva-dirigente-estatal\\\/\"]}]},{\"@type\":\"ImageObject\",\"inLanguage\":\"es\",\"@id\":\"https:\\\/\\\/fuentesfidedignas.com.mx\\\/index.php\\\/2023\\\/06\\\/02\\\/paola-garate-toma-las-riendas-del-pri-en-sinaloa-es-la-nueva-dirigente-estatal\\\/#primaryimage\",\"url\":\"https:\\\/\\\/fuentesfidedignas.com.mx\\\/wp-content\\\/uploads\\\/2023\\\/06\\\/garate.jpg\",\"contentUrl\":\"https:\\\/\\\/fuentesfidedignas.com.mx\\\/wp-content\\\/uploads\\\/2023\\\/06\\\/garate.jpg\",\"width\":600,\"height\":450},{\"@type\":\"BreadcrumbList\",\"@id\":\"https:\\\/\\\/fuentesfidedignas.com.mx\\\/index.php\\\/2023\\\/06\\\/02\\\/paola-garate-toma-las-riendas-del-pri-en-sinaloa-es-la-nueva-dirigente-estatal\\\/#breadcrumb\",\"itemListElement\":[{\"@type\":\"ListItem\",\"position\":1,\"name\":\"Inicio\",\"item\":\"https:\\\/\\\/fuentesfidedignas.com.mx\\\/\"},{\"@type\":\"ListItem\",\"position\":2,\"name\":\"Paola G\u00e1rate toma las riendas del PRI en Sinaloa, es la nueva dirigente estatal\"}]},{\"@type\":\"WebSite\",\"@id\":\"https:\\\/\\\/fuentesfidedignas.com.mx\\\/#website\",\"url\":\"https:\\\/\\\/fuentesfidedignas.com.mx\\\/\",\"name\":\"Fuentes Fidedignas\",\"description\":\"Otro sitio realizado con WordPress\",\"publisher\":{\"@id\":\"https:\\\/\\\/fuentesfidedignas.com.mx\\\/#organization\"},\"potentialAction\":[{\"@type\":\"SearchAction\",\"target\":{\"@type\":\"EntryPoint\",\"urlTemplate\":\"https:\\\/\\\/fuentesfidedignas.com.mx\\\/?s={search_term_string}\"},\"query-input\":{\"@type\":\"PropertyValueSpecification\",\"valueRequired\":true,\"valueName\":\"search_term_string\"}}],\"inLanguage\":\"es\"},{\"@type\":\"Organization\",\"@id\":\"https:\\\/\\\/fuentesfidedignas.com.mx\\\/#organization\",\"name\":\"Fuentes Fidedignas\",\"url\":\"https:\\\/\\\/fuentesfidedignas.com.mx\\\/\",\"logo\":{\"@type\":\"ImageObject\",\"inLanguage\":\"es\",\"@id\":\"https:\\\/\\\/fuentesfidedignas.com.mx\\\/#\\\/schema\\\/logo\\\/image\\\/\",\"url\":\"https:\\\/\\\/fuentesfidedignas.com.mx\\\/wp-content\\\/uploads\\\/2021\\\/04\\\/logo-retina.png\",\"contentUrl\":\"https:\\\/\\\/fuentesfidedignas.com.mx\\\/wp-content\\\/uploads\\\/2021\\\/04\\\/logo-retina.png\",\"width\":280,\"height\":51,\"caption\":\"Fuentes Fidedignas\"},\"image\":{\"@id\":\"https:\\\/\\\/fuentesfidedignas.com.mx\\\/#\\\/schema\\\/logo\\\/image\\\/\"},\"sameAs\":[\"https:\\\/\\\/www.facebook.com\\\/Fuentes-Fidedignas-368234489921644\",\"https:\\\/\\\/x.com\\\/fidedignas\"]},{\"@type\":\"Person\",\"@id\":\"https:\\\/\\\/fuentesfidedignas.com.mx\\\/#\\\/schema\\\/person\\\/c77df25c00baae1d4fdc0340db6f364c\",\"name\":\"Leonardo Gutierrez\",\"image\":{\"@type\":\"ImageObject\",\"inLanguage\":\"es\",\"@id\":\"https:\\\/\\\/secure.gravatar.com\\\/avatar\\\/17b13a7a986cc98ca4d7337340bcac5945cbae677961c354aefb3c7962c8cc1f?s=96&d=mm&r=g\",\"url\":\"https:\\\/\\\/secure.gravatar.com\\\/avatar\\\/17b13a7a986cc98ca4d7337340bcac5945cbae677961c354aefb3c7962c8cc1f?s=96&d=mm&r=g\",\"contentUrl\":\"https:\\\/\\\/secure.gravatar.com\\\/avatar\\\/17b13a7a986cc98ca4d7337340bcac5945cbae677961c354aefb3c7962c8cc1f?s=96&d=mm&r=g\",\"caption\":\"Leonardo Gutierrez\"},\"url\":\"https:\\\/\\\/fuentesfidedignas.com.mx\\\/index.php\\\/author\\\/leonardogut\\\/\"}]}<\/script>\n<!-- \/ Yoast SEO plugin. -->","yoast_head_json":{"title":"Paola G\u00e1rate toma las riendas del PRI en Sinaloa, es la nueva dirigente estatal - Fuentes Fidedignas","robots":{"index":"index","follow":"follow","max-snippet":"max-snippet:-1","max-image-preview":"max-image-preview:large","max-video-preview":"max-video-preview:-1"},"canonical":"https:\/\/fuentesfidedignas.com.mx\/index.php\/2023\/06\/02\/paola-garate-toma-las-riendas-del-pri-en-sinaloa-es-la-nueva-dirigente-estatal\/","og_locale":"es_MX","og_type":"article","og_title":"Paola G\u00e1rate toma las riendas del PRI en Sinaloa, es la nueva dirigente estatal - Fuentes Fidedignas","og_description":"Se declar\u00f3 como la \u00fanica f\u00f3rmula que cumpli\u00f3 con todos los requisitos para aspirar a los cargos de presidente estatal y secretario general del partido Culiac\u00e1n, Sin.- Paola G\u00e1rate rindi\u00f3 protesta este d\u00eda como la nueva presidenta estatal del Partido Revolucionario Institucional (PRI), junto a Bernardino Antelo, quien fungir\u00e1 como secretario general del partido. Se [&hellip;]","og_url":"https:\/\/fuentesfidedignas.com.mx\/index.php\/2023\/06\/02\/paola-garate-toma-las-riendas-del-pri-en-sinaloa-es-la-nueva-dirigente-estatal\/","og_site_name":"Fuentes Fidedignas","article_publisher":"https:\/\/www.facebook.com\/Fuentes-Fidedignas-368234489921644","article_published_time":"2023-06-02T20:07:37+00:00","article_modified_time":"2023-06-02T22:50:25+00:00","og_image":[{"width":600,"height":450,"url":"https:\/\/fuentesfidedignas.com.mx\/wp-content\/uploads\/2023\/06\/garate.jpg","type":"image\/jpeg"}],"author":"Leonardo Gutierrez","twitter_card":"summary_large_image","twitter_creator":"@fidedignas","twitter_site":"@fidedignas","twitter_misc":{"Escrito por":"Leonardo Gutierrez","Tiempo de lectura":"1 minuto"},"schema":{"@context":"https:\/\/schema.org","@graph":[{"@type":"Article","@id":"https:\/\/fuentesfidedignas.com.mx\/index.php\/2023\/06\/02\/paola-garate-toma-las-riendas-del-pri-en-sinaloa-es-la-nueva-dirigente-estatal\/#article","isPartOf":{"@id":"https:\/\/fuentesfidedignas.com.mx\/index.php\/2023\/06\/02\/paola-garate-toma-las-riendas-del-pri-en-sinaloa-es-la-nueva-dirigente-estatal\/"},"author":{"name":"Leonardo Gutierrez","@id":"https:\/\/fuentesfidedignas.com.mx\/#\/schema\/person\/c77df25c00baae1d4fdc0340db6f364c"},"headline":"Paola G\u00e1rate toma las riendas del PRI en Sinaloa, es la nueva dirigente estatal","datePublished":"2023-06-02T20:07:37+00:00","dateModified":"2023-06-02T22:50:25+00:00","mainEntityOfPage":{"@id":"https:\/\/fuentesfidedignas.com.mx\/index.php\/2023\/06\/02\/paola-garate-toma-las-riendas-del-pri-en-sinaloa-es-la-nueva-dirigente-estatal\/"},"wordCount":219,"commentCount":0,"publisher":{"@id":"https:\/\/fuentesfidedignas.com.mx\/#organization"},"image":{"@id":"https:\/\/fuentesfidedignas.com.mx\/index.php\/2023\/06\/02\/paola-garate-toma-las-riendas-del-pri-en-sinaloa-es-la-nueva-dirigente-estatal\/#primaryimage"},"thumbnailUrl":"https:\/\/fuentesfidedignas.com.mx\/wp-content\/uploads\/2023\/06\/garate.jpg","articleSection":["NOTA PRINCIPAL"],"inLanguage":"es","potentialAction":[{"@type":"CommentAction","name":"Comment","target":["https:\/\/fuentesfidedignas.com.mx\/index.php\/2023\/06\/02\/paola-garate-toma-las-riendas-del-pri-en-sinaloa-es-la-nueva-dirigente-estatal\/#respond"]}]},{"@type":"WebPage","@id":"https:\/\/fuentesfidedignas.com.mx\/index.php\/2023\/06\/02\/paola-garate-toma-las-riendas-del-pri-en-sinaloa-es-la-nueva-dirigente-estatal\/","url":"https:\/\/fuentesfidedignas.com.mx\/index.php\/2023\/06\/02\/paola-garate-toma-las-riendas-del-pri-en-sinaloa-es-la-nueva-dirigente-estatal\/","name":"Paola G\u00e1rate toma las riendas del PRI en Sinaloa, es la nueva dirigente estatal - Fuentes Fidedignas","isPartOf":{"@id":"https:\/\/fuentesfidedignas.com.mx\/#website"},"primaryImageOfPage":{"@id":"https:\/\/fuentesfidedignas.com.mx\/index.php\/2023\/06\/02\/paola-garate-toma-las-riendas-del-pri-en-sinaloa-es-la-nueva-dirigente-estatal\/#primaryimage"},"image":{"@id":"https:\/\/fuentesfidedignas.com.mx\/index.php\/2023\/06\/02\/paola-garate-toma-las-riendas-del-pri-en-sinaloa-es-la-nueva-dirigente-estatal\/#primaryimage"},"thumbnailUrl":"https:\/\/fuentesfidedignas.com.mx\/wp-content\/uploads\/2023\/06\/garate.jpg","datePublished":"2023-06-02T20:07:37+00:00","dateModified":"2023-06-02T22:50:25+00:00","breadcrumb":{"@id":"https:\/\/fuentesfidedignas.com.mx\/index.php\/2023\/06\/02\/paola-garate-toma-las-riendas-del-pri-en-sinaloa-es-la-nueva-dirigente-estatal\/#breadcrumb"},"inLanguage":"es","potentialAction":[{"@type":"ReadAction","target":["https:\/\/fuentesfidedignas.com.mx\/index.php\/2023\/06\/02\/paola-garate-toma-las-riendas-del-pri-en-sinaloa-es-la-nueva-dirigente-estatal\/"]}]},{"@type":"ImageObject","inLanguage":"es","@id":"https:\/\/fuentesfidedignas.com.mx\/index.php\/2023\/06\/02\/paola-garate-toma-las-riendas-del-pri-en-sinaloa-es-la-nueva-dirigente-estatal\/#primaryimage","url":"https:\/\/fuentesfidedignas.com.mx\/wp-content\/uploads\/2023\/06\/garate.jpg","contentUrl":"https:\/\/fuentesfidedignas.com.mx\/wp-content\/uploads\/2023\/06\/garate.jpg","width":600,"height":450},{"@type":"BreadcrumbList","@id":"https:\/\/fuentesfidedignas.com.mx\/index.php\/2023\/06\/02\/paola-garate-toma-las-riendas-del-pri-en-sinaloa-es-la-nueva-dirigente-estatal\/#breadcrumb","itemListElement":[{"@type":"ListItem","position":1,"name":"Inicio","item":"https:\/\/fuentesfidedignas.com.mx\/"},{"@type":"ListItem","position":2,"name":"Paola G\u00e1rate toma las riendas del PRI en Sinaloa, es la nueva dirigente estatal"}]},{"@type":"WebSite","@id":"https:\/\/fuentesfidedignas.com.mx\/#website","url":"https:\/\/fuentesfidedignas.com.mx\/","name":"Fuentes Fidedignas","description":"Otro sitio realizado con WordPress","publisher":{"@id":"https:\/\/fuentesfidedignas.com.mx\/#organization"},"potentialAction":[{"@type":"SearchAction","target":{"@type":"EntryPoint","urlTemplate":"https:\/\/fuentesfidedignas.com.mx\/?s={search_term_string}"},"query-input":{"@type":"PropertyValueSpecification","valueRequired":true,"valueName":"search_term_string"}}],"inLanguage":"es"},{"@type":"Organization","@id":"https:\/\/fuentesfidedignas.com.mx\/#organization","name":"Fuentes Fidedignas","url":"https:\/\/fuentesfidedignas.com.mx\/","logo":{"@type":"ImageObject","inLanguage":"es","@id":"https:\/\/fuentesfidedignas.com.mx\/#\/schema\/logo\/image\/","url":"https:\/\/fuentesfidedignas.com.mx\/wp-content\/uploads\/2021\/04\/logo-retina.png","contentUrl":"https:\/\/fuentesfidedignas.com.mx\/wp-content\/uploads\/2021\/04\/logo-retina.png","width":280,"height":51,"caption":"Fuentes Fidedignas"},"image":{"@id":"https:\/\/fuentesfidedignas.com.mx\/#\/schema\/logo\/image\/"},"sameAs":["https:\/\/www.facebook.com\/Fuentes-Fidedignas-368234489921644","https:\/\/x.com\/fidedignas"]},{"@type":"Person","@id":"https:\/\/fuentesfidedignas.com.mx\/#\/schema\/person\/c77df25c00baae1d4fdc0340db6f364c","name":"Leonardo Gutierrez","image":{"@type":"ImageObject","inLanguage":"es","@id":"https:\/\/secure.gravatar.com\/avatar\/17b13a7a986cc98ca4d7337340bcac5945cbae677961c354aefb3c7962c8cc1f?s=96&d=mm&r=g","url":"https:\/\/secure.gravatar.com\/avatar\/17b13a7a986cc98ca4d7337340bcac5945cbae677961c354aefb3c7962c8cc1f?s=96&d=mm&r=g","contentUrl":"https:\/\/secure.gravatar.com\/avatar\/17b13a7a986cc98ca4d7337340bcac5945cbae677961c354aefb3c7962c8cc1f?s=96&d=mm&r=g","caption":"Leonardo Gutierrez"},"url":"https:\/\/fuentesfidedignas.com.mx\/index.php\/author\/leonardogut\/"}]}},"_links":{"self":[{"href":"https:\/\/fuentesfidedignas.com.mx\/index.php\/wp-json\/wp\/v2\/posts\/48852","targetHints":{"allow":["GET"]}}],"collection":[{"href":"https:\/\/fuentesfidedignas.com.mx\/index.php\/wp-json\/wp\/v2\/posts"}],"about":[{"href":"https:\/\/fuentesfidedignas.com.mx\/index.php\/wp-json\/wp\/v2\/types\/post"}],"author":[{"embeddable":true,"href":"https:\/\/fuentesfidedignas.com.mx\/index.php\/wp-json\/wp\/v2\/users\/112"}],"replies":[{"embeddable":true,"href":"https:\/\/fuentesfidedignas.com.mx\/index.php\/wp-json\/wp\/v2\/comments?post=48852"}],"version-history":[{"count":2,"href":"https:\/\/fuentesfidedignas.com.mx\/index.php\/wp-json\/wp\/v2\/posts\/48852\/revisions"}],"predecessor-version":[{"id":48875,"href":"https:\/\/fuentesfidedignas.com.mx\/index.php\/wp-json\/wp\/v2\/posts\/48852\/revisions\/48875"}],"wp:featuredmedia":[{"embeddable":true,"href":"https:\/\/fuentesfidedignas.com.mx\/index.php\/wp-json\/wp\/v2\/media\/48853"}],"wp:attachment":[{"href":"https:\/\/fuentesfidedignas.com.mx\/index.php\/wp-json\/wp\/v2\/media?parent=48852"}],"wp:term":[{"taxonomy":"category","embeddable":true,"href":"https:\/\/fuentesfidedignas.com.mx\/index.php\/wp-json\/wp\/v2\/categories?post=48852"},{"taxonomy":"post_tag","embeddable":true,"href":"https:\/\/fuentesfidedignas.com.mx\/index.php\/wp-json\/wp\/v2\/tags?post=48852"}],"curies":[{"name":"wp","href":"https:\/\/api.w.org\/{rel}","templated":true}]}}