{"id":4877,"date":"2021-06-12T12:36:45","date_gmt":"2021-06-12T19:36:45","guid":{"rendered":"https:\/\/fuentesfidedignas.com.mx\/?p=4877"},"modified":"2021-06-12T12:36:48","modified_gmt":"2021-06-12T19:36:48","slug":"ahome-se-pinto-de-morena-porque-la-sociedad-lo-decidio-gerardo-vargas","status":"publish","type":"post","link":"https:\/\/fuentesfidedignas.com.mx\/index.php\/2021\/06\/12\/ahome-se-pinto-de-morena-porque-la-sociedad-lo-decidio-gerardo-vargas\/","title":{"rendered":"Ahome se pint\u00f3 de Morena porque la sociedad lo decidi\u00f3: Gerardo Vargas"},"content":{"rendered":"\n<p>Muestra su constancia de mayor\u00eda como presidente municipal electo de Ahome<\/p>\n\n\n\n<p>Ahome, Sin. &#8211; Luego de mostrar su constancia de mayor\u00eda que los acredita como presidente municipal electo de Ahome, Gerardo Vargas Landeros subray\u00f3 que Ahome se pint\u00f3 de Morena, porque la sociedad as\u00ed lo decidi\u00f3.<\/p>\n\n\n\n<p>En el marco de su primera conferencia de prensa, Gerardo Vargas Landeros, en donde precis\u00f3 que \u201chice un compromiso con la sociedad, ella ya cumpli\u00f3, y ahora nos corresponde a nosotros, vamos a cumplir, porque vamos por un Ahome m\u00e1s parejo para todos, porque con la 4T llegar\u00e1 el bienestar y la esperanza a nuestro municipio\u201d.<\/p>\n\n\n\n<p>\u201cComo gobierno escucharemos la voz fuerte y clara del pueblo, porque tendremos un gobierno incluyente. Seremos un gobierno cercano, honesto, pero sobre todo amable, sabedor de que es la gente lo m\u00e1s importante, que a ella nos debemos y que a ella servimos por lo que ser\u00e1 la ciudadan\u00eda quien nos indicar\u00e1, como lo hizo durante el tiempo de campa\u00f1a, las prioridades que atenderemos primero\u201d.<\/p>\n\n\n\n<p>Gerardo Vargas Landeros, recibi\u00f3 su constancia de mayor\u00eda que lo acredita como presidente municipal electo, con un total de 51, 668 votos, contra 45,632 del representante del PT, Domingo V\u00e1zquez, quien fue su m\u00e1s cercano competidor.<\/p>\n\n\n\n<p>\u201cA partir de hoy, comenzar\u00e1 para Ahome una nueva historia, una de transformaci\u00f3n y bienestar, de la mano de nuestro Gobernador Electo, Dr. Rub\u00e9n Rocha Moya, lograremos ser el mejor lugar para vivir e invertir\u201d, precis\u00f3 el abanderado de la f\u00f3rmula Morena-PAS, quien gobernar\u00e1 durante el periodo 2021-2024.<\/p>\n\n\n\n<p>Respecto a sus contrincantes y simpatizantes, Gerardo Vargas Landeros expres\u00f3 \u201cla jornada electoral ha terminado y es hora de dar vuelta a la p\u00e1gina porque Ahome nos necesita unidos, con altura de miras con capacidad y voluntad conciliadora porque mi gobierno ser\u00e1 para todos y con todos\u201d.<\/p>\n\n\n\n<p>Gerardo Vargas Landeros asever\u00f3 que tendr\u00e1 un gobierno unido, porque gobierno y el pueblo, vamos a construir un estado de Bienestar, con servicios p\u00fablicos suficientes y con calidad, reactivaremos la econom\u00eda, construiremos la paz social que ansiamos y volveremos a ser reconocidos como el municipio esmeralda\u201d.<\/p>\n\n\n\n<p>El presidente municipal electo de Ahome, puntualiz\u00f3 las expectativas de que llegue un gobierno de Morena son altas, sin embargo, somos un equipo, diputad@s federal y estatal y regidores que me apoyan para poder cumplir nuestros compromisos con el pueblo.<\/p>\n\n\n\n<p>Asimismo, destac\u00f3 que ser\u00e1 un gestor incansable para que Ahome tenga los recursos suficientes para que las mujeres, hombres, j\u00f3venes, estudiantes, amas de casa, adultos mayores, maestros, ind\u00edgenas, pescadores, productores, ganaderos, gente con capacidades diferentes, deportistas, TODOS puedan construirse un destino de bienestar, por esto, ya se est\u00e1 trabajando en los proyectos ejecutivos y productivos que ser\u00e1n incorporados al presupuesto de 2022.<\/p>\n\n\n\n<p>Tambi\u00e9n, en su mensaje, Gerardo Vargas Landeros extern\u00f3 su agradecimiento a las autoridades electorales y al Consejo Municipal Electoral por su diligente labor en el celoso cuidado de hacer respetar la voluntad popular con justicia, honestidad, equidad e imparcialidad.<\/p>\n\n\n\n<p>\u201cA mi partido Morena y al Partido Sinaloense que confiaron en mi para ser su candidato a la alcald\u00eda de Ahome\u201d, ponder\u00f3 Gerardo Vargas Landeros.<\/p>\n\n\n\n<p>En este evento estuvo acompa\u00f1ado de los regidores electos Judith Luna, Marysol Morales y Pedro Ceballos, de la s\u00edndica procuradora Cecilia Hern\u00e1ndez y de los diputad@s federal y estatal electos, Juana Minerva V\u00e1zquez, C\u00e9sar Guerrero, Cecilia Covarrubias, de los distritos 02, 03 y 05, respectivamente.<\/p>\n","protected":false},"excerpt":{"rendered":"<p>Muestra su constancia de mayor\u00eda como presidente municipal electo de Ahome Ahome, Sin. &#8211; Luego de mostrar su constancia de mayor\u00eda que los acredita como presidente municipal electo de Ahome, Gerardo Vargas Landeros subray\u00f3 que Ahome se pint\u00f3 de Morena, porque la sociedad as\u00ed lo decidi\u00f3. En el marco de su primera conferencia de prensa, [&hellip;]<\/p>\n","protected":false},"author":4,"featured_media":4878,"comment_status":"open","ping_status":"open","sticky":false,"template":"","format":"standard","meta":{"tdm_status":"","tdm_grid_status":"","footnotes":""},"categories":[37],"tags":[],"class_list":{"0":"post-4877","1":"post","2":"type-post","3":"status-publish","4":"format-standard","5":"has-post-thumbnail","7":"category-nota-principal"},"yoast_head":"<!-- This site is optimized with the Yoast SEO plugin v27.5 - https:\/\/yoast.com\/product\/yoast-seo-wordpress\/ -->\n<title>Ahome se pint\u00f3 de Morena porque la sociedad lo decidi\u00f3: Gerardo Vargas - Fuentes Fidedignas<\/title>\n<meta name=\"robots\" content=\"index, follow, max-snippet:-1, max-image-preview:large, max-video-preview:-1\" \/>\n<link rel=\"canonical\" href=\"https:\/\/fuentesfidedignas.com.mx\/index.php\/2021\/06\/12\/ahome-se-pinto-de-morena-porque-la-sociedad-lo-decidio-gerardo-vargas\/\" \/>\n<meta property=\"og:locale\" content=\"es_MX\" \/>\n<meta property=\"og:type\" content=\"article\" \/>\n<meta property=\"og:title\" content=\"Ahome se pint\u00f3 de Morena porque la sociedad lo decidi\u00f3: Gerardo Vargas - Fuentes Fidedignas\" \/>\n<meta property=\"og:description\" content=\"Muestra su constancia de mayor\u00eda como presidente municipal electo de Ahome Ahome, Sin. &#8211; Luego de mostrar su constancia de mayor\u00eda que los acredita como presidente municipal electo de Ahome, Gerardo Vargas Landeros subray\u00f3 que Ahome se pint\u00f3 de Morena, porque la sociedad as\u00ed lo decidi\u00f3. En el marco de su primera conferencia de prensa, [&hellip;]\" \/>\n<meta property=\"og:url\" content=\"https:\/\/fuentesfidedignas.com.mx\/index.php\/2021\/06\/12\/ahome-se-pinto-de-morena-porque-la-sociedad-lo-decidio-gerardo-vargas\/\" \/>\n<meta property=\"og:site_name\" content=\"Fuentes Fidedignas\" \/>\n<meta property=\"article:publisher\" content=\"https:\/\/www.facebook.com\/Fuentes-Fidedignas-368234489921644\" \/>\n<meta property=\"article:published_time\" content=\"2021-06-12T19:36:45+00:00\" \/>\n<meta property=\"article:modified_time\" content=\"2021-06-12T19:36:48+00:00\" \/>\n<meta property=\"og:image\" content=\"https:\/\/fuentesfidedignas.com.mx\/wp-content\/uploads\/2021\/06\/IMG-20210612-WA0009.jpg\" \/>\n\t<meta property=\"og:image:width\" content=\"1024\" \/>\n\t<meta property=\"og:image:height\" content=\"682\" \/>\n\t<meta property=\"og:image:type\" content=\"image\/jpeg\" \/>\n<meta name=\"author\" content=\"Redacci\u00f3n\" \/>\n<meta name=\"twitter:card\" content=\"summary_large_image\" \/>\n<meta name=\"twitter:creator\" content=\"@fidedignas\" \/>\n<meta name=\"twitter:site\" content=\"@fidedignas\" \/>\n<meta name=\"twitter:label1\" content=\"Escrito por\" \/>\n\t<meta name=\"twitter:data1\" content=\"Redacci\u00f3n\" \/>\n\t<meta name=\"twitter:label2\" content=\"Tiempo de lectura\" \/>\n\t<meta name=\"twitter:data2\" content=\"3 minutos\" \/>\n<script type=\"application\/ld+json\" class=\"yoast-schema-graph\">{\"@context\":\"https:\\\/\\\/schema.org\",\"@graph\":[{\"@type\":\"Article\",\"@id\":\"https:\\\/\\\/fuentesfidedignas.com.mx\\\/index.php\\\/2021\\\/06\\\/12\\\/ahome-se-pinto-de-morena-porque-la-sociedad-lo-decidio-gerardo-vargas\\\/#article\",\"isPartOf\":{\"@id\":\"https:\\\/\\\/fuentesfidedignas.com.mx\\\/index.php\\\/2021\\\/06\\\/12\\\/ahome-se-pinto-de-morena-porque-la-sociedad-lo-decidio-gerardo-vargas\\\/\"},\"author\":{\"name\":\"Redacci\u00f3n\",\"@id\":\"https:\\\/\\\/fuentesfidedignas.com.mx\\\/#\\\/schema\\\/person\\\/331be9283d37198e2acd5750279085b0\"},\"headline\":\"Ahome se pint\u00f3 de Morena porque la sociedad lo decidi\u00f3: Gerardo Vargas\",\"datePublished\":\"2021-06-12T19:36:45+00:00\",\"dateModified\":\"2021-06-12T19:36:48+00:00\",\"mainEntityOfPage\":{\"@id\":\"https:\\\/\\\/fuentesfidedignas.com.mx\\\/index.php\\\/2021\\\/06\\\/12\\\/ahome-se-pinto-de-morena-porque-la-sociedad-lo-decidio-gerardo-vargas\\\/\"},\"wordCount\":587,\"commentCount\":0,\"publisher\":{\"@id\":\"https:\\\/\\\/fuentesfidedignas.com.mx\\\/#organization\"},\"image\":{\"@id\":\"https:\\\/\\\/fuentesfidedignas.com.mx\\\/index.php\\\/2021\\\/06\\\/12\\\/ahome-se-pinto-de-morena-porque-la-sociedad-lo-decidio-gerardo-vargas\\\/#primaryimage\"},\"thumbnailUrl\":\"https:\\\/\\\/fuentesfidedignas.com.mx\\\/wp-content\\\/uploads\\\/2021\\\/06\\\/IMG-20210612-WA0009.jpg\",\"articleSection\":[\"NOTA PRINCIPAL\"],\"inLanguage\":\"es\",\"potentialAction\":[{\"@type\":\"CommentAction\",\"name\":\"Comment\",\"target\":[\"https:\\\/\\\/fuentesfidedignas.com.mx\\\/index.php\\\/2021\\\/06\\\/12\\\/ahome-se-pinto-de-morena-porque-la-sociedad-lo-decidio-gerardo-vargas\\\/#respond\"]}]},{\"@type\":\"WebPage\",\"@id\":\"https:\\\/\\\/fuentesfidedignas.com.mx\\\/index.php\\\/2021\\\/06\\\/12\\\/ahome-se-pinto-de-morena-porque-la-sociedad-lo-decidio-gerardo-vargas\\\/\",\"url\":\"https:\\\/\\\/fuentesfidedignas.com.mx\\\/index.php\\\/2021\\\/06\\\/12\\\/ahome-se-pinto-de-morena-porque-la-sociedad-lo-decidio-gerardo-vargas\\\/\",\"name\":\"Ahome se pint\u00f3 de Morena porque la sociedad lo decidi\u00f3: Gerardo Vargas - Fuentes Fidedignas\",\"isPartOf\":{\"@id\":\"https:\\\/\\\/fuentesfidedignas.com.mx\\\/#website\"},\"primaryImageOfPage\":{\"@id\":\"https:\\\/\\\/fuentesfidedignas.com.mx\\\/index.php\\\/2021\\\/06\\\/12\\\/ahome-se-pinto-de-morena-porque-la-sociedad-lo-decidio-gerardo-vargas\\\/#primaryimage\"},\"image\":{\"@id\":\"https:\\\/\\\/fuentesfidedignas.com.mx\\\/index.php\\\/2021\\\/06\\\/12\\\/ahome-se-pinto-de-morena-porque-la-sociedad-lo-decidio-gerardo-vargas\\\/#primaryimage\"},\"thumbnailUrl\":\"https:\\\/\\\/fuentesfidedignas.com.mx\\\/wp-content\\\/uploads\\\/2021\\\/06\\\/IMG-20210612-WA0009.jpg\",\"datePublished\":\"2021-06-12T19:36:45+00:00\",\"dateModified\":\"2021-06-12T19:36:48+00:00\",\"breadcrumb\":{\"@id\":\"https:\\\/\\\/fuentesfidedignas.com.mx\\\/index.php\\\/2021\\\/06\\\/12\\\/ahome-se-pinto-de-morena-porque-la-sociedad-lo-decidio-gerardo-vargas\\\/#breadcrumb\"},\"inLanguage\":\"es\",\"potentialAction\":[{\"@type\":\"ReadAction\",\"target\":[\"https:\\\/\\\/fuentesfidedignas.com.mx\\\/index.php\\\/2021\\\/06\\\/12\\\/ahome-se-pinto-de-morena-porque-la-sociedad-lo-decidio-gerardo-vargas\\\/\"]}]},{\"@type\":\"ImageObject\",\"inLanguage\":\"es\",\"@id\":\"https:\\\/\\\/fuentesfidedignas.com.mx\\\/index.php\\\/2021\\\/06\\\/12\\\/ahome-se-pinto-de-morena-porque-la-sociedad-lo-decidio-gerardo-vargas\\\/#primaryimage\",\"url\":\"https:\\\/\\\/fuentesfidedignas.com.mx\\\/wp-content\\\/uploads\\\/2021\\\/06\\\/IMG-20210612-WA0009.jpg\",\"contentUrl\":\"https:\\\/\\\/fuentesfidedignas.com.mx\\\/wp-content\\\/uploads\\\/2021\\\/06\\\/IMG-20210612-WA0009.jpg\",\"width\":1024,\"height\":682},{\"@type\":\"BreadcrumbList\",\"@id\":\"https:\\\/\\\/fuentesfidedignas.com.mx\\\/index.php\\\/2021\\\/06\\\/12\\\/ahome-se-pinto-de-morena-porque-la-sociedad-lo-decidio-gerardo-vargas\\\/#breadcrumb\",\"itemListElement\":[{\"@type\":\"ListItem\",\"position\":1,\"name\":\"Inicio\",\"item\":\"https:\\\/\\\/fuentesfidedignas.com.mx\\\/\"},{\"@type\":\"ListItem\",\"position\":2,\"name\":\"Ahome se pint\u00f3 de Morena porque la sociedad lo decidi\u00f3: Gerardo Vargas\"}]},{\"@type\":\"WebSite\",\"@id\":\"https:\\\/\\\/fuentesfidedignas.com.mx\\\/#website\",\"url\":\"https:\\\/\\\/fuentesfidedignas.com.mx\\\/\",\"name\":\"Fuentes Fidedignas\",\"description\":\"Otro sitio realizado con WordPress\",\"publisher\":{\"@id\":\"https:\\\/\\\/fuentesfidedignas.com.mx\\\/#organization\"},\"potentialAction\":[{\"@type\":\"SearchAction\",\"target\":{\"@type\":\"EntryPoint\",\"urlTemplate\":\"https:\\\/\\\/fuentesfidedignas.com.mx\\\/?s={search_term_string}\"},\"query-input\":{\"@type\":\"PropertyValueSpecification\",\"valueRequired\":true,\"valueName\":\"search_term_string\"}}],\"inLanguage\":\"es\"},{\"@type\":\"Organization\",\"@id\":\"https:\\\/\\\/fuentesfidedignas.com.mx\\\/#organization\",\"name\":\"Fuentes Fidedignas\",\"url\":\"https:\\\/\\\/fuentesfidedignas.com.mx\\\/\",\"logo\":{\"@type\":\"ImageObject\",\"inLanguage\":\"es\",\"@id\":\"https:\\\/\\\/fuentesfidedignas.com.mx\\\/#\\\/schema\\\/logo\\\/image\\\/\",\"url\":\"https:\\\/\\\/fuentesfidedignas.com.mx\\\/wp-content\\\/uploads\\\/2021\\\/04\\\/logo-retina.png\",\"contentUrl\":\"https:\\\/\\\/fuentesfidedignas.com.mx\\\/wp-content\\\/uploads\\\/2021\\\/04\\\/logo-retina.png\",\"width\":280,\"height\":51,\"caption\":\"Fuentes Fidedignas\"},\"image\":{\"@id\":\"https:\\\/\\\/fuentesfidedignas.com.mx\\\/#\\\/schema\\\/logo\\\/image\\\/\"},\"sameAs\":[\"https:\\\/\\\/www.facebook.com\\\/Fuentes-Fidedignas-368234489921644\",\"https:\\\/\\\/x.com\\\/fidedignas\"]},{\"@type\":\"Person\",\"@id\":\"https:\\\/\\\/fuentesfidedignas.com.mx\\\/#\\\/schema\\\/person\\\/331be9283d37198e2acd5750279085b0\",\"name\":\"Redacci\u00f3n\",\"image\":{\"@type\":\"ImageObject\",\"inLanguage\":\"es\",\"@id\":\"https:\\\/\\\/secure.gravatar.com\\\/avatar\\\/f6d8782c11d12b2d4ad3fbb6931aeab5309937a4d6cd2fc9cfaa28a6396a5aec?s=96&d=mm&r=g\",\"url\":\"https:\\\/\\\/secure.gravatar.com\\\/avatar\\\/f6d8782c11d12b2d4ad3fbb6931aeab5309937a4d6cd2fc9cfaa28a6396a5aec?s=96&d=mm&r=g\",\"contentUrl\":\"https:\\\/\\\/secure.gravatar.com\\\/avatar\\\/f6d8782c11d12b2d4ad3fbb6931aeab5309937a4d6cd2fc9cfaa28a6396a5aec?s=96&d=mm&r=g\",\"caption\":\"Redacci\u00f3n\"},\"url\":\"https:\\\/\\\/fuentesfidedignas.com.mx\\\/index.php\\\/author\\\/redaccion\\\/\"}]}<\/script>\n<!-- \/ Yoast SEO plugin. -->","yoast_head_json":{"title":"Ahome se pint\u00f3 de Morena porque la sociedad lo decidi\u00f3: Gerardo Vargas - Fuentes Fidedignas","robots":{"index":"index","follow":"follow","max-snippet":"max-snippet:-1","max-image-preview":"max-image-preview:large","max-video-preview":"max-video-preview:-1"},"canonical":"https:\/\/fuentesfidedignas.com.mx\/index.php\/2021\/06\/12\/ahome-se-pinto-de-morena-porque-la-sociedad-lo-decidio-gerardo-vargas\/","og_locale":"es_MX","og_type":"article","og_title":"Ahome se pint\u00f3 de Morena porque la sociedad lo decidi\u00f3: Gerardo Vargas - Fuentes Fidedignas","og_description":"Muestra su constancia de mayor\u00eda como presidente municipal electo de Ahome Ahome, Sin. &#8211; Luego de mostrar su constancia de mayor\u00eda que los acredita como presidente municipal electo de Ahome, Gerardo Vargas Landeros subray\u00f3 que Ahome se pint\u00f3 de Morena, porque la sociedad as\u00ed lo decidi\u00f3. En el marco de su primera conferencia de prensa, [&hellip;]","og_url":"https:\/\/fuentesfidedignas.com.mx\/index.php\/2021\/06\/12\/ahome-se-pinto-de-morena-porque-la-sociedad-lo-decidio-gerardo-vargas\/","og_site_name":"Fuentes Fidedignas","article_publisher":"https:\/\/www.facebook.com\/Fuentes-Fidedignas-368234489921644","article_published_time":"2021-06-12T19:36:45+00:00","article_modified_time":"2021-06-12T19:36:48+00:00","og_image":[{"width":1024,"height":682,"url":"https:\/\/fuentesfidedignas.com.mx\/wp-content\/uploads\/2021\/06\/IMG-20210612-WA0009.jpg","type":"image\/jpeg"}],"author":"Redacci\u00f3n","twitter_card":"summary_large_image","twitter_creator":"@fidedignas","twitter_site":"@fidedignas","twitter_misc":{"Escrito por":"Redacci\u00f3n","Tiempo de lectura":"3 minutos"},"schema":{"@context":"https:\/\/schema.org","@graph":[{"@type":"Article","@id":"https:\/\/fuentesfidedignas.com.mx\/index.php\/2021\/06\/12\/ahome-se-pinto-de-morena-porque-la-sociedad-lo-decidio-gerardo-vargas\/#article","isPartOf":{"@id":"https:\/\/fuentesfidedignas.com.mx\/index.php\/2021\/06\/12\/ahome-se-pinto-de-morena-porque-la-sociedad-lo-decidio-gerardo-vargas\/"},"author":{"name":"Redacci\u00f3n","@id":"https:\/\/fuentesfidedignas.com.mx\/#\/schema\/person\/331be9283d37198e2acd5750279085b0"},"headline":"Ahome se pint\u00f3 de Morena porque la sociedad lo decidi\u00f3: Gerardo Vargas","datePublished":"2021-06-12T19:36:45+00:00","dateModified":"2021-06-12T19:36:48+00:00","mainEntityOfPage":{"@id":"https:\/\/fuentesfidedignas.com.mx\/index.php\/2021\/06\/12\/ahome-se-pinto-de-morena-porque-la-sociedad-lo-decidio-gerardo-vargas\/"},"wordCount":587,"commentCount":0,"publisher":{"@id":"https:\/\/fuentesfidedignas.com.mx\/#organization"},"image":{"@id":"https:\/\/fuentesfidedignas.com.mx\/index.php\/2021\/06\/12\/ahome-se-pinto-de-morena-porque-la-sociedad-lo-decidio-gerardo-vargas\/#primaryimage"},"thumbnailUrl":"https:\/\/fuentesfidedignas.com.mx\/wp-content\/uploads\/2021\/06\/IMG-20210612-WA0009.jpg","articleSection":["NOTA PRINCIPAL"],"inLanguage":"es","potentialAction":[{"@type":"CommentAction","name":"Comment","target":["https:\/\/fuentesfidedignas.com.mx\/index.php\/2021\/06\/12\/ahome-se-pinto-de-morena-porque-la-sociedad-lo-decidio-gerardo-vargas\/#respond"]}]},{"@type":"WebPage","@id":"https:\/\/fuentesfidedignas.com.mx\/index.php\/2021\/06\/12\/ahome-se-pinto-de-morena-porque-la-sociedad-lo-decidio-gerardo-vargas\/","url":"https:\/\/fuentesfidedignas.com.mx\/index.php\/2021\/06\/12\/ahome-se-pinto-de-morena-porque-la-sociedad-lo-decidio-gerardo-vargas\/","name":"Ahome se pint\u00f3 de Morena porque la sociedad lo decidi\u00f3: Gerardo Vargas - Fuentes Fidedignas","isPartOf":{"@id":"https:\/\/fuentesfidedignas.com.mx\/#website"},"primaryImageOfPage":{"@id":"https:\/\/fuentesfidedignas.com.mx\/index.php\/2021\/06\/12\/ahome-se-pinto-de-morena-porque-la-sociedad-lo-decidio-gerardo-vargas\/#primaryimage"},"image":{"@id":"https:\/\/fuentesfidedignas.com.mx\/index.php\/2021\/06\/12\/ahome-se-pinto-de-morena-porque-la-sociedad-lo-decidio-gerardo-vargas\/#primaryimage"},"thumbnailUrl":"https:\/\/fuentesfidedignas.com.mx\/wp-content\/uploads\/2021\/06\/IMG-20210612-WA0009.jpg","datePublished":"2021-06-12T19:36:45+00:00","dateModified":"2021-06-12T19:36:48+00:00","breadcrumb":{"@id":"https:\/\/fuentesfidedignas.com.mx\/index.php\/2021\/06\/12\/ahome-se-pinto-de-morena-porque-la-sociedad-lo-decidio-gerardo-vargas\/#breadcrumb"},"inLanguage":"es","potentialAction":[{"@type":"ReadAction","target":["https:\/\/fuentesfidedignas.com.mx\/index.php\/2021\/06\/12\/ahome-se-pinto-de-morena-porque-la-sociedad-lo-decidio-gerardo-vargas\/"]}]},{"@type":"ImageObject","inLanguage":"es","@id":"https:\/\/fuentesfidedignas.com.mx\/index.php\/2021\/06\/12\/ahome-se-pinto-de-morena-porque-la-sociedad-lo-decidio-gerardo-vargas\/#primaryimage","url":"https:\/\/fuentesfidedignas.com.mx\/wp-content\/uploads\/2021\/06\/IMG-20210612-WA0009.jpg","contentUrl":"https:\/\/fuentesfidedignas.com.mx\/wp-content\/uploads\/2021\/06\/IMG-20210612-WA0009.jpg","width":1024,"height":682},{"@type":"BreadcrumbList","@id":"https:\/\/fuentesfidedignas.com.mx\/index.php\/2021\/06\/12\/ahome-se-pinto-de-morena-porque-la-sociedad-lo-decidio-gerardo-vargas\/#breadcrumb","itemListElement":[{"@type":"ListItem","position":1,"name":"Inicio","item":"https:\/\/fuentesfidedignas.com.mx\/"},{"@type":"ListItem","position":2,"name":"Ahome se pint\u00f3 de Morena porque la sociedad lo decidi\u00f3: Gerardo Vargas"}]},{"@type":"WebSite","@id":"https:\/\/fuentesfidedignas.com.mx\/#website","url":"https:\/\/fuentesfidedignas.com.mx\/","name":"Fuentes Fidedignas","description":"Otro sitio realizado con WordPress","publisher":{"@id":"https:\/\/fuentesfidedignas.com.mx\/#organization"},"potentialAction":[{"@type":"SearchAction","target":{"@type":"EntryPoint","urlTemplate":"https:\/\/fuentesfidedignas.com.mx\/?s={search_term_string}"},"query-input":{"@type":"PropertyValueSpecification","valueRequired":true,"valueName":"search_term_string"}}],"inLanguage":"es"},{"@type":"Organization","@id":"https:\/\/fuentesfidedignas.com.mx\/#organization","name":"Fuentes Fidedignas","url":"https:\/\/fuentesfidedignas.com.mx\/","logo":{"@type":"ImageObject","inLanguage":"es","@id":"https:\/\/fuentesfidedignas.com.mx\/#\/schema\/logo\/image\/","url":"https:\/\/fuentesfidedignas.com.mx\/wp-content\/uploads\/2021\/04\/logo-retina.png","contentUrl":"https:\/\/fuentesfidedignas.com.mx\/wp-content\/uploads\/2021\/04\/logo-retina.png","width":280,"height":51,"caption":"Fuentes Fidedignas"},"image":{"@id":"https:\/\/fuentesfidedignas.com.mx\/#\/schema\/logo\/image\/"},"sameAs":["https:\/\/www.facebook.com\/Fuentes-Fidedignas-368234489921644","https:\/\/x.com\/fidedignas"]},{"@type":"Person","@id":"https:\/\/fuentesfidedignas.com.mx\/#\/schema\/person\/331be9283d37198e2acd5750279085b0","name":"Redacci\u00f3n","image":{"@type":"ImageObject","inLanguage":"es","@id":"https:\/\/secure.gravatar.com\/avatar\/f6d8782c11d12b2d4ad3fbb6931aeab5309937a4d6cd2fc9cfaa28a6396a5aec?s=96&d=mm&r=g","url":"https:\/\/secure.gravatar.com\/avatar\/f6d8782c11d12b2d4ad3fbb6931aeab5309937a4d6cd2fc9cfaa28a6396a5aec?s=96&d=mm&r=g","contentUrl":"https:\/\/secure.gravatar.com\/avatar\/f6d8782c11d12b2d4ad3fbb6931aeab5309937a4d6cd2fc9cfaa28a6396a5aec?s=96&d=mm&r=g","caption":"Redacci\u00f3n"},"url":"https:\/\/fuentesfidedignas.com.mx\/index.php\/author\/redaccion\/"}]}},"_links":{"self":[{"href":"https:\/\/fuentesfidedignas.com.mx\/index.php\/wp-json\/wp\/v2\/posts\/4877","targetHints":{"allow":["GET"]}}],"collection":[{"href":"https:\/\/fuentesfidedignas.com.mx\/index.php\/wp-json\/wp\/v2\/posts"}],"about":[{"href":"https:\/\/fuentesfidedignas.com.mx\/index.php\/wp-json\/wp\/v2\/types\/post"}],"author":[{"embeddable":true,"href":"https:\/\/fuentesfidedignas.com.mx\/index.php\/wp-json\/wp\/v2\/users\/4"}],"replies":[{"embeddable":true,"href":"https:\/\/fuentesfidedignas.com.mx\/index.php\/wp-json\/wp\/v2\/comments?post=4877"}],"version-history":[{"count":1,"href":"https:\/\/fuentesfidedignas.com.mx\/index.php\/wp-json\/wp\/v2\/posts\/4877\/revisions"}],"predecessor-version":[{"id":4879,"href":"https:\/\/fuentesfidedignas.com.mx\/index.php\/wp-json\/wp\/v2\/posts\/4877\/revisions\/4879"}],"wp:featuredmedia":[{"embeddable":true,"href":"https:\/\/fuentesfidedignas.com.mx\/index.php\/wp-json\/wp\/v2\/media\/4878"}],"wp:attachment":[{"href":"https:\/\/fuentesfidedignas.com.mx\/index.php\/wp-json\/wp\/v2\/media?parent=4877"}],"wp:term":[{"taxonomy":"category","embeddable":true,"href":"https:\/\/fuentesfidedignas.com.mx\/index.php\/wp-json\/wp\/v2\/categories?post=4877"},{"taxonomy":"post_tag","embeddable":true,"href":"https:\/\/fuentesfidedignas.com.mx\/index.php\/wp-json\/wp\/v2\/tags?post=4877"}],"curies":[{"name":"wp","href":"https:\/\/api.w.org\/{rel}","templated":true}]}}