{"id":4873,"date":"2021-06-12T12:25:18","date_gmt":"2021-06-12T19:25:18","guid":{"rendered":"https:\/\/fuentesfidedignas.com.mx\/?p=4873"},"modified":"2021-06-12T12:25:21","modified_gmt":"2021-06-12T19:25:21","slug":"tener-el-mayor-respaldo-electoral-en-el-pais-obliga-a-no-fallarles-a-los-sinaloenses-rocha","status":"publish","type":"post","link":"https:\/\/fuentesfidedignas.com.mx\/index.php\/2021\/06\/12\/tener-el-mayor-respaldo-electoral-en-el-pais-obliga-a-no-fallarles-a-los-sinaloenses-rocha\/","title":{"rendered":"Tener el mayor respaldo electoral en el pa\u00eds obliga a no fallarles a los sinaloenses: Rocha"},"content":{"rendered":"\n<p>El virtual gobernador agradece la generosidad de los electores y asegura que conducir\u00e1 un gobierno cercano a la poblaci\u00f3n<\/p>\n\n\n\n<p>Culiac\u00e1n, Sin. El virtual gobernador de Sinaloa, Rub\u00e9n Rocha Moya puntualiz\u00f3 que ser el candidato que recibi\u00f3 la mayor votaci\u00f3n en todo el pa\u00eds, casi el 57 por ciento, lo compromete a no fallarles a las y los sinaloenses y conducir con humildad la transformaci\u00f3n en el estado.<\/p>\n\n\n\n<p>\u201cEstamos contentos con el resultado, ha habido una generosidad del electorado en Sinaloa y nos ha apoyado de manera muy contundente, pero eso nos obliga a recibir esto no con soberbia, no con prepotencia, hay que recibirlo como la magnitud del compromiso que tenemos con los electores, necesitamos responderles, no podemos fallarles\u201d, afirm\u00f3 en entrevista.<\/p>\n\n\n\n<p>A pregunta expresa, se\u00f1al\u00f3 que los electores manifestaron un ansia de cambio en Sinaloa y esta transformaci\u00f3n la conducir\u00e1 con humildad, con mucho vigor y determinaci\u00f3n, y con acercamiento a la poblaci\u00f3n que le ha dado el apoyo para conducir los destinos de la entidad a partir del 1 de noviembre pr\u00f3ximo.<\/p>\n\n\n\n<p>Respecto a cu\u00e1l ser\u00e1 su prioridad al asumir el cargo de gobernador, destac\u00f3 que lo primero ser\u00e1 restaurar todo el sistema de salud, pues la pandemia ha expuesto que es important\u00edsimo atender este rengl\u00f3n.<\/p>\n\n\n\n<p>\u201cHay otras prioridades, como la obra social, porque importa mucho que tengamos el entorno inmediato de la gente en buenas condiciones para mejorar la calidad de vida y, por supuesto, instalar el Estado de Bienestar que nos permita acercar los apoyos a la poblaci\u00f3n y, sobre todo, sacar de la pobreza a miles y miles de familias, que en Sinaloa suman un total de un mill\u00f3n personas, importa mucho atender el aspecto social y humano\u201d, agreg\u00f3.<\/p>\n\n\n\n<p>El abanderado de Morena y el Partido Sinaloense destac\u00f3 que en lo que se refiere al combate a la delincuencia organizada no ser\u00e1 un gobernador omiso y, por ello, se est\u00e1 elaborando una estrategia estatal debidamente vinculada a la estrategia del Gobierno federal.<\/p>\n\n\n\n<p>Rub\u00e9n Rocha Moya fue entrevistado en v\u00edsperas de que ma\u00f1ana domingo 13 de junio reciba de parte del Instituto Electoral del Estado de Sinaloa la constancia de mayor\u00eda que lo acredita como el candidato ganador de la elecci\u00f3n del 6 de junio y, por tanto, gobernador electo.<\/p>\n","protected":false},"excerpt":{"rendered":"<p>El virtual gobernador agradece la generosidad de los electores y asegura que conducir\u00e1 un gobierno cercano a la poblaci\u00f3n Culiac\u00e1n, Sin. El virtual gobernador de Sinaloa, Rub\u00e9n Rocha Moya puntualiz\u00f3 que ser el candidato que recibi\u00f3 la mayor votaci\u00f3n en todo el pa\u00eds, casi el 57 por ciento, lo compromete a no fallarles a las [&hellip;]<\/p>\n","protected":false},"author":4,"featured_media":4875,"comment_status":"open","ping_status":"open","sticky":false,"template":"","format":"standard","meta":{"tdm_status":"","tdm_grid_status":"","footnotes":""},"categories":[37],"tags":[],"class_list":{"0":"post-4873","1":"post","2":"type-post","3":"status-publish","4":"format-standard","5":"has-post-thumbnail","7":"category-nota-principal"},"yoast_head":"<!-- This site is optimized with the Yoast SEO plugin v27.5 - https:\/\/yoast.com\/product\/yoast-seo-wordpress\/ -->\n<title>Tener el mayor respaldo electoral en el pa\u00eds obliga a no fallarles a los sinaloenses: Rocha - Fuentes Fidedignas<\/title>\n<meta name=\"robots\" content=\"index, follow, max-snippet:-1, max-image-preview:large, max-video-preview:-1\" \/>\n<link rel=\"canonical\" href=\"https:\/\/fuentesfidedignas.com.mx\/index.php\/2021\/06\/12\/tener-el-mayor-respaldo-electoral-en-el-pais-obliga-a-no-fallarles-a-los-sinaloenses-rocha\/\" \/>\n<meta property=\"og:locale\" content=\"es_MX\" \/>\n<meta property=\"og:type\" content=\"article\" \/>\n<meta property=\"og:title\" content=\"Tener el mayor respaldo electoral en el pa\u00eds obliga a no fallarles a los sinaloenses: Rocha - Fuentes Fidedignas\" \/>\n<meta property=\"og:description\" content=\"El virtual gobernador agradece la generosidad de los electores y asegura que conducir\u00e1 un gobierno cercano a la poblaci\u00f3n Culiac\u00e1n, Sin. El virtual gobernador de Sinaloa, Rub\u00e9n Rocha Moya puntualiz\u00f3 que ser el candidato que recibi\u00f3 la mayor votaci\u00f3n en todo el pa\u00eds, casi el 57 por ciento, lo compromete a no fallarles a las [&hellip;]\" \/>\n<meta property=\"og:url\" content=\"https:\/\/fuentesfidedignas.com.mx\/index.php\/2021\/06\/12\/tener-el-mayor-respaldo-electoral-en-el-pais-obliga-a-no-fallarles-a-los-sinaloenses-rocha\/\" \/>\n<meta property=\"og:site_name\" content=\"Fuentes Fidedignas\" \/>\n<meta property=\"article:publisher\" content=\"https:\/\/www.facebook.com\/Fuentes-Fidedignas-368234489921644\" \/>\n<meta property=\"article:published_time\" content=\"2021-06-12T19:25:18+00:00\" \/>\n<meta property=\"article:modified_time\" content=\"2021-06-12T19:25:21+00:00\" \/>\n<meta property=\"og:image\" content=\"https:\/\/fuentesfidedignas.com.mx\/wp-content\/uploads\/2021\/06\/IMG-20210612-WA0012-1.jpg\" \/>\n\t<meta property=\"og:image:width\" content=\"1040\" \/>\n\t<meta property=\"og:image:height\" content=\"692\" \/>\n\t<meta property=\"og:image:type\" content=\"image\/jpeg\" \/>\n<meta name=\"author\" content=\"Redacci\u00f3n\" \/>\n<meta name=\"twitter:card\" content=\"summary_large_image\" \/>\n<meta name=\"twitter:creator\" content=\"@fidedignas\" \/>\n<meta name=\"twitter:site\" content=\"@fidedignas\" \/>\n<meta name=\"twitter:label1\" content=\"Escrito por\" \/>\n\t<meta name=\"twitter:data1\" content=\"Redacci\u00f3n\" \/>\n\t<meta name=\"twitter:label2\" content=\"Tiempo de lectura\" \/>\n\t<meta name=\"twitter:data2\" content=\"2 minutos\" \/>\n<script type=\"application\/ld+json\" class=\"yoast-schema-graph\">{\"@context\":\"https:\\\/\\\/schema.org\",\"@graph\":[{\"@type\":\"Article\",\"@id\":\"https:\\\/\\\/fuentesfidedignas.com.mx\\\/index.php\\\/2021\\\/06\\\/12\\\/tener-el-mayor-respaldo-electoral-en-el-pais-obliga-a-no-fallarles-a-los-sinaloenses-rocha\\\/#article\",\"isPartOf\":{\"@id\":\"https:\\\/\\\/fuentesfidedignas.com.mx\\\/index.php\\\/2021\\\/06\\\/12\\\/tener-el-mayor-respaldo-electoral-en-el-pais-obliga-a-no-fallarles-a-los-sinaloenses-rocha\\\/\"},\"author\":{\"name\":\"Redacci\u00f3n\",\"@id\":\"https:\\\/\\\/fuentesfidedignas.com.mx\\\/#\\\/schema\\\/person\\\/331be9283d37198e2acd5750279085b0\"},\"headline\":\"Tener el mayor respaldo electoral en el pa\u00eds obliga a no fallarles a los sinaloenses: Rocha\",\"datePublished\":\"2021-06-12T19:25:18+00:00\",\"dateModified\":\"2021-06-12T19:25:21+00:00\",\"mainEntityOfPage\":{\"@id\":\"https:\\\/\\\/fuentesfidedignas.com.mx\\\/index.php\\\/2021\\\/06\\\/12\\\/tener-el-mayor-respaldo-electoral-en-el-pais-obliga-a-no-fallarles-a-los-sinaloenses-rocha\\\/\"},\"wordCount\":408,\"commentCount\":0,\"publisher\":{\"@id\":\"https:\\\/\\\/fuentesfidedignas.com.mx\\\/#organization\"},\"image\":{\"@id\":\"https:\\\/\\\/fuentesfidedignas.com.mx\\\/index.php\\\/2021\\\/06\\\/12\\\/tener-el-mayor-respaldo-electoral-en-el-pais-obliga-a-no-fallarles-a-los-sinaloenses-rocha\\\/#primaryimage\"},\"thumbnailUrl\":\"https:\\\/\\\/fuentesfidedignas.com.mx\\\/wp-content\\\/uploads\\\/2021\\\/06\\\/IMG-20210612-WA0012-1.jpg\",\"articleSection\":[\"NOTA PRINCIPAL\"],\"inLanguage\":\"es\",\"potentialAction\":[{\"@type\":\"CommentAction\",\"name\":\"Comment\",\"target\":[\"https:\\\/\\\/fuentesfidedignas.com.mx\\\/index.php\\\/2021\\\/06\\\/12\\\/tener-el-mayor-respaldo-electoral-en-el-pais-obliga-a-no-fallarles-a-los-sinaloenses-rocha\\\/#respond\"]}]},{\"@type\":\"WebPage\",\"@id\":\"https:\\\/\\\/fuentesfidedignas.com.mx\\\/index.php\\\/2021\\\/06\\\/12\\\/tener-el-mayor-respaldo-electoral-en-el-pais-obliga-a-no-fallarles-a-los-sinaloenses-rocha\\\/\",\"url\":\"https:\\\/\\\/fuentesfidedignas.com.mx\\\/index.php\\\/2021\\\/06\\\/12\\\/tener-el-mayor-respaldo-electoral-en-el-pais-obliga-a-no-fallarles-a-los-sinaloenses-rocha\\\/\",\"name\":\"Tener el mayor respaldo electoral en el pa\u00eds obliga a no fallarles a los sinaloenses: Rocha - Fuentes Fidedignas\",\"isPartOf\":{\"@id\":\"https:\\\/\\\/fuentesfidedignas.com.mx\\\/#website\"},\"primaryImageOfPage\":{\"@id\":\"https:\\\/\\\/fuentesfidedignas.com.mx\\\/index.php\\\/2021\\\/06\\\/12\\\/tener-el-mayor-respaldo-electoral-en-el-pais-obliga-a-no-fallarles-a-los-sinaloenses-rocha\\\/#primaryimage\"},\"image\":{\"@id\":\"https:\\\/\\\/fuentesfidedignas.com.mx\\\/index.php\\\/2021\\\/06\\\/12\\\/tener-el-mayor-respaldo-electoral-en-el-pais-obliga-a-no-fallarles-a-los-sinaloenses-rocha\\\/#primaryimage\"},\"thumbnailUrl\":\"https:\\\/\\\/fuentesfidedignas.com.mx\\\/wp-content\\\/uploads\\\/2021\\\/06\\\/IMG-20210612-WA0012-1.jpg\",\"datePublished\":\"2021-06-12T19:25:18+00:00\",\"dateModified\":\"2021-06-12T19:25:21+00:00\",\"breadcrumb\":{\"@id\":\"https:\\\/\\\/fuentesfidedignas.com.mx\\\/index.php\\\/2021\\\/06\\\/12\\\/tener-el-mayor-respaldo-electoral-en-el-pais-obliga-a-no-fallarles-a-los-sinaloenses-rocha\\\/#breadcrumb\"},\"inLanguage\":\"es\",\"potentialAction\":[{\"@type\":\"ReadAction\",\"target\":[\"https:\\\/\\\/fuentesfidedignas.com.mx\\\/index.php\\\/2021\\\/06\\\/12\\\/tener-el-mayor-respaldo-electoral-en-el-pais-obliga-a-no-fallarles-a-los-sinaloenses-rocha\\\/\"]}]},{\"@type\":\"ImageObject\",\"inLanguage\":\"es\",\"@id\":\"https:\\\/\\\/fuentesfidedignas.com.mx\\\/index.php\\\/2021\\\/06\\\/12\\\/tener-el-mayor-respaldo-electoral-en-el-pais-obliga-a-no-fallarles-a-los-sinaloenses-rocha\\\/#primaryimage\",\"url\":\"https:\\\/\\\/fuentesfidedignas.com.mx\\\/wp-content\\\/uploads\\\/2021\\\/06\\\/IMG-20210612-WA0012-1.jpg\",\"contentUrl\":\"https:\\\/\\\/fuentesfidedignas.com.mx\\\/wp-content\\\/uploads\\\/2021\\\/06\\\/IMG-20210612-WA0012-1.jpg\",\"width\":1040,\"height\":692},{\"@type\":\"BreadcrumbList\",\"@id\":\"https:\\\/\\\/fuentesfidedignas.com.mx\\\/index.php\\\/2021\\\/06\\\/12\\\/tener-el-mayor-respaldo-electoral-en-el-pais-obliga-a-no-fallarles-a-los-sinaloenses-rocha\\\/#breadcrumb\",\"itemListElement\":[{\"@type\":\"ListItem\",\"position\":1,\"name\":\"Inicio\",\"item\":\"https:\\\/\\\/fuentesfidedignas.com.mx\\\/\"},{\"@type\":\"ListItem\",\"position\":2,\"name\":\"Tener el mayor respaldo electoral en el pa\u00eds obliga a no fallarles a los sinaloenses: Rocha\"}]},{\"@type\":\"WebSite\",\"@id\":\"https:\\\/\\\/fuentesfidedignas.com.mx\\\/#website\",\"url\":\"https:\\\/\\\/fuentesfidedignas.com.mx\\\/\",\"name\":\"Fuentes Fidedignas\",\"description\":\"Otro sitio realizado con WordPress\",\"publisher\":{\"@id\":\"https:\\\/\\\/fuentesfidedignas.com.mx\\\/#organization\"},\"potentialAction\":[{\"@type\":\"SearchAction\",\"target\":{\"@type\":\"EntryPoint\",\"urlTemplate\":\"https:\\\/\\\/fuentesfidedignas.com.mx\\\/?s={search_term_string}\"},\"query-input\":{\"@type\":\"PropertyValueSpecification\",\"valueRequired\":true,\"valueName\":\"search_term_string\"}}],\"inLanguage\":\"es\"},{\"@type\":\"Organization\",\"@id\":\"https:\\\/\\\/fuentesfidedignas.com.mx\\\/#organization\",\"name\":\"Fuentes Fidedignas\",\"url\":\"https:\\\/\\\/fuentesfidedignas.com.mx\\\/\",\"logo\":{\"@type\":\"ImageObject\",\"inLanguage\":\"es\",\"@id\":\"https:\\\/\\\/fuentesfidedignas.com.mx\\\/#\\\/schema\\\/logo\\\/image\\\/\",\"url\":\"https:\\\/\\\/fuentesfidedignas.com.mx\\\/wp-content\\\/uploads\\\/2021\\\/04\\\/logo-retina.png\",\"contentUrl\":\"https:\\\/\\\/fuentesfidedignas.com.mx\\\/wp-content\\\/uploads\\\/2021\\\/04\\\/logo-retina.png\",\"width\":280,\"height\":51,\"caption\":\"Fuentes Fidedignas\"},\"image\":{\"@id\":\"https:\\\/\\\/fuentesfidedignas.com.mx\\\/#\\\/schema\\\/logo\\\/image\\\/\"},\"sameAs\":[\"https:\\\/\\\/www.facebook.com\\\/Fuentes-Fidedignas-368234489921644\",\"https:\\\/\\\/x.com\\\/fidedignas\"]},{\"@type\":\"Person\",\"@id\":\"https:\\\/\\\/fuentesfidedignas.com.mx\\\/#\\\/schema\\\/person\\\/331be9283d37198e2acd5750279085b0\",\"name\":\"Redacci\u00f3n\",\"image\":{\"@type\":\"ImageObject\",\"inLanguage\":\"es\",\"@id\":\"https:\\\/\\\/secure.gravatar.com\\\/avatar\\\/f6d8782c11d12b2d4ad3fbb6931aeab5309937a4d6cd2fc9cfaa28a6396a5aec?s=96&d=mm&r=g\",\"url\":\"https:\\\/\\\/secure.gravatar.com\\\/avatar\\\/f6d8782c11d12b2d4ad3fbb6931aeab5309937a4d6cd2fc9cfaa28a6396a5aec?s=96&d=mm&r=g\",\"contentUrl\":\"https:\\\/\\\/secure.gravatar.com\\\/avatar\\\/f6d8782c11d12b2d4ad3fbb6931aeab5309937a4d6cd2fc9cfaa28a6396a5aec?s=96&d=mm&r=g\",\"caption\":\"Redacci\u00f3n\"},\"url\":\"https:\\\/\\\/fuentesfidedignas.com.mx\\\/index.php\\\/author\\\/redaccion\\\/\"}]}<\/script>\n<!-- \/ Yoast SEO plugin. -->","yoast_head_json":{"title":"Tener el mayor respaldo electoral en el pa\u00eds obliga a no fallarles a los sinaloenses: Rocha - Fuentes Fidedignas","robots":{"index":"index","follow":"follow","max-snippet":"max-snippet:-1","max-image-preview":"max-image-preview:large","max-video-preview":"max-video-preview:-1"},"canonical":"https:\/\/fuentesfidedignas.com.mx\/index.php\/2021\/06\/12\/tener-el-mayor-respaldo-electoral-en-el-pais-obliga-a-no-fallarles-a-los-sinaloenses-rocha\/","og_locale":"es_MX","og_type":"article","og_title":"Tener el mayor respaldo electoral en el pa\u00eds obliga a no fallarles a los sinaloenses: Rocha - Fuentes Fidedignas","og_description":"El virtual gobernador agradece la generosidad de los electores y asegura que conducir\u00e1 un gobierno cercano a la poblaci\u00f3n Culiac\u00e1n, Sin. El virtual gobernador de Sinaloa, Rub\u00e9n Rocha Moya puntualiz\u00f3 que ser el candidato que recibi\u00f3 la mayor votaci\u00f3n en todo el pa\u00eds, casi el 57 por ciento, lo compromete a no fallarles a las [&hellip;]","og_url":"https:\/\/fuentesfidedignas.com.mx\/index.php\/2021\/06\/12\/tener-el-mayor-respaldo-electoral-en-el-pais-obliga-a-no-fallarles-a-los-sinaloenses-rocha\/","og_site_name":"Fuentes Fidedignas","article_publisher":"https:\/\/www.facebook.com\/Fuentes-Fidedignas-368234489921644","article_published_time":"2021-06-12T19:25:18+00:00","article_modified_time":"2021-06-12T19:25:21+00:00","og_image":[{"width":1040,"height":692,"url":"https:\/\/fuentesfidedignas.com.mx\/wp-content\/uploads\/2021\/06\/IMG-20210612-WA0012-1.jpg","type":"image\/jpeg"}],"author":"Redacci\u00f3n","twitter_card":"summary_large_image","twitter_creator":"@fidedignas","twitter_site":"@fidedignas","twitter_misc":{"Escrito por":"Redacci\u00f3n","Tiempo de lectura":"2 minutos"},"schema":{"@context":"https:\/\/schema.org","@graph":[{"@type":"Article","@id":"https:\/\/fuentesfidedignas.com.mx\/index.php\/2021\/06\/12\/tener-el-mayor-respaldo-electoral-en-el-pais-obliga-a-no-fallarles-a-los-sinaloenses-rocha\/#article","isPartOf":{"@id":"https:\/\/fuentesfidedignas.com.mx\/index.php\/2021\/06\/12\/tener-el-mayor-respaldo-electoral-en-el-pais-obliga-a-no-fallarles-a-los-sinaloenses-rocha\/"},"author":{"name":"Redacci\u00f3n","@id":"https:\/\/fuentesfidedignas.com.mx\/#\/schema\/person\/331be9283d37198e2acd5750279085b0"},"headline":"Tener el mayor respaldo electoral en el pa\u00eds obliga a no fallarles a los sinaloenses: Rocha","datePublished":"2021-06-12T19:25:18+00:00","dateModified":"2021-06-12T19:25:21+00:00","mainEntityOfPage":{"@id":"https:\/\/fuentesfidedignas.com.mx\/index.php\/2021\/06\/12\/tener-el-mayor-respaldo-electoral-en-el-pais-obliga-a-no-fallarles-a-los-sinaloenses-rocha\/"},"wordCount":408,"commentCount":0,"publisher":{"@id":"https:\/\/fuentesfidedignas.com.mx\/#organization"},"image":{"@id":"https:\/\/fuentesfidedignas.com.mx\/index.php\/2021\/06\/12\/tener-el-mayor-respaldo-electoral-en-el-pais-obliga-a-no-fallarles-a-los-sinaloenses-rocha\/#primaryimage"},"thumbnailUrl":"https:\/\/fuentesfidedignas.com.mx\/wp-content\/uploads\/2021\/06\/IMG-20210612-WA0012-1.jpg","articleSection":["NOTA PRINCIPAL"],"inLanguage":"es","potentialAction":[{"@type":"CommentAction","name":"Comment","target":["https:\/\/fuentesfidedignas.com.mx\/index.php\/2021\/06\/12\/tener-el-mayor-respaldo-electoral-en-el-pais-obliga-a-no-fallarles-a-los-sinaloenses-rocha\/#respond"]}]},{"@type":"WebPage","@id":"https:\/\/fuentesfidedignas.com.mx\/index.php\/2021\/06\/12\/tener-el-mayor-respaldo-electoral-en-el-pais-obliga-a-no-fallarles-a-los-sinaloenses-rocha\/","url":"https:\/\/fuentesfidedignas.com.mx\/index.php\/2021\/06\/12\/tener-el-mayor-respaldo-electoral-en-el-pais-obliga-a-no-fallarles-a-los-sinaloenses-rocha\/","name":"Tener el mayor respaldo electoral en el pa\u00eds obliga a no fallarles a los sinaloenses: Rocha - Fuentes Fidedignas","isPartOf":{"@id":"https:\/\/fuentesfidedignas.com.mx\/#website"},"primaryImageOfPage":{"@id":"https:\/\/fuentesfidedignas.com.mx\/index.php\/2021\/06\/12\/tener-el-mayor-respaldo-electoral-en-el-pais-obliga-a-no-fallarles-a-los-sinaloenses-rocha\/#primaryimage"},"image":{"@id":"https:\/\/fuentesfidedignas.com.mx\/index.php\/2021\/06\/12\/tener-el-mayor-respaldo-electoral-en-el-pais-obliga-a-no-fallarles-a-los-sinaloenses-rocha\/#primaryimage"},"thumbnailUrl":"https:\/\/fuentesfidedignas.com.mx\/wp-content\/uploads\/2021\/06\/IMG-20210612-WA0012-1.jpg","datePublished":"2021-06-12T19:25:18+00:00","dateModified":"2021-06-12T19:25:21+00:00","breadcrumb":{"@id":"https:\/\/fuentesfidedignas.com.mx\/index.php\/2021\/06\/12\/tener-el-mayor-respaldo-electoral-en-el-pais-obliga-a-no-fallarles-a-los-sinaloenses-rocha\/#breadcrumb"},"inLanguage":"es","potentialAction":[{"@type":"ReadAction","target":["https:\/\/fuentesfidedignas.com.mx\/index.php\/2021\/06\/12\/tener-el-mayor-respaldo-electoral-en-el-pais-obliga-a-no-fallarles-a-los-sinaloenses-rocha\/"]}]},{"@type":"ImageObject","inLanguage":"es","@id":"https:\/\/fuentesfidedignas.com.mx\/index.php\/2021\/06\/12\/tener-el-mayor-respaldo-electoral-en-el-pais-obliga-a-no-fallarles-a-los-sinaloenses-rocha\/#primaryimage","url":"https:\/\/fuentesfidedignas.com.mx\/wp-content\/uploads\/2021\/06\/IMG-20210612-WA0012-1.jpg","contentUrl":"https:\/\/fuentesfidedignas.com.mx\/wp-content\/uploads\/2021\/06\/IMG-20210612-WA0012-1.jpg","width":1040,"height":692},{"@type":"BreadcrumbList","@id":"https:\/\/fuentesfidedignas.com.mx\/index.php\/2021\/06\/12\/tener-el-mayor-respaldo-electoral-en-el-pais-obliga-a-no-fallarles-a-los-sinaloenses-rocha\/#breadcrumb","itemListElement":[{"@type":"ListItem","position":1,"name":"Inicio","item":"https:\/\/fuentesfidedignas.com.mx\/"},{"@type":"ListItem","position":2,"name":"Tener el mayor respaldo electoral en el pa\u00eds obliga a no fallarles a los sinaloenses: Rocha"}]},{"@type":"WebSite","@id":"https:\/\/fuentesfidedignas.com.mx\/#website","url":"https:\/\/fuentesfidedignas.com.mx\/","name":"Fuentes Fidedignas","description":"Otro sitio realizado con WordPress","publisher":{"@id":"https:\/\/fuentesfidedignas.com.mx\/#organization"},"potentialAction":[{"@type":"SearchAction","target":{"@type":"EntryPoint","urlTemplate":"https:\/\/fuentesfidedignas.com.mx\/?s={search_term_string}"},"query-input":{"@type":"PropertyValueSpecification","valueRequired":true,"valueName":"search_term_string"}}],"inLanguage":"es"},{"@type":"Organization","@id":"https:\/\/fuentesfidedignas.com.mx\/#organization","name":"Fuentes Fidedignas","url":"https:\/\/fuentesfidedignas.com.mx\/","logo":{"@type":"ImageObject","inLanguage":"es","@id":"https:\/\/fuentesfidedignas.com.mx\/#\/schema\/logo\/image\/","url":"https:\/\/fuentesfidedignas.com.mx\/wp-content\/uploads\/2021\/04\/logo-retina.png","contentUrl":"https:\/\/fuentesfidedignas.com.mx\/wp-content\/uploads\/2021\/04\/logo-retina.png","width":280,"height":51,"caption":"Fuentes Fidedignas"},"image":{"@id":"https:\/\/fuentesfidedignas.com.mx\/#\/schema\/logo\/image\/"},"sameAs":["https:\/\/www.facebook.com\/Fuentes-Fidedignas-368234489921644","https:\/\/x.com\/fidedignas"]},{"@type":"Person","@id":"https:\/\/fuentesfidedignas.com.mx\/#\/schema\/person\/331be9283d37198e2acd5750279085b0","name":"Redacci\u00f3n","image":{"@type":"ImageObject","inLanguage":"es","@id":"https:\/\/secure.gravatar.com\/avatar\/f6d8782c11d12b2d4ad3fbb6931aeab5309937a4d6cd2fc9cfaa28a6396a5aec?s=96&d=mm&r=g","url":"https:\/\/secure.gravatar.com\/avatar\/f6d8782c11d12b2d4ad3fbb6931aeab5309937a4d6cd2fc9cfaa28a6396a5aec?s=96&d=mm&r=g","contentUrl":"https:\/\/secure.gravatar.com\/avatar\/f6d8782c11d12b2d4ad3fbb6931aeab5309937a4d6cd2fc9cfaa28a6396a5aec?s=96&d=mm&r=g","caption":"Redacci\u00f3n"},"url":"https:\/\/fuentesfidedignas.com.mx\/index.php\/author\/redaccion\/"}]}},"_links":{"self":[{"href":"https:\/\/fuentesfidedignas.com.mx\/index.php\/wp-json\/wp\/v2\/posts\/4873","targetHints":{"allow":["GET"]}}],"collection":[{"href":"https:\/\/fuentesfidedignas.com.mx\/index.php\/wp-json\/wp\/v2\/posts"}],"about":[{"href":"https:\/\/fuentesfidedignas.com.mx\/index.php\/wp-json\/wp\/v2\/types\/post"}],"author":[{"embeddable":true,"href":"https:\/\/fuentesfidedignas.com.mx\/index.php\/wp-json\/wp\/v2\/users\/4"}],"replies":[{"embeddable":true,"href":"https:\/\/fuentesfidedignas.com.mx\/index.php\/wp-json\/wp\/v2\/comments?post=4873"}],"version-history":[{"count":1,"href":"https:\/\/fuentesfidedignas.com.mx\/index.php\/wp-json\/wp\/v2\/posts\/4873\/revisions"}],"predecessor-version":[{"id":4876,"href":"https:\/\/fuentesfidedignas.com.mx\/index.php\/wp-json\/wp\/v2\/posts\/4873\/revisions\/4876"}],"wp:featuredmedia":[{"embeddable":true,"href":"https:\/\/fuentesfidedignas.com.mx\/index.php\/wp-json\/wp\/v2\/media\/4875"}],"wp:attachment":[{"href":"https:\/\/fuentesfidedignas.com.mx\/index.php\/wp-json\/wp\/v2\/media?parent=4873"}],"wp:term":[{"taxonomy":"category","embeddable":true,"href":"https:\/\/fuentesfidedignas.com.mx\/index.php\/wp-json\/wp\/v2\/categories?post=4873"},{"taxonomy":"post_tag","embeddable":true,"href":"https:\/\/fuentesfidedignas.com.mx\/index.php\/wp-json\/wp\/v2\/tags?post=4873"}],"curies":[{"name":"wp","href":"https:\/\/api.w.org\/{rel}","templated":true}]}}