{"id":48697,"date":"2023-06-01T12:20:58","date_gmt":"2023-06-01T19:20:58","guid":{"rendered":"https:\/\/fuentesfidedignas.com.mx\/?p=48697"},"modified":"2023-06-01T12:35:20","modified_gmt":"2023-06-01T19:35:20","slug":"este-mes-se-reformaria-ley-organica-del-congreso-sera-una-cirugia-mayor","status":"publish","type":"post","link":"https:\/\/fuentesfidedignas.com.mx\/index.php\/2023\/06\/01\/este-mes-se-reformaria-ley-organica-del-congreso-sera-una-cirugia-mayor\/","title":{"rendered":"Este mes se reformar\u00eda Ley Org\u00e1nica del Congreso: &#8220;Ser\u00e1 una cirug\u00eda mayor&#8221;"},"content":{"rendered":"\n<p><strong><em>Incluir\u00e1 cambios para el proceso legislativo, la organizaci\u00f3n y trabajo de comisiones, as\u00ed como el manejo administrativo y financiero del Congreso<\/em><\/strong><\/p>\n\n\n\n<p>Culiac\u00e1n, Sin.- Las reformas a la Ley Org\u00e1nica del Congreso del Estado, estar\u00eda siendo votada en junio, afirm\u00f3 el presidente de la Junta de Coordinaci\u00f3n Pol\u00edtica (JUCOPO), Feliciano Castro Mel\u00e9ndrez.<\/p>\n\n\n\n<p>El diputado se\u00f1al\u00f3 que el dictamen ya se est\u00e1 preparando para ser llevado al pleno aproximadamente a mediados de mes. El cual se tratar\u00e1 de una &#8220;cirug\u00eda mayor&#8221; a la legislaci\u00f3n, ya que se tocar\u00e1n todos los \u00e1mbitos.<\/p>\n\n\n\n<p>Asimismo, el presidente de JUCOPO asegur\u00f3 que no existir\u00e1 ning\u00fan tema prohibido ni relegado para conformar la reforma que se ha venido anunciando desde hace algunos meses. La cual incluir\u00e1 cambios para el proceso legislativo, la organizaci\u00f3n y trabajo de comisiones, as\u00ed como el manejo administrativo y financiero del Congreso.<\/p>\n\n\n\n<p>&#8220;<strong>No hay un tema prohibido en el proceso de reforma, entran todos los temas que pueda plantear cualquier compa\u00f1ero. En verdad que es por decirlo as\u00ed: una cirug\u00eda mayor. Todos los temas se est\u00e1n revisando, todos los temas se est\u00e1n discutiendo&#8221;<\/strong>, detall\u00f3 Castro Mel\u00e9ndrez.<\/p>\n\n\n\n<figure class=\"wp-block-video\"><video height=\"288\" style=\"aspect-ratio: 640 \/ 288;\" width=\"640\" controls src=\"https:\/\/fuentesfidedignas.com.mx\/wp-content\/uploads\/2023\/06\/WhatsApp-Video-2023-06-01-at-12.11.10-PM.mp4\"><\/video><\/figure>\n\n\n","protected":false},"excerpt":{"rendered":"<p>Incluir\u00e1 cambios para el proceso legislativo, la organizaci\u00f3n y trabajo de comisiones, as\u00ed como el manejo administrativo y financiero del Congreso Culiac\u00e1n, Sin.- Las reformas a la Ley Org\u00e1nica del Congreso del Estado, estar\u00eda siendo votada en junio, afirm\u00f3 el presidente de la Junta de Coordinaci\u00f3n Pol\u00edtica (JUCOPO), Feliciano Castro Mel\u00e9ndrez. El diputado se\u00f1al\u00f3 que [&hellip;]<\/p>\n","protected":false},"author":11,"featured_media":45753,"comment_status":"open","ping_status":"open","sticky":false,"template":"","format":"standard","meta":{"tdm_status":"","tdm_grid_status":"","footnotes":""},"categories":[37],"tags":[],"class_list":{"0":"post-48697","1":"post","2":"type-post","3":"status-publish","4":"format-standard","5":"has-post-thumbnail","7":"category-nota-principal"},"yoast_head":"<!-- This site is optimized with the Yoast SEO plugin v27.4 - https:\/\/yoast.com\/product\/yoast-seo-wordpress\/ -->\n<title>Este mes se reformar\u00eda Ley Org\u00e1nica del Congreso: &quot;Ser\u00e1 una cirug\u00eda mayor&quot; - Fuentes Fidedignas<\/title>\n<meta name=\"robots\" content=\"index, follow, max-snippet:-1, max-image-preview:large, max-video-preview:-1\" \/>\n<link rel=\"canonical\" href=\"https:\/\/fuentesfidedignas.com.mx\/index.php\/2023\/06\/01\/este-mes-se-reformaria-ley-organica-del-congreso-sera-una-cirugia-mayor\/\" \/>\n<meta property=\"og:locale\" content=\"es_MX\" \/>\n<meta property=\"og:type\" content=\"article\" \/>\n<meta property=\"og:title\" content=\"Este mes se reformar\u00eda Ley Org\u00e1nica del Congreso: &quot;Ser\u00e1 una cirug\u00eda mayor&quot; - Fuentes Fidedignas\" \/>\n<meta property=\"og:description\" content=\"Incluir\u00e1 cambios para el proceso legislativo, la organizaci\u00f3n y trabajo de comisiones, as\u00ed como el manejo administrativo y financiero del Congreso Culiac\u00e1n, Sin.- Las reformas a la Ley Org\u00e1nica del Congreso del Estado, estar\u00eda siendo votada en junio, afirm\u00f3 el presidente de la Junta de Coordinaci\u00f3n Pol\u00edtica (JUCOPO), Feliciano Castro Mel\u00e9ndrez. El diputado se\u00f1al\u00f3 que [&hellip;]\" \/>\n<meta property=\"og:url\" content=\"https:\/\/fuentesfidedignas.com.mx\/index.php\/2023\/06\/01\/este-mes-se-reformaria-ley-organica-del-congreso-sera-una-cirugia-mayor\/\" \/>\n<meta property=\"og:site_name\" content=\"Fuentes Fidedignas\" \/>\n<meta property=\"article:publisher\" content=\"https:\/\/www.facebook.com\/Fuentes-Fidedignas-368234489921644\" \/>\n<meta property=\"article:published_time\" content=\"2023-06-01T19:20:58+00:00\" \/>\n<meta property=\"article:modified_time\" content=\"2023-06-01T19:35:20+00:00\" \/>\n<meta property=\"og:image\" content=\"https:\/\/fuentesfidedignas.com.mx\/wp-content\/uploads\/2023\/04\/congre-e1685647250993.jpg\" \/>\n\t<meta property=\"og:image:width\" content=\"600\" \/>\n\t<meta property=\"og:image:height\" content=\"338\" \/>\n\t<meta property=\"og:image:type\" content=\"image\/jpeg\" \/>\n<meta name=\"author\" content=\"Marissa Palafox\" \/>\n<meta name=\"twitter:card\" content=\"summary_large_image\" \/>\n<meta name=\"twitter:creator\" content=\"@fidedignas\" \/>\n<meta name=\"twitter:site\" content=\"@fidedignas\" \/>\n<meta name=\"twitter:label1\" content=\"Escrito por\" \/>\n\t<meta name=\"twitter:data1\" content=\"Marissa Palafox\" \/>\n\t<meta name=\"twitter:label2\" content=\"Tiempo de lectura\" \/>\n\t<meta name=\"twitter:data2\" content=\"1 minuto\" \/>\n<script type=\"application\/ld+json\" class=\"yoast-schema-graph\">{\"@context\":\"https:\\\/\\\/schema.org\",\"@graph\":[{\"@type\":\"Article\",\"@id\":\"https:\\\/\\\/fuentesfidedignas.com.mx\\\/index.php\\\/2023\\\/06\\\/01\\\/este-mes-se-reformaria-ley-organica-del-congreso-sera-una-cirugia-mayor\\\/#article\",\"isPartOf\":{\"@id\":\"https:\\\/\\\/fuentesfidedignas.com.mx\\\/index.php\\\/2023\\\/06\\\/01\\\/este-mes-se-reformaria-ley-organica-del-congreso-sera-una-cirugia-mayor\\\/\"},\"author\":{\"name\":\"Marissa Palafox\",\"@id\":\"https:\\\/\\\/fuentesfidedignas.com.mx\\\/#\\\/schema\\\/person\\\/2c10028b4a30078c05a056a215342ab9\"},\"headline\":\"Este mes se reformar\u00eda Ley Org\u00e1nica del Congreso: &#8220;Ser\u00e1 una cirug\u00eda mayor&#8221;\",\"datePublished\":\"2023-06-01T19:20:58+00:00\",\"dateModified\":\"2023-06-01T19:35:20+00:00\",\"mainEntityOfPage\":{\"@id\":\"https:\\\/\\\/fuentesfidedignas.com.mx\\\/index.php\\\/2023\\\/06\\\/01\\\/este-mes-se-reformaria-ley-organica-del-congreso-sera-una-cirugia-mayor\\\/\"},\"wordCount\":217,\"commentCount\":0,\"publisher\":{\"@id\":\"https:\\\/\\\/fuentesfidedignas.com.mx\\\/#organization\"},\"image\":{\"@id\":\"https:\\\/\\\/fuentesfidedignas.com.mx\\\/index.php\\\/2023\\\/06\\\/01\\\/este-mes-se-reformaria-ley-organica-del-congreso-sera-una-cirugia-mayor\\\/#primaryimage\"},\"thumbnailUrl\":\"https:\\\/\\\/fuentesfidedignas.com.mx\\\/wp-content\\\/uploads\\\/2023\\\/04\\\/congre-e1685647250993.jpg\",\"articleSection\":[\"NOTA PRINCIPAL\"],\"inLanguage\":\"es\",\"potentialAction\":[{\"@type\":\"CommentAction\",\"name\":\"Comment\",\"target\":[\"https:\\\/\\\/fuentesfidedignas.com.mx\\\/index.php\\\/2023\\\/06\\\/01\\\/este-mes-se-reformaria-ley-organica-del-congreso-sera-una-cirugia-mayor\\\/#respond\"]}]},{\"@type\":\"WebPage\",\"@id\":\"https:\\\/\\\/fuentesfidedignas.com.mx\\\/index.php\\\/2023\\\/06\\\/01\\\/este-mes-se-reformaria-ley-organica-del-congreso-sera-una-cirugia-mayor\\\/\",\"url\":\"https:\\\/\\\/fuentesfidedignas.com.mx\\\/index.php\\\/2023\\\/06\\\/01\\\/este-mes-se-reformaria-ley-organica-del-congreso-sera-una-cirugia-mayor\\\/\",\"name\":\"Este mes se reformar\u00eda Ley Org\u00e1nica del Congreso: \\\"Ser\u00e1 una cirug\u00eda mayor\\\" - Fuentes Fidedignas\",\"isPartOf\":{\"@id\":\"https:\\\/\\\/fuentesfidedignas.com.mx\\\/#website\"},\"primaryImageOfPage\":{\"@id\":\"https:\\\/\\\/fuentesfidedignas.com.mx\\\/index.php\\\/2023\\\/06\\\/01\\\/este-mes-se-reformaria-ley-organica-del-congreso-sera-una-cirugia-mayor\\\/#primaryimage\"},\"image\":{\"@id\":\"https:\\\/\\\/fuentesfidedignas.com.mx\\\/index.php\\\/2023\\\/06\\\/01\\\/este-mes-se-reformaria-ley-organica-del-congreso-sera-una-cirugia-mayor\\\/#primaryimage\"},\"thumbnailUrl\":\"https:\\\/\\\/fuentesfidedignas.com.mx\\\/wp-content\\\/uploads\\\/2023\\\/04\\\/congre-e1685647250993.jpg\",\"datePublished\":\"2023-06-01T19:20:58+00:00\",\"dateModified\":\"2023-06-01T19:35:20+00:00\",\"breadcrumb\":{\"@id\":\"https:\\\/\\\/fuentesfidedignas.com.mx\\\/index.php\\\/2023\\\/06\\\/01\\\/este-mes-se-reformaria-ley-organica-del-congreso-sera-una-cirugia-mayor\\\/#breadcrumb\"},\"inLanguage\":\"es\",\"potentialAction\":[{\"@type\":\"ReadAction\",\"target\":[\"https:\\\/\\\/fuentesfidedignas.com.mx\\\/index.php\\\/2023\\\/06\\\/01\\\/este-mes-se-reformaria-ley-organica-del-congreso-sera-una-cirugia-mayor\\\/\"]}]},{\"@type\":\"ImageObject\",\"inLanguage\":\"es\",\"@id\":\"https:\\\/\\\/fuentesfidedignas.com.mx\\\/index.php\\\/2023\\\/06\\\/01\\\/este-mes-se-reformaria-ley-organica-del-congreso-sera-una-cirugia-mayor\\\/#primaryimage\",\"url\":\"https:\\\/\\\/fuentesfidedignas.com.mx\\\/wp-content\\\/uploads\\\/2023\\\/04\\\/congre-e1685647250993.jpg\",\"contentUrl\":\"https:\\\/\\\/fuentesfidedignas.com.mx\\\/wp-content\\\/uploads\\\/2023\\\/04\\\/congre-e1685647250993.jpg\",\"width\":600,\"height\":338},{\"@type\":\"BreadcrumbList\",\"@id\":\"https:\\\/\\\/fuentesfidedignas.com.mx\\\/index.php\\\/2023\\\/06\\\/01\\\/este-mes-se-reformaria-ley-organica-del-congreso-sera-una-cirugia-mayor\\\/#breadcrumb\",\"itemListElement\":[{\"@type\":\"ListItem\",\"position\":1,\"name\":\"Inicio\",\"item\":\"https:\\\/\\\/fuentesfidedignas.com.mx\\\/\"},{\"@type\":\"ListItem\",\"position\":2,\"name\":\"Este mes se reformar\u00eda Ley Org\u00e1nica del Congreso: &#8220;Ser\u00e1 una cirug\u00eda mayor&#8221;\"}]},{\"@type\":\"WebSite\",\"@id\":\"https:\\\/\\\/fuentesfidedignas.com.mx\\\/#website\",\"url\":\"https:\\\/\\\/fuentesfidedignas.com.mx\\\/\",\"name\":\"Fuentes Fidedignas\",\"description\":\"Otro sitio realizado con WordPress\",\"publisher\":{\"@id\":\"https:\\\/\\\/fuentesfidedignas.com.mx\\\/#organization\"},\"potentialAction\":[{\"@type\":\"SearchAction\",\"target\":{\"@type\":\"EntryPoint\",\"urlTemplate\":\"https:\\\/\\\/fuentesfidedignas.com.mx\\\/?s={search_term_string}\"},\"query-input\":{\"@type\":\"PropertyValueSpecification\",\"valueRequired\":true,\"valueName\":\"search_term_string\"}}],\"inLanguage\":\"es\"},{\"@type\":\"Organization\",\"@id\":\"https:\\\/\\\/fuentesfidedignas.com.mx\\\/#organization\",\"name\":\"Fuentes Fidedignas\",\"url\":\"https:\\\/\\\/fuentesfidedignas.com.mx\\\/\",\"logo\":{\"@type\":\"ImageObject\",\"inLanguage\":\"es\",\"@id\":\"https:\\\/\\\/fuentesfidedignas.com.mx\\\/#\\\/schema\\\/logo\\\/image\\\/\",\"url\":\"https:\\\/\\\/fuentesfidedignas.com.mx\\\/wp-content\\\/uploads\\\/2021\\\/04\\\/logo-retina.png\",\"contentUrl\":\"https:\\\/\\\/fuentesfidedignas.com.mx\\\/wp-content\\\/uploads\\\/2021\\\/04\\\/logo-retina.png\",\"width\":280,\"height\":51,\"caption\":\"Fuentes Fidedignas\"},\"image\":{\"@id\":\"https:\\\/\\\/fuentesfidedignas.com.mx\\\/#\\\/schema\\\/logo\\\/image\\\/\"},\"sameAs\":[\"https:\\\/\\\/www.facebook.com\\\/Fuentes-Fidedignas-368234489921644\",\"https:\\\/\\\/x.com\\\/fidedignas\"]},{\"@type\":\"Person\",\"@id\":\"https:\\\/\\\/fuentesfidedignas.com.mx\\\/#\\\/schema\\\/person\\\/2c10028b4a30078c05a056a215342ab9\",\"name\":\"Marissa Palafox\",\"image\":{\"@type\":\"ImageObject\",\"inLanguage\":\"es\",\"@id\":\"https:\\\/\\\/secure.gravatar.com\\\/avatar\\\/20a43bdb2f2db10f20b22d4e98b96eb027faf98f7f76d29854dc5fab46d1cf71?s=96&d=mm&r=g\",\"url\":\"https:\\\/\\\/secure.gravatar.com\\\/avatar\\\/20a43bdb2f2db10f20b22d4e98b96eb027faf98f7f76d29854dc5fab46d1cf71?s=96&d=mm&r=g\",\"contentUrl\":\"https:\\\/\\\/secure.gravatar.com\\\/avatar\\\/20a43bdb2f2db10f20b22d4e98b96eb027faf98f7f76d29854dc5fab46d1cf71?s=96&d=mm&r=g\",\"caption\":\"Marissa Palafox\"},\"url\":\"https:\\\/\\\/fuentesfidedignas.com.mx\\\/index.php\\\/author\\\/marissa\\\/\"}]}<\/script>\n<!-- \/ Yoast SEO plugin. -->","yoast_head_json":{"title":"Este mes se reformar\u00eda Ley Org\u00e1nica del Congreso: \"Ser\u00e1 una cirug\u00eda mayor\" - Fuentes Fidedignas","robots":{"index":"index","follow":"follow","max-snippet":"max-snippet:-1","max-image-preview":"max-image-preview:large","max-video-preview":"max-video-preview:-1"},"canonical":"https:\/\/fuentesfidedignas.com.mx\/index.php\/2023\/06\/01\/este-mes-se-reformaria-ley-organica-del-congreso-sera-una-cirugia-mayor\/","og_locale":"es_MX","og_type":"article","og_title":"Este mes se reformar\u00eda Ley Org\u00e1nica del Congreso: \"Ser\u00e1 una cirug\u00eda mayor\" - Fuentes Fidedignas","og_description":"Incluir\u00e1 cambios para el proceso legislativo, la organizaci\u00f3n y trabajo de comisiones, as\u00ed como el manejo administrativo y financiero del Congreso Culiac\u00e1n, Sin.- Las reformas a la Ley Org\u00e1nica del Congreso del Estado, estar\u00eda siendo votada en junio, afirm\u00f3 el presidente de la Junta de Coordinaci\u00f3n Pol\u00edtica (JUCOPO), Feliciano Castro Mel\u00e9ndrez. El diputado se\u00f1al\u00f3 que [&hellip;]","og_url":"https:\/\/fuentesfidedignas.com.mx\/index.php\/2023\/06\/01\/este-mes-se-reformaria-ley-organica-del-congreso-sera-una-cirugia-mayor\/","og_site_name":"Fuentes Fidedignas","article_publisher":"https:\/\/www.facebook.com\/Fuentes-Fidedignas-368234489921644","article_published_time":"2023-06-01T19:20:58+00:00","article_modified_time":"2023-06-01T19:35:20+00:00","og_image":[{"width":600,"height":338,"url":"https:\/\/fuentesfidedignas.com.mx\/wp-content\/uploads\/2023\/04\/congre-e1685647250993.jpg","type":"image\/jpeg"}],"author":"Marissa Palafox","twitter_card":"summary_large_image","twitter_creator":"@fidedignas","twitter_site":"@fidedignas","twitter_misc":{"Escrito por":"Marissa Palafox","Tiempo de lectura":"1 minuto"},"schema":{"@context":"https:\/\/schema.org","@graph":[{"@type":"Article","@id":"https:\/\/fuentesfidedignas.com.mx\/index.php\/2023\/06\/01\/este-mes-se-reformaria-ley-organica-del-congreso-sera-una-cirugia-mayor\/#article","isPartOf":{"@id":"https:\/\/fuentesfidedignas.com.mx\/index.php\/2023\/06\/01\/este-mes-se-reformaria-ley-organica-del-congreso-sera-una-cirugia-mayor\/"},"author":{"name":"Marissa Palafox","@id":"https:\/\/fuentesfidedignas.com.mx\/#\/schema\/person\/2c10028b4a30078c05a056a215342ab9"},"headline":"Este mes se reformar\u00eda Ley Org\u00e1nica del Congreso: &#8220;Ser\u00e1 una cirug\u00eda mayor&#8221;","datePublished":"2023-06-01T19:20:58+00:00","dateModified":"2023-06-01T19:35:20+00:00","mainEntityOfPage":{"@id":"https:\/\/fuentesfidedignas.com.mx\/index.php\/2023\/06\/01\/este-mes-se-reformaria-ley-organica-del-congreso-sera-una-cirugia-mayor\/"},"wordCount":217,"commentCount":0,"publisher":{"@id":"https:\/\/fuentesfidedignas.com.mx\/#organization"},"image":{"@id":"https:\/\/fuentesfidedignas.com.mx\/index.php\/2023\/06\/01\/este-mes-se-reformaria-ley-organica-del-congreso-sera-una-cirugia-mayor\/#primaryimage"},"thumbnailUrl":"https:\/\/fuentesfidedignas.com.mx\/wp-content\/uploads\/2023\/04\/congre-e1685647250993.jpg","articleSection":["NOTA PRINCIPAL"],"inLanguage":"es","potentialAction":[{"@type":"CommentAction","name":"Comment","target":["https:\/\/fuentesfidedignas.com.mx\/index.php\/2023\/06\/01\/este-mes-se-reformaria-ley-organica-del-congreso-sera-una-cirugia-mayor\/#respond"]}]},{"@type":"WebPage","@id":"https:\/\/fuentesfidedignas.com.mx\/index.php\/2023\/06\/01\/este-mes-se-reformaria-ley-organica-del-congreso-sera-una-cirugia-mayor\/","url":"https:\/\/fuentesfidedignas.com.mx\/index.php\/2023\/06\/01\/este-mes-se-reformaria-ley-organica-del-congreso-sera-una-cirugia-mayor\/","name":"Este mes se reformar\u00eda Ley Org\u00e1nica del Congreso: \"Ser\u00e1 una cirug\u00eda mayor\" - Fuentes Fidedignas","isPartOf":{"@id":"https:\/\/fuentesfidedignas.com.mx\/#website"},"primaryImageOfPage":{"@id":"https:\/\/fuentesfidedignas.com.mx\/index.php\/2023\/06\/01\/este-mes-se-reformaria-ley-organica-del-congreso-sera-una-cirugia-mayor\/#primaryimage"},"image":{"@id":"https:\/\/fuentesfidedignas.com.mx\/index.php\/2023\/06\/01\/este-mes-se-reformaria-ley-organica-del-congreso-sera-una-cirugia-mayor\/#primaryimage"},"thumbnailUrl":"https:\/\/fuentesfidedignas.com.mx\/wp-content\/uploads\/2023\/04\/congre-e1685647250993.jpg","datePublished":"2023-06-01T19:20:58+00:00","dateModified":"2023-06-01T19:35:20+00:00","breadcrumb":{"@id":"https:\/\/fuentesfidedignas.com.mx\/index.php\/2023\/06\/01\/este-mes-se-reformaria-ley-organica-del-congreso-sera-una-cirugia-mayor\/#breadcrumb"},"inLanguage":"es","potentialAction":[{"@type":"ReadAction","target":["https:\/\/fuentesfidedignas.com.mx\/index.php\/2023\/06\/01\/este-mes-se-reformaria-ley-organica-del-congreso-sera-una-cirugia-mayor\/"]}]},{"@type":"ImageObject","inLanguage":"es","@id":"https:\/\/fuentesfidedignas.com.mx\/index.php\/2023\/06\/01\/este-mes-se-reformaria-ley-organica-del-congreso-sera-una-cirugia-mayor\/#primaryimage","url":"https:\/\/fuentesfidedignas.com.mx\/wp-content\/uploads\/2023\/04\/congre-e1685647250993.jpg","contentUrl":"https:\/\/fuentesfidedignas.com.mx\/wp-content\/uploads\/2023\/04\/congre-e1685647250993.jpg","width":600,"height":338},{"@type":"BreadcrumbList","@id":"https:\/\/fuentesfidedignas.com.mx\/index.php\/2023\/06\/01\/este-mes-se-reformaria-ley-organica-del-congreso-sera-una-cirugia-mayor\/#breadcrumb","itemListElement":[{"@type":"ListItem","position":1,"name":"Inicio","item":"https:\/\/fuentesfidedignas.com.mx\/"},{"@type":"ListItem","position":2,"name":"Este mes se reformar\u00eda Ley Org\u00e1nica del Congreso: &#8220;Ser\u00e1 una cirug\u00eda mayor&#8221;"}]},{"@type":"WebSite","@id":"https:\/\/fuentesfidedignas.com.mx\/#website","url":"https:\/\/fuentesfidedignas.com.mx\/","name":"Fuentes Fidedignas","description":"Otro sitio realizado con WordPress","publisher":{"@id":"https:\/\/fuentesfidedignas.com.mx\/#organization"},"potentialAction":[{"@type":"SearchAction","target":{"@type":"EntryPoint","urlTemplate":"https:\/\/fuentesfidedignas.com.mx\/?s={search_term_string}"},"query-input":{"@type":"PropertyValueSpecification","valueRequired":true,"valueName":"search_term_string"}}],"inLanguage":"es"},{"@type":"Organization","@id":"https:\/\/fuentesfidedignas.com.mx\/#organization","name":"Fuentes Fidedignas","url":"https:\/\/fuentesfidedignas.com.mx\/","logo":{"@type":"ImageObject","inLanguage":"es","@id":"https:\/\/fuentesfidedignas.com.mx\/#\/schema\/logo\/image\/","url":"https:\/\/fuentesfidedignas.com.mx\/wp-content\/uploads\/2021\/04\/logo-retina.png","contentUrl":"https:\/\/fuentesfidedignas.com.mx\/wp-content\/uploads\/2021\/04\/logo-retina.png","width":280,"height":51,"caption":"Fuentes Fidedignas"},"image":{"@id":"https:\/\/fuentesfidedignas.com.mx\/#\/schema\/logo\/image\/"},"sameAs":["https:\/\/www.facebook.com\/Fuentes-Fidedignas-368234489921644","https:\/\/x.com\/fidedignas"]},{"@type":"Person","@id":"https:\/\/fuentesfidedignas.com.mx\/#\/schema\/person\/2c10028b4a30078c05a056a215342ab9","name":"Marissa Palafox","image":{"@type":"ImageObject","inLanguage":"es","@id":"https:\/\/secure.gravatar.com\/avatar\/20a43bdb2f2db10f20b22d4e98b96eb027faf98f7f76d29854dc5fab46d1cf71?s=96&d=mm&r=g","url":"https:\/\/secure.gravatar.com\/avatar\/20a43bdb2f2db10f20b22d4e98b96eb027faf98f7f76d29854dc5fab46d1cf71?s=96&d=mm&r=g","contentUrl":"https:\/\/secure.gravatar.com\/avatar\/20a43bdb2f2db10f20b22d4e98b96eb027faf98f7f76d29854dc5fab46d1cf71?s=96&d=mm&r=g","caption":"Marissa Palafox"},"url":"https:\/\/fuentesfidedignas.com.mx\/index.php\/author\/marissa\/"}]}},"_links":{"self":[{"href":"https:\/\/fuentesfidedignas.com.mx\/index.php\/wp-json\/wp\/v2\/posts\/48697","targetHints":{"allow":["GET"]}}],"collection":[{"href":"https:\/\/fuentesfidedignas.com.mx\/index.php\/wp-json\/wp\/v2\/posts"}],"about":[{"href":"https:\/\/fuentesfidedignas.com.mx\/index.php\/wp-json\/wp\/v2\/types\/post"}],"author":[{"embeddable":true,"href":"https:\/\/fuentesfidedignas.com.mx\/index.php\/wp-json\/wp\/v2\/users\/11"}],"replies":[{"embeddable":true,"href":"https:\/\/fuentesfidedignas.com.mx\/index.php\/wp-json\/wp\/v2\/comments?post=48697"}],"version-history":[{"count":3,"href":"https:\/\/fuentesfidedignas.com.mx\/index.php\/wp-json\/wp\/v2\/posts\/48697\/revisions"}],"predecessor-version":[{"id":48709,"href":"https:\/\/fuentesfidedignas.com.mx\/index.php\/wp-json\/wp\/v2\/posts\/48697\/revisions\/48709"}],"wp:featuredmedia":[{"embeddable":true,"href":"https:\/\/fuentesfidedignas.com.mx\/index.php\/wp-json\/wp\/v2\/media\/45753"}],"wp:attachment":[{"href":"https:\/\/fuentesfidedignas.com.mx\/index.php\/wp-json\/wp\/v2\/media?parent=48697"}],"wp:term":[{"taxonomy":"category","embeddable":true,"href":"https:\/\/fuentesfidedignas.com.mx\/index.php\/wp-json\/wp\/v2\/categories?post=48697"},{"taxonomy":"post_tag","embeddable":true,"href":"https:\/\/fuentesfidedignas.com.mx\/index.php\/wp-json\/wp\/v2\/tags?post=48697"}],"curies":[{"name":"wp","href":"https:\/\/api.w.org\/{rel}","templated":true}]}}