{"id":48586,"date":"2023-05-31T11:44:36","date_gmt":"2023-05-31T18:44:36","guid":{"rendered":"https:\/\/fuentesfidedignas.com.mx\/?p=48586"},"modified":"2023-05-31T11:56:22","modified_gmt":"2023-05-31T18:56:22","slug":"estamos-listos-para-sentarnos-con-el-rector-diputados-reiteran-apertura-al-dialogo-con-la-uas","status":"publish","type":"post","link":"https:\/\/fuentesfidedignas.com.mx\/index.php\/2023\/05\/31\/estamos-listos-para-sentarnos-con-el-rector-diputados-reiteran-apertura-al-dialogo-con-la-uas\/","title":{"rendered":"&#8220;Estamos listos para sentarnos con el Rector&#8221;; Diputados reiteran apertura al di\u00e1logo con la UAS"},"content":{"rendered":"\n<p><strong><em>La intenci\u00f3n de di\u00e1logo se hizo llegar a la universidad a trav\u00e9s de un oficio firmado por la Mesa Directiva y la Junta de Coordinaci\u00f3n Pol\u00edtica del Congreso<\/em><\/strong><\/p>\n\n\n\n<p>Culiac\u00e1n, Sin.- El Congreso del Estado reiter\u00f3 que &#8220;est\u00e1 listo&#8221; y hay disposici\u00f3n de su parte para reunirse con el Rector de la UAS, para establecer una mesa de di\u00e1logo para analizar las iniciativas para reformar la Ley Org\u00e1nica de la Universidad Aut\u00f3noma de Sinaloa.<\/p>\n\n\n\n<p>De esto se dio parte a trav\u00e9s de un oficio turnado a las autoridades universitarias, as\u00ed lo confirmaron en conferencia de prensa el presidente de la Junta de Coordinaci\u00f3n Pol\u00edtica (JUCOPO), Feliciano Castro; el presidente de la Mesa Directiva, Ricardo Madrid; el presidente de la Comisi\u00f3n de Educaci\u00f3n, Jos\u00e9 Manuel Luque; y el presidente de la Comisi\u00f3n de Fiscalizaci\u00f3n, Sergio Mario Arredondo.<\/p>\n\n\n\n<p>&#8220;<strong>Di\u00e1logo supone reuniones y estamos listos para sentarnos con el Rector para el di\u00e1logo, como lo hemos dicho en anteriores ocasiones. Hasta el momento no se ha llevado a cabo una reuni\u00f3n, y una vez m\u00e1s hacemos la propuesta<\/strong>&#8220;, detall\u00f3 el diputado Feliciano Castro. <\/p>\n\n\n\n<iframe loading=\"lazy\" src=\"https:\/\/www.facebook.com\/plugins\/video.php?height=314&#038;href=https%3A%2F%2Fwww.facebook.com%2F100050497569358%2Fvideos%2F1788522194876706%2F&#038;show_text=false&#038;width=560&#038;t=0\" width=\"560\" height=\"314\" style=\"border:none;overflow:hidden\" scrolling=\"no\" frameborder=\"0\" allowfullscreen=\"true\" allow=\"autoplay; clipboard-write; encrypted-media; picture-in-picture; web-share\" allowFullScreen=\"true\"><\/iframe>\n\n\n\n<p>A trav\u00e9s del documento entregado esta ma\u00f1ana a la Casa Rosalina, los diputados reconocen el referente educativo de la instituci\u00f3n y reconoce a la comunidad universitaria. Mismo que ya cuenta con la signa de recibido por parte de la Universidad Aut\u00f3noma de Sinaloa. Sin embargo, a\u00fan no hay respuesta por parte de las autoridades universitarias.<\/p>\n\n\n\n<p><strong>&#8220;Reiteramos nuestra voluntad y apertura al di\u00e1logo, al encuentro de voluntades teniendo como fin com\u00fan el inter\u00e9s y el beneficio de la comunidad universitaria&#8221;<\/strong>, se lee en el oficio que te compartimos a continuaci\u00f3n:<\/p>\n\n\n\n<figure class=\"wp-block-image size-large\"><img decoding=\"async\" width=\"769\" height=\"1024\" src=\"https:\/\/fuentesfidedignas.com.mx\/wp-content\/uploads\/2023\/05\/oficio-uas-1-769x1024.jpg\" alt=\"\" class=\"wp-image-48587\" srcset=\"https:\/\/fuentesfidedignas.com.mx\/wp-content\/uploads\/2023\/05\/oficio-uas-1-769x1024.jpg 769w, https:\/\/fuentesfidedignas.com.mx\/wp-content\/uploads\/2023\/05\/oficio-uas-1-225x300.jpg 225w, https:\/\/fuentesfidedignas.com.mx\/wp-content\/uploads\/2023\/05\/oficio-uas-1-768x1023.jpg 768w, https:\/\/fuentesfidedignas.com.mx\/wp-content\/uploads\/2023\/05\/oficio-uas-1-696x927.jpg 696w, https:\/\/fuentesfidedignas.com.mx\/wp-content\/uploads\/2023\/05\/oficio-uas-1-315x420.jpg 315w, https:\/\/fuentesfidedignas.com.mx\/wp-content\/uploads\/2023\/05\/oficio-uas-1.jpg 1041w\" sizes=\"(max-width: 769px) 100vw, 769px\" \/><\/figure>\n\n\n\n<figure class=\"wp-block-image size-large\"><img decoding=\"async\" width=\"758\" height=\"1024\" src=\"https:\/\/fuentesfidedignas.com.mx\/wp-content\/uploads\/2023\/05\/oficio-2-758x1024.jpg\" alt=\"\" class=\"wp-image-48588\" srcset=\"https:\/\/fuentesfidedignas.com.mx\/wp-content\/uploads\/2023\/05\/oficio-2-758x1024.jpg 758w, https:\/\/fuentesfidedignas.com.mx\/wp-content\/uploads\/2023\/05\/oficio-2-222x300.jpg 222w, https:\/\/fuentesfidedignas.com.mx\/wp-content\/uploads\/2023\/05\/oficio-2-768x1038.jpg 768w, https:\/\/fuentesfidedignas.com.mx\/wp-content\/uploads\/2023\/05\/oficio-2-696x941.jpg 696w, https:\/\/fuentesfidedignas.com.mx\/wp-content\/uploads\/2023\/05\/oficio-2-311x420.jpg 311w, https:\/\/fuentesfidedignas.com.mx\/wp-content\/uploads\/2023\/05\/oficio-2.jpg 1041w\" sizes=\"(max-width: 758px) 100vw, 758px\" \/><\/figure>\n","protected":false},"excerpt":{"rendered":"<p>La intenci\u00f3n de di\u00e1logo se hizo llegar a la universidad a trav\u00e9s de un oficio firmado por la Mesa Directiva y la Junta de Coordinaci\u00f3n Pol\u00edtica del Congreso Culiac\u00e1n, Sin.- El Congreso del Estado reiter\u00f3 que &#8220;est\u00e1 listo&#8221; y hay disposici\u00f3n de su parte para reunirse con el Rector de la UAS, para establecer una [&hellip;]<\/p>\n","protected":false},"author":11,"featured_media":48589,"comment_status":"open","ping_status":"open","sticky":false,"template":"","format":"standard","meta":{"tdm_status":"","tdm_grid_status":"","footnotes":""},"categories":[37],"tags":[],"class_list":{"0":"post-48586","1":"post","2":"type-post","3":"status-publish","4":"format-standard","5":"has-post-thumbnail","7":"category-nota-principal"},"yoast_head":"<!-- This site is optimized with the Yoast SEO plugin v27.5 - https:\/\/yoast.com\/product\/yoast-seo-wordpress\/ -->\n<title>&quot;Estamos listos para sentarnos con el Rector&quot;; Diputados reiteran apertura al di\u00e1logo con la UAS - Fuentes Fidedignas<\/title>\n<meta name=\"robots\" content=\"index, follow, max-snippet:-1, max-image-preview:large, max-video-preview:-1\" \/>\n<link rel=\"canonical\" href=\"https:\/\/fuentesfidedignas.com.mx\/index.php\/2023\/05\/31\/estamos-listos-para-sentarnos-con-el-rector-diputados-reiteran-apertura-al-dialogo-con-la-uas\/\" \/>\n<meta property=\"og:locale\" content=\"es_MX\" \/>\n<meta property=\"og:type\" content=\"article\" \/>\n<meta property=\"og:title\" content=\"&quot;Estamos listos para sentarnos con el Rector&quot;; Diputados reiteran apertura al di\u00e1logo con la UAS - Fuentes Fidedignas\" \/>\n<meta property=\"og:description\" content=\"La intenci\u00f3n de di\u00e1logo se hizo llegar a la universidad a trav\u00e9s de un oficio firmado por la Mesa Directiva y la Junta de Coordinaci\u00f3n Pol\u00edtica del Congreso Culiac\u00e1n, Sin.- El Congreso del Estado reiter\u00f3 que &#8220;est\u00e1 listo&#8221; y hay disposici\u00f3n de su parte para reunirse con el Rector de la UAS, para establecer una [&hellip;]\" \/>\n<meta property=\"og:url\" content=\"https:\/\/fuentesfidedignas.com.mx\/index.php\/2023\/05\/31\/estamos-listos-para-sentarnos-con-el-rector-diputados-reiteran-apertura-al-dialogo-con-la-uas\/\" \/>\n<meta property=\"og:site_name\" content=\"Fuentes Fidedignas\" \/>\n<meta property=\"article:publisher\" content=\"https:\/\/www.facebook.com\/Fuentes-Fidedignas-368234489921644\" \/>\n<meta property=\"article:published_time\" content=\"2023-05-31T18:44:36+00:00\" \/>\n<meta property=\"article:modified_time\" content=\"2023-05-31T18:56:22+00:00\" \/>\n<meta property=\"og:image\" content=\"https:\/\/fuentesfidedignas.com.mx\/wp-content\/uploads\/2023\/05\/uas-congreso-e1685558671980.jpg\" \/>\n\t<meta property=\"og:image:width\" content=\"600\" \/>\n\t<meta property=\"og:image:height\" content=\"405\" \/>\n\t<meta property=\"og:image:type\" content=\"image\/jpeg\" \/>\n<meta name=\"author\" content=\"Marissa Palafox\" \/>\n<meta name=\"twitter:card\" content=\"summary_large_image\" \/>\n<meta name=\"twitter:creator\" content=\"@fidedignas\" \/>\n<meta name=\"twitter:site\" content=\"@fidedignas\" \/>\n<meta name=\"twitter:label1\" content=\"Escrito por\" \/>\n\t<meta name=\"twitter:data1\" content=\"Marissa Palafox\" \/>\n\t<meta name=\"twitter:label2\" content=\"Tiempo de lectura\" \/>\n\t<meta name=\"twitter:data2\" content=\"2 minutos\" \/>\n<script type=\"application\/ld+json\" class=\"yoast-schema-graph\">{\"@context\":\"https:\\\/\\\/schema.org\",\"@graph\":[{\"@type\":\"Article\",\"@id\":\"https:\\\/\\\/fuentesfidedignas.com.mx\\\/index.php\\\/2023\\\/05\\\/31\\\/estamos-listos-para-sentarnos-con-el-rector-diputados-reiteran-apertura-al-dialogo-con-la-uas\\\/#article\",\"isPartOf\":{\"@id\":\"https:\\\/\\\/fuentesfidedignas.com.mx\\\/index.php\\\/2023\\\/05\\\/31\\\/estamos-listos-para-sentarnos-con-el-rector-diputados-reiteran-apertura-al-dialogo-con-la-uas\\\/\"},\"author\":{\"name\":\"Marissa Palafox\",\"@id\":\"https:\\\/\\\/fuentesfidedignas.com.mx\\\/#\\\/schema\\\/person\\\/2c10028b4a30078c05a056a215342ab9\"},\"headline\":\"&#8220;Estamos listos para sentarnos con el Rector&#8221;; Diputados reiteran apertura al di\u00e1logo con la UAS\",\"datePublished\":\"2023-05-31T18:44:36+00:00\",\"dateModified\":\"2023-05-31T18:56:22+00:00\",\"mainEntityOfPage\":{\"@id\":\"https:\\\/\\\/fuentesfidedignas.com.mx\\\/index.php\\\/2023\\\/05\\\/31\\\/estamos-listos-para-sentarnos-con-el-rector-diputados-reiteran-apertura-al-dialogo-con-la-uas\\\/\"},\"wordCount\":315,\"commentCount\":0,\"publisher\":{\"@id\":\"https:\\\/\\\/fuentesfidedignas.com.mx\\\/#organization\"},\"image\":{\"@id\":\"https:\\\/\\\/fuentesfidedignas.com.mx\\\/index.php\\\/2023\\\/05\\\/31\\\/estamos-listos-para-sentarnos-con-el-rector-diputados-reiteran-apertura-al-dialogo-con-la-uas\\\/#primaryimage\"},\"thumbnailUrl\":\"https:\\\/\\\/fuentesfidedignas.com.mx\\\/wp-content\\\/uploads\\\/2023\\\/05\\\/uas-congreso-e1685558671980.jpg\",\"articleSection\":[\"NOTA PRINCIPAL\"],\"inLanguage\":\"es\",\"potentialAction\":[{\"@type\":\"CommentAction\",\"name\":\"Comment\",\"target\":[\"https:\\\/\\\/fuentesfidedignas.com.mx\\\/index.php\\\/2023\\\/05\\\/31\\\/estamos-listos-para-sentarnos-con-el-rector-diputados-reiteran-apertura-al-dialogo-con-la-uas\\\/#respond\"]}]},{\"@type\":\"WebPage\",\"@id\":\"https:\\\/\\\/fuentesfidedignas.com.mx\\\/index.php\\\/2023\\\/05\\\/31\\\/estamos-listos-para-sentarnos-con-el-rector-diputados-reiteran-apertura-al-dialogo-con-la-uas\\\/\",\"url\":\"https:\\\/\\\/fuentesfidedignas.com.mx\\\/index.php\\\/2023\\\/05\\\/31\\\/estamos-listos-para-sentarnos-con-el-rector-diputados-reiteran-apertura-al-dialogo-con-la-uas\\\/\",\"name\":\"\\\"Estamos listos para sentarnos con el Rector\\\"; Diputados reiteran apertura al di\u00e1logo con la UAS - Fuentes Fidedignas\",\"isPartOf\":{\"@id\":\"https:\\\/\\\/fuentesfidedignas.com.mx\\\/#website\"},\"primaryImageOfPage\":{\"@id\":\"https:\\\/\\\/fuentesfidedignas.com.mx\\\/index.php\\\/2023\\\/05\\\/31\\\/estamos-listos-para-sentarnos-con-el-rector-diputados-reiteran-apertura-al-dialogo-con-la-uas\\\/#primaryimage\"},\"image\":{\"@id\":\"https:\\\/\\\/fuentesfidedignas.com.mx\\\/index.php\\\/2023\\\/05\\\/31\\\/estamos-listos-para-sentarnos-con-el-rector-diputados-reiteran-apertura-al-dialogo-con-la-uas\\\/#primaryimage\"},\"thumbnailUrl\":\"https:\\\/\\\/fuentesfidedignas.com.mx\\\/wp-content\\\/uploads\\\/2023\\\/05\\\/uas-congreso-e1685558671980.jpg\",\"datePublished\":\"2023-05-31T18:44:36+00:00\",\"dateModified\":\"2023-05-31T18:56:22+00:00\",\"breadcrumb\":{\"@id\":\"https:\\\/\\\/fuentesfidedignas.com.mx\\\/index.php\\\/2023\\\/05\\\/31\\\/estamos-listos-para-sentarnos-con-el-rector-diputados-reiteran-apertura-al-dialogo-con-la-uas\\\/#breadcrumb\"},\"inLanguage\":\"es\",\"potentialAction\":[{\"@type\":\"ReadAction\",\"target\":[\"https:\\\/\\\/fuentesfidedignas.com.mx\\\/index.php\\\/2023\\\/05\\\/31\\\/estamos-listos-para-sentarnos-con-el-rector-diputados-reiteran-apertura-al-dialogo-con-la-uas\\\/\"]}]},{\"@type\":\"ImageObject\",\"inLanguage\":\"es\",\"@id\":\"https:\\\/\\\/fuentesfidedignas.com.mx\\\/index.php\\\/2023\\\/05\\\/31\\\/estamos-listos-para-sentarnos-con-el-rector-diputados-reiteran-apertura-al-dialogo-con-la-uas\\\/#primaryimage\",\"url\":\"https:\\\/\\\/fuentesfidedignas.com.mx\\\/wp-content\\\/uploads\\\/2023\\\/05\\\/uas-congreso-e1685558671980.jpg\",\"contentUrl\":\"https:\\\/\\\/fuentesfidedignas.com.mx\\\/wp-content\\\/uploads\\\/2023\\\/05\\\/uas-congreso-e1685558671980.jpg\",\"width\":600,\"height\":405},{\"@type\":\"BreadcrumbList\",\"@id\":\"https:\\\/\\\/fuentesfidedignas.com.mx\\\/index.php\\\/2023\\\/05\\\/31\\\/estamos-listos-para-sentarnos-con-el-rector-diputados-reiteran-apertura-al-dialogo-con-la-uas\\\/#breadcrumb\",\"itemListElement\":[{\"@type\":\"ListItem\",\"position\":1,\"name\":\"Inicio\",\"item\":\"https:\\\/\\\/fuentesfidedignas.com.mx\\\/\"},{\"@type\":\"ListItem\",\"position\":2,\"name\":\"&#8220;Estamos listos para sentarnos con el Rector&#8221;; Diputados reiteran apertura al di\u00e1logo con la UAS\"}]},{\"@type\":\"WebSite\",\"@id\":\"https:\\\/\\\/fuentesfidedignas.com.mx\\\/#website\",\"url\":\"https:\\\/\\\/fuentesfidedignas.com.mx\\\/\",\"name\":\"Fuentes Fidedignas\",\"description\":\"Otro sitio realizado con WordPress\",\"publisher\":{\"@id\":\"https:\\\/\\\/fuentesfidedignas.com.mx\\\/#organization\"},\"potentialAction\":[{\"@type\":\"SearchAction\",\"target\":{\"@type\":\"EntryPoint\",\"urlTemplate\":\"https:\\\/\\\/fuentesfidedignas.com.mx\\\/?s={search_term_string}\"},\"query-input\":{\"@type\":\"PropertyValueSpecification\",\"valueRequired\":true,\"valueName\":\"search_term_string\"}}],\"inLanguage\":\"es\"},{\"@type\":\"Organization\",\"@id\":\"https:\\\/\\\/fuentesfidedignas.com.mx\\\/#organization\",\"name\":\"Fuentes Fidedignas\",\"url\":\"https:\\\/\\\/fuentesfidedignas.com.mx\\\/\",\"logo\":{\"@type\":\"ImageObject\",\"inLanguage\":\"es\",\"@id\":\"https:\\\/\\\/fuentesfidedignas.com.mx\\\/#\\\/schema\\\/logo\\\/image\\\/\",\"url\":\"https:\\\/\\\/fuentesfidedignas.com.mx\\\/wp-content\\\/uploads\\\/2021\\\/04\\\/logo-retina.png\",\"contentUrl\":\"https:\\\/\\\/fuentesfidedignas.com.mx\\\/wp-content\\\/uploads\\\/2021\\\/04\\\/logo-retina.png\",\"width\":280,\"height\":51,\"caption\":\"Fuentes Fidedignas\"},\"image\":{\"@id\":\"https:\\\/\\\/fuentesfidedignas.com.mx\\\/#\\\/schema\\\/logo\\\/image\\\/\"},\"sameAs\":[\"https:\\\/\\\/www.facebook.com\\\/Fuentes-Fidedignas-368234489921644\",\"https:\\\/\\\/x.com\\\/fidedignas\"]},{\"@type\":\"Person\",\"@id\":\"https:\\\/\\\/fuentesfidedignas.com.mx\\\/#\\\/schema\\\/person\\\/2c10028b4a30078c05a056a215342ab9\",\"name\":\"Marissa Palafox\",\"image\":{\"@type\":\"ImageObject\",\"inLanguage\":\"es\",\"@id\":\"https:\\\/\\\/secure.gravatar.com\\\/avatar\\\/20a43bdb2f2db10f20b22d4e98b96eb027faf98f7f76d29854dc5fab46d1cf71?s=96&d=mm&r=g\",\"url\":\"https:\\\/\\\/secure.gravatar.com\\\/avatar\\\/20a43bdb2f2db10f20b22d4e98b96eb027faf98f7f76d29854dc5fab46d1cf71?s=96&d=mm&r=g\",\"contentUrl\":\"https:\\\/\\\/secure.gravatar.com\\\/avatar\\\/20a43bdb2f2db10f20b22d4e98b96eb027faf98f7f76d29854dc5fab46d1cf71?s=96&d=mm&r=g\",\"caption\":\"Marissa Palafox\"},\"url\":\"https:\\\/\\\/fuentesfidedignas.com.mx\\\/index.php\\\/author\\\/marissa\\\/\"}]}<\/script>\n<!-- \/ Yoast SEO plugin. -->","yoast_head_json":{"title":"\"Estamos listos para sentarnos con el Rector\"; Diputados reiteran apertura al di\u00e1logo con la UAS - Fuentes Fidedignas","robots":{"index":"index","follow":"follow","max-snippet":"max-snippet:-1","max-image-preview":"max-image-preview:large","max-video-preview":"max-video-preview:-1"},"canonical":"https:\/\/fuentesfidedignas.com.mx\/index.php\/2023\/05\/31\/estamos-listos-para-sentarnos-con-el-rector-diputados-reiteran-apertura-al-dialogo-con-la-uas\/","og_locale":"es_MX","og_type":"article","og_title":"\"Estamos listos para sentarnos con el Rector\"; Diputados reiteran apertura al di\u00e1logo con la UAS - Fuentes Fidedignas","og_description":"La intenci\u00f3n de di\u00e1logo se hizo llegar a la universidad a trav\u00e9s de un oficio firmado por la Mesa Directiva y la Junta de Coordinaci\u00f3n Pol\u00edtica del Congreso Culiac\u00e1n, Sin.- El Congreso del Estado reiter\u00f3 que &#8220;est\u00e1 listo&#8221; y hay disposici\u00f3n de su parte para reunirse con el Rector de la UAS, para establecer una [&hellip;]","og_url":"https:\/\/fuentesfidedignas.com.mx\/index.php\/2023\/05\/31\/estamos-listos-para-sentarnos-con-el-rector-diputados-reiteran-apertura-al-dialogo-con-la-uas\/","og_site_name":"Fuentes Fidedignas","article_publisher":"https:\/\/www.facebook.com\/Fuentes-Fidedignas-368234489921644","article_published_time":"2023-05-31T18:44:36+00:00","article_modified_time":"2023-05-31T18:56:22+00:00","og_image":[{"width":600,"height":405,"url":"https:\/\/fuentesfidedignas.com.mx\/wp-content\/uploads\/2023\/05\/uas-congreso-e1685558671980.jpg","type":"image\/jpeg"}],"author":"Marissa Palafox","twitter_card":"summary_large_image","twitter_creator":"@fidedignas","twitter_site":"@fidedignas","twitter_misc":{"Escrito por":"Marissa Palafox","Tiempo de lectura":"2 minutos"},"schema":{"@context":"https:\/\/schema.org","@graph":[{"@type":"Article","@id":"https:\/\/fuentesfidedignas.com.mx\/index.php\/2023\/05\/31\/estamos-listos-para-sentarnos-con-el-rector-diputados-reiteran-apertura-al-dialogo-con-la-uas\/#article","isPartOf":{"@id":"https:\/\/fuentesfidedignas.com.mx\/index.php\/2023\/05\/31\/estamos-listos-para-sentarnos-con-el-rector-diputados-reiteran-apertura-al-dialogo-con-la-uas\/"},"author":{"name":"Marissa Palafox","@id":"https:\/\/fuentesfidedignas.com.mx\/#\/schema\/person\/2c10028b4a30078c05a056a215342ab9"},"headline":"&#8220;Estamos listos para sentarnos con el Rector&#8221;; Diputados reiteran apertura al di\u00e1logo con la UAS","datePublished":"2023-05-31T18:44:36+00:00","dateModified":"2023-05-31T18:56:22+00:00","mainEntityOfPage":{"@id":"https:\/\/fuentesfidedignas.com.mx\/index.php\/2023\/05\/31\/estamos-listos-para-sentarnos-con-el-rector-diputados-reiteran-apertura-al-dialogo-con-la-uas\/"},"wordCount":315,"commentCount":0,"publisher":{"@id":"https:\/\/fuentesfidedignas.com.mx\/#organization"},"image":{"@id":"https:\/\/fuentesfidedignas.com.mx\/index.php\/2023\/05\/31\/estamos-listos-para-sentarnos-con-el-rector-diputados-reiteran-apertura-al-dialogo-con-la-uas\/#primaryimage"},"thumbnailUrl":"https:\/\/fuentesfidedignas.com.mx\/wp-content\/uploads\/2023\/05\/uas-congreso-e1685558671980.jpg","articleSection":["NOTA PRINCIPAL"],"inLanguage":"es","potentialAction":[{"@type":"CommentAction","name":"Comment","target":["https:\/\/fuentesfidedignas.com.mx\/index.php\/2023\/05\/31\/estamos-listos-para-sentarnos-con-el-rector-diputados-reiteran-apertura-al-dialogo-con-la-uas\/#respond"]}]},{"@type":"WebPage","@id":"https:\/\/fuentesfidedignas.com.mx\/index.php\/2023\/05\/31\/estamos-listos-para-sentarnos-con-el-rector-diputados-reiteran-apertura-al-dialogo-con-la-uas\/","url":"https:\/\/fuentesfidedignas.com.mx\/index.php\/2023\/05\/31\/estamos-listos-para-sentarnos-con-el-rector-diputados-reiteran-apertura-al-dialogo-con-la-uas\/","name":"\"Estamos listos para sentarnos con el Rector\"; Diputados reiteran apertura al di\u00e1logo con la UAS - Fuentes Fidedignas","isPartOf":{"@id":"https:\/\/fuentesfidedignas.com.mx\/#website"},"primaryImageOfPage":{"@id":"https:\/\/fuentesfidedignas.com.mx\/index.php\/2023\/05\/31\/estamos-listos-para-sentarnos-con-el-rector-diputados-reiteran-apertura-al-dialogo-con-la-uas\/#primaryimage"},"image":{"@id":"https:\/\/fuentesfidedignas.com.mx\/index.php\/2023\/05\/31\/estamos-listos-para-sentarnos-con-el-rector-diputados-reiteran-apertura-al-dialogo-con-la-uas\/#primaryimage"},"thumbnailUrl":"https:\/\/fuentesfidedignas.com.mx\/wp-content\/uploads\/2023\/05\/uas-congreso-e1685558671980.jpg","datePublished":"2023-05-31T18:44:36+00:00","dateModified":"2023-05-31T18:56:22+00:00","breadcrumb":{"@id":"https:\/\/fuentesfidedignas.com.mx\/index.php\/2023\/05\/31\/estamos-listos-para-sentarnos-con-el-rector-diputados-reiteran-apertura-al-dialogo-con-la-uas\/#breadcrumb"},"inLanguage":"es","potentialAction":[{"@type":"ReadAction","target":["https:\/\/fuentesfidedignas.com.mx\/index.php\/2023\/05\/31\/estamos-listos-para-sentarnos-con-el-rector-diputados-reiteran-apertura-al-dialogo-con-la-uas\/"]}]},{"@type":"ImageObject","inLanguage":"es","@id":"https:\/\/fuentesfidedignas.com.mx\/index.php\/2023\/05\/31\/estamos-listos-para-sentarnos-con-el-rector-diputados-reiteran-apertura-al-dialogo-con-la-uas\/#primaryimage","url":"https:\/\/fuentesfidedignas.com.mx\/wp-content\/uploads\/2023\/05\/uas-congreso-e1685558671980.jpg","contentUrl":"https:\/\/fuentesfidedignas.com.mx\/wp-content\/uploads\/2023\/05\/uas-congreso-e1685558671980.jpg","width":600,"height":405},{"@type":"BreadcrumbList","@id":"https:\/\/fuentesfidedignas.com.mx\/index.php\/2023\/05\/31\/estamos-listos-para-sentarnos-con-el-rector-diputados-reiteran-apertura-al-dialogo-con-la-uas\/#breadcrumb","itemListElement":[{"@type":"ListItem","position":1,"name":"Inicio","item":"https:\/\/fuentesfidedignas.com.mx\/"},{"@type":"ListItem","position":2,"name":"&#8220;Estamos listos para sentarnos con el Rector&#8221;; Diputados reiteran apertura al di\u00e1logo con la UAS"}]},{"@type":"WebSite","@id":"https:\/\/fuentesfidedignas.com.mx\/#website","url":"https:\/\/fuentesfidedignas.com.mx\/","name":"Fuentes Fidedignas","description":"Otro sitio realizado con WordPress","publisher":{"@id":"https:\/\/fuentesfidedignas.com.mx\/#organization"},"potentialAction":[{"@type":"SearchAction","target":{"@type":"EntryPoint","urlTemplate":"https:\/\/fuentesfidedignas.com.mx\/?s={search_term_string}"},"query-input":{"@type":"PropertyValueSpecification","valueRequired":true,"valueName":"search_term_string"}}],"inLanguage":"es"},{"@type":"Organization","@id":"https:\/\/fuentesfidedignas.com.mx\/#organization","name":"Fuentes Fidedignas","url":"https:\/\/fuentesfidedignas.com.mx\/","logo":{"@type":"ImageObject","inLanguage":"es","@id":"https:\/\/fuentesfidedignas.com.mx\/#\/schema\/logo\/image\/","url":"https:\/\/fuentesfidedignas.com.mx\/wp-content\/uploads\/2021\/04\/logo-retina.png","contentUrl":"https:\/\/fuentesfidedignas.com.mx\/wp-content\/uploads\/2021\/04\/logo-retina.png","width":280,"height":51,"caption":"Fuentes Fidedignas"},"image":{"@id":"https:\/\/fuentesfidedignas.com.mx\/#\/schema\/logo\/image\/"},"sameAs":["https:\/\/www.facebook.com\/Fuentes-Fidedignas-368234489921644","https:\/\/x.com\/fidedignas"]},{"@type":"Person","@id":"https:\/\/fuentesfidedignas.com.mx\/#\/schema\/person\/2c10028b4a30078c05a056a215342ab9","name":"Marissa Palafox","image":{"@type":"ImageObject","inLanguage":"es","@id":"https:\/\/secure.gravatar.com\/avatar\/20a43bdb2f2db10f20b22d4e98b96eb027faf98f7f76d29854dc5fab46d1cf71?s=96&d=mm&r=g","url":"https:\/\/secure.gravatar.com\/avatar\/20a43bdb2f2db10f20b22d4e98b96eb027faf98f7f76d29854dc5fab46d1cf71?s=96&d=mm&r=g","contentUrl":"https:\/\/secure.gravatar.com\/avatar\/20a43bdb2f2db10f20b22d4e98b96eb027faf98f7f76d29854dc5fab46d1cf71?s=96&d=mm&r=g","caption":"Marissa Palafox"},"url":"https:\/\/fuentesfidedignas.com.mx\/index.php\/author\/marissa\/"}]}},"_links":{"self":[{"href":"https:\/\/fuentesfidedignas.com.mx\/index.php\/wp-json\/wp\/v2\/posts\/48586","targetHints":{"allow":["GET"]}}],"collection":[{"href":"https:\/\/fuentesfidedignas.com.mx\/index.php\/wp-json\/wp\/v2\/posts"}],"about":[{"href":"https:\/\/fuentesfidedignas.com.mx\/index.php\/wp-json\/wp\/v2\/types\/post"}],"author":[{"embeddable":true,"href":"https:\/\/fuentesfidedignas.com.mx\/index.php\/wp-json\/wp\/v2\/users\/11"}],"replies":[{"embeddable":true,"href":"https:\/\/fuentesfidedignas.com.mx\/index.php\/wp-json\/wp\/v2\/comments?post=48586"}],"version-history":[{"count":2,"href":"https:\/\/fuentesfidedignas.com.mx\/index.php\/wp-json\/wp\/v2\/posts\/48586\/revisions"}],"predecessor-version":[{"id":48592,"href":"https:\/\/fuentesfidedignas.com.mx\/index.php\/wp-json\/wp\/v2\/posts\/48586\/revisions\/48592"}],"wp:featuredmedia":[{"embeddable":true,"href":"https:\/\/fuentesfidedignas.com.mx\/index.php\/wp-json\/wp\/v2\/media\/48589"}],"wp:attachment":[{"href":"https:\/\/fuentesfidedignas.com.mx\/index.php\/wp-json\/wp\/v2\/media?parent=48586"}],"wp:term":[{"taxonomy":"category","embeddable":true,"href":"https:\/\/fuentesfidedignas.com.mx\/index.php\/wp-json\/wp\/v2\/categories?post=48586"},{"taxonomy":"post_tag","embeddable":true,"href":"https:\/\/fuentesfidedignas.com.mx\/index.php\/wp-json\/wp\/v2\/tags?post=48586"}],"curies":[{"name":"wp","href":"https:\/\/api.w.org\/{rel}","templated":true}]}}