{"id":48493,"date":"2023-05-30T13:52:35","date_gmt":"2023-05-30T20:52:35","guid":{"rendered":"https:\/\/fuentesfidedignas.com.mx\/?p=48493"},"modified":"2023-05-30T13:52:39","modified_gmt":"2023-05-30T20:52:39","slug":"desconfian-priistas-de-dedazo-para-elegir-al-nuevo-dirigente-del-pri-en-sinaloa","status":"publish","type":"post","link":"https:\/\/fuentesfidedignas.com.mx\/index.php\/2023\/05\/30\/desconfian-priistas-de-dedazo-para-elegir-al-nuevo-dirigente-del-pri-en-sinaloa\/","title":{"rendered":"Desconf\u00edan pri\u00edstas de &#8220;dedazo&#8221; para elegir al nuevo dirigente del PRI en Sinaloa"},"content":{"rendered":"\n<p><\/p>\n\n\n\n<p>Culiac\u00e1n, Sin.- Existe desconfianza porque el Comit\u00e9 Ejecutivo Nacional del PRI no escuch\u00f3 la solicitud de los pri\u00edstas de Sinaloa para llevar un proceso abierto en la elecci\u00f3n de quien ser\u00e1 el pr\u00f3ximo dirigente estatal del partido, lament\u00f3 Cinthia Valenzuela Langarica.<\/p>\n\n\n\n<p>\u201c<strong>Hay desconfianza, terminamos en lo que tanto pugnamos que no sucediera, como lo digo, lo pedimos en tantas ocasiones: un proceso abierto<\/strong>\u201d, critic\u00f3 la diputada y exdirigente del Partido Revolucionario Institucional.<\/p>\n\n\n\n<iframe loading=\"lazy\" src=\"https:\/\/www.facebook.com\/plugins\/video.php?height=314&#038;href=https%3A%2F%2Fwww.facebook.com%2F100050497569358%2Fvideos%2F961001291599537%2F&#038;show_text=false&#038;width=560&#038;t=0\" width=\"560\" height=\"314\" style=\"border:none;overflow:hidden\" scrolling=\"no\" frameborder=\"0\" allowfullscreen=\"true\" allow=\"autoplay; clipboard-write; encrypted-media; picture-in-picture; web-share\" allowFullScreen=\"true\"><\/iframe>\n\n\n\n<p>De igual forma, la legisladora pri\u00edsta Gloria Himelda F\u00e9lix Niebla coment\u00f3 que pondr\u00eda &#8220;una pausa&#8221; a su militancia en el PRI, ya que se mantendr\u00eda al margen del proceso de elecci\u00f3n del nuevo Presidente Estatal.<\/p>\n\n\n\n<p>Se\u00f1al\u00f3 que no est\u00e1 conforme con la decisi\u00f3n del CEN, ya que no existe una real inclusi\u00f3n en la metodolog\u00eda y esto ha generado inconformidad en parte de la militancia, incluy\u00e9ndose ella.<\/p>\n\n\n\n<p>Por su parte, Sergio Mario Arredondo Salas afirm\u00f3 que el apoya el proceso que determin\u00f3 el partido y ser\u00e1 respetuoso a esa elecci\u00f3n. A\u00f1adi\u00f3 que trabajar\u00e1 de la mano con cualquiera que resulte electo como nuevo dirigente estatal del tricolor.<\/p>\n\n\n\n<p>&#8220;Yo no tendr\u00eda por qu\u00e9 objetar ning\u00fan escenario. He sido una voz cr\u00edtica del Comit\u00e9 Ejecutivo Nacional, pero soy ante todo pri\u00edsta&#8221;, asever\u00f3 el diputado del Grupo Parlamentario del PRI.<\/p>\n\n\n\n<iframe loading=\"lazy\" src=\"https:\/\/www.facebook.com\/plugins\/video.php?height=314&#038;href=https%3A%2F%2Fwww.facebook.com%2F100050497569358%2Fvideos%2F2506971972792417%2F&#038;show_text=false&#038;width=560&#038;t=0\" width=\"560\" height=\"314\" style=\"border:none;overflow:hidden\" scrolling=\"no\" frameborder=\"0\" allowfullscreen=\"true\" allow=\"autoplay; clipboard-write; encrypted-media; picture-in-picture; web-share\" allowFullScreen=\"true\"><\/iframe>\n","protected":false},"excerpt":{"rendered":"<p>Culiac\u00e1n, Sin.- Existe desconfianza porque el Comit\u00e9 Ejecutivo Nacional del PRI no escuch\u00f3 la solicitud de los pri\u00edstas de Sinaloa para llevar un proceso abierto en la elecci\u00f3n de quien ser\u00e1 el pr\u00f3ximo dirigente estatal del partido, lament\u00f3 Cinthia Valenzuela Langarica. \u201cHay desconfianza, terminamos en lo que tanto pugnamos que no sucediera, como lo digo, [&hellip;]<\/p>\n","protected":false},"author":11,"featured_media":48494,"comment_status":"open","ping_status":"open","sticky":false,"template":"","format":"standard","meta":{"tdm_status":"","tdm_grid_status":"","footnotes":""},"categories":[37],"tags":[],"class_list":{"0":"post-48493","1":"post","2":"type-post","3":"status-publish","4":"format-standard","5":"has-post-thumbnail","7":"category-nota-principal"},"yoast_head":"<!-- This site is optimized with the Yoast SEO plugin v27.5 - https:\/\/yoast.com\/product\/yoast-seo-wordpress\/ -->\n<title>Desconf\u00edan pri\u00edstas de &quot;dedazo&quot; para elegir al nuevo dirigente del PRI en Sinaloa - Fuentes Fidedignas<\/title>\n<meta name=\"robots\" content=\"index, follow, max-snippet:-1, max-image-preview:large, max-video-preview:-1\" \/>\n<link rel=\"canonical\" href=\"https:\/\/fuentesfidedignas.com.mx\/index.php\/2023\/05\/30\/desconfian-priistas-de-dedazo-para-elegir-al-nuevo-dirigente-del-pri-en-sinaloa\/\" \/>\n<meta property=\"og:locale\" content=\"es_MX\" \/>\n<meta property=\"og:type\" content=\"article\" \/>\n<meta property=\"og:title\" content=\"Desconf\u00edan pri\u00edstas de &quot;dedazo&quot; para elegir al nuevo dirigente del PRI en Sinaloa - Fuentes Fidedignas\" \/>\n<meta property=\"og:description\" content=\"Culiac\u00e1n, Sin.- Existe desconfianza porque el Comit\u00e9 Ejecutivo Nacional del PRI no escuch\u00f3 la solicitud de los pri\u00edstas de Sinaloa para llevar un proceso abierto en la elecci\u00f3n de quien ser\u00e1 el pr\u00f3ximo dirigente estatal del partido, lament\u00f3 Cinthia Valenzuela Langarica. \u201cHay desconfianza, terminamos en lo que tanto pugnamos que no sucediera, como lo digo, [&hellip;]\" \/>\n<meta property=\"og:url\" content=\"https:\/\/fuentesfidedignas.com.mx\/index.php\/2023\/05\/30\/desconfian-priistas-de-dedazo-para-elegir-al-nuevo-dirigente-del-pri-en-sinaloa\/\" \/>\n<meta property=\"og:site_name\" content=\"Fuentes Fidedignas\" \/>\n<meta property=\"article:publisher\" content=\"https:\/\/www.facebook.com\/Fuentes-Fidedignas-368234489921644\" \/>\n<meta property=\"article:published_time\" content=\"2023-05-30T20:52:35+00:00\" \/>\n<meta property=\"article:modified_time\" content=\"2023-05-30T20:52:39+00:00\" \/>\n<meta property=\"og:image\" content=\"https:\/\/fuentesfidedignas.com.mx\/wp-content\/uploads\/2023\/05\/cinthia-valenzuela-pri.jpg\" \/>\n\t<meta property=\"og:image:width\" content=\"600\" \/>\n\t<meta property=\"og:image:height\" content=\"343\" \/>\n\t<meta property=\"og:image:type\" content=\"image\/jpeg\" \/>\n<meta name=\"author\" content=\"Marissa Palafox\" \/>\n<meta name=\"twitter:card\" content=\"summary_large_image\" \/>\n<meta name=\"twitter:creator\" content=\"@fidedignas\" \/>\n<meta name=\"twitter:site\" content=\"@fidedignas\" \/>\n<meta name=\"twitter:label1\" content=\"Escrito por\" \/>\n\t<meta name=\"twitter:data1\" content=\"Marissa Palafox\" \/>\n\t<meta name=\"twitter:label2\" content=\"Tiempo de lectura\" \/>\n\t<meta name=\"twitter:data2\" content=\"1 minuto\" \/>\n<script type=\"application\/ld+json\" class=\"yoast-schema-graph\">{\"@context\":\"https:\\\/\\\/schema.org\",\"@graph\":[{\"@type\":\"Article\",\"@id\":\"https:\\\/\\\/fuentesfidedignas.com.mx\\\/index.php\\\/2023\\\/05\\\/30\\\/desconfian-priistas-de-dedazo-para-elegir-al-nuevo-dirigente-del-pri-en-sinaloa\\\/#article\",\"isPartOf\":{\"@id\":\"https:\\\/\\\/fuentesfidedignas.com.mx\\\/index.php\\\/2023\\\/05\\\/30\\\/desconfian-priistas-de-dedazo-para-elegir-al-nuevo-dirigente-del-pri-en-sinaloa\\\/\"},\"author\":{\"name\":\"Marissa Palafox\",\"@id\":\"https:\\\/\\\/fuentesfidedignas.com.mx\\\/#\\\/schema\\\/person\\\/2c10028b4a30078c05a056a215342ab9\"},\"headline\":\"Desconf\u00edan pri\u00edstas de &#8220;dedazo&#8221; para elegir al nuevo dirigente del PRI en Sinaloa\",\"datePublished\":\"2023-05-30T20:52:35+00:00\",\"dateModified\":\"2023-05-30T20:52:39+00:00\",\"mainEntityOfPage\":{\"@id\":\"https:\\\/\\\/fuentesfidedignas.com.mx\\\/index.php\\\/2023\\\/05\\\/30\\\/desconfian-priistas-de-dedazo-para-elegir-al-nuevo-dirigente-del-pri-en-sinaloa\\\/\"},\"wordCount\":245,\"commentCount\":0,\"publisher\":{\"@id\":\"https:\\\/\\\/fuentesfidedignas.com.mx\\\/#organization\"},\"image\":{\"@id\":\"https:\\\/\\\/fuentesfidedignas.com.mx\\\/index.php\\\/2023\\\/05\\\/30\\\/desconfian-priistas-de-dedazo-para-elegir-al-nuevo-dirigente-del-pri-en-sinaloa\\\/#primaryimage\"},\"thumbnailUrl\":\"https:\\\/\\\/fuentesfidedignas.com.mx\\\/wp-content\\\/uploads\\\/2023\\\/05\\\/cinthia-valenzuela-pri.jpg\",\"articleSection\":[\"NOTA PRINCIPAL\"],\"inLanguage\":\"es\",\"potentialAction\":[{\"@type\":\"CommentAction\",\"name\":\"Comment\",\"target\":[\"https:\\\/\\\/fuentesfidedignas.com.mx\\\/index.php\\\/2023\\\/05\\\/30\\\/desconfian-priistas-de-dedazo-para-elegir-al-nuevo-dirigente-del-pri-en-sinaloa\\\/#respond\"]}]},{\"@type\":\"WebPage\",\"@id\":\"https:\\\/\\\/fuentesfidedignas.com.mx\\\/index.php\\\/2023\\\/05\\\/30\\\/desconfian-priistas-de-dedazo-para-elegir-al-nuevo-dirigente-del-pri-en-sinaloa\\\/\",\"url\":\"https:\\\/\\\/fuentesfidedignas.com.mx\\\/index.php\\\/2023\\\/05\\\/30\\\/desconfian-priistas-de-dedazo-para-elegir-al-nuevo-dirigente-del-pri-en-sinaloa\\\/\",\"name\":\"Desconf\u00edan pri\u00edstas de \\\"dedazo\\\" para elegir al nuevo dirigente del PRI en Sinaloa - Fuentes Fidedignas\",\"isPartOf\":{\"@id\":\"https:\\\/\\\/fuentesfidedignas.com.mx\\\/#website\"},\"primaryImageOfPage\":{\"@id\":\"https:\\\/\\\/fuentesfidedignas.com.mx\\\/index.php\\\/2023\\\/05\\\/30\\\/desconfian-priistas-de-dedazo-para-elegir-al-nuevo-dirigente-del-pri-en-sinaloa\\\/#primaryimage\"},\"image\":{\"@id\":\"https:\\\/\\\/fuentesfidedignas.com.mx\\\/index.php\\\/2023\\\/05\\\/30\\\/desconfian-priistas-de-dedazo-para-elegir-al-nuevo-dirigente-del-pri-en-sinaloa\\\/#primaryimage\"},\"thumbnailUrl\":\"https:\\\/\\\/fuentesfidedignas.com.mx\\\/wp-content\\\/uploads\\\/2023\\\/05\\\/cinthia-valenzuela-pri.jpg\",\"datePublished\":\"2023-05-30T20:52:35+00:00\",\"dateModified\":\"2023-05-30T20:52:39+00:00\",\"breadcrumb\":{\"@id\":\"https:\\\/\\\/fuentesfidedignas.com.mx\\\/index.php\\\/2023\\\/05\\\/30\\\/desconfian-priistas-de-dedazo-para-elegir-al-nuevo-dirigente-del-pri-en-sinaloa\\\/#breadcrumb\"},\"inLanguage\":\"es\",\"potentialAction\":[{\"@type\":\"ReadAction\",\"target\":[\"https:\\\/\\\/fuentesfidedignas.com.mx\\\/index.php\\\/2023\\\/05\\\/30\\\/desconfian-priistas-de-dedazo-para-elegir-al-nuevo-dirigente-del-pri-en-sinaloa\\\/\"]}]},{\"@type\":\"ImageObject\",\"inLanguage\":\"es\",\"@id\":\"https:\\\/\\\/fuentesfidedignas.com.mx\\\/index.php\\\/2023\\\/05\\\/30\\\/desconfian-priistas-de-dedazo-para-elegir-al-nuevo-dirigente-del-pri-en-sinaloa\\\/#primaryimage\",\"url\":\"https:\\\/\\\/fuentesfidedignas.com.mx\\\/wp-content\\\/uploads\\\/2023\\\/05\\\/cinthia-valenzuela-pri.jpg\",\"contentUrl\":\"https:\\\/\\\/fuentesfidedignas.com.mx\\\/wp-content\\\/uploads\\\/2023\\\/05\\\/cinthia-valenzuela-pri.jpg\",\"width\":600,\"height\":343},{\"@type\":\"BreadcrumbList\",\"@id\":\"https:\\\/\\\/fuentesfidedignas.com.mx\\\/index.php\\\/2023\\\/05\\\/30\\\/desconfian-priistas-de-dedazo-para-elegir-al-nuevo-dirigente-del-pri-en-sinaloa\\\/#breadcrumb\",\"itemListElement\":[{\"@type\":\"ListItem\",\"position\":1,\"name\":\"Inicio\",\"item\":\"https:\\\/\\\/fuentesfidedignas.com.mx\\\/\"},{\"@type\":\"ListItem\",\"position\":2,\"name\":\"Desconf\u00edan pri\u00edstas de &#8220;dedazo&#8221; para elegir al nuevo dirigente del PRI en Sinaloa\"}]},{\"@type\":\"WebSite\",\"@id\":\"https:\\\/\\\/fuentesfidedignas.com.mx\\\/#website\",\"url\":\"https:\\\/\\\/fuentesfidedignas.com.mx\\\/\",\"name\":\"Fuentes Fidedignas\",\"description\":\"Otro sitio realizado con WordPress\",\"publisher\":{\"@id\":\"https:\\\/\\\/fuentesfidedignas.com.mx\\\/#organization\"},\"potentialAction\":[{\"@type\":\"SearchAction\",\"target\":{\"@type\":\"EntryPoint\",\"urlTemplate\":\"https:\\\/\\\/fuentesfidedignas.com.mx\\\/?s={search_term_string}\"},\"query-input\":{\"@type\":\"PropertyValueSpecification\",\"valueRequired\":true,\"valueName\":\"search_term_string\"}}],\"inLanguage\":\"es\"},{\"@type\":\"Organization\",\"@id\":\"https:\\\/\\\/fuentesfidedignas.com.mx\\\/#organization\",\"name\":\"Fuentes Fidedignas\",\"url\":\"https:\\\/\\\/fuentesfidedignas.com.mx\\\/\",\"logo\":{\"@type\":\"ImageObject\",\"inLanguage\":\"es\",\"@id\":\"https:\\\/\\\/fuentesfidedignas.com.mx\\\/#\\\/schema\\\/logo\\\/image\\\/\",\"url\":\"https:\\\/\\\/fuentesfidedignas.com.mx\\\/wp-content\\\/uploads\\\/2021\\\/04\\\/logo-retina.png\",\"contentUrl\":\"https:\\\/\\\/fuentesfidedignas.com.mx\\\/wp-content\\\/uploads\\\/2021\\\/04\\\/logo-retina.png\",\"width\":280,\"height\":51,\"caption\":\"Fuentes Fidedignas\"},\"image\":{\"@id\":\"https:\\\/\\\/fuentesfidedignas.com.mx\\\/#\\\/schema\\\/logo\\\/image\\\/\"},\"sameAs\":[\"https:\\\/\\\/www.facebook.com\\\/Fuentes-Fidedignas-368234489921644\",\"https:\\\/\\\/x.com\\\/fidedignas\"]},{\"@type\":\"Person\",\"@id\":\"https:\\\/\\\/fuentesfidedignas.com.mx\\\/#\\\/schema\\\/person\\\/2c10028b4a30078c05a056a215342ab9\",\"name\":\"Marissa Palafox\",\"image\":{\"@type\":\"ImageObject\",\"inLanguage\":\"es\",\"@id\":\"https:\\\/\\\/secure.gravatar.com\\\/avatar\\\/20a43bdb2f2db10f20b22d4e98b96eb027faf98f7f76d29854dc5fab46d1cf71?s=96&d=mm&r=g\",\"url\":\"https:\\\/\\\/secure.gravatar.com\\\/avatar\\\/20a43bdb2f2db10f20b22d4e98b96eb027faf98f7f76d29854dc5fab46d1cf71?s=96&d=mm&r=g\",\"contentUrl\":\"https:\\\/\\\/secure.gravatar.com\\\/avatar\\\/20a43bdb2f2db10f20b22d4e98b96eb027faf98f7f76d29854dc5fab46d1cf71?s=96&d=mm&r=g\",\"caption\":\"Marissa Palafox\"},\"url\":\"https:\\\/\\\/fuentesfidedignas.com.mx\\\/index.php\\\/author\\\/marissa\\\/\"}]}<\/script>\n<!-- \/ Yoast SEO plugin. -->","yoast_head_json":{"title":"Desconf\u00edan pri\u00edstas de \"dedazo\" para elegir al nuevo dirigente del PRI en Sinaloa - Fuentes Fidedignas","robots":{"index":"index","follow":"follow","max-snippet":"max-snippet:-1","max-image-preview":"max-image-preview:large","max-video-preview":"max-video-preview:-1"},"canonical":"https:\/\/fuentesfidedignas.com.mx\/index.php\/2023\/05\/30\/desconfian-priistas-de-dedazo-para-elegir-al-nuevo-dirigente-del-pri-en-sinaloa\/","og_locale":"es_MX","og_type":"article","og_title":"Desconf\u00edan pri\u00edstas de \"dedazo\" para elegir al nuevo dirigente del PRI en Sinaloa - Fuentes Fidedignas","og_description":"Culiac\u00e1n, Sin.- Existe desconfianza porque el Comit\u00e9 Ejecutivo Nacional del PRI no escuch\u00f3 la solicitud de los pri\u00edstas de Sinaloa para llevar un proceso abierto en la elecci\u00f3n de quien ser\u00e1 el pr\u00f3ximo dirigente estatal del partido, lament\u00f3 Cinthia Valenzuela Langarica. \u201cHay desconfianza, terminamos en lo que tanto pugnamos que no sucediera, como lo digo, [&hellip;]","og_url":"https:\/\/fuentesfidedignas.com.mx\/index.php\/2023\/05\/30\/desconfian-priistas-de-dedazo-para-elegir-al-nuevo-dirigente-del-pri-en-sinaloa\/","og_site_name":"Fuentes Fidedignas","article_publisher":"https:\/\/www.facebook.com\/Fuentes-Fidedignas-368234489921644","article_published_time":"2023-05-30T20:52:35+00:00","article_modified_time":"2023-05-30T20:52:39+00:00","og_image":[{"width":600,"height":343,"url":"https:\/\/fuentesfidedignas.com.mx\/wp-content\/uploads\/2023\/05\/cinthia-valenzuela-pri.jpg","type":"image\/jpeg"}],"author":"Marissa Palafox","twitter_card":"summary_large_image","twitter_creator":"@fidedignas","twitter_site":"@fidedignas","twitter_misc":{"Escrito por":"Marissa Palafox","Tiempo de lectura":"1 minuto"},"schema":{"@context":"https:\/\/schema.org","@graph":[{"@type":"Article","@id":"https:\/\/fuentesfidedignas.com.mx\/index.php\/2023\/05\/30\/desconfian-priistas-de-dedazo-para-elegir-al-nuevo-dirigente-del-pri-en-sinaloa\/#article","isPartOf":{"@id":"https:\/\/fuentesfidedignas.com.mx\/index.php\/2023\/05\/30\/desconfian-priistas-de-dedazo-para-elegir-al-nuevo-dirigente-del-pri-en-sinaloa\/"},"author":{"name":"Marissa Palafox","@id":"https:\/\/fuentesfidedignas.com.mx\/#\/schema\/person\/2c10028b4a30078c05a056a215342ab9"},"headline":"Desconf\u00edan pri\u00edstas de &#8220;dedazo&#8221; para elegir al nuevo dirigente del PRI en Sinaloa","datePublished":"2023-05-30T20:52:35+00:00","dateModified":"2023-05-30T20:52:39+00:00","mainEntityOfPage":{"@id":"https:\/\/fuentesfidedignas.com.mx\/index.php\/2023\/05\/30\/desconfian-priistas-de-dedazo-para-elegir-al-nuevo-dirigente-del-pri-en-sinaloa\/"},"wordCount":245,"commentCount":0,"publisher":{"@id":"https:\/\/fuentesfidedignas.com.mx\/#organization"},"image":{"@id":"https:\/\/fuentesfidedignas.com.mx\/index.php\/2023\/05\/30\/desconfian-priistas-de-dedazo-para-elegir-al-nuevo-dirigente-del-pri-en-sinaloa\/#primaryimage"},"thumbnailUrl":"https:\/\/fuentesfidedignas.com.mx\/wp-content\/uploads\/2023\/05\/cinthia-valenzuela-pri.jpg","articleSection":["NOTA PRINCIPAL"],"inLanguage":"es","potentialAction":[{"@type":"CommentAction","name":"Comment","target":["https:\/\/fuentesfidedignas.com.mx\/index.php\/2023\/05\/30\/desconfian-priistas-de-dedazo-para-elegir-al-nuevo-dirigente-del-pri-en-sinaloa\/#respond"]}]},{"@type":"WebPage","@id":"https:\/\/fuentesfidedignas.com.mx\/index.php\/2023\/05\/30\/desconfian-priistas-de-dedazo-para-elegir-al-nuevo-dirigente-del-pri-en-sinaloa\/","url":"https:\/\/fuentesfidedignas.com.mx\/index.php\/2023\/05\/30\/desconfian-priistas-de-dedazo-para-elegir-al-nuevo-dirigente-del-pri-en-sinaloa\/","name":"Desconf\u00edan pri\u00edstas de \"dedazo\" para elegir al nuevo dirigente del PRI en Sinaloa - Fuentes Fidedignas","isPartOf":{"@id":"https:\/\/fuentesfidedignas.com.mx\/#website"},"primaryImageOfPage":{"@id":"https:\/\/fuentesfidedignas.com.mx\/index.php\/2023\/05\/30\/desconfian-priistas-de-dedazo-para-elegir-al-nuevo-dirigente-del-pri-en-sinaloa\/#primaryimage"},"image":{"@id":"https:\/\/fuentesfidedignas.com.mx\/index.php\/2023\/05\/30\/desconfian-priistas-de-dedazo-para-elegir-al-nuevo-dirigente-del-pri-en-sinaloa\/#primaryimage"},"thumbnailUrl":"https:\/\/fuentesfidedignas.com.mx\/wp-content\/uploads\/2023\/05\/cinthia-valenzuela-pri.jpg","datePublished":"2023-05-30T20:52:35+00:00","dateModified":"2023-05-30T20:52:39+00:00","breadcrumb":{"@id":"https:\/\/fuentesfidedignas.com.mx\/index.php\/2023\/05\/30\/desconfian-priistas-de-dedazo-para-elegir-al-nuevo-dirigente-del-pri-en-sinaloa\/#breadcrumb"},"inLanguage":"es","potentialAction":[{"@type":"ReadAction","target":["https:\/\/fuentesfidedignas.com.mx\/index.php\/2023\/05\/30\/desconfian-priistas-de-dedazo-para-elegir-al-nuevo-dirigente-del-pri-en-sinaloa\/"]}]},{"@type":"ImageObject","inLanguage":"es","@id":"https:\/\/fuentesfidedignas.com.mx\/index.php\/2023\/05\/30\/desconfian-priistas-de-dedazo-para-elegir-al-nuevo-dirigente-del-pri-en-sinaloa\/#primaryimage","url":"https:\/\/fuentesfidedignas.com.mx\/wp-content\/uploads\/2023\/05\/cinthia-valenzuela-pri.jpg","contentUrl":"https:\/\/fuentesfidedignas.com.mx\/wp-content\/uploads\/2023\/05\/cinthia-valenzuela-pri.jpg","width":600,"height":343},{"@type":"BreadcrumbList","@id":"https:\/\/fuentesfidedignas.com.mx\/index.php\/2023\/05\/30\/desconfian-priistas-de-dedazo-para-elegir-al-nuevo-dirigente-del-pri-en-sinaloa\/#breadcrumb","itemListElement":[{"@type":"ListItem","position":1,"name":"Inicio","item":"https:\/\/fuentesfidedignas.com.mx\/"},{"@type":"ListItem","position":2,"name":"Desconf\u00edan pri\u00edstas de &#8220;dedazo&#8221; para elegir al nuevo dirigente del PRI en Sinaloa"}]},{"@type":"WebSite","@id":"https:\/\/fuentesfidedignas.com.mx\/#website","url":"https:\/\/fuentesfidedignas.com.mx\/","name":"Fuentes Fidedignas","description":"Otro sitio realizado con WordPress","publisher":{"@id":"https:\/\/fuentesfidedignas.com.mx\/#organization"},"potentialAction":[{"@type":"SearchAction","target":{"@type":"EntryPoint","urlTemplate":"https:\/\/fuentesfidedignas.com.mx\/?s={search_term_string}"},"query-input":{"@type":"PropertyValueSpecification","valueRequired":true,"valueName":"search_term_string"}}],"inLanguage":"es"},{"@type":"Organization","@id":"https:\/\/fuentesfidedignas.com.mx\/#organization","name":"Fuentes Fidedignas","url":"https:\/\/fuentesfidedignas.com.mx\/","logo":{"@type":"ImageObject","inLanguage":"es","@id":"https:\/\/fuentesfidedignas.com.mx\/#\/schema\/logo\/image\/","url":"https:\/\/fuentesfidedignas.com.mx\/wp-content\/uploads\/2021\/04\/logo-retina.png","contentUrl":"https:\/\/fuentesfidedignas.com.mx\/wp-content\/uploads\/2021\/04\/logo-retina.png","width":280,"height":51,"caption":"Fuentes Fidedignas"},"image":{"@id":"https:\/\/fuentesfidedignas.com.mx\/#\/schema\/logo\/image\/"},"sameAs":["https:\/\/www.facebook.com\/Fuentes-Fidedignas-368234489921644","https:\/\/x.com\/fidedignas"]},{"@type":"Person","@id":"https:\/\/fuentesfidedignas.com.mx\/#\/schema\/person\/2c10028b4a30078c05a056a215342ab9","name":"Marissa Palafox","image":{"@type":"ImageObject","inLanguage":"es","@id":"https:\/\/secure.gravatar.com\/avatar\/20a43bdb2f2db10f20b22d4e98b96eb027faf98f7f76d29854dc5fab46d1cf71?s=96&d=mm&r=g","url":"https:\/\/secure.gravatar.com\/avatar\/20a43bdb2f2db10f20b22d4e98b96eb027faf98f7f76d29854dc5fab46d1cf71?s=96&d=mm&r=g","contentUrl":"https:\/\/secure.gravatar.com\/avatar\/20a43bdb2f2db10f20b22d4e98b96eb027faf98f7f76d29854dc5fab46d1cf71?s=96&d=mm&r=g","caption":"Marissa Palafox"},"url":"https:\/\/fuentesfidedignas.com.mx\/index.php\/author\/marissa\/"}]}},"_links":{"self":[{"href":"https:\/\/fuentesfidedignas.com.mx\/index.php\/wp-json\/wp\/v2\/posts\/48493","targetHints":{"allow":["GET"]}}],"collection":[{"href":"https:\/\/fuentesfidedignas.com.mx\/index.php\/wp-json\/wp\/v2\/posts"}],"about":[{"href":"https:\/\/fuentesfidedignas.com.mx\/index.php\/wp-json\/wp\/v2\/types\/post"}],"author":[{"embeddable":true,"href":"https:\/\/fuentesfidedignas.com.mx\/index.php\/wp-json\/wp\/v2\/users\/11"}],"replies":[{"embeddable":true,"href":"https:\/\/fuentesfidedignas.com.mx\/index.php\/wp-json\/wp\/v2\/comments?post=48493"}],"version-history":[{"count":1,"href":"https:\/\/fuentesfidedignas.com.mx\/index.php\/wp-json\/wp\/v2\/posts\/48493\/revisions"}],"predecessor-version":[{"id":48495,"href":"https:\/\/fuentesfidedignas.com.mx\/index.php\/wp-json\/wp\/v2\/posts\/48493\/revisions\/48495"}],"wp:featuredmedia":[{"embeddable":true,"href":"https:\/\/fuentesfidedignas.com.mx\/index.php\/wp-json\/wp\/v2\/media\/48494"}],"wp:attachment":[{"href":"https:\/\/fuentesfidedignas.com.mx\/index.php\/wp-json\/wp\/v2\/media?parent=48493"}],"wp:term":[{"taxonomy":"category","embeddable":true,"href":"https:\/\/fuentesfidedignas.com.mx\/index.php\/wp-json\/wp\/v2\/categories?post=48493"},{"taxonomy":"post_tag","embeddable":true,"href":"https:\/\/fuentesfidedignas.com.mx\/index.php\/wp-json\/wp\/v2\/tags?post=48493"}],"curies":[{"name":"wp","href":"https:\/\/api.w.org\/{rel}","templated":true}]}}