{"id":48490,"date":"2023-05-30T13:16:03","date_gmt":"2023-05-30T20:16:03","guid":{"rendered":"https:\/\/fuentesfidedignas.com.mx\/?p=48490"},"modified":"2023-05-30T13:16:05","modified_gmt":"2023-05-30T20:16:05","slug":"el-pt-abandona-a-su-candidato-en-coahuila-y-tambien-declina-en-favor-de-morena","status":"publish","type":"post","link":"https:\/\/fuentesfidedignas.com.mx\/index.php\/2023\/05\/30\/el-pt-abandona-a-su-candidato-en-coahuila-y-tambien-declina-en-favor-de-morena\/","title":{"rendered":"El PT abandona a su candidato en Coahuila y tambi\u00e9n declina en favor de Morena"},"content":{"rendered":"\n<p>El PT confirm\u00f3 que declina a favor de Morena en Coahuila con la finalidad de garantizar la unidad de la alianza Juntos haremos historia en el 2024<\/p>\n\n\n\n<p>Coahuila.- El\u00a0<strong>Partido del Trabajo<\/strong>\u00a0(PT) confirm\u00f3 que declina a favor de Morena en Coahuila, esto con la finalidad de garantizar la unidad de la alianza Juntos haremos historia en el 2024.<\/p>\n\n\n\n<figure class=\"wp-block-embed is-type-rich is-provider-twitter wp-block-embed-twitter\"><div class=\"wp-block-embed__wrapper\">\n<blockquote class=\"twitter-tweet\" data-width=\"550\" data-dnt=\"true\"><p lang=\"es\" dir=\"ltr\">As\u00ed confirm\u00f3 la dirigencia nacional del PT el abandono a su candidato, Ricardo Mej\u00eda, y declinar en favor del candidato por Morena, Armando Guadiana.<br><br>\u201cEsto no es por nuestro movimiento, es por el pueblo de Coahuila\u201d, asegur\u00f3, por su parte, Mario Delgado <a href=\"https:\/\/t.co\/LmQifqJVB5\">https:\/\/t.co\/LmQifqJVB5<\/a> <a href=\"https:\/\/t.co\/R3WjQHZkrk\">pic.twitter.com\/R3WjQHZkrk<\/a><\/p>&mdash; Joaqu\u00edn L\u00f3pez-D\u00f3riga (@lopezdoriga) <a href=\"https:\/\/twitter.com\/lopezdoriga\/status\/1663632518334087176?ref_src=twsrc%5Etfw\">May 30, 2023<\/a><\/blockquote><script async src=\"https:\/\/platform.twitter.com\/widgets.js\" charset=\"utf-8\"><\/script>\n<\/div><\/figure>\n\n\n\n<blockquote class=\"wp-block-quote is-layout-flow wp-block-quote-is-layout-flow\">\n<p>\u201cEsto no es por nuestro movimiento, es por el pueblo de Coahuila\u201d, asegur\u00f3 Mario Delgado durante su mensaje.<\/p>\n<\/blockquote>\n\n\n\n<p>Despu\u00e9s de que el&nbsp;<strong>Partido Verde<\/strong>&nbsp;declinara en favor de&nbsp;<strong>Morena<\/strong>&nbsp;en la elecci\u00f3n a la gubernatura de&nbsp;<strong>Coahuila<\/strong>, ahora es el&nbsp;<strong>Partido del Trabajo<\/strong>&nbsp;(PT) quien se suma a esta acci\u00f3n.<\/p>\n\n\n\n<p>El anuncio se realiz\u00f3 en una&nbsp;<strong>conferencia<\/strong>&nbsp;que encabezan los l\u00edderes del&nbsp;<strong>PT<\/strong>,&nbsp;<strong>Alberto Anaya<\/strong>&nbsp;y de&nbsp;<strong>Morena<\/strong>,&nbsp;<a href=\"https:\/\/twitter.com\/mario_delgado\" target=\"_blank\" rel=\"noreferrer noopener\"><strong>Mario Delgado<\/strong><\/a>.<\/p>\n\n\n\n<p>El PT postul\u00f3 a\u00a0<strong>Ricardo Mej\u00eda<\/strong>\u00a0como su candidato a la gubernatura de Coahuila quien el\u00a0<a href=\"https:\/\/lopezdoriga.com\/nacional\/ni-muerto-voy-declinar-ricardo-mejia-berdeja\/\" target=\"_blank\" rel=\"noreferrer noopener\">fin de semana<\/a>\u00a0asegur\u00f3 que\u00a0<strong>\u201cni muerto\u201d \u00a0declinar\u00e1<\/strong>\u00a0a su derecho de buscar la gubernatura de dicha entidad en la elecci\u00f3n del pr\u00f3ximo domingo 4 de junio.<\/p>\n\n\n\n<figure class=\"wp-block-embed is-type-rich is-provider-twitter wp-block-embed-twitter\"><div class=\"wp-block-embed__wrapper\">\n<blockquote class=\"twitter-tweet\" data-width=\"550\" data-dnt=\"true\"><p lang=\"es\" dir=\"ltr\">Vamos con todo contra el candidato de la corrupci\u00f3n <a href=\"https:\/\/twitter.com\/manolojim?ref_src=twsrc%5Etfw\">@manolojim<\/a> y el candidato de la imposici\u00f3n <a href=\"https:\/\/twitter.com\/aguadiana?ref_src=twsrc%5Etfw\">@aguadiana<\/a>. El Tigre es el candidato del pueblo libre y valiente de <a href=\"https:\/\/twitter.com\/hashtag\/Coahuila?src=hash&amp;ref_src=twsrc%5Etfw\">#Coahuila<\/a>. Todos a votar este 4 de Junio. <a href=\"https:\/\/twitter.com\/hashtag\/CoahuilaNoSeVende?src=hash&amp;ref_src=twsrc%5Etfw\">#CoahuilaNoSeVende<\/a> <a href=\"https:\/\/twitter.com\/hashtag\/CoahuilaSeDefiende?src=hash&amp;ref_src=twsrc%5Etfw\">#CoahuilaSeDefiende<\/a> <a href=\"https:\/\/twitter.com\/hashtag\/VotaTigre?src=hash&amp;ref_src=twsrc%5Etfw\">#VotaTigre<\/a> <a href=\"https:\/\/twitter.com\/hashtag\/VotaPT?src=hash&amp;ref_src=twsrc%5Etfw\">#VotaPT<\/a> <a href=\"https:\/\/t.co\/HW6IvWhbQc\">pic.twitter.com\/HW6IvWhbQc<\/a><\/p>&mdash; Ricardo Mej\u00edaBerdeja (@RicardoMeb) <a href=\"https:\/\/twitter.com\/RicardoMeb\/status\/1663584104883814408?ref_src=twsrc%5Etfw\">May 30, 2023<\/a><\/blockquote><script async src=\"https:\/\/platform.twitter.com\/widgets.js\" charset=\"utf-8\"><\/script>\n<\/div><\/figure>\n\n\n\n<p>De acuerdo con medios locales, se prev\u00e9 que en el evento se haga un llamado a que las bases voten a favor del candidato de&nbsp;<strong>Morena<\/strong>,&nbsp;<strong>Armando Guadiana.<\/strong><\/p>\n\n\n\n<p>El&nbsp;<strong>Partido<\/strong>&nbsp;<strong>Verde<\/strong>&nbsp;en Coahuila dio a conocer que se sumaba a la candidatura de&nbsp;<strong>Armando Guadiana<\/strong>, de Morena, a ocho d\u00edas de las elecciones a la gubernatura de dicha entidad.<\/p>\n\n\n\n<p>En una conferencia de prensa encabezada por&nbsp;<strong>Mario Delgado<\/strong>, l\u00edder nacional de Morena, se dio a conocer que el Verde se sum\u00f3 al proyecto de&nbsp;<strong>Guadiana<\/strong>&nbsp;\u201cpara seguir haciendo historia\u201d.<\/p>\n\n\n\n<p>Delgado hizo un llamado a m\u00e1s integrantes del&nbsp;<strong>Partido Verde<\/strong>&nbsp;a sumarse a su propuesta electoral de cara a las elecciones del pr\u00f3ximo<strong>&nbsp;fin de semana<\/strong>&nbsp;en la entidad.<\/p>\n\n\n\n<p>Al respecto, Rodrigo Germ\u00e1n Paredes Lozano, consejero presidente del<strong>&nbsp;Instituto Electoral de Coahuila<\/strong>&nbsp;(IEC), asegur\u00f3 que, en este punto de la contienda electoral por la gubernatura de&nbsp;<strong>Coahuila<\/strong>, no es posible la declinaci\u00f3n de candidatos.&nbsp;<\/p>\n\n\n\n<p>En el espacio de&nbsp;<strong>Joaqu\u00edn L\u00f3pez-D\u00f3riga<\/strong>&nbsp;de&nbsp;<strong>Radio F\u00f3rmula<\/strong>, el consejero presidente del IEC, aclar\u00f3 que la declinaci\u00f3n s\u00f3lo quedar\u00eda en el&nbsp;<strong>discurso<\/strong>&nbsp;<strong>pol\u00edtico<\/strong>&nbsp;pues en ese caso, el partido pol\u00edtico tendr\u00eda que nombrar a un nuevo representante y si no lo tiene, los votos se anular\u00edan pues no habr\u00eda a qui\u00e9n asignarle los votos.<\/p>\n","protected":false},"excerpt":{"rendered":"<p>El PT confirm\u00f3 que declina a favor de Morena en Coahuila con la finalidad de garantizar la unidad de la alianza Juntos haremos historia en el 2024 Coahuila.- El\u00a0Partido del Trabajo\u00a0(PT) confirm\u00f3 que declina a favor de Morena en Coahuila, esto con la finalidad de garantizar la unidad de la alianza Juntos haremos historia en [&hellip;]<\/p>\n","protected":false},"author":47,"featured_media":48491,"comment_status":"open","ping_status":"open","sticky":false,"template":"","format":"standard","meta":{"tdm_status":"","tdm_grid_status":"","footnotes":""},"categories":[39],"tags":[],"class_list":{"0":"post-48490","1":"post","2":"type-post","3":"status-publish","4":"format-standard","5":"has-post-thumbnail","7":"category-noticias-nacionales"},"yoast_head":"<!-- This site is optimized with the Yoast SEO plugin v27.5 - https:\/\/yoast.com\/product\/yoast-seo-wordpress\/ -->\n<title>El PT abandona a su candidato en Coahuila y tambi\u00e9n declina en favor de Morena - Fuentes Fidedignas<\/title>\n<meta name=\"robots\" content=\"index, follow, max-snippet:-1, max-image-preview:large, max-video-preview:-1\" \/>\n<link rel=\"canonical\" href=\"https:\/\/fuentesfidedignas.com.mx\/index.php\/2023\/05\/30\/el-pt-abandona-a-su-candidato-en-coahuila-y-tambien-declina-en-favor-de-morena\/\" \/>\n<meta property=\"og:locale\" content=\"es_MX\" \/>\n<meta property=\"og:type\" content=\"article\" \/>\n<meta property=\"og:title\" content=\"El PT abandona a su candidato en Coahuila y tambi\u00e9n declina en favor de Morena - Fuentes Fidedignas\" \/>\n<meta property=\"og:description\" content=\"El PT confirm\u00f3 que declina a favor de Morena en Coahuila con la finalidad de garantizar la unidad de la alianza Juntos haremos historia en el 2024 Coahuila.- El\u00a0Partido del Trabajo\u00a0(PT) confirm\u00f3 que declina a favor de Morena en Coahuila, esto con la finalidad de garantizar la unidad de la alianza Juntos haremos historia en [&hellip;]\" \/>\n<meta property=\"og:url\" content=\"https:\/\/fuentesfidedignas.com.mx\/index.php\/2023\/05\/30\/el-pt-abandona-a-su-candidato-en-coahuila-y-tambien-declina-en-favor-de-morena\/\" \/>\n<meta property=\"og:site_name\" content=\"Fuentes Fidedignas\" \/>\n<meta property=\"article:publisher\" content=\"https:\/\/www.facebook.com\/Fuentes-Fidedignas-368234489921644\" \/>\n<meta property=\"article:published_time\" content=\"2023-05-30T20:16:03+00:00\" \/>\n<meta property=\"article:modified_time\" content=\"2023-05-30T20:16:05+00:00\" \/>\n<meta property=\"og:image\" content=\"https:\/\/fuentesfidedignas.com.mx\/wp-content\/uploads\/2023\/05\/pt-morena-coahuila.jpg\" \/>\n\t<meta property=\"og:image:width\" content=\"600\" \/>\n\t<meta property=\"og:image:height\" content=\"351\" \/>\n\t<meta property=\"og:image:type\" content=\"image\/jpeg\" \/>\n<meta name=\"author\" content=\"L\u00f3pez D\u00f3riga\" \/>\n<meta name=\"twitter:card\" content=\"summary_large_image\" \/>\n<meta name=\"twitter:creator\" content=\"@fidedignas\" \/>\n<meta name=\"twitter:site\" content=\"@fidedignas\" \/>\n<meta name=\"twitter:label1\" content=\"Escrito por\" \/>\n\t<meta name=\"twitter:data1\" content=\"L\u00f3pez D\u00f3riga\" \/>\n\t<meta name=\"twitter:label2\" content=\"Tiempo de lectura\" \/>\n\t<meta name=\"twitter:data2\" content=\"2 minutos\" \/>\n<script type=\"application\/ld+json\" class=\"yoast-schema-graph\">{\"@context\":\"https:\\\/\\\/schema.org\",\"@graph\":[{\"@type\":\"Article\",\"@id\":\"https:\\\/\\\/fuentesfidedignas.com.mx\\\/index.php\\\/2023\\\/05\\\/30\\\/el-pt-abandona-a-su-candidato-en-coahuila-y-tambien-declina-en-favor-de-morena\\\/#article\",\"isPartOf\":{\"@id\":\"https:\\\/\\\/fuentesfidedignas.com.mx\\\/index.php\\\/2023\\\/05\\\/30\\\/el-pt-abandona-a-su-candidato-en-coahuila-y-tambien-declina-en-favor-de-morena\\\/\"},\"author\":{\"name\":\"L\u00f3pez D\u00f3riga\",\"@id\":\"https:\\\/\\\/fuentesfidedignas.com.mx\\\/#\\\/schema\\\/person\\\/67d852f0557c8509146a4b9ddebd543a\"},\"headline\":\"El PT abandona a su candidato en Coahuila y tambi\u00e9n declina en favor de Morena\",\"datePublished\":\"2023-05-30T20:16:03+00:00\",\"dateModified\":\"2023-05-30T20:16:05+00:00\",\"mainEntityOfPage\":{\"@id\":\"https:\\\/\\\/fuentesfidedignas.com.mx\\\/index.php\\\/2023\\\/05\\\/30\\\/el-pt-abandona-a-su-candidato-en-coahuila-y-tambien-declina-en-favor-de-morena\\\/\"},\"wordCount\":535,\"commentCount\":0,\"publisher\":{\"@id\":\"https:\\\/\\\/fuentesfidedignas.com.mx\\\/#organization\"},\"image\":{\"@id\":\"https:\\\/\\\/fuentesfidedignas.com.mx\\\/index.php\\\/2023\\\/05\\\/30\\\/el-pt-abandona-a-su-candidato-en-coahuila-y-tambien-declina-en-favor-de-morena\\\/#primaryimage\"},\"thumbnailUrl\":\"https:\\\/\\\/fuentesfidedignas.com.mx\\\/wp-content\\\/uploads\\\/2023\\\/05\\\/pt-morena-coahuila.jpg\",\"articleSection\":[\"NOTICIAS NACIONALES\"],\"inLanguage\":\"es\",\"potentialAction\":[{\"@type\":\"CommentAction\",\"name\":\"Comment\",\"target\":[\"https:\\\/\\\/fuentesfidedignas.com.mx\\\/index.php\\\/2023\\\/05\\\/30\\\/el-pt-abandona-a-su-candidato-en-coahuila-y-tambien-declina-en-favor-de-morena\\\/#respond\"]}]},{\"@type\":\"WebPage\",\"@id\":\"https:\\\/\\\/fuentesfidedignas.com.mx\\\/index.php\\\/2023\\\/05\\\/30\\\/el-pt-abandona-a-su-candidato-en-coahuila-y-tambien-declina-en-favor-de-morena\\\/\",\"url\":\"https:\\\/\\\/fuentesfidedignas.com.mx\\\/index.php\\\/2023\\\/05\\\/30\\\/el-pt-abandona-a-su-candidato-en-coahuila-y-tambien-declina-en-favor-de-morena\\\/\",\"name\":\"El PT abandona a su candidato en Coahuila y tambi\u00e9n declina en favor de Morena - Fuentes Fidedignas\",\"isPartOf\":{\"@id\":\"https:\\\/\\\/fuentesfidedignas.com.mx\\\/#website\"},\"primaryImageOfPage\":{\"@id\":\"https:\\\/\\\/fuentesfidedignas.com.mx\\\/index.php\\\/2023\\\/05\\\/30\\\/el-pt-abandona-a-su-candidato-en-coahuila-y-tambien-declina-en-favor-de-morena\\\/#primaryimage\"},\"image\":{\"@id\":\"https:\\\/\\\/fuentesfidedignas.com.mx\\\/index.php\\\/2023\\\/05\\\/30\\\/el-pt-abandona-a-su-candidato-en-coahuila-y-tambien-declina-en-favor-de-morena\\\/#primaryimage\"},\"thumbnailUrl\":\"https:\\\/\\\/fuentesfidedignas.com.mx\\\/wp-content\\\/uploads\\\/2023\\\/05\\\/pt-morena-coahuila.jpg\",\"datePublished\":\"2023-05-30T20:16:03+00:00\",\"dateModified\":\"2023-05-30T20:16:05+00:00\",\"breadcrumb\":{\"@id\":\"https:\\\/\\\/fuentesfidedignas.com.mx\\\/index.php\\\/2023\\\/05\\\/30\\\/el-pt-abandona-a-su-candidato-en-coahuila-y-tambien-declina-en-favor-de-morena\\\/#breadcrumb\"},\"inLanguage\":\"es\",\"potentialAction\":[{\"@type\":\"ReadAction\",\"target\":[\"https:\\\/\\\/fuentesfidedignas.com.mx\\\/index.php\\\/2023\\\/05\\\/30\\\/el-pt-abandona-a-su-candidato-en-coahuila-y-tambien-declina-en-favor-de-morena\\\/\"]}]},{\"@type\":\"ImageObject\",\"inLanguage\":\"es\",\"@id\":\"https:\\\/\\\/fuentesfidedignas.com.mx\\\/index.php\\\/2023\\\/05\\\/30\\\/el-pt-abandona-a-su-candidato-en-coahuila-y-tambien-declina-en-favor-de-morena\\\/#primaryimage\",\"url\":\"https:\\\/\\\/fuentesfidedignas.com.mx\\\/wp-content\\\/uploads\\\/2023\\\/05\\\/pt-morena-coahuila.jpg\",\"contentUrl\":\"https:\\\/\\\/fuentesfidedignas.com.mx\\\/wp-content\\\/uploads\\\/2023\\\/05\\\/pt-morena-coahuila.jpg\",\"width\":600,\"height\":351},{\"@type\":\"BreadcrumbList\",\"@id\":\"https:\\\/\\\/fuentesfidedignas.com.mx\\\/index.php\\\/2023\\\/05\\\/30\\\/el-pt-abandona-a-su-candidato-en-coahuila-y-tambien-declina-en-favor-de-morena\\\/#breadcrumb\",\"itemListElement\":[{\"@type\":\"ListItem\",\"position\":1,\"name\":\"Inicio\",\"item\":\"https:\\\/\\\/fuentesfidedignas.com.mx\\\/\"},{\"@type\":\"ListItem\",\"position\":2,\"name\":\"El PT abandona a su candidato en Coahuila y tambi\u00e9n declina en favor de Morena\"}]},{\"@type\":\"WebSite\",\"@id\":\"https:\\\/\\\/fuentesfidedignas.com.mx\\\/#website\",\"url\":\"https:\\\/\\\/fuentesfidedignas.com.mx\\\/\",\"name\":\"Fuentes Fidedignas\",\"description\":\"Otro sitio realizado con WordPress\",\"publisher\":{\"@id\":\"https:\\\/\\\/fuentesfidedignas.com.mx\\\/#organization\"},\"potentialAction\":[{\"@type\":\"SearchAction\",\"target\":{\"@type\":\"EntryPoint\",\"urlTemplate\":\"https:\\\/\\\/fuentesfidedignas.com.mx\\\/?s={search_term_string}\"},\"query-input\":{\"@type\":\"PropertyValueSpecification\",\"valueRequired\":true,\"valueName\":\"search_term_string\"}}],\"inLanguage\":\"es\"},{\"@type\":\"Organization\",\"@id\":\"https:\\\/\\\/fuentesfidedignas.com.mx\\\/#organization\",\"name\":\"Fuentes Fidedignas\",\"url\":\"https:\\\/\\\/fuentesfidedignas.com.mx\\\/\",\"logo\":{\"@type\":\"ImageObject\",\"inLanguage\":\"es\",\"@id\":\"https:\\\/\\\/fuentesfidedignas.com.mx\\\/#\\\/schema\\\/logo\\\/image\\\/\",\"url\":\"https:\\\/\\\/fuentesfidedignas.com.mx\\\/wp-content\\\/uploads\\\/2021\\\/04\\\/logo-retina.png\",\"contentUrl\":\"https:\\\/\\\/fuentesfidedignas.com.mx\\\/wp-content\\\/uploads\\\/2021\\\/04\\\/logo-retina.png\",\"width\":280,\"height\":51,\"caption\":\"Fuentes Fidedignas\"},\"image\":{\"@id\":\"https:\\\/\\\/fuentesfidedignas.com.mx\\\/#\\\/schema\\\/logo\\\/image\\\/\"},\"sameAs\":[\"https:\\\/\\\/www.facebook.com\\\/Fuentes-Fidedignas-368234489921644\",\"https:\\\/\\\/x.com\\\/fidedignas\"]},{\"@type\":\"Person\",\"@id\":\"https:\\\/\\\/fuentesfidedignas.com.mx\\\/#\\\/schema\\\/person\\\/67d852f0557c8509146a4b9ddebd543a\",\"name\":\"L\u00f3pez D\u00f3riga\",\"image\":{\"@type\":\"ImageObject\",\"inLanguage\":\"es\",\"@id\":\"https:\\\/\\\/secure.gravatar.com\\\/avatar\\\/e525b06574ca18b33cded59dfe5778d6c823b9513154eff47da551b0551bdd1e?s=96&d=mm&r=g\",\"url\":\"https:\\\/\\\/secure.gravatar.com\\\/avatar\\\/e525b06574ca18b33cded59dfe5778d6c823b9513154eff47da551b0551bdd1e?s=96&d=mm&r=g\",\"contentUrl\":\"https:\\\/\\\/secure.gravatar.com\\\/avatar\\\/e525b06574ca18b33cded59dfe5778d6c823b9513154eff47da551b0551bdd1e?s=96&d=mm&r=g\",\"caption\":\"L\u00f3pez D\u00f3riga\"},\"url\":\"https:\\\/\\\/fuentesfidedignas.com.mx\\\/index.php\\\/author\\\/doriga\\\/\"}]}<\/script>\n<!-- \/ Yoast SEO plugin. -->","yoast_head_json":{"title":"El PT abandona a su candidato en Coahuila y tambi\u00e9n declina en favor de Morena - Fuentes Fidedignas","robots":{"index":"index","follow":"follow","max-snippet":"max-snippet:-1","max-image-preview":"max-image-preview:large","max-video-preview":"max-video-preview:-1"},"canonical":"https:\/\/fuentesfidedignas.com.mx\/index.php\/2023\/05\/30\/el-pt-abandona-a-su-candidato-en-coahuila-y-tambien-declina-en-favor-de-morena\/","og_locale":"es_MX","og_type":"article","og_title":"El PT abandona a su candidato en Coahuila y tambi\u00e9n declina en favor de Morena - Fuentes Fidedignas","og_description":"El PT confirm\u00f3 que declina a favor de Morena en Coahuila con la finalidad de garantizar la unidad de la alianza Juntos haremos historia en el 2024 Coahuila.- El\u00a0Partido del Trabajo\u00a0(PT) confirm\u00f3 que declina a favor de Morena en Coahuila, esto con la finalidad de garantizar la unidad de la alianza Juntos haremos historia en [&hellip;]","og_url":"https:\/\/fuentesfidedignas.com.mx\/index.php\/2023\/05\/30\/el-pt-abandona-a-su-candidato-en-coahuila-y-tambien-declina-en-favor-de-morena\/","og_site_name":"Fuentes Fidedignas","article_publisher":"https:\/\/www.facebook.com\/Fuentes-Fidedignas-368234489921644","article_published_time":"2023-05-30T20:16:03+00:00","article_modified_time":"2023-05-30T20:16:05+00:00","og_image":[{"width":600,"height":351,"url":"https:\/\/fuentesfidedignas.com.mx\/wp-content\/uploads\/2023\/05\/pt-morena-coahuila.jpg","type":"image\/jpeg"}],"author":"L\u00f3pez D\u00f3riga","twitter_card":"summary_large_image","twitter_creator":"@fidedignas","twitter_site":"@fidedignas","twitter_misc":{"Escrito por":"L\u00f3pez D\u00f3riga","Tiempo de lectura":"2 minutos"},"schema":{"@context":"https:\/\/schema.org","@graph":[{"@type":"Article","@id":"https:\/\/fuentesfidedignas.com.mx\/index.php\/2023\/05\/30\/el-pt-abandona-a-su-candidato-en-coahuila-y-tambien-declina-en-favor-de-morena\/#article","isPartOf":{"@id":"https:\/\/fuentesfidedignas.com.mx\/index.php\/2023\/05\/30\/el-pt-abandona-a-su-candidato-en-coahuila-y-tambien-declina-en-favor-de-morena\/"},"author":{"name":"L\u00f3pez D\u00f3riga","@id":"https:\/\/fuentesfidedignas.com.mx\/#\/schema\/person\/67d852f0557c8509146a4b9ddebd543a"},"headline":"El PT abandona a su candidato en Coahuila y tambi\u00e9n declina en favor de Morena","datePublished":"2023-05-30T20:16:03+00:00","dateModified":"2023-05-30T20:16:05+00:00","mainEntityOfPage":{"@id":"https:\/\/fuentesfidedignas.com.mx\/index.php\/2023\/05\/30\/el-pt-abandona-a-su-candidato-en-coahuila-y-tambien-declina-en-favor-de-morena\/"},"wordCount":535,"commentCount":0,"publisher":{"@id":"https:\/\/fuentesfidedignas.com.mx\/#organization"},"image":{"@id":"https:\/\/fuentesfidedignas.com.mx\/index.php\/2023\/05\/30\/el-pt-abandona-a-su-candidato-en-coahuila-y-tambien-declina-en-favor-de-morena\/#primaryimage"},"thumbnailUrl":"https:\/\/fuentesfidedignas.com.mx\/wp-content\/uploads\/2023\/05\/pt-morena-coahuila.jpg","articleSection":["NOTICIAS NACIONALES"],"inLanguage":"es","potentialAction":[{"@type":"CommentAction","name":"Comment","target":["https:\/\/fuentesfidedignas.com.mx\/index.php\/2023\/05\/30\/el-pt-abandona-a-su-candidato-en-coahuila-y-tambien-declina-en-favor-de-morena\/#respond"]}]},{"@type":"WebPage","@id":"https:\/\/fuentesfidedignas.com.mx\/index.php\/2023\/05\/30\/el-pt-abandona-a-su-candidato-en-coahuila-y-tambien-declina-en-favor-de-morena\/","url":"https:\/\/fuentesfidedignas.com.mx\/index.php\/2023\/05\/30\/el-pt-abandona-a-su-candidato-en-coahuila-y-tambien-declina-en-favor-de-morena\/","name":"El PT abandona a su candidato en Coahuila y tambi\u00e9n declina en favor de Morena - Fuentes Fidedignas","isPartOf":{"@id":"https:\/\/fuentesfidedignas.com.mx\/#website"},"primaryImageOfPage":{"@id":"https:\/\/fuentesfidedignas.com.mx\/index.php\/2023\/05\/30\/el-pt-abandona-a-su-candidato-en-coahuila-y-tambien-declina-en-favor-de-morena\/#primaryimage"},"image":{"@id":"https:\/\/fuentesfidedignas.com.mx\/index.php\/2023\/05\/30\/el-pt-abandona-a-su-candidato-en-coahuila-y-tambien-declina-en-favor-de-morena\/#primaryimage"},"thumbnailUrl":"https:\/\/fuentesfidedignas.com.mx\/wp-content\/uploads\/2023\/05\/pt-morena-coahuila.jpg","datePublished":"2023-05-30T20:16:03+00:00","dateModified":"2023-05-30T20:16:05+00:00","breadcrumb":{"@id":"https:\/\/fuentesfidedignas.com.mx\/index.php\/2023\/05\/30\/el-pt-abandona-a-su-candidato-en-coahuila-y-tambien-declina-en-favor-de-morena\/#breadcrumb"},"inLanguage":"es","potentialAction":[{"@type":"ReadAction","target":["https:\/\/fuentesfidedignas.com.mx\/index.php\/2023\/05\/30\/el-pt-abandona-a-su-candidato-en-coahuila-y-tambien-declina-en-favor-de-morena\/"]}]},{"@type":"ImageObject","inLanguage":"es","@id":"https:\/\/fuentesfidedignas.com.mx\/index.php\/2023\/05\/30\/el-pt-abandona-a-su-candidato-en-coahuila-y-tambien-declina-en-favor-de-morena\/#primaryimage","url":"https:\/\/fuentesfidedignas.com.mx\/wp-content\/uploads\/2023\/05\/pt-morena-coahuila.jpg","contentUrl":"https:\/\/fuentesfidedignas.com.mx\/wp-content\/uploads\/2023\/05\/pt-morena-coahuila.jpg","width":600,"height":351},{"@type":"BreadcrumbList","@id":"https:\/\/fuentesfidedignas.com.mx\/index.php\/2023\/05\/30\/el-pt-abandona-a-su-candidato-en-coahuila-y-tambien-declina-en-favor-de-morena\/#breadcrumb","itemListElement":[{"@type":"ListItem","position":1,"name":"Inicio","item":"https:\/\/fuentesfidedignas.com.mx\/"},{"@type":"ListItem","position":2,"name":"El PT abandona a su candidato en Coahuila y tambi\u00e9n declina en favor de Morena"}]},{"@type":"WebSite","@id":"https:\/\/fuentesfidedignas.com.mx\/#website","url":"https:\/\/fuentesfidedignas.com.mx\/","name":"Fuentes Fidedignas","description":"Otro sitio realizado con WordPress","publisher":{"@id":"https:\/\/fuentesfidedignas.com.mx\/#organization"},"potentialAction":[{"@type":"SearchAction","target":{"@type":"EntryPoint","urlTemplate":"https:\/\/fuentesfidedignas.com.mx\/?s={search_term_string}"},"query-input":{"@type":"PropertyValueSpecification","valueRequired":true,"valueName":"search_term_string"}}],"inLanguage":"es"},{"@type":"Organization","@id":"https:\/\/fuentesfidedignas.com.mx\/#organization","name":"Fuentes Fidedignas","url":"https:\/\/fuentesfidedignas.com.mx\/","logo":{"@type":"ImageObject","inLanguage":"es","@id":"https:\/\/fuentesfidedignas.com.mx\/#\/schema\/logo\/image\/","url":"https:\/\/fuentesfidedignas.com.mx\/wp-content\/uploads\/2021\/04\/logo-retina.png","contentUrl":"https:\/\/fuentesfidedignas.com.mx\/wp-content\/uploads\/2021\/04\/logo-retina.png","width":280,"height":51,"caption":"Fuentes Fidedignas"},"image":{"@id":"https:\/\/fuentesfidedignas.com.mx\/#\/schema\/logo\/image\/"},"sameAs":["https:\/\/www.facebook.com\/Fuentes-Fidedignas-368234489921644","https:\/\/x.com\/fidedignas"]},{"@type":"Person","@id":"https:\/\/fuentesfidedignas.com.mx\/#\/schema\/person\/67d852f0557c8509146a4b9ddebd543a","name":"L\u00f3pez D\u00f3riga","image":{"@type":"ImageObject","inLanguage":"es","@id":"https:\/\/secure.gravatar.com\/avatar\/e525b06574ca18b33cded59dfe5778d6c823b9513154eff47da551b0551bdd1e?s=96&d=mm&r=g","url":"https:\/\/secure.gravatar.com\/avatar\/e525b06574ca18b33cded59dfe5778d6c823b9513154eff47da551b0551bdd1e?s=96&d=mm&r=g","contentUrl":"https:\/\/secure.gravatar.com\/avatar\/e525b06574ca18b33cded59dfe5778d6c823b9513154eff47da551b0551bdd1e?s=96&d=mm&r=g","caption":"L\u00f3pez D\u00f3riga"},"url":"https:\/\/fuentesfidedignas.com.mx\/index.php\/author\/doriga\/"}]}},"_links":{"self":[{"href":"https:\/\/fuentesfidedignas.com.mx\/index.php\/wp-json\/wp\/v2\/posts\/48490","targetHints":{"allow":["GET"]}}],"collection":[{"href":"https:\/\/fuentesfidedignas.com.mx\/index.php\/wp-json\/wp\/v2\/posts"}],"about":[{"href":"https:\/\/fuentesfidedignas.com.mx\/index.php\/wp-json\/wp\/v2\/types\/post"}],"author":[{"embeddable":true,"href":"https:\/\/fuentesfidedignas.com.mx\/index.php\/wp-json\/wp\/v2\/users\/47"}],"replies":[{"embeddable":true,"href":"https:\/\/fuentesfidedignas.com.mx\/index.php\/wp-json\/wp\/v2\/comments?post=48490"}],"version-history":[{"count":1,"href":"https:\/\/fuentesfidedignas.com.mx\/index.php\/wp-json\/wp\/v2\/posts\/48490\/revisions"}],"predecessor-version":[{"id":48492,"href":"https:\/\/fuentesfidedignas.com.mx\/index.php\/wp-json\/wp\/v2\/posts\/48490\/revisions\/48492"}],"wp:featuredmedia":[{"embeddable":true,"href":"https:\/\/fuentesfidedignas.com.mx\/index.php\/wp-json\/wp\/v2\/media\/48491"}],"wp:attachment":[{"href":"https:\/\/fuentesfidedignas.com.mx\/index.php\/wp-json\/wp\/v2\/media?parent=48490"}],"wp:term":[{"taxonomy":"category","embeddable":true,"href":"https:\/\/fuentesfidedignas.com.mx\/index.php\/wp-json\/wp\/v2\/categories?post=48490"},{"taxonomy":"post_tag","embeddable":true,"href":"https:\/\/fuentesfidedignas.com.mx\/index.php\/wp-json\/wp\/v2\/tags?post=48490"}],"curies":[{"name":"wp","href":"https:\/\/api.w.org\/{rel}","templated":true}]}}